{"id":4828,"date":"2026-03-07T19:18:45","date_gmt":"2026-03-07T22:18:45","guid":{"rendered":"https:\/\/radioportoseguro.com.br\/site\/2026\/03\/07\/atriz-de-hollywood-dedica-sua-carreira-a-deus-apos-conversao-vou-espalhar-a-palavra\/"},"modified":"2026-03-07T19:18:45","modified_gmt":"2026-03-07T22:18:45","slug":"atriz-de-hollywood-dedica-sua-carreira-a-deus-apos-conversao-vou-espalhar-a-palavra","status":"publish","type":"post","link":"https:\/\/radioportoseguro.com.br\/site\/2026\/03\/07\/atriz-de-hollywood-dedica-sua-carreira-a-deus-apos-conversao-vou-espalhar-a-palavra\/","title":{"rendered":"Atriz de Hollywood dedica sua carreira a Deus ap\u00f3s convers\u00e3o: &#8216;Vou espalhar a Palavra&#8217;"},"content":{"rendered":"<p><br \/>\n<br \/><\/p>\n<div>\n<p><span style=\"font-weight: 400;\">A atriz <\/span><span style=\"color: #993300;\"><strong>Danica McKellar<\/strong><\/span><span style=\"font-weight: 400;\"> voltou a falar sobre seu relacionamento com Deus durante um evento crist\u00e3o nos Estados Unidos e afirmou que a transforma\u00e7\u00e3o mais significativa de sua vida aconteceu fora das telas.<\/span><\/p>\n<p><span style=\"font-weight: 400;\">Desde que se converteu h\u00e1 cerca de tr\u00eas anos, Danica tem experimentado um novo tempo em sua vida pessoal e profissional.\u00a0<\/span><\/p>\n<p><span style=\"font-weight: 400;\">Danica alcan\u00e7ou a fama pela primeira vez aos 12 anos. Nas d\u00e9cadas seguintes, a atriz construiu uma carreira s\u00f3lida na televis\u00e3o e no cinema dos EUA. Por\u00e9m, nos \u00faltimos anos, seu foco profissional tem se voltado para conte\u00fado crist\u00e3o.\u00a0<\/span><\/p>\n<p><span style=\"font-weight: 400;\">No Movieguide Awards, premia\u00e7\u00e3o anual que reconhece produ\u00e7\u00f5es com valores familiares e inspiradores, especialmente ligados \u00e0 f\u00e9 crist\u00e3, Danica recebeu uma indica\u00e7\u00e3o por sua atua\u00e7\u00e3o em \u201cHave We Met This Christmas?\u201d (\u201c<\/span><em><span style=\"font-weight: 400;\">J\u00e1 nos encontramos neste Natal?<\/span><\/em><span style=\"font-weight: 400;\">\u201d), seu 12\u00ba filme natalino e sua estreia como roteirista.<\/span><\/p>\n<p><span style=\"font-weight: 400;\">O filme narra a hist\u00f3ria de uma executiva do ramo imobili\u00e1rio que perde a mem\u00f3ria ap\u00f3s um acidente de carro e busca ref\u00fagio em uma pousada de uma pequena cidade, onde acaba se apaixonando pelo filho da propriet\u00e1ria.<\/span><\/p>\n<p><span style=\"font-weight: 400;\">\u201cMinha jornada de f\u00e9 \u00e9 relativamente recente, tem apenas tr\u00eas anos e meio. Como escrevi o filme pelo qual fui indicada esta noite, estou recebendo esta oportunidade. Deus est\u00e1 dizendo: &#8216;Todas essas novas descobertas que voc\u00ea est\u00e1 fazendo em nosso novo relacionamento \u2014 vamos us\u00e1-las em seus filmes. <\/span><span style=\"color: #993300;\"><strong>Vamos espalhar a Palavra<\/strong><\/span><span style=\"font-weight: 400;\">. Vamos us\u00e1-las em suas redes sociais. Use essas coisas para ajudar a tornar o mundo um lugar melhor\u2019. Ent\u00e3o, estou ouvindo a orienta\u00e7\u00e3o de Deus sobre como fazer isso\u201d, afirmou ela.<\/span><\/p>\n<p><span style=\"font-weight: 400;\">Para ela, o crescente interesse em filmes e s\u00e9ries crist\u00e3os reflete uma fome cultural mais profunda:<\/span><\/p>\n<p><span style=\"font-weight: 400;\">\u201cAcredito que existe um p\u00fablico inteiro ansiando por esse tipo de conte\u00fado. O resto do entretenimento seguiu uma dire\u00e7\u00e3o t\u00e3o diferente que muitas pessoas est\u00e3o dizendo: &#8216;Quero assistir a algo com a minha fam\u00edlia que nos fa\u00e7a sentir bem depois e que n\u00e3o nos deixe com m\u00e1s lembran\u00e7as&#8217;. E n\u00f3s podemos oferecer isso\u201d.<\/span><\/p>\n<p><strong>Confian\u00e7a em Deus<\/strong><\/p>\n<p><span style=\"font-weight: 400;\">Antes de se render a Cristo, Danica enfrentava a press\u00e3o de querer controlar os resultados, o que lhe causava estresse e ansiedade.<\/span><\/p>\n<p><span style=\"font-weight: 400;\">\u201cO que descobri \u00e9 que confiar em Deus n\u00e3o significa deixar de trabalhar duro, fazer tudo o que foi planejado. Significa confiar em Deus e n\u00e3o se preocupar com todos os detalhes que voc\u00ea j\u00e1 planejou. Planejo e depois entrego tudo nas m\u00e3os do Senhor\u201d, afirmou ela.<\/span><\/p>\n<p><span style=\"font-weight: 400;\">Danica destacou que confiar em Deus \u00e9 \u201cmais f\u00e1cil de dizer do que fazer\u201d, mas seguir a dire\u00e7\u00e3o do Senhor a levou \u00e0 maior e mais significativa mudan\u00e7a em sua vida. Hoje, a atriz disse que v\u00ea seu trabalho como uma extens\u00e3o de sua f\u00e9.<\/span><\/p>\n<p><span style=\"font-weight: 400;\">\u201cEssa \u00e9 a maior diferen\u00e7a que notei. Tenho muito mais paz em meio a tudo isso. \u00c9 como me sinto dentro da minha cabe\u00e7a e dentro do meu corpo. Isso \u00e9 o que mais mudou\u201d, concluiu.<\/span><\/p>\n<\/div>\n<p><br \/>\n<br \/>Fonte: Guiame <\/p>\n","protected":false},"excerpt":{"rendered":"<p>A atriz Danica McKellar voltou a falar sobre seu relacionamento com Deus durante um evento crist\u00e3o nos Estados Unidos e afirmou que a transforma\u00e7\u00e3o mais significativa de sua vida aconteceu fora das telas. Desde que se converteu h\u00e1 cerca de tr\u00eas anos, Danica tem experimentado um novo tempo em sua vida pessoal e profissional.\u00a0 Danica [&hellip;]<\/p>\n","protected":false},"author":1,"featured_media":4829,"comment_status":"","ping_status":"open","sticky":false,"template":"","format":"standard","meta":{"footnotes":""},"categories":[43],"tags":[],"class_list":["post-4828","post","type-post","status-publish","format-standard","has-post-thumbnail","hentry","category-destaques"],"yoast_head":"<!-- This site is optimized with the Yoast SEO plugin v26.8 - https:\/\/yoast.com\/product\/yoast-seo-wordpress\/ -->\n<title>Atriz de Hollywood dedica sua carreira a Deus ap\u00f3s convers\u00e3o: &#039;Vou espalhar a Palavra&#039; - R\u00e1dio Porto Seguro<\/title>\n<meta name=\"robots\" content=\"index, follow, max-snippet:-1, max-image-preview:large, max-video-preview:-1\" \/>\n<link rel=\"canonical\" href=\"https:\/\/radioportoseguro.com.br\/site\/2026\/03\/07\/atriz-de-hollywood-dedica-sua-carreira-a-deus-apos-conversao-vou-espalhar-a-palavra\/\" \/>\n<meta property=\"og:locale\" content=\"pt_BR\" \/>\n<meta property=\"og:type\" content=\"article\" \/>\n<meta property=\"og:title\" content=\"Atriz de Hollywood dedica sua carreira a Deus ap\u00f3s convers\u00e3o: &#039;Vou espalhar a Palavra&#039; - R\u00e1dio Porto Seguro\" \/>\n<meta property=\"og:description\" content=\"A atriz Danica McKellar voltou a falar sobre seu relacionamento com Deus durante um evento crist\u00e3o nos Estados Unidos e afirmou que a transforma\u00e7\u00e3o mais significativa de sua vida aconteceu fora das telas. Desde que se converteu h\u00e1 cerca de tr\u00eas anos, Danica tem experimentado um novo tempo em sua vida pessoal e profissional.\u00a0 Danica [&hellip;]\" \/>\n<meta property=\"og:url\" content=\"https:\/\/radioportoseguro.com.br\/site\/2026\/03\/07\/atriz-de-hollywood-dedica-sua-carreira-a-deus-apos-conversao-vou-espalhar-a-palavra\/\" \/>\n<meta property=\"og:site_name\" content=\"R\u00e1dio Porto Seguro\" \/>\n<meta property=\"article:published_time\" content=\"2026-03-07T22:18:45+00:00\" \/>\n<meta property=\"og:image\" content=\"https:\/\/media.guiame.com.br\/archives\/2026\/03\/05\/4177004203-danica-mckellar.png\" \/>\n<meta name=\"author\" content=\"admin\" \/>\n<meta name=\"twitter:card\" content=\"summary_large_image\" \/>\n<meta name=\"twitter:label1\" content=\"Escrito por\" \/>\n\t<meta name=\"twitter:data1\" content=\"admin\" \/>\n\t<meta name=\"twitter:label2\" content=\"Est. tempo de leitura\" \/>\n\t<meta name=\"twitter:data2\" content=\"3 minutos\" \/>\n<script type=\"application\/ld+json\" class=\"yoast-schema-graph\">{\"@context\":\"https:\/\/schema.org\",\"@graph\":[{\"@type\":\"Article\",\"@id\":\"https:\/\/radioportoseguro.com.br\/site\/2026\/03\/07\/atriz-de-hollywood-dedica-sua-carreira-a-deus-apos-conversao-vou-espalhar-a-palavra\/#article\",\"isPartOf\":{\"@id\":\"https:\/\/radioportoseguro.com.br\/site\/2026\/03\/07\/atriz-de-hollywood-dedica-sua-carreira-a-deus-apos-conversao-vou-espalhar-a-palavra\/\"},\"author\":{\"name\":\"admin\",\"@id\":\"https:\/\/radioportoseguro.com.br\/site\/#\/schema\/person\/7630acdc320186f13639d3c067ec089b\"},\"headline\":\"Atriz de Hollywood dedica sua carreira a Deus ap\u00f3s convers\u00e3o: &#8216;Vou espalhar a Palavra&#8217;\",\"datePublished\":\"2026-03-07T22:18:45+00:00\",\"mainEntityOfPage\":{\"@id\":\"https:\/\/radioportoseguro.com.br\/site\/2026\/03\/07\/atriz-de-hollywood-dedica-sua-carreira-a-deus-apos-conversao-vou-espalhar-a-palavra\/\"},\"wordCount\":539,\"image\":{\"@id\":\"https:\/\/radioportoseguro.com.br\/site\/2026\/03\/07\/atriz-de-hollywood-dedica-sua-carreira-a-deus-apos-conversao-vou-espalhar-a-palavra\/#primaryimage\"},\"thumbnailUrl\":\"https:\/\/radioportoseguro.com.br\/site\/wp-content\/uploads\/2026\/03\/4177004203-danica-mckellar.png\",\"articleSection\":[\"Destaques\"],\"inLanguage\":\"pt-BR\"},{\"@type\":\"WebPage\",\"@id\":\"https:\/\/radioportoseguro.com.br\/site\/2026\/03\/07\/atriz-de-hollywood-dedica-sua-carreira-a-deus-apos-conversao-vou-espalhar-a-palavra\/\",\"url\":\"https:\/\/radioportoseguro.com.br\/site\/2026\/03\/07\/atriz-de-hollywood-dedica-sua-carreira-a-deus-apos-conversao-vou-espalhar-a-palavra\/\",\"name\":\"Atriz de Hollywood dedica sua carreira a Deus ap\u00f3s convers\u00e3o: 'Vou espalhar a Palavra' - R\u00e1dio Porto Seguro\",\"isPartOf\":{\"@id\":\"https:\/\/radioportoseguro.com.br\/site\/#website\"},\"primaryImageOfPage\":{\"@id\":\"https:\/\/radioportoseguro.com.br\/site\/2026\/03\/07\/atriz-de-hollywood-dedica-sua-carreira-a-deus-apos-conversao-vou-espalhar-a-palavra\/#primaryimage\"},\"image\":{\"@id\":\"https:\/\/radioportoseguro.com.br\/site\/2026\/03\/07\/atriz-de-hollywood-dedica-sua-carreira-a-deus-apos-conversao-vou-espalhar-a-palavra\/#primaryimage\"},\"thumbnailUrl\":\"https:\/\/radioportoseguro.com.br\/site\/wp-content\/uploads\/2026\/03\/4177004203-danica-mckellar.png\",\"datePublished\":\"2026-03-07T22:18:45+00:00\",\"author\":{\"@id\":\"https:\/\/radioportoseguro.com.br\/site\/#\/schema\/person\/7630acdc320186f13639d3c067ec089b\"},\"breadcrumb\":{\"@id\":\"https:\/\/radioportoseguro.com.br\/site\/2026\/03\/07\/atriz-de-hollywood-dedica-sua-carreira-a-deus-apos-conversao-vou-espalhar-a-palavra\/#breadcrumb\"},\"inLanguage\":\"pt-BR\",\"potentialAction\":[{\"@type\":\"ReadAction\",\"target\":[\"https:\/\/radioportoseguro.com.br\/site\/2026\/03\/07\/atriz-de-hollywood-dedica-sua-carreira-a-deus-apos-conversao-vou-espalhar-a-palavra\/\"]}]},{\"@type\":\"ImageObject\",\"inLanguage\":\"pt-BR\",\"@id\":\"https:\/\/radioportoseguro.com.br\/site\/2026\/03\/07\/atriz-de-hollywood-dedica-sua-carreira-a-deus-apos-conversao-vou-espalhar-a-palavra\/#primaryimage\",\"url\":\"https:\/\/radioportoseguro.com.br\/site\/wp-content\/uploads\/2026\/03\/4177004203-danica-mckellar.png\",\"contentUrl\":\"https:\/\/radioportoseguro.com.br\/site\/wp-content\/uploads\/2026\/03\/4177004203-danica-mckellar.png\",\"width\":1200,\"height\":600},{\"@type\":\"BreadcrumbList\",\"@id\":\"https:\/\/radioportoseguro.com.br\/site\/2026\/03\/07\/atriz-de-hollywood-dedica-sua-carreira-a-deus-apos-conversao-vou-espalhar-a-palavra\/#breadcrumb\",\"itemListElement\":[{\"@type\":\"ListItem\",\"position\":1,\"name\":\"In\u00edcio\",\"item\":\"https:\/\/radioportoseguro.com.br\/site\/\"},{\"@type\":\"ListItem\",\"position\":2,\"name\":\"Atriz de Hollywood dedica sua carreira a Deus ap\u00f3s convers\u00e3o: &#8216;Vou espalhar a Palavra&#8217;\"}]},{\"@type\":\"WebSite\",\"@id\":\"https:\/\/radioportoseguro.com.br\/site\/#website\",\"url\":\"https:\/\/radioportoseguro.com.br\/site\/\",\"name\":\"R\u00e1dio Porto Seguro\",\"description\":\"\",\"potentialAction\":[{\"@type\":\"SearchAction\",\"target\":{\"@type\":\"EntryPoint\",\"urlTemplate\":\"https:\/\/radioportoseguro.com.br\/site\/?s={search_term_string}\"},\"query-input\":{\"@type\":\"PropertyValueSpecification\",\"valueRequired\":true,\"valueName\":\"search_term_string\"}}],\"inLanguage\":\"pt-BR\"},{\"@type\":\"Person\",\"@id\":\"https:\/\/radioportoseguro.com.br\/site\/#\/schema\/person\/7630acdc320186f13639d3c067ec089b\",\"name\":\"admin\",\"image\":{\"@type\":\"ImageObject\",\"inLanguage\":\"pt-BR\",\"@id\":\"https:\/\/radioportoseguro.com.br\/site\/#\/schema\/person\/image\/\",\"url\":\"https:\/\/secure.gravatar.com\/avatar\/caacf4dc1eedb68fab0df8e1ed46c448e578b2466351bbcb61e47d2ac0caaef0?s=96&d=mm&r=g\",\"contentUrl\":\"https:\/\/secure.gravatar.com\/avatar\/caacf4dc1eedb68fab0df8e1ed46c448e578b2466351bbcb61e47d2ac0caaef0?s=96&d=mm&r=g\",\"caption\":\"admin\"},\"sameAs\":[\"https:\/\/radioportoseguro.com.br\/site\"],\"url\":\"https:\/\/radioportoseguro.com.br\/site\/author\/hezio\/\"}]}<\/script>\n<!-- \/ Yoast SEO plugin. -->","yoast_head_json":{"title":"Atriz de Hollywood dedica sua carreira a Deus ap\u00f3s convers\u00e3o: 'Vou espalhar a Palavra' - R\u00e1dio Porto Seguro","robots":{"index":"index","follow":"follow","max-snippet":"max-snippet:-1","max-image-preview":"max-image-preview:large","max-video-preview":"max-video-preview:-1"},"canonical":"https:\/\/radioportoseguro.com.br\/site\/2026\/03\/07\/atriz-de-hollywood-dedica-sua-carreira-a-deus-apos-conversao-vou-espalhar-a-palavra\/","og_locale":"pt_BR","og_type":"article","og_title":"Atriz de Hollywood dedica sua carreira a Deus ap\u00f3s convers\u00e3o: 'Vou espalhar a Palavra' - R\u00e1dio Porto Seguro","og_description":"A atriz Danica McKellar voltou a falar sobre seu relacionamento com Deus durante um evento crist\u00e3o nos Estados Unidos e afirmou que a transforma\u00e7\u00e3o mais significativa de sua vida aconteceu fora das telas. Desde que se converteu h\u00e1 cerca de tr\u00eas anos, Danica tem experimentado um novo tempo em sua vida pessoal e profissional.\u00a0 Danica [&hellip;]","og_url":"https:\/\/radioportoseguro.com.br\/site\/2026\/03\/07\/atriz-de-hollywood-dedica-sua-carreira-a-deus-apos-conversao-vou-espalhar-a-palavra\/","og_site_name":"R\u00e1dio Porto Seguro","article_published_time":"2026-03-07T22:18:45+00:00","og_image":[{"url":"https:\/\/media.guiame.com.br\/archives\/2026\/03\/05\/4177004203-danica-mckellar.png","type":"","width":"","height":""}],"author":"admin","twitter_card":"summary_large_image","twitter_misc":{"Escrito por":"admin","Est. tempo de leitura":"3 minutos"},"schema":{"@context":"https:\/\/schema.org","@graph":[{"@type":"Article","@id":"https:\/\/radioportoseguro.com.br\/site\/2026\/03\/07\/atriz-de-hollywood-dedica-sua-carreira-a-deus-apos-conversao-vou-espalhar-a-palavra\/#article","isPartOf":{"@id":"https:\/\/radioportoseguro.com.br\/site\/2026\/03\/07\/atriz-de-hollywood-dedica-sua-carreira-a-deus-apos-conversao-vou-espalhar-a-palavra\/"},"author":{"name":"admin","@id":"https:\/\/radioportoseguro.com.br\/site\/#\/schema\/person\/7630acdc320186f13639d3c067ec089b"},"headline":"Atriz de Hollywood dedica sua carreira a Deus ap\u00f3s convers\u00e3o: &#8216;Vou espalhar a Palavra&#8217;","datePublished":"2026-03-07T22:18:45+00:00","mainEntityOfPage":{"@id":"https:\/\/radioportoseguro.com.br\/site\/2026\/03\/07\/atriz-de-hollywood-dedica-sua-carreira-a-deus-apos-conversao-vou-espalhar-a-palavra\/"},"wordCount":539,"image":{"@id":"https:\/\/radioportoseguro.com.br\/site\/2026\/03\/07\/atriz-de-hollywood-dedica-sua-carreira-a-deus-apos-conversao-vou-espalhar-a-palavra\/#primaryimage"},"thumbnailUrl":"https:\/\/radioportoseguro.com.br\/site\/wp-content\/uploads\/2026\/03\/4177004203-danica-mckellar.png","articleSection":["Destaques"],"inLanguage":"pt-BR"},{"@type":"WebPage","@id":"https:\/\/radioportoseguro.com.br\/site\/2026\/03\/07\/atriz-de-hollywood-dedica-sua-carreira-a-deus-apos-conversao-vou-espalhar-a-palavra\/","url":"https:\/\/radioportoseguro.com.br\/site\/2026\/03\/07\/atriz-de-hollywood-dedica-sua-carreira-a-deus-apos-conversao-vou-espalhar-a-palavra\/","name":"Atriz de Hollywood dedica sua carreira a Deus ap\u00f3s convers\u00e3o: 'Vou espalhar a Palavra' - R\u00e1dio Porto Seguro","isPartOf":{"@id":"https:\/\/radioportoseguro.com.br\/site\/#website"},"primaryImageOfPage":{"@id":"https:\/\/radioportoseguro.com.br\/site\/2026\/03\/07\/atriz-de-hollywood-dedica-sua-carreira-a-deus-apos-conversao-vou-espalhar-a-palavra\/#primaryimage"},"image":{"@id":"https:\/\/radioportoseguro.com.br\/site\/2026\/03\/07\/atriz-de-hollywood-dedica-sua-carreira-a-deus-apos-conversao-vou-espalhar-a-palavra\/#primaryimage"},"thumbnailUrl":"https:\/\/radioportoseguro.com.br\/site\/wp-content\/uploads\/2026\/03\/4177004203-danica-mckellar.png","datePublished":"2026-03-07T22:18:45+00:00","author":{"@id":"https:\/\/radioportoseguro.com.br\/site\/#\/schema\/person\/7630acdc320186f13639d3c067ec089b"},"breadcrumb":{"@id":"https:\/\/radioportoseguro.com.br\/site\/2026\/03\/07\/atriz-de-hollywood-dedica-sua-carreira-a-deus-apos-conversao-vou-espalhar-a-palavra\/#breadcrumb"},"inLanguage":"pt-BR","potentialAction":[{"@type":"ReadAction","target":["https:\/\/radioportoseguro.com.br\/site\/2026\/03\/07\/atriz-de-hollywood-dedica-sua-carreira-a-deus-apos-conversao-vou-espalhar-a-palavra\/"]}]},{"@type":"ImageObject","inLanguage":"pt-BR","@id":"https:\/\/radioportoseguro.com.br\/site\/2026\/03\/07\/atriz-de-hollywood-dedica-sua-carreira-a-deus-apos-conversao-vou-espalhar-a-palavra\/#primaryimage","url":"https:\/\/radioportoseguro.com.br\/site\/wp-content\/uploads\/2026\/03\/4177004203-danica-mckellar.png","contentUrl":"https:\/\/radioportoseguro.com.br\/site\/wp-content\/uploads\/2026\/03\/4177004203-danica-mckellar.png","width":1200,"height":600},{"@type":"BreadcrumbList","@id":"https:\/\/radioportoseguro.com.br\/site\/2026\/03\/07\/atriz-de-hollywood-dedica-sua-carreira-a-deus-apos-conversao-vou-espalhar-a-palavra\/#breadcrumb","itemListElement":[{"@type":"ListItem","position":1,"name":"In\u00edcio","item":"https:\/\/radioportoseguro.com.br\/site\/"},{"@type":"ListItem","position":2,"name":"Atriz de Hollywood dedica sua carreira a Deus ap\u00f3s convers\u00e3o: &#8216;Vou espalhar a Palavra&#8217;"}]},{"@type":"WebSite","@id":"https:\/\/radioportoseguro.com.br\/site\/#website","url":"https:\/\/radioportoseguro.com.br\/site\/","name":"R\u00e1dio Porto Seguro","description":"","potentialAction":[{"@type":"SearchAction","target":{"@type":"EntryPoint","urlTemplate":"https:\/\/radioportoseguro.com.br\/site\/?s={search_term_string}"},"query-input":{"@type":"PropertyValueSpecification","valueRequired":true,"valueName":"search_term_string"}}],"inLanguage":"pt-BR"},{"@type":"Person","@id":"https:\/\/radioportoseguro.com.br\/site\/#\/schema\/person\/7630acdc320186f13639d3c067ec089b","name":"admin","image":{"@type":"ImageObject","inLanguage":"pt-BR","@id":"https:\/\/radioportoseguro.com.br\/site\/#\/schema\/person\/image\/","url":"https:\/\/secure.gravatar.com\/avatar\/caacf4dc1eedb68fab0df8e1ed46c448e578b2466351bbcb61e47d2ac0caaef0?s=96&d=mm&r=g","contentUrl":"https:\/\/secure.gravatar.com\/avatar\/caacf4dc1eedb68fab0df8e1ed46c448e578b2466351bbcb61e47d2ac0caaef0?s=96&d=mm&r=g","caption":"admin"},"sameAs":["https:\/\/radioportoseguro.com.br\/site"],"url":"https:\/\/radioportoseguro.com.br\/site\/author\/hezio\/"}]}},"_links":{"self":[{"href":"https:\/\/radioportoseguro.com.br\/site\/wp-json\/wp\/v2\/posts\/4828","targetHints":{"allow":["GET"]}}],"collection":[{"href":"https:\/\/radioportoseguro.com.br\/site\/wp-json\/wp\/v2\/posts"}],"about":[{"href":"https:\/\/radioportoseguro.com.br\/site\/wp-json\/wp\/v2\/types\/post"}],"author":[{"embeddable":true,"href":"https:\/\/radioportoseguro.com.br\/site\/wp-json\/wp\/v2\/users\/1"}],"replies":[{"embeddable":true,"href":"https:\/\/radioportoseguro.com.br\/site\/wp-json\/wp\/v2\/comments?post=4828"}],"version-history":[{"count":0,"href":"https:\/\/radioportoseguro.com.br\/site\/wp-json\/wp\/v2\/posts\/4828\/revisions"}],"wp:featuredmedia":[{"embeddable":true,"href":"https:\/\/radioportoseguro.com.br\/site\/wp-json\/wp\/v2\/media\/4829"}],"wp:attachment":[{"href":"https:\/\/radioportoseguro.com.br\/site\/wp-json\/wp\/v2\/media?parent=4828"}],"wp:term":[{"taxonomy":"category","embeddable":true,"href":"https:\/\/radioportoseguro.com.br\/site\/wp-json\/wp\/v2\/categories?post=4828"},{"taxonomy":"post_tag","embeddable":true,"href":"https:\/\/radioportoseguro.com.br\/site\/wp-json\/wp\/v2\/tags?post=4828"}],"curies":[{"name":"wp","href":"https:\/\/api.w.org\/{rel}","templated":true}]}}