{"id":4832,"date":"2026-03-07T23:22:51","date_gmt":"2026-03-08T02:22:51","guid":{"rendered":"https:\/\/radioportoseguro.com.br\/site\/2026\/03\/07\/as-duas-descidas-o-contraste-entre-a-desobediencia-de-jonas-e-a-submissao-de-jeremias\/"},"modified":"2026-03-07T23:22:51","modified_gmt":"2026-03-08T02:22:51","slug":"as-duas-descidas-o-contraste-entre-a-desobediencia-de-jonas-e-a-submissao-de-jeremias","status":"publish","type":"post","link":"https:\/\/radioportoseguro.com.br\/site\/2026\/03\/07\/as-duas-descidas-o-contraste-entre-a-desobediencia-de-jonas-e-a-submissao-de-jeremias\/","title":{"rendered":"As duas descidas: O contraste entre a desobedi\u00eancia de Jonas e a submiss\u00e3o de Jeremias"},"content":{"rendered":"<p><br \/>\n<br \/><\/p>\n<div>\n<p>Amados irm\u00e3os e irm\u00e3s, a narrativa b\u00edblica frequentemente utiliza a geografia e o movimento f\u00edsico para ilustrar realidades espirituais profundas. Na vida dos profetas, o simples ato de caminhar pode revelar a condi\u00e7\u00e3o do cora\u00e7\u00e3o humano diante da soberania divina. Dois exemplos cl\u00e1ssicos e contrastantes dessa din\u00e2mica s\u00e3o encontrados nas hist\u00f3rias de Jonas e Jeremias. Ambos recebem uma palavra do Senhor e ambos realizam um movimento de &#8220;descida&#8221;. No entanto, as motiva\u00e7\u00f5es que impulsionam seus passos e os destinos que alcan\u00e7am s\u00e3o diametralmente opostos, oferecendo-nos uma rica reflex\u00e3o sobre a natureza do chamado prof\u00e9tico.<\/p>\n<p><strong>1. A Descida de Jonas: A Rota da Desobedi\u00eancia <\/strong><\/p>\n<p>O livro de Jonas come\u00e7a com um imperativo divino claro: <em>&#8220;Levanta-te, vai \u00e0 grande cidade de N\u00ednive&#8230;&#8221; <\/em>(Jonas 1:2). Contudo, a resposta do profeta \u00e9 uma rebeli\u00e3o deliberada. O texto b\u00edblico relata que Jonas se levantou, n\u00e3o para obedecer, mas para fugir da presen\u00e7a do Senhor. Ele vai para Jope e <strong>&#8220;desce&#8221; <\/strong>a um navio que ia para T\u00e1rsis.<\/p>\n<p>Neste contexto, a descida de Jonas \u00e9 o retrato geogr\u00e1fico de sua queda espiritual. Movido por preconceito, nacionalismo e discord\u00e2ncia em rela\u00e7\u00e3o \u00e0 miseric\u00f3rdia de Deus para com os ass\u00edrios, Jonas escolhe a contram\u00e3o da vontade divina.<\/p>\n<p>\u00c9 fascinante (e tr\u00e1gico) notar o padr\u00e3o de decl\u00ednio na narrativa:<\/p>\n<p style=\"padding-left: 30px;\">&#8211; Ele <strong>desce <\/strong>a Jope.<\/p>\n<p style=\"padding-left: 30px;\">&#8211; Ele <strong>desce <\/strong>ao por\u00e3o do navio.<\/p>\n<p style=\"padding-left: 30px;\">&#8211; Por fim, ele <strong>desce <\/strong>ao ventre do grande peixe e \u00e0s profundezas do mar.<\/p>\n<p>A desobedi\u00eancia de Jonas n\u00e3o afeta apenas a ele; ela atrai uma tempestade violenta que coloca em risco a vida dos marinheiros ao seu redor. A descida impulsionada pela rebeldia \u00e9 sempre um caminho de isolamento, perda de vis\u00e3o espiritual e caos, tanto para o desobediente quanto para os que o cercam.<\/p>\n<p><strong>2. A Descida de Jeremias: O Caminho da Revela\u00e7\u00e3o<\/strong><\/p>\n<p>Em contraste absoluto, encontramos o profeta Jeremias no cap\u00edtulo 18 de seu livro. A palavra do Senhor vem a ele com uma instru\u00e7\u00e3o peculiar: <em>&#8220;Levanta-te, e <strong>desce <\/strong>\u00e0 casa do oleiro, e l\u00e1 te farei ouvir as minhas palavras&#8221; <\/em>(Jeremias 18:2).<\/p>\n<p>Diferente de Jonas, Jeremias n\u00e3o questiona a ordem, n\u00e3o avalia se o destino \u00e9 nobre o suficiente, nem foge para outra cidade. Ele obedece. A descida de Jeremias n\u00e3o \u00e9 um distanciamento de Deus, mas um ato de submiss\u00e3o e humildade. Ele vai a um local comum, uma oficina de trabalho manual, guiado pela promessa de que ali haveria revela\u00e7\u00e3o.<\/p>\n<p>Por ter obedecido a essa instru\u00e7\u00e3o aparentemente simples de &#8220;descer&#8221;, Jeremias contempla uma das mais belas e profundas li\u00e7\u00f5es teol\u00f3gicas de toda a Escritura: o oleiro trabalhando o barro sobre a roda. Ele v\u00ea o vaso se estragar, mas tamb\u00e9m v\u00ea o oleiro refaz\u00ea-lo conforme a sua vontade. Atrav\u00e9s da sua obedi\u00eancia imediata, Jeremias recebe n\u00e3o apenas uma mensagem para si, mas a revela\u00e7\u00e3o do car\u00e1ter redentor e soberano de Deus para toda a na\u00e7\u00e3o de Israel.<\/p>\n<p><strong>3. O Ponto de Infl<\/strong><\/p>\n<p>A diferen\u00e7a fundamental entre as duas narrativas reside na disposi\u00e7\u00e3o do cora\u00e7\u00e3o perante a voz de Deus:<\/p>\n<p style=\"padding-left: 30px;\">&#8211; Jonas desce para calar a voz de Deus; Jeremias desce para ouvi-la. Jonas paga a pr\u00f3pria passagem para fugir do seu chamado; Jeremias submete seus passos para abra\u00e7\u00e1-lo.<\/p>\n<p style=\"padding-left: 30px;\">&#8211; A descida de Jonas resulta em uma tempestade furiosa; a descida de Jeremias resulta em uma vis\u00e3o de restaura\u00e7\u00e3o e gra\u00e7a.<\/p>\n<p><strong>4. Exorta\u00e7\u00e3o: A Marca Indel\u00e9vel do Profeta <\/strong><\/p>\n<p>\u00c0 luz dessas duas passagens, somos confrontados com a verdadeira ess\u00eancia do minist\u00e9rio prof\u00e9tico e da vida com Deus em geral. A caracter\u00edstica fundamental e inegoci\u00e1vel de um profeta n\u00e3o \u00e9 a eloqu\u00eancia de seus l\u00e1bios, a precis\u00e3o de suas vis\u00f5es, ou a grandiosidade de seus milagres, mas sim a sua inabal\u00e1vel obedi\u00eancia \u00e0 voz do Senhor.<\/p>\n<p>Vivemos em tempos onde o &#8220;sucesso&#8221; ministerial \u00e9 frequentemente medido por influ\u00eancia, alcance ou carisma. No entanto, o tribunal dos c\u00e9us usa uma balan\u00e7a diferente: a submiss\u00e3o. Um profeta desobediente, como Jonas inicialmente foi, torna-se um perigo para o barco em que navega; ele carrega o t\u00edtulo, mas perde a presen\u00e7a. Por outro lado, o profeta obediente, mesmo que chamado a descer a lugares simples ou passar por fornalhas de afli\u00e7\u00e3o como Jeremias, torna-se um canal limpo por onde a revela\u00e7\u00e3o de Deus flui para curar e alertar as na\u00e7\u00f5es.<\/p>\n<p>Que possamos examinar nossos cora\u00e7\u00f5es: Quando a voz de Deus nos chama a &#8220;descer&#8221; \u2014 seja para abrir m\u00e3o do nosso orgulho, perdoar um inimigo, ou ir a um lugar n\u00e3o planejado \u2014, qual tem sido a nossa rota? Estamos comprando passagens para T\u00e1rsis, fugindo do prop\u00f3sito por discordarmos dos m\u00e9todos de Deus? Ou estamos nos dirigindo \u00e0 casa do oleiro, prontos para sermos moldados e para ouvir o que Ele tem a dizer?<\/p>\n<p>A verdadeira marca de um servo de Deus n\u00e3o \u00e9 o qu\u00e3o alto ele consegue pregar, mas o qu\u00e3o r\u00e1pido ele consegue obedecer. Que a nossa descida seja sempre rumo ao centro da vontade do Pai.<\/p>\n<p>\u00a0<\/p>\n<p><strong>Daniel Santos Ramos<\/strong> (@profdanielramos) \u00e9 professor (Portugu\u00eas\/Ingl\u00eas &#8211; SEE-MG, EJA\/EM\/EFII), colunista do Guia-me e professor de Teologia em diversos semin\u00e1rios. Possui Licenciatura em Letras (2024), Bacharelado\/Mestrado em Teologia (2013\/2015) e p\u00f3s-gradua\u00e7\u00e3o em Doc\u00eancia. Autor de 2 livros de Teologia, tem mais de 20 anos de experi\u00eancia ministerial e \u00e9 membro da Assembleia\u00a0de\u00a0Deus\u00a0em\u00a0BH.<\/p>\n<p><em>* O conte\u00fado do texto acima \u00e9 uma colabora\u00e7\u00e3o volunt\u00e1ria, de total responsabilidade do autor e n\u00e3o reflete necessariamente a opini\u00e3o do Portal Guiame.<\/em><\/p>\n<p>Leia o artigo anterior:<span style=\"color: #800000;\"> <strong>A teologia da identidade crist\u00e3 em Joseph Ratzinger<\/strong><\/span><\/p>\n<\/div>\n<p><br \/>\n<br \/>Fonte: Guiame <\/p>\n","protected":false},"excerpt":{"rendered":"<p>Amados irm\u00e3os e irm\u00e3s, a narrativa b\u00edblica frequentemente utiliza a geografia e o movimento f\u00edsico para ilustrar realidades espirituais profundas. Na vida dos profetas, o simples ato de caminhar pode revelar a condi\u00e7\u00e3o do cora\u00e7\u00e3o humano diante da soberania divina. Dois exemplos cl\u00e1ssicos e contrastantes dessa din\u00e2mica s\u00e3o encontrados nas hist\u00f3rias de Jonas e Jeremias. [&hellip;]<\/p>\n","protected":false},"author":1,"featured_media":4833,"comment_status":"","ping_status":"open","sticky":false,"template":"","format":"standard","meta":{"footnotes":""},"categories":[43],"tags":[],"class_list":["post-4832","post","type-post","status-publish","format-standard","has-post-thumbnail","hentry","category-destaques"],"yoast_head":"<!-- This site is optimized with the Yoast SEO plugin v26.8 - https:\/\/yoast.com\/product\/yoast-seo-wordpress\/ -->\n<title>As duas descidas: O contraste entre a desobedi\u00eancia de Jonas e a submiss\u00e3o de Jeremias - R\u00e1dio Porto Seguro<\/title>\n<meta name=\"robots\" content=\"index, follow, max-snippet:-1, max-image-preview:large, max-video-preview:-1\" \/>\n<link rel=\"canonical\" href=\"https:\/\/radioportoseguro.com.br\/site\/2026\/03\/07\/as-duas-descidas-o-contraste-entre-a-desobediencia-de-jonas-e-a-submissao-de-jeremias\/\" \/>\n<meta property=\"og:locale\" content=\"pt_BR\" \/>\n<meta property=\"og:type\" content=\"article\" \/>\n<meta property=\"og:title\" content=\"As duas descidas: O contraste entre a desobedi\u00eancia de Jonas e a submiss\u00e3o de Jeremias - R\u00e1dio Porto Seguro\" \/>\n<meta property=\"og:description\" content=\"Amados irm\u00e3os e irm\u00e3s, a narrativa b\u00edblica frequentemente utiliza a geografia e o movimento f\u00edsico para ilustrar realidades espirituais profundas. Na vida dos profetas, o simples ato de caminhar pode revelar a condi\u00e7\u00e3o do cora\u00e7\u00e3o humano diante da soberania divina. Dois exemplos cl\u00e1ssicos e contrastantes dessa din\u00e2mica s\u00e3o encontrados nas hist\u00f3rias de Jonas e Jeremias. [&hellip;]\" \/>\n<meta property=\"og:url\" content=\"https:\/\/radioportoseguro.com.br\/site\/2026\/03\/07\/as-duas-descidas-o-contraste-entre-a-desobediencia-de-jonas-e-a-submissao-de-jeremias\/\" \/>\n<meta property=\"og:site_name\" content=\"R\u00e1dio Porto Seguro\" \/>\n<meta property=\"article:published_time\" content=\"2026-03-08T02:22:51+00:00\" \/>\n<meta property=\"og:image\" content=\"https:\/\/media.guiame.com.br\/archives\/2026\/03\/05\/510176999-profetas.png\" \/>\n<meta name=\"author\" content=\"admin\" \/>\n<meta name=\"twitter:card\" content=\"summary_large_image\" \/>\n<meta name=\"twitter:label1\" content=\"Escrito por\" \/>\n\t<meta name=\"twitter:data1\" content=\"admin\" \/>\n\t<meta name=\"twitter:label2\" content=\"Est. tempo de leitura\" \/>\n\t<meta name=\"twitter:data2\" content=\"5 minutos\" \/>\n<script type=\"application\/ld+json\" class=\"yoast-schema-graph\">{\"@context\":\"https:\/\/schema.org\",\"@graph\":[{\"@type\":\"Article\",\"@id\":\"https:\/\/radioportoseguro.com.br\/site\/2026\/03\/07\/as-duas-descidas-o-contraste-entre-a-desobediencia-de-jonas-e-a-submissao-de-jeremias\/#article\",\"isPartOf\":{\"@id\":\"https:\/\/radioportoseguro.com.br\/site\/2026\/03\/07\/as-duas-descidas-o-contraste-entre-a-desobediencia-de-jonas-e-a-submissao-de-jeremias\/\"},\"author\":{\"name\":\"admin\",\"@id\":\"https:\/\/radioportoseguro.com.br\/site\/#\/schema\/person\/7630acdc320186f13639d3c067ec089b\"},\"headline\":\"As duas descidas: O contraste entre a desobedi\u00eancia de Jonas e a submiss\u00e3o de Jeremias\",\"datePublished\":\"2026-03-08T02:22:51+00:00\",\"mainEntityOfPage\":{\"@id\":\"https:\/\/radioportoseguro.com.br\/site\/2026\/03\/07\/as-duas-descidas-o-contraste-entre-a-desobediencia-de-jonas-e-a-submissao-de-jeremias\/\"},\"wordCount\":1006,\"image\":{\"@id\":\"https:\/\/radioportoseguro.com.br\/site\/2026\/03\/07\/as-duas-descidas-o-contraste-entre-a-desobediencia-de-jonas-e-a-submissao-de-jeremias\/#primaryimage\"},\"thumbnailUrl\":\"https:\/\/radioportoseguro.com.br\/site\/wp-content\/uploads\/2026\/03\/510176999-profetas.png\",\"articleSection\":[\"Destaques\"],\"inLanguage\":\"pt-BR\"},{\"@type\":\"WebPage\",\"@id\":\"https:\/\/radioportoseguro.com.br\/site\/2026\/03\/07\/as-duas-descidas-o-contraste-entre-a-desobediencia-de-jonas-e-a-submissao-de-jeremias\/\",\"url\":\"https:\/\/radioportoseguro.com.br\/site\/2026\/03\/07\/as-duas-descidas-o-contraste-entre-a-desobediencia-de-jonas-e-a-submissao-de-jeremias\/\",\"name\":\"As duas descidas: O contraste entre a desobedi\u00eancia de Jonas e a submiss\u00e3o de Jeremias - R\u00e1dio Porto Seguro\",\"isPartOf\":{\"@id\":\"https:\/\/radioportoseguro.com.br\/site\/#website\"},\"primaryImageOfPage\":{\"@id\":\"https:\/\/radioportoseguro.com.br\/site\/2026\/03\/07\/as-duas-descidas-o-contraste-entre-a-desobediencia-de-jonas-e-a-submissao-de-jeremias\/#primaryimage\"},\"image\":{\"@id\":\"https:\/\/radioportoseguro.com.br\/site\/2026\/03\/07\/as-duas-descidas-o-contraste-entre-a-desobediencia-de-jonas-e-a-submissao-de-jeremias\/#primaryimage\"},\"thumbnailUrl\":\"https:\/\/radioportoseguro.com.br\/site\/wp-content\/uploads\/2026\/03\/510176999-profetas.png\",\"datePublished\":\"2026-03-08T02:22:51+00:00\",\"author\":{\"@id\":\"https:\/\/radioportoseguro.com.br\/site\/#\/schema\/person\/7630acdc320186f13639d3c067ec089b\"},\"breadcrumb\":{\"@id\":\"https:\/\/radioportoseguro.com.br\/site\/2026\/03\/07\/as-duas-descidas-o-contraste-entre-a-desobediencia-de-jonas-e-a-submissao-de-jeremias\/#breadcrumb\"},\"inLanguage\":\"pt-BR\",\"potentialAction\":[{\"@type\":\"ReadAction\",\"target\":[\"https:\/\/radioportoseguro.com.br\/site\/2026\/03\/07\/as-duas-descidas-o-contraste-entre-a-desobediencia-de-jonas-e-a-submissao-de-jeremias\/\"]}]},{\"@type\":\"ImageObject\",\"inLanguage\":\"pt-BR\",\"@id\":\"https:\/\/radioportoseguro.com.br\/site\/2026\/03\/07\/as-duas-descidas-o-contraste-entre-a-desobediencia-de-jonas-e-a-submissao-de-jeremias\/#primaryimage\",\"url\":\"https:\/\/radioportoseguro.com.br\/site\/wp-content\/uploads\/2026\/03\/510176999-profetas.png\",\"contentUrl\":\"https:\/\/radioportoseguro.com.br\/site\/wp-content\/uploads\/2026\/03\/510176999-profetas.png\",\"width\":1200,\"height\":600},{\"@type\":\"BreadcrumbList\",\"@id\":\"https:\/\/radioportoseguro.com.br\/site\/2026\/03\/07\/as-duas-descidas-o-contraste-entre-a-desobediencia-de-jonas-e-a-submissao-de-jeremias\/#breadcrumb\",\"itemListElement\":[{\"@type\":\"ListItem\",\"position\":1,\"name\":\"In\u00edcio\",\"item\":\"https:\/\/radioportoseguro.com.br\/site\/\"},{\"@type\":\"ListItem\",\"position\":2,\"name\":\"As duas descidas: O contraste entre a desobedi\u00eancia de Jonas e a submiss\u00e3o de Jeremias\"}]},{\"@type\":\"WebSite\",\"@id\":\"https:\/\/radioportoseguro.com.br\/site\/#website\",\"url\":\"https:\/\/radioportoseguro.com.br\/site\/\",\"name\":\"R\u00e1dio Porto Seguro\",\"description\":\"\",\"potentialAction\":[{\"@type\":\"SearchAction\",\"target\":{\"@type\":\"EntryPoint\",\"urlTemplate\":\"https:\/\/radioportoseguro.com.br\/site\/?s={search_term_string}\"},\"query-input\":{\"@type\":\"PropertyValueSpecification\",\"valueRequired\":true,\"valueName\":\"search_term_string\"}}],\"inLanguage\":\"pt-BR\"},{\"@type\":\"Person\",\"@id\":\"https:\/\/radioportoseguro.com.br\/site\/#\/schema\/person\/7630acdc320186f13639d3c067ec089b\",\"name\":\"admin\",\"image\":{\"@type\":\"ImageObject\",\"inLanguage\":\"pt-BR\",\"@id\":\"https:\/\/radioportoseguro.com.br\/site\/#\/schema\/person\/image\/\",\"url\":\"https:\/\/secure.gravatar.com\/avatar\/caacf4dc1eedb68fab0df8e1ed46c448e578b2466351bbcb61e47d2ac0caaef0?s=96&d=mm&r=g\",\"contentUrl\":\"https:\/\/secure.gravatar.com\/avatar\/caacf4dc1eedb68fab0df8e1ed46c448e578b2466351bbcb61e47d2ac0caaef0?s=96&d=mm&r=g\",\"caption\":\"admin\"},\"sameAs\":[\"https:\/\/radioportoseguro.com.br\/site\"],\"url\":\"https:\/\/radioportoseguro.com.br\/site\/author\/hezio\/\"}]}<\/script>\n<!-- \/ Yoast SEO plugin. -->","yoast_head_json":{"title":"As duas descidas: O contraste entre a desobedi\u00eancia de Jonas e a submiss\u00e3o de Jeremias - R\u00e1dio Porto Seguro","robots":{"index":"index","follow":"follow","max-snippet":"max-snippet:-1","max-image-preview":"max-image-preview:large","max-video-preview":"max-video-preview:-1"},"canonical":"https:\/\/radioportoseguro.com.br\/site\/2026\/03\/07\/as-duas-descidas-o-contraste-entre-a-desobediencia-de-jonas-e-a-submissao-de-jeremias\/","og_locale":"pt_BR","og_type":"article","og_title":"As duas descidas: O contraste entre a desobedi\u00eancia de Jonas e a submiss\u00e3o de Jeremias - R\u00e1dio Porto Seguro","og_description":"Amados irm\u00e3os e irm\u00e3s, a narrativa b\u00edblica frequentemente utiliza a geografia e o movimento f\u00edsico para ilustrar realidades espirituais profundas. Na vida dos profetas, o simples ato de caminhar pode revelar a condi\u00e7\u00e3o do cora\u00e7\u00e3o humano diante da soberania divina. Dois exemplos cl\u00e1ssicos e contrastantes dessa din\u00e2mica s\u00e3o encontrados nas hist\u00f3rias de Jonas e Jeremias. [&hellip;]","og_url":"https:\/\/radioportoseguro.com.br\/site\/2026\/03\/07\/as-duas-descidas-o-contraste-entre-a-desobediencia-de-jonas-e-a-submissao-de-jeremias\/","og_site_name":"R\u00e1dio Porto Seguro","article_published_time":"2026-03-08T02:22:51+00:00","og_image":[{"url":"https:\/\/media.guiame.com.br\/archives\/2026\/03\/05\/510176999-profetas.png","type":"","width":"","height":""}],"author":"admin","twitter_card":"summary_large_image","twitter_misc":{"Escrito por":"admin","Est. tempo de leitura":"5 minutos"},"schema":{"@context":"https:\/\/schema.org","@graph":[{"@type":"Article","@id":"https:\/\/radioportoseguro.com.br\/site\/2026\/03\/07\/as-duas-descidas-o-contraste-entre-a-desobediencia-de-jonas-e-a-submissao-de-jeremias\/#article","isPartOf":{"@id":"https:\/\/radioportoseguro.com.br\/site\/2026\/03\/07\/as-duas-descidas-o-contraste-entre-a-desobediencia-de-jonas-e-a-submissao-de-jeremias\/"},"author":{"name":"admin","@id":"https:\/\/radioportoseguro.com.br\/site\/#\/schema\/person\/7630acdc320186f13639d3c067ec089b"},"headline":"As duas descidas: O contraste entre a desobedi\u00eancia de Jonas e a submiss\u00e3o de Jeremias","datePublished":"2026-03-08T02:22:51+00:00","mainEntityOfPage":{"@id":"https:\/\/radioportoseguro.com.br\/site\/2026\/03\/07\/as-duas-descidas-o-contraste-entre-a-desobediencia-de-jonas-e-a-submissao-de-jeremias\/"},"wordCount":1006,"image":{"@id":"https:\/\/radioportoseguro.com.br\/site\/2026\/03\/07\/as-duas-descidas-o-contraste-entre-a-desobediencia-de-jonas-e-a-submissao-de-jeremias\/#primaryimage"},"thumbnailUrl":"https:\/\/radioportoseguro.com.br\/site\/wp-content\/uploads\/2026\/03\/510176999-profetas.png","articleSection":["Destaques"],"inLanguage":"pt-BR"},{"@type":"WebPage","@id":"https:\/\/radioportoseguro.com.br\/site\/2026\/03\/07\/as-duas-descidas-o-contraste-entre-a-desobediencia-de-jonas-e-a-submissao-de-jeremias\/","url":"https:\/\/radioportoseguro.com.br\/site\/2026\/03\/07\/as-duas-descidas-o-contraste-entre-a-desobediencia-de-jonas-e-a-submissao-de-jeremias\/","name":"As duas descidas: O contraste entre a desobedi\u00eancia de Jonas e a submiss\u00e3o de Jeremias - R\u00e1dio Porto Seguro","isPartOf":{"@id":"https:\/\/radioportoseguro.com.br\/site\/#website"},"primaryImageOfPage":{"@id":"https:\/\/radioportoseguro.com.br\/site\/2026\/03\/07\/as-duas-descidas-o-contraste-entre-a-desobediencia-de-jonas-e-a-submissao-de-jeremias\/#primaryimage"},"image":{"@id":"https:\/\/radioportoseguro.com.br\/site\/2026\/03\/07\/as-duas-descidas-o-contraste-entre-a-desobediencia-de-jonas-e-a-submissao-de-jeremias\/#primaryimage"},"thumbnailUrl":"https:\/\/radioportoseguro.com.br\/site\/wp-content\/uploads\/2026\/03\/510176999-profetas.png","datePublished":"2026-03-08T02:22:51+00:00","author":{"@id":"https:\/\/radioportoseguro.com.br\/site\/#\/schema\/person\/7630acdc320186f13639d3c067ec089b"},"breadcrumb":{"@id":"https:\/\/radioportoseguro.com.br\/site\/2026\/03\/07\/as-duas-descidas-o-contraste-entre-a-desobediencia-de-jonas-e-a-submissao-de-jeremias\/#breadcrumb"},"inLanguage":"pt-BR","potentialAction":[{"@type":"ReadAction","target":["https:\/\/radioportoseguro.com.br\/site\/2026\/03\/07\/as-duas-descidas-o-contraste-entre-a-desobediencia-de-jonas-e-a-submissao-de-jeremias\/"]}]},{"@type":"ImageObject","inLanguage":"pt-BR","@id":"https:\/\/radioportoseguro.com.br\/site\/2026\/03\/07\/as-duas-descidas-o-contraste-entre-a-desobediencia-de-jonas-e-a-submissao-de-jeremias\/#primaryimage","url":"https:\/\/radioportoseguro.com.br\/site\/wp-content\/uploads\/2026\/03\/510176999-profetas.png","contentUrl":"https:\/\/radioportoseguro.com.br\/site\/wp-content\/uploads\/2026\/03\/510176999-profetas.png","width":1200,"height":600},{"@type":"BreadcrumbList","@id":"https:\/\/radioportoseguro.com.br\/site\/2026\/03\/07\/as-duas-descidas-o-contraste-entre-a-desobediencia-de-jonas-e-a-submissao-de-jeremias\/#breadcrumb","itemListElement":[{"@type":"ListItem","position":1,"name":"In\u00edcio","item":"https:\/\/radioportoseguro.com.br\/site\/"},{"@type":"ListItem","position":2,"name":"As duas descidas: O contraste entre a desobedi\u00eancia de Jonas e a submiss\u00e3o de Jeremias"}]},{"@type":"WebSite","@id":"https:\/\/radioportoseguro.com.br\/site\/#website","url":"https:\/\/radioportoseguro.com.br\/site\/","name":"R\u00e1dio Porto Seguro","description":"","potentialAction":[{"@type":"SearchAction","target":{"@type":"EntryPoint","urlTemplate":"https:\/\/radioportoseguro.com.br\/site\/?s={search_term_string}"},"query-input":{"@type":"PropertyValueSpecification","valueRequired":true,"valueName":"search_term_string"}}],"inLanguage":"pt-BR"},{"@type":"Person","@id":"https:\/\/radioportoseguro.com.br\/site\/#\/schema\/person\/7630acdc320186f13639d3c067ec089b","name":"admin","image":{"@type":"ImageObject","inLanguage":"pt-BR","@id":"https:\/\/radioportoseguro.com.br\/site\/#\/schema\/person\/image\/","url":"https:\/\/secure.gravatar.com\/avatar\/caacf4dc1eedb68fab0df8e1ed46c448e578b2466351bbcb61e47d2ac0caaef0?s=96&d=mm&r=g","contentUrl":"https:\/\/secure.gravatar.com\/avatar\/caacf4dc1eedb68fab0df8e1ed46c448e578b2466351bbcb61e47d2ac0caaef0?s=96&d=mm&r=g","caption":"admin"},"sameAs":["https:\/\/radioportoseguro.com.br\/site"],"url":"https:\/\/radioportoseguro.com.br\/site\/author\/hezio\/"}]}},"_links":{"self":[{"href":"https:\/\/radioportoseguro.com.br\/site\/wp-json\/wp\/v2\/posts\/4832","targetHints":{"allow":["GET"]}}],"collection":[{"href":"https:\/\/radioportoseguro.com.br\/site\/wp-json\/wp\/v2\/posts"}],"about":[{"href":"https:\/\/radioportoseguro.com.br\/site\/wp-json\/wp\/v2\/types\/post"}],"author":[{"embeddable":true,"href":"https:\/\/radioportoseguro.com.br\/site\/wp-json\/wp\/v2\/users\/1"}],"replies":[{"embeddable":true,"href":"https:\/\/radioportoseguro.com.br\/site\/wp-json\/wp\/v2\/comments?post=4832"}],"version-history":[{"count":0,"href":"https:\/\/radioportoseguro.com.br\/site\/wp-json\/wp\/v2\/posts\/4832\/revisions"}],"wp:featuredmedia":[{"embeddable":true,"href":"https:\/\/radioportoseguro.com.br\/site\/wp-json\/wp\/v2\/media\/4833"}],"wp:attachment":[{"href":"https:\/\/radioportoseguro.com.br\/site\/wp-json\/wp\/v2\/media?parent=4832"}],"wp:term":[{"taxonomy":"category","embeddable":true,"href":"https:\/\/radioportoseguro.com.br\/site\/wp-json\/wp\/v2\/categories?post=4832"},{"taxonomy":"post_tag","embeddable":true,"href":"https:\/\/radioportoseguro.com.br\/site\/wp-json\/wp\/v2\/tags?post=4832"}],"curies":[{"name":"wp","href":"https:\/\/api.w.org\/{rel}","templated":true}]}}