{"id":4834,"date":"2026-03-08T01:25:01","date_gmt":"2026-03-08T04:25:01","guid":{"rendered":"https:\/\/radioportoseguro.com.br\/site\/2026\/03\/08\/a-promiscua-relacao-brasil-ira-guiame\/"},"modified":"2026-03-08T01:25:01","modified_gmt":"2026-03-08T04:25:01","slug":"a-promiscua-relacao-brasil-ira-guiame","status":"publish","type":"post","link":"https:\/\/radioportoseguro.com.br\/site\/2026\/03\/08\/a-promiscua-relacao-brasil-ira-guiame\/","title":{"rendered":"A prom\u00edscua rela\u00e7\u00e3o Brasil-Ir\u00e3 &#8211; Guiame"},"content":{"rendered":"<p><br \/>\n<br \/><\/p>\n<div>\n<p>Antes de come\u00e7ar, vamos aos n\u00fameros:<\/p>\n<p>O Ir\u00e3 ocupa a 10\u00aa posi\u00e7\u00e3o na lista da Portas Abertas em 2026 entre os pa\u00edses que mais perseguem crist\u00e3os no mundo. Essa coloca\u00e7\u00e3o revela que a persegui\u00e7\u00e3o religiosa no pa\u00eds \u00e9 considerada severa.<\/p>\n<p>Segundo a Portas Abertas, a popula\u00e7\u00e3o iraniana \u00e9 de aproximadamente 90,4 milh\u00f5es de pessoas, das quais apenas 800 mil s\u00e3o crist\u00e3s \u2014 o que representa cerca de 0,9% da na\u00e7\u00e3o.<\/p>\n<p>De acordo com estimativas oficiais, o Departamento de Estado dos EUA divulgou em 2021 que o Ir\u00e3 destina cerca de US$ 100 milh\u00f5es por ano ao Hamas e a outros grupos extremistas. O pa\u00eds persa \u00e9 reconhecido como um dos principais financiadores do Hamas, envolvido em uma das maiores guerras atuais no Oriente M\u00e9dio contra Israel. Em diversas ocasi\u00f5es, o Ir\u00e3 j\u00e1 amea\u00e7ou aniquilar o Estado israelense.<\/p>\n<p>Al\u00e9m disso, o Ir\u00e3 \u00e9 apontado como o maior financiador do Hezbollah, grupo que se uniu ao Hamas com o objetivo declarado de atacar os judeus. Na pr\u00e1tica, quase todos os grupos extremistas da regi\u00e3o convergem em torno da mesma meta: destruir Israel.<\/p>\n<p>Embora o Oriente M\u00e9dio seja marcado por conflitos sangrentos entre fac\u00e7\u00f5es isl\u00e2micas \u2014 xiitas e sunitas \u2014, quando o assunto \u00e9 Israel, h\u00e1 uma uni\u00e3o de for\u00e7as contra o pa\u00eds.<\/p>\n<p>O ativista judeu Andr\u00e9 Lajst, presidente do StandWithUs Brasil, denunciou em seu perfil no Instagram que mulheres iranianas v\u00eam sendo estupradas, mutiladas e assassinadas pelo regime isl\u00e2mico persa.<\/p>\n<p>No cen\u00e1rio internacional, o Brasil mant\u00e9m uma rela\u00e7\u00e3o pr\u00f3xima com o Ir\u00e3. Al\u00e9m de ser um dos maiores parceiros comerciais, h\u00e1 tamb\u00e9m alinhamento diplom\u00e1tico. Em 2023, segundo a CNN, mesmo diante da press\u00e3o contr\u00e1ria dos EUA, duas embarca\u00e7\u00f5es militares iranianas atracaram em territ\u00f3rio brasileiro.<\/p>\n<p>Por se tratar de navios de guerra, a parada s\u00f3 foi poss\u00edvel mediante autoriza\u00e7\u00e3o da Marinha. Na ocasi\u00e3o, a embaixadora dos EUA no Brasil, Elizabeth Bagley, declarou:<\/p>\n<p>\u201cEsses navios, no passado, facilitaram o com\u00e9rcio il\u00edcito e atividades terroristas e j\u00e1 tiveram san\u00e7\u00f5es da ONU. O Brasil \u00e9 um pa\u00eds soberano, mas acreditamos fortemente que esses navios n\u00e3o deveriam atracar em qualquer lugar.\u201d<\/p>\n<p>Esse epis\u00f3dio evidencia como o momento atual vivido pelo Brasil \u00e9 politicamente e socialmente delicado, trazendo riscos tanto no \u00e2mbito nacional quanto internacional.<\/p>\n<p>Diante disso, o primeiro passo \u00e9 dobrar os joelhos e orar genuinamente pelo nosso pa\u00eds, clamando por uma regenera\u00e7\u00e3o espiritual e, sem d\u00favida, pela escolha correta de nossos l\u00edderes.<\/p>\n<p>\u00a0<\/p>\n<p><strong>Silas Anast\u00e1cio<\/strong> \u00e9 fundador do Minist\u00e9rio Davar, evangelista e expositor b\u00edblico com s\u00f3lida atua\u00e7\u00e3o h\u00e1 mais de uma d\u00e9cada em temas relacionados ao Estado de Israel e \u00e0 comunidade judaica. Tamb\u00e9m desempenha papel estrat\u00e9gico nos bastidores da m\u00eddia evang\u00e9lica, contribuindo para a articula\u00e7\u00e3o e divulga\u00e7\u00e3o de conte\u00fados que fortalecem os valores\u00a0da\u00a0f\u00e9\u00a0crist\u00e3.<\/p>\n<p><em>* O conte\u00fado do texto acima \u00e9 de colabora\u00e7\u00e3o volunt\u00e1ria, seu teor \u00e9 de total responsabilidade do autor e n\u00e3o reflete necessariamente a opini\u00e3o do Portal Guiame.<\/em><\/p>\n<p>Leia o artigo anterior: <span style=\"color: #800000;\"><strong>Confedera\u00e7\u00e3o Israelita do Brasil manifesta apoio a Israel contra o regime do Ir\u00e3<\/strong><\/span><\/p>\n<\/div>\n<p><br \/>\n<br \/>Fonte: Guiame <\/p>\n","protected":false},"excerpt":{"rendered":"<p>Antes de come\u00e7ar, vamos aos n\u00fameros: O Ir\u00e3 ocupa a 10\u00aa posi\u00e7\u00e3o na lista da Portas Abertas em 2026 entre os pa\u00edses que mais perseguem crist\u00e3os no mundo. Essa coloca\u00e7\u00e3o revela que a persegui\u00e7\u00e3o religiosa no pa\u00eds \u00e9 considerada severa. Segundo a Portas Abertas, a popula\u00e7\u00e3o iraniana \u00e9 de aproximadamente 90,4 milh\u00f5es de pessoas, das [&hellip;]<\/p>\n","protected":false},"author":1,"featured_media":4835,"comment_status":"","ping_status":"open","sticky":false,"template":"","format":"standard","meta":{"footnotes":""},"categories":[43],"tags":[],"class_list":["post-4834","post","type-post","status-publish","format-standard","has-post-thumbnail","hentry","category-destaques"],"yoast_head":"<!-- This site is optimized with the Yoast SEO plugin v26.8 - https:\/\/yoast.com\/product\/yoast-seo-wordpress\/ -->\n<title>A prom\u00edscua rela\u00e7\u00e3o Brasil-Ir\u00e3 - Guiame - R\u00e1dio Porto Seguro<\/title>\n<meta name=\"robots\" content=\"index, follow, max-snippet:-1, max-image-preview:large, max-video-preview:-1\" \/>\n<link rel=\"canonical\" href=\"https:\/\/radioportoseguro.com.br\/site\/2026\/03\/08\/a-promiscua-relacao-brasil-ira-guiame\/\" \/>\n<meta property=\"og:locale\" content=\"pt_BR\" \/>\n<meta property=\"og:type\" content=\"article\" \/>\n<meta property=\"og:title\" content=\"A prom\u00edscua rela\u00e7\u00e3o Brasil-Ir\u00e3 - Guiame - R\u00e1dio Porto Seguro\" \/>\n<meta property=\"og:description\" content=\"Antes de come\u00e7ar, vamos aos n\u00fameros: O Ir\u00e3 ocupa a 10\u00aa posi\u00e7\u00e3o na lista da Portas Abertas em 2026 entre os pa\u00edses que mais perseguem crist\u00e3os no mundo. Essa coloca\u00e7\u00e3o revela que a persegui\u00e7\u00e3o religiosa no pa\u00eds \u00e9 considerada severa. Segundo a Portas Abertas, a popula\u00e7\u00e3o iraniana \u00e9 de aproximadamente 90,4 milh\u00f5es de pessoas, das [&hellip;]\" \/>\n<meta property=\"og:url\" content=\"https:\/\/radioportoseguro.com.br\/site\/2026\/03\/08\/a-promiscua-relacao-brasil-ira-guiame\/\" \/>\n<meta property=\"og:site_name\" content=\"R\u00e1dio Porto Seguro\" \/>\n<meta property=\"article:published_time\" content=\"2026-03-08T04:25:01+00:00\" \/>\n<meta property=\"og:image\" content=\"https:\/\/media.guiame.com.br\/archives\/2026\/03\/05\/1302894000-brasil-ira.jpeg\" \/>\n<meta name=\"author\" content=\"admin\" \/>\n<meta name=\"twitter:card\" content=\"summary_large_image\" \/>\n<meta name=\"twitter:label1\" content=\"Escrito por\" \/>\n\t<meta name=\"twitter:data1\" content=\"admin\" \/>\n\t<meta name=\"twitter:label2\" content=\"Est. tempo de leitura\" \/>\n\t<meta name=\"twitter:data2\" content=\"3 minutos\" \/>\n<script type=\"application\/ld+json\" class=\"yoast-schema-graph\">{\"@context\":\"https:\/\/schema.org\",\"@graph\":[{\"@type\":\"Article\",\"@id\":\"https:\/\/radioportoseguro.com.br\/site\/2026\/03\/08\/a-promiscua-relacao-brasil-ira-guiame\/#article\",\"isPartOf\":{\"@id\":\"https:\/\/radioportoseguro.com.br\/site\/2026\/03\/08\/a-promiscua-relacao-brasil-ira-guiame\/\"},\"author\":{\"name\":\"admin\",\"@id\":\"https:\/\/radioportoseguro.com.br\/site\/#\/schema\/person\/7630acdc320186f13639d3c067ec089b\"},\"headline\":\"A prom\u00edscua rela\u00e7\u00e3o Brasil-Ir\u00e3 &#8211; Guiame\",\"datePublished\":\"2026-03-08T04:25:01+00:00\",\"mainEntityOfPage\":{\"@id\":\"https:\/\/radioportoseguro.com.br\/site\/2026\/03\/08\/a-promiscua-relacao-brasil-ira-guiame\/\"},\"wordCount\":554,\"image\":{\"@id\":\"https:\/\/radioportoseguro.com.br\/site\/2026\/03\/08\/a-promiscua-relacao-brasil-ira-guiame\/#primaryimage\"},\"thumbnailUrl\":\"https:\/\/radioportoseguro.com.br\/site\/wp-content\/uploads\/2026\/03\/1302894000-brasil-ira.jpeg\",\"articleSection\":[\"Destaques\"],\"inLanguage\":\"pt-BR\"},{\"@type\":\"WebPage\",\"@id\":\"https:\/\/radioportoseguro.com.br\/site\/2026\/03\/08\/a-promiscua-relacao-brasil-ira-guiame\/\",\"url\":\"https:\/\/radioportoseguro.com.br\/site\/2026\/03\/08\/a-promiscua-relacao-brasil-ira-guiame\/\",\"name\":\"A prom\u00edscua rela\u00e7\u00e3o Brasil-Ir\u00e3 - Guiame - R\u00e1dio Porto Seguro\",\"isPartOf\":{\"@id\":\"https:\/\/radioportoseguro.com.br\/site\/#website\"},\"primaryImageOfPage\":{\"@id\":\"https:\/\/radioportoseguro.com.br\/site\/2026\/03\/08\/a-promiscua-relacao-brasil-ira-guiame\/#primaryimage\"},\"image\":{\"@id\":\"https:\/\/radioportoseguro.com.br\/site\/2026\/03\/08\/a-promiscua-relacao-brasil-ira-guiame\/#primaryimage\"},\"thumbnailUrl\":\"https:\/\/radioportoseguro.com.br\/site\/wp-content\/uploads\/2026\/03\/1302894000-brasil-ira.jpeg\",\"datePublished\":\"2026-03-08T04:25:01+00:00\",\"author\":{\"@id\":\"https:\/\/radioportoseguro.com.br\/site\/#\/schema\/person\/7630acdc320186f13639d3c067ec089b\"},\"breadcrumb\":{\"@id\":\"https:\/\/radioportoseguro.com.br\/site\/2026\/03\/08\/a-promiscua-relacao-brasil-ira-guiame\/#breadcrumb\"},\"inLanguage\":\"pt-BR\",\"potentialAction\":[{\"@type\":\"ReadAction\",\"target\":[\"https:\/\/radioportoseguro.com.br\/site\/2026\/03\/08\/a-promiscua-relacao-brasil-ira-guiame\/\"]}]},{\"@type\":\"ImageObject\",\"inLanguage\":\"pt-BR\",\"@id\":\"https:\/\/radioportoseguro.com.br\/site\/2026\/03\/08\/a-promiscua-relacao-brasil-ira-guiame\/#primaryimage\",\"url\":\"https:\/\/radioportoseguro.com.br\/site\/wp-content\/uploads\/2026\/03\/1302894000-brasil-ira.jpeg\",\"contentUrl\":\"https:\/\/radioportoseguro.com.br\/site\/wp-content\/uploads\/2026\/03\/1302894000-brasil-ira.jpeg\",\"width\":1200,\"height\":600},{\"@type\":\"BreadcrumbList\",\"@id\":\"https:\/\/radioportoseguro.com.br\/site\/2026\/03\/08\/a-promiscua-relacao-brasil-ira-guiame\/#breadcrumb\",\"itemListElement\":[{\"@type\":\"ListItem\",\"position\":1,\"name\":\"In\u00edcio\",\"item\":\"https:\/\/radioportoseguro.com.br\/site\/\"},{\"@type\":\"ListItem\",\"position\":2,\"name\":\"A prom\u00edscua rela\u00e7\u00e3o Brasil-Ir\u00e3 &#8211; Guiame\"}]},{\"@type\":\"WebSite\",\"@id\":\"https:\/\/radioportoseguro.com.br\/site\/#website\",\"url\":\"https:\/\/radioportoseguro.com.br\/site\/\",\"name\":\"R\u00e1dio Porto Seguro\",\"description\":\"\",\"potentialAction\":[{\"@type\":\"SearchAction\",\"target\":{\"@type\":\"EntryPoint\",\"urlTemplate\":\"https:\/\/radioportoseguro.com.br\/site\/?s={search_term_string}\"},\"query-input\":{\"@type\":\"PropertyValueSpecification\",\"valueRequired\":true,\"valueName\":\"search_term_string\"}}],\"inLanguage\":\"pt-BR\"},{\"@type\":\"Person\",\"@id\":\"https:\/\/radioportoseguro.com.br\/site\/#\/schema\/person\/7630acdc320186f13639d3c067ec089b\",\"name\":\"admin\",\"image\":{\"@type\":\"ImageObject\",\"inLanguage\":\"pt-BR\",\"@id\":\"https:\/\/radioportoseguro.com.br\/site\/#\/schema\/person\/image\/\",\"url\":\"https:\/\/secure.gravatar.com\/avatar\/caacf4dc1eedb68fab0df8e1ed46c448e578b2466351bbcb61e47d2ac0caaef0?s=96&d=mm&r=g\",\"contentUrl\":\"https:\/\/secure.gravatar.com\/avatar\/caacf4dc1eedb68fab0df8e1ed46c448e578b2466351bbcb61e47d2ac0caaef0?s=96&d=mm&r=g\",\"caption\":\"admin\"},\"sameAs\":[\"https:\/\/radioportoseguro.com.br\/site\"],\"url\":\"https:\/\/radioportoseguro.com.br\/site\/author\/hezio\/\"}]}<\/script>\n<!-- \/ Yoast SEO plugin. -->","yoast_head_json":{"title":"A prom\u00edscua rela\u00e7\u00e3o Brasil-Ir\u00e3 - Guiame - R\u00e1dio Porto Seguro","robots":{"index":"index","follow":"follow","max-snippet":"max-snippet:-1","max-image-preview":"max-image-preview:large","max-video-preview":"max-video-preview:-1"},"canonical":"https:\/\/radioportoseguro.com.br\/site\/2026\/03\/08\/a-promiscua-relacao-brasil-ira-guiame\/","og_locale":"pt_BR","og_type":"article","og_title":"A prom\u00edscua rela\u00e7\u00e3o Brasil-Ir\u00e3 - Guiame - R\u00e1dio Porto Seguro","og_description":"Antes de come\u00e7ar, vamos aos n\u00fameros: O Ir\u00e3 ocupa a 10\u00aa posi\u00e7\u00e3o na lista da Portas Abertas em 2026 entre os pa\u00edses que mais perseguem crist\u00e3os no mundo. Essa coloca\u00e7\u00e3o revela que a persegui\u00e7\u00e3o religiosa no pa\u00eds \u00e9 considerada severa. Segundo a Portas Abertas, a popula\u00e7\u00e3o iraniana \u00e9 de aproximadamente 90,4 milh\u00f5es de pessoas, das [&hellip;]","og_url":"https:\/\/radioportoseguro.com.br\/site\/2026\/03\/08\/a-promiscua-relacao-brasil-ira-guiame\/","og_site_name":"R\u00e1dio Porto Seguro","article_published_time":"2026-03-08T04:25:01+00:00","og_image":[{"url":"https:\/\/media.guiame.com.br\/archives\/2026\/03\/05\/1302894000-brasil-ira.jpeg","type":"","width":"","height":""}],"author":"admin","twitter_card":"summary_large_image","twitter_misc":{"Escrito por":"admin","Est. tempo de leitura":"3 minutos"},"schema":{"@context":"https:\/\/schema.org","@graph":[{"@type":"Article","@id":"https:\/\/radioportoseguro.com.br\/site\/2026\/03\/08\/a-promiscua-relacao-brasil-ira-guiame\/#article","isPartOf":{"@id":"https:\/\/radioportoseguro.com.br\/site\/2026\/03\/08\/a-promiscua-relacao-brasil-ira-guiame\/"},"author":{"name":"admin","@id":"https:\/\/radioportoseguro.com.br\/site\/#\/schema\/person\/7630acdc320186f13639d3c067ec089b"},"headline":"A prom\u00edscua rela\u00e7\u00e3o Brasil-Ir\u00e3 &#8211; Guiame","datePublished":"2026-03-08T04:25:01+00:00","mainEntityOfPage":{"@id":"https:\/\/radioportoseguro.com.br\/site\/2026\/03\/08\/a-promiscua-relacao-brasil-ira-guiame\/"},"wordCount":554,"image":{"@id":"https:\/\/radioportoseguro.com.br\/site\/2026\/03\/08\/a-promiscua-relacao-brasil-ira-guiame\/#primaryimage"},"thumbnailUrl":"https:\/\/radioportoseguro.com.br\/site\/wp-content\/uploads\/2026\/03\/1302894000-brasil-ira.jpeg","articleSection":["Destaques"],"inLanguage":"pt-BR"},{"@type":"WebPage","@id":"https:\/\/radioportoseguro.com.br\/site\/2026\/03\/08\/a-promiscua-relacao-brasil-ira-guiame\/","url":"https:\/\/radioportoseguro.com.br\/site\/2026\/03\/08\/a-promiscua-relacao-brasil-ira-guiame\/","name":"A prom\u00edscua rela\u00e7\u00e3o Brasil-Ir\u00e3 - Guiame - R\u00e1dio Porto Seguro","isPartOf":{"@id":"https:\/\/radioportoseguro.com.br\/site\/#website"},"primaryImageOfPage":{"@id":"https:\/\/radioportoseguro.com.br\/site\/2026\/03\/08\/a-promiscua-relacao-brasil-ira-guiame\/#primaryimage"},"image":{"@id":"https:\/\/radioportoseguro.com.br\/site\/2026\/03\/08\/a-promiscua-relacao-brasil-ira-guiame\/#primaryimage"},"thumbnailUrl":"https:\/\/radioportoseguro.com.br\/site\/wp-content\/uploads\/2026\/03\/1302894000-brasil-ira.jpeg","datePublished":"2026-03-08T04:25:01+00:00","author":{"@id":"https:\/\/radioportoseguro.com.br\/site\/#\/schema\/person\/7630acdc320186f13639d3c067ec089b"},"breadcrumb":{"@id":"https:\/\/radioportoseguro.com.br\/site\/2026\/03\/08\/a-promiscua-relacao-brasil-ira-guiame\/#breadcrumb"},"inLanguage":"pt-BR","potentialAction":[{"@type":"ReadAction","target":["https:\/\/radioportoseguro.com.br\/site\/2026\/03\/08\/a-promiscua-relacao-brasil-ira-guiame\/"]}]},{"@type":"ImageObject","inLanguage":"pt-BR","@id":"https:\/\/radioportoseguro.com.br\/site\/2026\/03\/08\/a-promiscua-relacao-brasil-ira-guiame\/#primaryimage","url":"https:\/\/radioportoseguro.com.br\/site\/wp-content\/uploads\/2026\/03\/1302894000-brasil-ira.jpeg","contentUrl":"https:\/\/radioportoseguro.com.br\/site\/wp-content\/uploads\/2026\/03\/1302894000-brasil-ira.jpeg","width":1200,"height":600},{"@type":"BreadcrumbList","@id":"https:\/\/radioportoseguro.com.br\/site\/2026\/03\/08\/a-promiscua-relacao-brasil-ira-guiame\/#breadcrumb","itemListElement":[{"@type":"ListItem","position":1,"name":"In\u00edcio","item":"https:\/\/radioportoseguro.com.br\/site\/"},{"@type":"ListItem","position":2,"name":"A prom\u00edscua rela\u00e7\u00e3o Brasil-Ir\u00e3 &#8211; Guiame"}]},{"@type":"WebSite","@id":"https:\/\/radioportoseguro.com.br\/site\/#website","url":"https:\/\/radioportoseguro.com.br\/site\/","name":"R\u00e1dio Porto Seguro","description":"","potentialAction":[{"@type":"SearchAction","target":{"@type":"EntryPoint","urlTemplate":"https:\/\/radioportoseguro.com.br\/site\/?s={search_term_string}"},"query-input":{"@type":"PropertyValueSpecification","valueRequired":true,"valueName":"search_term_string"}}],"inLanguage":"pt-BR"},{"@type":"Person","@id":"https:\/\/radioportoseguro.com.br\/site\/#\/schema\/person\/7630acdc320186f13639d3c067ec089b","name":"admin","image":{"@type":"ImageObject","inLanguage":"pt-BR","@id":"https:\/\/radioportoseguro.com.br\/site\/#\/schema\/person\/image\/","url":"https:\/\/secure.gravatar.com\/avatar\/caacf4dc1eedb68fab0df8e1ed46c448e578b2466351bbcb61e47d2ac0caaef0?s=96&d=mm&r=g","contentUrl":"https:\/\/secure.gravatar.com\/avatar\/caacf4dc1eedb68fab0df8e1ed46c448e578b2466351bbcb61e47d2ac0caaef0?s=96&d=mm&r=g","caption":"admin"},"sameAs":["https:\/\/radioportoseguro.com.br\/site"],"url":"https:\/\/radioportoseguro.com.br\/site\/author\/hezio\/"}]}},"_links":{"self":[{"href":"https:\/\/radioportoseguro.com.br\/site\/wp-json\/wp\/v2\/posts\/4834","targetHints":{"allow":["GET"]}}],"collection":[{"href":"https:\/\/radioportoseguro.com.br\/site\/wp-json\/wp\/v2\/posts"}],"about":[{"href":"https:\/\/radioportoseguro.com.br\/site\/wp-json\/wp\/v2\/types\/post"}],"author":[{"embeddable":true,"href":"https:\/\/radioportoseguro.com.br\/site\/wp-json\/wp\/v2\/users\/1"}],"replies":[{"embeddable":true,"href":"https:\/\/radioportoseguro.com.br\/site\/wp-json\/wp\/v2\/comments?post=4834"}],"version-history":[{"count":0,"href":"https:\/\/radioportoseguro.com.br\/site\/wp-json\/wp\/v2\/posts\/4834\/revisions"}],"wp:featuredmedia":[{"embeddable":true,"href":"https:\/\/radioportoseguro.com.br\/site\/wp-json\/wp\/v2\/media\/4835"}],"wp:attachment":[{"href":"https:\/\/radioportoseguro.com.br\/site\/wp-json\/wp\/v2\/media?parent=4834"}],"wp:term":[{"taxonomy":"category","embeddable":true,"href":"https:\/\/radioportoseguro.com.br\/site\/wp-json\/wp\/v2\/categories?post=4834"},{"taxonomy":"post_tag","embeddable":true,"href":"https:\/\/radioportoseguro.com.br\/site\/wp-json\/wp\/v2\/tags?post=4834"}],"curies":[{"name":"wp","href":"https:\/\/api.w.org\/{rel}","templated":true}]}}