{"id":4836,"date":"2026-03-08T03:27:30","date_gmt":"2026-03-08T06:27:30","guid":{"rendered":"https:\/\/radioportoseguro.com.br\/site\/2026\/03\/08\/igreja-batiza-mais-de-1-300-pessoas-em-sp-vidas-que-nasceram-de-novo\/"},"modified":"2026-03-08T03:27:30","modified_gmt":"2026-03-08T06:27:30","slug":"igreja-batiza-mais-de-1-300-pessoas-em-sp-vidas-que-nasceram-de-novo","status":"publish","type":"post","link":"https:\/\/radioportoseguro.com.br\/site\/2026\/03\/08\/igreja-batiza-mais-de-1-300-pessoas-em-sp-vidas-que-nasceram-de-novo\/","title":{"rendered":"Igreja batiza mais de 1.300 pessoas em SP: \u201cVidas que nasceram de novo\u201d"},"content":{"rendered":"<p><br \/>\n<br \/><\/p>\n<div>\n<p><span style=\"font-weight: 400;\">Mais de 1.300 pessoas foram batizadas em um grande <\/span><span style=\"color: #800000;\"><strong>batismo<\/strong><\/span><span style=\"font-weight: 400;\"> realizado pela Igreja Assembleia de Deus Minist\u00e9rio do Bel\u00e9m, em S\u00e3o Paulo.<\/span><\/p>\n<p><span style=\"font-weight: 400;\">No dia 22 de fevereiro, uma multid\u00e3o se reuniu na sede da denomina\u00e7\u00e3o para celebrar os <\/span><span style=\"color: #800000;\"><strong>novos nascimentos<\/strong><\/span><span style=\"font-weight: 400;\">.<\/span><\/p>\n<p><span style=\"font-weight: 400;\">No total, pastores batizaram 1.344 novos convertidos, 690 homens e 654 mulheres entre adultos, adolescentes e idosos.<\/span><\/p>\n<blockquote class=\"instagram-media\" style=\"background: #FFF; border: 0; border-radius: 3px; box-shadow: 0 0 1px 0 rgba(0,0,0,0.5),0 1px 10px 0 rgba(0,0,0,0.15); margin: 1px; max-width: 540px; min-width: 326px; padding: 0; width: calc(100% - 2px);\" data-instgrm-captioned=\"\" data-instgrm-permalink=\"https:\/\/www.instagram.com\/reel\/DVGSSkdCDCC\/?utm_source=ig_embed&amp;utm_campaign=loading\" data-instgrm-version=\"14\"><p>&#13;<br \/>\n&#13;\n<\/p><\/blockquote>\n<p><span style=\"font-weight: 400;\">\u201cUma morte para o mundo e um nascimento para o Reino! Cada rosto carrega um sorriso de al\u00edvio e um cora\u00e7\u00e3o cheio de novos prop\u00f3sitos. O que ficou para tr\u00e1s nas \u00e1guas n\u00e3o volta mais, pois agora h\u00e1 uma nova criatura em Cristo\u201d, declarou a igreja, em postagem no Instagram.<\/span><\/p>\n<p><span style=\"font-weight: 400;\">\u201cDia de festa no C\u00e9u e na Terra! Vidas decididas, cora\u00e7\u00f5es renovados e a certeza de que o melhor de Deus ainda est\u00e1 por vir!\u201d.<\/span><\/p>\n<p><span style=\"font-weight: 400;\">A cerim\u00f4nia do primeiro batismo de 2026 da igreja contou com momentos de louvor e prega\u00e7\u00e3o da Palavra.\u00a0<\/span><\/p>\n<p><span style=\"font-weight: 400;\">\u201cPara que voc\u00ea tenha uma vida de verdadeira comunh\u00e3o com Deus, voc\u00ea precisa tirar o pecado da sua vida\u201d, ministrou o pastor Jos\u00e9 Wellington da Costa aos batizados.<\/span><\/p>\n<blockquote class=\"instagram-media\" style=\"background: #FFF; border: 0; border-radius: 3px; box-shadow: 0 0 1px 0 rgba(0,0,0,0.5),0 1px 10px 0 rgba(0,0,0,0.15); margin: 1px; max-width: 540px; min-width: 326px; padding: 0; width: calc(100% - 2px);\" data-instgrm-captioned=\"\" data-instgrm-permalink=\"https:\/\/www.instagram.com\/p\/DVEdFSED8Wc\/?utm_source=ig_embed&amp;utm_campaign=loading\" data-instgrm-version=\"14\"><p>&#13;<br \/>\n&#13;\n<\/p><\/blockquote>\n<\/div>\n<p><script async src=\"\/\/www.instagram.com\/embed.js\"><\/script><br \/>\n<br \/><br \/>\n<br \/>Fonte: Guiame <\/p>\n","protected":false},"excerpt":{"rendered":"<p>Mais de 1.300 pessoas foram batizadas em um grande batismo realizado pela Igreja Assembleia de Deus Minist\u00e9rio do Bel\u00e9m, em S\u00e3o Paulo. No dia 22 de fevereiro, uma multid\u00e3o se reuniu na sede da denomina\u00e7\u00e3o para celebrar os novos nascimentos. No total, pastores batizaram 1.344 novos convertidos, 690 homens e 654 mulheres entre adultos, adolescentes [&hellip;]<\/p>\n","protected":false},"author":1,"featured_media":4837,"comment_status":"","ping_status":"open","sticky":false,"template":"","format":"standard","meta":{"footnotes":""},"categories":[43],"tags":[],"class_list":["post-4836","post","type-post","status-publish","format-standard","has-post-thumbnail","hentry","category-destaques"],"yoast_head":"<!-- This site is optimized with the Yoast SEO plugin v26.8 - https:\/\/yoast.com\/product\/yoast-seo-wordpress\/ -->\n<title>Igreja batiza mais de 1.300 pessoas em SP: \u201cVidas que nasceram de novo\u201d - R\u00e1dio Porto Seguro<\/title>\n<meta name=\"robots\" content=\"index, follow, max-snippet:-1, max-image-preview:large, max-video-preview:-1\" \/>\n<link rel=\"canonical\" href=\"https:\/\/radioportoseguro.com.br\/site\/2026\/03\/08\/igreja-batiza-mais-de-1-300-pessoas-em-sp-vidas-que-nasceram-de-novo\/\" \/>\n<meta property=\"og:locale\" content=\"pt_BR\" \/>\n<meta property=\"og:type\" content=\"article\" \/>\n<meta property=\"og:title\" content=\"Igreja batiza mais de 1.300 pessoas em SP: \u201cVidas que nasceram de novo\u201d - R\u00e1dio Porto Seguro\" \/>\n<meta property=\"og:description\" content=\"Mais de 1.300 pessoas foram batizadas em um grande batismo realizado pela Igreja Assembleia de Deus Minist\u00e9rio do Bel\u00e9m, em S\u00e3o Paulo. No dia 22 de fevereiro, uma multid\u00e3o se reuniu na sede da denomina\u00e7\u00e3o para celebrar os novos nascimentos. No total, pastores batizaram 1.344 novos convertidos, 690 homens e 654 mulheres entre adultos, adolescentes [&hellip;]\" \/>\n<meta property=\"og:url\" content=\"https:\/\/radioportoseguro.com.br\/site\/2026\/03\/08\/igreja-batiza-mais-de-1-300-pessoas-em-sp-vidas-que-nasceram-de-novo\/\" \/>\n<meta property=\"og:site_name\" content=\"R\u00e1dio Porto Seguro\" \/>\n<meta property=\"article:published_time\" content=\"2026-03-08T06:27:30+00:00\" \/>\n<meta property=\"og:image\" content=\"https:\/\/media.guiame.com.br\/archives\/2026\/03\/05\/2641747114-batismo.jpeg\" \/>\n<meta name=\"author\" content=\"admin\" \/>\n<meta name=\"twitter:card\" content=\"summary_large_image\" \/>\n<meta name=\"twitter:label1\" content=\"Escrito por\" \/>\n\t<meta name=\"twitter:data1\" content=\"admin\" \/>\n\t<meta name=\"twitter:label2\" content=\"Est. tempo de leitura\" \/>\n\t<meta name=\"twitter:data2\" content=\"1 minuto\" \/>\n<script type=\"application\/ld+json\" class=\"yoast-schema-graph\">{\"@context\":\"https:\/\/schema.org\",\"@graph\":[{\"@type\":\"Article\",\"@id\":\"https:\/\/radioportoseguro.com.br\/site\/2026\/03\/08\/igreja-batiza-mais-de-1-300-pessoas-em-sp-vidas-que-nasceram-de-novo\/#article\",\"isPartOf\":{\"@id\":\"https:\/\/radioportoseguro.com.br\/site\/2026\/03\/08\/igreja-batiza-mais-de-1-300-pessoas-em-sp-vidas-que-nasceram-de-novo\/\"},\"author\":{\"name\":\"admin\",\"@id\":\"https:\/\/radioportoseguro.com.br\/site\/#\/schema\/person\/7630acdc320186f13639d3c067ec089b\"},\"headline\":\"Igreja batiza mais de 1.300 pessoas em SP: \u201cVidas que nasceram de novo\u201d\",\"datePublished\":\"2026-03-08T06:27:30+00:00\",\"mainEntityOfPage\":{\"@id\":\"https:\/\/radioportoseguro.com.br\/site\/2026\/03\/08\/igreja-batiza-mais-de-1-300-pessoas-em-sp-vidas-que-nasceram-de-novo\/\"},\"wordCount\":203,\"image\":{\"@id\":\"https:\/\/radioportoseguro.com.br\/site\/2026\/03\/08\/igreja-batiza-mais-de-1-300-pessoas-em-sp-vidas-que-nasceram-de-novo\/#primaryimage\"},\"thumbnailUrl\":\"https:\/\/radioportoseguro.com.br\/site\/wp-content\/uploads\/2026\/03\/2641747114-batismo.jpeg\",\"articleSection\":[\"Destaques\"],\"inLanguage\":\"pt-BR\"},{\"@type\":\"WebPage\",\"@id\":\"https:\/\/radioportoseguro.com.br\/site\/2026\/03\/08\/igreja-batiza-mais-de-1-300-pessoas-em-sp-vidas-que-nasceram-de-novo\/\",\"url\":\"https:\/\/radioportoseguro.com.br\/site\/2026\/03\/08\/igreja-batiza-mais-de-1-300-pessoas-em-sp-vidas-que-nasceram-de-novo\/\",\"name\":\"Igreja batiza mais de 1.300 pessoas em SP: \u201cVidas que nasceram de novo\u201d - R\u00e1dio Porto Seguro\",\"isPartOf\":{\"@id\":\"https:\/\/radioportoseguro.com.br\/site\/#website\"},\"primaryImageOfPage\":{\"@id\":\"https:\/\/radioportoseguro.com.br\/site\/2026\/03\/08\/igreja-batiza-mais-de-1-300-pessoas-em-sp-vidas-que-nasceram-de-novo\/#primaryimage\"},\"image\":{\"@id\":\"https:\/\/radioportoseguro.com.br\/site\/2026\/03\/08\/igreja-batiza-mais-de-1-300-pessoas-em-sp-vidas-que-nasceram-de-novo\/#primaryimage\"},\"thumbnailUrl\":\"https:\/\/radioportoseguro.com.br\/site\/wp-content\/uploads\/2026\/03\/2641747114-batismo.jpeg\",\"datePublished\":\"2026-03-08T06:27:30+00:00\",\"author\":{\"@id\":\"https:\/\/radioportoseguro.com.br\/site\/#\/schema\/person\/7630acdc320186f13639d3c067ec089b\"},\"breadcrumb\":{\"@id\":\"https:\/\/radioportoseguro.com.br\/site\/2026\/03\/08\/igreja-batiza-mais-de-1-300-pessoas-em-sp-vidas-que-nasceram-de-novo\/#breadcrumb\"},\"inLanguage\":\"pt-BR\",\"potentialAction\":[{\"@type\":\"ReadAction\",\"target\":[\"https:\/\/radioportoseguro.com.br\/site\/2026\/03\/08\/igreja-batiza-mais-de-1-300-pessoas-em-sp-vidas-que-nasceram-de-novo\/\"]}]},{\"@type\":\"ImageObject\",\"inLanguage\":\"pt-BR\",\"@id\":\"https:\/\/radioportoseguro.com.br\/site\/2026\/03\/08\/igreja-batiza-mais-de-1-300-pessoas-em-sp-vidas-que-nasceram-de-novo\/#primaryimage\",\"url\":\"https:\/\/radioportoseguro.com.br\/site\/wp-content\/uploads\/2026\/03\/2641747114-batismo.jpeg\",\"contentUrl\":\"https:\/\/radioportoseguro.com.br\/site\/wp-content\/uploads\/2026\/03\/2641747114-batismo.jpeg\",\"width\":1200,\"height\":600},{\"@type\":\"BreadcrumbList\",\"@id\":\"https:\/\/radioportoseguro.com.br\/site\/2026\/03\/08\/igreja-batiza-mais-de-1-300-pessoas-em-sp-vidas-que-nasceram-de-novo\/#breadcrumb\",\"itemListElement\":[{\"@type\":\"ListItem\",\"position\":1,\"name\":\"In\u00edcio\",\"item\":\"https:\/\/radioportoseguro.com.br\/site\/\"},{\"@type\":\"ListItem\",\"position\":2,\"name\":\"Igreja batiza mais de 1.300 pessoas em SP: \u201cVidas que nasceram de novo\u201d\"}]},{\"@type\":\"WebSite\",\"@id\":\"https:\/\/radioportoseguro.com.br\/site\/#website\",\"url\":\"https:\/\/radioportoseguro.com.br\/site\/\",\"name\":\"R\u00e1dio Porto Seguro\",\"description\":\"\",\"potentialAction\":[{\"@type\":\"SearchAction\",\"target\":{\"@type\":\"EntryPoint\",\"urlTemplate\":\"https:\/\/radioportoseguro.com.br\/site\/?s={search_term_string}\"},\"query-input\":{\"@type\":\"PropertyValueSpecification\",\"valueRequired\":true,\"valueName\":\"search_term_string\"}}],\"inLanguage\":\"pt-BR\"},{\"@type\":\"Person\",\"@id\":\"https:\/\/radioportoseguro.com.br\/site\/#\/schema\/person\/7630acdc320186f13639d3c067ec089b\",\"name\":\"admin\",\"image\":{\"@type\":\"ImageObject\",\"inLanguage\":\"pt-BR\",\"@id\":\"https:\/\/radioportoseguro.com.br\/site\/#\/schema\/person\/image\/\",\"url\":\"https:\/\/secure.gravatar.com\/avatar\/caacf4dc1eedb68fab0df8e1ed46c448e578b2466351bbcb61e47d2ac0caaef0?s=96&d=mm&r=g\",\"contentUrl\":\"https:\/\/secure.gravatar.com\/avatar\/caacf4dc1eedb68fab0df8e1ed46c448e578b2466351bbcb61e47d2ac0caaef0?s=96&d=mm&r=g\",\"caption\":\"admin\"},\"sameAs\":[\"https:\/\/radioportoseguro.com.br\/site\"],\"url\":\"https:\/\/radioportoseguro.com.br\/site\/author\/hezio\/\"}]}<\/script>\n<!-- \/ Yoast SEO plugin. -->","yoast_head_json":{"title":"Igreja batiza mais de 1.300 pessoas em SP: \u201cVidas que nasceram de novo\u201d - R\u00e1dio Porto Seguro","robots":{"index":"index","follow":"follow","max-snippet":"max-snippet:-1","max-image-preview":"max-image-preview:large","max-video-preview":"max-video-preview:-1"},"canonical":"https:\/\/radioportoseguro.com.br\/site\/2026\/03\/08\/igreja-batiza-mais-de-1-300-pessoas-em-sp-vidas-que-nasceram-de-novo\/","og_locale":"pt_BR","og_type":"article","og_title":"Igreja batiza mais de 1.300 pessoas em SP: \u201cVidas que nasceram de novo\u201d - R\u00e1dio Porto Seguro","og_description":"Mais de 1.300 pessoas foram batizadas em um grande batismo realizado pela Igreja Assembleia de Deus Minist\u00e9rio do Bel\u00e9m, em S\u00e3o Paulo. No dia 22 de fevereiro, uma multid\u00e3o se reuniu na sede da denomina\u00e7\u00e3o para celebrar os novos nascimentos. No total, pastores batizaram 1.344 novos convertidos, 690 homens e 654 mulheres entre adultos, adolescentes [&hellip;]","og_url":"https:\/\/radioportoseguro.com.br\/site\/2026\/03\/08\/igreja-batiza-mais-de-1-300-pessoas-em-sp-vidas-que-nasceram-de-novo\/","og_site_name":"R\u00e1dio Porto Seguro","article_published_time":"2026-03-08T06:27:30+00:00","og_image":[{"url":"https:\/\/media.guiame.com.br\/archives\/2026\/03\/05\/2641747114-batismo.jpeg","type":"","width":"","height":""}],"author":"admin","twitter_card":"summary_large_image","twitter_misc":{"Escrito por":"admin","Est. tempo de leitura":"1 minuto"},"schema":{"@context":"https:\/\/schema.org","@graph":[{"@type":"Article","@id":"https:\/\/radioportoseguro.com.br\/site\/2026\/03\/08\/igreja-batiza-mais-de-1-300-pessoas-em-sp-vidas-que-nasceram-de-novo\/#article","isPartOf":{"@id":"https:\/\/radioportoseguro.com.br\/site\/2026\/03\/08\/igreja-batiza-mais-de-1-300-pessoas-em-sp-vidas-que-nasceram-de-novo\/"},"author":{"name":"admin","@id":"https:\/\/radioportoseguro.com.br\/site\/#\/schema\/person\/7630acdc320186f13639d3c067ec089b"},"headline":"Igreja batiza mais de 1.300 pessoas em SP: \u201cVidas que nasceram de novo\u201d","datePublished":"2026-03-08T06:27:30+00:00","mainEntityOfPage":{"@id":"https:\/\/radioportoseguro.com.br\/site\/2026\/03\/08\/igreja-batiza-mais-de-1-300-pessoas-em-sp-vidas-que-nasceram-de-novo\/"},"wordCount":203,"image":{"@id":"https:\/\/radioportoseguro.com.br\/site\/2026\/03\/08\/igreja-batiza-mais-de-1-300-pessoas-em-sp-vidas-que-nasceram-de-novo\/#primaryimage"},"thumbnailUrl":"https:\/\/radioportoseguro.com.br\/site\/wp-content\/uploads\/2026\/03\/2641747114-batismo.jpeg","articleSection":["Destaques"],"inLanguage":"pt-BR"},{"@type":"WebPage","@id":"https:\/\/radioportoseguro.com.br\/site\/2026\/03\/08\/igreja-batiza-mais-de-1-300-pessoas-em-sp-vidas-que-nasceram-de-novo\/","url":"https:\/\/radioportoseguro.com.br\/site\/2026\/03\/08\/igreja-batiza-mais-de-1-300-pessoas-em-sp-vidas-que-nasceram-de-novo\/","name":"Igreja batiza mais de 1.300 pessoas em SP: \u201cVidas que nasceram de novo\u201d - R\u00e1dio Porto Seguro","isPartOf":{"@id":"https:\/\/radioportoseguro.com.br\/site\/#website"},"primaryImageOfPage":{"@id":"https:\/\/radioportoseguro.com.br\/site\/2026\/03\/08\/igreja-batiza-mais-de-1-300-pessoas-em-sp-vidas-que-nasceram-de-novo\/#primaryimage"},"image":{"@id":"https:\/\/radioportoseguro.com.br\/site\/2026\/03\/08\/igreja-batiza-mais-de-1-300-pessoas-em-sp-vidas-que-nasceram-de-novo\/#primaryimage"},"thumbnailUrl":"https:\/\/radioportoseguro.com.br\/site\/wp-content\/uploads\/2026\/03\/2641747114-batismo.jpeg","datePublished":"2026-03-08T06:27:30+00:00","author":{"@id":"https:\/\/radioportoseguro.com.br\/site\/#\/schema\/person\/7630acdc320186f13639d3c067ec089b"},"breadcrumb":{"@id":"https:\/\/radioportoseguro.com.br\/site\/2026\/03\/08\/igreja-batiza-mais-de-1-300-pessoas-em-sp-vidas-que-nasceram-de-novo\/#breadcrumb"},"inLanguage":"pt-BR","potentialAction":[{"@type":"ReadAction","target":["https:\/\/radioportoseguro.com.br\/site\/2026\/03\/08\/igreja-batiza-mais-de-1-300-pessoas-em-sp-vidas-que-nasceram-de-novo\/"]}]},{"@type":"ImageObject","inLanguage":"pt-BR","@id":"https:\/\/radioportoseguro.com.br\/site\/2026\/03\/08\/igreja-batiza-mais-de-1-300-pessoas-em-sp-vidas-que-nasceram-de-novo\/#primaryimage","url":"https:\/\/radioportoseguro.com.br\/site\/wp-content\/uploads\/2026\/03\/2641747114-batismo.jpeg","contentUrl":"https:\/\/radioportoseguro.com.br\/site\/wp-content\/uploads\/2026\/03\/2641747114-batismo.jpeg","width":1200,"height":600},{"@type":"BreadcrumbList","@id":"https:\/\/radioportoseguro.com.br\/site\/2026\/03\/08\/igreja-batiza-mais-de-1-300-pessoas-em-sp-vidas-que-nasceram-de-novo\/#breadcrumb","itemListElement":[{"@type":"ListItem","position":1,"name":"In\u00edcio","item":"https:\/\/radioportoseguro.com.br\/site\/"},{"@type":"ListItem","position":2,"name":"Igreja batiza mais de 1.300 pessoas em SP: \u201cVidas que nasceram de novo\u201d"}]},{"@type":"WebSite","@id":"https:\/\/radioportoseguro.com.br\/site\/#website","url":"https:\/\/radioportoseguro.com.br\/site\/","name":"R\u00e1dio Porto Seguro","description":"","potentialAction":[{"@type":"SearchAction","target":{"@type":"EntryPoint","urlTemplate":"https:\/\/radioportoseguro.com.br\/site\/?s={search_term_string}"},"query-input":{"@type":"PropertyValueSpecification","valueRequired":true,"valueName":"search_term_string"}}],"inLanguage":"pt-BR"},{"@type":"Person","@id":"https:\/\/radioportoseguro.com.br\/site\/#\/schema\/person\/7630acdc320186f13639d3c067ec089b","name":"admin","image":{"@type":"ImageObject","inLanguage":"pt-BR","@id":"https:\/\/radioportoseguro.com.br\/site\/#\/schema\/person\/image\/","url":"https:\/\/secure.gravatar.com\/avatar\/caacf4dc1eedb68fab0df8e1ed46c448e578b2466351bbcb61e47d2ac0caaef0?s=96&d=mm&r=g","contentUrl":"https:\/\/secure.gravatar.com\/avatar\/caacf4dc1eedb68fab0df8e1ed46c448e578b2466351bbcb61e47d2ac0caaef0?s=96&d=mm&r=g","caption":"admin"},"sameAs":["https:\/\/radioportoseguro.com.br\/site"],"url":"https:\/\/radioportoseguro.com.br\/site\/author\/hezio\/"}]}},"_links":{"self":[{"href":"https:\/\/radioportoseguro.com.br\/site\/wp-json\/wp\/v2\/posts\/4836","targetHints":{"allow":["GET"]}}],"collection":[{"href":"https:\/\/radioportoseguro.com.br\/site\/wp-json\/wp\/v2\/posts"}],"about":[{"href":"https:\/\/radioportoseguro.com.br\/site\/wp-json\/wp\/v2\/types\/post"}],"author":[{"embeddable":true,"href":"https:\/\/radioportoseguro.com.br\/site\/wp-json\/wp\/v2\/users\/1"}],"replies":[{"embeddable":true,"href":"https:\/\/radioportoseguro.com.br\/site\/wp-json\/wp\/v2\/comments?post=4836"}],"version-history":[{"count":0,"href":"https:\/\/radioportoseguro.com.br\/site\/wp-json\/wp\/v2\/posts\/4836\/revisions"}],"wp:featuredmedia":[{"embeddable":true,"href":"https:\/\/radioportoseguro.com.br\/site\/wp-json\/wp\/v2\/media\/4837"}],"wp:attachment":[{"href":"https:\/\/radioportoseguro.com.br\/site\/wp-json\/wp\/v2\/media?parent=4836"}],"wp:term":[{"taxonomy":"category","embeddable":true,"href":"https:\/\/radioportoseguro.com.br\/site\/wp-json\/wp\/v2\/categories?post=4836"},{"taxonomy":"post_tag","embeddable":true,"href":"https:\/\/radioportoseguro.com.br\/site\/wp-json\/wp\/v2\/tags?post=4836"}],"curies":[{"name":"wp","href":"https:\/\/api.w.org\/{rel}","templated":true}]}}