{"id":4846,"date":"2026-03-08T13:35:20","date_gmt":"2026-03-08T16:35:20","guid":{"rendered":"https:\/\/radioportoseguro.com.br\/site\/2026\/03\/08\/liberdade-religiosa-turquia-enfrenta-pressao-internacional-por-expulsao-de-missionarios\/"},"modified":"2026-03-08T13:35:20","modified_gmt":"2026-03-08T16:35:20","slug":"liberdade-religiosa-turquia-enfrenta-pressao-internacional-por-expulsao-de-missionarios","status":"publish","type":"post","link":"https:\/\/radioportoseguro.com.br\/site\/2026\/03\/08\/liberdade-religiosa-turquia-enfrenta-pressao-internacional-por-expulsao-de-missionarios\/","title":{"rendered":"Liberdade religiosa: Turquia enfrenta press\u00e3o internacional por expuls\u00e3o de mission\u00e1rios"},"content":{"rendered":"<p><br \/>\n<br \/><\/p>\n<div>\n<p>A Comiss\u00e3o dos Estados Unidos para a Liberdade Religiosa Internacional (USCIRF) se juntou ao Parlamento Europeu para discutir a situa\u00e7\u00e3o de <span style=\"color: #800000;\"><strong>crist\u00e3os estrangeiros expulsos da Turquia<\/strong><\/span>, em grande parte sob justificativas de \u201cseguran\u00e7a nacional\u201d.<\/p>\n<p>Desde 2020, o pa\u00eds expulsou mais de 200 ministros crist\u00e3os estrangeiros, o que impactou aproximadamente 350 pessoas.<\/p>\n<p>Muitas congrega\u00e7\u00f5es protestantes ficaram sem lideran\u00e7a espiritual, pois diversos dos atingidos s\u00e3o ministros ordenados, alguns com d\u00e9cadas de perman\u00eancia no pa\u00eds.<\/p>\n<p>No m\u00eas anterior, o Tribunal Europeu dos Direitos Humanos (TEDH) notificou a Turquia sobre 20 casos de crist\u00e3os impedidos de entrar no pa\u00eds.<\/p>\n<p>Pouco depois, o Parlamento Europeu aprovou uma resolu\u00e7\u00e3o que condena a expuls\u00e3o de crist\u00e3os estrangeiros, realizada sob alega\u00e7\u00f5es infundadas de seguran\u00e7a nacional e sem respeito ao devido processo legal.<\/p>\n<p><strong>Liberdade religiosa<\/strong><\/p>\n<p>A USCIRF tamb\u00e9m passou a se envolver no tema, recomendando que a Turquia seja inclu\u00edda em uma Lista de Vigil\u00e2ncia Especial devido a viola\u00e7\u00f5es da<span style=\"color: #800000;\"> <strong>liberdade religiosa<\/strong><\/span>.<\/p>\n<p>\u00a0\u201cA classifica\u00e7\u00e3o arbitr\u00e1ria de crist\u00e3os protestantes nascidos no exterior como amea\u00e7as \u00e0 seguran\u00e7a nacional por parte da Turquia visa intimidar a comunidade crist\u00e3 e impedi-la de se reunir para o culto. Todos, independentemente do status de resid\u00eancia, t\u00eam o direito \u00e0 liberdade de religi\u00e3o ou cren\u00e7a, conforme o direito internacional\u201d, declarou a presidente da USCIRF, Vicky Hartzle.<\/p>\n<p>\u201cO governo dos EUA deve manter o \u00edmpeto alcan\u00e7ado pelo presidente Trump em seu encontro de setembro com o presidente Erdo\u011fan e pressionar por melhorias tang\u00edveis no hist\u00f3rico de liberdade religiosa da Turquia, incluindo o fim de suas t\u00e1ticas repressivas contra os crist\u00e3os.\u201d<\/p>\n<p>Muitos dos crist\u00e3os impedidos de retornar \u00e0 Turquia s\u00e3o representados pela ADF Internacional, que afirma que alguns deles viveram no pa\u00eds por d\u00e9cadas antes de terem a reentrada negada.<\/p>\n<p>\u201cEsperamos que o governo dos EUA e a comunidade internacional continuem a defender esse direito fundamental e a exigir que a Turquia ponha fim \u00e0s expuls\u00f5es seletivas de mission\u00e1rios crist\u00e3os\u201d, disse Kelsey Zorzi, diretora de Advocacia da ADF International.<\/p>\n<p>\u201cPraticar pacificamente a f\u00e9 crist\u00e3 n\u00e3o \u00e9 motivo para ser rotulado como uma amea\u00e7a \u00e0 seguran\u00e7a e expulso do pa\u00eds onde essas pessoas constru\u00edram suas vidas legalmente.\u201d<\/p>\n<\/div>\n<p><br \/>\n<br \/>Fonte: Guiame <\/p>\n","protected":false},"excerpt":{"rendered":"<p>A Comiss\u00e3o dos Estados Unidos para a Liberdade Religiosa Internacional (USCIRF) se juntou ao Parlamento Europeu para discutir a situa\u00e7\u00e3o de crist\u00e3os estrangeiros expulsos da Turquia, em grande parte sob justificativas de \u201cseguran\u00e7a nacional\u201d. Desde 2020, o pa\u00eds expulsou mais de 200 ministros crist\u00e3os estrangeiros, o que impactou aproximadamente 350 pessoas. Muitas congrega\u00e7\u00f5es protestantes ficaram [&hellip;]<\/p>\n","protected":false},"author":1,"featured_media":4847,"comment_status":"","ping_status":"open","sticky":false,"template":"","format":"standard","meta":{"footnotes":""},"categories":[43],"tags":[],"class_list":["post-4846","post","type-post","status-publish","format-standard","has-post-thumbnail","hentry","category-destaques"],"yoast_head":"<!-- This site is optimized with the Yoast SEO plugin v26.8 - https:\/\/yoast.com\/product\/yoast-seo-wordpress\/ -->\n<title>Liberdade religiosa: Turquia enfrenta press\u00e3o internacional por expuls\u00e3o de mission\u00e1rios - R\u00e1dio Porto Seguro<\/title>\n<meta name=\"robots\" content=\"index, follow, max-snippet:-1, max-image-preview:large, max-video-preview:-1\" \/>\n<link rel=\"canonical\" href=\"https:\/\/radioportoseguro.com.br\/site\/2026\/03\/08\/liberdade-religiosa-turquia-enfrenta-pressao-internacional-por-expulsao-de-missionarios\/\" \/>\n<meta property=\"og:locale\" content=\"pt_BR\" \/>\n<meta property=\"og:type\" content=\"article\" \/>\n<meta property=\"og:title\" content=\"Liberdade religiosa: Turquia enfrenta press\u00e3o internacional por expuls\u00e3o de mission\u00e1rios - R\u00e1dio Porto Seguro\" \/>\n<meta property=\"og:description\" content=\"A Comiss\u00e3o dos Estados Unidos para a Liberdade Religiosa Internacional (USCIRF) se juntou ao Parlamento Europeu para discutir a situa\u00e7\u00e3o de crist\u00e3os estrangeiros expulsos da Turquia, em grande parte sob justificativas de \u201cseguran\u00e7a nacional\u201d. Desde 2020, o pa\u00eds expulsou mais de 200 ministros crist\u00e3os estrangeiros, o que impactou aproximadamente 350 pessoas. Muitas congrega\u00e7\u00f5es protestantes ficaram [&hellip;]\" \/>\n<meta property=\"og:url\" content=\"https:\/\/radioportoseguro.com.br\/site\/2026\/03\/08\/liberdade-religiosa-turquia-enfrenta-pressao-internacional-por-expulsao-de-missionarios\/\" \/>\n<meta property=\"og:site_name\" content=\"R\u00e1dio Porto Seguro\" \/>\n<meta property=\"article:published_time\" content=\"2026-03-08T16:35:20+00:00\" \/>\n<meta property=\"og:image\" content=\"https:\/\/media.guiame.com.br\/archives\/2026\/03\/04\/86165433-turquia.png\" \/>\n<meta name=\"author\" content=\"admin\" \/>\n<meta name=\"twitter:card\" content=\"summary_large_image\" \/>\n<meta name=\"twitter:label1\" content=\"Escrito por\" \/>\n\t<meta name=\"twitter:data1\" content=\"admin\" \/>\n\t<meta name=\"twitter:label2\" content=\"Est. tempo de leitura\" \/>\n\t<meta name=\"twitter:data2\" content=\"2 minutos\" \/>\n<script type=\"application\/ld+json\" class=\"yoast-schema-graph\">{\"@context\":\"https:\/\/schema.org\",\"@graph\":[{\"@type\":\"Article\",\"@id\":\"https:\/\/radioportoseguro.com.br\/site\/2026\/03\/08\/liberdade-religiosa-turquia-enfrenta-pressao-internacional-por-expulsao-de-missionarios\/#article\",\"isPartOf\":{\"@id\":\"https:\/\/radioportoseguro.com.br\/site\/2026\/03\/08\/liberdade-religiosa-turquia-enfrenta-pressao-internacional-por-expulsao-de-missionarios\/\"},\"author\":{\"name\":\"admin\",\"@id\":\"https:\/\/radioportoseguro.com.br\/site\/#\/schema\/person\/7630acdc320186f13639d3c067ec089b\"},\"headline\":\"Liberdade religiosa: Turquia enfrenta press\u00e3o internacional por expuls\u00e3o de mission\u00e1rios\",\"datePublished\":\"2026-03-08T16:35:20+00:00\",\"mainEntityOfPage\":{\"@id\":\"https:\/\/radioportoseguro.com.br\/site\/2026\/03\/08\/liberdade-religiosa-turquia-enfrenta-pressao-internacional-por-expulsao-de-missionarios\/\"},\"wordCount\":407,\"image\":{\"@id\":\"https:\/\/radioportoseguro.com.br\/site\/2026\/03\/08\/liberdade-religiosa-turquia-enfrenta-pressao-internacional-por-expulsao-de-missionarios\/#primaryimage\"},\"thumbnailUrl\":\"https:\/\/radioportoseguro.com.br\/site\/wp-content\/uploads\/2026\/03\/86165433-turquia.png\",\"articleSection\":[\"Destaques\"],\"inLanguage\":\"pt-BR\"},{\"@type\":\"WebPage\",\"@id\":\"https:\/\/radioportoseguro.com.br\/site\/2026\/03\/08\/liberdade-religiosa-turquia-enfrenta-pressao-internacional-por-expulsao-de-missionarios\/\",\"url\":\"https:\/\/radioportoseguro.com.br\/site\/2026\/03\/08\/liberdade-religiosa-turquia-enfrenta-pressao-internacional-por-expulsao-de-missionarios\/\",\"name\":\"Liberdade religiosa: Turquia enfrenta press\u00e3o internacional por expuls\u00e3o de mission\u00e1rios - R\u00e1dio Porto Seguro\",\"isPartOf\":{\"@id\":\"https:\/\/radioportoseguro.com.br\/site\/#website\"},\"primaryImageOfPage\":{\"@id\":\"https:\/\/radioportoseguro.com.br\/site\/2026\/03\/08\/liberdade-religiosa-turquia-enfrenta-pressao-internacional-por-expulsao-de-missionarios\/#primaryimage\"},\"image\":{\"@id\":\"https:\/\/radioportoseguro.com.br\/site\/2026\/03\/08\/liberdade-religiosa-turquia-enfrenta-pressao-internacional-por-expulsao-de-missionarios\/#primaryimage\"},\"thumbnailUrl\":\"https:\/\/radioportoseguro.com.br\/site\/wp-content\/uploads\/2026\/03\/86165433-turquia.png\",\"datePublished\":\"2026-03-08T16:35:20+00:00\",\"author\":{\"@id\":\"https:\/\/radioportoseguro.com.br\/site\/#\/schema\/person\/7630acdc320186f13639d3c067ec089b\"},\"breadcrumb\":{\"@id\":\"https:\/\/radioportoseguro.com.br\/site\/2026\/03\/08\/liberdade-religiosa-turquia-enfrenta-pressao-internacional-por-expulsao-de-missionarios\/#breadcrumb\"},\"inLanguage\":\"pt-BR\",\"potentialAction\":[{\"@type\":\"ReadAction\",\"target\":[\"https:\/\/radioportoseguro.com.br\/site\/2026\/03\/08\/liberdade-religiosa-turquia-enfrenta-pressao-internacional-por-expulsao-de-missionarios\/\"]}]},{\"@type\":\"ImageObject\",\"inLanguage\":\"pt-BR\",\"@id\":\"https:\/\/radioportoseguro.com.br\/site\/2026\/03\/08\/liberdade-religiosa-turquia-enfrenta-pressao-internacional-por-expulsao-de-missionarios\/#primaryimage\",\"url\":\"https:\/\/radioportoseguro.com.br\/site\/wp-content\/uploads\/2026\/03\/86165433-turquia.png\",\"contentUrl\":\"https:\/\/radioportoseguro.com.br\/site\/wp-content\/uploads\/2026\/03\/86165433-turquia.png\",\"width\":1200,\"height\":600},{\"@type\":\"BreadcrumbList\",\"@id\":\"https:\/\/radioportoseguro.com.br\/site\/2026\/03\/08\/liberdade-religiosa-turquia-enfrenta-pressao-internacional-por-expulsao-de-missionarios\/#breadcrumb\",\"itemListElement\":[{\"@type\":\"ListItem\",\"position\":1,\"name\":\"In\u00edcio\",\"item\":\"https:\/\/radioportoseguro.com.br\/site\/\"},{\"@type\":\"ListItem\",\"position\":2,\"name\":\"Liberdade religiosa: Turquia enfrenta press\u00e3o internacional por expuls\u00e3o de mission\u00e1rios\"}]},{\"@type\":\"WebSite\",\"@id\":\"https:\/\/radioportoseguro.com.br\/site\/#website\",\"url\":\"https:\/\/radioportoseguro.com.br\/site\/\",\"name\":\"R\u00e1dio Porto Seguro\",\"description\":\"\",\"potentialAction\":[{\"@type\":\"SearchAction\",\"target\":{\"@type\":\"EntryPoint\",\"urlTemplate\":\"https:\/\/radioportoseguro.com.br\/site\/?s={search_term_string}\"},\"query-input\":{\"@type\":\"PropertyValueSpecification\",\"valueRequired\":true,\"valueName\":\"search_term_string\"}}],\"inLanguage\":\"pt-BR\"},{\"@type\":\"Person\",\"@id\":\"https:\/\/radioportoseguro.com.br\/site\/#\/schema\/person\/7630acdc320186f13639d3c067ec089b\",\"name\":\"admin\",\"image\":{\"@type\":\"ImageObject\",\"inLanguage\":\"pt-BR\",\"@id\":\"https:\/\/radioportoseguro.com.br\/site\/#\/schema\/person\/image\/\",\"url\":\"https:\/\/secure.gravatar.com\/avatar\/caacf4dc1eedb68fab0df8e1ed46c448e578b2466351bbcb61e47d2ac0caaef0?s=96&d=mm&r=g\",\"contentUrl\":\"https:\/\/secure.gravatar.com\/avatar\/caacf4dc1eedb68fab0df8e1ed46c448e578b2466351bbcb61e47d2ac0caaef0?s=96&d=mm&r=g\",\"caption\":\"admin\"},\"sameAs\":[\"https:\/\/radioportoseguro.com.br\/site\"],\"url\":\"https:\/\/radioportoseguro.com.br\/site\/author\/hezio\/\"}]}<\/script>\n<!-- \/ Yoast SEO plugin. -->","yoast_head_json":{"title":"Liberdade religiosa: Turquia enfrenta press\u00e3o internacional por expuls\u00e3o de mission\u00e1rios - R\u00e1dio Porto Seguro","robots":{"index":"index","follow":"follow","max-snippet":"max-snippet:-1","max-image-preview":"max-image-preview:large","max-video-preview":"max-video-preview:-1"},"canonical":"https:\/\/radioportoseguro.com.br\/site\/2026\/03\/08\/liberdade-religiosa-turquia-enfrenta-pressao-internacional-por-expulsao-de-missionarios\/","og_locale":"pt_BR","og_type":"article","og_title":"Liberdade religiosa: Turquia enfrenta press\u00e3o internacional por expuls\u00e3o de mission\u00e1rios - R\u00e1dio Porto Seguro","og_description":"A Comiss\u00e3o dos Estados Unidos para a Liberdade Religiosa Internacional (USCIRF) se juntou ao Parlamento Europeu para discutir a situa\u00e7\u00e3o de crist\u00e3os estrangeiros expulsos da Turquia, em grande parte sob justificativas de \u201cseguran\u00e7a nacional\u201d. Desde 2020, o pa\u00eds expulsou mais de 200 ministros crist\u00e3os estrangeiros, o que impactou aproximadamente 350 pessoas. Muitas congrega\u00e7\u00f5es protestantes ficaram [&hellip;]","og_url":"https:\/\/radioportoseguro.com.br\/site\/2026\/03\/08\/liberdade-religiosa-turquia-enfrenta-pressao-internacional-por-expulsao-de-missionarios\/","og_site_name":"R\u00e1dio Porto Seguro","article_published_time":"2026-03-08T16:35:20+00:00","og_image":[{"url":"https:\/\/media.guiame.com.br\/archives\/2026\/03\/04\/86165433-turquia.png","type":"","width":"","height":""}],"author":"admin","twitter_card":"summary_large_image","twitter_misc":{"Escrito por":"admin","Est. tempo de leitura":"2 minutos"},"schema":{"@context":"https:\/\/schema.org","@graph":[{"@type":"Article","@id":"https:\/\/radioportoseguro.com.br\/site\/2026\/03\/08\/liberdade-religiosa-turquia-enfrenta-pressao-internacional-por-expulsao-de-missionarios\/#article","isPartOf":{"@id":"https:\/\/radioportoseguro.com.br\/site\/2026\/03\/08\/liberdade-religiosa-turquia-enfrenta-pressao-internacional-por-expulsao-de-missionarios\/"},"author":{"name":"admin","@id":"https:\/\/radioportoseguro.com.br\/site\/#\/schema\/person\/7630acdc320186f13639d3c067ec089b"},"headline":"Liberdade religiosa: Turquia enfrenta press\u00e3o internacional por expuls\u00e3o de mission\u00e1rios","datePublished":"2026-03-08T16:35:20+00:00","mainEntityOfPage":{"@id":"https:\/\/radioportoseguro.com.br\/site\/2026\/03\/08\/liberdade-religiosa-turquia-enfrenta-pressao-internacional-por-expulsao-de-missionarios\/"},"wordCount":407,"image":{"@id":"https:\/\/radioportoseguro.com.br\/site\/2026\/03\/08\/liberdade-religiosa-turquia-enfrenta-pressao-internacional-por-expulsao-de-missionarios\/#primaryimage"},"thumbnailUrl":"https:\/\/radioportoseguro.com.br\/site\/wp-content\/uploads\/2026\/03\/86165433-turquia.png","articleSection":["Destaques"],"inLanguage":"pt-BR"},{"@type":"WebPage","@id":"https:\/\/radioportoseguro.com.br\/site\/2026\/03\/08\/liberdade-religiosa-turquia-enfrenta-pressao-internacional-por-expulsao-de-missionarios\/","url":"https:\/\/radioportoseguro.com.br\/site\/2026\/03\/08\/liberdade-religiosa-turquia-enfrenta-pressao-internacional-por-expulsao-de-missionarios\/","name":"Liberdade religiosa: Turquia enfrenta press\u00e3o internacional por expuls\u00e3o de mission\u00e1rios - R\u00e1dio Porto Seguro","isPartOf":{"@id":"https:\/\/radioportoseguro.com.br\/site\/#website"},"primaryImageOfPage":{"@id":"https:\/\/radioportoseguro.com.br\/site\/2026\/03\/08\/liberdade-religiosa-turquia-enfrenta-pressao-internacional-por-expulsao-de-missionarios\/#primaryimage"},"image":{"@id":"https:\/\/radioportoseguro.com.br\/site\/2026\/03\/08\/liberdade-religiosa-turquia-enfrenta-pressao-internacional-por-expulsao-de-missionarios\/#primaryimage"},"thumbnailUrl":"https:\/\/radioportoseguro.com.br\/site\/wp-content\/uploads\/2026\/03\/86165433-turquia.png","datePublished":"2026-03-08T16:35:20+00:00","author":{"@id":"https:\/\/radioportoseguro.com.br\/site\/#\/schema\/person\/7630acdc320186f13639d3c067ec089b"},"breadcrumb":{"@id":"https:\/\/radioportoseguro.com.br\/site\/2026\/03\/08\/liberdade-religiosa-turquia-enfrenta-pressao-internacional-por-expulsao-de-missionarios\/#breadcrumb"},"inLanguage":"pt-BR","potentialAction":[{"@type":"ReadAction","target":["https:\/\/radioportoseguro.com.br\/site\/2026\/03\/08\/liberdade-religiosa-turquia-enfrenta-pressao-internacional-por-expulsao-de-missionarios\/"]}]},{"@type":"ImageObject","inLanguage":"pt-BR","@id":"https:\/\/radioportoseguro.com.br\/site\/2026\/03\/08\/liberdade-religiosa-turquia-enfrenta-pressao-internacional-por-expulsao-de-missionarios\/#primaryimage","url":"https:\/\/radioportoseguro.com.br\/site\/wp-content\/uploads\/2026\/03\/86165433-turquia.png","contentUrl":"https:\/\/radioportoseguro.com.br\/site\/wp-content\/uploads\/2026\/03\/86165433-turquia.png","width":1200,"height":600},{"@type":"BreadcrumbList","@id":"https:\/\/radioportoseguro.com.br\/site\/2026\/03\/08\/liberdade-religiosa-turquia-enfrenta-pressao-internacional-por-expulsao-de-missionarios\/#breadcrumb","itemListElement":[{"@type":"ListItem","position":1,"name":"In\u00edcio","item":"https:\/\/radioportoseguro.com.br\/site\/"},{"@type":"ListItem","position":2,"name":"Liberdade religiosa: Turquia enfrenta press\u00e3o internacional por expuls\u00e3o de mission\u00e1rios"}]},{"@type":"WebSite","@id":"https:\/\/radioportoseguro.com.br\/site\/#website","url":"https:\/\/radioportoseguro.com.br\/site\/","name":"R\u00e1dio Porto Seguro","description":"","potentialAction":[{"@type":"SearchAction","target":{"@type":"EntryPoint","urlTemplate":"https:\/\/radioportoseguro.com.br\/site\/?s={search_term_string}"},"query-input":{"@type":"PropertyValueSpecification","valueRequired":true,"valueName":"search_term_string"}}],"inLanguage":"pt-BR"},{"@type":"Person","@id":"https:\/\/radioportoseguro.com.br\/site\/#\/schema\/person\/7630acdc320186f13639d3c067ec089b","name":"admin","image":{"@type":"ImageObject","inLanguage":"pt-BR","@id":"https:\/\/radioportoseguro.com.br\/site\/#\/schema\/person\/image\/","url":"https:\/\/secure.gravatar.com\/avatar\/caacf4dc1eedb68fab0df8e1ed46c448e578b2466351bbcb61e47d2ac0caaef0?s=96&d=mm&r=g","contentUrl":"https:\/\/secure.gravatar.com\/avatar\/caacf4dc1eedb68fab0df8e1ed46c448e578b2466351bbcb61e47d2ac0caaef0?s=96&d=mm&r=g","caption":"admin"},"sameAs":["https:\/\/radioportoseguro.com.br\/site"],"url":"https:\/\/radioportoseguro.com.br\/site\/author\/hezio\/"}]}},"_links":{"self":[{"href":"https:\/\/radioportoseguro.com.br\/site\/wp-json\/wp\/v2\/posts\/4846","targetHints":{"allow":["GET"]}}],"collection":[{"href":"https:\/\/radioportoseguro.com.br\/site\/wp-json\/wp\/v2\/posts"}],"about":[{"href":"https:\/\/radioportoseguro.com.br\/site\/wp-json\/wp\/v2\/types\/post"}],"author":[{"embeddable":true,"href":"https:\/\/radioportoseguro.com.br\/site\/wp-json\/wp\/v2\/users\/1"}],"replies":[{"embeddable":true,"href":"https:\/\/radioportoseguro.com.br\/site\/wp-json\/wp\/v2\/comments?post=4846"}],"version-history":[{"count":0,"href":"https:\/\/radioportoseguro.com.br\/site\/wp-json\/wp\/v2\/posts\/4846\/revisions"}],"wp:featuredmedia":[{"embeddable":true,"href":"https:\/\/radioportoseguro.com.br\/site\/wp-json\/wp\/v2\/media\/4847"}],"wp:attachment":[{"href":"https:\/\/radioportoseguro.com.br\/site\/wp-json\/wp\/v2\/media?parent=4846"}],"wp:term":[{"taxonomy":"category","embeddable":true,"href":"https:\/\/radioportoseguro.com.br\/site\/wp-json\/wp\/v2\/categories?post=4846"},{"taxonomy":"post_tag","embeddable":true,"href":"https:\/\/radioportoseguro.com.br\/site\/wp-json\/wp\/v2\/tags?post=4846"}],"curies":[{"name":"wp","href":"https:\/\/api.w.org\/{rel}","templated":true}]}}