{"id":4888,"date":"2026-03-10T21:31:33","date_gmt":"2026-03-11T00:31:33","guid":{"rendered":"https:\/\/radioportoseguro.com.br\/site\/2026\/03\/10\/culto-ao-amanhecer-atrai-multidao-em-praia-no-rs-pessoas-aceitaram-jesus\/"},"modified":"2026-03-10T21:31:33","modified_gmt":"2026-03-11T00:31:33","slug":"culto-ao-amanhecer-atrai-multidao-em-praia-no-rs-pessoas-aceitaram-jesus","status":"publish","type":"post","link":"https:\/\/radioportoseguro.com.br\/site\/2026\/03\/10\/culto-ao-amanhecer-atrai-multidao-em-praia-no-rs-pessoas-aceitaram-jesus\/","title":{"rendered":"Culto ao amanhecer atrai multid\u00e3o em praia no RS: &#8220;Pessoas aceitaram Jesus&#8221;"},"content":{"rendered":"<p><br \/>\n<br \/><\/p>\n<div>\n<p><span style=\"font-weight: 400;\">Um culto ao amanhecer atraiu uma multid\u00e3o de pessoas para adorar a Deus em uma <\/span><span style=\"color: #800000;\"><strong>praia<\/strong><\/span><span style=\"font-weight: 400;\"> na cidade de Rio Grande (RS), na semana passada.<\/span><\/p>\n<p><span style=\"font-weight: 400;\">O evento, promovido pela Igreja Som Das \u00c1guas, iniciou \u00e0s 4h30, e levantou um altar de adora\u00e7\u00e3o na areia, no dia 28 de fevereiro.<\/span><\/p>\n<p><span style=\"font-weight: 400;\">Enquanto o sol nascia, crist\u00e3os e l\u00edderes de diversas igrejas louvaram ao Senhor guiados por um grupo de adora\u00e7\u00e3o.<\/span><\/p>\n<blockquote class=\"instagram-media\" style=\"background: #FFF; border: 0; border-radius: 3px; box-shadow: 0 0 1px 0 rgba(0,0,0,0.5),0 1px 10px 0 rgba(0,0,0,0.15); margin: 1px; max-width: 540px; min-width: 326px; padding: 0; width: calc(100% - 2px);\" data-instgrm-captioned=\"\" data-instgrm-permalink=\"https:\/\/www.instagram.com\/reel\/DVhKUO3j1M1\/?utm_source=ig_embed&amp;utm_campaign=loading\" data-instgrm-version=\"14\"><p>&#13;<br \/>\n&#13;\n<\/p><\/blockquote>\n<p><span style=\"font-weight: 400;\">\u201cEste n\u00e3o \u00e9 apenas um culto. \u00c9 um marco, \u00e9 um clamor, \u00e9 um despertar espiritual sobre Rio Grande\u201d, declarou a Igreja Som Das \u00c1guas, no Instagram.<\/span><\/p>\n<p><span style=\"font-weight: 400;\">O encontro tamb\u00e9m contou com momentos de intercess\u00e3o e de prega\u00e7\u00e3o do Evangelho.<\/span><\/p>\n<blockquote class=\"instagram-media\" style=\"background: #FFF; border: 0; border-radius: 3px; box-shadow: 0 0 1px 0 rgba(0,0,0,0.5),0 1px 10px 0 rgba(0,0,0,0.15); margin: 1px; max-width: 540px; min-width: 326px; padding: 0; width: calc(100% - 2px);\" data-instgrm-captioned=\"\" data-instgrm-permalink=\"https:\/\/www.instagram.com\/reel\/DVS0-k4DoWy\/?utm_source=ig_embed&amp;utm_campaign=loading\" data-instgrm-version=\"14\"><p>&#13;<br \/>\n&#13;\n<\/p><\/blockquote>\n<p><span style=\"font-weight: 400;\">Muitas pessoas foram tocadas por Deus e entregaram suas vidas a Jesus. \u201cTivemos um momento inesquec\u00edvel na Praia do Cassino. Foi um culto na madrugada cheio de adora\u00e7\u00e3o, comunh\u00e3o e uma presen\u00e7a de Deus muito forte entre n\u00f3s. Vidas foram tocadas, cora\u00e7\u00f5es renovados e pessoas entregaram suas vidas a Jesus\u201d, relatou a igreja Minist\u00e9rio Apost\u00f3lico Restaurando Vidas, que participou do evento.<\/span><\/p>\n<blockquote class=\"instagram-media\" style=\"background: #FFF; border: 0; border-radius: 3px; box-shadow: 0 0 1px 0 rgba(0,0,0,0.5),0 1px 10px 0 rgba(0,0,0,0.15); margin: 1px; max-width: 540px; min-width: 326px; padding: 0; width: calc(100% - 2px);\" data-instgrm-captioned=\"\" data-instgrm-permalink=\"https:\/\/www.instagram.com\/reel\/DVWBjyICbfU\/?utm_source=ig_embed&amp;utm_campaign=loading\" data-instgrm-version=\"14\"><p>&#13;<br \/>\n&#13;\n<\/p><\/blockquote>\n<p><span style=\"font-weight: 400;\">Em Florian\u00f3polis (SC), cerca de <\/span><span style=\"color: #800000;\"><strong>5 mil pessoas tamb\u00e9m se reuniram em uma praia<\/strong><\/span><span style=\"font-weight: 400;\"> para louvar a Jesus, em janeiro deste ano.<\/span><\/p>\n<p><span style=\"font-weight: 400;\">Antes mesmo do sol nascer, a 5\u00aa edi\u00e7\u00e3o do \u201cDesperta\u201d, promovida pela Surf House Comunidade Crist\u00e3 reuniu milhares de crist\u00e3os para momentos de ora\u00e7\u00e3o, louvor e batismos.<\/span><\/p>\n<\/div>\n<p><script async src=\"\/\/www.instagram.com\/embed.js\"><\/script><br \/>\n<br \/><br \/>\n<br \/>Fonte: Guiame <\/p>\n","protected":false},"excerpt":{"rendered":"<p>Um culto ao amanhecer atraiu uma multid\u00e3o de pessoas para adorar a Deus em uma praia na cidade de Rio Grande (RS), na semana passada. O evento, promovido pela Igreja Som Das \u00c1guas, iniciou \u00e0s 4h30, e levantou um altar de adora\u00e7\u00e3o na areia, no dia 28 de fevereiro. Enquanto o sol nascia, crist\u00e3os e [&hellip;]<\/p>\n","protected":false},"author":1,"featured_media":4889,"comment_status":"","ping_status":"open","sticky":false,"template":"","format":"standard","meta":{"footnotes":""},"categories":[43],"tags":[],"class_list":["post-4888","post","type-post","status-publish","format-standard","has-post-thumbnail","hentry","category-destaques"],"yoast_head":"<!-- This site is optimized with the Yoast SEO plugin v26.8 - https:\/\/yoast.com\/product\/yoast-seo-wordpress\/ -->\n<title>Culto ao amanhecer atrai multid\u00e3o em praia no RS: &quot;Pessoas aceitaram Jesus&quot; - R\u00e1dio Porto Seguro<\/title>\n<meta name=\"robots\" content=\"index, follow, max-snippet:-1, max-image-preview:large, max-video-preview:-1\" \/>\n<link rel=\"canonical\" href=\"https:\/\/radioportoseguro.com.br\/site\/2026\/03\/10\/culto-ao-amanhecer-atrai-multidao-em-praia-no-rs-pessoas-aceitaram-jesus\/\" \/>\n<meta property=\"og:locale\" content=\"pt_BR\" \/>\n<meta property=\"og:type\" content=\"article\" \/>\n<meta property=\"og:title\" content=\"Culto ao amanhecer atrai multid\u00e3o em praia no RS: &quot;Pessoas aceitaram Jesus&quot; - R\u00e1dio Porto Seguro\" \/>\n<meta property=\"og:description\" content=\"Um culto ao amanhecer atraiu uma multid\u00e3o de pessoas para adorar a Deus em uma praia na cidade de Rio Grande (RS), na semana passada. O evento, promovido pela Igreja Som Das \u00c1guas, iniciou \u00e0s 4h30, e levantou um altar de adora\u00e7\u00e3o na areia, no dia 28 de fevereiro. Enquanto o sol nascia, crist\u00e3os e [&hellip;]\" \/>\n<meta property=\"og:url\" content=\"https:\/\/radioportoseguro.com.br\/site\/2026\/03\/10\/culto-ao-amanhecer-atrai-multidao-em-praia-no-rs-pessoas-aceitaram-jesus\/\" \/>\n<meta property=\"og:site_name\" content=\"R\u00e1dio Porto Seguro\" \/>\n<meta property=\"article:published_time\" content=\"2026-03-11T00:31:33+00:00\" \/>\n<meta property=\"og:image\" content=\"https:\/\/media.guiame.com.br\/archives\/2026\/03\/09\/3771372234-praia.jpeg\" \/>\n<meta name=\"author\" content=\"admin\" \/>\n<meta name=\"twitter:card\" content=\"summary_large_image\" \/>\n<meta name=\"twitter:label1\" content=\"Escrito por\" \/>\n\t<meta name=\"twitter:data1\" content=\"admin\" \/>\n\t<meta name=\"twitter:label2\" content=\"Est. tempo de leitura\" \/>\n\t<meta name=\"twitter:data2\" content=\"1 minuto\" \/>\n<script type=\"application\/ld+json\" class=\"yoast-schema-graph\">{\"@context\":\"https:\/\/schema.org\",\"@graph\":[{\"@type\":\"Article\",\"@id\":\"https:\/\/radioportoseguro.com.br\/site\/2026\/03\/10\/culto-ao-amanhecer-atrai-multidao-em-praia-no-rs-pessoas-aceitaram-jesus\/#article\",\"isPartOf\":{\"@id\":\"https:\/\/radioportoseguro.com.br\/site\/2026\/03\/10\/culto-ao-amanhecer-atrai-multidao-em-praia-no-rs-pessoas-aceitaram-jesus\/\"},\"author\":{\"name\":\"admin\",\"@id\":\"https:\/\/radioportoseguro.com.br\/site\/#\/schema\/person\/7630acdc320186f13639d3c067ec089b\"},\"headline\":\"Culto ao amanhecer atrai multid\u00e3o em praia no RS: &#8220;Pessoas aceitaram Jesus&#8221;\",\"datePublished\":\"2026-03-11T00:31:33+00:00\",\"mainEntityOfPage\":{\"@id\":\"https:\/\/radioportoseguro.com.br\/site\/2026\/03\/10\/culto-ao-amanhecer-atrai-multidao-em-praia-no-rs-pessoas-aceitaram-jesus\/\"},\"wordCount\":250,\"image\":{\"@id\":\"https:\/\/radioportoseguro.com.br\/site\/2026\/03\/10\/culto-ao-amanhecer-atrai-multidao-em-praia-no-rs-pessoas-aceitaram-jesus\/#primaryimage\"},\"thumbnailUrl\":\"https:\/\/radioportoseguro.com.br\/site\/wp-content\/uploads\/2026\/03\/3771372234-praia.jpeg\",\"articleSection\":[\"Destaques\"],\"inLanguage\":\"pt-BR\"},{\"@type\":\"WebPage\",\"@id\":\"https:\/\/radioportoseguro.com.br\/site\/2026\/03\/10\/culto-ao-amanhecer-atrai-multidao-em-praia-no-rs-pessoas-aceitaram-jesus\/\",\"url\":\"https:\/\/radioportoseguro.com.br\/site\/2026\/03\/10\/culto-ao-amanhecer-atrai-multidao-em-praia-no-rs-pessoas-aceitaram-jesus\/\",\"name\":\"Culto ao amanhecer atrai multid\u00e3o em praia no RS: \\\"Pessoas aceitaram Jesus\\\" - R\u00e1dio Porto Seguro\",\"isPartOf\":{\"@id\":\"https:\/\/radioportoseguro.com.br\/site\/#website\"},\"primaryImageOfPage\":{\"@id\":\"https:\/\/radioportoseguro.com.br\/site\/2026\/03\/10\/culto-ao-amanhecer-atrai-multidao-em-praia-no-rs-pessoas-aceitaram-jesus\/#primaryimage\"},\"image\":{\"@id\":\"https:\/\/radioportoseguro.com.br\/site\/2026\/03\/10\/culto-ao-amanhecer-atrai-multidao-em-praia-no-rs-pessoas-aceitaram-jesus\/#primaryimage\"},\"thumbnailUrl\":\"https:\/\/radioportoseguro.com.br\/site\/wp-content\/uploads\/2026\/03\/3771372234-praia.jpeg\",\"datePublished\":\"2026-03-11T00:31:33+00:00\",\"author\":{\"@id\":\"https:\/\/radioportoseguro.com.br\/site\/#\/schema\/person\/7630acdc320186f13639d3c067ec089b\"},\"breadcrumb\":{\"@id\":\"https:\/\/radioportoseguro.com.br\/site\/2026\/03\/10\/culto-ao-amanhecer-atrai-multidao-em-praia-no-rs-pessoas-aceitaram-jesus\/#breadcrumb\"},\"inLanguage\":\"pt-BR\",\"potentialAction\":[{\"@type\":\"ReadAction\",\"target\":[\"https:\/\/radioportoseguro.com.br\/site\/2026\/03\/10\/culto-ao-amanhecer-atrai-multidao-em-praia-no-rs-pessoas-aceitaram-jesus\/\"]}]},{\"@type\":\"ImageObject\",\"inLanguage\":\"pt-BR\",\"@id\":\"https:\/\/radioportoseguro.com.br\/site\/2026\/03\/10\/culto-ao-amanhecer-atrai-multidao-em-praia-no-rs-pessoas-aceitaram-jesus\/#primaryimage\",\"url\":\"https:\/\/radioportoseguro.com.br\/site\/wp-content\/uploads\/2026\/03\/3771372234-praia.jpeg\",\"contentUrl\":\"https:\/\/radioportoseguro.com.br\/site\/wp-content\/uploads\/2026\/03\/3771372234-praia.jpeg\",\"width\":1200,\"height\":600},{\"@type\":\"BreadcrumbList\",\"@id\":\"https:\/\/radioportoseguro.com.br\/site\/2026\/03\/10\/culto-ao-amanhecer-atrai-multidao-em-praia-no-rs-pessoas-aceitaram-jesus\/#breadcrumb\",\"itemListElement\":[{\"@type\":\"ListItem\",\"position\":1,\"name\":\"In\u00edcio\",\"item\":\"https:\/\/radioportoseguro.com.br\/site\/\"},{\"@type\":\"ListItem\",\"position\":2,\"name\":\"Culto ao amanhecer atrai multid\u00e3o em praia no RS: &#8220;Pessoas aceitaram Jesus&#8221;\"}]},{\"@type\":\"WebSite\",\"@id\":\"https:\/\/radioportoseguro.com.br\/site\/#website\",\"url\":\"https:\/\/radioportoseguro.com.br\/site\/\",\"name\":\"R\u00e1dio Porto Seguro\",\"description\":\"\",\"potentialAction\":[{\"@type\":\"SearchAction\",\"target\":{\"@type\":\"EntryPoint\",\"urlTemplate\":\"https:\/\/radioportoseguro.com.br\/site\/?s={search_term_string}\"},\"query-input\":{\"@type\":\"PropertyValueSpecification\",\"valueRequired\":true,\"valueName\":\"search_term_string\"}}],\"inLanguage\":\"pt-BR\"},{\"@type\":\"Person\",\"@id\":\"https:\/\/radioportoseguro.com.br\/site\/#\/schema\/person\/7630acdc320186f13639d3c067ec089b\",\"name\":\"admin\",\"image\":{\"@type\":\"ImageObject\",\"inLanguage\":\"pt-BR\",\"@id\":\"https:\/\/radioportoseguro.com.br\/site\/#\/schema\/person\/image\/\",\"url\":\"https:\/\/secure.gravatar.com\/avatar\/caacf4dc1eedb68fab0df8e1ed46c448e578b2466351bbcb61e47d2ac0caaef0?s=96&d=mm&r=g\",\"contentUrl\":\"https:\/\/secure.gravatar.com\/avatar\/caacf4dc1eedb68fab0df8e1ed46c448e578b2466351bbcb61e47d2ac0caaef0?s=96&d=mm&r=g\",\"caption\":\"admin\"},\"sameAs\":[\"https:\/\/radioportoseguro.com.br\/site\"],\"url\":\"https:\/\/radioportoseguro.com.br\/site\/author\/hezio\/\"}]}<\/script>\n<!-- \/ Yoast SEO plugin. -->","yoast_head_json":{"title":"Culto ao amanhecer atrai multid\u00e3o em praia no RS: \"Pessoas aceitaram Jesus\" - R\u00e1dio Porto Seguro","robots":{"index":"index","follow":"follow","max-snippet":"max-snippet:-1","max-image-preview":"max-image-preview:large","max-video-preview":"max-video-preview:-1"},"canonical":"https:\/\/radioportoseguro.com.br\/site\/2026\/03\/10\/culto-ao-amanhecer-atrai-multidao-em-praia-no-rs-pessoas-aceitaram-jesus\/","og_locale":"pt_BR","og_type":"article","og_title":"Culto ao amanhecer atrai multid\u00e3o em praia no RS: \"Pessoas aceitaram Jesus\" - R\u00e1dio Porto Seguro","og_description":"Um culto ao amanhecer atraiu uma multid\u00e3o de pessoas para adorar a Deus em uma praia na cidade de Rio Grande (RS), na semana passada. O evento, promovido pela Igreja Som Das \u00c1guas, iniciou \u00e0s 4h30, e levantou um altar de adora\u00e7\u00e3o na areia, no dia 28 de fevereiro. Enquanto o sol nascia, crist\u00e3os e [&hellip;]","og_url":"https:\/\/radioportoseguro.com.br\/site\/2026\/03\/10\/culto-ao-amanhecer-atrai-multidao-em-praia-no-rs-pessoas-aceitaram-jesus\/","og_site_name":"R\u00e1dio Porto Seguro","article_published_time":"2026-03-11T00:31:33+00:00","og_image":[{"url":"https:\/\/media.guiame.com.br\/archives\/2026\/03\/09\/3771372234-praia.jpeg","type":"","width":"","height":""}],"author":"admin","twitter_card":"summary_large_image","twitter_misc":{"Escrito por":"admin","Est. tempo de leitura":"1 minuto"},"schema":{"@context":"https:\/\/schema.org","@graph":[{"@type":"Article","@id":"https:\/\/radioportoseguro.com.br\/site\/2026\/03\/10\/culto-ao-amanhecer-atrai-multidao-em-praia-no-rs-pessoas-aceitaram-jesus\/#article","isPartOf":{"@id":"https:\/\/radioportoseguro.com.br\/site\/2026\/03\/10\/culto-ao-amanhecer-atrai-multidao-em-praia-no-rs-pessoas-aceitaram-jesus\/"},"author":{"name":"admin","@id":"https:\/\/radioportoseguro.com.br\/site\/#\/schema\/person\/7630acdc320186f13639d3c067ec089b"},"headline":"Culto ao amanhecer atrai multid\u00e3o em praia no RS: &#8220;Pessoas aceitaram Jesus&#8221;","datePublished":"2026-03-11T00:31:33+00:00","mainEntityOfPage":{"@id":"https:\/\/radioportoseguro.com.br\/site\/2026\/03\/10\/culto-ao-amanhecer-atrai-multidao-em-praia-no-rs-pessoas-aceitaram-jesus\/"},"wordCount":250,"image":{"@id":"https:\/\/radioportoseguro.com.br\/site\/2026\/03\/10\/culto-ao-amanhecer-atrai-multidao-em-praia-no-rs-pessoas-aceitaram-jesus\/#primaryimage"},"thumbnailUrl":"https:\/\/radioportoseguro.com.br\/site\/wp-content\/uploads\/2026\/03\/3771372234-praia.jpeg","articleSection":["Destaques"],"inLanguage":"pt-BR"},{"@type":"WebPage","@id":"https:\/\/radioportoseguro.com.br\/site\/2026\/03\/10\/culto-ao-amanhecer-atrai-multidao-em-praia-no-rs-pessoas-aceitaram-jesus\/","url":"https:\/\/radioportoseguro.com.br\/site\/2026\/03\/10\/culto-ao-amanhecer-atrai-multidao-em-praia-no-rs-pessoas-aceitaram-jesus\/","name":"Culto ao amanhecer atrai multid\u00e3o em praia no RS: \"Pessoas aceitaram Jesus\" - R\u00e1dio Porto Seguro","isPartOf":{"@id":"https:\/\/radioportoseguro.com.br\/site\/#website"},"primaryImageOfPage":{"@id":"https:\/\/radioportoseguro.com.br\/site\/2026\/03\/10\/culto-ao-amanhecer-atrai-multidao-em-praia-no-rs-pessoas-aceitaram-jesus\/#primaryimage"},"image":{"@id":"https:\/\/radioportoseguro.com.br\/site\/2026\/03\/10\/culto-ao-amanhecer-atrai-multidao-em-praia-no-rs-pessoas-aceitaram-jesus\/#primaryimage"},"thumbnailUrl":"https:\/\/radioportoseguro.com.br\/site\/wp-content\/uploads\/2026\/03\/3771372234-praia.jpeg","datePublished":"2026-03-11T00:31:33+00:00","author":{"@id":"https:\/\/radioportoseguro.com.br\/site\/#\/schema\/person\/7630acdc320186f13639d3c067ec089b"},"breadcrumb":{"@id":"https:\/\/radioportoseguro.com.br\/site\/2026\/03\/10\/culto-ao-amanhecer-atrai-multidao-em-praia-no-rs-pessoas-aceitaram-jesus\/#breadcrumb"},"inLanguage":"pt-BR","potentialAction":[{"@type":"ReadAction","target":["https:\/\/radioportoseguro.com.br\/site\/2026\/03\/10\/culto-ao-amanhecer-atrai-multidao-em-praia-no-rs-pessoas-aceitaram-jesus\/"]}]},{"@type":"ImageObject","inLanguage":"pt-BR","@id":"https:\/\/radioportoseguro.com.br\/site\/2026\/03\/10\/culto-ao-amanhecer-atrai-multidao-em-praia-no-rs-pessoas-aceitaram-jesus\/#primaryimage","url":"https:\/\/radioportoseguro.com.br\/site\/wp-content\/uploads\/2026\/03\/3771372234-praia.jpeg","contentUrl":"https:\/\/radioportoseguro.com.br\/site\/wp-content\/uploads\/2026\/03\/3771372234-praia.jpeg","width":1200,"height":600},{"@type":"BreadcrumbList","@id":"https:\/\/radioportoseguro.com.br\/site\/2026\/03\/10\/culto-ao-amanhecer-atrai-multidao-em-praia-no-rs-pessoas-aceitaram-jesus\/#breadcrumb","itemListElement":[{"@type":"ListItem","position":1,"name":"In\u00edcio","item":"https:\/\/radioportoseguro.com.br\/site\/"},{"@type":"ListItem","position":2,"name":"Culto ao amanhecer atrai multid\u00e3o em praia no RS: &#8220;Pessoas aceitaram Jesus&#8221;"}]},{"@type":"WebSite","@id":"https:\/\/radioportoseguro.com.br\/site\/#website","url":"https:\/\/radioportoseguro.com.br\/site\/","name":"R\u00e1dio Porto Seguro","description":"","potentialAction":[{"@type":"SearchAction","target":{"@type":"EntryPoint","urlTemplate":"https:\/\/radioportoseguro.com.br\/site\/?s={search_term_string}"},"query-input":{"@type":"PropertyValueSpecification","valueRequired":true,"valueName":"search_term_string"}}],"inLanguage":"pt-BR"},{"@type":"Person","@id":"https:\/\/radioportoseguro.com.br\/site\/#\/schema\/person\/7630acdc320186f13639d3c067ec089b","name":"admin","image":{"@type":"ImageObject","inLanguage":"pt-BR","@id":"https:\/\/radioportoseguro.com.br\/site\/#\/schema\/person\/image\/","url":"https:\/\/secure.gravatar.com\/avatar\/caacf4dc1eedb68fab0df8e1ed46c448e578b2466351bbcb61e47d2ac0caaef0?s=96&d=mm&r=g","contentUrl":"https:\/\/secure.gravatar.com\/avatar\/caacf4dc1eedb68fab0df8e1ed46c448e578b2466351bbcb61e47d2ac0caaef0?s=96&d=mm&r=g","caption":"admin"},"sameAs":["https:\/\/radioportoseguro.com.br\/site"],"url":"https:\/\/radioportoseguro.com.br\/site\/author\/hezio\/"}]}},"_links":{"self":[{"href":"https:\/\/radioportoseguro.com.br\/site\/wp-json\/wp\/v2\/posts\/4888","targetHints":{"allow":["GET"]}}],"collection":[{"href":"https:\/\/radioportoseguro.com.br\/site\/wp-json\/wp\/v2\/posts"}],"about":[{"href":"https:\/\/radioportoseguro.com.br\/site\/wp-json\/wp\/v2\/types\/post"}],"author":[{"embeddable":true,"href":"https:\/\/radioportoseguro.com.br\/site\/wp-json\/wp\/v2\/users\/1"}],"replies":[{"embeddable":true,"href":"https:\/\/radioportoseguro.com.br\/site\/wp-json\/wp\/v2\/comments?post=4888"}],"version-history":[{"count":0,"href":"https:\/\/radioportoseguro.com.br\/site\/wp-json\/wp\/v2\/posts\/4888\/revisions"}],"wp:featuredmedia":[{"embeddable":true,"href":"https:\/\/radioportoseguro.com.br\/site\/wp-json\/wp\/v2\/media\/4889"}],"wp:attachment":[{"href":"https:\/\/radioportoseguro.com.br\/site\/wp-json\/wp\/v2\/media?parent=4888"}],"wp:term":[{"taxonomy":"category","embeddable":true,"href":"https:\/\/radioportoseguro.com.br\/site\/wp-json\/wp\/v2\/categories?post=4888"},{"taxonomy":"post_tag","embeddable":true,"href":"https:\/\/radioportoseguro.com.br\/site\/wp-json\/wp\/v2\/tags?post=4888"}],"curies":[{"name":"wp","href":"https:\/\/api.w.org\/{rel}","templated":true}]}}