{"id":4892,"date":"2026-03-10T23:34:26","date_gmt":"2026-03-11T02:34:26","guid":{"rendered":"https:\/\/radioportoseguro.com.br\/site\/2026\/03\/10\/quando-outros-veem-e-eu-nao-os-pontos-cegos-que-atrasam-o-romper\/"},"modified":"2026-03-10T23:34:26","modified_gmt":"2026-03-11T02:34:26","slug":"quando-outros-veem-e-eu-nao-os-pontos-cegos-que-atrasam-o-romper","status":"publish","type":"post","link":"https:\/\/radioportoseguro.com.br\/site\/2026\/03\/10\/quando-outros-veem-e-eu-nao-os-pontos-cegos-que-atrasam-o-romper\/","title":{"rendered":"Quando outros veem e eu n\u00e3o: Os pontos cegos que atrasam o romper"},"content":{"rendered":"<p><br \/>\n<br \/><\/p>\n<div>\n<p>Tem um tipo de pergunta que a gente evita sem perceber. N\u00e3o por maldade \u2014 por autoprote\u00e7\u00e3o. \u00c9 aquela pergunta que, se respondida com honestidade, muda o rumo da vida:<\/p>\n<p><strong>\u201cO que eu n\u00e3o estou enxergando em mim?\u201d<\/strong><\/p>\n<p>Porque a verdade \u00e9 que, muitas vezes, <strong>outros veem antes<\/strong>. Veem o nosso cansa\u00e7o, a nossa irrita\u00e7\u00e3o frequente, a nossa ansiedade que a gente chama de \u201cresponsabilidade\u201d, o nosso controle que a gente chama de \u201cexcel\u00eancia\u201d. E a gente\u2026 segue achando que est\u00e1 tudo sob controle \u2014 at\u00e9 o dia em que n\u00e3o est\u00e1.<\/p>\n<p>E a\u00ed, quando Deus fala sobre <strong>romper<\/strong>, a primeira etapa quase sempre \u00e9 essa aqui: <strong>enxergar<\/strong>.<\/p>\n<p><strong>O que s\u00e3o \u201cpontos cegos\u201d (sem mist\u00e9rio)<\/strong><\/p>\n<p>Ponto cego \u00e0s vezes \u00e9 um padr\u00e3o repetido que virou \u201cmeu normal\u201d. \u00c9 o tipo de coisa que a gente justificou por tanto tempo que ficou invis\u00edvel.<\/p>\n<p>A B\u00edblia fala sobre engano do cora\u00e7\u00e3o de um jeito bem direto:<\/p>\n<p style=\"text-align: center;\"><strong>\u201cEnganoso \u00e9 o cora\u00e7\u00e3o, mais do que todas as coisas, e desesperadamente corrupto; quem o conhecer\u00e1?\u201d <\/strong><em>Jeremias 17:9, ARA<\/em><\/p>\n<p>Isso n\u00e3o \u00e9 um vers\u00edculo para nos humilhar. \u00c9 um vers\u00edculo para nos <strong>acordar<\/strong>: a gente pode estar sinceramente errado sobre si mesmo \u2014 e ainda assim achar que est\u00e1 certo.<\/p>\n<p>E \u00e9 a\u00ed que Deus nos convida para uma postura muito mais eficaz do que defesa: <strong>exame<\/strong>.<\/p>\n<p style=\"text-align: center;\"><strong>\u201cEsquadrinhemos os nossos caminhos, provemo-los e voltemos para o SENHOR.\u201d <\/strong><em>Lamenta\u00e7\u00f5es 3:40, ARA<\/em><\/p>\n<p><strong>Deus usa gente para nos ajudar a enxergar (e isso n\u00e3o \u00e9 fraqueza).<\/strong><\/p>\n<p>Se voc\u00ea tem algu\u00e9m maduro na f\u00e9 \u2014 um l\u00edder, um mentor, um amigo s\u00e1bio \u2014 isso \u00e9 presente de Deus. A B\u00edblia chama isso de afiar.<\/p>\n<p style=\"text-align: center;\"><strong>\u201cComo o ferro com o ferro se afia, assim, o homem, ao seu amigo.\u201d <\/strong><em>Prov\u00e9rbios 27:17, ARA <\/em><\/p>\n<p style=\"text-align: center;\"><strong>\u201cHumildade n\u00e3o \u00e9 pensar menos de si mesmo, \u00e9 pensar menos em si mesmo.\u201d <\/strong><em>C. S. Lewis <\/em><\/p>\n<p>Porque quando eu estou centrada em \u201cme defender\u201d, eu n\u00e3o enxergo.<br \/>Mas quando eu estou centrada em \u201ccrescer em Deus\u201d, eu consigo ouvir sem me despeda\u00e7ar.<\/p>\n<p><strong>Quem ama a verdade n\u00e3o tem medo de luz. Luz pode doer, mas cura.<\/strong><\/p>\n<p><strong>Como saber se \u00e9 Deus me mostrando algo (ou s\u00f3 culpa\/autoacusa\u00e7\u00e3o)? Ent\u00e3o eu gosto de pensar em tr\u00eas sinais simples:<\/strong><\/p>\n<p style=\"padding-left: 30px;\">1. A voz de Deus traz clareza e convite ao retorno, n\u00e3o confus\u00e3o e desespero.<\/p>\n<p style=\"padding-left: 30px;\">2. A culpa acusa e paralisa; o Esp\u00edrito Santo convence e conduz.<\/p>\n<p style=\"padding-left: 30px;\">3. O fruto do processo \u00e9 arrependimento com esperan\u00e7a, n\u00e3o condena\u00e7\u00e3o.<\/p>\n<p>Paulo descreve um fruto saud\u00e1vel do confronto com a verdade:<\/p>\n<p style=\"text-align: center;\"><strong>\u201cPorque a tristeza segundo Deus produz arrependimento para a salva\u00e7\u00e3o, que a ningu\u00e9m traz pesar; mas a tristeza do mundo produz morte.\u201d <\/strong><em>2 Cor\u00edntios 7:10, ARA<\/em><\/p>\n<p><strong>Um exerc\u00edcio simples (e muito forte) para essa semana<\/strong><\/p>\n<p>Voc\u00ea e Deus, no Seu secreto com ele e honestidade:<\/p>\n<p style=\"padding-left: 30px;\">&#8211; \u201cSenhor, o que em mim precisa ser ajustado para eu romper?\u201d<\/p>\n<p style=\"padding-left: 30px;\">&#8211; \u201cEm que eu tenho me repetido?\u201d<\/p>\n<p style=\"padding-left: 30px;\">&#8211; \u201cO que as pessoas mais pr\u00f3ximas j\u00e1 sinalizaram (com amor) e eu descartei?\u201d<\/p>\n<p style=\"padding-left: 30px;\">&#8211; \u201cQual \u00e9 o fruto disso na minha casa, no trabalho, no servi\u00e7o a Deus?\u201d<\/p>\n<p><strong>\u00c0s vezes a resposta que a gente pede a Deus \u00e9, na verdade, um espelho.<\/strong><\/p>\n<p><strong>Para pensar, digerir e agir<\/strong><\/p>\n<p style=\"padding-left: 30px;\">4. O que eu tenho chamado de \u201cmeu jeito\u201d, mas tem machucado algu\u00e9m ou me desgastado?<\/p>\n<p style=\"padding-left: 30px;\">5. Quem \u00e9 uma pessoa segura e madura com quem eu posso conversar sem medo?<\/p>\n<p style=\"padding-left: 30px;\">6. Qual ponto cego, se eu enxergasse hoje, facilitaria um rompimento importante?<\/p>\n<p style=\"padding-left: 30px;\">7. O que eu tenho evitado ouvir por orgulho\u2026 ou por medo?<\/p>\n<p><strong>Vamos orar, juntos?<\/strong><\/p>\n<p>Senhor, eu n\u00e3o quero viver no escuro sobre mim.<br \/>D\u00e1-me um cora\u00e7\u00e3o humilde para enxergar sem me justificar.<br \/>Cura o meu olhar, realinha meus afetos e me mostra o que precisa mudar \u2014 com a tua gra\u00e7a, n\u00e3o com condena\u00e7\u00e3o.<br \/>Em nome de Jesus, am\u00e9m.<\/p>\n<p><strong>Na pr\u00f3xima segunda: EP 3 \u2014 Romper pede rearranjo: a vida n\u00e3o sustenta o novo sem recome\u00e7ar por dentro<\/strong><br \/>Se este texto fez sentido, <strong>compartilhe <\/strong>com algu\u00e9m que ama Jesus, mas est\u00e1 cansado de \u201cse repetir\u201d.<\/p>\n<p>\u00a0<\/p>\n<p><strong>Rosana S\u00e1\u00a0<\/strong>(@rosanasa_oficial) \u00e9 Mentora Executiva, Professora Universit\u00e1ria e CEO da Cyclos Consultoria. Especialista em comportamento, neuroci\u00eancia e lideran\u00e7a. Palestrante e conferencista, serve ao Senhor na IMW como Diretora Geral de Minist\u00e9rios, conduzindo l\u00edderes e equipes\u00a0com\u00a0prop\u00f3sito.<\/p>\n<p><em>* O conte\u00fado do texto acima \u00e9 de colabora\u00e7\u00e3o volunt\u00e1ria, seu teor \u00e9 de total responsabilidade do autor e n\u00e3o reflete necessariamente a opini\u00e3o do Portal Guiame.<\/em><\/p>\n<p>Leia o artigo anterior: <span style=\"color: #800000;\"><strong>Quando Deus nos chama a atravessar \u2013 e n\u00e3o apenas a tentar mais<\/strong><\/span><\/p>\n<p>\u00a0<\/p>\n<\/div>\n<p><br \/>\n<br \/>Fonte: Guiame <\/p>\n","protected":false},"excerpt":{"rendered":"<p>Tem um tipo de pergunta que a gente evita sem perceber. N\u00e3o por maldade \u2014 por autoprote\u00e7\u00e3o. \u00c9 aquela pergunta que, se respondida com honestidade, muda o rumo da vida: \u201cO que eu n\u00e3o estou enxergando em mim?\u201d Porque a verdade \u00e9 que, muitas vezes, outros veem antes. Veem o nosso cansa\u00e7o, a nossa irrita\u00e7\u00e3o [&hellip;]<\/p>\n","protected":false},"author":1,"featured_media":4893,"comment_status":"","ping_status":"open","sticky":false,"template":"","format":"standard","meta":{"footnotes":""},"categories":[43],"tags":[],"class_list":["post-4892","post","type-post","status-publish","format-standard","has-post-thumbnail","hentry","category-destaques"],"yoast_head":"<!-- This site is optimized with the Yoast SEO plugin v26.8 - https:\/\/yoast.com\/product\/yoast-seo-wordpress\/ -->\n<title>Quando outros veem e eu n\u00e3o: Os pontos cegos que atrasam o romper - R\u00e1dio Porto Seguro<\/title>\n<meta name=\"robots\" content=\"index, follow, max-snippet:-1, max-image-preview:large, max-video-preview:-1\" \/>\n<link rel=\"canonical\" href=\"https:\/\/radioportoseguro.com.br\/site\/2026\/03\/10\/quando-outros-veem-e-eu-nao-os-pontos-cegos-que-atrasam-o-romper\/\" \/>\n<meta property=\"og:locale\" content=\"pt_BR\" \/>\n<meta property=\"og:type\" content=\"article\" \/>\n<meta property=\"og:title\" content=\"Quando outros veem e eu n\u00e3o: Os pontos cegos que atrasam o romper - R\u00e1dio Porto Seguro\" \/>\n<meta property=\"og:description\" content=\"Tem um tipo de pergunta que a gente evita sem perceber. N\u00e3o por maldade \u2014 por autoprote\u00e7\u00e3o. \u00c9 aquela pergunta que, se respondida com honestidade, muda o rumo da vida: \u201cO que eu n\u00e3o estou enxergando em mim?\u201d Porque a verdade \u00e9 que, muitas vezes, outros veem antes. Veem o nosso cansa\u00e7o, a nossa irrita\u00e7\u00e3o [&hellip;]\" \/>\n<meta property=\"og:url\" content=\"https:\/\/radioportoseguro.com.br\/site\/2026\/03\/10\/quando-outros-veem-e-eu-nao-os-pontos-cegos-que-atrasam-o-romper\/\" \/>\n<meta property=\"og:site_name\" content=\"R\u00e1dio Porto Seguro\" \/>\n<meta property=\"article:published_time\" content=\"2026-03-11T02:34:26+00:00\" \/>\n<meta property=\"og:image\" content=\"https:\/\/media.guiame.com.br\/archives\/2026\/03\/09\/3472490901-mulher.png\" \/>\n<meta name=\"author\" content=\"admin\" \/>\n<meta name=\"twitter:card\" content=\"summary_large_image\" \/>\n<meta name=\"twitter:label1\" content=\"Escrito por\" \/>\n\t<meta name=\"twitter:data1\" content=\"admin\" \/>\n\t<meta name=\"twitter:label2\" content=\"Est. tempo de leitura\" \/>\n\t<meta name=\"twitter:data2\" content=\"4 minutos\" \/>\n<script type=\"application\/ld+json\" class=\"yoast-schema-graph\">{\"@context\":\"https:\/\/schema.org\",\"@graph\":[{\"@type\":\"Article\",\"@id\":\"https:\/\/radioportoseguro.com.br\/site\/2026\/03\/10\/quando-outros-veem-e-eu-nao-os-pontos-cegos-que-atrasam-o-romper\/#article\",\"isPartOf\":{\"@id\":\"https:\/\/radioportoseguro.com.br\/site\/2026\/03\/10\/quando-outros-veem-e-eu-nao-os-pontos-cegos-que-atrasam-o-romper\/\"},\"author\":{\"name\":\"admin\",\"@id\":\"https:\/\/radioportoseguro.com.br\/site\/#\/schema\/person\/7630acdc320186f13639d3c067ec089b\"},\"headline\":\"Quando outros veem e eu n\u00e3o: Os pontos cegos que atrasam o romper\",\"datePublished\":\"2026-03-11T02:34:26+00:00\",\"mainEntityOfPage\":{\"@id\":\"https:\/\/radioportoseguro.com.br\/site\/2026\/03\/10\/quando-outros-veem-e-eu-nao-os-pontos-cegos-que-atrasam-o-romper\/\"},\"wordCount\":795,\"image\":{\"@id\":\"https:\/\/radioportoseguro.com.br\/site\/2026\/03\/10\/quando-outros-veem-e-eu-nao-os-pontos-cegos-que-atrasam-o-romper\/#primaryimage\"},\"thumbnailUrl\":\"https:\/\/radioportoseguro.com.br\/site\/wp-content\/uploads\/2026\/03\/3472490901-mulher.png\",\"articleSection\":[\"Destaques\"],\"inLanguage\":\"pt-BR\"},{\"@type\":\"WebPage\",\"@id\":\"https:\/\/radioportoseguro.com.br\/site\/2026\/03\/10\/quando-outros-veem-e-eu-nao-os-pontos-cegos-que-atrasam-o-romper\/\",\"url\":\"https:\/\/radioportoseguro.com.br\/site\/2026\/03\/10\/quando-outros-veem-e-eu-nao-os-pontos-cegos-que-atrasam-o-romper\/\",\"name\":\"Quando outros veem e eu n\u00e3o: Os pontos cegos que atrasam o romper - R\u00e1dio Porto Seguro\",\"isPartOf\":{\"@id\":\"https:\/\/radioportoseguro.com.br\/site\/#website\"},\"primaryImageOfPage\":{\"@id\":\"https:\/\/radioportoseguro.com.br\/site\/2026\/03\/10\/quando-outros-veem-e-eu-nao-os-pontos-cegos-que-atrasam-o-romper\/#primaryimage\"},\"image\":{\"@id\":\"https:\/\/radioportoseguro.com.br\/site\/2026\/03\/10\/quando-outros-veem-e-eu-nao-os-pontos-cegos-que-atrasam-o-romper\/#primaryimage\"},\"thumbnailUrl\":\"https:\/\/radioportoseguro.com.br\/site\/wp-content\/uploads\/2026\/03\/3472490901-mulher.png\",\"datePublished\":\"2026-03-11T02:34:26+00:00\",\"author\":{\"@id\":\"https:\/\/radioportoseguro.com.br\/site\/#\/schema\/person\/7630acdc320186f13639d3c067ec089b\"},\"breadcrumb\":{\"@id\":\"https:\/\/radioportoseguro.com.br\/site\/2026\/03\/10\/quando-outros-veem-e-eu-nao-os-pontos-cegos-que-atrasam-o-romper\/#breadcrumb\"},\"inLanguage\":\"pt-BR\",\"potentialAction\":[{\"@type\":\"ReadAction\",\"target\":[\"https:\/\/radioportoseguro.com.br\/site\/2026\/03\/10\/quando-outros-veem-e-eu-nao-os-pontos-cegos-que-atrasam-o-romper\/\"]}]},{\"@type\":\"ImageObject\",\"inLanguage\":\"pt-BR\",\"@id\":\"https:\/\/radioportoseguro.com.br\/site\/2026\/03\/10\/quando-outros-veem-e-eu-nao-os-pontos-cegos-que-atrasam-o-romper\/#primaryimage\",\"url\":\"https:\/\/radioportoseguro.com.br\/site\/wp-content\/uploads\/2026\/03\/3472490901-mulher.png\",\"contentUrl\":\"https:\/\/radioportoseguro.com.br\/site\/wp-content\/uploads\/2026\/03\/3472490901-mulher.png\",\"width\":1200,\"height\":600},{\"@type\":\"BreadcrumbList\",\"@id\":\"https:\/\/radioportoseguro.com.br\/site\/2026\/03\/10\/quando-outros-veem-e-eu-nao-os-pontos-cegos-que-atrasam-o-romper\/#breadcrumb\",\"itemListElement\":[{\"@type\":\"ListItem\",\"position\":1,\"name\":\"In\u00edcio\",\"item\":\"https:\/\/radioportoseguro.com.br\/site\/\"},{\"@type\":\"ListItem\",\"position\":2,\"name\":\"Quando outros veem e eu n\u00e3o: Os pontos cegos que atrasam o romper\"}]},{\"@type\":\"WebSite\",\"@id\":\"https:\/\/radioportoseguro.com.br\/site\/#website\",\"url\":\"https:\/\/radioportoseguro.com.br\/site\/\",\"name\":\"R\u00e1dio Porto Seguro\",\"description\":\"\",\"potentialAction\":[{\"@type\":\"SearchAction\",\"target\":{\"@type\":\"EntryPoint\",\"urlTemplate\":\"https:\/\/radioportoseguro.com.br\/site\/?s={search_term_string}\"},\"query-input\":{\"@type\":\"PropertyValueSpecification\",\"valueRequired\":true,\"valueName\":\"search_term_string\"}}],\"inLanguage\":\"pt-BR\"},{\"@type\":\"Person\",\"@id\":\"https:\/\/radioportoseguro.com.br\/site\/#\/schema\/person\/7630acdc320186f13639d3c067ec089b\",\"name\":\"admin\",\"image\":{\"@type\":\"ImageObject\",\"inLanguage\":\"pt-BR\",\"@id\":\"https:\/\/radioportoseguro.com.br\/site\/#\/schema\/person\/image\/\",\"url\":\"https:\/\/secure.gravatar.com\/avatar\/caacf4dc1eedb68fab0df8e1ed46c448e578b2466351bbcb61e47d2ac0caaef0?s=96&d=mm&r=g\",\"contentUrl\":\"https:\/\/secure.gravatar.com\/avatar\/caacf4dc1eedb68fab0df8e1ed46c448e578b2466351bbcb61e47d2ac0caaef0?s=96&d=mm&r=g\",\"caption\":\"admin\"},\"sameAs\":[\"https:\/\/radioportoseguro.com.br\/site\"],\"url\":\"https:\/\/radioportoseguro.com.br\/site\/author\/hezio\/\"}]}<\/script>\n<!-- \/ Yoast SEO plugin. -->","yoast_head_json":{"title":"Quando outros veem e eu n\u00e3o: Os pontos cegos que atrasam o romper - R\u00e1dio Porto Seguro","robots":{"index":"index","follow":"follow","max-snippet":"max-snippet:-1","max-image-preview":"max-image-preview:large","max-video-preview":"max-video-preview:-1"},"canonical":"https:\/\/radioportoseguro.com.br\/site\/2026\/03\/10\/quando-outros-veem-e-eu-nao-os-pontos-cegos-que-atrasam-o-romper\/","og_locale":"pt_BR","og_type":"article","og_title":"Quando outros veem e eu n\u00e3o: Os pontos cegos que atrasam o romper - R\u00e1dio Porto Seguro","og_description":"Tem um tipo de pergunta que a gente evita sem perceber. N\u00e3o por maldade \u2014 por autoprote\u00e7\u00e3o. \u00c9 aquela pergunta que, se respondida com honestidade, muda o rumo da vida: \u201cO que eu n\u00e3o estou enxergando em mim?\u201d Porque a verdade \u00e9 que, muitas vezes, outros veem antes. Veem o nosso cansa\u00e7o, a nossa irrita\u00e7\u00e3o [&hellip;]","og_url":"https:\/\/radioportoseguro.com.br\/site\/2026\/03\/10\/quando-outros-veem-e-eu-nao-os-pontos-cegos-que-atrasam-o-romper\/","og_site_name":"R\u00e1dio Porto Seguro","article_published_time":"2026-03-11T02:34:26+00:00","og_image":[{"url":"https:\/\/media.guiame.com.br\/archives\/2026\/03\/09\/3472490901-mulher.png","type":"","width":"","height":""}],"author":"admin","twitter_card":"summary_large_image","twitter_misc":{"Escrito por":"admin","Est. tempo de leitura":"4 minutos"},"schema":{"@context":"https:\/\/schema.org","@graph":[{"@type":"Article","@id":"https:\/\/radioportoseguro.com.br\/site\/2026\/03\/10\/quando-outros-veem-e-eu-nao-os-pontos-cegos-que-atrasam-o-romper\/#article","isPartOf":{"@id":"https:\/\/radioportoseguro.com.br\/site\/2026\/03\/10\/quando-outros-veem-e-eu-nao-os-pontos-cegos-que-atrasam-o-romper\/"},"author":{"name":"admin","@id":"https:\/\/radioportoseguro.com.br\/site\/#\/schema\/person\/7630acdc320186f13639d3c067ec089b"},"headline":"Quando outros veem e eu n\u00e3o: Os pontos cegos que atrasam o romper","datePublished":"2026-03-11T02:34:26+00:00","mainEntityOfPage":{"@id":"https:\/\/radioportoseguro.com.br\/site\/2026\/03\/10\/quando-outros-veem-e-eu-nao-os-pontos-cegos-que-atrasam-o-romper\/"},"wordCount":795,"image":{"@id":"https:\/\/radioportoseguro.com.br\/site\/2026\/03\/10\/quando-outros-veem-e-eu-nao-os-pontos-cegos-que-atrasam-o-romper\/#primaryimage"},"thumbnailUrl":"https:\/\/radioportoseguro.com.br\/site\/wp-content\/uploads\/2026\/03\/3472490901-mulher.png","articleSection":["Destaques"],"inLanguage":"pt-BR"},{"@type":"WebPage","@id":"https:\/\/radioportoseguro.com.br\/site\/2026\/03\/10\/quando-outros-veem-e-eu-nao-os-pontos-cegos-que-atrasam-o-romper\/","url":"https:\/\/radioportoseguro.com.br\/site\/2026\/03\/10\/quando-outros-veem-e-eu-nao-os-pontos-cegos-que-atrasam-o-romper\/","name":"Quando outros veem e eu n\u00e3o: Os pontos cegos que atrasam o romper - R\u00e1dio Porto Seguro","isPartOf":{"@id":"https:\/\/radioportoseguro.com.br\/site\/#website"},"primaryImageOfPage":{"@id":"https:\/\/radioportoseguro.com.br\/site\/2026\/03\/10\/quando-outros-veem-e-eu-nao-os-pontos-cegos-que-atrasam-o-romper\/#primaryimage"},"image":{"@id":"https:\/\/radioportoseguro.com.br\/site\/2026\/03\/10\/quando-outros-veem-e-eu-nao-os-pontos-cegos-que-atrasam-o-romper\/#primaryimage"},"thumbnailUrl":"https:\/\/radioportoseguro.com.br\/site\/wp-content\/uploads\/2026\/03\/3472490901-mulher.png","datePublished":"2026-03-11T02:34:26+00:00","author":{"@id":"https:\/\/radioportoseguro.com.br\/site\/#\/schema\/person\/7630acdc320186f13639d3c067ec089b"},"breadcrumb":{"@id":"https:\/\/radioportoseguro.com.br\/site\/2026\/03\/10\/quando-outros-veem-e-eu-nao-os-pontos-cegos-que-atrasam-o-romper\/#breadcrumb"},"inLanguage":"pt-BR","potentialAction":[{"@type":"ReadAction","target":["https:\/\/radioportoseguro.com.br\/site\/2026\/03\/10\/quando-outros-veem-e-eu-nao-os-pontos-cegos-que-atrasam-o-romper\/"]}]},{"@type":"ImageObject","inLanguage":"pt-BR","@id":"https:\/\/radioportoseguro.com.br\/site\/2026\/03\/10\/quando-outros-veem-e-eu-nao-os-pontos-cegos-que-atrasam-o-romper\/#primaryimage","url":"https:\/\/radioportoseguro.com.br\/site\/wp-content\/uploads\/2026\/03\/3472490901-mulher.png","contentUrl":"https:\/\/radioportoseguro.com.br\/site\/wp-content\/uploads\/2026\/03\/3472490901-mulher.png","width":1200,"height":600},{"@type":"BreadcrumbList","@id":"https:\/\/radioportoseguro.com.br\/site\/2026\/03\/10\/quando-outros-veem-e-eu-nao-os-pontos-cegos-que-atrasam-o-romper\/#breadcrumb","itemListElement":[{"@type":"ListItem","position":1,"name":"In\u00edcio","item":"https:\/\/radioportoseguro.com.br\/site\/"},{"@type":"ListItem","position":2,"name":"Quando outros veem e eu n\u00e3o: Os pontos cegos que atrasam o romper"}]},{"@type":"WebSite","@id":"https:\/\/radioportoseguro.com.br\/site\/#website","url":"https:\/\/radioportoseguro.com.br\/site\/","name":"R\u00e1dio Porto Seguro","description":"","potentialAction":[{"@type":"SearchAction","target":{"@type":"EntryPoint","urlTemplate":"https:\/\/radioportoseguro.com.br\/site\/?s={search_term_string}"},"query-input":{"@type":"PropertyValueSpecification","valueRequired":true,"valueName":"search_term_string"}}],"inLanguage":"pt-BR"},{"@type":"Person","@id":"https:\/\/radioportoseguro.com.br\/site\/#\/schema\/person\/7630acdc320186f13639d3c067ec089b","name":"admin","image":{"@type":"ImageObject","inLanguage":"pt-BR","@id":"https:\/\/radioportoseguro.com.br\/site\/#\/schema\/person\/image\/","url":"https:\/\/secure.gravatar.com\/avatar\/caacf4dc1eedb68fab0df8e1ed46c448e578b2466351bbcb61e47d2ac0caaef0?s=96&d=mm&r=g","contentUrl":"https:\/\/secure.gravatar.com\/avatar\/caacf4dc1eedb68fab0df8e1ed46c448e578b2466351bbcb61e47d2ac0caaef0?s=96&d=mm&r=g","caption":"admin"},"sameAs":["https:\/\/radioportoseguro.com.br\/site"],"url":"https:\/\/radioportoseguro.com.br\/site\/author\/hezio\/"}]}},"_links":{"self":[{"href":"https:\/\/radioportoseguro.com.br\/site\/wp-json\/wp\/v2\/posts\/4892","targetHints":{"allow":["GET"]}}],"collection":[{"href":"https:\/\/radioportoseguro.com.br\/site\/wp-json\/wp\/v2\/posts"}],"about":[{"href":"https:\/\/radioportoseguro.com.br\/site\/wp-json\/wp\/v2\/types\/post"}],"author":[{"embeddable":true,"href":"https:\/\/radioportoseguro.com.br\/site\/wp-json\/wp\/v2\/users\/1"}],"replies":[{"embeddable":true,"href":"https:\/\/radioportoseguro.com.br\/site\/wp-json\/wp\/v2\/comments?post=4892"}],"version-history":[{"count":0,"href":"https:\/\/radioportoseguro.com.br\/site\/wp-json\/wp\/v2\/posts\/4892\/revisions"}],"wp:featuredmedia":[{"embeddable":true,"href":"https:\/\/radioportoseguro.com.br\/site\/wp-json\/wp\/v2\/media\/4893"}],"wp:attachment":[{"href":"https:\/\/radioportoseguro.com.br\/site\/wp-json\/wp\/v2\/media?parent=4892"}],"wp:term":[{"taxonomy":"category","embeddable":true,"href":"https:\/\/radioportoseguro.com.br\/site\/wp-json\/wp\/v2\/categories?post=4892"},{"taxonomy":"post_tag","embeddable":true,"href":"https:\/\/radioportoseguro.com.br\/site\/wp-json\/wp\/v2\/tags?post=4892"}],"curies":[{"name":"wp","href":"https:\/\/api.w.org\/{rel}","templated":true}]}}