{"id":4904,"date":"2026-03-11T07:49:45","date_gmt":"2026-03-11T10:49:45","guid":{"rendered":"https:\/\/radioportoseguro.com.br\/site\/2026\/03\/11\/pessoas-sao-batizadas-na-avenida-paulista-em-evangelismo-nova-historia-com-cristo\/"},"modified":"2026-03-11T07:49:45","modified_gmt":"2026-03-11T10:49:45","slug":"pessoas-sao-batizadas-na-avenida-paulista-em-evangelismo-nova-historia-com-cristo","status":"publish","type":"post","link":"https:\/\/radioportoseguro.com.br\/site\/2026\/03\/11\/pessoas-sao-batizadas-na-avenida-paulista-em-evangelismo-nova-historia-com-cristo\/","title":{"rendered":"Pessoas s\u00e3o batizadas na Avenida Paulista em evangelismo: \u201cNova hist\u00f3ria com Cristo\u201d"},"content":{"rendered":"<p><br \/>\n<br \/><\/p>\n<div>\n<p><span style=\"font-weight: 400;\">Um grupo de evangelistas testemunhou o agir de Deus em plena Avenida Paulista, com pessoas aceitando Jesus, decidindo pelo <\/span><span style=\"color: #800000;\"><strong>batismo<\/strong><\/span><span style=\"font-weight: 400;\"> e sendo <\/span><span style=\"color: #800000;\"><strong>libertas<\/strong><\/span><span style=\"font-weight: 400;\">.<\/span><\/p>\n<p><span style=\"font-weight: 400;\">No domingo (8), os alunos da \u201cIDE Escola Mission\u00e1ria&#8221; sa\u00edram pelas ruas da cidade de S\u00e3o Paulo mais uma vez para proclamar Jesus.<\/span><\/p>\n<p><span style=\"font-weight: 400;\">Durante a a\u00e7\u00e3o, um jovem aceitou Cristo e decidiu pelo batismo nas \u00e1guas no mesmo momento.<\/span><\/p>\n<p><span style=\"font-weight: 400;\">Ent\u00e3o a equipe, liderada pelo evangelista Allan Machado, batizou o novo convertido em uma banheira infl\u00e1vel na cal\u00e7ada em frente a Avenida Paulista, sob chuva forte.<\/span><\/p>\n<p><span style=\"font-weight: 400;\">\u201cAo lado havia uma manifesta\u00e7\u00e3o feminista a favor do aborto Eles estavam pedindo a morte, enquanto Jesus estava gerando vida. S\u00e3o Paulo \u00e9 de Jesus\u201d, relatou o te\u00f3logo Pedro P\u00f4ncio, que presenciou o batismo, em v\u00eddeo no Instagram.<\/span><\/p>\n<blockquote class=\"instagram-media\" style=\"background: #FFF; border: 0; border-radius: 3px; box-shadow: 0 0 1px 0 rgba(0,0,0,0.5),0 1px 10px 0 rgba(0,0,0,0.15); margin: 1px; max-width: 540px; min-width: 326px; padding: 0; width: calc(100% - 2px);\" data-instgrm-captioned=\"\" data-instgrm-permalink=\"https:\/\/www.instagram.com\/reel\/DVo2Ah5AcSN\/?utm_source=ig_embed&amp;utm_campaign=loading\" data-instgrm-version=\"14\"><p>&#13;<br \/>\n&#13;\n<\/p><\/blockquote>\n<p><strong>Libertado por Jesus<\/strong><\/p>\n<p><span style=\"font-weight: 400;\">Um homem que foi evangelizado pela equipe tamb\u00e9m decidiu ser batizado. Durante a abordagem, quando os evangelistas oraram, ele foi liberto de esp\u00edritos malignos.<\/span><\/p>\n<p><span style=\"font-weight: 400;\">Em seguida, o homem, que j\u00e1 conhecia o Evangelho, decidiu pelo batismo. Dentro da banheira, dem\u00f4nios se manifestaram novamente, afirmando que eram uma legi\u00e3o e que n\u00e3o queriam o batismo.<\/span><\/p>\n<p><span style=\"font-weight: 400;\">Os evangelistas oraram por liberta\u00e7\u00e3o mais uma vez em nome de Jesus e o novo convertido foi liberto completamente.<\/span><\/p>\n<p><span style=\"font-weight: 400;\">\u201cEu falei: \u2018N\u00f3s n\u00e3o vamos te batizar enquanto voc\u00ea n\u00e3o confessar Jesus como Salvador. \u00c9 o Ant\u00f4nio que est\u00e1 a\u00ed, voc\u00ea est\u00e1 liberto?\u2019. E ele disse: \u2018Sou eu\u2019. Foi quando ele fez a confiss\u00e3o\u201d, contou Allan.<\/span><\/p>\n<p><span style=\"font-weight: 400;\">Libertado, o homem repetiu com o evangelista \u201cSenhor Jesus, eu te recebo como meu Salvador\u201d e foi batizado. Ele saiu da \u00e1gua com o semblante totalmente diferente, sorrindo pelo novo nascimento que havia recebido.<\/span><\/p>\n<blockquote class=\"instagram-media\" style=\"background: #FFF; border: 0; border-radius: 3px; box-shadow: 0 0 1px 0 rgba(0,0,0,0.5),0 1px 10px 0 rgba(0,0,0,0.15); margin: 1px; max-width: 540px; min-width: 326px; padding: 0; width: calc(100% - 2px);\" data-instgrm-captioned=\"\" data-instgrm-permalink=\"https:\/\/www.instagram.com\/reel\/DVpOvX1jq2j\/?utm_source=ig_embed&amp;utm_campaign=loading\" data-instgrm-version=\"14\"><p>&#13;<br \/>\n&#13;\n<\/p><\/blockquote>\n<p><strong>Mil vidas alcan\u00e7adas<\/strong><\/p>\n<p><span style=\"font-weight: 400;\">O evangelismo na Avenida Paulista fez parte da a\u00e7\u00e3o evangel\u00edstica<\/span><span style=\"color: #800000;\"><strong> \u201cIde Outreach\u201d<\/strong><\/span><span style=\"font-weight: 400;\">, onde 20 mission\u00e1rios anunciaram o Evangelho nas ruas, pra\u00e7as, terminais, com\u00e9rcios e \u00f4nibus de S\u00e3o Paulo.<\/span><\/p>\n<p><span style=\"font-weight: 400;\">O prop\u00f3sito inicial era alcan\u00e7ar 1.000 vidas durante 10 dias de evangelismo, mas 1.010 pessoas aceitaram Cristo durante as a\u00e7\u00f5es.<\/span><\/p>\n<p><span style=\"font-weight: 400;\">\u201cO que vimos em S\u00e3o Paulo nesses dias n\u00e3o pode ser explicado apenas com palavras. Foram l\u00e1grimas, ora\u00e7\u00f5es nas ruas, pessoas sendo tocadas por Deus no meio da correria da cidade, cora\u00e7\u00f5es sendo restaurados, vidas sendo entregues a Jesus e pessoas sendo batizadas e selando uma nova hist\u00f3ria com Cristo\u201d, testemunhou a escola de miss\u00f5es no Instagram.<\/span><\/p>\n<p><span style=\"font-weight: 400;\">\u201cCada sim para Jesus nos lembra de uma verdade poderosa: o Evangelho ainda \u00e9 poder para salvar\u201d, enfatizou.<\/span><\/p>\n<blockquote class=\"instagram-media\" style=\"background: #FFF; border: 0; border-radius: 3px; box-shadow: 0 0 1px 0 rgba(0,0,0,0.5),0 1px 10px 0 rgba(0,0,0,0.15); margin: 1px; max-width: 540px; min-width: 326px; padding: 0; width: calc(100% - 2px);\" data-instgrm-captioned=\"\" data-instgrm-permalink=\"https:\/\/www.instagram.com\/reel\/DVqbPebEfqc\/?utm_source=ig_embed&amp;utm_campaign=loading\" data-instgrm-version=\"14\"><p>&#13;<br \/>\n&#13;\n<\/p><\/blockquote>\n<\/div>\n<p><script async src=\"\/\/www.instagram.com\/embed.js\"><\/script><br \/>\n<br \/><br \/>\n<br \/>Fonte: Guiame <\/p>\n","protected":false},"excerpt":{"rendered":"<p>Um grupo de evangelistas testemunhou o agir de Deus em plena Avenida Paulista, com pessoas aceitando Jesus, decidindo pelo batismo e sendo libertas. No domingo (8), os alunos da \u201cIDE Escola Mission\u00e1ria&#8221; sa\u00edram pelas ruas da cidade de S\u00e3o Paulo mais uma vez para proclamar Jesus. Durante a a\u00e7\u00e3o, um jovem aceitou Cristo e decidiu [&hellip;]<\/p>\n","protected":false},"author":1,"featured_media":4905,"comment_status":"","ping_status":"open","sticky":false,"template":"","format":"standard","meta":{"footnotes":""},"categories":[43],"tags":[],"class_list":["post-4904","post","type-post","status-publish","format-standard","has-post-thumbnail","hentry","category-destaques"],"yoast_head":"<!-- This site is optimized with the Yoast SEO plugin v26.8 - https:\/\/yoast.com\/product\/yoast-seo-wordpress\/ -->\n<title>Pessoas s\u00e3o batizadas na Avenida Paulista em evangelismo: \u201cNova hist\u00f3ria com Cristo\u201d - R\u00e1dio Porto Seguro<\/title>\n<meta name=\"robots\" content=\"index, follow, max-snippet:-1, max-image-preview:large, max-video-preview:-1\" \/>\n<link rel=\"canonical\" href=\"https:\/\/radioportoseguro.com.br\/site\/2026\/03\/11\/pessoas-sao-batizadas-na-avenida-paulista-em-evangelismo-nova-historia-com-cristo\/\" \/>\n<meta property=\"og:locale\" content=\"pt_BR\" \/>\n<meta property=\"og:type\" content=\"article\" \/>\n<meta property=\"og:title\" content=\"Pessoas s\u00e3o batizadas na Avenida Paulista em evangelismo: \u201cNova hist\u00f3ria com Cristo\u201d - R\u00e1dio Porto Seguro\" \/>\n<meta property=\"og:description\" content=\"Um grupo de evangelistas testemunhou o agir de Deus em plena Avenida Paulista, com pessoas aceitando Jesus, decidindo pelo batismo e sendo libertas. No domingo (8), os alunos da \u201cIDE Escola Mission\u00e1ria&#8221; sa\u00edram pelas ruas da cidade de S\u00e3o Paulo mais uma vez para proclamar Jesus. Durante a a\u00e7\u00e3o, um jovem aceitou Cristo e decidiu [&hellip;]\" \/>\n<meta property=\"og:url\" content=\"https:\/\/radioportoseguro.com.br\/site\/2026\/03\/11\/pessoas-sao-batizadas-na-avenida-paulista-em-evangelismo-nova-historia-com-cristo\/\" \/>\n<meta property=\"og:site_name\" content=\"R\u00e1dio Porto Seguro\" \/>\n<meta property=\"article:published_time\" content=\"2026-03-11T10:49:45+00:00\" \/>\n<meta property=\"og:image\" content=\"https:\/\/media.guiame.com.br\/archives\/2026\/03\/09\/3076735670-batismo.jpeg\" \/>\n<meta name=\"author\" content=\"admin\" \/>\n<meta name=\"twitter:card\" content=\"summary_large_image\" \/>\n<meta name=\"twitter:label1\" content=\"Escrito por\" \/>\n\t<meta name=\"twitter:data1\" content=\"admin\" \/>\n\t<meta name=\"twitter:label2\" content=\"Est. tempo de leitura\" \/>\n\t<meta name=\"twitter:data2\" content=\"2 minutos\" \/>\n<script type=\"application\/ld+json\" class=\"yoast-schema-graph\">{\"@context\":\"https:\/\/schema.org\",\"@graph\":[{\"@type\":\"Article\",\"@id\":\"https:\/\/radioportoseguro.com.br\/site\/2026\/03\/11\/pessoas-sao-batizadas-na-avenida-paulista-em-evangelismo-nova-historia-com-cristo\/#article\",\"isPartOf\":{\"@id\":\"https:\/\/radioportoseguro.com.br\/site\/2026\/03\/11\/pessoas-sao-batizadas-na-avenida-paulista-em-evangelismo-nova-historia-com-cristo\/\"},\"author\":{\"name\":\"admin\",\"@id\":\"https:\/\/radioportoseguro.com.br\/site\/#\/schema\/person\/7630acdc320186f13639d3c067ec089b\"},\"headline\":\"Pessoas s\u00e3o batizadas na Avenida Paulista em evangelismo: \u201cNova hist\u00f3ria com Cristo\u201d\",\"datePublished\":\"2026-03-11T10:49:45+00:00\",\"mainEntityOfPage\":{\"@id\":\"https:\/\/radioportoseguro.com.br\/site\/2026\/03\/11\/pessoas-sao-batizadas-na-avenida-paulista-em-evangelismo-nova-historia-com-cristo\/\"},\"wordCount\":448,\"image\":{\"@id\":\"https:\/\/radioportoseguro.com.br\/site\/2026\/03\/11\/pessoas-sao-batizadas-na-avenida-paulista-em-evangelismo-nova-historia-com-cristo\/#primaryimage\"},\"thumbnailUrl\":\"https:\/\/radioportoseguro.com.br\/site\/wp-content\/uploads\/2026\/03\/3076735670-batismo.jpeg\",\"articleSection\":[\"Destaques\"],\"inLanguage\":\"pt-BR\"},{\"@type\":\"WebPage\",\"@id\":\"https:\/\/radioportoseguro.com.br\/site\/2026\/03\/11\/pessoas-sao-batizadas-na-avenida-paulista-em-evangelismo-nova-historia-com-cristo\/\",\"url\":\"https:\/\/radioportoseguro.com.br\/site\/2026\/03\/11\/pessoas-sao-batizadas-na-avenida-paulista-em-evangelismo-nova-historia-com-cristo\/\",\"name\":\"Pessoas s\u00e3o batizadas na Avenida Paulista em evangelismo: \u201cNova hist\u00f3ria com Cristo\u201d - R\u00e1dio Porto Seguro\",\"isPartOf\":{\"@id\":\"https:\/\/radioportoseguro.com.br\/site\/#website\"},\"primaryImageOfPage\":{\"@id\":\"https:\/\/radioportoseguro.com.br\/site\/2026\/03\/11\/pessoas-sao-batizadas-na-avenida-paulista-em-evangelismo-nova-historia-com-cristo\/#primaryimage\"},\"image\":{\"@id\":\"https:\/\/radioportoseguro.com.br\/site\/2026\/03\/11\/pessoas-sao-batizadas-na-avenida-paulista-em-evangelismo-nova-historia-com-cristo\/#primaryimage\"},\"thumbnailUrl\":\"https:\/\/radioportoseguro.com.br\/site\/wp-content\/uploads\/2026\/03\/3076735670-batismo.jpeg\",\"datePublished\":\"2026-03-11T10:49:45+00:00\",\"author\":{\"@id\":\"https:\/\/radioportoseguro.com.br\/site\/#\/schema\/person\/7630acdc320186f13639d3c067ec089b\"},\"breadcrumb\":{\"@id\":\"https:\/\/radioportoseguro.com.br\/site\/2026\/03\/11\/pessoas-sao-batizadas-na-avenida-paulista-em-evangelismo-nova-historia-com-cristo\/#breadcrumb\"},\"inLanguage\":\"pt-BR\",\"potentialAction\":[{\"@type\":\"ReadAction\",\"target\":[\"https:\/\/radioportoseguro.com.br\/site\/2026\/03\/11\/pessoas-sao-batizadas-na-avenida-paulista-em-evangelismo-nova-historia-com-cristo\/\"]}]},{\"@type\":\"ImageObject\",\"inLanguage\":\"pt-BR\",\"@id\":\"https:\/\/radioportoseguro.com.br\/site\/2026\/03\/11\/pessoas-sao-batizadas-na-avenida-paulista-em-evangelismo-nova-historia-com-cristo\/#primaryimage\",\"url\":\"https:\/\/radioportoseguro.com.br\/site\/wp-content\/uploads\/2026\/03\/3076735670-batismo.jpeg\",\"contentUrl\":\"https:\/\/radioportoseguro.com.br\/site\/wp-content\/uploads\/2026\/03\/3076735670-batismo.jpeg\",\"width\":1200,\"height\":600},{\"@type\":\"BreadcrumbList\",\"@id\":\"https:\/\/radioportoseguro.com.br\/site\/2026\/03\/11\/pessoas-sao-batizadas-na-avenida-paulista-em-evangelismo-nova-historia-com-cristo\/#breadcrumb\",\"itemListElement\":[{\"@type\":\"ListItem\",\"position\":1,\"name\":\"In\u00edcio\",\"item\":\"https:\/\/radioportoseguro.com.br\/site\/\"},{\"@type\":\"ListItem\",\"position\":2,\"name\":\"Pessoas s\u00e3o batizadas na Avenida Paulista em evangelismo: \u201cNova hist\u00f3ria com Cristo\u201d\"}]},{\"@type\":\"WebSite\",\"@id\":\"https:\/\/radioportoseguro.com.br\/site\/#website\",\"url\":\"https:\/\/radioportoseguro.com.br\/site\/\",\"name\":\"R\u00e1dio Porto Seguro\",\"description\":\"\",\"potentialAction\":[{\"@type\":\"SearchAction\",\"target\":{\"@type\":\"EntryPoint\",\"urlTemplate\":\"https:\/\/radioportoseguro.com.br\/site\/?s={search_term_string}\"},\"query-input\":{\"@type\":\"PropertyValueSpecification\",\"valueRequired\":true,\"valueName\":\"search_term_string\"}}],\"inLanguage\":\"pt-BR\"},{\"@type\":\"Person\",\"@id\":\"https:\/\/radioportoseguro.com.br\/site\/#\/schema\/person\/7630acdc320186f13639d3c067ec089b\",\"name\":\"admin\",\"image\":{\"@type\":\"ImageObject\",\"inLanguage\":\"pt-BR\",\"@id\":\"https:\/\/radioportoseguro.com.br\/site\/#\/schema\/person\/image\/\",\"url\":\"https:\/\/secure.gravatar.com\/avatar\/caacf4dc1eedb68fab0df8e1ed46c448e578b2466351bbcb61e47d2ac0caaef0?s=96&d=mm&r=g\",\"contentUrl\":\"https:\/\/secure.gravatar.com\/avatar\/caacf4dc1eedb68fab0df8e1ed46c448e578b2466351bbcb61e47d2ac0caaef0?s=96&d=mm&r=g\",\"caption\":\"admin\"},\"sameAs\":[\"https:\/\/radioportoseguro.com.br\/site\"],\"url\":\"https:\/\/radioportoseguro.com.br\/site\/author\/hezio\/\"}]}<\/script>\n<!-- \/ Yoast SEO plugin. -->","yoast_head_json":{"title":"Pessoas s\u00e3o batizadas na Avenida Paulista em evangelismo: \u201cNova hist\u00f3ria com Cristo\u201d - R\u00e1dio Porto Seguro","robots":{"index":"index","follow":"follow","max-snippet":"max-snippet:-1","max-image-preview":"max-image-preview:large","max-video-preview":"max-video-preview:-1"},"canonical":"https:\/\/radioportoseguro.com.br\/site\/2026\/03\/11\/pessoas-sao-batizadas-na-avenida-paulista-em-evangelismo-nova-historia-com-cristo\/","og_locale":"pt_BR","og_type":"article","og_title":"Pessoas s\u00e3o batizadas na Avenida Paulista em evangelismo: \u201cNova hist\u00f3ria com Cristo\u201d - R\u00e1dio Porto Seguro","og_description":"Um grupo de evangelistas testemunhou o agir de Deus em plena Avenida Paulista, com pessoas aceitando Jesus, decidindo pelo batismo e sendo libertas. No domingo (8), os alunos da \u201cIDE Escola Mission\u00e1ria&#8221; sa\u00edram pelas ruas da cidade de S\u00e3o Paulo mais uma vez para proclamar Jesus. Durante a a\u00e7\u00e3o, um jovem aceitou Cristo e decidiu [&hellip;]","og_url":"https:\/\/radioportoseguro.com.br\/site\/2026\/03\/11\/pessoas-sao-batizadas-na-avenida-paulista-em-evangelismo-nova-historia-com-cristo\/","og_site_name":"R\u00e1dio Porto Seguro","article_published_time":"2026-03-11T10:49:45+00:00","og_image":[{"url":"https:\/\/media.guiame.com.br\/archives\/2026\/03\/09\/3076735670-batismo.jpeg","type":"","width":"","height":""}],"author":"admin","twitter_card":"summary_large_image","twitter_misc":{"Escrito por":"admin","Est. tempo de leitura":"2 minutos"},"schema":{"@context":"https:\/\/schema.org","@graph":[{"@type":"Article","@id":"https:\/\/radioportoseguro.com.br\/site\/2026\/03\/11\/pessoas-sao-batizadas-na-avenida-paulista-em-evangelismo-nova-historia-com-cristo\/#article","isPartOf":{"@id":"https:\/\/radioportoseguro.com.br\/site\/2026\/03\/11\/pessoas-sao-batizadas-na-avenida-paulista-em-evangelismo-nova-historia-com-cristo\/"},"author":{"name":"admin","@id":"https:\/\/radioportoseguro.com.br\/site\/#\/schema\/person\/7630acdc320186f13639d3c067ec089b"},"headline":"Pessoas s\u00e3o batizadas na Avenida Paulista em evangelismo: \u201cNova hist\u00f3ria com Cristo\u201d","datePublished":"2026-03-11T10:49:45+00:00","mainEntityOfPage":{"@id":"https:\/\/radioportoseguro.com.br\/site\/2026\/03\/11\/pessoas-sao-batizadas-na-avenida-paulista-em-evangelismo-nova-historia-com-cristo\/"},"wordCount":448,"image":{"@id":"https:\/\/radioportoseguro.com.br\/site\/2026\/03\/11\/pessoas-sao-batizadas-na-avenida-paulista-em-evangelismo-nova-historia-com-cristo\/#primaryimage"},"thumbnailUrl":"https:\/\/radioportoseguro.com.br\/site\/wp-content\/uploads\/2026\/03\/3076735670-batismo.jpeg","articleSection":["Destaques"],"inLanguage":"pt-BR"},{"@type":"WebPage","@id":"https:\/\/radioportoseguro.com.br\/site\/2026\/03\/11\/pessoas-sao-batizadas-na-avenida-paulista-em-evangelismo-nova-historia-com-cristo\/","url":"https:\/\/radioportoseguro.com.br\/site\/2026\/03\/11\/pessoas-sao-batizadas-na-avenida-paulista-em-evangelismo-nova-historia-com-cristo\/","name":"Pessoas s\u00e3o batizadas na Avenida Paulista em evangelismo: \u201cNova hist\u00f3ria com Cristo\u201d - R\u00e1dio Porto Seguro","isPartOf":{"@id":"https:\/\/radioportoseguro.com.br\/site\/#website"},"primaryImageOfPage":{"@id":"https:\/\/radioportoseguro.com.br\/site\/2026\/03\/11\/pessoas-sao-batizadas-na-avenida-paulista-em-evangelismo-nova-historia-com-cristo\/#primaryimage"},"image":{"@id":"https:\/\/radioportoseguro.com.br\/site\/2026\/03\/11\/pessoas-sao-batizadas-na-avenida-paulista-em-evangelismo-nova-historia-com-cristo\/#primaryimage"},"thumbnailUrl":"https:\/\/radioportoseguro.com.br\/site\/wp-content\/uploads\/2026\/03\/3076735670-batismo.jpeg","datePublished":"2026-03-11T10:49:45+00:00","author":{"@id":"https:\/\/radioportoseguro.com.br\/site\/#\/schema\/person\/7630acdc320186f13639d3c067ec089b"},"breadcrumb":{"@id":"https:\/\/radioportoseguro.com.br\/site\/2026\/03\/11\/pessoas-sao-batizadas-na-avenida-paulista-em-evangelismo-nova-historia-com-cristo\/#breadcrumb"},"inLanguage":"pt-BR","potentialAction":[{"@type":"ReadAction","target":["https:\/\/radioportoseguro.com.br\/site\/2026\/03\/11\/pessoas-sao-batizadas-na-avenida-paulista-em-evangelismo-nova-historia-com-cristo\/"]}]},{"@type":"ImageObject","inLanguage":"pt-BR","@id":"https:\/\/radioportoseguro.com.br\/site\/2026\/03\/11\/pessoas-sao-batizadas-na-avenida-paulista-em-evangelismo-nova-historia-com-cristo\/#primaryimage","url":"https:\/\/radioportoseguro.com.br\/site\/wp-content\/uploads\/2026\/03\/3076735670-batismo.jpeg","contentUrl":"https:\/\/radioportoseguro.com.br\/site\/wp-content\/uploads\/2026\/03\/3076735670-batismo.jpeg","width":1200,"height":600},{"@type":"BreadcrumbList","@id":"https:\/\/radioportoseguro.com.br\/site\/2026\/03\/11\/pessoas-sao-batizadas-na-avenida-paulista-em-evangelismo-nova-historia-com-cristo\/#breadcrumb","itemListElement":[{"@type":"ListItem","position":1,"name":"In\u00edcio","item":"https:\/\/radioportoseguro.com.br\/site\/"},{"@type":"ListItem","position":2,"name":"Pessoas s\u00e3o batizadas na Avenida Paulista em evangelismo: \u201cNova hist\u00f3ria com Cristo\u201d"}]},{"@type":"WebSite","@id":"https:\/\/radioportoseguro.com.br\/site\/#website","url":"https:\/\/radioportoseguro.com.br\/site\/","name":"R\u00e1dio Porto Seguro","description":"","potentialAction":[{"@type":"SearchAction","target":{"@type":"EntryPoint","urlTemplate":"https:\/\/radioportoseguro.com.br\/site\/?s={search_term_string}"},"query-input":{"@type":"PropertyValueSpecification","valueRequired":true,"valueName":"search_term_string"}}],"inLanguage":"pt-BR"},{"@type":"Person","@id":"https:\/\/radioportoseguro.com.br\/site\/#\/schema\/person\/7630acdc320186f13639d3c067ec089b","name":"admin","image":{"@type":"ImageObject","inLanguage":"pt-BR","@id":"https:\/\/radioportoseguro.com.br\/site\/#\/schema\/person\/image\/","url":"https:\/\/secure.gravatar.com\/avatar\/caacf4dc1eedb68fab0df8e1ed46c448e578b2466351bbcb61e47d2ac0caaef0?s=96&d=mm&r=g","contentUrl":"https:\/\/secure.gravatar.com\/avatar\/caacf4dc1eedb68fab0df8e1ed46c448e578b2466351bbcb61e47d2ac0caaef0?s=96&d=mm&r=g","caption":"admin"},"sameAs":["https:\/\/radioportoseguro.com.br\/site"],"url":"https:\/\/radioportoseguro.com.br\/site\/author\/hezio\/"}]}},"_links":{"self":[{"href":"https:\/\/radioportoseguro.com.br\/site\/wp-json\/wp\/v2\/posts\/4904","targetHints":{"allow":["GET"]}}],"collection":[{"href":"https:\/\/radioportoseguro.com.br\/site\/wp-json\/wp\/v2\/posts"}],"about":[{"href":"https:\/\/radioportoseguro.com.br\/site\/wp-json\/wp\/v2\/types\/post"}],"author":[{"embeddable":true,"href":"https:\/\/radioportoseguro.com.br\/site\/wp-json\/wp\/v2\/users\/1"}],"replies":[{"embeddable":true,"href":"https:\/\/radioportoseguro.com.br\/site\/wp-json\/wp\/v2\/comments?post=4904"}],"version-history":[{"count":0,"href":"https:\/\/radioportoseguro.com.br\/site\/wp-json\/wp\/v2\/posts\/4904\/revisions"}],"wp:featuredmedia":[{"embeddable":true,"href":"https:\/\/radioportoseguro.com.br\/site\/wp-json\/wp\/v2\/media\/4905"}],"wp:attachment":[{"href":"https:\/\/radioportoseguro.com.br\/site\/wp-json\/wp\/v2\/media?parent=4904"}],"wp:term":[{"taxonomy":"category","embeddable":true,"href":"https:\/\/radioportoseguro.com.br\/site\/wp-json\/wp\/v2\/categories?post=4904"},{"taxonomy":"post_tag","embeddable":true,"href":"https:\/\/radioportoseguro.com.br\/site\/wp-json\/wp\/v2\/tags?post=4904"}],"curies":[{"name":"wp","href":"https:\/\/api.w.org\/{rel}","templated":true}]}}