{"id":4914,"date":"2026-03-11T14:09:58","date_gmt":"2026-03-11T17:09:58","guid":{"rendered":"https:\/\/radioportoseguro.com.br\/site\/2026\/03\/11\/na-onu-especialistas-denunciam-aumento-da-perseguicao-contra-cristaos-na-europa\/"},"modified":"2026-03-11T14:09:58","modified_gmt":"2026-03-11T17:09:58","slug":"na-onu-especialistas-denunciam-aumento-da-perseguicao-contra-cristaos-na-europa","status":"publish","type":"post","link":"https:\/\/radioportoseguro.com.br\/site\/2026\/03\/11\/na-onu-especialistas-denunciam-aumento-da-perseguicao-contra-cristaos-na-europa\/","title":{"rendered":"Na ONU, especialistas denunciam aumento da persegui\u00e7\u00e3o contra crist\u00e3os na Europa"},"content":{"rendered":"<p><br \/>\n<br \/><\/p>\n<div>\n<p><span style=\"font-weight: 400;\">Especialistas e diplomatas denunciaram na ONU o aumento da persegui\u00e7\u00e3o contra crist\u00e3os na <\/span><span style=\"color: #800000;\"><strong>Europa<\/strong><\/span><span style=\"font-weight: 400;\">.<\/span><\/p>\n<p><span style=\"font-weight: 400;\">Na 61\u00b0 sess\u00e3o do Conselho de Direitos Humanos das Na\u00e7\u00f5es Unidas, em Genebra, eles alertaram para o crescimento da viol\u00eancia e da press\u00e3o judicial contra a comunidade crist\u00e3 nos pa\u00edses europeus, no dia 3 de fevereiro.<\/span><\/p>\n<p><span style=\"font-weight: 400;\">Anja Tang, diretora executiva do Observat\u00f3rio sobre Intoler\u00e2ncia e Discrimina\u00e7\u00e3o contra Crist\u00e3os na Europa (OIDAC Europa), afirmou que a organiza\u00e7\u00e3o registrou v\u00e1rios governos europeus mirando crentes \u201cpor meio de processos criminais por expressarem pacificamente suas cren\u00e7as religiosas&#8221;.<\/span><\/p>\n<p><span style=\"font-weight: 400;\">Tang citou o exemplo dos processos judiciais contra a deputado finlandesa <\/span><span style=\"color: #800000;\"><strong>P\u00e4ivi R\u00e4s\u00e4nen <\/strong><\/span><span style=\"font-weight: 400;\">por citar os princ\u00edpios b\u00edblicos sobre casamento e sexualidade publicamente.<\/span><\/p>\n<p><strong>Mais de 2.200 crimes de \u00f3dio anticrist\u00e3o<\/strong><\/p>\n<p><span style=\"font-weight: 400;\">O arcebispo Ettore Balestrero, observador permanente da Igreja Cat\u00f3lica nas Na\u00e7\u00f5es Unidas, afirmou que <\/span><span style=\"color: #800000;\"><strong>2.211 crimes de \u00f3dio anticrist\u00e3o<\/strong><\/span><span style=\"font-weight: 400;\"> foram registrados na Europa em 2024, conforme um relat\u00f3rio do OIDAC.<\/span><\/p>\n<p><span style=\"font-weight: 400;\">Balestrero defendeu que os pa\u00edses t\u00eam a responsabilidade de proteger a liberdade religiosa e garantir que os cidad\u00e3os possam praticar sua f\u00e9 sem interfer\u00eancia, acrescentando que quase 400 milh\u00f5es de crist\u00e3os sofrem persegui\u00e7\u00e3o no mundo. Para ele, a impunidade tem sido o maior desafio no combate \u00e0 persegui\u00e7\u00e3o religiosa.<\/span><\/p>\n<p><span style=\"font-weight: 400;\">Os especialistas relataram que os casos de \u00f3dio contra crist\u00e3os no continente europeu inclui viol\u00eancia f\u00edsica; processos judiciais; e leis que afetam a express\u00e3o religiosa nas escolas, afetam os direitos dos pais na educa\u00e7\u00e3o dos filhos, e a autonomia das igrejas.<\/span><\/p>\n<p><span style=\"font-weight: 400;\">&#8220;Os crist\u00e3os n\u00e3o est\u00e3o e n\u00e3o devem estar sozinhos&#8221;, declarou Nazila Ghanea, Relatora Especial das Na\u00e7\u00f5es Unidas sobre Liberdade de Religi\u00e3o ou Cren\u00e7a, observando que os crist\u00e3os enfrentam diversas viola\u00e7\u00f5es de direitos fundamentais.<\/span><\/p>\n<p><span style=\"font-weight: 400;\">M\u00e1rk Aur\u00e9l \u00c9rszegi, conselheiro especial para religi\u00e3o e diplomacia no Minist\u00e9rio das Rela\u00e7\u00f5es Exteriores e Com\u00e9rcio da Hungria, sugeriu a cria\u00e7\u00e3o de programas de assist\u00eancia para ajudar comunidades que enfrentam persegui\u00e7\u00e3o e deslocamento for\u00e7ado por sua f\u00e9.<\/span><\/p>\n<p><strong>Ataques \u00e0 igrejas<\/strong><\/p>\n<p><span style=\"font-weight: 400;\">Segundo o Observat\u00f3rio sobre Intoler\u00e2ncia e Discrimina\u00e7\u00e3o contra Crist\u00e3os na Europa, a maioria dos ataques contra crist\u00e3os de 2024 aconteceram na Fran\u00e7a, seguido pelo Reino Unido, Alemanha e Espanha.<\/span><\/p>\n<p><span style=\"font-weight: 400;\">Um dos ataques mais brutais documentado foi o assassinato de um monge de 76 anos em um mosteiro na Espanha.<\/span><\/p>\n<p><span style=\"font-weight: 400;\">Inc\u00eandios criminosos contra igrejas e propriedades crist\u00e3s na Europa tamb\u00e9m cresceram. Houve 94 casos em 2024.<\/span><\/p>\n<p><span style=\"font-weight: 400;\">O maior n\u00famero de ataques incendi\u00e1rios aconteceu na Alemanha, com 33 casos. No ano passado, l\u00edderes crist\u00e3os denunciaram o aumento do vandalismo e profana\u00e7\u00e3o de igrejas no pa\u00eds.<\/span><\/p>\n<p><span style=\"font-weight: 400;\">Al\u00e9m disso, houve 15 casos de vandalismo em templos envolvendo picha\u00e7\u00e3o de s\u00edmbolos sat\u00e2nicos no continente europeu.<\/span><\/p>\n<p><span style=\"font-weight: 400;\">Conforme o relat\u00f3rio, \u00e9 dif\u00edcil identificar as raz\u00f5es dos crimes de \u00f3dio anticrist\u00e3o porque muitos dos criminosos n\u00e3o s\u00e3o detidos.<\/span><\/p>\n<p><span style=\"font-weight: 400;\">Dos casos em que foi poss\u00edvel verificar, os ataques foram motivados por ideologia isl\u00e2mica radical, ideologia radical de esquerda, ideologia radical de direita e outros motivos pol\u00edticos.<\/span><\/p>\n<\/div>\n<p><br \/>\n<br \/>Fonte: Guiame <\/p>\n","protected":false},"excerpt":{"rendered":"<p>Especialistas e diplomatas denunciaram na ONU o aumento da persegui\u00e7\u00e3o contra crist\u00e3os na Europa. Na 61\u00b0 sess\u00e3o do Conselho de Direitos Humanos das Na\u00e7\u00f5es Unidas, em Genebra, eles alertaram para o crescimento da viol\u00eancia e da press\u00e3o judicial contra a comunidade crist\u00e3 nos pa\u00edses europeus, no dia 3 de fevereiro. Anja Tang, diretora executiva do [&hellip;]<\/p>\n","protected":false},"author":1,"featured_media":4915,"comment_status":"","ping_status":"open","sticky":false,"template":"","format":"standard","meta":{"footnotes":""},"categories":[43],"tags":[],"class_list":["post-4914","post","type-post","status-publish","format-standard","has-post-thumbnail","hentry","category-destaques"],"yoast_head":"<!-- This site is optimized with the Yoast SEO plugin v26.8 - https:\/\/yoast.com\/product\/yoast-seo-wordpress\/ -->\n<title>Na ONU, especialistas denunciam aumento da persegui\u00e7\u00e3o contra crist\u00e3os na Europa - R\u00e1dio Porto Seguro<\/title>\n<meta name=\"robots\" content=\"index, follow, max-snippet:-1, max-image-preview:large, max-video-preview:-1\" \/>\n<link rel=\"canonical\" href=\"https:\/\/radioportoseguro.com.br\/site\/2026\/03\/11\/na-onu-especialistas-denunciam-aumento-da-perseguicao-contra-cristaos-na-europa\/\" \/>\n<meta property=\"og:locale\" content=\"pt_BR\" \/>\n<meta property=\"og:type\" content=\"article\" \/>\n<meta property=\"og:title\" content=\"Na ONU, especialistas denunciam aumento da persegui\u00e7\u00e3o contra crist\u00e3os na Europa - R\u00e1dio Porto Seguro\" \/>\n<meta property=\"og:description\" content=\"Especialistas e diplomatas denunciaram na ONU o aumento da persegui\u00e7\u00e3o contra crist\u00e3os na Europa. Na 61\u00b0 sess\u00e3o do Conselho de Direitos Humanos das Na\u00e7\u00f5es Unidas, em Genebra, eles alertaram para o crescimento da viol\u00eancia e da press\u00e3o judicial contra a comunidade crist\u00e3 nos pa\u00edses europeus, no dia 3 de fevereiro. Anja Tang, diretora executiva do [&hellip;]\" \/>\n<meta property=\"og:url\" content=\"https:\/\/radioportoseguro.com.br\/site\/2026\/03\/11\/na-onu-especialistas-denunciam-aumento-da-perseguicao-contra-cristaos-na-europa\/\" \/>\n<meta property=\"og:site_name\" content=\"R\u00e1dio Porto Seguro\" \/>\n<meta property=\"article:published_time\" content=\"2026-03-11T17:09:58+00:00\" \/>\n<meta property=\"og:image\" content=\"https:\/\/media.guiame.com.br\/archives\/2026\/03\/10\/2946689057-onu.jpg\" \/>\n<meta name=\"author\" content=\"admin\" \/>\n<meta name=\"twitter:card\" content=\"summary_large_image\" \/>\n<meta name=\"twitter:label1\" content=\"Escrito por\" \/>\n\t<meta name=\"twitter:data1\" content=\"admin\" \/>\n\t<meta name=\"twitter:label2\" content=\"Est. tempo de leitura\" \/>\n\t<meta name=\"twitter:data2\" content=\"3 minutos\" \/>\n<script type=\"application\/ld+json\" class=\"yoast-schema-graph\">{\"@context\":\"https:\/\/schema.org\",\"@graph\":[{\"@type\":\"Article\",\"@id\":\"https:\/\/radioportoseguro.com.br\/site\/2026\/03\/11\/na-onu-especialistas-denunciam-aumento-da-perseguicao-contra-cristaos-na-europa\/#article\",\"isPartOf\":{\"@id\":\"https:\/\/radioportoseguro.com.br\/site\/2026\/03\/11\/na-onu-especialistas-denunciam-aumento-da-perseguicao-contra-cristaos-na-europa\/\"},\"author\":{\"name\":\"admin\",\"@id\":\"https:\/\/radioportoseguro.com.br\/site\/#\/schema\/person\/7630acdc320186f13639d3c067ec089b\"},\"headline\":\"Na ONU, especialistas denunciam aumento da persegui\u00e7\u00e3o contra crist\u00e3os na Europa\",\"datePublished\":\"2026-03-11T17:09:58+00:00\",\"mainEntityOfPage\":{\"@id\":\"https:\/\/radioportoseguro.com.br\/site\/2026\/03\/11\/na-onu-especialistas-denunciam-aumento-da-perseguicao-contra-cristaos-na-europa\/\"},\"wordCount\":553,\"image\":{\"@id\":\"https:\/\/radioportoseguro.com.br\/site\/2026\/03\/11\/na-onu-especialistas-denunciam-aumento-da-perseguicao-contra-cristaos-na-europa\/#primaryimage\"},\"thumbnailUrl\":\"https:\/\/radioportoseguro.com.br\/site\/wp-content\/uploads\/2026\/03\/2946689057-onu.jpg\",\"articleSection\":[\"Destaques\"],\"inLanguage\":\"pt-BR\"},{\"@type\":\"WebPage\",\"@id\":\"https:\/\/radioportoseguro.com.br\/site\/2026\/03\/11\/na-onu-especialistas-denunciam-aumento-da-perseguicao-contra-cristaos-na-europa\/\",\"url\":\"https:\/\/radioportoseguro.com.br\/site\/2026\/03\/11\/na-onu-especialistas-denunciam-aumento-da-perseguicao-contra-cristaos-na-europa\/\",\"name\":\"Na ONU, especialistas denunciam aumento da persegui\u00e7\u00e3o contra crist\u00e3os na Europa - R\u00e1dio Porto Seguro\",\"isPartOf\":{\"@id\":\"https:\/\/radioportoseguro.com.br\/site\/#website\"},\"primaryImageOfPage\":{\"@id\":\"https:\/\/radioportoseguro.com.br\/site\/2026\/03\/11\/na-onu-especialistas-denunciam-aumento-da-perseguicao-contra-cristaos-na-europa\/#primaryimage\"},\"image\":{\"@id\":\"https:\/\/radioportoseguro.com.br\/site\/2026\/03\/11\/na-onu-especialistas-denunciam-aumento-da-perseguicao-contra-cristaos-na-europa\/#primaryimage\"},\"thumbnailUrl\":\"https:\/\/radioportoseguro.com.br\/site\/wp-content\/uploads\/2026\/03\/2946689057-onu.jpg\",\"datePublished\":\"2026-03-11T17:09:58+00:00\",\"author\":{\"@id\":\"https:\/\/radioportoseguro.com.br\/site\/#\/schema\/person\/7630acdc320186f13639d3c067ec089b\"},\"breadcrumb\":{\"@id\":\"https:\/\/radioportoseguro.com.br\/site\/2026\/03\/11\/na-onu-especialistas-denunciam-aumento-da-perseguicao-contra-cristaos-na-europa\/#breadcrumb\"},\"inLanguage\":\"pt-BR\",\"potentialAction\":[{\"@type\":\"ReadAction\",\"target\":[\"https:\/\/radioportoseguro.com.br\/site\/2026\/03\/11\/na-onu-especialistas-denunciam-aumento-da-perseguicao-contra-cristaos-na-europa\/\"]}]},{\"@type\":\"ImageObject\",\"inLanguage\":\"pt-BR\",\"@id\":\"https:\/\/radioportoseguro.com.br\/site\/2026\/03\/11\/na-onu-especialistas-denunciam-aumento-da-perseguicao-contra-cristaos-na-europa\/#primaryimage\",\"url\":\"https:\/\/radioportoseguro.com.br\/site\/wp-content\/uploads\/2026\/03\/2946689057-onu.jpg\",\"contentUrl\":\"https:\/\/radioportoseguro.com.br\/site\/wp-content\/uploads\/2026\/03\/2946689057-onu.jpg\",\"width\":1200,\"height\":600},{\"@type\":\"BreadcrumbList\",\"@id\":\"https:\/\/radioportoseguro.com.br\/site\/2026\/03\/11\/na-onu-especialistas-denunciam-aumento-da-perseguicao-contra-cristaos-na-europa\/#breadcrumb\",\"itemListElement\":[{\"@type\":\"ListItem\",\"position\":1,\"name\":\"In\u00edcio\",\"item\":\"https:\/\/radioportoseguro.com.br\/site\/\"},{\"@type\":\"ListItem\",\"position\":2,\"name\":\"Na ONU, especialistas denunciam aumento da persegui\u00e7\u00e3o contra crist\u00e3os na Europa\"}]},{\"@type\":\"WebSite\",\"@id\":\"https:\/\/radioportoseguro.com.br\/site\/#website\",\"url\":\"https:\/\/radioportoseguro.com.br\/site\/\",\"name\":\"R\u00e1dio Porto Seguro\",\"description\":\"\",\"potentialAction\":[{\"@type\":\"SearchAction\",\"target\":{\"@type\":\"EntryPoint\",\"urlTemplate\":\"https:\/\/radioportoseguro.com.br\/site\/?s={search_term_string}\"},\"query-input\":{\"@type\":\"PropertyValueSpecification\",\"valueRequired\":true,\"valueName\":\"search_term_string\"}}],\"inLanguage\":\"pt-BR\"},{\"@type\":\"Person\",\"@id\":\"https:\/\/radioportoseguro.com.br\/site\/#\/schema\/person\/7630acdc320186f13639d3c067ec089b\",\"name\":\"admin\",\"image\":{\"@type\":\"ImageObject\",\"inLanguage\":\"pt-BR\",\"@id\":\"https:\/\/radioportoseguro.com.br\/site\/#\/schema\/person\/image\/\",\"url\":\"https:\/\/secure.gravatar.com\/avatar\/caacf4dc1eedb68fab0df8e1ed46c448e578b2466351bbcb61e47d2ac0caaef0?s=96&d=mm&r=g\",\"contentUrl\":\"https:\/\/secure.gravatar.com\/avatar\/caacf4dc1eedb68fab0df8e1ed46c448e578b2466351bbcb61e47d2ac0caaef0?s=96&d=mm&r=g\",\"caption\":\"admin\"},\"sameAs\":[\"https:\/\/radioportoseguro.com.br\/site\"],\"url\":\"https:\/\/radioportoseguro.com.br\/site\/author\/hezio\/\"}]}<\/script>\n<!-- \/ Yoast SEO plugin. -->","yoast_head_json":{"title":"Na ONU, especialistas denunciam aumento da persegui\u00e7\u00e3o contra crist\u00e3os na Europa - R\u00e1dio Porto Seguro","robots":{"index":"index","follow":"follow","max-snippet":"max-snippet:-1","max-image-preview":"max-image-preview:large","max-video-preview":"max-video-preview:-1"},"canonical":"https:\/\/radioportoseguro.com.br\/site\/2026\/03\/11\/na-onu-especialistas-denunciam-aumento-da-perseguicao-contra-cristaos-na-europa\/","og_locale":"pt_BR","og_type":"article","og_title":"Na ONU, especialistas denunciam aumento da persegui\u00e7\u00e3o contra crist\u00e3os na Europa - R\u00e1dio Porto Seguro","og_description":"Especialistas e diplomatas denunciaram na ONU o aumento da persegui\u00e7\u00e3o contra crist\u00e3os na Europa. Na 61\u00b0 sess\u00e3o do Conselho de Direitos Humanos das Na\u00e7\u00f5es Unidas, em Genebra, eles alertaram para o crescimento da viol\u00eancia e da press\u00e3o judicial contra a comunidade crist\u00e3 nos pa\u00edses europeus, no dia 3 de fevereiro. Anja Tang, diretora executiva do [&hellip;]","og_url":"https:\/\/radioportoseguro.com.br\/site\/2026\/03\/11\/na-onu-especialistas-denunciam-aumento-da-perseguicao-contra-cristaos-na-europa\/","og_site_name":"R\u00e1dio Porto Seguro","article_published_time":"2026-03-11T17:09:58+00:00","og_image":[{"url":"https:\/\/media.guiame.com.br\/archives\/2026\/03\/10\/2946689057-onu.jpg","type":"","width":"","height":""}],"author":"admin","twitter_card":"summary_large_image","twitter_misc":{"Escrito por":"admin","Est. tempo de leitura":"3 minutos"},"schema":{"@context":"https:\/\/schema.org","@graph":[{"@type":"Article","@id":"https:\/\/radioportoseguro.com.br\/site\/2026\/03\/11\/na-onu-especialistas-denunciam-aumento-da-perseguicao-contra-cristaos-na-europa\/#article","isPartOf":{"@id":"https:\/\/radioportoseguro.com.br\/site\/2026\/03\/11\/na-onu-especialistas-denunciam-aumento-da-perseguicao-contra-cristaos-na-europa\/"},"author":{"name":"admin","@id":"https:\/\/radioportoseguro.com.br\/site\/#\/schema\/person\/7630acdc320186f13639d3c067ec089b"},"headline":"Na ONU, especialistas denunciam aumento da persegui\u00e7\u00e3o contra crist\u00e3os na Europa","datePublished":"2026-03-11T17:09:58+00:00","mainEntityOfPage":{"@id":"https:\/\/radioportoseguro.com.br\/site\/2026\/03\/11\/na-onu-especialistas-denunciam-aumento-da-perseguicao-contra-cristaos-na-europa\/"},"wordCount":553,"image":{"@id":"https:\/\/radioportoseguro.com.br\/site\/2026\/03\/11\/na-onu-especialistas-denunciam-aumento-da-perseguicao-contra-cristaos-na-europa\/#primaryimage"},"thumbnailUrl":"https:\/\/radioportoseguro.com.br\/site\/wp-content\/uploads\/2026\/03\/2946689057-onu.jpg","articleSection":["Destaques"],"inLanguage":"pt-BR"},{"@type":"WebPage","@id":"https:\/\/radioportoseguro.com.br\/site\/2026\/03\/11\/na-onu-especialistas-denunciam-aumento-da-perseguicao-contra-cristaos-na-europa\/","url":"https:\/\/radioportoseguro.com.br\/site\/2026\/03\/11\/na-onu-especialistas-denunciam-aumento-da-perseguicao-contra-cristaos-na-europa\/","name":"Na ONU, especialistas denunciam aumento da persegui\u00e7\u00e3o contra crist\u00e3os na Europa - R\u00e1dio Porto Seguro","isPartOf":{"@id":"https:\/\/radioportoseguro.com.br\/site\/#website"},"primaryImageOfPage":{"@id":"https:\/\/radioportoseguro.com.br\/site\/2026\/03\/11\/na-onu-especialistas-denunciam-aumento-da-perseguicao-contra-cristaos-na-europa\/#primaryimage"},"image":{"@id":"https:\/\/radioportoseguro.com.br\/site\/2026\/03\/11\/na-onu-especialistas-denunciam-aumento-da-perseguicao-contra-cristaos-na-europa\/#primaryimage"},"thumbnailUrl":"https:\/\/radioportoseguro.com.br\/site\/wp-content\/uploads\/2026\/03\/2946689057-onu.jpg","datePublished":"2026-03-11T17:09:58+00:00","author":{"@id":"https:\/\/radioportoseguro.com.br\/site\/#\/schema\/person\/7630acdc320186f13639d3c067ec089b"},"breadcrumb":{"@id":"https:\/\/radioportoseguro.com.br\/site\/2026\/03\/11\/na-onu-especialistas-denunciam-aumento-da-perseguicao-contra-cristaos-na-europa\/#breadcrumb"},"inLanguage":"pt-BR","potentialAction":[{"@type":"ReadAction","target":["https:\/\/radioportoseguro.com.br\/site\/2026\/03\/11\/na-onu-especialistas-denunciam-aumento-da-perseguicao-contra-cristaos-na-europa\/"]}]},{"@type":"ImageObject","inLanguage":"pt-BR","@id":"https:\/\/radioportoseguro.com.br\/site\/2026\/03\/11\/na-onu-especialistas-denunciam-aumento-da-perseguicao-contra-cristaos-na-europa\/#primaryimage","url":"https:\/\/radioportoseguro.com.br\/site\/wp-content\/uploads\/2026\/03\/2946689057-onu.jpg","contentUrl":"https:\/\/radioportoseguro.com.br\/site\/wp-content\/uploads\/2026\/03\/2946689057-onu.jpg","width":1200,"height":600},{"@type":"BreadcrumbList","@id":"https:\/\/radioportoseguro.com.br\/site\/2026\/03\/11\/na-onu-especialistas-denunciam-aumento-da-perseguicao-contra-cristaos-na-europa\/#breadcrumb","itemListElement":[{"@type":"ListItem","position":1,"name":"In\u00edcio","item":"https:\/\/radioportoseguro.com.br\/site\/"},{"@type":"ListItem","position":2,"name":"Na ONU, especialistas denunciam aumento da persegui\u00e7\u00e3o contra crist\u00e3os na Europa"}]},{"@type":"WebSite","@id":"https:\/\/radioportoseguro.com.br\/site\/#website","url":"https:\/\/radioportoseguro.com.br\/site\/","name":"R\u00e1dio Porto Seguro","description":"","potentialAction":[{"@type":"SearchAction","target":{"@type":"EntryPoint","urlTemplate":"https:\/\/radioportoseguro.com.br\/site\/?s={search_term_string}"},"query-input":{"@type":"PropertyValueSpecification","valueRequired":true,"valueName":"search_term_string"}}],"inLanguage":"pt-BR"},{"@type":"Person","@id":"https:\/\/radioportoseguro.com.br\/site\/#\/schema\/person\/7630acdc320186f13639d3c067ec089b","name":"admin","image":{"@type":"ImageObject","inLanguage":"pt-BR","@id":"https:\/\/radioportoseguro.com.br\/site\/#\/schema\/person\/image\/","url":"https:\/\/secure.gravatar.com\/avatar\/caacf4dc1eedb68fab0df8e1ed46c448e578b2466351bbcb61e47d2ac0caaef0?s=96&d=mm&r=g","contentUrl":"https:\/\/secure.gravatar.com\/avatar\/caacf4dc1eedb68fab0df8e1ed46c448e578b2466351bbcb61e47d2ac0caaef0?s=96&d=mm&r=g","caption":"admin"},"sameAs":["https:\/\/radioportoseguro.com.br\/site"],"url":"https:\/\/radioportoseguro.com.br\/site\/author\/hezio\/"}]}},"_links":{"self":[{"href":"https:\/\/radioportoseguro.com.br\/site\/wp-json\/wp\/v2\/posts\/4914","targetHints":{"allow":["GET"]}}],"collection":[{"href":"https:\/\/radioportoseguro.com.br\/site\/wp-json\/wp\/v2\/posts"}],"about":[{"href":"https:\/\/radioportoseguro.com.br\/site\/wp-json\/wp\/v2\/types\/post"}],"author":[{"embeddable":true,"href":"https:\/\/radioportoseguro.com.br\/site\/wp-json\/wp\/v2\/users\/1"}],"replies":[{"embeddable":true,"href":"https:\/\/radioportoseguro.com.br\/site\/wp-json\/wp\/v2\/comments?post=4914"}],"version-history":[{"count":0,"href":"https:\/\/radioportoseguro.com.br\/site\/wp-json\/wp\/v2\/posts\/4914\/revisions"}],"wp:featuredmedia":[{"embeddable":true,"href":"https:\/\/radioportoseguro.com.br\/site\/wp-json\/wp\/v2\/media\/4915"}],"wp:attachment":[{"href":"https:\/\/radioportoseguro.com.br\/site\/wp-json\/wp\/v2\/media?parent=4914"}],"wp:term":[{"taxonomy":"category","embeddable":true,"href":"https:\/\/radioportoseguro.com.br\/site\/wp-json\/wp\/v2\/categories?post=4914"},{"taxonomy":"post_tag","embeddable":true,"href":"https:\/\/radioportoseguro.com.br\/site\/wp-json\/wp\/v2\/tags?post=4914"}],"curies":[{"name":"wp","href":"https:\/\/api.w.org\/{rel}","templated":true}]}}