{"id":4930,"date":"2026-03-11T22:23:23","date_gmt":"2026-03-12T01:23:23","guid":{"rendered":"https:\/\/radioportoseguro.com.br\/site\/2026\/03\/11\/viciado-e-liberto-por-jesus-e-se-torna-missionario-cirurgiao-dentista-e-meu-chamado\/"},"modified":"2026-03-11T22:23:23","modified_gmt":"2026-03-12T01:23:23","slug":"viciado-e-liberto-por-jesus-e-se-torna-missionario-cirurgiao-dentista-e-meu-chamado","status":"publish","type":"post","link":"https:\/\/radioportoseguro.com.br\/site\/2026\/03\/11\/viciado-e-liberto-por-jesus-e-se-torna-missionario-cirurgiao-dentista-e-meu-chamado\/","title":{"rendered":"Viciado \u00e9 liberto por Jesus e se torna mission\u00e1rio cirurgi\u00e3o dentista: \u201c\u00c9 meu chamado\u201d"},"content":{"rendered":"<p><br \/>\n<br \/><\/p>\n<div>\n<p><span style=\"font-weight: 400;\">Bruno Armanhi, do Paran\u00e1, foi libertado do <\/span><span style=\"color: #800000;\"><strong>v\u00edcio em drogas<\/strong><\/span><span style=\"font-weight: 400;\"> ao conhecer o Evangelho a 20 anos atr\u00e1s.<\/span><\/p>\n<p><span style=\"font-weight: 400;\">\u201cCristo me resgatou das garras de Satan\u00e1s, fui envolvido com drogas e com v\u00e1rias coisas erradas e eu encontrei Jesus, eu encontrei a verdadeira alegria, a verdadeira paz, o verdadeiro gozo que h\u00e1 em Cristo\u201d, testemunhou ele, em v\u00eddeo no Instagram, na \u00faltima sexta-feira (6).<\/span><\/p>\n<p><span style=\"font-weight: 400;\">Ap\u00f3s sua convers\u00e3o, Bruno se sentiu chamado para a <\/span><span style=\"color: #800000;\"><strong>obra mission\u00e1ria<\/strong><\/span><span style=\"font-weight: 400;\"> e passou a viajar a v\u00e1rios pa\u00edses para pregar as Boas Novas.<\/span><\/p>\n<p><span style=\"font-weight: 400;\">Durante uma viagem mission\u00e1ria ao Haiti, o crist\u00e3o foi direcionado para servir as na\u00e7\u00f5es como cirurgi\u00e3o dentista.<\/span><\/p>\n<p><span style=\"font-weight: 400;\">\u201cCristo fez um desafio pra mim no ano de 2017, no Haiti, onde uma amiga estava atendendo algumas crian\u00e7as na \u00e1rea da odontologia, e de repente eu olhei pra ela e falei: \u2018Poxa vida, eu poderia fazer uma faculdade de odontologia\u2019. Mas eu fui ver o pre\u00e7o e falei: \u2018Imposs\u00edvel fazer porque \u00e9 muito caro\u2019. Por\u00e9m, Deus falou comigo: \u2018Bruno, eu quero que voc\u00ea fa\u00e7a\u2019\u201d, relatou ele.<\/span><\/p>\n<blockquote class=\"instagram-media\" style=\"background: #FFF; border: 0; border-radius: 3px; box-shadow: 0 0 1px 0 rgba(0,0,0,0.5),0 1px 10px 0 rgba(0,0,0,0.15); margin: 1px; max-width: 540px; min-width: 326px; padding: 0; width: calc(100% - 2px);\" data-instgrm-captioned=\"\" data-instgrm-permalink=\"https:\/\/www.instagram.com\/p\/DGLoSE4sH3v\/?utm_source=ig_embed&amp;utm_campaign=loading\" data-instgrm-version=\"14\"><p>&#13;<br \/>\n&#13;\n<\/p><\/blockquote>\n<p><strong>Servindo os mais necessitados<\/strong><\/p>\n<p><span style=\"font-weight: 400;\">Bruno decidiu obedecer a voz do Senhor e fez um prop\u00f3sito com Ele. \u201cFalei: \u2018Jesus, eu aceito esse desafio, mas com uma condi\u00e7\u00e3o: que a faculdade de odontologia n\u00e3o seja a minha profiss\u00e3o, mas seja parte do meu chamado, que eu n\u00e3o seja conhecido como um <\/span><span style=\"color: #800000;\"><strong>dentista<\/strong><\/span><span style=\"font-weight: 400;\"> mission\u00e1rio, mas que eu seja conhecido como um mission\u00e1rio dentista\u2019\u201d, disse.<\/span><\/p>\n<p><span style=\"font-weight: 400;\">Ent\u00e3o, o mission\u00e1rio pausou suas viagens e se dedicou \u00e0 faculdade durante quatro anos. Em 2021, ele se formou e voltou a viajar a lugares pobres para servir como dentista.\u00a0<\/span><\/p>\n<p><span style=\"font-weight: 400;\">Atrav\u00e9s de ofertas, Bruno comprou dois consult\u00f3rios m\u00f3veis e oferece atendimento gratuito a crian\u00e7as, jovens e adultos em vulnerabilidade social.<\/span><\/p>\n<p><span style=\"font-weight: 400;\">\u201cDesde ent\u00e3o tem sido um tempo muito especial. J\u00e1 visitei in\u00fameras na\u00e7\u00f5es, atendendo como cirurgi\u00e3o dentista\u201d, afirmou.<\/span><\/p>\n<p><strong>Atendendo crian\u00e7as na Tail\u00e2ndia<\/strong><\/p>\n<p><span style=\"font-weight: 400;\">Sua \u00faltima viagem mission\u00e1ria foi na Tail\u00e2ndia, onde trabalhou junto com a <\/span><span style=\"color: #800000;\"><strong>Mission House<\/strong><\/span><span style=\"font-weight: 400;\">, uma miss\u00e3o que atua em pa\u00edses do Sudeste Asi\u00e1tico.<\/span><\/p>\n<p><span style=\"font-weight: 400;\">\u201cServimos ali na fronteira de Mianmar com a Tail\u00e2ndia, foi um tempo muito especial, deu pra atender 257 crian\u00e7as\u201d, comentou Bruno.<\/span><\/p>\n<p><span style=\"font-weight: 400;\">O mission\u00e1rio dentista incentivou os crist\u00e3os a usarem sua profiss\u00e3o para o Reino de Deus e alcan\u00e7ar pessoas.<\/span><\/p>\n<p><span style=\"font-weight: 400;\">\u201cEu n\u00e3o sei o que Cristo colocou nas suas m\u00e3os, pode ser que n\u00e3o seja odontologia, n\u00e3o seja uma medicina, n\u00e3o importa o que seja, aquilo que Cristo colocou nas suas m\u00e3os, use isso para gl\u00f3ria de Deus, use isso para ser resposta de ora\u00e7\u00e3o a quem tanto precisa\u201d, declarou ele.<\/span><\/p>\n<p><span style=\"font-weight: 400;\">\u201cGaste sua vida em Jesus, use aquilo que Deus colocou nas suas m\u00e3os para aben\u00e7oar quem tanto precisa\u201d, finalizou.<\/span><\/p>\n<blockquote class=\"instagram-media\" style=\"background: #FFF; border: 0; border-radius: 3px; box-shadow: 0 0 1px 0 rgba(0,0,0,0.5),0 1px 10px 0 rgba(0,0,0,0.15); margin: 1px; max-width: 540px; min-width: 326px; padding: 0; width: calc(100% - 2px);\" data-instgrm-captioned=\"\" data-instgrm-permalink=\"https:\/\/www.instagram.com\/reel\/DViq1roEbVF\/?utm_source=ig_embed&amp;utm_campaign=loading\" data-instgrm-version=\"14\"><p>&#13;<br \/>\n&#13;\n<\/p><\/blockquote>\n<\/div>\n<p><script async src=\"\/\/www.instagram.com\/embed.js\"><\/script><br \/>\n<br \/><br \/>\n<br \/>Fonte: Guiame <\/p>\n","protected":false},"excerpt":{"rendered":"<p>Bruno Armanhi, do Paran\u00e1, foi libertado do v\u00edcio em drogas ao conhecer o Evangelho a 20 anos atr\u00e1s. \u201cCristo me resgatou das garras de Satan\u00e1s, fui envolvido com drogas e com v\u00e1rias coisas erradas e eu encontrei Jesus, eu encontrei a verdadeira alegria, a verdadeira paz, o verdadeiro gozo que h\u00e1 em Cristo\u201d, testemunhou ele, [&hellip;]<\/p>\n","protected":false},"author":1,"featured_media":4931,"comment_status":"","ping_status":"open","sticky":false,"template":"","format":"standard","meta":{"footnotes":""},"categories":[43],"tags":[],"class_list":["post-4930","post","type-post","status-publish","format-standard","has-post-thumbnail","hentry","category-destaques"],"yoast_head":"<!-- This site is optimized with the Yoast SEO plugin v26.8 - https:\/\/yoast.com\/product\/yoast-seo-wordpress\/ -->\n<title>Viciado \u00e9 liberto por Jesus e se torna mission\u00e1rio cirurgi\u00e3o dentista: \u201c\u00c9 meu chamado\u201d - R\u00e1dio Porto Seguro<\/title>\n<meta name=\"robots\" content=\"index, follow, max-snippet:-1, max-image-preview:large, max-video-preview:-1\" \/>\n<link rel=\"canonical\" href=\"https:\/\/radioportoseguro.com.br\/site\/2026\/03\/11\/viciado-e-liberto-por-jesus-e-se-torna-missionario-cirurgiao-dentista-e-meu-chamado\/\" \/>\n<meta property=\"og:locale\" content=\"pt_BR\" \/>\n<meta property=\"og:type\" content=\"article\" \/>\n<meta property=\"og:title\" content=\"Viciado \u00e9 liberto por Jesus e se torna mission\u00e1rio cirurgi\u00e3o dentista: \u201c\u00c9 meu chamado\u201d - R\u00e1dio Porto Seguro\" \/>\n<meta property=\"og:description\" content=\"Bruno Armanhi, do Paran\u00e1, foi libertado do v\u00edcio em drogas ao conhecer o Evangelho a 20 anos atr\u00e1s. \u201cCristo me resgatou das garras de Satan\u00e1s, fui envolvido com drogas e com v\u00e1rias coisas erradas e eu encontrei Jesus, eu encontrei a verdadeira alegria, a verdadeira paz, o verdadeiro gozo que h\u00e1 em Cristo\u201d, testemunhou ele, [&hellip;]\" \/>\n<meta property=\"og:url\" content=\"https:\/\/radioportoseguro.com.br\/site\/2026\/03\/11\/viciado-e-liberto-por-jesus-e-se-torna-missionario-cirurgiao-dentista-e-meu-chamado\/\" \/>\n<meta property=\"og:site_name\" content=\"R\u00e1dio Porto Seguro\" \/>\n<meta property=\"article:published_time\" content=\"2026-03-12T01:23:23+00:00\" \/>\n<meta property=\"og:image\" content=\"https:\/\/media.guiame.com.br\/archives\/2026\/03\/10\/2157217783-bruno-armanhi.JPG\" \/>\n<meta name=\"author\" content=\"admin\" \/>\n<meta name=\"twitter:card\" content=\"summary_large_image\" \/>\n<meta name=\"twitter:label1\" content=\"Escrito por\" \/>\n\t<meta name=\"twitter:data1\" content=\"admin\" \/>\n\t<meta name=\"twitter:label2\" content=\"Est. tempo de leitura\" \/>\n\t<meta name=\"twitter:data2\" content=\"2 minutos\" \/>\n<script type=\"application\/ld+json\" class=\"yoast-schema-graph\">{\"@context\":\"https:\/\/schema.org\",\"@graph\":[{\"@type\":\"Article\",\"@id\":\"https:\/\/radioportoseguro.com.br\/site\/2026\/03\/11\/viciado-e-liberto-por-jesus-e-se-torna-missionario-cirurgiao-dentista-e-meu-chamado\/#article\",\"isPartOf\":{\"@id\":\"https:\/\/radioportoseguro.com.br\/site\/2026\/03\/11\/viciado-e-liberto-por-jesus-e-se-torna-missionario-cirurgiao-dentista-e-meu-chamado\/\"},\"author\":{\"name\":\"admin\",\"@id\":\"https:\/\/radioportoseguro.com.br\/site\/#\/schema\/person\/7630acdc320186f13639d3c067ec089b\"},\"headline\":\"Viciado \u00e9 liberto por Jesus e se torna mission\u00e1rio cirurgi\u00e3o dentista: \u201c\u00c9 meu chamado\u201d\",\"datePublished\":\"2026-03-12T01:23:23+00:00\",\"mainEntityOfPage\":{\"@id\":\"https:\/\/radioportoseguro.com.br\/site\/2026\/03\/11\/viciado-e-liberto-por-jesus-e-se-torna-missionario-cirurgiao-dentista-e-meu-chamado\/\"},\"wordCount\":505,\"image\":{\"@id\":\"https:\/\/radioportoseguro.com.br\/site\/2026\/03\/11\/viciado-e-liberto-por-jesus-e-se-torna-missionario-cirurgiao-dentista-e-meu-chamado\/#primaryimage\"},\"thumbnailUrl\":\"https:\/\/radioportoseguro.com.br\/site\/wp-content\/uploads\/2026\/03\/2157217783-bruno-armanhi.JPG\",\"articleSection\":[\"Destaques\"],\"inLanguage\":\"pt-BR\"},{\"@type\":\"WebPage\",\"@id\":\"https:\/\/radioportoseguro.com.br\/site\/2026\/03\/11\/viciado-e-liberto-por-jesus-e-se-torna-missionario-cirurgiao-dentista-e-meu-chamado\/\",\"url\":\"https:\/\/radioportoseguro.com.br\/site\/2026\/03\/11\/viciado-e-liberto-por-jesus-e-se-torna-missionario-cirurgiao-dentista-e-meu-chamado\/\",\"name\":\"Viciado \u00e9 liberto por Jesus e se torna mission\u00e1rio cirurgi\u00e3o dentista: \u201c\u00c9 meu chamado\u201d - R\u00e1dio Porto Seguro\",\"isPartOf\":{\"@id\":\"https:\/\/radioportoseguro.com.br\/site\/#website\"},\"primaryImageOfPage\":{\"@id\":\"https:\/\/radioportoseguro.com.br\/site\/2026\/03\/11\/viciado-e-liberto-por-jesus-e-se-torna-missionario-cirurgiao-dentista-e-meu-chamado\/#primaryimage\"},\"image\":{\"@id\":\"https:\/\/radioportoseguro.com.br\/site\/2026\/03\/11\/viciado-e-liberto-por-jesus-e-se-torna-missionario-cirurgiao-dentista-e-meu-chamado\/#primaryimage\"},\"thumbnailUrl\":\"https:\/\/radioportoseguro.com.br\/site\/wp-content\/uploads\/2026\/03\/2157217783-bruno-armanhi.JPG\",\"datePublished\":\"2026-03-12T01:23:23+00:00\",\"author\":{\"@id\":\"https:\/\/radioportoseguro.com.br\/site\/#\/schema\/person\/7630acdc320186f13639d3c067ec089b\"},\"breadcrumb\":{\"@id\":\"https:\/\/radioportoseguro.com.br\/site\/2026\/03\/11\/viciado-e-liberto-por-jesus-e-se-torna-missionario-cirurgiao-dentista-e-meu-chamado\/#breadcrumb\"},\"inLanguage\":\"pt-BR\",\"potentialAction\":[{\"@type\":\"ReadAction\",\"target\":[\"https:\/\/radioportoseguro.com.br\/site\/2026\/03\/11\/viciado-e-liberto-por-jesus-e-se-torna-missionario-cirurgiao-dentista-e-meu-chamado\/\"]}]},{\"@type\":\"ImageObject\",\"inLanguage\":\"pt-BR\",\"@id\":\"https:\/\/radioportoseguro.com.br\/site\/2026\/03\/11\/viciado-e-liberto-por-jesus-e-se-torna-missionario-cirurgiao-dentista-e-meu-chamado\/#primaryimage\",\"url\":\"https:\/\/radioportoseguro.com.br\/site\/wp-content\/uploads\/2026\/03\/2157217783-bruno-armanhi.JPG\",\"contentUrl\":\"https:\/\/radioportoseguro.com.br\/site\/wp-content\/uploads\/2026\/03\/2157217783-bruno-armanhi.JPG\",\"width\":1200,\"height\":600},{\"@type\":\"BreadcrumbList\",\"@id\":\"https:\/\/radioportoseguro.com.br\/site\/2026\/03\/11\/viciado-e-liberto-por-jesus-e-se-torna-missionario-cirurgiao-dentista-e-meu-chamado\/#breadcrumb\",\"itemListElement\":[{\"@type\":\"ListItem\",\"position\":1,\"name\":\"In\u00edcio\",\"item\":\"https:\/\/radioportoseguro.com.br\/site\/\"},{\"@type\":\"ListItem\",\"position\":2,\"name\":\"Viciado \u00e9 liberto por Jesus e se torna mission\u00e1rio cirurgi\u00e3o dentista: \u201c\u00c9 meu chamado\u201d\"}]},{\"@type\":\"WebSite\",\"@id\":\"https:\/\/radioportoseguro.com.br\/site\/#website\",\"url\":\"https:\/\/radioportoseguro.com.br\/site\/\",\"name\":\"R\u00e1dio Porto Seguro\",\"description\":\"\",\"potentialAction\":[{\"@type\":\"SearchAction\",\"target\":{\"@type\":\"EntryPoint\",\"urlTemplate\":\"https:\/\/radioportoseguro.com.br\/site\/?s={search_term_string}\"},\"query-input\":{\"@type\":\"PropertyValueSpecification\",\"valueRequired\":true,\"valueName\":\"search_term_string\"}}],\"inLanguage\":\"pt-BR\"},{\"@type\":\"Person\",\"@id\":\"https:\/\/radioportoseguro.com.br\/site\/#\/schema\/person\/7630acdc320186f13639d3c067ec089b\",\"name\":\"admin\",\"image\":{\"@type\":\"ImageObject\",\"inLanguage\":\"pt-BR\",\"@id\":\"https:\/\/radioportoseguro.com.br\/site\/#\/schema\/person\/image\/\",\"url\":\"https:\/\/secure.gravatar.com\/avatar\/caacf4dc1eedb68fab0df8e1ed46c448e578b2466351bbcb61e47d2ac0caaef0?s=96&d=mm&r=g\",\"contentUrl\":\"https:\/\/secure.gravatar.com\/avatar\/caacf4dc1eedb68fab0df8e1ed46c448e578b2466351bbcb61e47d2ac0caaef0?s=96&d=mm&r=g\",\"caption\":\"admin\"},\"sameAs\":[\"https:\/\/radioportoseguro.com.br\/site\"],\"url\":\"https:\/\/radioportoseguro.com.br\/site\/author\/hezio\/\"}]}<\/script>\n<!-- \/ Yoast SEO plugin. -->","yoast_head_json":{"title":"Viciado \u00e9 liberto por Jesus e se torna mission\u00e1rio cirurgi\u00e3o dentista: \u201c\u00c9 meu chamado\u201d - R\u00e1dio Porto Seguro","robots":{"index":"index","follow":"follow","max-snippet":"max-snippet:-1","max-image-preview":"max-image-preview:large","max-video-preview":"max-video-preview:-1"},"canonical":"https:\/\/radioportoseguro.com.br\/site\/2026\/03\/11\/viciado-e-liberto-por-jesus-e-se-torna-missionario-cirurgiao-dentista-e-meu-chamado\/","og_locale":"pt_BR","og_type":"article","og_title":"Viciado \u00e9 liberto por Jesus e se torna mission\u00e1rio cirurgi\u00e3o dentista: \u201c\u00c9 meu chamado\u201d - R\u00e1dio Porto Seguro","og_description":"Bruno Armanhi, do Paran\u00e1, foi libertado do v\u00edcio em drogas ao conhecer o Evangelho a 20 anos atr\u00e1s. \u201cCristo me resgatou das garras de Satan\u00e1s, fui envolvido com drogas e com v\u00e1rias coisas erradas e eu encontrei Jesus, eu encontrei a verdadeira alegria, a verdadeira paz, o verdadeiro gozo que h\u00e1 em Cristo\u201d, testemunhou ele, [&hellip;]","og_url":"https:\/\/radioportoseguro.com.br\/site\/2026\/03\/11\/viciado-e-liberto-por-jesus-e-se-torna-missionario-cirurgiao-dentista-e-meu-chamado\/","og_site_name":"R\u00e1dio Porto Seguro","article_published_time":"2026-03-12T01:23:23+00:00","og_image":[{"url":"https:\/\/media.guiame.com.br\/archives\/2026\/03\/10\/2157217783-bruno-armanhi.JPG","type":"","width":"","height":""}],"author":"admin","twitter_card":"summary_large_image","twitter_misc":{"Escrito por":"admin","Est. tempo de leitura":"2 minutos"},"schema":{"@context":"https:\/\/schema.org","@graph":[{"@type":"Article","@id":"https:\/\/radioportoseguro.com.br\/site\/2026\/03\/11\/viciado-e-liberto-por-jesus-e-se-torna-missionario-cirurgiao-dentista-e-meu-chamado\/#article","isPartOf":{"@id":"https:\/\/radioportoseguro.com.br\/site\/2026\/03\/11\/viciado-e-liberto-por-jesus-e-se-torna-missionario-cirurgiao-dentista-e-meu-chamado\/"},"author":{"name":"admin","@id":"https:\/\/radioportoseguro.com.br\/site\/#\/schema\/person\/7630acdc320186f13639d3c067ec089b"},"headline":"Viciado \u00e9 liberto por Jesus e se torna mission\u00e1rio cirurgi\u00e3o dentista: \u201c\u00c9 meu chamado\u201d","datePublished":"2026-03-12T01:23:23+00:00","mainEntityOfPage":{"@id":"https:\/\/radioportoseguro.com.br\/site\/2026\/03\/11\/viciado-e-liberto-por-jesus-e-se-torna-missionario-cirurgiao-dentista-e-meu-chamado\/"},"wordCount":505,"image":{"@id":"https:\/\/radioportoseguro.com.br\/site\/2026\/03\/11\/viciado-e-liberto-por-jesus-e-se-torna-missionario-cirurgiao-dentista-e-meu-chamado\/#primaryimage"},"thumbnailUrl":"https:\/\/radioportoseguro.com.br\/site\/wp-content\/uploads\/2026\/03\/2157217783-bruno-armanhi.JPG","articleSection":["Destaques"],"inLanguage":"pt-BR"},{"@type":"WebPage","@id":"https:\/\/radioportoseguro.com.br\/site\/2026\/03\/11\/viciado-e-liberto-por-jesus-e-se-torna-missionario-cirurgiao-dentista-e-meu-chamado\/","url":"https:\/\/radioportoseguro.com.br\/site\/2026\/03\/11\/viciado-e-liberto-por-jesus-e-se-torna-missionario-cirurgiao-dentista-e-meu-chamado\/","name":"Viciado \u00e9 liberto por Jesus e se torna mission\u00e1rio cirurgi\u00e3o dentista: \u201c\u00c9 meu chamado\u201d - R\u00e1dio Porto Seguro","isPartOf":{"@id":"https:\/\/radioportoseguro.com.br\/site\/#website"},"primaryImageOfPage":{"@id":"https:\/\/radioportoseguro.com.br\/site\/2026\/03\/11\/viciado-e-liberto-por-jesus-e-se-torna-missionario-cirurgiao-dentista-e-meu-chamado\/#primaryimage"},"image":{"@id":"https:\/\/radioportoseguro.com.br\/site\/2026\/03\/11\/viciado-e-liberto-por-jesus-e-se-torna-missionario-cirurgiao-dentista-e-meu-chamado\/#primaryimage"},"thumbnailUrl":"https:\/\/radioportoseguro.com.br\/site\/wp-content\/uploads\/2026\/03\/2157217783-bruno-armanhi.JPG","datePublished":"2026-03-12T01:23:23+00:00","author":{"@id":"https:\/\/radioportoseguro.com.br\/site\/#\/schema\/person\/7630acdc320186f13639d3c067ec089b"},"breadcrumb":{"@id":"https:\/\/radioportoseguro.com.br\/site\/2026\/03\/11\/viciado-e-liberto-por-jesus-e-se-torna-missionario-cirurgiao-dentista-e-meu-chamado\/#breadcrumb"},"inLanguage":"pt-BR","potentialAction":[{"@type":"ReadAction","target":["https:\/\/radioportoseguro.com.br\/site\/2026\/03\/11\/viciado-e-liberto-por-jesus-e-se-torna-missionario-cirurgiao-dentista-e-meu-chamado\/"]}]},{"@type":"ImageObject","inLanguage":"pt-BR","@id":"https:\/\/radioportoseguro.com.br\/site\/2026\/03\/11\/viciado-e-liberto-por-jesus-e-se-torna-missionario-cirurgiao-dentista-e-meu-chamado\/#primaryimage","url":"https:\/\/radioportoseguro.com.br\/site\/wp-content\/uploads\/2026\/03\/2157217783-bruno-armanhi.JPG","contentUrl":"https:\/\/radioportoseguro.com.br\/site\/wp-content\/uploads\/2026\/03\/2157217783-bruno-armanhi.JPG","width":1200,"height":600},{"@type":"BreadcrumbList","@id":"https:\/\/radioportoseguro.com.br\/site\/2026\/03\/11\/viciado-e-liberto-por-jesus-e-se-torna-missionario-cirurgiao-dentista-e-meu-chamado\/#breadcrumb","itemListElement":[{"@type":"ListItem","position":1,"name":"In\u00edcio","item":"https:\/\/radioportoseguro.com.br\/site\/"},{"@type":"ListItem","position":2,"name":"Viciado \u00e9 liberto por Jesus e se torna mission\u00e1rio cirurgi\u00e3o dentista: \u201c\u00c9 meu chamado\u201d"}]},{"@type":"WebSite","@id":"https:\/\/radioportoseguro.com.br\/site\/#website","url":"https:\/\/radioportoseguro.com.br\/site\/","name":"R\u00e1dio Porto Seguro","description":"","potentialAction":[{"@type":"SearchAction","target":{"@type":"EntryPoint","urlTemplate":"https:\/\/radioportoseguro.com.br\/site\/?s={search_term_string}"},"query-input":{"@type":"PropertyValueSpecification","valueRequired":true,"valueName":"search_term_string"}}],"inLanguage":"pt-BR"},{"@type":"Person","@id":"https:\/\/radioportoseguro.com.br\/site\/#\/schema\/person\/7630acdc320186f13639d3c067ec089b","name":"admin","image":{"@type":"ImageObject","inLanguage":"pt-BR","@id":"https:\/\/radioportoseguro.com.br\/site\/#\/schema\/person\/image\/","url":"https:\/\/secure.gravatar.com\/avatar\/caacf4dc1eedb68fab0df8e1ed46c448e578b2466351bbcb61e47d2ac0caaef0?s=96&d=mm&r=g","contentUrl":"https:\/\/secure.gravatar.com\/avatar\/caacf4dc1eedb68fab0df8e1ed46c448e578b2466351bbcb61e47d2ac0caaef0?s=96&d=mm&r=g","caption":"admin"},"sameAs":["https:\/\/radioportoseguro.com.br\/site"],"url":"https:\/\/radioportoseguro.com.br\/site\/author\/hezio\/"}]}},"_links":{"self":[{"href":"https:\/\/radioportoseguro.com.br\/site\/wp-json\/wp\/v2\/posts\/4930","targetHints":{"allow":["GET"]}}],"collection":[{"href":"https:\/\/radioportoseguro.com.br\/site\/wp-json\/wp\/v2\/posts"}],"about":[{"href":"https:\/\/radioportoseguro.com.br\/site\/wp-json\/wp\/v2\/types\/post"}],"author":[{"embeddable":true,"href":"https:\/\/radioportoseguro.com.br\/site\/wp-json\/wp\/v2\/users\/1"}],"replies":[{"embeddable":true,"href":"https:\/\/radioportoseguro.com.br\/site\/wp-json\/wp\/v2\/comments?post=4930"}],"version-history":[{"count":0,"href":"https:\/\/radioportoseguro.com.br\/site\/wp-json\/wp\/v2\/posts\/4930\/revisions"}],"wp:featuredmedia":[{"embeddable":true,"href":"https:\/\/radioportoseguro.com.br\/site\/wp-json\/wp\/v2\/media\/4931"}],"wp:attachment":[{"href":"https:\/\/radioportoseguro.com.br\/site\/wp-json\/wp\/v2\/media?parent=4930"}],"wp:term":[{"taxonomy":"category","embeddable":true,"href":"https:\/\/radioportoseguro.com.br\/site\/wp-json\/wp\/v2\/categories?post=4930"},{"taxonomy":"post_tag","embeddable":true,"href":"https:\/\/radioportoseguro.com.br\/site\/wp-json\/wp\/v2\/tags?post=4930"}],"curies":[{"name":"wp","href":"https:\/\/api.w.org\/{rel}","templated":true}]}}