{"id":4936,"date":"2026-03-12T02:29:17","date_gmt":"2026-03-12T05:29:17","guid":{"rendered":"https:\/\/radioportoseguro.com.br\/site\/2026\/03\/12\/imprensa-critica-ana-paula-valadao-por-video-sobre-israel-cantora-esclarece-visao-biblica\/"},"modified":"2026-03-12T02:29:17","modified_gmt":"2026-03-12T05:29:17","slug":"imprensa-critica-ana-paula-valadao-por-video-sobre-israel-cantora-esclarece-visao-biblica","status":"publish","type":"post","link":"https:\/\/radioportoseguro.com.br\/site\/2026\/03\/12\/imprensa-critica-ana-paula-valadao-por-video-sobre-israel-cantora-esclarece-visao-biblica\/","title":{"rendered":"Imprensa critica Ana Paula Valad\u00e3o por v\u00eddeo sobre Israel; cantora esclarece vis\u00e3o b\u00edblica"},"content":{"rendered":"<p><br \/>\n<br \/><\/p>\n<div>\n<p>Parte da imprensa, especialmente a de vi\u00e9s progressista, por n\u00e3o compreender quest\u00f5es espirituais e religiosas, noticiou que Ana Paula Valad\u00e3o teria \u201ccomemorado\u201d o bombardeio sofrido pelo Ir\u00e3, logo ap\u00f3s o in\u00edcio dos ataques da coaliz\u00e3o EUA\u2013Israel.<\/p>\n<p>Para os jornalistas, a cantora e pastora teria comemorado a trag\u00e9dia; no entanto, em sua fala, Ana Paula apontava para o que considerava uma oportunidade de liberta\u00e7\u00e3o de um povo oprimido por um regime teocr\u00e1tico radical.<\/p>\n<p>Ap\u00f3s uma s\u00e9rie de publica\u00e7\u00f5es que a interpretaram de forma equivocada, Ana Paula usou suas redes sociais para deixar clara sua posi\u00e7\u00e3o sobre o tema:<\/p>\n<blockquote class=\"instagram-media\" style=\"background: #FFF; border: 0; border-radius: 3px; box-shadow: 0 0 1px 0 rgba(0,0,0,0.5),0 1px 10px 0 rgba(0,0,0,0.15); margin: 1px; max-width: 540px; min-width: 326px; padding: 0; width: calc(100% - 2px);\" data-instgrm-captioned=\"\" data-instgrm-permalink=\"https:\/\/www.instagram.com\/reel\/DVjtlefj77P\/?utm_source=ig_embed&amp;utm_campaign=loading\" data-instgrm-version=\"14\"><p>&#13;<br \/>\n&#13;\n<\/p><\/blockquote>\n<p>Sob a mesma lente distorcida \u2013 e por vezes ignorante de quest\u00f5es b\u00edblicas \u2013, alguns artigos tamb\u00e9m passaram a apresentar an\u00e1lises bastante simplificadas sobre o cen\u00e1rio geopol\u00edtico do Oriente M\u00e9dio.<\/p>\n<p>Ao ler esses conte\u00fados, decidi aproveitar o momento para expor, de forma breve, a perspectiva b\u00edblica apresentada no livro de Apocalipse. Essa obra sintetiza escritos de Daniel, Ezequiel, Joel, Isa\u00edas, entre outros, e trata do per\u00edodo conhecido como a tribula\u00e7\u00e3o.<\/p>\n<p>Ap\u00f3s esse per\u00edodo, ser\u00e1 estabelecido o reino prometido a Abra\u00e3o, destinado aos judeus e \u00e0s na\u00e7\u00f5es gent\u00edlicas.<\/p>\n<p>O per\u00edodo tribulacional \u00e9 descrito como tendo dura\u00e7\u00e3o de <strong>sete anos<\/strong>, segundo um calend\u00e1rio lunar de <strong>360 dias<\/strong>, sendo dividido em duas fases de 1.260 dias cada:<\/p>\n<p style=\"padding-left: 30px;\">&#8211;<strong> Primeira fase<\/strong>: guerras, derramamento de sangue, epidemias, fome, mart\u00edrios, terremotos, pragas de gafanhotos, enfraquecimento do sol, entre outros.<\/p>\n<p style=\"padding-left: 30px;\">&#8211; <strong>Segunda fase<\/strong>: \u00falceras, mares e rios transformados em sangue, escurid\u00e3o, seca no rio Eufrates, calor intenso etc. Nesse per\u00edodo, um ter\u00e7o da terra ser\u00e1 consumido pelo fogo, e ao final praticamente toda a popula\u00e7\u00e3o mundial ser\u00e1 destru\u00edda por guerras e pragas.<\/p>\n<p>Segundo Apocalipse 1:1, a revela\u00e7\u00e3o foi dada pelo pr\u00f3prio Jesus. Trata-se de um tempo em que justi\u00e7a e ju\u00edzo ser\u00e3o aplicados sobre todos os povos e na\u00e7\u00f5es. Isso n\u00e3o significa que o Eterno de Israel odeia o ser humano; ao contr\u00e1rio, \u00e9 o resultado da rebeli\u00e3o contra Deus e suas leis que traz condena\u00e7\u00e3o. Maldade, perversidade, ju\u00edzes corruptos, homicidas, l\u00edderes religiosos desonestos \u2014 tudo ser\u00e1 tratado com rigor e justi\u00e7a.<\/p>\n<p>\u00c9 \u00e0 luz dessa compreens\u00e3o b\u00edblica que se deve interpretar a fala de Ana Paula. Ana Paula n\u00e3o fez as afirma\u00e7\u00f5es em seu v\u00eddeo porque deseja ver crian\u00e7as e mulheres sofrendo! Pelo contr\u00e1rio, sua fala expressa indigna\u00e7\u00e3o diante da crueldade extrema que ocorre no Ir\u00e3 e a percep\u00e7\u00e3o de que uma interven\u00e7\u00e3o se tornou necess\u00e1ria.<\/p>\n<p><strong>An\u00e1lise t\u00e9cnica do Oriente M\u00e9dio<\/strong><\/p>\n<p>Quando se observam os n\u00fameros, a percep\u00e7\u00e3o sobre Israel se transforma:<\/p>\n<p style=\"padding-left: 30px;\">&#8211; Israel ocupa apenas 0,3% da \u00e1rea do Oriente M\u00e9dio.<\/p>\n<p style=\"padding-left: 30px;\">&#8211; Sua extens\u00e3o territorial \u00e9 de aproximadamente 22 mil km\u00b2.<\/p>\n<p style=\"padding-left: 30px;\">&#8211; O Oriente M\u00e9dio, em sua totalidade, soma cerca de 7 milh\u00f5es de km\u00b2.<\/p>\n<p style=\"padding-left: 30px;\">&#8211; 90% da regi\u00e3o \u00e9 isl\u00e2mica.<\/p>\n<p>Segundo o relat\u00f3rio anual de 2025 da organiza\u00e7\u00e3o internacional Portas Abertas, mais de 380 milh\u00f5es de crist\u00e3os enfrentaram n\u00edveis extremos de persegui\u00e7\u00e3o por causa de sua f\u00e9. <strong>Em 2026, esse n\u00famero subiu para 388 milh\u00f5es, o maior j\u00e1 registrado.<\/strong><\/p>\n<p>Paralelamente, cresce a tens\u00e3o geopol\u00edtica na regi\u00e3o. <strong>Mais de 150 na\u00e7\u00f5es t\u00eam se posicionado contra Israel na ONU em apoio \u00e0 causa palestina<\/strong>, muitas vezes alinhadas a uma agenda isl\u00e2mica global.<\/p>\n<p><strong>H\u00e1 cerca de 15 a 16 milh\u00f5es de judeus em todo o mundo, o que corresponde a apenas 0,2% da popula\u00e7\u00e3o global.<\/strong><\/p>\n<p>Os pa\u00edses mais severos na persegui\u00e7\u00e3o aos crist\u00e3os incluem: Coreia do Norte, Som\u00e1lia, I\u00eamen, Sud\u00e3o, Eritreia, S\u00edria, Nig\u00e9ria, Paquist\u00e3o, L\u00edbia e Ir\u00e3. Outros 40 pa\u00edses completam a lista dos 50 mais hostis, como Afeganist\u00e3o, \u00cdndia, Ar\u00e1bia Saudita, China, Cuba, Turquia, Egito e M\u00e9xico.<\/p>\n<p>Na Europa, o islamismo cresce rapidamente, impulsionado pela imigra\u00e7\u00e3o e altas taxas de natalidade. Segundo o jornal alem\u00e3o DW, <strong>existem cerca de 45 milh\u00f5es de mu\u00e7ulmanos na Europa<\/strong>, tornando o islamismo a segunda maior religi\u00e3o do continente, atr\u00e1s apenas do cristianismo, e a que mais cresce.<\/p>\n<p>Em contrapartida, a popula\u00e7\u00e3o judaica \u00e9 significativamente menor. De acordo com o Pew Research Center, em 2020 havia aproximadamente 460 mil judeus na Fran\u00e7a, 300 mil no Reino Unido, 120 mil na Alemanha e 13 mil na Espanha. <strong>No total, estima-se entre 1,3 e 1,5 milh\u00e3o de judeus em toda a Europa \u2014 apenas 2,9% a 3,3% da popula\u00e7\u00e3o mu\u00e7ulmana europeia<\/strong>.<\/p>\n<p><strong>Portanto, ser judeu ou crist\u00e3o no Oriente M\u00e9dio \u00e9, de fato, um milagre.<\/strong><\/p>\n<p>O que Ana Paula quis dizer foi simples: \u201c<strong>N\u00e3o aguento mais o sofrimento e tamanha crueldade que est\u00e1 acontecendo no Ir\u00e3<\/strong>.\u201d Apenas isso.<\/p>\n<p>\u00a0<\/p>\n<p><strong>Silas Anast\u00e1cio<\/strong> \u00e9 fundador do Minist\u00e9rio Davar, evangelista e expositor b\u00edblico com s\u00f3lida atua\u00e7\u00e3o h\u00e1 mais de uma d\u00e9cada em temas relacionados ao Estado de Israel e \u00e0 comunidade judaica. Tamb\u00e9m desempenha papel estrat\u00e9gico nos bastidores da m\u00eddia evang\u00e9lica, contribuindo para a articula\u00e7\u00e3o e divulga\u00e7\u00e3o de conte\u00fados que fortalecem os valores\u00a0da\u00a0f\u00e9\u00a0crist\u00e3.<\/p>\n<p><em>* O conte\u00fado do texto acima \u00e9 de colabora\u00e7\u00e3o volunt\u00e1ria, seu teor \u00e9 de total responsabilidade do autor e n\u00e3o reflete necessariamente a opini\u00e3o do Portal Guiame.<\/em><\/p>\n<p>Leia o artigo anterior: <span style=\"color: #800000;\"><strong>A prom\u00edscua rela\u00e7\u00e3o Brasil-Ir\u00e3<\/strong><\/span><\/p>\n<\/div>\n<p><script async src=\"\/\/www.instagram.com\/embed.js\"><\/script><br \/>\n<br \/><br \/>\n<br \/>Fonte: Guiame <\/p>\n","protected":false},"excerpt":{"rendered":"<p>Parte da imprensa, especialmente a de vi\u00e9s progressista, por n\u00e3o compreender quest\u00f5es espirituais e religiosas, noticiou que Ana Paula Valad\u00e3o teria \u201ccomemorado\u201d o bombardeio sofrido pelo Ir\u00e3, logo ap\u00f3s o in\u00edcio dos ataques da coaliz\u00e3o EUA\u2013Israel. Para os jornalistas, a cantora e pastora teria comemorado a trag\u00e9dia; no entanto, em sua fala, Ana Paula apontava [&hellip;]<\/p>\n","protected":false},"author":1,"featured_media":4937,"comment_status":"","ping_status":"open","sticky":false,"template":"","format":"standard","meta":{"footnotes":""},"categories":[43],"tags":[],"class_list":["post-4936","post","type-post","status-publish","format-standard","has-post-thumbnail","hentry","category-destaques"],"yoast_head":"<!-- This site is optimized with the Yoast SEO plugin v26.8 - https:\/\/yoast.com\/product\/yoast-seo-wordpress\/ -->\n<title>Imprensa critica Ana Paula Valad\u00e3o por v\u00eddeo sobre Israel; cantora esclarece vis\u00e3o b\u00edblica - R\u00e1dio Porto Seguro<\/title>\n<meta name=\"robots\" content=\"index, follow, max-snippet:-1, max-image-preview:large, max-video-preview:-1\" \/>\n<link rel=\"canonical\" href=\"https:\/\/radioportoseguro.com.br\/site\/2026\/03\/12\/imprensa-critica-ana-paula-valadao-por-video-sobre-israel-cantora-esclarece-visao-biblica\/\" \/>\n<meta property=\"og:locale\" content=\"pt_BR\" \/>\n<meta property=\"og:type\" content=\"article\" \/>\n<meta property=\"og:title\" content=\"Imprensa critica Ana Paula Valad\u00e3o por v\u00eddeo sobre Israel; cantora esclarece vis\u00e3o b\u00edblica - R\u00e1dio Porto Seguro\" \/>\n<meta property=\"og:description\" content=\"Parte da imprensa, especialmente a de vi\u00e9s progressista, por n\u00e3o compreender quest\u00f5es espirituais e religiosas, noticiou que Ana Paula Valad\u00e3o teria \u201ccomemorado\u201d o bombardeio sofrido pelo Ir\u00e3, logo ap\u00f3s o in\u00edcio dos ataques da coaliz\u00e3o EUA\u2013Israel. Para os jornalistas, a cantora e pastora teria comemorado a trag\u00e9dia; no entanto, em sua fala, Ana Paula apontava [&hellip;]\" \/>\n<meta property=\"og:url\" content=\"https:\/\/radioportoseguro.com.br\/site\/2026\/03\/12\/imprensa-critica-ana-paula-valadao-por-video-sobre-israel-cantora-esclarece-visao-biblica\/\" \/>\n<meta property=\"og:site_name\" content=\"R\u00e1dio Porto Seguro\" \/>\n<meta property=\"article:published_time\" content=\"2026-03-12T05:29:17+00:00\" \/>\n<meta property=\"og:image\" content=\"https:\/\/media.guiame.com.br\/archives\/2026\/03\/10\/4046652356-ana-paula-valadao.jpeg\" \/>\n<meta name=\"author\" content=\"admin\" \/>\n<meta name=\"twitter:card\" content=\"summary_large_image\" \/>\n<meta name=\"twitter:label1\" content=\"Escrito por\" \/>\n\t<meta name=\"twitter:data1\" content=\"admin\" \/>\n\t<meta name=\"twitter:label2\" content=\"Est. tempo de leitura\" \/>\n\t<meta name=\"twitter:data2\" content=\"5 minutos\" \/>\n<script type=\"application\/ld+json\" class=\"yoast-schema-graph\">{\"@context\":\"https:\/\/schema.org\",\"@graph\":[{\"@type\":\"Article\",\"@id\":\"https:\/\/radioportoseguro.com.br\/site\/2026\/03\/12\/imprensa-critica-ana-paula-valadao-por-video-sobre-israel-cantora-esclarece-visao-biblica\/#article\",\"isPartOf\":{\"@id\":\"https:\/\/radioportoseguro.com.br\/site\/2026\/03\/12\/imprensa-critica-ana-paula-valadao-por-video-sobre-israel-cantora-esclarece-visao-biblica\/\"},\"author\":{\"name\":\"admin\",\"@id\":\"https:\/\/radioportoseguro.com.br\/site\/#\/schema\/person\/7630acdc320186f13639d3c067ec089b\"},\"headline\":\"Imprensa critica Ana Paula Valad\u00e3o por v\u00eddeo sobre Israel; cantora esclarece vis\u00e3o b\u00edblica\",\"datePublished\":\"2026-03-12T05:29:17+00:00\",\"mainEntityOfPage\":{\"@id\":\"https:\/\/radioportoseguro.com.br\/site\/2026\/03\/12\/imprensa-critica-ana-paula-valadao-por-video-sobre-israel-cantora-esclarece-visao-biblica\/\"},\"wordCount\":936,\"image\":{\"@id\":\"https:\/\/radioportoseguro.com.br\/site\/2026\/03\/12\/imprensa-critica-ana-paula-valadao-por-video-sobre-israel-cantora-esclarece-visao-biblica\/#primaryimage\"},\"thumbnailUrl\":\"https:\/\/radioportoseguro.com.br\/site\/wp-content\/uploads\/2026\/03\/4046652356-ana-paula-valadao.jpeg\",\"articleSection\":[\"Destaques\"],\"inLanguage\":\"pt-BR\"},{\"@type\":\"WebPage\",\"@id\":\"https:\/\/radioportoseguro.com.br\/site\/2026\/03\/12\/imprensa-critica-ana-paula-valadao-por-video-sobre-israel-cantora-esclarece-visao-biblica\/\",\"url\":\"https:\/\/radioportoseguro.com.br\/site\/2026\/03\/12\/imprensa-critica-ana-paula-valadao-por-video-sobre-israel-cantora-esclarece-visao-biblica\/\",\"name\":\"Imprensa critica Ana Paula Valad\u00e3o por v\u00eddeo sobre Israel; cantora esclarece vis\u00e3o b\u00edblica - R\u00e1dio Porto Seguro\",\"isPartOf\":{\"@id\":\"https:\/\/radioportoseguro.com.br\/site\/#website\"},\"primaryImageOfPage\":{\"@id\":\"https:\/\/radioportoseguro.com.br\/site\/2026\/03\/12\/imprensa-critica-ana-paula-valadao-por-video-sobre-israel-cantora-esclarece-visao-biblica\/#primaryimage\"},\"image\":{\"@id\":\"https:\/\/radioportoseguro.com.br\/site\/2026\/03\/12\/imprensa-critica-ana-paula-valadao-por-video-sobre-israel-cantora-esclarece-visao-biblica\/#primaryimage\"},\"thumbnailUrl\":\"https:\/\/radioportoseguro.com.br\/site\/wp-content\/uploads\/2026\/03\/4046652356-ana-paula-valadao.jpeg\",\"datePublished\":\"2026-03-12T05:29:17+00:00\",\"author\":{\"@id\":\"https:\/\/radioportoseguro.com.br\/site\/#\/schema\/person\/7630acdc320186f13639d3c067ec089b\"},\"breadcrumb\":{\"@id\":\"https:\/\/radioportoseguro.com.br\/site\/2026\/03\/12\/imprensa-critica-ana-paula-valadao-por-video-sobre-israel-cantora-esclarece-visao-biblica\/#breadcrumb\"},\"inLanguage\":\"pt-BR\",\"potentialAction\":[{\"@type\":\"ReadAction\",\"target\":[\"https:\/\/radioportoseguro.com.br\/site\/2026\/03\/12\/imprensa-critica-ana-paula-valadao-por-video-sobre-israel-cantora-esclarece-visao-biblica\/\"]}]},{\"@type\":\"ImageObject\",\"inLanguage\":\"pt-BR\",\"@id\":\"https:\/\/radioportoseguro.com.br\/site\/2026\/03\/12\/imprensa-critica-ana-paula-valadao-por-video-sobre-israel-cantora-esclarece-visao-biblica\/#primaryimage\",\"url\":\"https:\/\/radioportoseguro.com.br\/site\/wp-content\/uploads\/2026\/03\/4046652356-ana-paula-valadao.jpeg\",\"contentUrl\":\"https:\/\/radioportoseguro.com.br\/site\/wp-content\/uploads\/2026\/03\/4046652356-ana-paula-valadao.jpeg\",\"width\":1200,\"height\":600},{\"@type\":\"BreadcrumbList\",\"@id\":\"https:\/\/radioportoseguro.com.br\/site\/2026\/03\/12\/imprensa-critica-ana-paula-valadao-por-video-sobre-israel-cantora-esclarece-visao-biblica\/#breadcrumb\",\"itemListElement\":[{\"@type\":\"ListItem\",\"position\":1,\"name\":\"In\u00edcio\",\"item\":\"https:\/\/radioportoseguro.com.br\/site\/\"},{\"@type\":\"ListItem\",\"position\":2,\"name\":\"Imprensa critica Ana Paula Valad\u00e3o por v\u00eddeo sobre Israel; cantora esclarece vis\u00e3o b\u00edblica\"}]},{\"@type\":\"WebSite\",\"@id\":\"https:\/\/radioportoseguro.com.br\/site\/#website\",\"url\":\"https:\/\/radioportoseguro.com.br\/site\/\",\"name\":\"R\u00e1dio Porto Seguro\",\"description\":\"\",\"potentialAction\":[{\"@type\":\"SearchAction\",\"target\":{\"@type\":\"EntryPoint\",\"urlTemplate\":\"https:\/\/radioportoseguro.com.br\/site\/?s={search_term_string}\"},\"query-input\":{\"@type\":\"PropertyValueSpecification\",\"valueRequired\":true,\"valueName\":\"search_term_string\"}}],\"inLanguage\":\"pt-BR\"},{\"@type\":\"Person\",\"@id\":\"https:\/\/radioportoseguro.com.br\/site\/#\/schema\/person\/7630acdc320186f13639d3c067ec089b\",\"name\":\"admin\",\"image\":{\"@type\":\"ImageObject\",\"inLanguage\":\"pt-BR\",\"@id\":\"https:\/\/radioportoseguro.com.br\/site\/#\/schema\/person\/image\/\",\"url\":\"https:\/\/secure.gravatar.com\/avatar\/caacf4dc1eedb68fab0df8e1ed46c448e578b2466351bbcb61e47d2ac0caaef0?s=96&d=mm&r=g\",\"contentUrl\":\"https:\/\/secure.gravatar.com\/avatar\/caacf4dc1eedb68fab0df8e1ed46c448e578b2466351bbcb61e47d2ac0caaef0?s=96&d=mm&r=g\",\"caption\":\"admin\"},\"sameAs\":[\"https:\/\/radioportoseguro.com.br\/site\"],\"url\":\"https:\/\/radioportoseguro.com.br\/site\/author\/hezio\/\"}]}<\/script>\n<!-- \/ Yoast SEO plugin. -->","yoast_head_json":{"title":"Imprensa critica Ana Paula Valad\u00e3o por v\u00eddeo sobre Israel; cantora esclarece vis\u00e3o b\u00edblica - R\u00e1dio Porto Seguro","robots":{"index":"index","follow":"follow","max-snippet":"max-snippet:-1","max-image-preview":"max-image-preview:large","max-video-preview":"max-video-preview:-1"},"canonical":"https:\/\/radioportoseguro.com.br\/site\/2026\/03\/12\/imprensa-critica-ana-paula-valadao-por-video-sobre-israel-cantora-esclarece-visao-biblica\/","og_locale":"pt_BR","og_type":"article","og_title":"Imprensa critica Ana Paula Valad\u00e3o por v\u00eddeo sobre Israel; cantora esclarece vis\u00e3o b\u00edblica - R\u00e1dio Porto Seguro","og_description":"Parte da imprensa, especialmente a de vi\u00e9s progressista, por n\u00e3o compreender quest\u00f5es espirituais e religiosas, noticiou que Ana Paula Valad\u00e3o teria \u201ccomemorado\u201d o bombardeio sofrido pelo Ir\u00e3, logo ap\u00f3s o in\u00edcio dos ataques da coaliz\u00e3o EUA\u2013Israel. Para os jornalistas, a cantora e pastora teria comemorado a trag\u00e9dia; no entanto, em sua fala, Ana Paula apontava [&hellip;]","og_url":"https:\/\/radioportoseguro.com.br\/site\/2026\/03\/12\/imprensa-critica-ana-paula-valadao-por-video-sobre-israel-cantora-esclarece-visao-biblica\/","og_site_name":"R\u00e1dio Porto Seguro","article_published_time":"2026-03-12T05:29:17+00:00","og_image":[{"url":"https:\/\/media.guiame.com.br\/archives\/2026\/03\/10\/4046652356-ana-paula-valadao.jpeg","type":"","width":"","height":""}],"author":"admin","twitter_card":"summary_large_image","twitter_misc":{"Escrito por":"admin","Est. tempo de leitura":"5 minutos"},"schema":{"@context":"https:\/\/schema.org","@graph":[{"@type":"Article","@id":"https:\/\/radioportoseguro.com.br\/site\/2026\/03\/12\/imprensa-critica-ana-paula-valadao-por-video-sobre-israel-cantora-esclarece-visao-biblica\/#article","isPartOf":{"@id":"https:\/\/radioportoseguro.com.br\/site\/2026\/03\/12\/imprensa-critica-ana-paula-valadao-por-video-sobre-israel-cantora-esclarece-visao-biblica\/"},"author":{"name":"admin","@id":"https:\/\/radioportoseguro.com.br\/site\/#\/schema\/person\/7630acdc320186f13639d3c067ec089b"},"headline":"Imprensa critica Ana Paula Valad\u00e3o por v\u00eddeo sobre Israel; cantora esclarece vis\u00e3o b\u00edblica","datePublished":"2026-03-12T05:29:17+00:00","mainEntityOfPage":{"@id":"https:\/\/radioportoseguro.com.br\/site\/2026\/03\/12\/imprensa-critica-ana-paula-valadao-por-video-sobre-israel-cantora-esclarece-visao-biblica\/"},"wordCount":936,"image":{"@id":"https:\/\/radioportoseguro.com.br\/site\/2026\/03\/12\/imprensa-critica-ana-paula-valadao-por-video-sobre-israel-cantora-esclarece-visao-biblica\/#primaryimage"},"thumbnailUrl":"https:\/\/radioportoseguro.com.br\/site\/wp-content\/uploads\/2026\/03\/4046652356-ana-paula-valadao.jpeg","articleSection":["Destaques"],"inLanguage":"pt-BR"},{"@type":"WebPage","@id":"https:\/\/radioportoseguro.com.br\/site\/2026\/03\/12\/imprensa-critica-ana-paula-valadao-por-video-sobre-israel-cantora-esclarece-visao-biblica\/","url":"https:\/\/radioportoseguro.com.br\/site\/2026\/03\/12\/imprensa-critica-ana-paula-valadao-por-video-sobre-israel-cantora-esclarece-visao-biblica\/","name":"Imprensa critica Ana Paula Valad\u00e3o por v\u00eddeo sobre Israel; cantora esclarece vis\u00e3o b\u00edblica - R\u00e1dio Porto Seguro","isPartOf":{"@id":"https:\/\/radioportoseguro.com.br\/site\/#website"},"primaryImageOfPage":{"@id":"https:\/\/radioportoseguro.com.br\/site\/2026\/03\/12\/imprensa-critica-ana-paula-valadao-por-video-sobre-israel-cantora-esclarece-visao-biblica\/#primaryimage"},"image":{"@id":"https:\/\/radioportoseguro.com.br\/site\/2026\/03\/12\/imprensa-critica-ana-paula-valadao-por-video-sobre-israel-cantora-esclarece-visao-biblica\/#primaryimage"},"thumbnailUrl":"https:\/\/radioportoseguro.com.br\/site\/wp-content\/uploads\/2026\/03\/4046652356-ana-paula-valadao.jpeg","datePublished":"2026-03-12T05:29:17+00:00","author":{"@id":"https:\/\/radioportoseguro.com.br\/site\/#\/schema\/person\/7630acdc320186f13639d3c067ec089b"},"breadcrumb":{"@id":"https:\/\/radioportoseguro.com.br\/site\/2026\/03\/12\/imprensa-critica-ana-paula-valadao-por-video-sobre-israel-cantora-esclarece-visao-biblica\/#breadcrumb"},"inLanguage":"pt-BR","potentialAction":[{"@type":"ReadAction","target":["https:\/\/radioportoseguro.com.br\/site\/2026\/03\/12\/imprensa-critica-ana-paula-valadao-por-video-sobre-israel-cantora-esclarece-visao-biblica\/"]}]},{"@type":"ImageObject","inLanguage":"pt-BR","@id":"https:\/\/radioportoseguro.com.br\/site\/2026\/03\/12\/imprensa-critica-ana-paula-valadao-por-video-sobre-israel-cantora-esclarece-visao-biblica\/#primaryimage","url":"https:\/\/radioportoseguro.com.br\/site\/wp-content\/uploads\/2026\/03\/4046652356-ana-paula-valadao.jpeg","contentUrl":"https:\/\/radioportoseguro.com.br\/site\/wp-content\/uploads\/2026\/03\/4046652356-ana-paula-valadao.jpeg","width":1200,"height":600},{"@type":"BreadcrumbList","@id":"https:\/\/radioportoseguro.com.br\/site\/2026\/03\/12\/imprensa-critica-ana-paula-valadao-por-video-sobre-israel-cantora-esclarece-visao-biblica\/#breadcrumb","itemListElement":[{"@type":"ListItem","position":1,"name":"In\u00edcio","item":"https:\/\/radioportoseguro.com.br\/site\/"},{"@type":"ListItem","position":2,"name":"Imprensa critica Ana Paula Valad\u00e3o por v\u00eddeo sobre Israel; cantora esclarece vis\u00e3o b\u00edblica"}]},{"@type":"WebSite","@id":"https:\/\/radioportoseguro.com.br\/site\/#website","url":"https:\/\/radioportoseguro.com.br\/site\/","name":"R\u00e1dio Porto Seguro","description":"","potentialAction":[{"@type":"SearchAction","target":{"@type":"EntryPoint","urlTemplate":"https:\/\/radioportoseguro.com.br\/site\/?s={search_term_string}"},"query-input":{"@type":"PropertyValueSpecification","valueRequired":true,"valueName":"search_term_string"}}],"inLanguage":"pt-BR"},{"@type":"Person","@id":"https:\/\/radioportoseguro.com.br\/site\/#\/schema\/person\/7630acdc320186f13639d3c067ec089b","name":"admin","image":{"@type":"ImageObject","inLanguage":"pt-BR","@id":"https:\/\/radioportoseguro.com.br\/site\/#\/schema\/person\/image\/","url":"https:\/\/secure.gravatar.com\/avatar\/caacf4dc1eedb68fab0df8e1ed46c448e578b2466351bbcb61e47d2ac0caaef0?s=96&d=mm&r=g","contentUrl":"https:\/\/secure.gravatar.com\/avatar\/caacf4dc1eedb68fab0df8e1ed46c448e578b2466351bbcb61e47d2ac0caaef0?s=96&d=mm&r=g","caption":"admin"},"sameAs":["https:\/\/radioportoseguro.com.br\/site"],"url":"https:\/\/radioportoseguro.com.br\/site\/author\/hezio\/"}]}},"_links":{"self":[{"href":"https:\/\/radioportoseguro.com.br\/site\/wp-json\/wp\/v2\/posts\/4936","targetHints":{"allow":["GET"]}}],"collection":[{"href":"https:\/\/radioportoseguro.com.br\/site\/wp-json\/wp\/v2\/posts"}],"about":[{"href":"https:\/\/radioportoseguro.com.br\/site\/wp-json\/wp\/v2\/types\/post"}],"author":[{"embeddable":true,"href":"https:\/\/radioportoseguro.com.br\/site\/wp-json\/wp\/v2\/users\/1"}],"replies":[{"embeddable":true,"href":"https:\/\/radioportoseguro.com.br\/site\/wp-json\/wp\/v2\/comments?post=4936"}],"version-history":[{"count":0,"href":"https:\/\/radioportoseguro.com.br\/site\/wp-json\/wp\/v2\/posts\/4936\/revisions"}],"wp:featuredmedia":[{"embeddable":true,"href":"https:\/\/radioportoseguro.com.br\/site\/wp-json\/wp\/v2\/media\/4937"}],"wp:attachment":[{"href":"https:\/\/radioportoseguro.com.br\/site\/wp-json\/wp\/v2\/media?parent=4936"}],"wp:term":[{"taxonomy":"category","embeddable":true,"href":"https:\/\/radioportoseguro.com.br\/site\/wp-json\/wp\/v2\/categories?post=4936"},{"taxonomy":"post_tag","embeddable":true,"href":"https:\/\/radioportoseguro.com.br\/site\/wp-json\/wp\/v2\/tags?post=4936"}],"curies":[{"name":"wp","href":"https:\/\/api.w.org\/{rel}","templated":true}]}}