{"id":4978,"date":"2026-03-13T03:54:26","date_gmt":"2026-03-13T06:54:26","guid":{"rendered":"https:\/\/radioportoseguro.com.br\/site\/2026\/03\/13\/antissemitismo-global-cresce-34-apos-inicio-da-guerra-contra-o-ira-aponta-relatorio\/"},"modified":"2026-03-13T03:54:26","modified_gmt":"2026-03-13T06:54:26","slug":"antissemitismo-global-cresce-34-apos-inicio-da-guerra-contra-o-ira-aponta-relatorio","status":"publish","type":"post","link":"https:\/\/radioportoseguro.com.br\/site\/2026\/03\/13\/antissemitismo-global-cresce-34-apos-inicio-da-guerra-contra-o-ira-aponta-relatorio\/","title":{"rendered":"Antissemitismo global cresce 34% ap\u00f3s in\u00edcio da guerra contra o Ir\u00e3, aponta relat\u00f3rio"},"content":{"rendered":"<p><br \/>\n<br \/><\/p>\n<div>\n<p>Um novo relat\u00f3rio internacional aponta um aumento significativo do antissemitismo em todo o mundo ap\u00f3s o in\u00edcio da <span style=\"color: #800000;\"><strong>guerra dos EUA e Israel contra o Ir\u00e3<\/strong><\/span>.<\/p>\n<p>Segundo dados divulgados pelo Centro de Pesquisa sobre Antissemitismo, ligado \u00e0 organiza\u00e7\u00e3o Movimento de Combate ao Antissemitismo (CAM, sigla em ingl\u00eas), os incidentes antissemitas cresceram 34% globalmente na primeira semana do conflito.<\/p>\n<p>O levantamento registrou 154 ocorr\u00eancias de <span style=\"color: #800000;\"><strong>antissemitismo<\/strong><\/span> em apenas sete dias, incluindo agress\u00f5es verbais, amea\u00e7as, vandalismo e propaganda de \u00f3dio contra judeus e israelenses.<\/p>\n<p>De acordo com o relat\u00f3rio, 73 desses epis\u00f3dios \u2013 quase metade \u2013 foram diretamente motivados pela guerra contra o Ir\u00e3.<\/p>\n<p>Entre os casos monitorados est\u00e3o manifesta\u00e7\u00f5es p\u00fablicas de apoio ao regime iraniano acompanhadas de incita\u00e7\u00e3o \u00e0 viol\u00eancia contra judeus, al\u00e9m da dissemina\u00e7\u00e3o de teorias conspirat\u00f3rias que culpam Israel ou o povo judeu pelo conflito.<\/p>\n<p>Esses epis\u00f3dios ocorreram em diferentes pa\u00edses, principalmente nas redes sociais e em protestos pol\u00edticos.<\/p>\n<p><strong>Oriente M\u00e9dio<\/strong><\/p>\n<p>O diretor-executivo do Movimento de Combate ao Antissemitismo, Sacha Roytman Dratwa, alertou que crises no <span style=\"color: #800000;\"><strong>Oriente M\u00e9dio<\/strong><\/span> frequentemente servem como catalisador para ataques contra comunidades judaicas em v\u00e1rias partes do mundo.<\/p>\n<p>Ele afirmou que grupos extremistas t\u00eam explorado o conflito para promover \u201c\u00f3dio contra judeus\u201d e ampliar campanhas de desinforma\u00e7\u00e3o.<\/p>\n<p>O relat\u00f3rio tamb\u00e9m classificou os incidentes por origem ideol\u00f3gica.<\/p>\n<p>Aproximadamente 49% foram associados \u00e0 extrema esquerda, 26% a motiva\u00e7\u00f5es islamistas e cerca de 14% \u00e0 extrema direita, demonstrando que o antissemitismo pode surgir de diferentes correntes pol\u00edticas e ideol\u00f3gicas.<\/p>\n<p>Especialistas alertam que o crescimento desse tipo de viol\u00eancia segue um padr\u00e3o observado em conflitos anteriores envolvendo Israel, quando tens\u00f5es geopol\u00edticas acabam sendo acompanhadas por um aumento de ataques e discursos de \u00f3dio contra comunidades judaicas em diversas regi\u00f5es do mundo.<\/p>\n<p>A organiza\u00e7\u00e3o apelou \u00e0s na\u00e7\u00f5es democr\u00e1ticas, \u00e0s institui\u00e7\u00f5es internacionais e aos l\u00edderes da sociedade civil para que condenem o antissemitismo de forma clara e consistente, garantindo ao mesmo tempo que as comunidades judaicas recebam a prote\u00e7\u00e3o e a solidariedade de que necessitam.<\/p>\n<\/div>\n<p><br \/>\n<br \/>Fonte: Guiame <\/p>\n","protected":false},"excerpt":{"rendered":"<p>Um novo relat\u00f3rio internacional aponta um aumento significativo do antissemitismo em todo o mundo ap\u00f3s o in\u00edcio da guerra dos EUA e Israel contra o Ir\u00e3. Segundo dados divulgados pelo Centro de Pesquisa sobre Antissemitismo, ligado \u00e0 organiza\u00e7\u00e3o Movimento de Combate ao Antissemitismo (CAM, sigla em ingl\u00eas), os incidentes antissemitas cresceram 34% globalmente na primeira [&hellip;]<\/p>\n","protected":false},"author":1,"featured_media":4979,"comment_status":"","ping_status":"open","sticky":false,"template":"","format":"standard","meta":{"footnotes":""},"categories":[43],"tags":[],"class_list":["post-4978","post","type-post","status-publish","format-standard","has-post-thumbnail","hentry","category-destaques"],"yoast_head":"<!-- This site is optimized with the Yoast SEO plugin v26.8 - https:\/\/yoast.com\/product\/yoast-seo-wordpress\/ -->\n<title>Antissemitismo global cresce 34% ap\u00f3s in\u00edcio da guerra contra o Ir\u00e3, aponta relat\u00f3rio - R\u00e1dio Porto Seguro<\/title>\n<meta name=\"robots\" content=\"index, follow, max-snippet:-1, max-image-preview:large, max-video-preview:-1\" \/>\n<link rel=\"canonical\" href=\"https:\/\/radioportoseguro.com.br\/site\/2026\/03\/13\/antissemitismo-global-cresce-34-apos-inicio-da-guerra-contra-o-ira-aponta-relatorio\/\" \/>\n<meta property=\"og:locale\" content=\"pt_BR\" \/>\n<meta property=\"og:type\" content=\"article\" \/>\n<meta property=\"og:title\" content=\"Antissemitismo global cresce 34% ap\u00f3s in\u00edcio da guerra contra o Ir\u00e3, aponta relat\u00f3rio - R\u00e1dio Porto Seguro\" \/>\n<meta property=\"og:description\" content=\"Um novo relat\u00f3rio internacional aponta um aumento significativo do antissemitismo em todo o mundo ap\u00f3s o in\u00edcio da guerra dos EUA e Israel contra o Ir\u00e3. Segundo dados divulgados pelo Centro de Pesquisa sobre Antissemitismo, ligado \u00e0 organiza\u00e7\u00e3o Movimento de Combate ao Antissemitismo (CAM, sigla em ingl\u00eas), os incidentes antissemitas cresceram 34% globalmente na primeira [&hellip;]\" \/>\n<meta property=\"og:url\" content=\"https:\/\/radioportoseguro.com.br\/site\/2026\/03\/13\/antissemitismo-global-cresce-34-apos-inicio-da-guerra-contra-o-ira-aponta-relatorio\/\" \/>\n<meta property=\"og:site_name\" content=\"R\u00e1dio Porto Seguro\" \/>\n<meta property=\"article:published_time\" content=\"2026-03-13T06:54:26+00:00\" \/>\n<meta property=\"og:image\" content=\"https:\/\/media.guiame.com.br\/archives\/2026\/03\/11\/3869175985-antissemitismo.png\" \/>\n<meta name=\"author\" content=\"admin\" \/>\n<meta name=\"twitter:card\" content=\"summary_large_image\" \/>\n<meta name=\"twitter:label1\" content=\"Escrito por\" \/>\n\t<meta name=\"twitter:data1\" content=\"admin\" \/>\n\t<meta name=\"twitter:label2\" content=\"Est. tempo de leitura\" \/>\n\t<meta name=\"twitter:data2\" content=\"2 minutos\" \/>\n<script type=\"application\/ld+json\" class=\"yoast-schema-graph\">{\"@context\":\"https:\/\/schema.org\",\"@graph\":[{\"@type\":\"Article\",\"@id\":\"https:\/\/radioportoseguro.com.br\/site\/2026\/03\/13\/antissemitismo-global-cresce-34-apos-inicio-da-guerra-contra-o-ira-aponta-relatorio\/#article\",\"isPartOf\":{\"@id\":\"https:\/\/radioportoseguro.com.br\/site\/2026\/03\/13\/antissemitismo-global-cresce-34-apos-inicio-da-guerra-contra-o-ira-aponta-relatorio\/\"},\"author\":{\"name\":\"admin\",\"@id\":\"https:\/\/radioportoseguro.com.br\/site\/#\/schema\/person\/7630acdc320186f13639d3c067ec089b\"},\"headline\":\"Antissemitismo global cresce 34% ap\u00f3s in\u00edcio da guerra contra o Ir\u00e3, aponta relat\u00f3rio\",\"datePublished\":\"2026-03-13T06:54:26+00:00\",\"mainEntityOfPage\":{\"@id\":\"https:\/\/radioportoseguro.com.br\/site\/2026\/03\/13\/antissemitismo-global-cresce-34-apos-inicio-da-guerra-contra-o-ira-aponta-relatorio\/\"},\"wordCount\":374,\"image\":{\"@id\":\"https:\/\/radioportoseguro.com.br\/site\/2026\/03\/13\/antissemitismo-global-cresce-34-apos-inicio-da-guerra-contra-o-ira-aponta-relatorio\/#primaryimage\"},\"thumbnailUrl\":\"https:\/\/radioportoseguro.com.br\/site\/wp-content\/uploads\/2026\/03\/3869175985-antissemitismo.png\",\"articleSection\":[\"Destaques\"],\"inLanguage\":\"pt-BR\"},{\"@type\":\"WebPage\",\"@id\":\"https:\/\/radioportoseguro.com.br\/site\/2026\/03\/13\/antissemitismo-global-cresce-34-apos-inicio-da-guerra-contra-o-ira-aponta-relatorio\/\",\"url\":\"https:\/\/radioportoseguro.com.br\/site\/2026\/03\/13\/antissemitismo-global-cresce-34-apos-inicio-da-guerra-contra-o-ira-aponta-relatorio\/\",\"name\":\"Antissemitismo global cresce 34% ap\u00f3s in\u00edcio da guerra contra o Ir\u00e3, aponta relat\u00f3rio - R\u00e1dio Porto Seguro\",\"isPartOf\":{\"@id\":\"https:\/\/radioportoseguro.com.br\/site\/#website\"},\"primaryImageOfPage\":{\"@id\":\"https:\/\/radioportoseguro.com.br\/site\/2026\/03\/13\/antissemitismo-global-cresce-34-apos-inicio-da-guerra-contra-o-ira-aponta-relatorio\/#primaryimage\"},\"image\":{\"@id\":\"https:\/\/radioportoseguro.com.br\/site\/2026\/03\/13\/antissemitismo-global-cresce-34-apos-inicio-da-guerra-contra-o-ira-aponta-relatorio\/#primaryimage\"},\"thumbnailUrl\":\"https:\/\/radioportoseguro.com.br\/site\/wp-content\/uploads\/2026\/03\/3869175985-antissemitismo.png\",\"datePublished\":\"2026-03-13T06:54:26+00:00\",\"author\":{\"@id\":\"https:\/\/radioportoseguro.com.br\/site\/#\/schema\/person\/7630acdc320186f13639d3c067ec089b\"},\"breadcrumb\":{\"@id\":\"https:\/\/radioportoseguro.com.br\/site\/2026\/03\/13\/antissemitismo-global-cresce-34-apos-inicio-da-guerra-contra-o-ira-aponta-relatorio\/#breadcrumb\"},\"inLanguage\":\"pt-BR\",\"potentialAction\":[{\"@type\":\"ReadAction\",\"target\":[\"https:\/\/radioportoseguro.com.br\/site\/2026\/03\/13\/antissemitismo-global-cresce-34-apos-inicio-da-guerra-contra-o-ira-aponta-relatorio\/\"]}]},{\"@type\":\"ImageObject\",\"inLanguage\":\"pt-BR\",\"@id\":\"https:\/\/radioportoseguro.com.br\/site\/2026\/03\/13\/antissemitismo-global-cresce-34-apos-inicio-da-guerra-contra-o-ira-aponta-relatorio\/#primaryimage\",\"url\":\"https:\/\/radioportoseguro.com.br\/site\/wp-content\/uploads\/2026\/03\/3869175985-antissemitismo.png\",\"contentUrl\":\"https:\/\/radioportoseguro.com.br\/site\/wp-content\/uploads\/2026\/03\/3869175985-antissemitismo.png\",\"width\":1200,\"height\":600},{\"@type\":\"BreadcrumbList\",\"@id\":\"https:\/\/radioportoseguro.com.br\/site\/2026\/03\/13\/antissemitismo-global-cresce-34-apos-inicio-da-guerra-contra-o-ira-aponta-relatorio\/#breadcrumb\",\"itemListElement\":[{\"@type\":\"ListItem\",\"position\":1,\"name\":\"In\u00edcio\",\"item\":\"https:\/\/radioportoseguro.com.br\/site\/\"},{\"@type\":\"ListItem\",\"position\":2,\"name\":\"Antissemitismo global cresce 34% ap\u00f3s in\u00edcio da guerra contra o Ir\u00e3, aponta relat\u00f3rio\"}]},{\"@type\":\"WebSite\",\"@id\":\"https:\/\/radioportoseguro.com.br\/site\/#website\",\"url\":\"https:\/\/radioportoseguro.com.br\/site\/\",\"name\":\"R\u00e1dio Porto Seguro\",\"description\":\"\",\"potentialAction\":[{\"@type\":\"SearchAction\",\"target\":{\"@type\":\"EntryPoint\",\"urlTemplate\":\"https:\/\/radioportoseguro.com.br\/site\/?s={search_term_string}\"},\"query-input\":{\"@type\":\"PropertyValueSpecification\",\"valueRequired\":true,\"valueName\":\"search_term_string\"}}],\"inLanguage\":\"pt-BR\"},{\"@type\":\"Person\",\"@id\":\"https:\/\/radioportoseguro.com.br\/site\/#\/schema\/person\/7630acdc320186f13639d3c067ec089b\",\"name\":\"admin\",\"image\":{\"@type\":\"ImageObject\",\"inLanguage\":\"pt-BR\",\"@id\":\"https:\/\/radioportoseguro.com.br\/site\/#\/schema\/person\/image\/\",\"url\":\"https:\/\/secure.gravatar.com\/avatar\/caacf4dc1eedb68fab0df8e1ed46c448e578b2466351bbcb61e47d2ac0caaef0?s=96&d=mm&r=g\",\"contentUrl\":\"https:\/\/secure.gravatar.com\/avatar\/caacf4dc1eedb68fab0df8e1ed46c448e578b2466351bbcb61e47d2ac0caaef0?s=96&d=mm&r=g\",\"caption\":\"admin\"},\"sameAs\":[\"https:\/\/radioportoseguro.com.br\/site\"],\"url\":\"https:\/\/radioportoseguro.com.br\/site\/author\/hezio\/\"}]}<\/script>\n<!-- \/ Yoast SEO plugin. -->","yoast_head_json":{"title":"Antissemitismo global cresce 34% ap\u00f3s in\u00edcio da guerra contra o Ir\u00e3, aponta relat\u00f3rio - R\u00e1dio Porto Seguro","robots":{"index":"index","follow":"follow","max-snippet":"max-snippet:-1","max-image-preview":"max-image-preview:large","max-video-preview":"max-video-preview:-1"},"canonical":"https:\/\/radioportoseguro.com.br\/site\/2026\/03\/13\/antissemitismo-global-cresce-34-apos-inicio-da-guerra-contra-o-ira-aponta-relatorio\/","og_locale":"pt_BR","og_type":"article","og_title":"Antissemitismo global cresce 34% ap\u00f3s in\u00edcio da guerra contra o Ir\u00e3, aponta relat\u00f3rio - R\u00e1dio Porto Seguro","og_description":"Um novo relat\u00f3rio internacional aponta um aumento significativo do antissemitismo em todo o mundo ap\u00f3s o in\u00edcio da guerra dos EUA e Israel contra o Ir\u00e3. Segundo dados divulgados pelo Centro de Pesquisa sobre Antissemitismo, ligado \u00e0 organiza\u00e7\u00e3o Movimento de Combate ao Antissemitismo (CAM, sigla em ingl\u00eas), os incidentes antissemitas cresceram 34% globalmente na primeira [&hellip;]","og_url":"https:\/\/radioportoseguro.com.br\/site\/2026\/03\/13\/antissemitismo-global-cresce-34-apos-inicio-da-guerra-contra-o-ira-aponta-relatorio\/","og_site_name":"R\u00e1dio Porto Seguro","article_published_time":"2026-03-13T06:54:26+00:00","og_image":[{"url":"https:\/\/media.guiame.com.br\/archives\/2026\/03\/11\/3869175985-antissemitismo.png","type":"","width":"","height":""}],"author":"admin","twitter_card":"summary_large_image","twitter_misc":{"Escrito por":"admin","Est. tempo de leitura":"2 minutos"},"schema":{"@context":"https:\/\/schema.org","@graph":[{"@type":"Article","@id":"https:\/\/radioportoseguro.com.br\/site\/2026\/03\/13\/antissemitismo-global-cresce-34-apos-inicio-da-guerra-contra-o-ira-aponta-relatorio\/#article","isPartOf":{"@id":"https:\/\/radioportoseguro.com.br\/site\/2026\/03\/13\/antissemitismo-global-cresce-34-apos-inicio-da-guerra-contra-o-ira-aponta-relatorio\/"},"author":{"name":"admin","@id":"https:\/\/radioportoseguro.com.br\/site\/#\/schema\/person\/7630acdc320186f13639d3c067ec089b"},"headline":"Antissemitismo global cresce 34% ap\u00f3s in\u00edcio da guerra contra o Ir\u00e3, aponta relat\u00f3rio","datePublished":"2026-03-13T06:54:26+00:00","mainEntityOfPage":{"@id":"https:\/\/radioportoseguro.com.br\/site\/2026\/03\/13\/antissemitismo-global-cresce-34-apos-inicio-da-guerra-contra-o-ira-aponta-relatorio\/"},"wordCount":374,"image":{"@id":"https:\/\/radioportoseguro.com.br\/site\/2026\/03\/13\/antissemitismo-global-cresce-34-apos-inicio-da-guerra-contra-o-ira-aponta-relatorio\/#primaryimage"},"thumbnailUrl":"https:\/\/radioportoseguro.com.br\/site\/wp-content\/uploads\/2026\/03\/3869175985-antissemitismo.png","articleSection":["Destaques"],"inLanguage":"pt-BR"},{"@type":"WebPage","@id":"https:\/\/radioportoseguro.com.br\/site\/2026\/03\/13\/antissemitismo-global-cresce-34-apos-inicio-da-guerra-contra-o-ira-aponta-relatorio\/","url":"https:\/\/radioportoseguro.com.br\/site\/2026\/03\/13\/antissemitismo-global-cresce-34-apos-inicio-da-guerra-contra-o-ira-aponta-relatorio\/","name":"Antissemitismo global cresce 34% ap\u00f3s in\u00edcio da guerra contra o Ir\u00e3, aponta relat\u00f3rio - R\u00e1dio Porto Seguro","isPartOf":{"@id":"https:\/\/radioportoseguro.com.br\/site\/#website"},"primaryImageOfPage":{"@id":"https:\/\/radioportoseguro.com.br\/site\/2026\/03\/13\/antissemitismo-global-cresce-34-apos-inicio-da-guerra-contra-o-ira-aponta-relatorio\/#primaryimage"},"image":{"@id":"https:\/\/radioportoseguro.com.br\/site\/2026\/03\/13\/antissemitismo-global-cresce-34-apos-inicio-da-guerra-contra-o-ira-aponta-relatorio\/#primaryimage"},"thumbnailUrl":"https:\/\/radioportoseguro.com.br\/site\/wp-content\/uploads\/2026\/03\/3869175985-antissemitismo.png","datePublished":"2026-03-13T06:54:26+00:00","author":{"@id":"https:\/\/radioportoseguro.com.br\/site\/#\/schema\/person\/7630acdc320186f13639d3c067ec089b"},"breadcrumb":{"@id":"https:\/\/radioportoseguro.com.br\/site\/2026\/03\/13\/antissemitismo-global-cresce-34-apos-inicio-da-guerra-contra-o-ira-aponta-relatorio\/#breadcrumb"},"inLanguage":"pt-BR","potentialAction":[{"@type":"ReadAction","target":["https:\/\/radioportoseguro.com.br\/site\/2026\/03\/13\/antissemitismo-global-cresce-34-apos-inicio-da-guerra-contra-o-ira-aponta-relatorio\/"]}]},{"@type":"ImageObject","inLanguage":"pt-BR","@id":"https:\/\/radioportoseguro.com.br\/site\/2026\/03\/13\/antissemitismo-global-cresce-34-apos-inicio-da-guerra-contra-o-ira-aponta-relatorio\/#primaryimage","url":"https:\/\/radioportoseguro.com.br\/site\/wp-content\/uploads\/2026\/03\/3869175985-antissemitismo.png","contentUrl":"https:\/\/radioportoseguro.com.br\/site\/wp-content\/uploads\/2026\/03\/3869175985-antissemitismo.png","width":1200,"height":600},{"@type":"BreadcrumbList","@id":"https:\/\/radioportoseguro.com.br\/site\/2026\/03\/13\/antissemitismo-global-cresce-34-apos-inicio-da-guerra-contra-o-ira-aponta-relatorio\/#breadcrumb","itemListElement":[{"@type":"ListItem","position":1,"name":"In\u00edcio","item":"https:\/\/radioportoseguro.com.br\/site\/"},{"@type":"ListItem","position":2,"name":"Antissemitismo global cresce 34% ap\u00f3s in\u00edcio da guerra contra o Ir\u00e3, aponta relat\u00f3rio"}]},{"@type":"WebSite","@id":"https:\/\/radioportoseguro.com.br\/site\/#website","url":"https:\/\/radioportoseguro.com.br\/site\/","name":"R\u00e1dio Porto Seguro","description":"","potentialAction":[{"@type":"SearchAction","target":{"@type":"EntryPoint","urlTemplate":"https:\/\/radioportoseguro.com.br\/site\/?s={search_term_string}"},"query-input":{"@type":"PropertyValueSpecification","valueRequired":true,"valueName":"search_term_string"}}],"inLanguage":"pt-BR"},{"@type":"Person","@id":"https:\/\/radioportoseguro.com.br\/site\/#\/schema\/person\/7630acdc320186f13639d3c067ec089b","name":"admin","image":{"@type":"ImageObject","inLanguage":"pt-BR","@id":"https:\/\/radioportoseguro.com.br\/site\/#\/schema\/person\/image\/","url":"https:\/\/secure.gravatar.com\/avatar\/caacf4dc1eedb68fab0df8e1ed46c448e578b2466351bbcb61e47d2ac0caaef0?s=96&d=mm&r=g","contentUrl":"https:\/\/secure.gravatar.com\/avatar\/caacf4dc1eedb68fab0df8e1ed46c448e578b2466351bbcb61e47d2ac0caaef0?s=96&d=mm&r=g","caption":"admin"},"sameAs":["https:\/\/radioportoseguro.com.br\/site"],"url":"https:\/\/radioportoseguro.com.br\/site\/author\/hezio\/"}]}},"_links":{"self":[{"href":"https:\/\/radioportoseguro.com.br\/site\/wp-json\/wp\/v2\/posts\/4978","targetHints":{"allow":["GET"]}}],"collection":[{"href":"https:\/\/radioportoseguro.com.br\/site\/wp-json\/wp\/v2\/posts"}],"about":[{"href":"https:\/\/radioportoseguro.com.br\/site\/wp-json\/wp\/v2\/types\/post"}],"author":[{"embeddable":true,"href":"https:\/\/radioportoseguro.com.br\/site\/wp-json\/wp\/v2\/users\/1"}],"replies":[{"embeddable":true,"href":"https:\/\/radioportoseguro.com.br\/site\/wp-json\/wp\/v2\/comments?post=4978"}],"version-history":[{"count":0,"href":"https:\/\/radioportoseguro.com.br\/site\/wp-json\/wp\/v2\/posts\/4978\/revisions"}],"wp:featuredmedia":[{"embeddable":true,"href":"https:\/\/radioportoseguro.com.br\/site\/wp-json\/wp\/v2\/media\/4979"}],"wp:attachment":[{"href":"https:\/\/radioportoseguro.com.br\/site\/wp-json\/wp\/v2\/media?parent=4978"}],"wp:term":[{"taxonomy":"category","embeddable":true,"href":"https:\/\/radioportoseguro.com.br\/site\/wp-json\/wp\/v2\/categories?post=4978"},{"taxonomy":"post_tag","embeddable":true,"href":"https:\/\/radioportoseguro.com.br\/site\/wp-json\/wp\/v2\/tags?post=4978"}],"curies":[{"name":"wp","href":"https:\/\/api.w.org\/{rel}","templated":true}]}}