{"id":4990,"date":"2026-03-13T12:12:17","date_gmt":"2026-03-13T15:12:17","guid":{"rendered":"https:\/\/radioportoseguro.com.br\/site\/2026\/03\/13\/mae-evangeliza-com-bebe-no-colo-em-vagoes-de-metro-em-porto-alegre-nao-desanime\/"},"modified":"2026-03-13T12:12:17","modified_gmt":"2026-03-13T15:12:17","slug":"mae-evangeliza-com-bebe-no-colo-em-vagoes-de-metro-em-porto-alegre-nao-desanime","status":"publish","type":"post","link":"https:\/\/radioportoseguro.com.br\/site\/2026\/03\/13\/mae-evangeliza-com-bebe-no-colo-em-vagoes-de-metro-em-porto-alegre-nao-desanime\/","title":{"rendered":"M\u00e3e evangeliza com beb\u00ea no colo em vag\u00f5es de metr\u00f4 em Porto Alegre: \u201cN\u00e3o desanime\u201d"},"content":{"rendered":"<p><br \/>\n<br \/><\/p>\n<div>\n<p>Um jovem casal crist\u00e3o do <span style=\"color: #800000;\"><strong>Rio Grande do Sul<\/strong><\/span> tem chamado a aten\u00e7\u00e3o nas redes sociais por realizar ministra\u00e7\u00f5es dentro de vag\u00f5es de metr\u00f4 e em outros ambientes p\u00fablicos.<\/p>\n<p>L\u00edderes do Minist\u00e9rio Gera\u00e7\u00e3o Kaleo, Julia, de 23 anos, e Kawan Proen\u00e7a, de 22, compartilham mensagens de f\u00e9 e esperan\u00e7a em meio \u00e0 rotina de passageiros, muitas vezes com a filha pequena, \u00c9den, que completar\u00e1 um ano neste m\u00eas de mar\u00e7o.<\/p>\n<p>Em entrevista ao <strong>Guiame<\/strong>, Julia contou que esses movimentos se chamam \u201cA voz que clama\u201d podendo ser \u201cA voz que clama no trem\u201d ou \u201cA voz que clama no parque\u201d ou em qualquer lugar que estiverem.<\/p>\n<p>Em uma dessas prega\u00e7\u00f5es na linha de Porto Alegre a Novo Hamburgo, Julia compartilha uma breve mensagem com os passageiros. O marido a acompanha ao viol\u00e3o.<\/p>\n<blockquote class=\"instagram-media\" style=\"background: #FFF; border: 0; border-radius: 3px; box-shadow: 0 0 1px 0 rgba(0,0,0,0.5),0 1px 10px 0 rgba(0,0,0,0.15); margin: 1px; max-width: 540px; min-width: 326px; padding: 0; width: calc(100% - 2px);\" data-instgrm-captioned=\"\" data-instgrm-permalink=\"https:\/\/www.instagram.com\/reel\/DVe6w5-EQLJ\/?utm_source=ig_embed&amp;utm_campaign=loading\" data-instgrm-version=\"14\"><p>&#13;<br \/>\n&#13;\n<\/p><\/blockquote>\n<p>No v\u00eddeo, que j\u00e1 acumula quase 40 mil curtidas at\u00e9 o momento desta publica\u00e7\u00e3o, ela encoraja quem enfrenta dificuldades a n\u00e3o desistir:<\/p>\n<p>\u201cN\u00e3o desanime se pra voc\u00ea t\u00e1 dif\u00edcil, \u00e9 porque voc\u00ea n\u00e3o est\u00e1 pegando atalho. Quem pega atalho n\u00e3o ganha aprendizado, quem pega atalho n\u00e3o cria habilidade. Chega l\u00e1 na hora de receber e sai tudo.\u201d<\/p>\n<p>E continua: \u201cAquilo que voc\u00ea conquista r\u00e1pido vai r\u00e1pido, mas aquilo que voc\u00ea conquista com o seu suor permanece com voc\u00ea. Ent\u00e3o hoje eu vim te trazer essa mensagem: n\u00e3o desanime se pra voc\u00ea t\u00e1 dif\u00edcil\u2026 Deus pode ter me trazido aqui para te dar uma mensagem\u201d.<\/p>\n<p>Ap\u00f3s a fala, ela come\u00e7a a cantar \u201cDeserto\u201d, de<span style=\"color: #800000;\"><strong> Maria Mar\u00e7al<\/strong><\/span>, enquanto o marido toca o viol\u00e3o.<\/p>\n<p><strong>Chamado<\/strong><\/p>\n<p>Naturais de Sapucaia do Sul (RS), os dois afirmam que suas vidas mudaram radicalmente ap\u00f3s a convers\u00e3o, em dezembro de 2023.<\/p>\n<p>Antes disso, cada um seguia sua pr\u00f3pria profiss\u00e3o: ele trabalhava como sushiman, e ela como t\u00e9cnica em pl\u00e1sticos. Com o tempo, entenderam que Deus os chamava para dedicar suas vidas \u00e0<span style=\"color: #800000;\"><strong> prega\u00e7\u00e3o do Evangelho<\/strong><\/span>.<\/p>\n<p>\u201cFoi um processo dif\u00edcil e doloroso. Tivemos que renunciar muita coisa, mas hoje temos certeza de que esse \u00e9 o nosso chamado\u201d, contam.<\/p>\n<p>H\u00e1 cerca de um ano, eles decidiram viver inteiramente pela f\u00e9, dedicando-se ao minist\u00e9rio que afirmam ter recebido de Deus.<\/p>\n<p>Foi nesse per\u00edodo de ora\u00e7\u00e3o intensa que surgiu o nome Gera\u00e7\u00e3o Kaleo. Segundo o casal, a palavra \u201cKaleo\u201d significa \u201cchamado\u201d, e representa a convic\u00e7\u00e3o de que existe uma gera\u00e7\u00e3o sendo convocada a fazer a diferen\u00e7a por meio da f\u00e9 em Cristo.<\/p>\n<p>Para os dois, o objetivo das mensagens nos vag\u00f5es e nas redes \u00e9 simples: levar encorajamento a pessoas que talvez n\u00e3o entrariam em uma igreja. \u201cA gente acredita que Deus pode usar qualquer lugar para falar com algu\u00e9m\u201d, dizem.<\/p>\n<\/div>\n<p><script async src=\"\/\/www.instagram.com\/embed.js\"><\/script><br \/>\n<br \/><br \/>\n<br \/>Fonte: Guiame <\/p>\n","protected":false},"excerpt":{"rendered":"<p>Um jovem casal crist\u00e3o do Rio Grande do Sul tem chamado a aten\u00e7\u00e3o nas redes sociais por realizar ministra\u00e7\u00f5es dentro de vag\u00f5es de metr\u00f4 e em outros ambientes p\u00fablicos. L\u00edderes do Minist\u00e9rio Gera\u00e7\u00e3o Kaleo, Julia, de 23 anos, e Kawan Proen\u00e7a, de 22, compartilham mensagens de f\u00e9 e esperan\u00e7a em meio \u00e0 rotina de passageiros, [&hellip;]<\/p>\n","protected":false},"author":1,"featured_media":4991,"comment_status":"","ping_status":"open","sticky":false,"template":"","format":"standard","meta":{"footnotes":""},"categories":[43],"tags":[],"class_list":["post-4990","post","type-post","status-publish","format-standard","has-post-thumbnail","hentry","category-destaques"],"yoast_head":"<!-- This site is optimized with the Yoast SEO plugin v26.8 - https:\/\/yoast.com\/product\/yoast-seo-wordpress\/ -->\n<title>M\u00e3e evangeliza com beb\u00ea no colo em vag\u00f5es de metr\u00f4 em Porto Alegre: \u201cN\u00e3o desanime\u201d - R\u00e1dio Porto Seguro<\/title>\n<meta name=\"robots\" content=\"index, follow, max-snippet:-1, max-image-preview:large, max-video-preview:-1\" \/>\n<link rel=\"canonical\" href=\"https:\/\/radioportoseguro.com.br\/site\/2026\/03\/13\/mae-evangeliza-com-bebe-no-colo-em-vagoes-de-metro-em-porto-alegre-nao-desanime\/\" \/>\n<meta property=\"og:locale\" content=\"pt_BR\" \/>\n<meta property=\"og:type\" content=\"article\" \/>\n<meta property=\"og:title\" content=\"M\u00e3e evangeliza com beb\u00ea no colo em vag\u00f5es de metr\u00f4 em Porto Alegre: \u201cN\u00e3o desanime\u201d - R\u00e1dio Porto Seguro\" \/>\n<meta property=\"og:description\" content=\"Um jovem casal crist\u00e3o do Rio Grande do Sul tem chamado a aten\u00e7\u00e3o nas redes sociais por realizar ministra\u00e7\u00f5es dentro de vag\u00f5es de metr\u00f4 e em outros ambientes p\u00fablicos. L\u00edderes do Minist\u00e9rio Gera\u00e7\u00e3o Kaleo, Julia, de 23 anos, e Kawan Proen\u00e7a, de 22, compartilham mensagens de f\u00e9 e esperan\u00e7a em meio \u00e0 rotina de passageiros, [&hellip;]\" \/>\n<meta property=\"og:url\" content=\"https:\/\/radioportoseguro.com.br\/site\/2026\/03\/13\/mae-evangeliza-com-bebe-no-colo-em-vagoes-de-metro-em-porto-alegre-nao-desanime\/\" \/>\n<meta property=\"og:site_name\" content=\"R\u00e1dio Porto Seguro\" \/>\n<meta property=\"article:published_time\" content=\"2026-03-13T15:12:17+00:00\" \/>\n<meta property=\"og:image\" content=\"https:\/\/media.guiame.com.br\/archives\/2026\/03\/11\/1509810972-julia-e-kawan.png\" \/>\n<meta name=\"author\" content=\"admin\" \/>\n<meta name=\"twitter:card\" content=\"summary_large_image\" \/>\n<meta name=\"twitter:label1\" content=\"Escrito por\" \/>\n\t<meta name=\"twitter:data1\" content=\"admin\" \/>\n\t<meta name=\"twitter:label2\" content=\"Est. tempo de leitura\" \/>\n\t<meta name=\"twitter:data2\" content=\"2 minutos\" \/>\n<script type=\"application\/ld+json\" class=\"yoast-schema-graph\">{\"@context\":\"https:\/\/schema.org\",\"@graph\":[{\"@type\":\"Article\",\"@id\":\"https:\/\/radioportoseguro.com.br\/site\/2026\/03\/13\/mae-evangeliza-com-bebe-no-colo-em-vagoes-de-metro-em-porto-alegre-nao-desanime\/#article\",\"isPartOf\":{\"@id\":\"https:\/\/radioportoseguro.com.br\/site\/2026\/03\/13\/mae-evangeliza-com-bebe-no-colo-em-vagoes-de-metro-em-porto-alegre-nao-desanime\/\"},\"author\":{\"name\":\"admin\",\"@id\":\"https:\/\/radioportoseguro.com.br\/site\/#\/schema\/person\/7630acdc320186f13639d3c067ec089b\"},\"headline\":\"M\u00e3e evangeliza com beb\u00ea no colo em vag\u00f5es de metr\u00f4 em Porto Alegre: \u201cN\u00e3o desanime\u201d\",\"datePublished\":\"2026-03-13T15:12:17+00:00\",\"mainEntityOfPage\":{\"@id\":\"https:\/\/radioportoseguro.com.br\/site\/2026\/03\/13\/mae-evangeliza-com-bebe-no-colo-em-vagoes-de-metro-em-porto-alegre-nao-desanime\/\"},\"wordCount\":494,\"image\":{\"@id\":\"https:\/\/radioportoseguro.com.br\/site\/2026\/03\/13\/mae-evangeliza-com-bebe-no-colo-em-vagoes-de-metro-em-porto-alegre-nao-desanime\/#primaryimage\"},\"thumbnailUrl\":\"https:\/\/radioportoseguro.com.br\/site\/wp-content\/uploads\/2026\/03\/1509810972-julia-e-kawan.png\",\"articleSection\":[\"Destaques\"],\"inLanguage\":\"pt-BR\"},{\"@type\":\"WebPage\",\"@id\":\"https:\/\/radioportoseguro.com.br\/site\/2026\/03\/13\/mae-evangeliza-com-bebe-no-colo-em-vagoes-de-metro-em-porto-alegre-nao-desanime\/\",\"url\":\"https:\/\/radioportoseguro.com.br\/site\/2026\/03\/13\/mae-evangeliza-com-bebe-no-colo-em-vagoes-de-metro-em-porto-alegre-nao-desanime\/\",\"name\":\"M\u00e3e evangeliza com beb\u00ea no colo em vag\u00f5es de metr\u00f4 em Porto Alegre: \u201cN\u00e3o desanime\u201d - R\u00e1dio Porto Seguro\",\"isPartOf\":{\"@id\":\"https:\/\/radioportoseguro.com.br\/site\/#website\"},\"primaryImageOfPage\":{\"@id\":\"https:\/\/radioportoseguro.com.br\/site\/2026\/03\/13\/mae-evangeliza-com-bebe-no-colo-em-vagoes-de-metro-em-porto-alegre-nao-desanime\/#primaryimage\"},\"image\":{\"@id\":\"https:\/\/radioportoseguro.com.br\/site\/2026\/03\/13\/mae-evangeliza-com-bebe-no-colo-em-vagoes-de-metro-em-porto-alegre-nao-desanime\/#primaryimage\"},\"thumbnailUrl\":\"https:\/\/radioportoseguro.com.br\/site\/wp-content\/uploads\/2026\/03\/1509810972-julia-e-kawan.png\",\"datePublished\":\"2026-03-13T15:12:17+00:00\",\"author\":{\"@id\":\"https:\/\/radioportoseguro.com.br\/site\/#\/schema\/person\/7630acdc320186f13639d3c067ec089b\"},\"breadcrumb\":{\"@id\":\"https:\/\/radioportoseguro.com.br\/site\/2026\/03\/13\/mae-evangeliza-com-bebe-no-colo-em-vagoes-de-metro-em-porto-alegre-nao-desanime\/#breadcrumb\"},\"inLanguage\":\"pt-BR\",\"potentialAction\":[{\"@type\":\"ReadAction\",\"target\":[\"https:\/\/radioportoseguro.com.br\/site\/2026\/03\/13\/mae-evangeliza-com-bebe-no-colo-em-vagoes-de-metro-em-porto-alegre-nao-desanime\/\"]}]},{\"@type\":\"ImageObject\",\"inLanguage\":\"pt-BR\",\"@id\":\"https:\/\/radioportoseguro.com.br\/site\/2026\/03\/13\/mae-evangeliza-com-bebe-no-colo-em-vagoes-de-metro-em-porto-alegre-nao-desanime\/#primaryimage\",\"url\":\"https:\/\/radioportoseguro.com.br\/site\/wp-content\/uploads\/2026\/03\/1509810972-julia-e-kawan.png\",\"contentUrl\":\"https:\/\/radioportoseguro.com.br\/site\/wp-content\/uploads\/2026\/03\/1509810972-julia-e-kawan.png\",\"width\":1200,\"height\":600},{\"@type\":\"BreadcrumbList\",\"@id\":\"https:\/\/radioportoseguro.com.br\/site\/2026\/03\/13\/mae-evangeliza-com-bebe-no-colo-em-vagoes-de-metro-em-porto-alegre-nao-desanime\/#breadcrumb\",\"itemListElement\":[{\"@type\":\"ListItem\",\"position\":1,\"name\":\"In\u00edcio\",\"item\":\"https:\/\/radioportoseguro.com.br\/site\/\"},{\"@type\":\"ListItem\",\"position\":2,\"name\":\"M\u00e3e evangeliza com beb\u00ea no colo em vag\u00f5es de metr\u00f4 em Porto Alegre: \u201cN\u00e3o desanime\u201d\"}]},{\"@type\":\"WebSite\",\"@id\":\"https:\/\/radioportoseguro.com.br\/site\/#website\",\"url\":\"https:\/\/radioportoseguro.com.br\/site\/\",\"name\":\"R\u00e1dio Porto Seguro\",\"description\":\"\",\"potentialAction\":[{\"@type\":\"SearchAction\",\"target\":{\"@type\":\"EntryPoint\",\"urlTemplate\":\"https:\/\/radioportoseguro.com.br\/site\/?s={search_term_string}\"},\"query-input\":{\"@type\":\"PropertyValueSpecification\",\"valueRequired\":true,\"valueName\":\"search_term_string\"}}],\"inLanguage\":\"pt-BR\"},{\"@type\":\"Person\",\"@id\":\"https:\/\/radioportoseguro.com.br\/site\/#\/schema\/person\/7630acdc320186f13639d3c067ec089b\",\"name\":\"admin\",\"image\":{\"@type\":\"ImageObject\",\"inLanguage\":\"pt-BR\",\"@id\":\"https:\/\/radioportoseguro.com.br\/site\/#\/schema\/person\/image\/\",\"url\":\"https:\/\/secure.gravatar.com\/avatar\/caacf4dc1eedb68fab0df8e1ed46c448e578b2466351bbcb61e47d2ac0caaef0?s=96&d=mm&r=g\",\"contentUrl\":\"https:\/\/secure.gravatar.com\/avatar\/caacf4dc1eedb68fab0df8e1ed46c448e578b2466351bbcb61e47d2ac0caaef0?s=96&d=mm&r=g\",\"caption\":\"admin\"},\"sameAs\":[\"https:\/\/radioportoseguro.com.br\/site\"],\"url\":\"https:\/\/radioportoseguro.com.br\/site\/author\/hezio\/\"}]}<\/script>\n<!-- \/ Yoast SEO plugin. -->","yoast_head_json":{"title":"M\u00e3e evangeliza com beb\u00ea no colo em vag\u00f5es de metr\u00f4 em Porto Alegre: \u201cN\u00e3o desanime\u201d - R\u00e1dio Porto Seguro","robots":{"index":"index","follow":"follow","max-snippet":"max-snippet:-1","max-image-preview":"max-image-preview:large","max-video-preview":"max-video-preview:-1"},"canonical":"https:\/\/radioportoseguro.com.br\/site\/2026\/03\/13\/mae-evangeliza-com-bebe-no-colo-em-vagoes-de-metro-em-porto-alegre-nao-desanime\/","og_locale":"pt_BR","og_type":"article","og_title":"M\u00e3e evangeliza com beb\u00ea no colo em vag\u00f5es de metr\u00f4 em Porto Alegre: \u201cN\u00e3o desanime\u201d - R\u00e1dio Porto Seguro","og_description":"Um jovem casal crist\u00e3o do Rio Grande do Sul tem chamado a aten\u00e7\u00e3o nas redes sociais por realizar ministra\u00e7\u00f5es dentro de vag\u00f5es de metr\u00f4 e em outros ambientes p\u00fablicos. L\u00edderes do Minist\u00e9rio Gera\u00e7\u00e3o Kaleo, Julia, de 23 anos, e Kawan Proen\u00e7a, de 22, compartilham mensagens de f\u00e9 e esperan\u00e7a em meio \u00e0 rotina de passageiros, [&hellip;]","og_url":"https:\/\/radioportoseguro.com.br\/site\/2026\/03\/13\/mae-evangeliza-com-bebe-no-colo-em-vagoes-de-metro-em-porto-alegre-nao-desanime\/","og_site_name":"R\u00e1dio Porto Seguro","article_published_time":"2026-03-13T15:12:17+00:00","og_image":[{"url":"https:\/\/media.guiame.com.br\/archives\/2026\/03\/11\/1509810972-julia-e-kawan.png","type":"","width":"","height":""}],"author":"admin","twitter_card":"summary_large_image","twitter_misc":{"Escrito por":"admin","Est. tempo de leitura":"2 minutos"},"schema":{"@context":"https:\/\/schema.org","@graph":[{"@type":"Article","@id":"https:\/\/radioportoseguro.com.br\/site\/2026\/03\/13\/mae-evangeliza-com-bebe-no-colo-em-vagoes-de-metro-em-porto-alegre-nao-desanime\/#article","isPartOf":{"@id":"https:\/\/radioportoseguro.com.br\/site\/2026\/03\/13\/mae-evangeliza-com-bebe-no-colo-em-vagoes-de-metro-em-porto-alegre-nao-desanime\/"},"author":{"name":"admin","@id":"https:\/\/radioportoseguro.com.br\/site\/#\/schema\/person\/7630acdc320186f13639d3c067ec089b"},"headline":"M\u00e3e evangeliza com beb\u00ea no colo em vag\u00f5es de metr\u00f4 em Porto Alegre: \u201cN\u00e3o desanime\u201d","datePublished":"2026-03-13T15:12:17+00:00","mainEntityOfPage":{"@id":"https:\/\/radioportoseguro.com.br\/site\/2026\/03\/13\/mae-evangeliza-com-bebe-no-colo-em-vagoes-de-metro-em-porto-alegre-nao-desanime\/"},"wordCount":494,"image":{"@id":"https:\/\/radioportoseguro.com.br\/site\/2026\/03\/13\/mae-evangeliza-com-bebe-no-colo-em-vagoes-de-metro-em-porto-alegre-nao-desanime\/#primaryimage"},"thumbnailUrl":"https:\/\/radioportoseguro.com.br\/site\/wp-content\/uploads\/2026\/03\/1509810972-julia-e-kawan.png","articleSection":["Destaques"],"inLanguage":"pt-BR"},{"@type":"WebPage","@id":"https:\/\/radioportoseguro.com.br\/site\/2026\/03\/13\/mae-evangeliza-com-bebe-no-colo-em-vagoes-de-metro-em-porto-alegre-nao-desanime\/","url":"https:\/\/radioportoseguro.com.br\/site\/2026\/03\/13\/mae-evangeliza-com-bebe-no-colo-em-vagoes-de-metro-em-porto-alegre-nao-desanime\/","name":"M\u00e3e evangeliza com beb\u00ea no colo em vag\u00f5es de metr\u00f4 em Porto Alegre: \u201cN\u00e3o desanime\u201d - R\u00e1dio Porto Seguro","isPartOf":{"@id":"https:\/\/radioportoseguro.com.br\/site\/#website"},"primaryImageOfPage":{"@id":"https:\/\/radioportoseguro.com.br\/site\/2026\/03\/13\/mae-evangeliza-com-bebe-no-colo-em-vagoes-de-metro-em-porto-alegre-nao-desanime\/#primaryimage"},"image":{"@id":"https:\/\/radioportoseguro.com.br\/site\/2026\/03\/13\/mae-evangeliza-com-bebe-no-colo-em-vagoes-de-metro-em-porto-alegre-nao-desanime\/#primaryimage"},"thumbnailUrl":"https:\/\/radioportoseguro.com.br\/site\/wp-content\/uploads\/2026\/03\/1509810972-julia-e-kawan.png","datePublished":"2026-03-13T15:12:17+00:00","author":{"@id":"https:\/\/radioportoseguro.com.br\/site\/#\/schema\/person\/7630acdc320186f13639d3c067ec089b"},"breadcrumb":{"@id":"https:\/\/radioportoseguro.com.br\/site\/2026\/03\/13\/mae-evangeliza-com-bebe-no-colo-em-vagoes-de-metro-em-porto-alegre-nao-desanime\/#breadcrumb"},"inLanguage":"pt-BR","potentialAction":[{"@type":"ReadAction","target":["https:\/\/radioportoseguro.com.br\/site\/2026\/03\/13\/mae-evangeliza-com-bebe-no-colo-em-vagoes-de-metro-em-porto-alegre-nao-desanime\/"]}]},{"@type":"ImageObject","inLanguage":"pt-BR","@id":"https:\/\/radioportoseguro.com.br\/site\/2026\/03\/13\/mae-evangeliza-com-bebe-no-colo-em-vagoes-de-metro-em-porto-alegre-nao-desanime\/#primaryimage","url":"https:\/\/radioportoseguro.com.br\/site\/wp-content\/uploads\/2026\/03\/1509810972-julia-e-kawan.png","contentUrl":"https:\/\/radioportoseguro.com.br\/site\/wp-content\/uploads\/2026\/03\/1509810972-julia-e-kawan.png","width":1200,"height":600},{"@type":"BreadcrumbList","@id":"https:\/\/radioportoseguro.com.br\/site\/2026\/03\/13\/mae-evangeliza-com-bebe-no-colo-em-vagoes-de-metro-em-porto-alegre-nao-desanime\/#breadcrumb","itemListElement":[{"@type":"ListItem","position":1,"name":"In\u00edcio","item":"https:\/\/radioportoseguro.com.br\/site\/"},{"@type":"ListItem","position":2,"name":"M\u00e3e evangeliza com beb\u00ea no colo em vag\u00f5es de metr\u00f4 em Porto Alegre: \u201cN\u00e3o desanime\u201d"}]},{"@type":"WebSite","@id":"https:\/\/radioportoseguro.com.br\/site\/#website","url":"https:\/\/radioportoseguro.com.br\/site\/","name":"R\u00e1dio Porto Seguro","description":"","potentialAction":[{"@type":"SearchAction","target":{"@type":"EntryPoint","urlTemplate":"https:\/\/radioportoseguro.com.br\/site\/?s={search_term_string}"},"query-input":{"@type":"PropertyValueSpecification","valueRequired":true,"valueName":"search_term_string"}}],"inLanguage":"pt-BR"},{"@type":"Person","@id":"https:\/\/radioportoseguro.com.br\/site\/#\/schema\/person\/7630acdc320186f13639d3c067ec089b","name":"admin","image":{"@type":"ImageObject","inLanguage":"pt-BR","@id":"https:\/\/radioportoseguro.com.br\/site\/#\/schema\/person\/image\/","url":"https:\/\/secure.gravatar.com\/avatar\/caacf4dc1eedb68fab0df8e1ed46c448e578b2466351bbcb61e47d2ac0caaef0?s=96&d=mm&r=g","contentUrl":"https:\/\/secure.gravatar.com\/avatar\/caacf4dc1eedb68fab0df8e1ed46c448e578b2466351bbcb61e47d2ac0caaef0?s=96&d=mm&r=g","caption":"admin"},"sameAs":["https:\/\/radioportoseguro.com.br\/site"],"url":"https:\/\/radioportoseguro.com.br\/site\/author\/hezio\/"}]}},"_links":{"self":[{"href":"https:\/\/radioportoseguro.com.br\/site\/wp-json\/wp\/v2\/posts\/4990","targetHints":{"allow":["GET"]}}],"collection":[{"href":"https:\/\/radioportoseguro.com.br\/site\/wp-json\/wp\/v2\/posts"}],"about":[{"href":"https:\/\/radioportoseguro.com.br\/site\/wp-json\/wp\/v2\/types\/post"}],"author":[{"embeddable":true,"href":"https:\/\/radioportoseguro.com.br\/site\/wp-json\/wp\/v2\/users\/1"}],"replies":[{"embeddable":true,"href":"https:\/\/radioportoseguro.com.br\/site\/wp-json\/wp\/v2\/comments?post=4990"}],"version-history":[{"count":0,"href":"https:\/\/radioportoseguro.com.br\/site\/wp-json\/wp\/v2\/posts\/4990\/revisions"}],"wp:featuredmedia":[{"embeddable":true,"href":"https:\/\/radioportoseguro.com.br\/site\/wp-json\/wp\/v2\/media\/4991"}],"wp:attachment":[{"href":"https:\/\/radioportoseguro.com.br\/site\/wp-json\/wp\/v2\/media?parent=4990"}],"wp:term":[{"taxonomy":"category","embeddable":true,"href":"https:\/\/radioportoseguro.com.br\/site\/wp-json\/wp\/v2\/categories?post=4990"},{"taxonomy":"post_tag","embeddable":true,"href":"https:\/\/radioportoseguro.com.br\/site\/wp-json\/wp\/v2\/tags?post=4990"}],"curies":[{"name":"wp","href":"https:\/\/api.w.org\/{rel}","templated":true}]}}