{"id":4998,"date":"2026-03-13T16:22:43","date_gmt":"2026-03-13T19:22:43","guid":{"rendered":"https:\/\/radioportoseguro.com.br\/site\/2026\/03\/13\/pais-cristaos-perdem-a-guarda-das-filhas-apos-acusacao-de-extremismo-religioso-na-suecia\/"},"modified":"2026-03-13T16:22:43","modified_gmt":"2026-03-13T19:22:43","slug":"pais-cristaos-perdem-a-guarda-das-filhas-apos-acusacao-de-extremismo-religioso-na-suecia","status":"publish","type":"post","link":"https:\/\/radioportoseguro.com.br\/site\/2026\/03\/13\/pais-cristaos-perdem-a-guarda-das-filhas-apos-acusacao-de-extremismo-religioso-na-suecia\/","title":{"rendered":"Pais crist\u00e3os perdem a guarda das filhas ap\u00f3s acusa\u00e7\u00e3o de &#8220;extremismo religioso&#8221; na Su\u00e9cia"},"content":{"rendered":"<p><br \/>\n<br \/><\/p>\n<div>\n<p><span style=\"font-weight: 400;\">Um <\/span><span style=\"color: #800000;\"><strong>casal crist\u00e3o<\/strong> <strong>perdeu a guarda<\/strong><\/span><span style=\"font-weight: 400;\"> de duas filhas ap\u00f3s serem acusados falsamente de \u201cextremismo religioso\u201d na cria\u00e7\u00e3o das meninas, na <\/span><span style=\"color: #800000;\"><strong>Su\u00e9cia<\/strong><\/span><span style=\"font-weight: 400;\">.<\/span><\/p>\n<p><span style=\"font-weight: 400;\">Sarah e Tiana est\u00e3o separadas dos pais, Daniel e Bianca Samson, h\u00e1 tr\u00eas anos, segundo a ADF International, uma organiza\u00e7\u00e3o que defende a liberdade religiosa e est\u00e1 representando o casal no caso.\u00a0<\/span><span style=\"font-weight: 400;\">Na \u00e9poca, Sara tinha 11 anos de idade e Tiana tinha 10 anos.<\/span><\/p>\n<p><span style=\"font-weight: 400;\">Em dezembro de 2022, as meninas foram levadas pelo servi\u00e7o de prote\u00e7\u00e3o \u00e0 crian\u00e7a da Su\u00e9cia ap\u00f3s a mais velha, Sara, fazer uma den\u00fancia falsa de maus tratos na escola.\u00a0<\/span><\/p>\n<p><span style=\"font-weight: 400;\">A falsa den\u00fancia aconteceu ap\u00f3s a menina ter um desentendimento com os pais por proibirem o uso do telefone e de maquiagem.<\/span><\/p>\n<p><span style=\"font-weight: 400;\">Poucos dias depois, Sara se retratou e retirou a acusa\u00e7\u00e3o contra os pais. Uma investiga\u00e7\u00e3o foi realizada sobre poss\u00edveis maus tratos e as autoridades conclu\u00edram que os pais eram inocentes.<\/span><\/p>\n<p><span style=\"font-weight: 400;\">Al\u00e9m disso, o casal crist\u00e3o passou por uma avalia\u00e7\u00e3o para verificar se estavam aptos para cuidar de seus filhos e foram aprovados.<\/span><\/p>\n<p><span style=\"font-weight: 400;\">Mesmo assim, as meninas n\u00e3o foram devolvidas aos pais e o servi\u00e7o de prote\u00e7\u00e3o \u00e0 crian\u00e7a da Su\u00e9cia acusou os pais de serem &#8220;extremistas religiosos&#8221;.<\/span><\/p>\n<p><span style=\"font-weight: 400;\">Para fazer a acusa\u00e7\u00e3o, o Estado sueco usou a frequ\u00eancia da fam\u00edlia \u00e0 igreja (tr\u00eas vezes por semana), o fato de orar juntos em casa e de estabelecer limites aos filhos baseados na f\u00e9.<\/span><\/p>\n<p><strong>Sa\u00fade mental das meninas afetada<\/strong><\/p>\n<p><span style=\"font-weight: 400;\">Desde junho de 2023, Sara e Tiana passaram por pelo menos tr\u00eas est\u00e1gios de acolhimento e foram mantidas separadas uma das outras.<\/span><\/p>\n<p><span style=\"font-weight: 400;\">De acordo com a ADF, as duas meninas afirmaram diversas vezes que queriam voltar para casa, mas seus pedidos n\u00e3o foram atendidos.<\/span><\/p>\n<p><span style=\"font-weight: 400;\">Enquanto estavam em lares adotivos, a sa\u00fade f\u00edsica e mental de Sara e Tiana foram afetadas. Os pais relataram que ambas tentaram suic\u00eddio.<\/span><\/p>\n<p><span style=\"font-weight: 400;\">&#8220;Amamos nossas filhas. Confi\u00e1vamos que a Su\u00e9cia as protegeria \u2013 e quando a verdade veio \u00e0 tona, esper\u00e1vamos que nossas filhas voltassem para casa. Ainda assim, elas permanecem longe de n\u00f3s, e sua sa\u00fade mental continua a se deteriorar\u201d, lamentou o pai, \u00e0 ADF International.<\/span><\/p>\n<p><span style=\"font-weight: 400;\">Atualmente, Daniel e Bianca t\u00eam direito de visitar as filhas apenas uma vez por m\u00eas, sob supervis\u00e3o.<\/span><\/p>\n<p><strong>Caso no Tribunal Europeu<\/strong><\/p>\n<p><span style=\"font-weight: 400;\">Os pais crist\u00e3os levaram o caso ao Tribunal Europeu de Direitos Humanos com esperan\u00e7a de recuperar as filhas.\u00a0<\/span><\/p>\n<p><span style=\"font-weight: 400;\">Por\u00e9m, neste ano, o Tribunal considerou o caso inadmiss\u00edvel por falta de esgotamento dos recursos legais na Su\u00e9cia. A decis\u00e3o \u00e9 final e n\u00e3o pode ser contestada. Agora, os advogados da ADF International est\u00e3o avaliando os poss\u00edveis pr\u00f3ximos passos.<\/span><\/p>\n<p><span style=\"font-weight: 400;\">&#8220;Os pais t\u00eam a responsabilidade e o direito primordial de criar seus filhos. Quando o Estado interfere na vida familiar com base em escolhas parentais baseadas em valores ou discrimina\u00e7\u00e3o com base na f\u00e9, liberdades fundamentais est\u00e3o em jogo\u201d, criticou Guillermo A. Morales Sancho, assessor jur\u00eddico da ADF International.<\/span><\/p>\n<\/div>\n<p><br \/>\n<br \/>Fonte: Guiame <\/p>\n","protected":false},"excerpt":{"rendered":"<p>Um casal crist\u00e3o perdeu a guarda de duas filhas ap\u00f3s serem acusados falsamente de \u201cextremismo religioso\u201d na cria\u00e7\u00e3o das meninas, na Su\u00e9cia. Sarah e Tiana est\u00e3o separadas dos pais, Daniel e Bianca Samson, h\u00e1 tr\u00eas anos, segundo a ADF International, uma organiza\u00e7\u00e3o que defende a liberdade religiosa e est\u00e1 representando o casal no caso.\u00a0Na \u00e9poca, [&hellip;]<\/p>\n","protected":false},"author":1,"featured_media":4999,"comment_status":"","ping_status":"open","sticky":false,"template":"","format":"standard","meta":{"footnotes":""},"categories":[43],"tags":[],"class_list":["post-4998","post","type-post","status-publish","format-standard","has-post-thumbnail","hentry","category-destaques"],"yoast_head":"<!-- This site is optimized with the Yoast SEO plugin v26.8 - https:\/\/yoast.com\/product\/yoast-seo-wordpress\/ -->\n<title>Pais crist\u00e3os perdem a guarda das filhas ap\u00f3s acusa\u00e7\u00e3o de &quot;extremismo religioso&quot; na Su\u00e9cia - R\u00e1dio Porto Seguro<\/title>\n<meta name=\"robots\" content=\"index, follow, max-snippet:-1, max-image-preview:large, max-video-preview:-1\" \/>\n<link rel=\"canonical\" href=\"https:\/\/radioportoseguro.com.br\/site\/2026\/03\/13\/pais-cristaos-perdem-a-guarda-das-filhas-apos-acusacao-de-extremismo-religioso-na-suecia\/\" \/>\n<meta property=\"og:locale\" content=\"pt_BR\" \/>\n<meta property=\"og:type\" content=\"article\" \/>\n<meta property=\"og:title\" content=\"Pais crist\u00e3os perdem a guarda das filhas ap\u00f3s acusa\u00e7\u00e3o de &quot;extremismo religioso&quot; na Su\u00e9cia - R\u00e1dio Porto Seguro\" \/>\n<meta property=\"og:description\" content=\"Um casal crist\u00e3o perdeu a guarda de duas filhas ap\u00f3s serem acusados falsamente de \u201cextremismo religioso\u201d na cria\u00e7\u00e3o das meninas, na Su\u00e9cia. Sarah e Tiana est\u00e3o separadas dos pais, Daniel e Bianca Samson, h\u00e1 tr\u00eas anos, segundo a ADF International, uma organiza\u00e7\u00e3o que defende a liberdade religiosa e est\u00e1 representando o casal no caso.\u00a0Na \u00e9poca, [&hellip;]\" \/>\n<meta property=\"og:url\" content=\"https:\/\/radioportoseguro.com.br\/site\/2026\/03\/13\/pais-cristaos-perdem-a-guarda-das-filhas-apos-acusacao-de-extremismo-religioso-na-suecia\/\" \/>\n<meta property=\"og:site_name\" content=\"R\u00e1dio Porto Seguro\" \/>\n<meta property=\"article:published_time\" content=\"2026-03-13T19:22:43+00:00\" \/>\n<meta property=\"og:image\" content=\"https:\/\/media.guiame.com.br\/archives\/2026\/03\/12\/1105649010-daniel-e-bianca-samson.JPG\" \/>\n<meta name=\"author\" content=\"admin\" \/>\n<meta name=\"twitter:card\" content=\"summary_large_image\" \/>\n<meta name=\"twitter:label1\" content=\"Escrito por\" \/>\n\t<meta name=\"twitter:data1\" content=\"admin\" \/>\n\t<meta name=\"twitter:label2\" content=\"Est. tempo de leitura\" \/>\n\t<meta name=\"twitter:data2\" content=\"3 minutos\" \/>\n<script type=\"application\/ld+json\" class=\"yoast-schema-graph\">{\"@context\":\"https:\/\/schema.org\",\"@graph\":[{\"@type\":\"Article\",\"@id\":\"https:\/\/radioportoseguro.com.br\/site\/2026\/03\/13\/pais-cristaos-perdem-a-guarda-das-filhas-apos-acusacao-de-extremismo-religioso-na-suecia\/#article\",\"isPartOf\":{\"@id\":\"https:\/\/radioportoseguro.com.br\/site\/2026\/03\/13\/pais-cristaos-perdem-a-guarda-das-filhas-apos-acusacao-de-extremismo-religioso-na-suecia\/\"},\"author\":{\"name\":\"admin\",\"@id\":\"https:\/\/radioportoseguro.com.br\/site\/#\/schema\/person\/7630acdc320186f13639d3c067ec089b\"},\"headline\":\"Pais crist\u00e3os perdem a guarda das filhas ap\u00f3s acusa\u00e7\u00e3o de &#8220;extremismo religioso&#8221; na Su\u00e9cia\",\"datePublished\":\"2026-03-13T19:22:43+00:00\",\"mainEntityOfPage\":{\"@id\":\"https:\/\/radioportoseguro.com.br\/site\/2026\/03\/13\/pais-cristaos-perdem-a-guarda-das-filhas-apos-acusacao-de-extremismo-religioso-na-suecia\/\"},\"wordCount\":545,\"image\":{\"@id\":\"https:\/\/radioportoseguro.com.br\/site\/2026\/03\/13\/pais-cristaos-perdem-a-guarda-das-filhas-apos-acusacao-de-extremismo-religioso-na-suecia\/#primaryimage\"},\"thumbnailUrl\":\"https:\/\/radioportoseguro.com.br\/site\/wp-content\/uploads\/2026\/03\/1105649010-daniel-e-bianca-samson.JPG\",\"articleSection\":[\"Destaques\"],\"inLanguage\":\"pt-BR\"},{\"@type\":\"WebPage\",\"@id\":\"https:\/\/radioportoseguro.com.br\/site\/2026\/03\/13\/pais-cristaos-perdem-a-guarda-das-filhas-apos-acusacao-de-extremismo-religioso-na-suecia\/\",\"url\":\"https:\/\/radioportoseguro.com.br\/site\/2026\/03\/13\/pais-cristaos-perdem-a-guarda-das-filhas-apos-acusacao-de-extremismo-religioso-na-suecia\/\",\"name\":\"Pais crist\u00e3os perdem a guarda das filhas ap\u00f3s acusa\u00e7\u00e3o de \\\"extremismo religioso\\\" na Su\u00e9cia - R\u00e1dio Porto Seguro\",\"isPartOf\":{\"@id\":\"https:\/\/radioportoseguro.com.br\/site\/#website\"},\"primaryImageOfPage\":{\"@id\":\"https:\/\/radioportoseguro.com.br\/site\/2026\/03\/13\/pais-cristaos-perdem-a-guarda-das-filhas-apos-acusacao-de-extremismo-religioso-na-suecia\/#primaryimage\"},\"image\":{\"@id\":\"https:\/\/radioportoseguro.com.br\/site\/2026\/03\/13\/pais-cristaos-perdem-a-guarda-das-filhas-apos-acusacao-de-extremismo-religioso-na-suecia\/#primaryimage\"},\"thumbnailUrl\":\"https:\/\/radioportoseguro.com.br\/site\/wp-content\/uploads\/2026\/03\/1105649010-daniel-e-bianca-samson.JPG\",\"datePublished\":\"2026-03-13T19:22:43+00:00\",\"author\":{\"@id\":\"https:\/\/radioportoseguro.com.br\/site\/#\/schema\/person\/7630acdc320186f13639d3c067ec089b\"},\"breadcrumb\":{\"@id\":\"https:\/\/radioportoseguro.com.br\/site\/2026\/03\/13\/pais-cristaos-perdem-a-guarda-das-filhas-apos-acusacao-de-extremismo-religioso-na-suecia\/#breadcrumb\"},\"inLanguage\":\"pt-BR\",\"potentialAction\":[{\"@type\":\"ReadAction\",\"target\":[\"https:\/\/radioportoseguro.com.br\/site\/2026\/03\/13\/pais-cristaos-perdem-a-guarda-das-filhas-apos-acusacao-de-extremismo-religioso-na-suecia\/\"]}]},{\"@type\":\"ImageObject\",\"inLanguage\":\"pt-BR\",\"@id\":\"https:\/\/radioportoseguro.com.br\/site\/2026\/03\/13\/pais-cristaos-perdem-a-guarda-das-filhas-apos-acusacao-de-extremismo-religioso-na-suecia\/#primaryimage\",\"url\":\"https:\/\/radioportoseguro.com.br\/site\/wp-content\/uploads\/2026\/03\/1105649010-daniel-e-bianca-samson.JPG\",\"contentUrl\":\"https:\/\/radioportoseguro.com.br\/site\/wp-content\/uploads\/2026\/03\/1105649010-daniel-e-bianca-samson.JPG\",\"width\":1200,\"height\":600},{\"@type\":\"BreadcrumbList\",\"@id\":\"https:\/\/radioportoseguro.com.br\/site\/2026\/03\/13\/pais-cristaos-perdem-a-guarda-das-filhas-apos-acusacao-de-extremismo-religioso-na-suecia\/#breadcrumb\",\"itemListElement\":[{\"@type\":\"ListItem\",\"position\":1,\"name\":\"In\u00edcio\",\"item\":\"https:\/\/radioportoseguro.com.br\/site\/\"},{\"@type\":\"ListItem\",\"position\":2,\"name\":\"Pais crist\u00e3os perdem a guarda das filhas ap\u00f3s acusa\u00e7\u00e3o de &#8220;extremismo religioso&#8221; na Su\u00e9cia\"}]},{\"@type\":\"WebSite\",\"@id\":\"https:\/\/radioportoseguro.com.br\/site\/#website\",\"url\":\"https:\/\/radioportoseguro.com.br\/site\/\",\"name\":\"R\u00e1dio Porto Seguro\",\"description\":\"\",\"potentialAction\":[{\"@type\":\"SearchAction\",\"target\":{\"@type\":\"EntryPoint\",\"urlTemplate\":\"https:\/\/radioportoseguro.com.br\/site\/?s={search_term_string}\"},\"query-input\":{\"@type\":\"PropertyValueSpecification\",\"valueRequired\":true,\"valueName\":\"search_term_string\"}}],\"inLanguage\":\"pt-BR\"},{\"@type\":\"Person\",\"@id\":\"https:\/\/radioportoseguro.com.br\/site\/#\/schema\/person\/7630acdc320186f13639d3c067ec089b\",\"name\":\"admin\",\"image\":{\"@type\":\"ImageObject\",\"inLanguage\":\"pt-BR\",\"@id\":\"https:\/\/radioportoseguro.com.br\/site\/#\/schema\/person\/image\/\",\"url\":\"https:\/\/secure.gravatar.com\/avatar\/caacf4dc1eedb68fab0df8e1ed46c448e578b2466351bbcb61e47d2ac0caaef0?s=96&d=mm&r=g\",\"contentUrl\":\"https:\/\/secure.gravatar.com\/avatar\/caacf4dc1eedb68fab0df8e1ed46c448e578b2466351bbcb61e47d2ac0caaef0?s=96&d=mm&r=g\",\"caption\":\"admin\"},\"sameAs\":[\"https:\/\/radioportoseguro.com.br\/site\"],\"url\":\"https:\/\/radioportoseguro.com.br\/site\/author\/hezio\/\"}]}<\/script>\n<!-- \/ Yoast SEO plugin. -->","yoast_head_json":{"title":"Pais crist\u00e3os perdem a guarda das filhas ap\u00f3s acusa\u00e7\u00e3o de \"extremismo religioso\" na Su\u00e9cia - R\u00e1dio Porto Seguro","robots":{"index":"index","follow":"follow","max-snippet":"max-snippet:-1","max-image-preview":"max-image-preview:large","max-video-preview":"max-video-preview:-1"},"canonical":"https:\/\/radioportoseguro.com.br\/site\/2026\/03\/13\/pais-cristaos-perdem-a-guarda-das-filhas-apos-acusacao-de-extremismo-religioso-na-suecia\/","og_locale":"pt_BR","og_type":"article","og_title":"Pais crist\u00e3os perdem a guarda das filhas ap\u00f3s acusa\u00e7\u00e3o de \"extremismo religioso\" na Su\u00e9cia - R\u00e1dio Porto Seguro","og_description":"Um casal crist\u00e3o perdeu a guarda de duas filhas ap\u00f3s serem acusados falsamente de \u201cextremismo religioso\u201d na cria\u00e7\u00e3o das meninas, na Su\u00e9cia. Sarah e Tiana est\u00e3o separadas dos pais, Daniel e Bianca Samson, h\u00e1 tr\u00eas anos, segundo a ADF International, uma organiza\u00e7\u00e3o que defende a liberdade religiosa e est\u00e1 representando o casal no caso.\u00a0Na \u00e9poca, [&hellip;]","og_url":"https:\/\/radioportoseguro.com.br\/site\/2026\/03\/13\/pais-cristaos-perdem-a-guarda-das-filhas-apos-acusacao-de-extremismo-religioso-na-suecia\/","og_site_name":"R\u00e1dio Porto Seguro","article_published_time":"2026-03-13T19:22:43+00:00","og_image":[{"url":"https:\/\/media.guiame.com.br\/archives\/2026\/03\/12\/1105649010-daniel-e-bianca-samson.JPG","type":"","width":"","height":""}],"author":"admin","twitter_card":"summary_large_image","twitter_misc":{"Escrito por":"admin","Est. tempo de leitura":"3 minutos"},"schema":{"@context":"https:\/\/schema.org","@graph":[{"@type":"Article","@id":"https:\/\/radioportoseguro.com.br\/site\/2026\/03\/13\/pais-cristaos-perdem-a-guarda-das-filhas-apos-acusacao-de-extremismo-religioso-na-suecia\/#article","isPartOf":{"@id":"https:\/\/radioportoseguro.com.br\/site\/2026\/03\/13\/pais-cristaos-perdem-a-guarda-das-filhas-apos-acusacao-de-extremismo-religioso-na-suecia\/"},"author":{"name":"admin","@id":"https:\/\/radioportoseguro.com.br\/site\/#\/schema\/person\/7630acdc320186f13639d3c067ec089b"},"headline":"Pais crist\u00e3os perdem a guarda das filhas ap\u00f3s acusa\u00e7\u00e3o de &#8220;extremismo religioso&#8221; na Su\u00e9cia","datePublished":"2026-03-13T19:22:43+00:00","mainEntityOfPage":{"@id":"https:\/\/radioportoseguro.com.br\/site\/2026\/03\/13\/pais-cristaos-perdem-a-guarda-das-filhas-apos-acusacao-de-extremismo-religioso-na-suecia\/"},"wordCount":545,"image":{"@id":"https:\/\/radioportoseguro.com.br\/site\/2026\/03\/13\/pais-cristaos-perdem-a-guarda-das-filhas-apos-acusacao-de-extremismo-religioso-na-suecia\/#primaryimage"},"thumbnailUrl":"https:\/\/radioportoseguro.com.br\/site\/wp-content\/uploads\/2026\/03\/1105649010-daniel-e-bianca-samson.JPG","articleSection":["Destaques"],"inLanguage":"pt-BR"},{"@type":"WebPage","@id":"https:\/\/radioportoseguro.com.br\/site\/2026\/03\/13\/pais-cristaos-perdem-a-guarda-das-filhas-apos-acusacao-de-extremismo-religioso-na-suecia\/","url":"https:\/\/radioportoseguro.com.br\/site\/2026\/03\/13\/pais-cristaos-perdem-a-guarda-das-filhas-apos-acusacao-de-extremismo-religioso-na-suecia\/","name":"Pais crist\u00e3os perdem a guarda das filhas ap\u00f3s acusa\u00e7\u00e3o de \"extremismo religioso\" na Su\u00e9cia - R\u00e1dio Porto Seguro","isPartOf":{"@id":"https:\/\/radioportoseguro.com.br\/site\/#website"},"primaryImageOfPage":{"@id":"https:\/\/radioportoseguro.com.br\/site\/2026\/03\/13\/pais-cristaos-perdem-a-guarda-das-filhas-apos-acusacao-de-extremismo-religioso-na-suecia\/#primaryimage"},"image":{"@id":"https:\/\/radioportoseguro.com.br\/site\/2026\/03\/13\/pais-cristaos-perdem-a-guarda-das-filhas-apos-acusacao-de-extremismo-religioso-na-suecia\/#primaryimage"},"thumbnailUrl":"https:\/\/radioportoseguro.com.br\/site\/wp-content\/uploads\/2026\/03\/1105649010-daniel-e-bianca-samson.JPG","datePublished":"2026-03-13T19:22:43+00:00","author":{"@id":"https:\/\/radioportoseguro.com.br\/site\/#\/schema\/person\/7630acdc320186f13639d3c067ec089b"},"breadcrumb":{"@id":"https:\/\/radioportoseguro.com.br\/site\/2026\/03\/13\/pais-cristaos-perdem-a-guarda-das-filhas-apos-acusacao-de-extremismo-religioso-na-suecia\/#breadcrumb"},"inLanguage":"pt-BR","potentialAction":[{"@type":"ReadAction","target":["https:\/\/radioportoseguro.com.br\/site\/2026\/03\/13\/pais-cristaos-perdem-a-guarda-das-filhas-apos-acusacao-de-extremismo-religioso-na-suecia\/"]}]},{"@type":"ImageObject","inLanguage":"pt-BR","@id":"https:\/\/radioportoseguro.com.br\/site\/2026\/03\/13\/pais-cristaos-perdem-a-guarda-das-filhas-apos-acusacao-de-extremismo-religioso-na-suecia\/#primaryimage","url":"https:\/\/radioportoseguro.com.br\/site\/wp-content\/uploads\/2026\/03\/1105649010-daniel-e-bianca-samson.JPG","contentUrl":"https:\/\/radioportoseguro.com.br\/site\/wp-content\/uploads\/2026\/03\/1105649010-daniel-e-bianca-samson.JPG","width":1200,"height":600},{"@type":"BreadcrumbList","@id":"https:\/\/radioportoseguro.com.br\/site\/2026\/03\/13\/pais-cristaos-perdem-a-guarda-das-filhas-apos-acusacao-de-extremismo-religioso-na-suecia\/#breadcrumb","itemListElement":[{"@type":"ListItem","position":1,"name":"In\u00edcio","item":"https:\/\/radioportoseguro.com.br\/site\/"},{"@type":"ListItem","position":2,"name":"Pais crist\u00e3os perdem a guarda das filhas ap\u00f3s acusa\u00e7\u00e3o de &#8220;extremismo religioso&#8221; na Su\u00e9cia"}]},{"@type":"WebSite","@id":"https:\/\/radioportoseguro.com.br\/site\/#website","url":"https:\/\/radioportoseguro.com.br\/site\/","name":"R\u00e1dio Porto Seguro","description":"","potentialAction":[{"@type":"SearchAction","target":{"@type":"EntryPoint","urlTemplate":"https:\/\/radioportoseguro.com.br\/site\/?s={search_term_string}"},"query-input":{"@type":"PropertyValueSpecification","valueRequired":true,"valueName":"search_term_string"}}],"inLanguage":"pt-BR"},{"@type":"Person","@id":"https:\/\/radioportoseguro.com.br\/site\/#\/schema\/person\/7630acdc320186f13639d3c067ec089b","name":"admin","image":{"@type":"ImageObject","inLanguage":"pt-BR","@id":"https:\/\/radioportoseguro.com.br\/site\/#\/schema\/person\/image\/","url":"https:\/\/secure.gravatar.com\/avatar\/caacf4dc1eedb68fab0df8e1ed46c448e578b2466351bbcb61e47d2ac0caaef0?s=96&d=mm&r=g","contentUrl":"https:\/\/secure.gravatar.com\/avatar\/caacf4dc1eedb68fab0df8e1ed46c448e578b2466351bbcb61e47d2ac0caaef0?s=96&d=mm&r=g","caption":"admin"},"sameAs":["https:\/\/radioportoseguro.com.br\/site"],"url":"https:\/\/radioportoseguro.com.br\/site\/author\/hezio\/"}]}},"_links":{"self":[{"href":"https:\/\/radioportoseguro.com.br\/site\/wp-json\/wp\/v2\/posts\/4998","targetHints":{"allow":["GET"]}}],"collection":[{"href":"https:\/\/radioportoseguro.com.br\/site\/wp-json\/wp\/v2\/posts"}],"about":[{"href":"https:\/\/radioportoseguro.com.br\/site\/wp-json\/wp\/v2\/types\/post"}],"author":[{"embeddable":true,"href":"https:\/\/radioportoseguro.com.br\/site\/wp-json\/wp\/v2\/users\/1"}],"replies":[{"embeddable":true,"href":"https:\/\/radioportoseguro.com.br\/site\/wp-json\/wp\/v2\/comments?post=4998"}],"version-history":[{"count":0,"href":"https:\/\/radioportoseguro.com.br\/site\/wp-json\/wp\/v2\/posts\/4998\/revisions"}],"wp:featuredmedia":[{"embeddable":true,"href":"https:\/\/radioportoseguro.com.br\/site\/wp-json\/wp\/v2\/media\/4999"}],"wp:attachment":[{"href":"https:\/\/radioportoseguro.com.br\/site\/wp-json\/wp\/v2\/media?parent=4998"}],"wp:term":[{"taxonomy":"category","embeddable":true,"href":"https:\/\/radioportoseguro.com.br\/site\/wp-json\/wp\/v2\/categories?post=4998"},{"taxonomy":"post_tag","embeddable":true,"href":"https:\/\/radioportoseguro.com.br\/site\/wp-json\/wp\/v2\/tags?post=4998"}],"curies":[{"name":"wp","href":"https:\/\/api.w.org\/{rel}","templated":true}]}}