{"id":5008,"date":"2026-03-13T22:50:48","date_gmt":"2026-03-14T01:50:48","guid":{"rendered":"https:\/\/radioportoseguro.com.br\/site\/2026\/03\/13\/missao-envia-conteineres-com-comida-a-cuba-em-meio-ao-aumento-da-pobreza\/"},"modified":"2026-03-13T22:50:48","modified_gmt":"2026-03-14T01:50:48","slug":"missao-envia-conteineres-com-comida-a-cuba-em-meio-ao-aumento-da-pobreza","status":"publish","type":"post","link":"https:\/\/radioportoseguro.com.br\/site\/2026\/03\/13\/missao-envia-conteineres-com-comida-a-cuba-em-meio-ao-aumento-da-pobreza\/","title":{"rendered":"Miss\u00e3o envia cont\u00eaineres com comida a Cuba em meio ao aumento da pobreza"},"content":{"rendered":"<p><br \/>\n<br \/><\/p>\n<div>\n<p><span style=\"font-weight: 400;\">A popula\u00e7\u00e3o em <\/span><span style=\"color: #800000;\"><strong>Cuba<\/strong><\/span><span style=\"font-weight: 400;\"> est\u00e1 enfrentando uma crise econ\u00f4mica e o aumento da fome, no \u00faltimo ano, segundo o\u00a0Christianity Today.<\/span><\/p>\n<p><span style=\"font-weight: 400;\">O crist\u00e3o cubano Mois\u00e9s P\u00e9rez Padr\u00f3n afirmou que nunca presenciou uma crise t\u00e3o grande como a atual.<\/span><\/p>\n<p><span style=\"font-weight: 400;\">&#8220;As ruas est\u00e3o cheias de lixo. Voc\u00ea v\u00ea crian\u00e7as e idosos procurando comida ou algo que possam vender entre o lixo. Quedas de energia duram mais de 12 horas por dia, e fam\u00edlias est\u00e3o destruindo m\u00f3veis em suas casas s\u00f3 para usar a lenha para cozinhar\u201d, contou Mois\u00e9s, que \u00e9 diretor da Trans World Radio (TWR) em Cuba, em entrevista ao Christianity Today.<\/span><\/p>\n<p><span style=\"font-weight: 400;\">O pa\u00eds comunista ainda enfrenta a falta de combust\u00edvel, ap\u00f3s o presidente americano Donald Trump emitir uma ordem em janeiro, determinando san\u00e7\u00f5es a qualquer pa\u00eds que envie petr\u00f3leo para Cuba, em uma tentativa de for\u00e7ar o governo cubano a realizar reformas pol\u00edticas e econ\u00f4micas.<\/span><\/p>\n<p><span style=\"font-weight: 400;\">Al\u00e9m disso, a popula\u00e7\u00e3o ainda se recupera da destrui\u00e7\u00e3o causada pelo furac\u00e3o Melissa que atingiu todo o pa\u00eds e deslocou mais de 735 mil pessoas.<\/span><\/p>\n<p><span style=\"font-weight: 400;\">Em meio a crise, igrejas e minist\u00e9rios se mobilizaram para fornecer ajuda humanit\u00e1ria aos cubanos.<\/span><\/p>\n<p><span style=\"font-weight: 400;\">A miss\u00e3o americana Mennonite Central Committee (MCC), que atua em Cuba h\u00e1 43 anos em parceria com igrejas locais, enviou seis cont\u00eaineres com itens b\u00e1sicos.<\/span><\/p>\n<p><span style=\"font-weight: 400;\">As doa\u00e7\u00f5es inclu\u00edam carne enlatada, kits de emerg\u00eancia, produtos de higiene feminina, kits de cuidados infantis, material escolar, sab\u00e3o para roupas e len\u00e7ois.<\/span><\/p>\n<p><strong>Distribuindo suprimentos em carro\u00e7as<\/strong><\/p>\n<p><span style=\"font-weight: 400;\">Jacob Lesniewski, codiretor regional da MCC na Am\u00e9rica do Sul, afirmou que a situa\u00e7\u00e3o de Cuba \u00e9 de partir o cora\u00e7\u00e3o.<\/span><\/p>\n<p><span style=\"font-weight: 400;\">&#8220;Quando voc\u00ea chega em Havana, d\u00e1 para perceber que algo n\u00e3o est\u00e1 certo&#8221;, disse ele, se referindo \u00e0s ruas cheias de lixo e falta de combust\u00edvel nos postos de gasolina.\u00a0<\/span><\/p>\n<p><span style=\"font-weight: 400;\">&#8220;Mas n\u00e3o \u00e9 nada comparado ao que voc\u00ea come\u00e7a a ver conforme viaja mais para o leste. Cidades inteiras parecem cidades fantasmas. H\u00e1 f\u00e1bricas, escolas e hospitais que j\u00e1 funcionaram, mas agora est\u00e3o vazios e severamente deteriorados\u201d, relatou.<\/span><\/p>\n<p><span style=\"font-weight: 400;\">Por causa da escassez e alto pre\u00e7o da gasolina, as igrejas n\u00e3o puderam distribuir os suprimentos com caminh\u00f5es e tiveram que usar carro\u00e7as puxadas por cavalos.<\/span><\/p>\n<p><span style=\"font-weight: 400;\">As <\/span><span style=\"color: #800000;\"><strong>igrejas evang\u00e9licas<\/strong><\/span><span style=\"font-weight: 400;\"> em Cuba se tornaram conhecidas por seu trabalho social em meio a furac\u00f5es e crises econ\u00f4micas.\u00a0<\/span><\/p>\n<p><span style=\"font-weight: 400;\">&#8220;Em um pa\u00eds onde o Estado n\u00e3o pode mais fornecer servi\u00e7os b\u00e1sicos como sa\u00fade e educa\u00e7\u00e3o, as igrejas se tornaram espa\u00e7os essenciais para a sociedade \u2014 n\u00e3o apenas para receber ajuda humanit\u00e1ria ou conforto espiritual, mas tamb\u00e9m para construir comunidade&#8221;, observou Mayra Espino, soci\u00f3loga e pesquisadora do Christian Center for Reflection and Dialogue.<\/span><\/p>\n<p><strong>Persegui\u00e7\u00e3o em Cuba<\/strong><\/p>\n<p><span style=\"font-weight: 400;\">Segundo o Banco de Dados Crist\u00e3o Mundial, cerca de 85% dos cubanos se identificam como crist\u00e3os. A maioria \u00e9 cat\u00f3lica e cerca de 11% s\u00e3o evang\u00e9licos.<\/span><\/p>\n<p><span style=\"font-weight: 400;\">No pa\u00eds comunista, os crist\u00e3os enfrentam deten\u00e7\u00f5es arbitr\u00e1rias, amea\u00e7as e ass\u00e9dio. Participar de cultos \u00e9 permitido, mas novas igrejas n\u00e3o podem ser abertas.<\/span><\/p>\n<p><span style=\"font-weight: 400;\">&#8220;Voc\u00ea pode ir \u00e0s igrejas, elas est\u00e3o abertas, e o governo sabe onde elas est\u00e3o. N\u00e3o h\u00e1 impedimento para realizar cultos nessas igrejas aos domingos. Mas o verdadeiro problema em Cuba em rela\u00e7\u00e3o \u00e0 express\u00e3o religiosa \u00e9 que o espa\u00e7o \u00e9 limitado. Voc\u00ea n\u00e3o pode simplesmente construir uma nova igreja\u201d, explicou Mois\u00e9s P\u00e9rez.<\/span><\/p>\n<p><span style=\"font-weight: 400;\">Diante da repress\u00e3o, milhares de seguidores de Jesus t\u00eam encontrado abrigo espiritual nas chamadas <\/span><span style=\"color: #800000;\"><strong>igrejas dom\u00e9sticas<\/strong><\/span><span style=\"font-weight: 400;\">.<\/span><\/p>\n<p><span style=\"font-weight: 400;\">Mesmo sob vigil\u00e2ncia constante, essas pequenas comunidades continuam a se multiplicar e se tornam fundamentais para manter viva a f\u00e9 na ilha.<\/span><\/p>\n<p><span style=\"font-weight: 400;\">As igrejas dom\u00e9sticas s\u00e3o grupos crist\u00e3os que se re\u00fanem para realizar cultos dentro das casas de pastores ou de membros da comunidade.<\/span><\/p>\n<p><span style=\"font-weight: 400;\">De acordo com dados da associa\u00e7\u00e3o ASCE Cuba, h\u00e1 entre 20 mil e 30 mil dessas igrejas ativas no pa\u00eds. Elas funcionam sem placas, sem autoriza\u00e7\u00e3o oficial e, muitas vezes, enfrentam o constante risco de repress\u00e3o governamental.<\/span><\/p>\n<p><span style=\"font-weight: 400;\">Cuba ocupa o 24\u00b0 lugar da Lista Mundial da Persegui\u00e7\u00e3o 2026 da Miss\u00e3o Portas Abertas.<\/span><\/p>\n<\/div>\n<p><br \/>\n<br \/>Fonte: Guiame <\/p>\n","protected":false},"excerpt":{"rendered":"<p>A popula\u00e7\u00e3o em Cuba est\u00e1 enfrentando uma crise econ\u00f4mica e o aumento da fome, no \u00faltimo ano, segundo o\u00a0Christianity Today. O crist\u00e3o cubano Mois\u00e9s P\u00e9rez Padr\u00f3n afirmou que nunca presenciou uma crise t\u00e3o grande como a atual. &#8220;As ruas est\u00e3o cheias de lixo. Voc\u00ea v\u00ea crian\u00e7as e idosos procurando comida ou algo que possam vender [&hellip;]<\/p>\n","protected":false},"author":1,"featured_media":5009,"comment_status":"","ping_status":"open","sticky":false,"template":"","format":"standard","meta":{"footnotes":""},"categories":[43],"tags":[],"class_list":["post-5008","post","type-post","status-publish","format-standard","has-post-thumbnail","hentry","category-destaques"],"yoast_head":"<!-- This site is optimized with the Yoast SEO plugin v26.8 - https:\/\/yoast.com\/product\/yoast-seo-wordpress\/ -->\n<title>Miss\u00e3o envia cont\u00eaineres com comida a Cuba em meio ao aumento da pobreza - R\u00e1dio Porto Seguro<\/title>\n<meta name=\"robots\" content=\"index, follow, max-snippet:-1, max-image-preview:large, max-video-preview:-1\" \/>\n<link rel=\"canonical\" href=\"https:\/\/radioportoseguro.com.br\/site\/2026\/03\/13\/missao-envia-conteineres-com-comida-a-cuba-em-meio-ao-aumento-da-pobreza\/\" \/>\n<meta property=\"og:locale\" content=\"pt_BR\" \/>\n<meta property=\"og:type\" content=\"article\" \/>\n<meta property=\"og:title\" content=\"Miss\u00e3o envia cont\u00eaineres com comida a Cuba em meio ao aumento da pobreza - R\u00e1dio Porto Seguro\" \/>\n<meta property=\"og:description\" content=\"A popula\u00e7\u00e3o em Cuba est\u00e1 enfrentando uma crise econ\u00f4mica e o aumento da fome, no \u00faltimo ano, segundo o\u00a0Christianity Today. O crist\u00e3o cubano Mois\u00e9s P\u00e9rez Padr\u00f3n afirmou que nunca presenciou uma crise t\u00e3o grande como a atual. &#8220;As ruas est\u00e3o cheias de lixo. Voc\u00ea v\u00ea crian\u00e7as e idosos procurando comida ou algo que possam vender [&hellip;]\" \/>\n<meta property=\"og:url\" content=\"https:\/\/radioportoseguro.com.br\/site\/2026\/03\/13\/missao-envia-conteineres-com-comida-a-cuba-em-meio-ao-aumento-da-pobreza\/\" \/>\n<meta property=\"og:site_name\" content=\"R\u00e1dio Porto Seguro\" \/>\n<meta property=\"article:published_time\" content=\"2026-03-14T01:50:48+00:00\" \/>\n<meta property=\"og:image\" content=\"https:\/\/media.guiame.com.br\/archives\/2026\/03\/12\/658310559-cuba.jpeg\" \/>\n<meta name=\"author\" content=\"admin\" \/>\n<meta name=\"twitter:card\" content=\"summary_large_image\" \/>\n<meta name=\"twitter:label1\" content=\"Escrito por\" \/>\n\t<meta name=\"twitter:data1\" content=\"admin\" \/>\n\t<meta name=\"twitter:label2\" content=\"Est. tempo de leitura\" \/>\n\t<meta name=\"twitter:data2\" content=\"4 minutos\" \/>\n<script type=\"application\/ld+json\" class=\"yoast-schema-graph\">{\"@context\":\"https:\/\/schema.org\",\"@graph\":[{\"@type\":\"Article\",\"@id\":\"https:\/\/radioportoseguro.com.br\/site\/2026\/03\/13\/missao-envia-conteineres-com-comida-a-cuba-em-meio-ao-aumento-da-pobreza\/#article\",\"isPartOf\":{\"@id\":\"https:\/\/radioportoseguro.com.br\/site\/2026\/03\/13\/missao-envia-conteineres-com-comida-a-cuba-em-meio-ao-aumento-da-pobreza\/\"},\"author\":{\"name\":\"admin\",\"@id\":\"https:\/\/radioportoseguro.com.br\/site\/#\/schema\/person\/7630acdc320186f13639d3c067ec089b\"},\"headline\":\"Miss\u00e3o envia cont\u00eaineres com comida a Cuba em meio ao aumento da pobreza\",\"datePublished\":\"2026-03-14T01:50:48+00:00\",\"mainEntityOfPage\":{\"@id\":\"https:\/\/radioportoseguro.com.br\/site\/2026\/03\/13\/missao-envia-conteineres-com-comida-a-cuba-em-meio-ao-aumento-da-pobreza\/\"},\"wordCount\":743,\"image\":{\"@id\":\"https:\/\/radioportoseguro.com.br\/site\/2026\/03\/13\/missao-envia-conteineres-com-comida-a-cuba-em-meio-ao-aumento-da-pobreza\/#primaryimage\"},\"thumbnailUrl\":\"https:\/\/radioportoseguro.com.br\/site\/wp-content\/uploads\/2026\/03\/658310559-cuba.jpeg\",\"articleSection\":[\"Destaques\"],\"inLanguage\":\"pt-BR\"},{\"@type\":\"WebPage\",\"@id\":\"https:\/\/radioportoseguro.com.br\/site\/2026\/03\/13\/missao-envia-conteineres-com-comida-a-cuba-em-meio-ao-aumento-da-pobreza\/\",\"url\":\"https:\/\/radioportoseguro.com.br\/site\/2026\/03\/13\/missao-envia-conteineres-com-comida-a-cuba-em-meio-ao-aumento-da-pobreza\/\",\"name\":\"Miss\u00e3o envia cont\u00eaineres com comida a Cuba em meio ao aumento da pobreza - R\u00e1dio Porto Seguro\",\"isPartOf\":{\"@id\":\"https:\/\/radioportoseguro.com.br\/site\/#website\"},\"primaryImageOfPage\":{\"@id\":\"https:\/\/radioportoseguro.com.br\/site\/2026\/03\/13\/missao-envia-conteineres-com-comida-a-cuba-em-meio-ao-aumento-da-pobreza\/#primaryimage\"},\"image\":{\"@id\":\"https:\/\/radioportoseguro.com.br\/site\/2026\/03\/13\/missao-envia-conteineres-com-comida-a-cuba-em-meio-ao-aumento-da-pobreza\/#primaryimage\"},\"thumbnailUrl\":\"https:\/\/radioportoseguro.com.br\/site\/wp-content\/uploads\/2026\/03\/658310559-cuba.jpeg\",\"datePublished\":\"2026-03-14T01:50:48+00:00\",\"author\":{\"@id\":\"https:\/\/radioportoseguro.com.br\/site\/#\/schema\/person\/7630acdc320186f13639d3c067ec089b\"},\"breadcrumb\":{\"@id\":\"https:\/\/radioportoseguro.com.br\/site\/2026\/03\/13\/missao-envia-conteineres-com-comida-a-cuba-em-meio-ao-aumento-da-pobreza\/#breadcrumb\"},\"inLanguage\":\"pt-BR\",\"potentialAction\":[{\"@type\":\"ReadAction\",\"target\":[\"https:\/\/radioportoseguro.com.br\/site\/2026\/03\/13\/missao-envia-conteineres-com-comida-a-cuba-em-meio-ao-aumento-da-pobreza\/\"]}]},{\"@type\":\"ImageObject\",\"inLanguage\":\"pt-BR\",\"@id\":\"https:\/\/radioportoseguro.com.br\/site\/2026\/03\/13\/missao-envia-conteineres-com-comida-a-cuba-em-meio-ao-aumento-da-pobreza\/#primaryimage\",\"url\":\"https:\/\/radioportoseguro.com.br\/site\/wp-content\/uploads\/2026\/03\/658310559-cuba.jpeg\",\"contentUrl\":\"https:\/\/radioportoseguro.com.br\/site\/wp-content\/uploads\/2026\/03\/658310559-cuba.jpeg\",\"width\":1200,\"height\":600},{\"@type\":\"BreadcrumbList\",\"@id\":\"https:\/\/radioportoseguro.com.br\/site\/2026\/03\/13\/missao-envia-conteineres-com-comida-a-cuba-em-meio-ao-aumento-da-pobreza\/#breadcrumb\",\"itemListElement\":[{\"@type\":\"ListItem\",\"position\":1,\"name\":\"In\u00edcio\",\"item\":\"https:\/\/radioportoseguro.com.br\/site\/\"},{\"@type\":\"ListItem\",\"position\":2,\"name\":\"Miss\u00e3o envia cont\u00eaineres com comida a Cuba em meio ao aumento da pobreza\"}]},{\"@type\":\"WebSite\",\"@id\":\"https:\/\/radioportoseguro.com.br\/site\/#website\",\"url\":\"https:\/\/radioportoseguro.com.br\/site\/\",\"name\":\"R\u00e1dio Porto Seguro\",\"description\":\"\",\"potentialAction\":[{\"@type\":\"SearchAction\",\"target\":{\"@type\":\"EntryPoint\",\"urlTemplate\":\"https:\/\/radioportoseguro.com.br\/site\/?s={search_term_string}\"},\"query-input\":{\"@type\":\"PropertyValueSpecification\",\"valueRequired\":true,\"valueName\":\"search_term_string\"}}],\"inLanguage\":\"pt-BR\"},{\"@type\":\"Person\",\"@id\":\"https:\/\/radioportoseguro.com.br\/site\/#\/schema\/person\/7630acdc320186f13639d3c067ec089b\",\"name\":\"admin\",\"image\":{\"@type\":\"ImageObject\",\"inLanguage\":\"pt-BR\",\"@id\":\"https:\/\/radioportoseguro.com.br\/site\/#\/schema\/person\/image\/\",\"url\":\"https:\/\/secure.gravatar.com\/avatar\/caacf4dc1eedb68fab0df8e1ed46c448e578b2466351bbcb61e47d2ac0caaef0?s=96&d=mm&r=g\",\"contentUrl\":\"https:\/\/secure.gravatar.com\/avatar\/caacf4dc1eedb68fab0df8e1ed46c448e578b2466351bbcb61e47d2ac0caaef0?s=96&d=mm&r=g\",\"caption\":\"admin\"},\"sameAs\":[\"https:\/\/radioportoseguro.com.br\/site\"],\"url\":\"https:\/\/radioportoseguro.com.br\/site\/author\/hezio\/\"}]}<\/script>\n<!-- \/ Yoast SEO plugin. -->","yoast_head_json":{"title":"Miss\u00e3o envia cont\u00eaineres com comida a Cuba em meio ao aumento da pobreza - R\u00e1dio Porto Seguro","robots":{"index":"index","follow":"follow","max-snippet":"max-snippet:-1","max-image-preview":"max-image-preview:large","max-video-preview":"max-video-preview:-1"},"canonical":"https:\/\/radioportoseguro.com.br\/site\/2026\/03\/13\/missao-envia-conteineres-com-comida-a-cuba-em-meio-ao-aumento-da-pobreza\/","og_locale":"pt_BR","og_type":"article","og_title":"Miss\u00e3o envia cont\u00eaineres com comida a Cuba em meio ao aumento da pobreza - R\u00e1dio Porto Seguro","og_description":"A popula\u00e7\u00e3o em Cuba est\u00e1 enfrentando uma crise econ\u00f4mica e o aumento da fome, no \u00faltimo ano, segundo o\u00a0Christianity Today. O crist\u00e3o cubano Mois\u00e9s P\u00e9rez Padr\u00f3n afirmou que nunca presenciou uma crise t\u00e3o grande como a atual. &#8220;As ruas est\u00e3o cheias de lixo. Voc\u00ea v\u00ea crian\u00e7as e idosos procurando comida ou algo que possam vender [&hellip;]","og_url":"https:\/\/radioportoseguro.com.br\/site\/2026\/03\/13\/missao-envia-conteineres-com-comida-a-cuba-em-meio-ao-aumento-da-pobreza\/","og_site_name":"R\u00e1dio Porto Seguro","article_published_time":"2026-03-14T01:50:48+00:00","og_image":[{"url":"https:\/\/media.guiame.com.br\/archives\/2026\/03\/12\/658310559-cuba.jpeg","type":"","width":"","height":""}],"author":"admin","twitter_card":"summary_large_image","twitter_misc":{"Escrito por":"admin","Est. tempo de leitura":"4 minutos"},"schema":{"@context":"https:\/\/schema.org","@graph":[{"@type":"Article","@id":"https:\/\/radioportoseguro.com.br\/site\/2026\/03\/13\/missao-envia-conteineres-com-comida-a-cuba-em-meio-ao-aumento-da-pobreza\/#article","isPartOf":{"@id":"https:\/\/radioportoseguro.com.br\/site\/2026\/03\/13\/missao-envia-conteineres-com-comida-a-cuba-em-meio-ao-aumento-da-pobreza\/"},"author":{"name":"admin","@id":"https:\/\/radioportoseguro.com.br\/site\/#\/schema\/person\/7630acdc320186f13639d3c067ec089b"},"headline":"Miss\u00e3o envia cont\u00eaineres com comida a Cuba em meio ao aumento da pobreza","datePublished":"2026-03-14T01:50:48+00:00","mainEntityOfPage":{"@id":"https:\/\/radioportoseguro.com.br\/site\/2026\/03\/13\/missao-envia-conteineres-com-comida-a-cuba-em-meio-ao-aumento-da-pobreza\/"},"wordCount":743,"image":{"@id":"https:\/\/radioportoseguro.com.br\/site\/2026\/03\/13\/missao-envia-conteineres-com-comida-a-cuba-em-meio-ao-aumento-da-pobreza\/#primaryimage"},"thumbnailUrl":"https:\/\/radioportoseguro.com.br\/site\/wp-content\/uploads\/2026\/03\/658310559-cuba.jpeg","articleSection":["Destaques"],"inLanguage":"pt-BR"},{"@type":"WebPage","@id":"https:\/\/radioportoseguro.com.br\/site\/2026\/03\/13\/missao-envia-conteineres-com-comida-a-cuba-em-meio-ao-aumento-da-pobreza\/","url":"https:\/\/radioportoseguro.com.br\/site\/2026\/03\/13\/missao-envia-conteineres-com-comida-a-cuba-em-meio-ao-aumento-da-pobreza\/","name":"Miss\u00e3o envia cont\u00eaineres com comida a Cuba em meio ao aumento da pobreza - R\u00e1dio Porto Seguro","isPartOf":{"@id":"https:\/\/radioportoseguro.com.br\/site\/#website"},"primaryImageOfPage":{"@id":"https:\/\/radioportoseguro.com.br\/site\/2026\/03\/13\/missao-envia-conteineres-com-comida-a-cuba-em-meio-ao-aumento-da-pobreza\/#primaryimage"},"image":{"@id":"https:\/\/radioportoseguro.com.br\/site\/2026\/03\/13\/missao-envia-conteineres-com-comida-a-cuba-em-meio-ao-aumento-da-pobreza\/#primaryimage"},"thumbnailUrl":"https:\/\/radioportoseguro.com.br\/site\/wp-content\/uploads\/2026\/03\/658310559-cuba.jpeg","datePublished":"2026-03-14T01:50:48+00:00","author":{"@id":"https:\/\/radioportoseguro.com.br\/site\/#\/schema\/person\/7630acdc320186f13639d3c067ec089b"},"breadcrumb":{"@id":"https:\/\/radioportoseguro.com.br\/site\/2026\/03\/13\/missao-envia-conteineres-com-comida-a-cuba-em-meio-ao-aumento-da-pobreza\/#breadcrumb"},"inLanguage":"pt-BR","potentialAction":[{"@type":"ReadAction","target":["https:\/\/radioportoseguro.com.br\/site\/2026\/03\/13\/missao-envia-conteineres-com-comida-a-cuba-em-meio-ao-aumento-da-pobreza\/"]}]},{"@type":"ImageObject","inLanguage":"pt-BR","@id":"https:\/\/radioportoseguro.com.br\/site\/2026\/03\/13\/missao-envia-conteineres-com-comida-a-cuba-em-meio-ao-aumento-da-pobreza\/#primaryimage","url":"https:\/\/radioportoseguro.com.br\/site\/wp-content\/uploads\/2026\/03\/658310559-cuba.jpeg","contentUrl":"https:\/\/radioportoseguro.com.br\/site\/wp-content\/uploads\/2026\/03\/658310559-cuba.jpeg","width":1200,"height":600},{"@type":"BreadcrumbList","@id":"https:\/\/radioportoseguro.com.br\/site\/2026\/03\/13\/missao-envia-conteineres-com-comida-a-cuba-em-meio-ao-aumento-da-pobreza\/#breadcrumb","itemListElement":[{"@type":"ListItem","position":1,"name":"In\u00edcio","item":"https:\/\/radioportoseguro.com.br\/site\/"},{"@type":"ListItem","position":2,"name":"Miss\u00e3o envia cont\u00eaineres com comida a Cuba em meio ao aumento da pobreza"}]},{"@type":"WebSite","@id":"https:\/\/radioportoseguro.com.br\/site\/#website","url":"https:\/\/radioportoseguro.com.br\/site\/","name":"R\u00e1dio Porto Seguro","description":"","potentialAction":[{"@type":"SearchAction","target":{"@type":"EntryPoint","urlTemplate":"https:\/\/radioportoseguro.com.br\/site\/?s={search_term_string}"},"query-input":{"@type":"PropertyValueSpecification","valueRequired":true,"valueName":"search_term_string"}}],"inLanguage":"pt-BR"},{"@type":"Person","@id":"https:\/\/radioportoseguro.com.br\/site\/#\/schema\/person\/7630acdc320186f13639d3c067ec089b","name":"admin","image":{"@type":"ImageObject","inLanguage":"pt-BR","@id":"https:\/\/radioportoseguro.com.br\/site\/#\/schema\/person\/image\/","url":"https:\/\/secure.gravatar.com\/avatar\/caacf4dc1eedb68fab0df8e1ed46c448e578b2466351bbcb61e47d2ac0caaef0?s=96&d=mm&r=g","contentUrl":"https:\/\/secure.gravatar.com\/avatar\/caacf4dc1eedb68fab0df8e1ed46c448e578b2466351bbcb61e47d2ac0caaef0?s=96&d=mm&r=g","caption":"admin"},"sameAs":["https:\/\/radioportoseguro.com.br\/site"],"url":"https:\/\/radioportoseguro.com.br\/site\/author\/hezio\/"}]}},"_links":{"self":[{"href":"https:\/\/radioportoseguro.com.br\/site\/wp-json\/wp\/v2\/posts\/5008","targetHints":{"allow":["GET"]}}],"collection":[{"href":"https:\/\/radioportoseguro.com.br\/site\/wp-json\/wp\/v2\/posts"}],"about":[{"href":"https:\/\/radioportoseguro.com.br\/site\/wp-json\/wp\/v2\/types\/post"}],"author":[{"embeddable":true,"href":"https:\/\/radioportoseguro.com.br\/site\/wp-json\/wp\/v2\/users\/1"}],"replies":[{"embeddable":true,"href":"https:\/\/radioportoseguro.com.br\/site\/wp-json\/wp\/v2\/comments?post=5008"}],"version-history":[{"count":0,"href":"https:\/\/radioportoseguro.com.br\/site\/wp-json\/wp\/v2\/posts\/5008\/revisions"}],"wp:featuredmedia":[{"embeddable":true,"href":"https:\/\/radioportoseguro.com.br\/site\/wp-json\/wp\/v2\/media\/5009"}],"wp:attachment":[{"href":"https:\/\/radioportoseguro.com.br\/site\/wp-json\/wp\/v2\/media?parent=5008"}],"wp:term":[{"taxonomy":"category","embeddable":true,"href":"https:\/\/radioportoseguro.com.br\/site\/wp-json\/wp\/v2\/categories?post=5008"},{"taxonomy":"post_tag","embeddable":true,"href":"https:\/\/radioportoseguro.com.br\/site\/wp-json\/wp\/v2\/tags?post=5008"}],"curies":[{"name":"wp","href":"https:\/\/api.w.org\/{rel}","templated":true}]}}