{"id":5010,"date":"2026-03-14T00:51:52","date_gmt":"2026-03-14T03:51:52","guid":{"rendered":"https:\/\/radioportoseguro.com.br\/site\/2026\/03\/14\/stf-invalida-leis-de-mais-2-municipios-que-proibiam-linguagem-neutra-em-escolas\/"},"modified":"2026-03-14T00:51:52","modified_gmt":"2026-03-14T03:51:52","slug":"stf-invalida-leis-de-mais-2-municipios-que-proibiam-linguagem-neutra-em-escolas","status":"publish","type":"post","link":"https:\/\/radioportoseguro.com.br\/site\/2026\/03\/14\/stf-invalida-leis-de-mais-2-municipios-que-proibiam-linguagem-neutra-em-escolas\/","title":{"rendered":"STF invalida leis de mais 2 munic\u00edpios que proibiam linguagem neutra em escolas"},"content":{"rendered":"<p><br \/>\n<br \/><\/p>\n<div>\n<p>O Supremo Tribunal Federal (STF) considerou inconstitucionais leis do estado do Amazonas e do munic\u00edpio de Navegantes, em Santa Catarina, que proibiam o uso de <span style=\"color: #800000;\"><strong>linguagem neutra nas escolas<\/strong><\/span>.<\/p>\n<p>A Corte tomou a decis\u00e3o ao julgar a\u00e7\u00f5es que contestavam a validade das normas, sob o argumento de viola\u00e7\u00e3o \u00e0 Constitui\u00e7\u00e3o.<\/p>\n<p>No voto que conduziu o julgamento, o relator, ministro Fl\u00e1vio Dino, recordou que o STF vem reconhecendo de forma reiterada a inconstitucionalidade de leis estaduais e municipais em situa\u00e7\u00f5es semelhantes.<\/p>\n<p>Em fevereiro de 2025, o STF tornou a <span style=\"color: #800000;\"><strong>lei municipal de Uberl\u00e2ndia<\/strong><\/span>\u00a0inconstitucional e concluiu que compete \u00e0 Uni\u00e3o definir normas gerais sobre educa\u00e7\u00e3o e ensino no pa\u00eds.\u00a0<\/p>\n<p>No final de fevereiro deste ano, a Corte tomou decis\u00e3o no mesmo sentido, ao declarar inconstitucionais leis que proibiam o uso de linguagem neutra em escolas de <strong><span style=\"color: #800000;\">\u00c1guas Lindas de Goi\u00e1s (GO) e de Ibirit\u00e9 (MG)<\/span>.<\/strong><\/p>\n<p>Dino ressaltou que a Constitui\u00e7\u00e3o Federal confere privativamente \u00e0 Uni\u00e3o a compet\u00eancia para definir as bases estruturantes do ensino no pa\u00eds, atribui\u00e7\u00e3o j\u00e1 exercida por meio da Lei de Diretrizes e Bases da Educa\u00e7\u00e3o Nacional (LDB) e da Base Nacional Comum Curricular (BNCC), que estabelecem par\u00e2metros obrigat\u00f3rios para os curr\u00edculos da educa\u00e7\u00e3o b\u00e1sica.<\/p>\n<p><strong>Diretrizes educacionais<\/strong><\/p>\n<p>Segundo o relator, leis estaduais ou municipais n\u00e3o podem impor proibi\u00e7\u00f5es relacionadas a conte\u00fados, m\u00e9todos ou abordagens pedag\u00f3gicas, por se tratarem de mat\u00e9rias que integram o n\u00facleo das diretrizes educacionais nacionais.<\/p>\n<p>Ao restringirem a abordagem de temas ligados a g\u00eanero no ambiente escolar, as normas questionadas extrapolaram os limites da compet\u00eancia legislativa local.<\/p>\n<p>As leis proibiam que professores e materiais pedag\u00f3gicos utilizassem express\u00f5es ligadas \u00e0 chamada linguagem neutra nas escolas. Para a maioria dos ministros, por\u00e9m, a cria\u00e7\u00e3o de normas sobre o conte\u00fado do ensino n\u00e3o pode ser feita por estados ou munic\u00edpios.<\/p>\n<p>Ficaram parcialmente vencidos, na ADI 7644, os ministros Cristiano Zanin, Andr\u00e9 Mendon\u00e7a e Nunes Marques.<\/p>\n<\/div>\n<p><br \/>\n<br \/>Fonte: Guiame <\/p>\n","protected":false},"excerpt":{"rendered":"<p>O Supremo Tribunal Federal (STF) considerou inconstitucionais leis do estado do Amazonas e do munic\u00edpio de Navegantes, em Santa Catarina, que proibiam o uso de linguagem neutra nas escolas. A Corte tomou a decis\u00e3o ao julgar a\u00e7\u00f5es que contestavam a validade das normas, sob o argumento de viola\u00e7\u00e3o \u00e0 Constitui\u00e7\u00e3o. No voto que conduziu o [&hellip;]<\/p>\n","protected":false},"author":1,"featured_media":5011,"comment_status":"","ping_status":"open","sticky":false,"template":"","format":"standard","meta":{"footnotes":""},"categories":[43],"tags":[],"class_list":["post-5010","post","type-post","status-publish","format-standard","has-post-thumbnail","hentry","category-destaques"],"yoast_head":"<!-- This site is optimized with the Yoast SEO plugin v26.8 - https:\/\/yoast.com\/product\/yoast-seo-wordpress\/ -->\n<title>STF invalida leis de mais 2 munic\u00edpios que proibiam linguagem neutra em escolas - R\u00e1dio Porto Seguro<\/title>\n<meta name=\"robots\" content=\"index, follow, max-snippet:-1, max-image-preview:large, max-video-preview:-1\" \/>\n<link rel=\"canonical\" href=\"https:\/\/radioportoseguro.com.br\/site\/2026\/03\/14\/stf-invalida-leis-de-mais-2-municipios-que-proibiam-linguagem-neutra-em-escolas\/\" \/>\n<meta property=\"og:locale\" content=\"pt_BR\" \/>\n<meta property=\"og:type\" content=\"article\" \/>\n<meta property=\"og:title\" content=\"STF invalida leis de mais 2 munic\u00edpios que proibiam linguagem neutra em escolas - R\u00e1dio Porto Seguro\" \/>\n<meta property=\"og:description\" content=\"O Supremo Tribunal Federal (STF) considerou inconstitucionais leis do estado do Amazonas e do munic\u00edpio de Navegantes, em Santa Catarina, que proibiam o uso de linguagem neutra nas escolas. A Corte tomou a decis\u00e3o ao julgar a\u00e7\u00f5es que contestavam a validade das normas, sob o argumento de viola\u00e7\u00e3o \u00e0 Constitui\u00e7\u00e3o. No voto que conduziu o [&hellip;]\" \/>\n<meta property=\"og:url\" content=\"https:\/\/radioportoseguro.com.br\/site\/2026\/03\/14\/stf-invalida-leis-de-mais-2-municipios-que-proibiam-linguagem-neutra-em-escolas\/\" \/>\n<meta property=\"og:site_name\" content=\"R\u00e1dio Porto Seguro\" \/>\n<meta property=\"article:published_time\" content=\"2026-03-14T03:51:52+00:00\" \/>\n<meta property=\"og:image\" content=\"https:\/\/media.guiame.com.br\/archives\/2026\/03\/12\/2710952237-stf.jpg\" \/>\n<meta name=\"author\" content=\"admin\" \/>\n<meta name=\"twitter:card\" content=\"summary_large_image\" \/>\n<meta name=\"twitter:label1\" content=\"Escrito por\" \/>\n\t<meta name=\"twitter:data1\" content=\"admin\" \/>\n\t<meta name=\"twitter:label2\" content=\"Est. tempo de leitura\" \/>\n\t<meta name=\"twitter:data2\" content=\"2 minutos\" \/>\n<script type=\"application\/ld+json\" class=\"yoast-schema-graph\">{\"@context\":\"https:\/\/schema.org\",\"@graph\":[{\"@type\":\"Article\",\"@id\":\"https:\/\/radioportoseguro.com.br\/site\/2026\/03\/14\/stf-invalida-leis-de-mais-2-municipios-que-proibiam-linguagem-neutra-em-escolas\/#article\",\"isPartOf\":{\"@id\":\"https:\/\/radioportoseguro.com.br\/site\/2026\/03\/14\/stf-invalida-leis-de-mais-2-municipios-que-proibiam-linguagem-neutra-em-escolas\/\"},\"author\":{\"name\":\"admin\",\"@id\":\"https:\/\/radioportoseguro.com.br\/site\/#\/schema\/person\/7630acdc320186f13639d3c067ec089b\"},\"headline\":\"STF invalida leis de mais 2 munic\u00edpios que proibiam linguagem neutra em escolas\",\"datePublished\":\"2026-03-14T03:51:52+00:00\",\"mainEntityOfPage\":{\"@id\":\"https:\/\/radioportoseguro.com.br\/site\/2026\/03\/14\/stf-invalida-leis-de-mais-2-municipios-que-proibiam-linguagem-neutra-em-escolas\/\"},\"wordCount\":359,\"image\":{\"@id\":\"https:\/\/radioportoseguro.com.br\/site\/2026\/03\/14\/stf-invalida-leis-de-mais-2-municipios-que-proibiam-linguagem-neutra-em-escolas\/#primaryimage\"},\"thumbnailUrl\":\"https:\/\/radioportoseguro.com.br\/site\/wp-content\/uploads\/2026\/03\/2710952237-stf.jpg\",\"articleSection\":[\"Destaques\"],\"inLanguage\":\"pt-BR\"},{\"@type\":\"WebPage\",\"@id\":\"https:\/\/radioportoseguro.com.br\/site\/2026\/03\/14\/stf-invalida-leis-de-mais-2-municipios-que-proibiam-linguagem-neutra-em-escolas\/\",\"url\":\"https:\/\/radioportoseguro.com.br\/site\/2026\/03\/14\/stf-invalida-leis-de-mais-2-municipios-que-proibiam-linguagem-neutra-em-escolas\/\",\"name\":\"STF invalida leis de mais 2 munic\u00edpios que proibiam linguagem neutra em escolas - R\u00e1dio Porto Seguro\",\"isPartOf\":{\"@id\":\"https:\/\/radioportoseguro.com.br\/site\/#website\"},\"primaryImageOfPage\":{\"@id\":\"https:\/\/radioportoseguro.com.br\/site\/2026\/03\/14\/stf-invalida-leis-de-mais-2-municipios-que-proibiam-linguagem-neutra-em-escolas\/#primaryimage\"},\"image\":{\"@id\":\"https:\/\/radioportoseguro.com.br\/site\/2026\/03\/14\/stf-invalida-leis-de-mais-2-municipios-que-proibiam-linguagem-neutra-em-escolas\/#primaryimage\"},\"thumbnailUrl\":\"https:\/\/radioportoseguro.com.br\/site\/wp-content\/uploads\/2026\/03\/2710952237-stf.jpg\",\"datePublished\":\"2026-03-14T03:51:52+00:00\",\"author\":{\"@id\":\"https:\/\/radioportoseguro.com.br\/site\/#\/schema\/person\/7630acdc320186f13639d3c067ec089b\"},\"breadcrumb\":{\"@id\":\"https:\/\/radioportoseguro.com.br\/site\/2026\/03\/14\/stf-invalida-leis-de-mais-2-municipios-que-proibiam-linguagem-neutra-em-escolas\/#breadcrumb\"},\"inLanguage\":\"pt-BR\",\"potentialAction\":[{\"@type\":\"ReadAction\",\"target\":[\"https:\/\/radioportoseguro.com.br\/site\/2026\/03\/14\/stf-invalida-leis-de-mais-2-municipios-que-proibiam-linguagem-neutra-em-escolas\/\"]}]},{\"@type\":\"ImageObject\",\"inLanguage\":\"pt-BR\",\"@id\":\"https:\/\/radioportoseguro.com.br\/site\/2026\/03\/14\/stf-invalida-leis-de-mais-2-municipios-que-proibiam-linguagem-neutra-em-escolas\/#primaryimage\",\"url\":\"https:\/\/radioportoseguro.com.br\/site\/wp-content\/uploads\/2026\/03\/2710952237-stf.jpg\",\"contentUrl\":\"https:\/\/radioportoseguro.com.br\/site\/wp-content\/uploads\/2026\/03\/2710952237-stf.jpg\",\"width\":1200,\"height\":600},{\"@type\":\"BreadcrumbList\",\"@id\":\"https:\/\/radioportoseguro.com.br\/site\/2026\/03\/14\/stf-invalida-leis-de-mais-2-municipios-que-proibiam-linguagem-neutra-em-escolas\/#breadcrumb\",\"itemListElement\":[{\"@type\":\"ListItem\",\"position\":1,\"name\":\"In\u00edcio\",\"item\":\"https:\/\/radioportoseguro.com.br\/site\/\"},{\"@type\":\"ListItem\",\"position\":2,\"name\":\"STF invalida leis de mais 2 munic\u00edpios que proibiam linguagem neutra em escolas\"}]},{\"@type\":\"WebSite\",\"@id\":\"https:\/\/radioportoseguro.com.br\/site\/#website\",\"url\":\"https:\/\/radioportoseguro.com.br\/site\/\",\"name\":\"R\u00e1dio Porto Seguro\",\"description\":\"\",\"potentialAction\":[{\"@type\":\"SearchAction\",\"target\":{\"@type\":\"EntryPoint\",\"urlTemplate\":\"https:\/\/radioportoseguro.com.br\/site\/?s={search_term_string}\"},\"query-input\":{\"@type\":\"PropertyValueSpecification\",\"valueRequired\":true,\"valueName\":\"search_term_string\"}}],\"inLanguage\":\"pt-BR\"},{\"@type\":\"Person\",\"@id\":\"https:\/\/radioportoseguro.com.br\/site\/#\/schema\/person\/7630acdc320186f13639d3c067ec089b\",\"name\":\"admin\",\"image\":{\"@type\":\"ImageObject\",\"inLanguage\":\"pt-BR\",\"@id\":\"https:\/\/radioportoseguro.com.br\/site\/#\/schema\/person\/image\/\",\"url\":\"https:\/\/secure.gravatar.com\/avatar\/caacf4dc1eedb68fab0df8e1ed46c448e578b2466351bbcb61e47d2ac0caaef0?s=96&d=mm&r=g\",\"contentUrl\":\"https:\/\/secure.gravatar.com\/avatar\/caacf4dc1eedb68fab0df8e1ed46c448e578b2466351bbcb61e47d2ac0caaef0?s=96&d=mm&r=g\",\"caption\":\"admin\"},\"sameAs\":[\"https:\/\/radioportoseguro.com.br\/site\"],\"url\":\"https:\/\/radioportoseguro.com.br\/site\/author\/hezio\/\"}]}<\/script>\n<!-- \/ Yoast SEO plugin. -->","yoast_head_json":{"title":"STF invalida leis de mais 2 munic\u00edpios que proibiam linguagem neutra em escolas - R\u00e1dio Porto Seguro","robots":{"index":"index","follow":"follow","max-snippet":"max-snippet:-1","max-image-preview":"max-image-preview:large","max-video-preview":"max-video-preview:-1"},"canonical":"https:\/\/radioportoseguro.com.br\/site\/2026\/03\/14\/stf-invalida-leis-de-mais-2-municipios-que-proibiam-linguagem-neutra-em-escolas\/","og_locale":"pt_BR","og_type":"article","og_title":"STF invalida leis de mais 2 munic\u00edpios que proibiam linguagem neutra em escolas - R\u00e1dio Porto Seguro","og_description":"O Supremo Tribunal Federal (STF) considerou inconstitucionais leis do estado do Amazonas e do munic\u00edpio de Navegantes, em Santa Catarina, que proibiam o uso de linguagem neutra nas escolas. A Corte tomou a decis\u00e3o ao julgar a\u00e7\u00f5es que contestavam a validade das normas, sob o argumento de viola\u00e7\u00e3o \u00e0 Constitui\u00e7\u00e3o. No voto que conduziu o [&hellip;]","og_url":"https:\/\/radioportoseguro.com.br\/site\/2026\/03\/14\/stf-invalida-leis-de-mais-2-municipios-que-proibiam-linguagem-neutra-em-escolas\/","og_site_name":"R\u00e1dio Porto Seguro","article_published_time":"2026-03-14T03:51:52+00:00","og_image":[{"url":"https:\/\/media.guiame.com.br\/archives\/2026\/03\/12\/2710952237-stf.jpg","type":"","width":"","height":""}],"author":"admin","twitter_card":"summary_large_image","twitter_misc":{"Escrito por":"admin","Est. tempo de leitura":"2 minutos"},"schema":{"@context":"https:\/\/schema.org","@graph":[{"@type":"Article","@id":"https:\/\/radioportoseguro.com.br\/site\/2026\/03\/14\/stf-invalida-leis-de-mais-2-municipios-que-proibiam-linguagem-neutra-em-escolas\/#article","isPartOf":{"@id":"https:\/\/radioportoseguro.com.br\/site\/2026\/03\/14\/stf-invalida-leis-de-mais-2-municipios-que-proibiam-linguagem-neutra-em-escolas\/"},"author":{"name":"admin","@id":"https:\/\/radioportoseguro.com.br\/site\/#\/schema\/person\/7630acdc320186f13639d3c067ec089b"},"headline":"STF invalida leis de mais 2 munic\u00edpios que proibiam linguagem neutra em escolas","datePublished":"2026-03-14T03:51:52+00:00","mainEntityOfPage":{"@id":"https:\/\/radioportoseguro.com.br\/site\/2026\/03\/14\/stf-invalida-leis-de-mais-2-municipios-que-proibiam-linguagem-neutra-em-escolas\/"},"wordCount":359,"image":{"@id":"https:\/\/radioportoseguro.com.br\/site\/2026\/03\/14\/stf-invalida-leis-de-mais-2-municipios-que-proibiam-linguagem-neutra-em-escolas\/#primaryimage"},"thumbnailUrl":"https:\/\/radioportoseguro.com.br\/site\/wp-content\/uploads\/2026\/03\/2710952237-stf.jpg","articleSection":["Destaques"],"inLanguage":"pt-BR"},{"@type":"WebPage","@id":"https:\/\/radioportoseguro.com.br\/site\/2026\/03\/14\/stf-invalida-leis-de-mais-2-municipios-que-proibiam-linguagem-neutra-em-escolas\/","url":"https:\/\/radioportoseguro.com.br\/site\/2026\/03\/14\/stf-invalida-leis-de-mais-2-municipios-que-proibiam-linguagem-neutra-em-escolas\/","name":"STF invalida leis de mais 2 munic\u00edpios que proibiam linguagem neutra em escolas - R\u00e1dio Porto Seguro","isPartOf":{"@id":"https:\/\/radioportoseguro.com.br\/site\/#website"},"primaryImageOfPage":{"@id":"https:\/\/radioportoseguro.com.br\/site\/2026\/03\/14\/stf-invalida-leis-de-mais-2-municipios-que-proibiam-linguagem-neutra-em-escolas\/#primaryimage"},"image":{"@id":"https:\/\/radioportoseguro.com.br\/site\/2026\/03\/14\/stf-invalida-leis-de-mais-2-municipios-que-proibiam-linguagem-neutra-em-escolas\/#primaryimage"},"thumbnailUrl":"https:\/\/radioportoseguro.com.br\/site\/wp-content\/uploads\/2026\/03\/2710952237-stf.jpg","datePublished":"2026-03-14T03:51:52+00:00","author":{"@id":"https:\/\/radioportoseguro.com.br\/site\/#\/schema\/person\/7630acdc320186f13639d3c067ec089b"},"breadcrumb":{"@id":"https:\/\/radioportoseguro.com.br\/site\/2026\/03\/14\/stf-invalida-leis-de-mais-2-municipios-que-proibiam-linguagem-neutra-em-escolas\/#breadcrumb"},"inLanguage":"pt-BR","potentialAction":[{"@type":"ReadAction","target":["https:\/\/radioportoseguro.com.br\/site\/2026\/03\/14\/stf-invalida-leis-de-mais-2-municipios-que-proibiam-linguagem-neutra-em-escolas\/"]}]},{"@type":"ImageObject","inLanguage":"pt-BR","@id":"https:\/\/radioportoseguro.com.br\/site\/2026\/03\/14\/stf-invalida-leis-de-mais-2-municipios-que-proibiam-linguagem-neutra-em-escolas\/#primaryimage","url":"https:\/\/radioportoseguro.com.br\/site\/wp-content\/uploads\/2026\/03\/2710952237-stf.jpg","contentUrl":"https:\/\/radioportoseguro.com.br\/site\/wp-content\/uploads\/2026\/03\/2710952237-stf.jpg","width":1200,"height":600},{"@type":"BreadcrumbList","@id":"https:\/\/radioportoseguro.com.br\/site\/2026\/03\/14\/stf-invalida-leis-de-mais-2-municipios-que-proibiam-linguagem-neutra-em-escolas\/#breadcrumb","itemListElement":[{"@type":"ListItem","position":1,"name":"In\u00edcio","item":"https:\/\/radioportoseguro.com.br\/site\/"},{"@type":"ListItem","position":2,"name":"STF invalida leis de mais 2 munic\u00edpios que proibiam linguagem neutra em escolas"}]},{"@type":"WebSite","@id":"https:\/\/radioportoseguro.com.br\/site\/#website","url":"https:\/\/radioportoseguro.com.br\/site\/","name":"R\u00e1dio Porto Seguro","description":"","potentialAction":[{"@type":"SearchAction","target":{"@type":"EntryPoint","urlTemplate":"https:\/\/radioportoseguro.com.br\/site\/?s={search_term_string}"},"query-input":{"@type":"PropertyValueSpecification","valueRequired":true,"valueName":"search_term_string"}}],"inLanguage":"pt-BR"},{"@type":"Person","@id":"https:\/\/radioportoseguro.com.br\/site\/#\/schema\/person\/7630acdc320186f13639d3c067ec089b","name":"admin","image":{"@type":"ImageObject","inLanguage":"pt-BR","@id":"https:\/\/radioportoseguro.com.br\/site\/#\/schema\/person\/image\/","url":"https:\/\/secure.gravatar.com\/avatar\/caacf4dc1eedb68fab0df8e1ed46c448e578b2466351bbcb61e47d2ac0caaef0?s=96&d=mm&r=g","contentUrl":"https:\/\/secure.gravatar.com\/avatar\/caacf4dc1eedb68fab0df8e1ed46c448e578b2466351bbcb61e47d2ac0caaef0?s=96&d=mm&r=g","caption":"admin"},"sameAs":["https:\/\/radioportoseguro.com.br\/site"],"url":"https:\/\/radioportoseguro.com.br\/site\/author\/hezio\/"}]}},"_links":{"self":[{"href":"https:\/\/radioportoseguro.com.br\/site\/wp-json\/wp\/v2\/posts\/5010","targetHints":{"allow":["GET"]}}],"collection":[{"href":"https:\/\/radioportoseguro.com.br\/site\/wp-json\/wp\/v2\/posts"}],"about":[{"href":"https:\/\/radioportoseguro.com.br\/site\/wp-json\/wp\/v2\/types\/post"}],"author":[{"embeddable":true,"href":"https:\/\/radioportoseguro.com.br\/site\/wp-json\/wp\/v2\/users\/1"}],"replies":[{"embeddable":true,"href":"https:\/\/radioportoseguro.com.br\/site\/wp-json\/wp\/v2\/comments?post=5010"}],"version-history":[{"count":0,"href":"https:\/\/radioportoseguro.com.br\/site\/wp-json\/wp\/v2\/posts\/5010\/revisions"}],"wp:featuredmedia":[{"embeddable":true,"href":"https:\/\/radioportoseguro.com.br\/site\/wp-json\/wp\/v2\/media\/5011"}],"wp:attachment":[{"href":"https:\/\/radioportoseguro.com.br\/site\/wp-json\/wp\/v2\/media?parent=5010"}],"wp:term":[{"taxonomy":"category","embeddable":true,"href":"https:\/\/radioportoseguro.com.br\/site\/wp-json\/wp\/v2\/categories?post=5010"},{"taxonomy":"post_tag","embeddable":true,"href":"https:\/\/radioportoseguro.com.br\/site\/wp-json\/wp\/v2\/tags?post=5010"}],"curies":[{"name":"wp","href":"https:\/\/api.w.org\/{rel}","templated":true}]}}