{"id":5016,"date":"2026-03-14T05:09:46","date_gmt":"2026-03-14T08:09:46","guid":{"rendered":"https:\/\/radioportoseguro.com.br\/site\/2026\/03\/14\/ataque-a-israelenses-americanos-na-california-e-investigado-como-crime-de-odio\/"},"modified":"2026-03-14T05:09:46","modified_gmt":"2026-03-14T08:09:46","slug":"ataque-a-israelenses-americanos-na-california-e-investigado-como-crime-de-odio","status":"publish","type":"post","link":"https:\/\/radioportoseguro.com.br\/site\/2026\/03\/14\/ataque-a-israelenses-americanos-na-california-e-investigado-como-crime-de-odio\/","title":{"rendered":"Ataque a israelenses-americanos na Calif\u00f3rnia \u00e9 investigado como crime de \u00f3dio"},"content":{"rendered":"<p><br \/>\n<br \/><\/p>\n<div>\n<p>A pol\u00edcia de San Jos\u00e9, na Calif\u00f3rnia (EUA), investiga como poss\u00edvel crime de \u00f3dio um ataque contra israelenses-americanos ocorrido em uma \u00e1rea comercial sofisticada da cidade.<\/p>\n<p>Segundo relatos, tr\u00eas homens teriam abordado as v\u00edtimas sem qualquer provoca\u00e7\u00e3o, iniciaram a agress\u00e3o f\u00edsica e utilizaram express\u00f5es abertamente antissemitas durante o ataque.<\/p>\n<p>A comunidade online rapidamente reconheceu os suspeitos como Roma Akoyans, Ramon Akoyans e Bruneli Chamaki, e agora cobra que as autoridades tratem o caso com o peso de um crime de \u00f3dio antissemita.<\/p>\n<blockquote class=\"instagram-media\" style=\"background: #FFF; border: 0; border-radius: 3px; box-shadow: 0 0 1px 0 rgba(0,0,0,0.5),0 1px 10px 0 rgba(0,0,0,0.15); margin: 1px; max-width: 540px; min-width: 326px; padding: 0; width: calc(100% - 2px);\" data-instgrm-captioned=\"\" data-instgrm-permalink=\"https:\/\/www.instagram.com\/reel\/DVva5Mljqt8\/?utm_source=ig_embed&amp;utm_campaign=loading\" data-instgrm-version=\"14\"><p>&#13;<br \/>\n&#13;\n<\/p><\/blockquote>\n<p>Desde o 7 de outubro, o mundo v\u00ea crescer ataques contra judeus e apoiadores de Israel, muitas vezes travestidos de \u201cmilit\u00e2ncia pol\u00edtica\u201d, mas que na pr\u00e1tica se manifestam em viol\u00eancia e intimida\u00e7\u00e3o.<\/p>\n<p>O epis\u00f3dio em San Jose mostra que o antissemitismo e o antissionismo n\u00e3o s\u00e3o apenas discursos t\u00f3xicos nas redes: eles j\u00e1 est\u00e3o nas ruas, colocando vidas em risco. Denunciar, expor os agressores e exigir justi\u00e7a \u00e9 parte essencial da defesa de Israel e da seguran\u00e7a das comunidades judaicas no mundo todo.<\/p>\n<p>Fonte: Programa Shalom Brasil<\/p>\n<p>\u00a0<\/p>\n<p><strong>Silas Anast\u00e1cio<\/strong> \u00e9 fundador do Minist\u00e9rio Davar, evangelista e expositor b\u00edblico com s\u00f3lida atua\u00e7\u00e3o h\u00e1 mais de uma d\u00e9cada em temas relacionados ao Estado de Israel e \u00e0 comunidade judaica. Tamb\u00e9m desempenha papel estrat\u00e9gico nos bastidores da m\u00eddia evang\u00e9lica, contribuindo para a articula\u00e7\u00e3o e divulga\u00e7\u00e3o de conte\u00fados que fortalecem os valores\u00a0da\u00a0f\u00e9\u00a0crist\u00e3.<\/p>\n<p><em>* O conte\u00fado do texto acima \u00e9 de colabora\u00e7\u00e3o volunt\u00e1ria, seu teor \u00e9 de total responsabilidade do autor e n\u00e3o reflete necessariamente a opini\u00e3o do Portal Guiame.<\/em><\/p>\n<p>Leia o artigo anterior:<span style=\"color: #800000;\"> <strong>Imprensa critica Ana Paula Valad\u00e3o por v\u00eddeo sobre Israel; cantora esclarece vis\u00e3o b\u00edblica<\/strong><\/span><\/p>\n<\/div>\n<p><script async src=\"\/\/www.instagram.com\/embed.js\"><\/script><br \/>\n<br \/><br \/>\n<br \/>Fonte: Guiame <\/p>\n","protected":false},"excerpt":{"rendered":"<p>A pol\u00edcia de San Jos\u00e9, na Calif\u00f3rnia (EUA), investiga como poss\u00edvel crime de \u00f3dio um ataque contra israelenses-americanos ocorrido em uma \u00e1rea comercial sofisticada da cidade. Segundo relatos, tr\u00eas homens teriam abordado as v\u00edtimas sem qualquer provoca\u00e7\u00e3o, iniciaram a agress\u00e3o f\u00edsica e utilizaram express\u00f5es abertamente antissemitas durante o ataque. A comunidade online rapidamente reconheceu os [&hellip;]<\/p>\n","protected":false},"author":1,"featured_media":5017,"comment_status":"","ping_status":"open","sticky":false,"template":"","format":"standard","meta":{"footnotes":""},"categories":[43],"tags":[],"class_list":["post-5016","post","type-post","status-publish","format-standard","has-post-thumbnail","hentry","category-destaques"],"yoast_head":"<!-- This site is optimized with the Yoast SEO plugin v26.8 - https:\/\/yoast.com\/product\/yoast-seo-wordpress\/ -->\n<title>Ataque a israelenses-americanos na Calif\u00f3rnia \u00e9 investigado como crime de \u00f3dio - R\u00e1dio Porto Seguro<\/title>\n<meta name=\"robots\" content=\"index, follow, max-snippet:-1, max-image-preview:large, max-video-preview:-1\" \/>\n<link rel=\"canonical\" href=\"https:\/\/radioportoseguro.com.br\/site\/2026\/03\/14\/ataque-a-israelenses-americanos-na-california-e-investigado-como-crime-de-odio\/\" \/>\n<meta property=\"og:locale\" content=\"pt_BR\" \/>\n<meta property=\"og:type\" content=\"article\" \/>\n<meta property=\"og:title\" content=\"Ataque a israelenses-americanos na Calif\u00f3rnia \u00e9 investigado como crime de \u00f3dio - R\u00e1dio Porto Seguro\" \/>\n<meta property=\"og:description\" content=\"A pol\u00edcia de San Jos\u00e9, na Calif\u00f3rnia (EUA), investiga como poss\u00edvel crime de \u00f3dio um ataque contra israelenses-americanos ocorrido em uma \u00e1rea comercial sofisticada da cidade. Segundo relatos, tr\u00eas homens teriam abordado as v\u00edtimas sem qualquer provoca\u00e7\u00e3o, iniciaram a agress\u00e3o f\u00edsica e utilizaram express\u00f5es abertamente antissemitas durante o ataque. A comunidade online rapidamente reconheceu os [&hellip;]\" \/>\n<meta property=\"og:url\" content=\"https:\/\/radioportoseguro.com.br\/site\/2026\/03\/14\/ataque-a-israelenses-americanos-na-california-e-investigado-como-crime-de-odio\/\" \/>\n<meta property=\"og:site_name\" content=\"R\u00e1dio Porto Seguro\" \/>\n<meta property=\"article:published_time\" content=\"2026-03-14T08:09:46+00:00\" \/>\n<meta property=\"og:image\" content=\"https:\/\/media.guiame.com.br\/archives\/2026\/03\/12\/2361707580-antissemitismo-san-jose.jpeg\" \/>\n<meta name=\"author\" content=\"admin\" \/>\n<meta name=\"twitter:card\" content=\"summary_large_image\" \/>\n<meta name=\"twitter:label1\" content=\"Escrito por\" \/>\n\t<meta name=\"twitter:data1\" content=\"admin\" \/>\n\t<meta name=\"twitter:label2\" content=\"Est. tempo de leitura\" \/>\n\t<meta name=\"twitter:data2\" content=\"2 minutos\" \/>\n<script type=\"application\/ld+json\" class=\"yoast-schema-graph\">{\"@context\":\"https:\/\/schema.org\",\"@graph\":[{\"@type\":\"Article\",\"@id\":\"https:\/\/radioportoseguro.com.br\/site\/2026\/03\/14\/ataque-a-israelenses-americanos-na-california-e-investigado-como-crime-de-odio\/#article\",\"isPartOf\":{\"@id\":\"https:\/\/radioportoseguro.com.br\/site\/2026\/03\/14\/ataque-a-israelenses-americanos-na-california-e-investigado-como-crime-de-odio\/\"},\"author\":{\"name\":\"admin\",\"@id\":\"https:\/\/radioportoseguro.com.br\/site\/#\/schema\/person\/7630acdc320186f13639d3c067ec089b\"},\"headline\":\"Ataque a israelenses-americanos na Calif\u00f3rnia \u00e9 investigado como crime de \u00f3dio\",\"datePublished\":\"2026-03-14T08:09:46+00:00\",\"mainEntityOfPage\":{\"@id\":\"https:\/\/radioportoseguro.com.br\/site\/2026\/03\/14\/ataque-a-israelenses-americanos-na-california-e-investigado-como-crime-de-odio\/\"},\"wordCount\":318,\"image\":{\"@id\":\"https:\/\/radioportoseguro.com.br\/site\/2026\/03\/14\/ataque-a-israelenses-americanos-na-california-e-investigado-como-crime-de-odio\/#primaryimage\"},\"thumbnailUrl\":\"https:\/\/radioportoseguro.com.br\/site\/wp-content\/uploads\/2026\/03\/2361707580-antissemitismo-san-jose.jpeg\",\"articleSection\":[\"Destaques\"],\"inLanguage\":\"pt-BR\"},{\"@type\":\"WebPage\",\"@id\":\"https:\/\/radioportoseguro.com.br\/site\/2026\/03\/14\/ataque-a-israelenses-americanos-na-california-e-investigado-como-crime-de-odio\/\",\"url\":\"https:\/\/radioportoseguro.com.br\/site\/2026\/03\/14\/ataque-a-israelenses-americanos-na-california-e-investigado-como-crime-de-odio\/\",\"name\":\"Ataque a israelenses-americanos na Calif\u00f3rnia \u00e9 investigado como crime de \u00f3dio - R\u00e1dio Porto Seguro\",\"isPartOf\":{\"@id\":\"https:\/\/radioportoseguro.com.br\/site\/#website\"},\"primaryImageOfPage\":{\"@id\":\"https:\/\/radioportoseguro.com.br\/site\/2026\/03\/14\/ataque-a-israelenses-americanos-na-california-e-investigado-como-crime-de-odio\/#primaryimage\"},\"image\":{\"@id\":\"https:\/\/radioportoseguro.com.br\/site\/2026\/03\/14\/ataque-a-israelenses-americanos-na-california-e-investigado-como-crime-de-odio\/#primaryimage\"},\"thumbnailUrl\":\"https:\/\/radioportoseguro.com.br\/site\/wp-content\/uploads\/2026\/03\/2361707580-antissemitismo-san-jose.jpeg\",\"datePublished\":\"2026-03-14T08:09:46+00:00\",\"author\":{\"@id\":\"https:\/\/radioportoseguro.com.br\/site\/#\/schema\/person\/7630acdc320186f13639d3c067ec089b\"},\"breadcrumb\":{\"@id\":\"https:\/\/radioportoseguro.com.br\/site\/2026\/03\/14\/ataque-a-israelenses-americanos-na-california-e-investigado-como-crime-de-odio\/#breadcrumb\"},\"inLanguage\":\"pt-BR\",\"potentialAction\":[{\"@type\":\"ReadAction\",\"target\":[\"https:\/\/radioportoseguro.com.br\/site\/2026\/03\/14\/ataque-a-israelenses-americanos-na-california-e-investigado-como-crime-de-odio\/\"]}]},{\"@type\":\"ImageObject\",\"inLanguage\":\"pt-BR\",\"@id\":\"https:\/\/radioportoseguro.com.br\/site\/2026\/03\/14\/ataque-a-israelenses-americanos-na-california-e-investigado-como-crime-de-odio\/#primaryimage\",\"url\":\"https:\/\/radioportoseguro.com.br\/site\/wp-content\/uploads\/2026\/03\/2361707580-antissemitismo-san-jose.jpeg\",\"contentUrl\":\"https:\/\/radioportoseguro.com.br\/site\/wp-content\/uploads\/2026\/03\/2361707580-antissemitismo-san-jose.jpeg\",\"width\":1200,\"height\":600},{\"@type\":\"BreadcrumbList\",\"@id\":\"https:\/\/radioportoseguro.com.br\/site\/2026\/03\/14\/ataque-a-israelenses-americanos-na-california-e-investigado-como-crime-de-odio\/#breadcrumb\",\"itemListElement\":[{\"@type\":\"ListItem\",\"position\":1,\"name\":\"In\u00edcio\",\"item\":\"https:\/\/radioportoseguro.com.br\/site\/\"},{\"@type\":\"ListItem\",\"position\":2,\"name\":\"Ataque a israelenses-americanos na Calif\u00f3rnia \u00e9 investigado como crime de \u00f3dio\"}]},{\"@type\":\"WebSite\",\"@id\":\"https:\/\/radioportoseguro.com.br\/site\/#website\",\"url\":\"https:\/\/radioportoseguro.com.br\/site\/\",\"name\":\"R\u00e1dio Porto Seguro\",\"description\":\"\",\"potentialAction\":[{\"@type\":\"SearchAction\",\"target\":{\"@type\":\"EntryPoint\",\"urlTemplate\":\"https:\/\/radioportoseguro.com.br\/site\/?s={search_term_string}\"},\"query-input\":{\"@type\":\"PropertyValueSpecification\",\"valueRequired\":true,\"valueName\":\"search_term_string\"}}],\"inLanguage\":\"pt-BR\"},{\"@type\":\"Person\",\"@id\":\"https:\/\/radioportoseguro.com.br\/site\/#\/schema\/person\/7630acdc320186f13639d3c067ec089b\",\"name\":\"admin\",\"image\":{\"@type\":\"ImageObject\",\"inLanguage\":\"pt-BR\",\"@id\":\"https:\/\/radioportoseguro.com.br\/site\/#\/schema\/person\/image\/\",\"url\":\"https:\/\/secure.gravatar.com\/avatar\/caacf4dc1eedb68fab0df8e1ed46c448e578b2466351bbcb61e47d2ac0caaef0?s=96&d=mm&r=g\",\"contentUrl\":\"https:\/\/secure.gravatar.com\/avatar\/caacf4dc1eedb68fab0df8e1ed46c448e578b2466351bbcb61e47d2ac0caaef0?s=96&d=mm&r=g\",\"caption\":\"admin\"},\"sameAs\":[\"https:\/\/radioportoseguro.com.br\/site\"],\"url\":\"https:\/\/radioportoseguro.com.br\/site\/author\/hezio\/\"}]}<\/script>\n<!-- \/ Yoast SEO plugin. -->","yoast_head_json":{"title":"Ataque a israelenses-americanos na Calif\u00f3rnia \u00e9 investigado como crime de \u00f3dio - R\u00e1dio Porto Seguro","robots":{"index":"index","follow":"follow","max-snippet":"max-snippet:-1","max-image-preview":"max-image-preview:large","max-video-preview":"max-video-preview:-1"},"canonical":"https:\/\/radioportoseguro.com.br\/site\/2026\/03\/14\/ataque-a-israelenses-americanos-na-california-e-investigado-como-crime-de-odio\/","og_locale":"pt_BR","og_type":"article","og_title":"Ataque a israelenses-americanos na Calif\u00f3rnia \u00e9 investigado como crime de \u00f3dio - R\u00e1dio Porto Seguro","og_description":"A pol\u00edcia de San Jos\u00e9, na Calif\u00f3rnia (EUA), investiga como poss\u00edvel crime de \u00f3dio um ataque contra israelenses-americanos ocorrido em uma \u00e1rea comercial sofisticada da cidade. Segundo relatos, tr\u00eas homens teriam abordado as v\u00edtimas sem qualquer provoca\u00e7\u00e3o, iniciaram a agress\u00e3o f\u00edsica e utilizaram express\u00f5es abertamente antissemitas durante o ataque. A comunidade online rapidamente reconheceu os [&hellip;]","og_url":"https:\/\/radioportoseguro.com.br\/site\/2026\/03\/14\/ataque-a-israelenses-americanos-na-california-e-investigado-como-crime-de-odio\/","og_site_name":"R\u00e1dio Porto Seguro","article_published_time":"2026-03-14T08:09:46+00:00","og_image":[{"url":"https:\/\/media.guiame.com.br\/archives\/2026\/03\/12\/2361707580-antissemitismo-san-jose.jpeg","type":"","width":"","height":""}],"author":"admin","twitter_card":"summary_large_image","twitter_misc":{"Escrito por":"admin","Est. tempo de leitura":"2 minutos"},"schema":{"@context":"https:\/\/schema.org","@graph":[{"@type":"Article","@id":"https:\/\/radioportoseguro.com.br\/site\/2026\/03\/14\/ataque-a-israelenses-americanos-na-california-e-investigado-como-crime-de-odio\/#article","isPartOf":{"@id":"https:\/\/radioportoseguro.com.br\/site\/2026\/03\/14\/ataque-a-israelenses-americanos-na-california-e-investigado-como-crime-de-odio\/"},"author":{"name":"admin","@id":"https:\/\/radioportoseguro.com.br\/site\/#\/schema\/person\/7630acdc320186f13639d3c067ec089b"},"headline":"Ataque a israelenses-americanos na Calif\u00f3rnia \u00e9 investigado como crime de \u00f3dio","datePublished":"2026-03-14T08:09:46+00:00","mainEntityOfPage":{"@id":"https:\/\/radioportoseguro.com.br\/site\/2026\/03\/14\/ataque-a-israelenses-americanos-na-california-e-investigado-como-crime-de-odio\/"},"wordCount":318,"image":{"@id":"https:\/\/radioportoseguro.com.br\/site\/2026\/03\/14\/ataque-a-israelenses-americanos-na-california-e-investigado-como-crime-de-odio\/#primaryimage"},"thumbnailUrl":"https:\/\/radioportoseguro.com.br\/site\/wp-content\/uploads\/2026\/03\/2361707580-antissemitismo-san-jose.jpeg","articleSection":["Destaques"],"inLanguage":"pt-BR"},{"@type":"WebPage","@id":"https:\/\/radioportoseguro.com.br\/site\/2026\/03\/14\/ataque-a-israelenses-americanos-na-california-e-investigado-como-crime-de-odio\/","url":"https:\/\/radioportoseguro.com.br\/site\/2026\/03\/14\/ataque-a-israelenses-americanos-na-california-e-investigado-como-crime-de-odio\/","name":"Ataque a israelenses-americanos na Calif\u00f3rnia \u00e9 investigado como crime de \u00f3dio - R\u00e1dio Porto Seguro","isPartOf":{"@id":"https:\/\/radioportoseguro.com.br\/site\/#website"},"primaryImageOfPage":{"@id":"https:\/\/radioportoseguro.com.br\/site\/2026\/03\/14\/ataque-a-israelenses-americanos-na-california-e-investigado-como-crime-de-odio\/#primaryimage"},"image":{"@id":"https:\/\/radioportoseguro.com.br\/site\/2026\/03\/14\/ataque-a-israelenses-americanos-na-california-e-investigado-como-crime-de-odio\/#primaryimage"},"thumbnailUrl":"https:\/\/radioportoseguro.com.br\/site\/wp-content\/uploads\/2026\/03\/2361707580-antissemitismo-san-jose.jpeg","datePublished":"2026-03-14T08:09:46+00:00","author":{"@id":"https:\/\/radioportoseguro.com.br\/site\/#\/schema\/person\/7630acdc320186f13639d3c067ec089b"},"breadcrumb":{"@id":"https:\/\/radioportoseguro.com.br\/site\/2026\/03\/14\/ataque-a-israelenses-americanos-na-california-e-investigado-como-crime-de-odio\/#breadcrumb"},"inLanguage":"pt-BR","potentialAction":[{"@type":"ReadAction","target":["https:\/\/radioportoseguro.com.br\/site\/2026\/03\/14\/ataque-a-israelenses-americanos-na-california-e-investigado-como-crime-de-odio\/"]}]},{"@type":"ImageObject","inLanguage":"pt-BR","@id":"https:\/\/radioportoseguro.com.br\/site\/2026\/03\/14\/ataque-a-israelenses-americanos-na-california-e-investigado-como-crime-de-odio\/#primaryimage","url":"https:\/\/radioportoseguro.com.br\/site\/wp-content\/uploads\/2026\/03\/2361707580-antissemitismo-san-jose.jpeg","contentUrl":"https:\/\/radioportoseguro.com.br\/site\/wp-content\/uploads\/2026\/03\/2361707580-antissemitismo-san-jose.jpeg","width":1200,"height":600},{"@type":"BreadcrumbList","@id":"https:\/\/radioportoseguro.com.br\/site\/2026\/03\/14\/ataque-a-israelenses-americanos-na-california-e-investigado-como-crime-de-odio\/#breadcrumb","itemListElement":[{"@type":"ListItem","position":1,"name":"In\u00edcio","item":"https:\/\/radioportoseguro.com.br\/site\/"},{"@type":"ListItem","position":2,"name":"Ataque a israelenses-americanos na Calif\u00f3rnia \u00e9 investigado como crime de \u00f3dio"}]},{"@type":"WebSite","@id":"https:\/\/radioportoseguro.com.br\/site\/#website","url":"https:\/\/radioportoseguro.com.br\/site\/","name":"R\u00e1dio Porto Seguro","description":"","potentialAction":[{"@type":"SearchAction","target":{"@type":"EntryPoint","urlTemplate":"https:\/\/radioportoseguro.com.br\/site\/?s={search_term_string}"},"query-input":{"@type":"PropertyValueSpecification","valueRequired":true,"valueName":"search_term_string"}}],"inLanguage":"pt-BR"},{"@type":"Person","@id":"https:\/\/radioportoseguro.com.br\/site\/#\/schema\/person\/7630acdc320186f13639d3c067ec089b","name":"admin","image":{"@type":"ImageObject","inLanguage":"pt-BR","@id":"https:\/\/radioportoseguro.com.br\/site\/#\/schema\/person\/image\/","url":"https:\/\/secure.gravatar.com\/avatar\/caacf4dc1eedb68fab0df8e1ed46c448e578b2466351bbcb61e47d2ac0caaef0?s=96&d=mm&r=g","contentUrl":"https:\/\/secure.gravatar.com\/avatar\/caacf4dc1eedb68fab0df8e1ed46c448e578b2466351bbcb61e47d2ac0caaef0?s=96&d=mm&r=g","caption":"admin"},"sameAs":["https:\/\/radioportoseguro.com.br\/site"],"url":"https:\/\/radioportoseguro.com.br\/site\/author\/hezio\/"}]}},"_links":{"self":[{"href":"https:\/\/radioportoseguro.com.br\/site\/wp-json\/wp\/v2\/posts\/5016","targetHints":{"allow":["GET"]}}],"collection":[{"href":"https:\/\/radioportoseguro.com.br\/site\/wp-json\/wp\/v2\/posts"}],"about":[{"href":"https:\/\/radioportoseguro.com.br\/site\/wp-json\/wp\/v2\/types\/post"}],"author":[{"embeddable":true,"href":"https:\/\/radioportoseguro.com.br\/site\/wp-json\/wp\/v2\/users\/1"}],"replies":[{"embeddable":true,"href":"https:\/\/radioportoseguro.com.br\/site\/wp-json\/wp\/v2\/comments?post=5016"}],"version-history":[{"count":0,"href":"https:\/\/radioportoseguro.com.br\/site\/wp-json\/wp\/v2\/posts\/5016\/revisions"}],"wp:featuredmedia":[{"embeddable":true,"href":"https:\/\/radioportoseguro.com.br\/site\/wp-json\/wp\/v2\/media\/5017"}],"wp:attachment":[{"href":"https:\/\/radioportoseguro.com.br\/site\/wp-json\/wp\/v2\/media?parent=5016"}],"wp:term":[{"taxonomy":"category","embeddable":true,"href":"https:\/\/radioportoseguro.com.br\/site\/wp-json\/wp\/v2\/categories?post=5016"},{"taxonomy":"post_tag","embeddable":true,"href":"https:\/\/radioportoseguro.com.br\/site\/wp-json\/wp\/v2\/tags?post=5016"}],"curies":[{"name":"wp","href":"https:\/\/api.w.org\/{rel}","templated":true}]}}