{"id":5028,"date":"2026-03-14T13:25:44","date_gmt":"2026-03-14T16:25:44","guid":{"rendered":"https:\/\/radioportoseguro.com.br\/site\/2026\/03\/14\/seminario-batista-se-torna-abrigo-para-180-pessoas-durante-conflito-no-libano\/"},"modified":"2026-03-14T13:25:44","modified_gmt":"2026-03-14T16:25:44","slug":"seminario-batista-se-torna-abrigo-para-180-pessoas-durante-conflito-no-libano","status":"publish","type":"post","link":"https:\/\/radioportoseguro.com.br\/site\/2026\/03\/14\/seminario-batista-se-torna-abrigo-para-180-pessoas-durante-conflito-no-libano\/","title":{"rendered":"Semin\u00e1rio batista se torna abrigo para 180 pessoas durante conflito no L\u00edbano"},"content":{"rendered":"<p><br \/>\n<\/p>\n<div>\n<p><span style=\"font-weight: 400;\">Um <\/span><span style=\"color: #800000;\"><strong>semin\u00e1rio<\/strong><\/span><span style=\"font-weight: 400;\"> teol\u00f3gico se tornou um abrigo para centenas de pessoas em meio ao <\/span><span style=\"color: #800000;\"><strong>conflito no L\u00edbano, <\/strong><\/span><span style=\"font-weight: 400;\">segundo o Evangelical Focus.<\/span><\/p>\n<p><span style=\"font-weight: 400;\">A popula\u00e7\u00e3o libanesa est\u00e1 enfrentando as consequ\u00eancias dos confrontos entre o grupo terrorista Hezbollah e as <\/span><span style=\"color: #800000;\"><strong>For\u00e7as de Defesa de Israel<\/strong><\/span><span style=\"font-weight: 400;\">, que come\u00e7aram no in\u00edcio de mar\u00e7o.<\/span><\/p>\n<p><span style=\"font-weight: 400;\">Nas \u00faltimas semanas, cerca de 800 mil pessoas fugiram de suas casas, principalmente no sul do L\u00edbano, em dire\u00e7\u00e3o a Sidon e a capital Beirute. Segundo o Minist\u00e9rio da Sa\u00fade liban\u00eas, mais de 680 pessoas j\u00e1 morreram no conflito.<\/span><\/p>\n<p><span style=\"font-weight: 400;\">Na regi\u00e3o leste de Beirute, o Semin\u00e1rio Teol\u00f3gico Batista \u00c1rabe (ABTS) foi transformado em abrigo para cerca de 180 pessoas, incluindo crian\u00e7as.<\/span><\/p>\n<p><span style=\"font-weight: 400;\">Os deslocados que foram acolhidos pelo semin\u00e1rio vieram dos sub\u00farbios de Beirute, da regi\u00e3o de Bekaa e do sul do L\u00edbano.<\/span><\/p>\n<p><span style=\"font-weight: 400;\">&#8220;Apesar dos sons de drones se intensificando em nossos c\u00e9us e da fuma\u00e7a dos bombardeios subindo sobre Beirute, continuamos a testemunhar vislumbres do amor de Cristo em a\u00e7\u00e3&#8221;, afirmou o ABTS, em seu site.<\/span><\/p>\n<p><strong>Cultos di\u00e1rios<\/strong><\/p>\n<p style=\"text-align: center;\"><strong><br \/><\/strong><span style=\"color: #808080;\"><sup><span style=\"font-weight: 400;\">O Semin\u00e1rio Teol\u00f3gico Batista \u00c1rabe foi transformado em ref\u00fagio para moradores. (Foto: Facebook\/Arab Baptist Theological Seminary &#8211; ABTS).<\/span><\/sup><\/span><\/p>\n<p><span style=\"font-weight: 400;\">A equipe do semin\u00e1rio fornece tr\u00eas refei\u00e7\u00f5es por dia, apoio emocional e atendimento m\u00e9dico aos deslocados. Al\u00e9m disso, realiza cultos di\u00e1rios, onde as pessoas podem adorar e orar a Deus, mesmo &#8220;enquanto o bombardeio continua sendo ouvido ao fundo&#8221;.<\/span><\/p>\n<p><span style=\"font-weight: 400;\">\u201cReceber os deslocados \u00e9 ecoar o cora\u00e7\u00e3o de Jesus, que n\u00e3o veio para ser servido, mas para servir&#8221;, declarou o presidente do semin\u00e1rio, Wissam Nasrallah, ao Evangelical Focus.<\/span><\/p>\n<p><span style=\"font-weight: 400;\">\u201cAinda assim, sentimos a tens\u00e3o: as necessidades urgentes de hoje e o longo trabalho de amanh\u00e3. Como crist\u00e3os, somos pessoas que levam a realidade a s\u00e9rio sem se render a ela. N\u00e3o minimizamos a gravidade do que est\u00e1 acontecendo, mas tamb\u00e9m n\u00e3o cedemos ao medo. Nossa esperan\u00e7a est\u00e1 ancorada no Deus vivo: firme, soberano e pr\u00f3ximo aos de cora\u00e7\u00e3o partido\u201d, destacou.<\/span><\/p>\n<p><span style=\"font-weight: 400;\">Loulwa El Maalouf, diretora de parcerias do semin\u00e1rio, afirmou que os refugiados est\u00e3o encontrando consolo na leitura da B\u00edblia durante os dias de guerra.<\/span><\/p>\n<p><span style=\"font-weight: 400;\">\u201cA ora\u00e7\u00e3o de Habacuque no cap\u00edtulo 3 nos lembram continuamente que, apesar da situa\u00e7\u00e3o, o Senhor \u00e9 Soberano, e nossa alegria est\u00e1 em Deus, nosso Salvador&#8221;, comentou ela, em entrevista ao Evangelical Focus.<\/span><\/p>\n<p><strong>Apoio de crist\u00e3os em todo Oriente M\u00e9dio<\/strong><\/p>\n<p><span style=\"font-weight: 400;\">Maalouf ainda contou que os crist\u00e3os libaneses t\u00eam recebido ora\u00e7\u00e3o e apoio de outros crentes de todo o Oriente M\u00e9dio.<\/span><\/p>\n<p><span style=\"font-weight: 400;\">\u201cNossos irm\u00e3os e irm\u00e3s tamb\u00e9m tiveram mais do que sua cota de conflitos e sofrimentos; No entanto, recebemos regularmente mensagens calorosas e encorajadoras de nossos alunos e de suas igrejas por toda a regi\u00e3o, compartilhando que eles est\u00e3o nos elevando em ora\u00e7\u00e3o durante este momento dif\u00edcil&#8221;, disse.<\/span><\/p>\n<p><span style=\"font-weight: 400;\">O semin\u00e1rio batista pediu ora\u00e7\u00e3o pelo trabalho humanit\u00e1rio que est\u00e3o realizando. &#8220;Se juntem a n\u00f3s em ora\u00e7\u00e3o para que, durante esta \u00e9poca de dificuldades, assim como essas refei\u00e7\u00f5es nutrem seus corpos, a Palavra de Deus tamb\u00e9m possa nutrir seus esp\u00edritos&#8221;, afirmou.<\/span><\/p>\n<p><strong>Bombardeios no L\u00edbano<\/strong><\/p>\n<p><span style=\"font-weight: 400;\">Em 5 de mar\u00e7o, Israel lan\u00e7ou um ataque contra o grupo terrorista Hezbollah, que est\u00e1 baseado no L\u00edbano e \u00e9 aliado do Ir\u00e3.<\/span><\/p>\n<p><span style=\"font-weight: 400;\">O ataque israelense no pa\u00eds foi uma resposta aos m\u00edsseis e drones lan\u00e7ados pelo Hezbollah contra o norte de Israel em 2 de mar\u00e7o.<\/span><\/p>\n<p><span style=\"font-weight: 400;\">Segundo a Ag\u00eancia Brasil, o grupo terrorista afirmou que o ataque foi uma vingan\u00e7a pelo assassinato do aitol\u00e1 Ali Khamenei pelos EUA e Israel no Ir\u00e3.<\/span><\/p>\n<p><span style=\"font-weight: 400;\">Antes de iniciar os ataques no L\u00edbano, as For\u00e7as de Defesa de Israel emitiram uma ordem de evacua\u00e7\u00e3o para os sub\u00farbios ao sul de Beirute, considerado o reduto do Hezbollah.<\/span><\/p>\n<\/div>\n<p><br \/>\n<br \/>Fonte: Guiame <\/p>\n","protected":false},"excerpt":{"rendered":"<p>Um semin\u00e1rio teol\u00f3gico se tornou um abrigo para centenas de pessoas em meio ao conflito no L\u00edbano, segundo o Evangelical Focus. A popula\u00e7\u00e3o libanesa est\u00e1 enfrentando as consequ\u00eancias dos confrontos entre o grupo terrorista Hezbollah e as For\u00e7as de Defesa de Israel, que come\u00e7aram no in\u00edcio de mar\u00e7o. Nas \u00faltimas semanas, cerca de 800 mil [&hellip;]<\/p>\n","protected":false},"author":1,"featured_media":5029,"comment_status":"","ping_status":"open","sticky":false,"template":"","format":"standard","meta":{"footnotes":""},"categories":[43],"tags":[],"class_list":["post-5028","post","type-post","status-publish","format-standard","has-post-thumbnail","hentry","category-destaques"],"yoast_head":"<!-- This site is optimized with the Yoast SEO plugin v26.8 - https:\/\/yoast.com\/product\/yoast-seo-wordpress\/ -->\n<title>Semin\u00e1rio batista se torna abrigo para 180 pessoas durante conflito no L\u00edbano - R\u00e1dio Porto Seguro<\/title>\n<meta name=\"robots\" content=\"index, follow, max-snippet:-1, max-image-preview:large, max-video-preview:-1\" \/>\n<link rel=\"canonical\" href=\"https:\/\/radioportoseguro.com.br\/site\/2026\/03\/14\/seminario-batista-se-torna-abrigo-para-180-pessoas-durante-conflito-no-libano\/\" \/>\n<meta property=\"og:locale\" content=\"pt_BR\" \/>\n<meta property=\"og:type\" content=\"article\" \/>\n<meta property=\"og:title\" content=\"Semin\u00e1rio batista se torna abrigo para 180 pessoas durante conflito no L\u00edbano - R\u00e1dio Porto Seguro\" \/>\n<meta property=\"og:description\" content=\"Um semin\u00e1rio teol\u00f3gico se tornou um abrigo para centenas de pessoas em meio ao conflito no L\u00edbano, segundo o Evangelical Focus. A popula\u00e7\u00e3o libanesa est\u00e1 enfrentando as consequ\u00eancias dos confrontos entre o grupo terrorista Hezbollah e as For\u00e7as de Defesa de Israel, que come\u00e7aram no in\u00edcio de mar\u00e7o. Nas \u00faltimas semanas, cerca de 800 mil [&hellip;]\" \/>\n<meta property=\"og:url\" content=\"https:\/\/radioportoseguro.com.br\/site\/2026\/03\/14\/seminario-batista-se-torna-abrigo-para-180-pessoas-durante-conflito-no-libano\/\" \/>\n<meta property=\"og:site_name\" content=\"R\u00e1dio Porto Seguro\" \/>\n<meta property=\"article:published_time\" content=\"2026-03-14T16:25:44+00:00\" \/>\n<meta property=\"og:image\" content=\"https:\/\/thumbor.guiame.com.br\/unsafe\/smart\/https:\/\/media.guiame.com.br\/archives\/2026\/03\/13\/2681203315-.png\" \/>\n<meta name=\"author\" content=\"admin\" \/>\n<meta name=\"twitter:card\" content=\"summary_large_image\" \/>\n<meta name=\"twitter:label1\" content=\"Escrito por\" \/>\n\t<meta name=\"twitter:data1\" content=\"admin\" \/>\n\t<meta name=\"twitter:label2\" content=\"Est. tempo de leitura\" \/>\n\t<meta name=\"twitter:data2\" content=\"3 minutos\" \/>\n<script type=\"application\/ld+json\" class=\"yoast-schema-graph\">{\"@context\":\"https:\/\/schema.org\",\"@graph\":[{\"@type\":\"Article\",\"@id\":\"https:\/\/radioportoseguro.com.br\/site\/2026\/03\/14\/seminario-batista-se-torna-abrigo-para-180-pessoas-durante-conflito-no-libano\/#article\",\"isPartOf\":{\"@id\":\"https:\/\/radioportoseguro.com.br\/site\/2026\/03\/14\/seminario-batista-se-torna-abrigo-para-180-pessoas-durante-conflito-no-libano\/\"},\"author\":{\"name\":\"admin\",\"@id\":\"https:\/\/radioportoseguro.com.br\/site\/#\/schema\/person\/7630acdc320186f13639d3c067ec089b\"},\"headline\":\"Semin\u00e1rio batista se torna abrigo para 180 pessoas durante conflito no L\u00edbano\",\"datePublished\":\"2026-03-14T16:25:44+00:00\",\"mainEntityOfPage\":{\"@id\":\"https:\/\/radioportoseguro.com.br\/site\/2026\/03\/14\/seminario-batista-se-torna-abrigo-para-180-pessoas-durante-conflito-no-libano\/\"},\"wordCount\":687,\"image\":{\"@id\":\"https:\/\/radioportoseguro.com.br\/site\/2026\/03\/14\/seminario-batista-se-torna-abrigo-para-180-pessoas-durante-conflito-no-libano\/#primaryimage\"},\"thumbnailUrl\":\"https:\/\/radioportoseguro.com.br\/site\/wp-content\/uploads\/2026\/03\/2776080441-seminario.jpeg\",\"articleSection\":[\"Destaques\"],\"inLanguage\":\"pt-BR\"},{\"@type\":\"WebPage\",\"@id\":\"https:\/\/radioportoseguro.com.br\/site\/2026\/03\/14\/seminario-batista-se-torna-abrigo-para-180-pessoas-durante-conflito-no-libano\/\",\"url\":\"https:\/\/radioportoseguro.com.br\/site\/2026\/03\/14\/seminario-batista-se-torna-abrigo-para-180-pessoas-durante-conflito-no-libano\/\",\"name\":\"Semin\u00e1rio batista se torna abrigo para 180 pessoas durante conflito no L\u00edbano - R\u00e1dio Porto Seguro\",\"isPartOf\":{\"@id\":\"https:\/\/radioportoseguro.com.br\/site\/#website\"},\"primaryImageOfPage\":{\"@id\":\"https:\/\/radioportoseguro.com.br\/site\/2026\/03\/14\/seminario-batista-se-torna-abrigo-para-180-pessoas-durante-conflito-no-libano\/#primaryimage\"},\"image\":{\"@id\":\"https:\/\/radioportoseguro.com.br\/site\/2026\/03\/14\/seminario-batista-se-torna-abrigo-para-180-pessoas-durante-conflito-no-libano\/#primaryimage\"},\"thumbnailUrl\":\"https:\/\/radioportoseguro.com.br\/site\/wp-content\/uploads\/2026\/03\/2776080441-seminario.jpeg\",\"datePublished\":\"2026-03-14T16:25:44+00:00\",\"author\":{\"@id\":\"https:\/\/radioportoseguro.com.br\/site\/#\/schema\/person\/7630acdc320186f13639d3c067ec089b\"},\"breadcrumb\":{\"@id\":\"https:\/\/radioportoseguro.com.br\/site\/2026\/03\/14\/seminario-batista-se-torna-abrigo-para-180-pessoas-durante-conflito-no-libano\/#breadcrumb\"},\"inLanguage\":\"pt-BR\",\"potentialAction\":[{\"@type\":\"ReadAction\",\"target\":[\"https:\/\/radioportoseguro.com.br\/site\/2026\/03\/14\/seminario-batista-se-torna-abrigo-para-180-pessoas-durante-conflito-no-libano\/\"]}]},{\"@type\":\"ImageObject\",\"inLanguage\":\"pt-BR\",\"@id\":\"https:\/\/radioportoseguro.com.br\/site\/2026\/03\/14\/seminario-batista-se-torna-abrigo-para-180-pessoas-durante-conflito-no-libano\/#primaryimage\",\"url\":\"https:\/\/radioportoseguro.com.br\/site\/wp-content\/uploads\/2026\/03\/2776080441-seminario.jpeg\",\"contentUrl\":\"https:\/\/radioportoseguro.com.br\/site\/wp-content\/uploads\/2026\/03\/2776080441-seminario.jpeg\",\"width\":1200,\"height\":600},{\"@type\":\"BreadcrumbList\",\"@id\":\"https:\/\/radioportoseguro.com.br\/site\/2026\/03\/14\/seminario-batista-se-torna-abrigo-para-180-pessoas-durante-conflito-no-libano\/#breadcrumb\",\"itemListElement\":[{\"@type\":\"ListItem\",\"position\":1,\"name\":\"In\u00edcio\",\"item\":\"https:\/\/radioportoseguro.com.br\/site\/\"},{\"@type\":\"ListItem\",\"position\":2,\"name\":\"Semin\u00e1rio batista se torna abrigo para 180 pessoas durante conflito no L\u00edbano\"}]},{\"@type\":\"WebSite\",\"@id\":\"https:\/\/radioportoseguro.com.br\/site\/#website\",\"url\":\"https:\/\/radioportoseguro.com.br\/site\/\",\"name\":\"R\u00e1dio Porto Seguro\",\"description\":\"\",\"potentialAction\":[{\"@type\":\"SearchAction\",\"target\":{\"@type\":\"EntryPoint\",\"urlTemplate\":\"https:\/\/radioportoseguro.com.br\/site\/?s={search_term_string}\"},\"query-input\":{\"@type\":\"PropertyValueSpecification\",\"valueRequired\":true,\"valueName\":\"search_term_string\"}}],\"inLanguage\":\"pt-BR\"},{\"@type\":\"Person\",\"@id\":\"https:\/\/radioportoseguro.com.br\/site\/#\/schema\/person\/7630acdc320186f13639d3c067ec089b\",\"name\":\"admin\",\"image\":{\"@type\":\"ImageObject\",\"inLanguage\":\"pt-BR\",\"@id\":\"https:\/\/radioportoseguro.com.br\/site\/#\/schema\/person\/image\/\",\"url\":\"https:\/\/secure.gravatar.com\/avatar\/caacf4dc1eedb68fab0df8e1ed46c448e578b2466351bbcb61e47d2ac0caaef0?s=96&d=mm&r=g\",\"contentUrl\":\"https:\/\/secure.gravatar.com\/avatar\/caacf4dc1eedb68fab0df8e1ed46c448e578b2466351bbcb61e47d2ac0caaef0?s=96&d=mm&r=g\",\"caption\":\"admin\"},\"sameAs\":[\"https:\/\/radioportoseguro.com.br\/site\"],\"url\":\"https:\/\/radioportoseguro.com.br\/site\/author\/hezio\/\"}]}<\/script>\n<!-- \/ Yoast SEO plugin. -->","yoast_head_json":{"title":"Semin\u00e1rio batista se torna abrigo para 180 pessoas durante conflito no L\u00edbano - R\u00e1dio Porto Seguro","robots":{"index":"index","follow":"follow","max-snippet":"max-snippet:-1","max-image-preview":"max-image-preview:large","max-video-preview":"max-video-preview:-1"},"canonical":"https:\/\/radioportoseguro.com.br\/site\/2026\/03\/14\/seminario-batista-se-torna-abrigo-para-180-pessoas-durante-conflito-no-libano\/","og_locale":"pt_BR","og_type":"article","og_title":"Semin\u00e1rio batista se torna abrigo para 180 pessoas durante conflito no L\u00edbano - R\u00e1dio Porto Seguro","og_description":"Um semin\u00e1rio teol\u00f3gico se tornou um abrigo para centenas de pessoas em meio ao conflito no L\u00edbano, segundo o Evangelical Focus. A popula\u00e7\u00e3o libanesa est\u00e1 enfrentando as consequ\u00eancias dos confrontos entre o grupo terrorista Hezbollah e as For\u00e7as de Defesa de Israel, que come\u00e7aram no in\u00edcio de mar\u00e7o. Nas \u00faltimas semanas, cerca de 800 mil [&hellip;]","og_url":"https:\/\/radioportoseguro.com.br\/site\/2026\/03\/14\/seminario-batista-se-torna-abrigo-para-180-pessoas-durante-conflito-no-libano\/","og_site_name":"R\u00e1dio Porto Seguro","article_published_time":"2026-03-14T16:25:44+00:00","og_image":[{"url":"https:\/\/thumbor.guiame.com.br\/unsafe\/smart\/https:\/\/media.guiame.com.br\/archives\/2026\/03\/13\/2681203315-.png","type":"","width":"","height":""}],"author":"admin","twitter_card":"summary_large_image","twitter_misc":{"Escrito por":"admin","Est. tempo de leitura":"3 minutos"},"schema":{"@context":"https:\/\/schema.org","@graph":[{"@type":"Article","@id":"https:\/\/radioportoseguro.com.br\/site\/2026\/03\/14\/seminario-batista-se-torna-abrigo-para-180-pessoas-durante-conflito-no-libano\/#article","isPartOf":{"@id":"https:\/\/radioportoseguro.com.br\/site\/2026\/03\/14\/seminario-batista-se-torna-abrigo-para-180-pessoas-durante-conflito-no-libano\/"},"author":{"name":"admin","@id":"https:\/\/radioportoseguro.com.br\/site\/#\/schema\/person\/7630acdc320186f13639d3c067ec089b"},"headline":"Semin\u00e1rio batista se torna abrigo para 180 pessoas durante conflito no L\u00edbano","datePublished":"2026-03-14T16:25:44+00:00","mainEntityOfPage":{"@id":"https:\/\/radioportoseguro.com.br\/site\/2026\/03\/14\/seminario-batista-se-torna-abrigo-para-180-pessoas-durante-conflito-no-libano\/"},"wordCount":687,"image":{"@id":"https:\/\/radioportoseguro.com.br\/site\/2026\/03\/14\/seminario-batista-se-torna-abrigo-para-180-pessoas-durante-conflito-no-libano\/#primaryimage"},"thumbnailUrl":"https:\/\/radioportoseguro.com.br\/site\/wp-content\/uploads\/2026\/03\/2776080441-seminario.jpeg","articleSection":["Destaques"],"inLanguage":"pt-BR"},{"@type":"WebPage","@id":"https:\/\/radioportoseguro.com.br\/site\/2026\/03\/14\/seminario-batista-se-torna-abrigo-para-180-pessoas-durante-conflito-no-libano\/","url":"https:\/\/radioportoseguro.com.br\/site\/2026\/03\/14\/seminario-batista-se-torna-abrigo-para-180-pessoas-durante-conflito-no-libano\/","name":"Semin\u00e1rio batista se torna abrigo para 180 pessoas durante conflito no L\u00edbano - R\u00e1dio Porto Seguro","isPartOf":{"@id":"https:\/\/radioportoseguro.com.br\/site\/#website"},"primaryImageOfPage":{"@id":"https:\/\/radioportoseguro.com.br\/site\/2026\/03\/14\/seminario-batista-se-torna-abrigo-para-180-pessoas-durante-conflito-no-libano\/#primaryimage"},"image":{"@id":"https:\/\/radioportoseguro.com.br\/site\/2026\/03\/14\/seminario-batista-se-torna-abrigo-para-180-pessoas-durante-conflito-no-libano\/#primaryimage"},"thumbnailUrl":"https:\/\/radioportoseguro.com.br\/site\/wp-content\/uploads\/2026\/03\/2776080441-seminario.jpeg","datePublished":"2026-03-14T16:25:44+00:00","author":{"@id":"https:\/\/radioportoseguro.com.br\/site\/#\/schema\/person\/7630acdc320186f13639d3c067ec089b"},"breadcrumb":{"@id":"https:\/\/radioportoseguro.com.br\/site\/2026\/03\/14\/seminario-batista-se-torna-abrigo-para-180-pessoas-durante-conflito-no-libano\/#breadcrumb"},"inLanguage":"pt-BR","potentialAction":[{"@type":"ReadAction","target":["https:\/\/radioportoseguro.com.br\/site\/2026\/03\/14\/seminario-batista-se-torna-abrigo-para-180-pessoas-durante-conflito-no-libano\/"]}]},{"@type":"ImageObject","inLanguage":"pt-BR","@id":"https:\/\/radioportoseguro.com.br\/site\/2026\/03\/14\/seminario-batista-se-torna-abrigo-para-180-pessoas-durante-conflito-no-libano\/#primaryimage","url":"https:\/\/radioportoseguro.com.br\/site\/wp-content\/uploads\/2026\/03\/2776080441-seminario.jpeg","contentUrl":"https:\/\/radioportoseguro.com.br\/site\/wp-content\/uploads\/2026\/03\/2776080441-seminario.jpeg","width":1200,"height":600},{"@type":"BreadcrumbList","@id":"https:\/\/radioportoseguro.com.br\/site\/2026\/03\/14\/seminario-batista-se-torna-abrigo-para-180-pessoas-durante-conflito-no-libano\/#breadcrumb","itemListElement":[{"@type":"ListItem","position":1,"name":"In\u00edcio","item":"https:\/\/radioportoseguro.com.br\/site\/"},{"@type":"ListItem","position":2,"name":"Semin\u00e1rio batista se torna abrigo para 180 pessoas durante conflito no L\u00edbano"}]},{"@type":"WebSite","@id":"https:\/\/radioportoseguro.com.br\/site\/#website","url":"https:\/\/radioportoseguro.com.br\/site\/","name":"R\u00e1dio Porto Seguro","description":"","potentialAction":[{"@type":"SearchAction","target":{"@type":"EntryPoint","urlTemplate":"https:\/\/radioportoseguro.com.br\/site\/?s={search_term_string}"},"query-input":{"@type":"PropertyValueSpecification","valueRequired":true,"valueName":"search_term_string"}}],"inLanguage":"pt-BR"},{"@type":"Person","@id":"https:\/\/radioportoseguro.com.br\/site\/#\/schema\/person\/7630acdc320186f13639d3c067ec089b","name":"admin","image":{"@type":"ImageObject","inLanguage":"pt-BR","@id":"https:\/\/radioportoseguro.com.br\/site\/#\/schema\/person\/image\/","url":"https:\/\/secure.gravatar.com\/avatar\/caacf4dc1eedb68fab0df8e1ed46c448e578b2466351bbcb61e47d2ac0caaef0?s=96&d=mm&r=g","contentUrl":"https:\/\/secure.gravatar.com\/avatar\/caacf4dc1eedb68fab0df8e1ed46c448e578b2466351bbcb61e47d2ac0caaef0?s=96&d=mm&r=g","caption":"admin"},"sameAs":["https:\/\/radioportoseguro.com.br\/site"],"url":"https:\/\/radioportoseguro.com.br\/site\/author\/hezio\/"}]}},"_links":{"self":[{"href":"https:\/\/radioportoseguro.com.br\/site\/wp-json\/wp\/v2\/posts\/5028","targetHints":{"allow":["GET"]}}],"collection":[{"href":"https:\/\/radioportoseguro.com.br\/site\/wp-json\/wp\/v2\/posts"}],"about":[{"href":"https:\/\/radioportoseguro.com.br\/site\/wp-json\/wp\/v2\/types\/post"}],"author":[{"embeddable":true,"href":"https:\/\/radioportoseguro.com.br\/site\/wp-json\/wp\/v2\/users\/1"}],"replies":[{"embeddable":true,"href":"https:\/\/radioportoseguro.com.br\/site\/wp-json\/wp\/v2\/comments?post=5028"}],"version-history":[{"count":0,"href":"https:\/\/radioportoseguro.com.br\/site\/wp-json\/wp\/v2\/posts\/5028\/revisions"}],"wp:featuredmedia":[{"embeddable":true,"href":"https:\/\/radioportoseguro.com.br\/site\/wp-json\/wp\/v2\/media\/5029"}],"wp:attachment":[{"href":"https:\/\/radioportoseguro.com.br\/site\/wp-json\/wp\/v2\/media?parent=5028"}],"wp:term":[{"taxonomy":"category","embeddable":true,"href":"https:\/\/radioportoseguro.com.br\/site\/wp-json\/wp\/v2\/categories?post=5028"},{"taxonomy":"post_tag","embeddable":true,"href":"https:\/\/radioportoseguro.com.br\/site\/wp-json\/wp\/v2\/tags?post=5028"}],"curies":[{"name":"wp","href":"https:\/\/api.w.org\/{rel}","templated":true}]}}