{"id":5032,"date":"2026-03-14T15:30:32","date_gmt":"2026-03-14T18:30:32","guid":{"rendered":"https:\/\/radioportoseguro.com.br\/site\/2026\/03\/14\/criancas-pedem-a-missionario-para-aceitar-jesus-no-acre-serao-canais-de-bencaos\/"},"modified":"2026-03-14T15:30:32","modified_gmt":"2026-03-14T18:30:32","slug":"criancas-pedem-a-missionario-para-aceitar-jesus-no-acre-serao-canais-de-bencaos","status":"publish","type":"post","link":"https:\/\/radioportoseguro.com.br\/site\/2026\/03\/14\/criancas-pedem-a-missionario-para-aceitar-jesus-no-acre-serao-canais-de-bencaos\/","title":{"rendered":"Crian\u00e7as pedem a mission\u00e1rio para aceitar Jesus no Acre: \u2018Ser\u00e3o canais de b\u00ean\u00e7\u00e3os\u2019"},"content":{"rendered":"<p><br \/>\n<br \/><\/p>\n<div>\n<p><span style=\"font-weight: 400;\">O mission\u00e1rio Mikeias Thomaz, de 25 anos, tem mostrado em v\u00eddeos no Instagram os desafios de <\/span><span style=\"color: #800000;\"><strong>levar o Evangelho<\/strong><\/span><span style=\"font-weight: 400;\"> \u00e0 regi\u00e3o de selva no <\/span><span style=\"color: #800000;\"><strong>Acre<\/strong><\/span><span style=\"font-weight: 400;\">.<\/span><\/p>\n<p><span style=\"font-weight: 400;\">Ele e a esposa, da Igreja Assembleia de Deus, viajam de moto a \u00e1reas remotas para evangelizar e fornecer ajuda social aos moradores.\u00a0<\/span><\/p>\n<blockquote class=\"instagram-media\" style=\"background: #FFF; border: 0; border-radius: 3px; box-shadow: 0 0 1px 0 rgba(0,0,0,0.5),0 1px 10px 0 rgba(0,0,0,0.15); margin: 1px; max-width: 540px; min-width: 326px; padding: 0; width: calc(100% - 2px);\" data-instgrm-captioned=\"\" data-instgrm-permalink=\"https:\/\/www.instagram.com\/reel\/DVtVFvPjgW_\/?utm_source=ig_embed&amp;utm_campaign=loading\" data-instgrm-version=\"14\"><p>&#13;<br \/>\n&#13;\n<\/p><\/blockquote>\n<p><span style=\"font-weight: 400;\">O casal j\u00e1 tem testemunhado os frutos do trabalho mission\u00e1rio, como a convers\u00e3o espont\u00e2nea de <\/span><span style=\"color: #800000;\"><strong>crian\u00e7as<\/strong><\/span><span style=\"font-weight: 400;\">.<\/span><\/p>\n<p><span style=\"font-weight: 400;\">Recentemente, Mikeias estava trabalhando na constru\u00e7\u00e3o de uma igreja, na cidade de Assis Brasil, quando tr\u00eas meninos se aproximaram e falaram que gostariam de aceitar Jesus.<\/span><\/p>\n<p><span style=\"font-weight: 400;\">\u201cEles vieram pedir para aceitar Jesus. Logo logo estar\u00e3o congregando na futura igreja Filad\u00e9lfia\u201d, contou o mission\u00e1rio.<\/span><\/p>\n<p><span style=\"font-weight: 400;\">O v\u00eddeo do momento, compartilhado pelo mission\u00e1rio no Instagram, mostra as crian\u00e7as recebendo ora\u00e7\u00e3o para entregarem suas vidas a Cristo.<\/span><\/p>\n<p><span style=\"font-weight: 400;\">\u201cSenhor, quero te apresentar essas crian\u00e7as, eles est\u00e3o confessando o teu nome como seu Salvador. Esp\u00edrito Santo, agora o Senhor vai fazer morada em seus cora\u00e7\u00f5es. O Senhor vai cuidar deles, n\u00e3o deixe que nenhum mal chegue na vida deles\u201d, orou Mikeias.<\/span><\/p>\n<p><span style=\"font-weight: 400;\">E acrescentou: \u201cQue eles possam ser um canal de b\u00ean\u00e7\u00e3o nesse templo que est\u00e1 sendo constru\u00eddo, eles v\u00e3o ser cantores, pregadores dessa gera\u00e7\u00e3o. Eu profetizo: dons espirituais a partir de hoje v\u00e3o ser aperfei\u00e7oados no decorrer da vida de voc\u00eas, em nome de Jesus, am\u00e9m!\u201d.<\/span><\/p>\n<p><span style=\"font-weight: 400;\">O v\u00eddeo j\u00e1 alcan\u00e7ou mais de 30 mil visualiza\u00e7\u00f5es e emocionou muitos usu\u00e1rios. \u201cDeus \u00e9 bom o tempo todo e continua salvando, independente da idade, ra\u00e7a, classe social ou etnia. A Ele toda gl\u00f3ria\u201d, escreveu um homem, nos coment\u00e1rios da publica\u00e7\u00e3o.<\/span><\/p>\n<blockquote class=\"instagram-media\" style=\"background: #FFF; border: 0; border-radius: 3px; box-shadow: 0 0 1px 0 rgba(0,0,0,0.5),0 1px 10px 0 rgba(0,0,0,0.15); margin: 1px; max-width: 540px; min-width: 326px; padding: 0; width: calc(100% - 2px);\" data-instgrm-captioned=\"\" data-instgrm-permalink=\"https:\/\/www.instagram.com\/reel\/DU1og__DLTR\/?utm_source=ig_embed&amp;utm_campaign=loading\" data-instgrm-version=\"14\"><p>&#13;<br \/>\n&#13;\n<\/p><\/blockquote>\n<p><span style=\"font-weight: 400;\">Com a ajuda de uma equipe formada por obreiros, o mission\u00e1rio Mikeias est\u00e1 construindo uma nova congrega\u00e7\u00e3o em Assis Brasil.\u00a0<\/span><\/p>\n<blockquote class=\"instagram-media\" style=\"background: #FFF; border: 0; border-radius: 3px; box-shadow: 0 0 1px 0 rgba(0,0,0,0.5),0 1px 10px 0 rgba(0,0,0,0.15); margin: 1px; max-width: 540px; min-width: 326px; padding: 0; width: calc(100% - 2px);\" data-instgrm-captioned=\"\" data-instgrm-permalink=\"https:\/\/www.instagram.com\/reel\/DVyxAhxDsoL\/?utm_source=ig_embed&amp;utm_campaign=loading\" data-instgrm-version=\"14\"><p>&#13;<br \/>\n&#13;\n<\/p><\/blockquote>\n<\/div>\n<p><script async src=\"\/\/www.instagram.com\/embed.js\"><\/script><br \/>\n<br \/><br \/>\n<br \/>Fonte: Guiame <\/p>\n","protected":false},"excerpt":{"rendered":"<p>O mission\u00e1rio Mikeias Thomaz, de 25 anos, tem mostrado em v\u00eddeos no Instagram os desafios de levar o Evangelho \u00e0 regi\u00e3o de selva no Acre. Ele e a esposa, da Igreja Assembleia de Deus, viajam de moto a \u00e1reas remotas para evangelizar e fornecer ajuda social aos moradores.\u00a0 &#13; &#13; O casal j\u00e1 tem testemunhado [&hellip;]<\/p>\n","protected":false},"author":1,"featured_media":5033,"comment_status":"","ping_status":"open","sticky":false,"template":"","format":"standard","meta":{"footnotes":""},"categories":[43],"tags":[],"class_list":["post-5032","post","type-post","status-publish","format-standard","has-post-thumbnail","hentry","category-destaques"],"yoast_head":"<!-- This site is optimized with the Yoast SEO plugin v26.8 - https:\/\/yoast.com\/product\/yoast-seo-wordpress\/ -->\n<title>Crian\u00e7as pedem a mission\u00e1rio para aceitar Jesus no Acre: \u2018Ser\u00e3o canais de b\u00ean\u00e7\u00e3os\u2019 - R\u00e1dio Porto Seguro<\/title>\n<meta name=\"robots\" content=\"index, follow, max-snippet:-1, max-image-preview:large, max-video-preview:-1\" \/>\n<link rel=\"canonical\" href=\"https:\/\/radioportoseguro.com.br\/site\/2026\/03\/14\/criancas-pedem-a-missionario-para-aceitar-jesus-no-acre-serao-canais-de-bencaos\/\" \/>\n<meta property=\"og:locale\" content=\"pt_BR\" \/>\n<meta property=\"og:type\" content=\"article\" \/>\n<meta property=\"og:title\" content=\"Crian\u00e7as pedem a mission\u00e1rio para aceitar Jesus no Acre: \u2018Ser\u00e3o canais de b\u00ean\u00e7\u00e3os\u2019 - R\u00e1dio Porto Seguro\" \/>\n<meta property=\"og:description\" content=\"O mission\u00e1rio Mikeias Thomaz, de 25 anos, tem mostrado em v\u00eddeos no Instagram os desafios de levar o Evangelho \u00e0 regi\u00e3o de selva no Acre. Ele e a esposa, da Igreja Assembleia de Deus, viajam de moto a \u00e1reas remotas para evangelizar e fornecer ajuda social aos moradores.\u00a0 &#013; &#013; O casal j\u00e1 tem testemunhado [&hellip;]\" \/>\n<meta property=\"og:url\" content=\"https:\/\/radioportoseguro.com.br\/site\/2026\/03\/14\/criancas-pedem-a-missionario-para-aceitar-jesus-no-acre-serao-canais-de-bencaos\/\" \/>\n<meta property=\"og:site_name\" content=\"R\u00e1dio Porto Seguro\" \/>\n<meta property=\"article:published_time\" content=\"2026-03-14T18:30:32+00:00\" \/>\n<meta property=\"og:image\" content=\"https:\/\/media.guiame.com.br\/archives\/2026\/03\/13\/729176861-acre.jpeg\" \/>\n<meta name=\"author\" content=\"admin\" \/>\n<meta name=\"twitter:card\" content=\"summary_large_image\" \/>\n<meta name=\"twitter:label1\" content=\"Escrito por\" \/>\n\t<meta name=\"twitter:data1\" content=\"admin\" \/>\n\t<meta name=\"twitter:label2\" content=\"Est. tempo de leitura\" \/>\n\t<meta name=\"twitter:data2\" content=\"2 minutos\" \/>\n<script type=\"application\/ld+json\" class=\"yoast-schema-graph\">{\"@context\":\"https:\/\/schema.org\",\"@graph\":[{\"@type\":\"Article\",\"@id\":\"https:\/\/radioportoseguro.com.br\/site\/2026\/03\/14\/criancas-pedem-a-missionario-para-aceitar-jesus-no-acre-serao-canais-de-bencaos\/#article\",\"isPartOf\":{\"@id\":\"https:\/\/radioportoseguro.com.br\/site\/2026\/03\/14\/criancas-pedem-a-missionario-para-aceitar-jesus-no-acre-serao-canais-de-bencaos\/\"},\"author\":{\"name\":\"admin\",\"@id\":\"https:\/\/radioportoseguro.com.br\/site\/#\/schema\/person\/7630acdc320186f13639d3c067ec089b\"},\"headline\":\"Crian\u00e7as pedem a mission\u00e1rio para aceitar Jesus no Acre: \u2018Ser\u00e3o canais de b\u00ean\u00e7\u00e3os\u2019\",\"datePublished\":\"2026-03-14T18:30:32+00:00\",\"mainEntityOfPage\":{\"@id\":\"https:\/\/radioportoseguro.com.br\/site\/2026\/03\/14\/criancas-pedem-a-missionario-para-aceitar-jesus-no-acre-serao-canais-de-bencaos\/\"},\"wordCount\":333,\"image\":{\"@id\":\"https:\/\/radioportoseguro.com.br\/site\/2026\/03\/14\/criancas-pedem-a-missionario-para-aceitar-jesus-no-acre-serao-canais-de-bencaos\/#primaryimage\"},\"thumbnailUrl\":\"https:\/\/radioportoseguro.com.br\/site\/wp-content\/uploads\/2026\/03\/729176861-acre.jpeg\",\"articleSection\":[\"Destaques\"],\"inLanguage\":\"pt-BR\"},{\"@type\":\"WebPage\",\"@id\":\"https:\/\/radioportoseguro.com.br\/site\/2026\/03\/14\/criancas-pedem-a-missionario-para-aceitar-jesus-no-acre-serao-canais-de-bencaos\/\",\"url\":\"https:\/\/radioportoseguro.com.br\/site\/2026\/03\/14\/criancas-pedem-a-missionario-para-aceitar-jesus-no-acre-serao-canais-de-bencaos\/\",\"name\":\"Crian\u00e7as pedem a mission\u00e1rio para aceitar Jesus no Acre: \u2018Ser\u00e3o canais de b\u00ean\u00e7\u00e3os\u2019 - R\u00e1dio Porto Seguro\",\"isPartOf\":{\"@id\":\"https:\/\/radioportoseguro.com.br\/site\/#website\"},\"primaryImageOfPage\":{\"@id\":\"https:\/\/radioportoseguro.com.br\/site\/2026\/03\/14\/criancas-pedem-a-missionario-para-aceitar-jesus-no-acre-serao-canais-de-bencaos\/#primaryimage\"},\"image\":{\"@id\":\"https:\/\/radioportoseguro.com.br\/site\/2026\/03\/14\/criancas-pedem-a-missionario-para-aceitar-jesus-no-acre-serao-canais-de-bencaos\/#primaryimage\"},\"thumbnailUrl\":\"https:\/\/radioportoseguro.com.br\/site\/wp-content\/uploads\/2026\/03\/729176861-acre.jpeg\",\"datePublished\":\"2026-03-14T18:30:32+00:00\",\"author\":{\"@id\":\"https:\/\/radioportoseguro.com.br\/site\/#\/schema\/person\/7630acdc320186f13639d3c067ec089b\"},\"breadcrumb\":{\"@id\":\"https:\/\/radioportoseguro.com.br\/site\/2026\/03\/14\/criancas-pedem-a-missionario-para-aceitar-jesus-no-acre-serao-canais-de-bencaos\/#breadcrumb\"},\"inLanguage\":\"pt-BR\",\"potentialAction\":[{\"@type\":\"ReadAction\",\"target\":[\"https:\/\/radioportoseguro.com.br\/site\/2026\/03\/14\/criancas-pedem-a-missionario-para-aceitar-jesus-no-acre-serao-canais-de-bencaos\/\"]}]},{\"@type\":\"ImageObject\",\"inLanguage\":\"pt-BR\",\"@id\":\"https:\/\/radioportoseguro.com.br\/site\/2026\/03\/14\/criancas-pedem-a-missionario-para-aceitar-jesus-no-acre-serao-canais-de-bencaos\/#primaryimage\",\"url\":\"https:\/\/radioportoseguro.com.br\/site\/wp-content\/uploads\/2026\/03\/729176861-acre.jpeg\",\"contentUrl\":\"https:\/\/radioportoseguro.com.br\/site\/wp-content\/uploads\/2026\/03\/729176861-acre.jpeg\",\"width\":1200,\"height\":600},{\"@type\":\"BreadcrumbList\",\"@id\":\"https:\/\/radioportoseguro.com.br\/site\/2026\/03\/14\/criancas-pedem-a-missionario-para-aceitar-jesus-no-acre-serao-canais-de-bencaos\/#breadcrumb\",\"itemListElement\":[{\"@type\":\"ListItem\",\"position\":1,\"name\":\"In\u00edcio\",\"item\":\"https:\/\/radioportoseguro.com.br\/site\/\"},{\"@type\":\"ListItem\",\"position\":2,\"name\":\"Crian\u00e7as pedem a mission\u00e1rio para aceitar Jesus no Acre: \u2018Ser\u00e3o canais de b\u00ean\u00e7\u00e3os\u2019\"}]},{\"@type\":\"WebSite\",\"@id\":\"https:\/\/radioportoseguro.com.br\/site\/#website\",\"url\":\"https:\/\/radioportoseguro.com.br\/site\/\",\"name\":\"R\u00e1dio Porto Seguro\",\"description\":\"\",\"potentialAction\":[{\"@type\":\"SearchAction\",\"target\":{\"@type\":\"EntryPoint\",\"urlTemplate\":\"https:\/\/radioportoseguro.com.br\/site\/?s={search_term_string}\"},\"query-input\":{\"@type\":\"PropertyValueSpecification\",\"valueRequired\":true,\"valueName\":\"search_term_string\"}}],\"inLanguage\":\"pt-BR\"},{\"@type\":\"Person\",\"@id\":\"https:\/\/radioportoseguro.com.br\/site\/#\/schema\/person\/7630acdc320186f13639d3c067ec089b\",\"name\":\"admin\",\"image\":{\"@type\":\"ImageObject\",\"inLanguage\":\"pt-BR\",\"@id\":\"https:\/\/radioportoseguro.com.br\/site\/#\/schema\/person\/image\/\",\"url\":\"https:\/\/secure.gravatar.com\/avatar\/caacf4dc1eedb68fab0df8e1ed46c448e578b2466351bbcb61e47d2ac0caaef0?s=96&d=mm&r=g\",\"contentUrl\":\"https:\/\/secure.gravatar.com\/avatar\/caacf4dc1eedb68fab0df8e1ed46c448e578b2466351bbcb61e47d2ac0caaef0?s=96&d=mm&r=g\",\"caption\":\"admin\"},\"sameAs\":[\"https:\/\/radioportoseguro.com.br\/site\"],\"url\":\"https:\/\/radioportoseguro.com.br\/site\/author\/hezio\/\"}]}<\/script>\n<!-- \/ Yoast SEO plugin. -->","yoast_head_json":{"title":"Crian\u00e7as pedem a mission\u00e1rio para aceitar Jesus no Acre: \u2018Ser\u00e3o canais de b\u00ean\u00e7\u00e3os\u2019 - R\u00e1dio Porto Seguro","robots":{"index":"index","follow":"follow","max-snippet":"max-snippet:-1","max-image-preview":"max-image-preview:large","max-video-preview":"max-video-preview:-1"},"canonical":"https:\/\/radioportoseguro.com.br\/site\/2026\/03\/14\/criancas-pedem-a-missionario-para-aceitar-jesus-no-acre-serao-canais-de-bencaos\/","og_locale":"pt_BR","og_type":"article","og_title":"Crian\u00e7as pedem a mission\u00e1rio para aceitar Jesus no Acre: \u2018Ser\u00e3o canais de b\u00ean\u00e7\u00e3os\u2019 - R\u00e1dio Porto Seguro","og_description":"O mission\u00e1rio Mikeias Thomaz, de 25 anos, tem mostrado em v\u00eddeos no Instagram os desafios de levar o Evangelho \u00e0 regi\u00e3o de selva no Acre. Ele e a esposa, da Igreja Assembleia de Deus, viajam de moto a \u00e1reas remotas para evangelizar e fornecer ajuda social aos moradores.\u00a0 &#13; &#13; O casal j\u00e1 tem testemunhado [&hellip;]","og_url":"https:\/\/radioportoseguro.com.br\/site\/2026\/03\/14\/criancas-pedem-a-missionario-para-aceitar-jesus-no-acre-serao-canais-de-bencaos\/","og_site_name":"R\u00e1dio Porto Seguro","article_published_time":"2026-03-14T18:30:32+00:00","og_image":[{"url":"https:\/\/media.guiame.com.br\/archives\/2026\/03\/13\/729176861-acre.jpeg","type":"","width":"","height":""}],"author":"admin","twitter_card":"summary_large_image","twitter_misc":{"Escrito por":"admin","Est. tempo de leitura":"2 minutos"},"schema":{"@context":"https:\/\/schema.org","@graph":[{"@type":"Article","@id":"https:\/\/radioportoseguro.com.br\/site\/2026\/03\/14\/criancas-pedem-a-missionario-para-aceitar-jesus-no-acre-serao-canais-de-bencaos\/#article","isPartOf":{"@id":"https:\/\/radioportoseguro.com.br\/site\/2026\/03\/14\/criancas-pedem-a-missionario-para-aceitar-jesus-no-acre-serao-canais-de-bencaos\/"},"author":{"name":"admin","@id":"https:\/\/radioportoseguro.com.br\/site\/#\/schema\/person\/7630acdc320186f13639d3c067ec089b"},"headline":"Crian\u00e7as pedem a mission\u00e1rio para aceitar Jesus no Acre: \u2018Ser\u00e3o canais de b\u00ean\u00e7\u00e3os\u2019","datePublished":"2026-03-14T18:30:32+00:00","mainEntityOfPage":{"@id":"https:\/\/radioportoseguro.com.br\/site\/2026\/03\/14\/criancas-pedem-a-missionario-para-aceitar-jesus-no-acre-serao-canais-de-bencaos\/"},"wordCount":333,"image":{"@id":"https:\/\/radioportoseguro.com.br\/site\/2026\/03\/14\/criancas-pedem-a-missionario-para-aceitar-jesus-no-acre-serao-canais-de-bencaos\/#primaryimage"},"thumbnailUrl":"https:\/\/radioportoseguro.com.br\/site\/wp-content\/uploads\/2026\/03\/729176861-acre.jpeg","articleSection":["Destaques"],"inLanguage":"pt-BR"},{"@type":"WebPage","@id":"https:\/\/radioportoseguro.com.br\/site\/2026\/03\/14\/criancas-pedem-a-missionario-para-aceitar-jesus-no-acre-serao-canais-de-bencaos\/","url":"https:\/\/radioportoseguro.com.br\/site\/2026\/03\/14\/criancas-pedem-a-missionario-para-aceitar-jesus-no-acre-serao-canais-de-bencaos\/","name":"Crian\u00e7as pedem a mission\u00e1rio para aceitar Jesus no Acre: \u2018Ser\u00e3o canais de b\u00ean\u00e7\u00e3os\u2019 - R\u00e1dio Porto Seguro","isPartOf":{"@id":"https:\/\/radioportoseguro.com.br\/site\/#website"},"primaryImageOfPage":{"@id":"https:\/\/radioportoseguro.com.br\/site\/2026\/03\/14\/criancas-pedem-a-missionario-para-aceitar-jesus-no-acre-serao-canais-de-bencaos\/#primaryimage"},"image":{"@id":"https:\/\/radioportoseguro.com.br\/site\/2026\/03\/14\/criancas-pedem-a-missionario-para-aceitar-jesus-no-acre-serao-canais-de-bencaos\/#primaryimage"},"thumbnailUrl":"https:\/\/radioportoseguro.com.br\/site\/wp-content\/uploads\/2026\/03\/729176861-acre.jpeg","datePublished":"2026-03-14T18:30:32+00:00","author":{"@id":"https:\/\/radioportoseguro.com.br\/site\/#\/schema\/person\/7630acdc320186f13639d3c067ec089b"},"breadcrumb":{"@id":"https:\/\/radioportoseguro.com.br\/site\/2026\/03\/14\/criancas-pedem-a-missionario-para-aceitar-jesus-no-acre-serao-canais-de-bencaos\/#breadcrumb"},"inLanguage":"pt-BR","potentialAction":[{"@type":"ReadAction","target":["https:\/\/radioportoseguro.com.br\/site\/2026\/03\/14\/criancas-pedem-a-missionario-para-aceitar-jesus-no-acre-serao-canais-de-bencaos\/"]}]},{"@type":"ImageObject","inLanguage":"pt-BR","@id":"https:\/\/radioportoseguro.com.br\/site\/2026\/03\/14\/criancas-pedem-a-missionario-para-aceitar-jesus-no-acre-serao-canais-de-bencaos\/#primaryimage","url":"https:\/\/radioportoseguro.com.br\/site\/wp-content\/uploads\/2026\/03\/729176861-acre.jpeg","contentUrl":"https:\/\/radioportoseguro.com.br\/site\/wp-content\/uploads\/2026\/03\/729176861-acre.jpeg","width":1200,"height":600},{"@type":"BreadcrumbList","@id":"https:\/\/radioportoseguro.com.br\/site\/2026\/03\/14\/criancas-pedem-a-missionario-para-aceitar-jesus-no-acre-serao-canais-de-bencaos\/#breadcrumb","itemListElement":[{"@type":"ListItem","position":1,"name":"In\u00edcio","item":"https:\/\/radioportoseguro.com.br\/site\/"},{"@type":"ListItem","position":2,"name":"Crian\u00e7as pedem a mission\u00e1rio para aceitar Jesus no Acre: \u2018Ser\u00e3o canais de b\u00ean\u00e7\u00e3os\u2019"}]},{"@type":"WebSite","@id":"https:\/\/radioportoseguro.com.br\/site\/#website","url":"https:\/\/radioportoseguro.com.br\/site\/","name":"R\u00e1dio Porto Seguro","description":"","potentialAction":[{"@type":"SearchAction","target":{"@type":"EntryPoint","urlTemplate":"https:\/\/radioportoseguro.com.br\/site\/?s={search_term_string}"},"query-input":{"@type":"PropertyValueSpecification","valueRequired":true,"valueName":"search_term_string"}}],"inLanguage":"pt-BR"},{"@type":"Person","@id":"https:\/\/radioportoseguro.com.br\/site\/#\/schema\/person\/7630acdc320186f13639d3c067ec089b","name":"admin","image":{"@type":"ImageObject","inLanguage":"pt-BR","@id":"https:\/\/radioportoseguro.com.br\/site\/#\/schema\/person\/image\/","url":"https:\/\/secure.gravatar.com\/avatar\/caacf4dc1eedb68fab0df8e1ed46c448e578b2466351bbcb61e47d2ac0caaef0?s=96&d=mm&r=g","contentUrl":"https:\/\/secure.gravatar.com\/avatar\/caacf4dc1eedb68fab0df8e1ed46c448e578b2466351bbcb61e47d2ac0caaef0?s=96&d=mm&r=g","caption":"admin"},"sameAs":["https:\/\/radioportoseguro.com.br\/site"],"url":"https:\/\/radioportoseguro.com.br\/site\/author\/hezio\/"}]}},"_links":{"self":[{"href":"https:\/\/radioportoseguro.com.br\/site\/wp-json\/wp\/v2\/posts\/5032","targetHints":{"allow":["GET"]}}],"collection":[{"href":"https:\/\/radioportoseguro.com.br\/site\/wp-json\/wp\/v2\/posts"}],"about":[{"href":"https:\/\/radioportoseguro.com.br\/site\/wp-json\/wp\/v2\/types\/post"}],"author":[{"embeddable":true,"href":"https:\/\/radioportoseguro.com.br\/site\/wp-json\/wp\/v2\/users\/1"}],"replies":[{"embeddable":true,"href":"https:\/\/radioportoseguro.com.br\/site\/wp-json\/wp\/v2\/comments?post=5032"}],"version-history":[{"count":0,"href":"https:\/\/radioportoseguro.com.br\/site\/wp-json\/wp\/v2\/posts\/5032\/revisions"}],"wp:featuredmedia":[{"embeddable":true,"href":"https:\/\/radioportoseguro.com.br\/site\/wp-json\/wp\/v2\/media\/5033"}],"wp:attachment":[{"href":"https:\/\/radioportoseguro.com.br\/site\/wp-json\/wp\/v2\/media?parent=5032"}],"wp:term":[{"taxonomy":"category","embeddable":true,"href":"https:\/\/radioportoseguro.com.br\/site\/wp-json\/wp\/v2\/categories?post=5032"},{"taxonomy":"post_tag","embeddable":true,"href":"https:\/\/radioportoseguro.com.br\/site\/wp-json\/wp\/v2\/tags?post=5032"}],"curies":[{"name":"wp","href":"https:\/\/api.w.org\/{rel}","templated":true}]}}