{"id":5054,"date":"2026-03-15T03:46:53","date_gmt":"2026-03-15T06:46:53","guid":{"rendered":"https:\/\/radioportoseguro.com.br\/site\/2026\/03\/15\/a-mulher-e-a-essencia-da-familia\/"},"modified":"2026-03-15T03:46:53","modified_gmt":"2026-03-15T06:46:53","slug":"a-mulher-e-a-essencia-da-familia","status":"publish","type":"post","link":"https:\/\/radioportoseguro.com.br\/site\/2026\/03\/15\/a-mulher-e-a-essencia-da-familia\/","title":{"rendered":"A mulher \u00e9 a ess\u00eancia da fam\u00edlia"},"content":{"rendered":"<p><br \/>\n<br \/><\/p>\n<div>\n<p>Quem \u00e9 crist\u00e3o sabe que a fam\u00edlia nasceu no cora\u00e7\u00e3o de Deus e fez parte de seu projeto desde a cria\u00e7\u00e3o, no \u00c9den. A B\u00edblia relata que Deus criou o homem, formou a mulher a partir dele e, a partir dessa uni\u00e3o, surgiram os descendentes. Essa associa\u00e7\u00e3o \u00e9 o que chamamos de fam\u00edlia.<\/p>\n<p>Como est\u00e1 escrito: <em>\u201cCriou Deus o homem \u00e0 sua imagem; \u00e0 imagem de Deus o criou; homem e mulher os criou.\u201d<\/em> (G\u00eanesis 1:27).<\/p>\n<p>E tamb\u00e9m: <em>\u201cPor isso deixar\u00e1 o homem seu pai e sua m\u00e3e e se unir\u00e1 \u00e0 sua mulher, e ser\u00e3o ambos uma s\u00f3 carne.\u201d<\/em> (G\u00eanesis 2:24).<\/p>\n<p>Todos na fam\u00edlia s\u00e3o importantes, mas a mulher costuma ocupar um espa\u00e7o \u00fanico, que traz equil\u00edbrio e sentido ao lar. Por isso, ela tem sido a ess\u00eancia da fam\u00edlia.<\/p>\n<p>Ess\u00eancia \u00e9 aquilo que revela a identidade interior, os valores, o car\u00e1ter e o prop\u00f3sito que sustentam e d\u00e3o vida \u00e0s rela\u00e7\u00f5es.<\/p>\n<p>A mulher n\u00e3o \u00e9 superior aos demais, mas desempenha um papel essencial, sendo muitas vezes respons\u00e1vel pelo cuidado, pelo afeto e pela manuten\u00e7\u00e3o dos la\u00e7os que sustentam a fam\u00edlia.<\/p>\n<p>A B\u00edblia reconhece esse valor quando afirma: <em>\u201cA mulher s\u00e1bia edifica a sua casa\u201d<\/em> (Prov\u00e9rbios 31), nos lembrando que a fam\u00edlia come\u00e7a no cora\u00e7\u00e3o de quem ama e serve. Esse registro destaca de forma clara o cuidado da mulher com a fam\u00edlia.<\/p>\n<p>O texto, atribu\u00eddo ao rei Lemuel, mostra um homem que reconhece esse papel e valoriza as qualidades da mulher no dia a dia e no cuidado com a fam\u00edlia.<\/p>\n<p>Nele, a mulher \u00e9 apresentada como diligente, s\u00e1bia e dedicada ao bem-estar de seu lar, exercendo uma influ\u00eancia decisiva na estabilidade e prosperidade da casa.<\/p>\n<p>Esse retrato b\u00edblico vai al\u00e9m das tarefas dom\u00e9sticas. Ele mostra uma mulher ativa, s\u00e1bia e comprometida com o bem de todos ao seu redor.<\/p>\n<p>O pr\u00f3prio texto b\u00edblico afirma: <em>\u201cEscolhe a l\u00e3 e o linho e com prazer trabalha com as m\u00e3os\u201d<\/em> (Prov\u00e9rbios 31:13); <em>\u201cAntes de clarear o dia ela se levanta, prepara comida para todos os de casa e d\u00e1 tarefas \u00e0s suas servas\u201d<\/em> (Prov\u00e9rbios 31:15); e ainda <em>\u201cAdministra os neg\u00f3cios de sua casa e n\u00e3o d\u00e1 lugar \u00e0 pregui\u00e7a\u201d<\/em> (Prov\u00e9rbios 31:27).<\/p>\n<p>Esses vers\u00edculos mostram que, na vis\u00e3o b\u00edblica, a mulher tem um papel essencial no cuidado, na organiza\u00e7\u00e3o e no sustento da fam\u00edlia. Sua sabedoria e dedica\u00e7\u00e3o ajudam diretamente a fortalecer e edificar o lar.<\/p>\n<p>Ao longo da hist\u00f3ria, a mulher tem sido reconhecida como aquela que cuida, acolhe e mant\u00e9m o lar como um espa\u00e7o de prote\u00e7\u00e3o, crescimento e uni\u00e3o entre a fam\u00edlia \u2013 sendo o cora\u00e7\u00e3o do lar.<\/p>\n<p>Nos dias de hoje, marcados por muitas press\u00f5es, mudan\u00e7as r\u00e1pidas e uma rotina cada vez mais corrida, o papel da mulher na fam\u00edlia se torna ainda mais importante.<\/p>\n<p>Muitas mulheres precisam equilibrar trabalho, desafios pessoais e o cuidado com os relacionamentos familiares. Nesse contexto, a f\u00e9 surge como fonte de for\u00e7a e sabedoria, lembrando que o valor da mulher n\u00e3o est\u00e1 apenas no que ela faz, mas na influ\u00eancia que tem na forma\u00e7\u00e3o das pessoas e na constru\u00e7\u00e3o de um legado de valores.<\/p>\n<p>Celebrar a mulher \u00e9 reconhecer sua import\u00e2ncia sem reduzi-la a expectativas ou r\u00f3tulos.<\/p>\n<p>Cada mulher, com sua hist\u00f3ria \u00fanica, contribui de maneira especial para a fam\u00edlia, seja como m\u00e3e, av\u00f3, filha, esposa ou cuidadora. Sua dignidade vem de Deus, que a criou com prop\u00f3sito, valor e capacidade de transformar ambientes por meio do amor.<\/p>\n<p>Neste m\u00eas dedicado \u00e0s mulheres, fica o convite \u00e0 gratid\u00e3o e ao reconhecimento. Que cada mulher se sinta honrada, fortalecida e valorizada, sabendo que sua presen\u00e7a faz diferen\u00e7a real e profunda.<\/p>\n<p>A fam\u00edlia se fortalece onde h\u00e1 amor, e muitas vezes esse amor se expressa de forma constante e fiel por meio da mulher.<\/p>\n<p>O Pai ama voc\u00ea!<\/p>\n<p>\u00a0<\/p>\n<p><strong>Darci Louren\u00e7\u00e3o<\/strong> (@pra_darci_lourencao) \u00e9 psic\u00f3loga, pastora, coach, escritora e conferencista. Foi De\u00e3 e Professora de Aconselhamento Crist\u00e3o. Autora dos livros \u201cNa intimidade h\u00e1 cura\u201d, \u201cA equa\u00e7\u00e3o do amor\u201d, \u201cViva sem compuls\u00e3o\u201d e \u201cDevocional Minha Fam\u00edlia no Altar\u201d.<\/p>\n<p><em>* O conte\u00fado do texto acima \u00e9 de colabora\u00e7\u00e3o volunt\u00e1ria, seu teor \u00e9 de total responsabilidade do autor e n\u00e3o reflete necessariamente a opini\u00e3o do Portal Guiame.<\/em><\/p>\n<p>Leia o artigo anterior: <span style=\"color: #800000;\"><strong>A gra\u00e7a que assiste as mulheres<\/strong><\/span><\/p>\n<\/div>\n<p><br \/>\n<br \/>Fonte: Guiame <\/p>\n","protected":false},"excerpt":{"rendered":"<p>Quem \u00e9 crist\u00e3o sabe que a fam\u00edlia nasceu no cora\u00e7\u00e3o de Deus e fez parte de seu projeto desde a cria\u00e7\u00e3o, no \u00c9den. A B\u00edblia relata que Deus criou o homem, formou a mulher a partir dele e, a partir dessa uni\u00e3o, surgiram os descendentes. Essa associa\u00e7\u00e3o \u00e9 o que chamamos de fam\u00edlia. Como est\u00e1 [&hellip;]<\/p>\n","protected":false},"author":1,"featured_media":5055,"comment_status":"","ping_status":"open","sticky":false,"template":"","format":"standard","meta":{"footnotes":""},"categories":[43],"tags":[],"class_list":["post-5054","post","type-post","status-publish","format-standard","has-post-thumbnail","hentry","category-destaques"],"yoast_head":"<!-- This site is optimized with the Yoast SEO plugin v26.8 - https:\/\/yoast.com\/product\/yoast-seo-wordpress\/ -->\n<title>A mulher \u00e9 a ess\u00eancia da fam\u00edlia - R\u00e1dio Porto Seguro<\/title>\n<meta name=\"robots\" content=\"index, follow, max-snippet:-1, max-image-preview:large, max-video-preview:-1\" \/>\n<link rel=\"canonical\" href=\"https:\/\/radioportoseguro.com.br\/site\/2026\/03\/15\/a-mulher-e-a-essencia-da-familia\/\" \/>\n<meta property=\"og:locale\" content=\"pt_BR\" \/>\n<meta property=\"og:type\" content=\"article\" \/>\n<meta property=\"og:title\" content=\"A mulher \u00e9 a ess\u00eancia da fam\u00edlia - R\u00e1dio Porto Seguro\" \/>\n<meta property=\"og:description\" content=\"Quem \u00e9 crist\u00e3o sabe que a fam\u00edlia nasceu no cora\u00e7\u00e3o de Deus e fez parte de seu projeto desde a cria\u00e7\u00e3o, no \u00c9den. A B\u00edblia relata que Deus criou o homem, formou a mulher a partir dele e, a partir dessa uni\u00e3o, surgiram os descendentes. Essa associa\u00e7\u00e3o \u00e9 o que chamamos de fam\u00edlia. Como est\u00e1 [&hellip;]\" \/>\n<meta property=\"og:url\" content=\"https:\/\/radioportoseguro.com.br\/site\/2026\/03\/15\/a-mulher-e-a-essencia-da-familia\/\" \/>\n<meta property=\"og:site_name\" content=\"R\u00e1dio Porto Seguro\" \/>\n<meta property=\"article:published_time\" content=\"2026-03-15T06:46:53+00:00\" \/>\n<meta property=\"og:image\" content=\"https:\/\/media.guiame.com.br\/archives\/2026\/03\/13\/157602895-mulher.png\" \/>\n<meta name=\"author\" content=\"admin\" \/>\n<meta name=\"twitter:card\" content=\"summary_large_image\" \/>\n<meta name=\"twitter:label1\" content=\"Escrito por\" \/>\n\t<meta name=\"twitter:data1\" content=\"admin\" \/>\n\t<meta name=\"twitter:label2\" content=\"Est. tempo de leitura\" \/>\n\t<meta name=\"twitter:data2\" content=\"4 minutos\" \/>\n<script type=\"application\/ld+json\" class=\"yoast-schema-graph\">{\"@context\":\"https:\/\/schema.org\",\"@graph\":[{\"@type\":\"Article\",\"@id\":\"https:\/\/radioportoseguro.com.br\/site\/2026\/03\/15\/a-mulher-e-a-essencia-da-familia\/#article\",\"isPartOf\":{\"@id\":\"https:\/\/radioportoseguro.com.br\/site\/2026\/03\/15\/a-mulher-e-a-essencia-da-familia\/\"},\"author\":{\"name\":\"admin\",\"@id\":\"https:\/\/radioportoseguro.com.br\/site\/#\/schema\/person\/7630acdc320186f13639d3c067ec089b\"},\"headline\":\"A mulher \u00e9 a ess\u00eancia da fam\u00edlia\",\"datePublished\":\"2026-03-15T06:46:53+00:00\",\"mainEntityOfPage\":{\"@id\":\"https:\/\/radioportoseguro.com.br\/site\/2026\/03\/15\/a-mulher-e-a-essencia-da-familia\/\"},\"wordCount\":789,\"image\":{\"@id\":\"https:\/\/radioportoseguro.com.br\/site\/2026\/03\/15\/a-mulher-e-a-essencia-da-familia\/#primaryimage\"},\"thumbnailUrl\":\"https:\/\/radioportoseguro.com.br\/site\/wp-content\/uploads\/2026\/03\/157602895-mulher.png\",\"articleSection\":[\"Destaques\"],\"inLanguage\":\"pt-BR\"},{\"@type\":\"WebPage\",\"@id\":\"https:\/\/radioportoseguro.com.br\/site\/2026\/03\/15\/a-mulher-e-a-essencia-da-familia\/\",\"url\":\"https:\/\/radioportoseguro.com.br\/site\/2026\/03\/15\/a-mulher-e-a-essencia-da-familia\/\",\"name\":\"A mulher \u00e9 a ess\u00eancia da fam\u00edlia - R\u00e1dio Porto Seguro\",\"isPartOf\":{\"@id\":\"https:\/\/radioportoseguro.com.br\/site\/#website\"},\"primaryImageOfPage\":{\"@id\":\"https:\/\/radioportoseguro.com.br\/site\/2026\/03\/15\/a-mulher-e-a-essencia-da-familia\/#primaryimage\"},\"image\":{\"@id\":\"https:\/\/radioportoseguro.com.br\/site\/2026\/03\/15\/a-mulher-e-a-essencia-da-familia\/#primaryimage\"},\"thumbnailUrl\":\"https:\/\/radioportoseguro.com.br\/site\/wp-content\/uploads\/2026\/03\/157602895-mulher.png\",\"datePublished\":\"2026-03-15T06:46:53+00:00\",\"author\":{\"@id\":\"https:\/\/radioportoseguro.com.br\/site\/#\/schema\/person\/7630acdc320186f13639d3c067ec089b\"},\"breadcrumb\":{\"@id\":\"https:\/\/radioportoseguro.com.br\/site\/2026\/03\/15\/a-mulher-e-a-essencia-da-familia\/#breadcrumb\"},\"inLanguage\":\"pt-BR\",\"potentialAction\":[{\"@type\":\"ReadAction\",\"target\":[\"https:\/\/radioportoseguro.com.br\/site\/2026\/03\/15\/a-mulher-e-a-essencia-da-familia\/\"]}]},{\"@type\":\"ImageObject\",\"inLanguage\":\"pt-BR\",\"@id\":\"https:\/\/radioportoseguro.com.br\/site\/2026\/03\/15\/a-mulher-e-a-essencia-da-familia\/#primaryimage\",\"url\":\"https:\/\/radioportoseguro.com.br\/site\/wp-content\/uploads\/2026\/03\/157602895-mulher.png\",\"contentUrl\":\"https:\/\/radioportoseguro.com.br\/site\/wp-content\/uploads\/2026\/03\/157602895-mulher.png\",\"width\":1200,\"height\":600},{\"@type\":\"BreadcrumbList\",\"@id\":\"https:\/\/radioportoseguro.com.br\/site\/2026\/03\/15\/a-mulher-e-a-essencia-da-familia\/#breadcrumb\",\"itemListElement\":[{\"@type\":\"ListItem\",\"position\":1,\"name\":\"In\u00edcio\",\"item\":\"https:\/\/radioportoseguro.com.br\/site\/\"},{\"@type\":\"ListItem\",\"position\":2,\"name\":\"A mulher \u00e9 a ess\u00eancia da fam\u00edlia\"}]},{\"@type\":\"WebSite\",\"@id\":\"https:\/\/radioportoseguro.com.br\/site\/#website\",\"url\":\"https:\/\/radioportoseguro.com.br\/site\/\",\"name\":\"R\u00e1dio Porto Seguro\",\"description\":\"\",\"potentialAction\":[{\"@type\":\"SearchAction\",\"target\":{\"@type\":\"EntryPoint\",\"urlTemplate\":\"https:\/\/radioportoseguro.com.br\/site\/?s={search_term_string}\"},\"query-input\":{\"@type\":\"PropertyValueSpecification\",\"valueRequired\":true,\"valueName\":\"search_term_string\"}}],\"inLanguage\":\"pt-BR\"},{\"@type\":\"Person\",\"@id\":\"https:\/\/radioportoseguro.com.br\/site\/#\/schema\/person\/7630acdc320186f13639d3c067ec089b\",\"name\":\"admin\",\"image\":{\"@type\":\"ImageObject\",\"inLanguage\":\"pt-BR\",\"@id\":\"https:\/\/radioportoseguro.com.br\/site\/#\/schema\/person\/image\/\",\"url\":\"https:\/\/secure.gravatar.com\/avatar\/caacf4dc1eedb68fab0df8e1ed46c448e578b2466351bbcb61e47d2ac0caaef0?s=96&d=mm&r=g\",\"contentUrl\":\"https:\/\/secure.gravatar.com\/avatar\/caacf4dc1eedb68fab0df8e1ed46c448e578b2466351bbcb61e47d2ac0caaef0?s=96&d=mm&r=g\",\"caption\":\"admin\"},\"sameAs\":[\"https:\/\/radioportoseguro.com.br\/site\"],\"url\":\"https:\/\/radioportoseguro.com.br\/site\/author\/hezio\/\"}]}<\/script>\n<!-- \/ Yoast SEO plugin. -->","yoast_head_json":{"title":"A mulher \u00e9 a ess\u00eancia da fam\u00edlia - R\u00e1dio Porto Seguro","robots":{"index":"index","follow":"follow","max-snippet":"max-snippet:-1","max-image-preview":"max-image-preview:large","max-video-preview":"max-video-preview:-1"},"canonical":"https:\/\/radioportoseguro.com.br\/site\/2026\/03\/15\/a-mulher-e-a-essencia-da-familia\/","og_locale":"pt_BR","og_type":"article","og_title":"A mulher \u00e9 a ess\u00eancia da fam\u00edlia - R\u00e1dio Porto Seguro","og_description":"Quem \u00e9 crist\u00e3o sabe que a fam\u00edlia nasceu no cora\u00e7\u00e3o de Deus e fez parte de seu projeto desde a cria\u00e7\u00e3o, no \u00c9den. A B\u00edblia relata que Deus criou o homem, formou a mulher a partir dele e, a partir dessa uni\u00e3o, surgiram os descendentes. Essa associa\u00e7\u00e3o \u00e9 o que chamamos de fam\u00edlia. Como est\u00e1 [&hellip;]","og_url":"https:\/\/radioportoseguro.com.br\/site\/2026\/03\/15\/a-mulher-e-a-essencia-da-familia\/","og_site_name":"R\u00e1dio Porto Seguro","article_published_time":"2026-03-15T06:46:53+00:00","og_image":[{"url":"https:\/\/media.guiame.com.br\/archives\/2026\/03\/13\/157602895-mulher.png","type":"","width":"","height":""}],"author":"admin","twitter_card":"summary_large_image","twitter_misc":{"Escrito por":"admin","Est. tempo de leitura":"4 minutos"},"schema":{"@context":"https:\/\/schema.org","@graph":[{"@type":"Article","@id":"https:\/\/radioportoseguro.com.br\/site\/2026\/03\/15\/a-mulher-e-a-essencia-da-familia\/#article","isPartOf":{"@id":"https:\/\/radioportoseguro.com.br\/site\/2026\/03\/15\/a-mulher-e-a-essencia-da-familia\/"},"author":{"name":"admin","@id":"https:\/\/radioportoseguro.com.br\/site\/#\/schema\/person\/7630acdc320186f13639d3c067ec089b"},"headline":"A mulher \u00e9 a ess\u00eancia da fam\u00edlia","datePublished":"2026-03-15T06:46:53+00:00","mainEntityOfPage":{"@id":"https:\/\/radioportoseguro.com.br\/site\/2026\/03\/15\/a-mulher-e-a-essencia-da-familia\/"},"wordCount":789,"image":{"@id":"https:\/\/radioportoseguro.com.br\/site\/2026\/03\/15\/a-mulher-e-a-essencia-da-familia\/#primaryimage"},"thumbnailUrl":"https:\/\/radioportoseguro.com.br\/site\/wp-content\/uploads\/2026\/03\/157602895-mulher.png","articleSection":["Destaques"],"inLanguage":"pt-BR"},{"@type":"WebPage","@id":"https:\/\/radioportoseguro.com.br\/site\/2026\/03\/15\/a-mulher-e-a-essencia-da-familia\/","url":"https:\/\/radioportoseguro.com.br\/site\/2026\/03\/15\/a-mulher-e-a-essencia-da-familia\/","name":"A mulher \u00e9 a ess\u00eancia da fam\u00edlia - R\u00e1dio Porto Seguro","isPartOf":{"@id":"https:\/\/radioportoseguro.com.br\/site\/#website"},"primaryImageOfPage":{"@id":"https:\/\/radioportoseguro.com.br\/site\/2026\/03\/15\/a-mulher-e-a-essencia-da-familia\/#primaryimage"},"image":{"@id":"https:\/\/radioportoseguro.com.br\/site\/2026\/03\/15\/a-mulher-e-a-essencia-da-familia\/#primaryimage"},"thumbnailUrl":"https:\/\/radioportoseguro.com.br\/site\/wp-content\/uploads\/2026\/03\/157602895-mulher.png","datePublished":"2026-03-15T06:46:53+00:00","author":{"@id":"https:\/\/radioportoseguro.com.br\/site\/#\/schema\/person\/7630acdc320186f13639d3c067ec089b"},"breadcrumb":{"@id":"https:\/\/radioportoseguro.com.br\/site\/2026\/03\/15\/a-mulher-e-a-essencia-da-familia\/#breadcrumb"},"inLanguage":"pt-BR","potentialAction":[{"@type":"ReadAction","target":["https:\/\/radioportoseguro.com.br\/site\/2026\/03\/15\/a-mulher-e-a-essencia-da-familia\/"]}]},{"@type":"ImageObject","inLanguage":"pt-BR","@id":"https:\/\/radioportoseguro.com.br\/site\/2026\/03\/15\/a-mulher-e-a-essencia-da-familia\/#primaryimage","url":"https:\/\/radioportoseguro.com.br\/site\/wp-content\/uploads\/2026\/03\/157602895-mulher.png","contentUrl":"https:\/\/radioportoseguro.com.br\/site\/wp-content\/uploads\/2026\/03\/157602895-mulher.png","width":1200,"height":600},{"@type":"BreadcrumbList","@id":"https:\/\/radioportoseguro.com.br\/site\/2026\/03\/15\/a-mulher-e-a-essencia-da-familia\/#breadcrumb","itemListElement":[{"@type":"ListItem","position":1,"name":"In\u00edcio","item":"https:\/\/radioportoseguro.com.br\/site\/"},{"@type":"ListItem","position":2,"name":"A mulher \u00e9 a ess\u00eancia da fam\u00edlia"}]},{"@type":"WebSite","@id":"https:\/\/radioportoseguro.com.br\/site\/#website","url":"https:\/\/radioportoseguro.com.br\/site\/","name":"R\u00e1dio Porto Seguro","description":"","potentialAction":[{"@type":"SearchAction","target":{"@type":"EntryPoint","urlTemplate":"https:\/\/radioportoseguro.com.br\/site\/?s={search_term_string}"},"query-input":{"@type":"PropertyValueSpecification","valueRequired":true,"valueName":"search_term_string"}}],"inLanguage":"pt-BR"},{"@type":"Person","@id":"https:\/\/radioportoseguro.com.br\/site\/#\/schema\/person\/7630acdc320186f13639d3c067ec089b","name":"admin","image":{"@type":"ImageObject","inLanguage":"pt-BR","@id":"https:\/\/radioportoseguro.com.br\/site\/#\/schema\/person\/image\/","url":"https:\/\/secure.gravatar.com\/avatar\/caacf4dc1eedb68fab0df8e1ed46c448e578b2466351bbcb61e47d2ac0caaef0?s=96&d=mm&r=g","contentUrl":"https:\/\/secure.gravatar.com\/avatar\/caacf4dc1eedb68fab0df8e1ed46c448e578b2466351bbcb61e47d2ac0caaef0?s=96&d=mm&r=g","caption":"admin"},"sameAs":["https:\/\/radioportoseguro.com.br\/site"],"url":"https:\/\/radioportoseguro.com.br\/site\/author\/hezio\/"}]}},"_links":{"self":[{"href":"https:\/\/radioportoseguro.com.br\/site\/wp-json\/wp\/v2\/posts\/5054","targetHints":{"allow":["GET"]}}],"collection":[{"href":"https:\/\/radioportoseguro.com.br\/site\/wp-json\/wp\/v2\/posts"}],"about":[{"href":"https:\/\/radioportoseguro.com.br\/site\/wp-json\/wp\/v2\/types\/post"}],"author":[{"embeddable":true,"href":"https:\/\/radioportoseguro.com.br\/site\/wp-json\/wp\/v2\/users\/1"}],"replies":[{"embeddable":true,"href":"https:\/\/radioportoseguro.com.br\/site\/wp-json\/wp\/v2\/comments?post=5054"}],"version-history":[{"count":0,"href":"https:\/\/radioportoseguro.com.br\/site\/wp-json\/wp\/v2\/posts\/5054\/revisions"}],"wp:featuredmedia":[{"embeddable":true,"href":"https:\/\/radioportoseguro.com.br\/site\/wp-json\/wp\/v2\/media\/5055"}],"wp:attachment":[{"href":"https:\/\/radioportoseguro.com.br\/site\/wp-json\/wp\/v2\/media?parent=5054"}],"wp:term":[{"taxonomy":"category","embeddable":true,"href":"https:\/\/radioportoseguro.com.br\/site\/wp-json\/wp\/v2\/categories?post=5054"},{"taxonomy":"post_tag","embeddable":true,"href":"https:\/\/radioportoseguro.com.br\/site\/wp-json\/wp\/v2\/tags?post=5054"}],"curies":[{"name":"wp","href":"https:\/\/api.w.org\/{rel}","templated":true}]}}