{"id":5072,"date":"2026-03-15T15:56:52","date_gmt":"2026-03-15T18:56:52","guid":{"rendered":"https:\/\/radioportoseguro.com.br\/site\/2026\/03\/15\/pastor-e-processado-apos-impedir-trans-em-banheiro-feminino-de-igreja-em-sp\/"},"modified":"2026-03-15T15:56:52","modified_gmt":"2026-03-15T18:56:52","slug":"pastor-e-processado-apos-impedir-trans-em-banheiro-feminino-de-igreja-em-sp","status":"publish","type":"post","link":"https:\/\/radioportoseguro.com.br\/site\/2026\/03\/15\/pastor-e-processado-apos-impedir-trans-em-banheiro-feminino-de-igreja-em-sp\/","title":{"rendered":"Pastor \u00e9 processado ap\u00f3s impedir trans em banheiro feminino de igreja em SP"},"content":{"rendered":"<p><br \/>\n<br \/><\/p>\n<div>\n<p><span style=\"font-weight: 400;\">Um pastor est\u00e1 sendo processado na Justi\u00e7a ap\u00f3s impedir um<\/span><span style=\"color: #800000;\"><strong> transg\u00eanero<\/strong><\/span><span style=\"font-weight: 400;\"> de usar o <\/span><span style=\"color: #800000;\"><strong>banheiro feminino<\/strong><\/span><span style=\"font-weight: 400;\"> da igreja, em Santo Andr\u00e9 (SP).<\/span><\/p>\n<p><span style=\"font-weight: 400;\">O caso aconteceu durante um evento na Igreja Ale\u0301m do Ve\u0301u, no dia 20 de fevereiro. O homem trans, chamado Paola Bracho Mostarda Baracho, estava participando do culto e tentou usar o banheiro feminino.<\/span><\/p>\n<p><span style=\"font-weight: 400;\">Ent\u00e3o, o pastor Davis Machado Oliveira se apresentou e informou que ele n\u00e3o tinha respaldo legal para usar o <\/span><span style=\"color: #800000;\"><strong>banheiro<\/strong><\/span><span style=\"font-weight: 400;\"> das mulheres. Em seguida, o l\u00edder afirmou que ele poderia usar o banheiro unissex da igreja.<\/span><\/p>\n<p><span style=\"font-weight: 400;\">\u201cEu sou uma mulher como qualquer outra\u201d, respondeu Paola, em grava\u00e7\u00e3o do momento feito pelo pr\u00f3prio trans.<\/span><\/p>\n<p><span style=\"font-weight: 400;\">Em v\u00eddeo no Instagram na \u00faltima quinta-feira (5), Leonora \u00c1quilla, ativista trans e Coordenadora de Pol\u00edticas para LGBTI+ da Prefeitura de S\u00e3o Paulo, afirmou que entrou com uma a\u00e7\u00e3o judicial contra Davis por n\u00e3o deixar Paola usar o banheiro feminino.<\/span><\/p>\n<p><span style=\"font-weight: 400;\">\u201cDenunciei um pastor evang\u00e9lico de Santo Andr\u00e9 que proibiu a menina trans de utilizar o banheiro feminino em evento pago. Ela foi expulsa do local sem o devido reembolso\u201d, alegou Leonora.<\/span><\/p>\n<blockquote class=\"instagram-media\" style=\"background: #FFF; border: 0; border-radius: 3px; box-shadow: 0 0 1px 0 rgba(0,0,0,0.5),0 1px 10px 0 rgba(0,0,0,0.15); margin: 1px; max-width: 540px; min-width: 326px; padding: 0; width: calc(100% - 2px);\" data-instgrm-captioned=\"\" data-instgrm-permalink=\"https:\/\/www.instagram.com\/reel\/DVgBejljh-5\/?utm_source=ig_embed&amp;utm_campaign=loading\" data-instgrm-version=\"14\"><p>&#13;<br \/>\n&#13;\n<\/p><\/blockquote>\n<p><strong>Banheiro unissex como op\u00e7\u00e3o<\/strong><\/p>\n<p><span style=\"font-weight: 400;\">Nos coment\u00e1rios do v\u00eddeo, muitos membros da Igreja Ale\u0301m do Ve\u0301u contrariam a vers\u00e3o da ativista Leonora, afirmando que o trans foi tratado com respeito e n\u00e3o foi expulso do evento.<\/span><\/p>\n<p><span style=\"font-weight: 400;\">\u201cA situa\u00e7\u00e3o que est\u00e1 sendo exposta publicamente n\u00e3o corresponde \u00e0 forma como os fatos realmente aconteceram. A pessoa em quest\u00e3o desejava utilizar o banheiro e, sim, foi oferecida uma alternativa para que pudesse faz\u00ea-lo. Por isso, \u00e9 muito importante buscar a verdade antes de fazer acusa\u00e7\u00f5es. Nosso pastor \u00e9 um homem \u00edntegro, respeitado por todos que fazem parte da igreja e por aqueles que conhecem o seu car\u00e1ter e sua trajet\u00f3ria\u201d, escreveu uma mulher.<\/span><\/p>\n<p><span style=\"font-weight: 400;\">Outra fiel afirmou: \u201cEu sou membro dessa igreja, inclusive volunt\u00e1ria que \u00e0s vezes serve no banheiro, e posso garantir que a instru\u00e7\u00e3o recebida \u00e9 de que as pessoas trans sejam orientadas a usar o banheiro acess\u00edvel, ou seja, dessa forma ela ter\u00e1 acesso ao sanit\u00e1rio onde far\u00e1 o uso individual. Ent\u00e3o, a Paola n\u00e3o foi impedida de fazer o uso do banheiro, foi instru\u00edda de que deveria usar o banheiro acess\u00edvel. A nossa igreja aceita a todos por\u00e9m n\u00e3o compactua com tudo\u201d.<\/span><\/p>\n<p><span style=\"font-weight: 400;\">Uma volunt\u00e1ria da igreja garantiu que o trans foi bem recepcionado no culto: \u201cNosso pastor foi super respeitoso, pediu com muita educa\u00e7\u00e3o que se encaminhasse pro banheiro unissex, ela simplesmente saiu dando ombreada no pastor. Foi recebida com muita educa\u00e7\u00e3o e aten\u00e7\u00e3o, eu mesma fiz o check-in dela. Ela intimidou as meninas que estavam servindo no banheiro, falando alto e grosso, deixando-as at\u00e9 com medo\u201d.<\/span><\/p>\n<p><span style=\"font-weight: 400;\">E uma membro ressaltou: \u201cAcolher pessoas n\u00e3o significa abrir m\u00e3o de princ\u00edpios ou permitir que cada um fa\u00e7a aquilo que quiser dentro da casa de Deus. Seguiremos firmes em nossa f\u00e9, acolhendo vidas, orando por todos e cuidando da nossa comunidade com responsabilidade, respeito e amor\u201d.<\/span><\/p>\n<p><span style=\"font-weight: 400;\">A Igreja Ale\u0301m do Ve\u0301u n\u00e3o se manifestou sobre o caso.<\/span><\/p>\n<\/div>\n<p><script async src=\"\/\/www.instagram.com\/embed.js\"><\/script><br \/>\n<br \/><br \/>\n<br \/>Fonte: Guiame <\/p>\n","protected":false},"excerpt":{"rendered":"<p>Um pastor est\u00e1 sendo processado na Justi\u00e7a ap\u00f3s impedir um transg\u00eanero de usar o banheiro feminino da igreja, em Santo Andr\u00e9 (SP). O caso aconteceu durante um evento na Igreja Ale\u0301m do Ve\u0301u, no dia 20 de fevereiro. O homem trans, chamado Paola Bracho Mostarda Baracho, estava participando do culto e tentou usar o banheiro [&hellip;]<\/p>\n","protected":false},"author":1,"featured_media":5073,"comment_status":"","ping_status":"open","sticky":false,"template":"","format":"standard","meta":{"footnotes":""},"categories":[43],"tags":[],"class_list":["post-5072","post","type-post","status-publish","format-standard","has-post-thumbnail","hentry","category-destaques"],"yoast_head":"<!-- This site is optimized with the Yoast SEO plugin v26.8 - https:\/\/yoast.com\/product\/yoast-seo-wordpress\/ -->\n<title>Pastor \u00e9 processado ap\u00f3s impedir trans em banheiro feminino de igreja em SP - R\u00e1dio Porto Seguro<\/title>\n<meta name=\"robots\" content=\"index, follow, max-snippet:-1, max-image-preview:large, max-video-preview:-1\" \/>\n<link rel=\"canonical\" href=\"https:\/\/radioportoseguro.com.br\/site\/2026\/03\/15\/pastor-e-processado-apos-impedir-trans-em-banheiro-feminino-de-igreja-em-sp\/\" \/>\n<meta property=\"og:locale\" content=\"pt_BR\" \/>\n<meta property=\"og:type\" content=\"article\" \/>\n<meta property=\"og:title\" content=\"Pastor \u00e9 processado ap\u00f3s impedir trans em banheiro feminino de igreja em SP - R\u00e1dio Porto Seguro\" \/>\n<meta property=\"og:description\" content=\"Um pastor est\u00e1 sendo processado na Justi\u00e7a ap\u00f3s impedir um transg\u00eanero de usar o banheiro feminino da igreja, em Santo Andr\u00e9 (SP). O caso aconteceu durante um evento na Igreja Ale\u0301m do Ve\u0301u, no dia 20 de fevereiro. O homem trans, chamado Paola Bracho Mostarda Baracho, estava participando do culto e tentou usar o banheiro [&hellip;]\" \/>\n<meta property=\"og:url\" content=\"https:\/\/radioportoseguro.com.br\/site\/2026\/03\/15\/pastor-e-processado-apos-impedir-trans-em-banheiro-feminino-de-igreja-em-sp\/\" \/>\n<meta property=\"og:site_name\" content=\"R\u00e1dio Porto Seguro\" \/>\n<meta property=\"article:published_time\" content=\"2026-03-15T18:56:52+00:00\" \/>\n<meta property=\"og:image\" content=\"https:\/\/media.guiame.com.br\/archives\/2026\/03\/12\/2110763777-banheiro.jpeg\" \/>\n<meta name=\"author\" content=\"admin\" \/>\n<meta name=\"twitter:card\" content=\"summary_large_image\" \/>\n<meta name=\"twitter:label1\" content=\"Escrito por\" \/>\n\t<meta name=\"twitter:data1\" content=\"admin\" \/>\n\t<meta name=\"twitter:label2\" content=\"Est. tempo de leitura\" \/>\n\t<meta name=\"twitter:data2\" content=\"3 minutos\" \/>\n<script type=\"application\/ld+json\" class=\"yoast-schema-graph\">{\"@context\":\"https:\/\/schema.org\",\"@graph\":[{\"@type\":\"Article\",\"@id\":\"https:\/\/radioportoseguro.com.br\/site\/2026\/03\/15\/pastor-e-processado-apos-impedir-trans-em-banheiro-feminino-de-igreja-em-sp\/#article\",\"isPartOf\":{\"@id\":\"https:\/\/radioportoseguro.com.br\/site\/2026\/03\/15\/pastor-e-processado-apos-impedir-trans-em-banheiro-feminino-de-igreja-em-sp\/\"},\"author\":{\"name\":\"admin\",\"@id\":\"https:\/\/radioportoseguro.com.br\/site\/#\/schema\/person\/7630acdc320186f13639d3c067ec089b\"},\"headline\":\"Pastor \u00e9 processado ap\u00f3s impedir trans em banheiro feminino de igreja em SP\",\"datePublished\":\"2026-03-15T18:56:52+00:00\",\"mainEntityOfPage\":{\"@id\":\"https:\/\/radioportoseguro.com.br\/site\/2026\/03\/15\/pastor-e-processado-apos-impedir-trans-em-banheiro-feminino-de-igreja-em-sp\/\"},\"wordCount\":555,\"image\":{\"@id\":\"https:\/\/radioportoseguro.com.br\/site\/2026\/03\/15\/pastor-e-processado-apos-impedir-trans-em-banheiro-feminino-de-igreja-em-sp\/#primaryimage\"},\"thumbnailUrl\":\"https:\/\/radioportoseguro.com.br\/site\/wp-content\/uploads\/2026\/03\/2110763777-banheiro.jpeg\",\"articleSection\":[\"Destaques\"],\"inLanguage\":\"pt-BR\"},{\"@type\":\"WebPage\",\"@id\":\"https:\/\/radioportoseguro.com.br\/site\/2026\/03\/15\/pastor-e-processado-apos-impedir-trans-em-banheiro-feminino-de-igreja-em-sp\/\",\"url\":\"https:\/\/radioportoseguro.com.br\/site\/2026\/03\/15\/pastor-e-processado-apos-impedir-trans-em-banheiro-feminino-de-igreja-em-sp\/\",\"name\":\"Pastor \u00e9 processado ap\u00f3s impedir trans em banheiro feminino de igreja em SP - R\u00e1dio Porto Seguro\",\"isPartOf\":{\"@id\":\"https:\/\/radioportoseguro.com.br\/site\/#website\"},\"primaryImageOfPage\":{\"@id\":\"https:\/\/radioportoseguro.com.br\/site\/2026\/03\/15\/pastor-e-processado-apos-impedir-trans-em-banheiro-feminino-de-igreja-em-sp\/#primaryimage\"},\"image\":{\"@id\":\"https:\/\/radioportoseguro.com.br\/site\/2026\/03\/15\/pastor-e-processado-apos-impedir-trans-em-banheiro-feminino-de-igreja-em-sp\/#primaryimage\"},\"thumbnailUrl\":\"https:\/\/radioportoseguro.com.br\/site\/wp-content\/uploads\/2026\/03\/2110763777-banheiro.jpeg\",\"datePublished\":\"2026-03-15T18:56:52+00:00\",\"author\":{\"@id\":\"https:\/\/radioportoseguro.com.br\/site\/#\/schema\/person\/7630acdc320186f13639d3c067ec089b\"},\"breadcrumb\":{\"@id\":\"https:\/\/radioportoseguro.com.br\/site\/2026\/03\/15\/pastor-e-processado-apos-impedir-trans-em-banheiro-feminino-de-igreja-em-sp\/#breadcrumb\"},\"inLanguage\":\"pt-BR\",\"potentialAction\":[{\"@type\":\"ReadAction\",\"target\":[\"https:\/\/radioportoseguro.com.br\/site\/2026\/03\/15\/pastor-e-processado-apos-impedir-trans-em-banheiro-feminino-de-igreja-em-sp\/\"]}]},{\"@type\":\"ImageObject\",\"inLanguage\":\"pt-BR\",\"@id\":\"https:\/\/radioportoseguro.com.br\/site\/2026\/03\/15\/pastor-e-processado-apos-impedir-trans-em-banheiro-feminino-de-igreja-em-sp\/#primaryimage\",\"url\":\"https:\/\/radioportoseguro.com.br\/site\/wp-content\/uploads\/2026\/03\/2110763777-banheiro.jpeg\",\"contentUrl\":\"https:\/\/radioportoseguro.com.br\/site\/wp-content\/uploads\/2026\/03\/2110763777-banheiro.jpeg\",\"width\":1200,\"height\":600},{\"@type\":\"BreadcrumbList\",\"@id\":\"https:\/\/radioportoseguro.com.br\/site\/2026\/03\/15\/pastor-e-processado-apos-impedir-trans-em-banheiro-feminino-de-igreja-em-sp\/#breadcrumb\",\"itemListElement\":[{\"@type\":\"ListItem\",\"position\":1,\"name\":\"In\u00edcio\",\"item\":\"https:\/\/radioportoseguro.com.br\/site\/\"},{\"@type\":\"ListItem\",\"position\":2,\"name\":\"Pastor \u00e9 processado ap\u00f3s impedir trans em banheiro feminino de igreja em SP\"}]},{\"@type\":\"WebSite\",\"@id\":\"https:\/\/radioportoseguro.com.br\/site\/#website\",\"url\":\"https:\/\/radioportoseguro.com.br\/site\/\",\"name\":\"R\u00e1dio Porto Seguro\",\"description\":\"\",\"potentialAction\":[{\"@type\":\"SearchAction\",\"target\":{\"@type\":\"EntryPoint\",\"urlTemplate\":\"https:\/\/radioportoseguro.com.br\/site\/?s={search_term_string}\"},\"query-input\":{\"@type\":\"PropertyValueSpecification\",\"valueRequired\":true,\"valueName\":\"search_term_string\"}}],\"inLanguage\":\"pt-BR\"},{\"@type\":\"Person\",\"@id\":\"https:\/\/radioportoseguro.com.br\/site\/#\/schema\/person\/7630acdc320186f13639d3c067ec089b\",\"name\":\"admin\",\"image\":{\"@type\":\"ImageObject\",\"inLanguage\":\"pt-BR\",\"@id\":\"https:\/\/radioportoseguro.com.br\/site\/#\/schema\/person\/image\/\",\"url\":\"https:\/\/secure.gravatar.com\/avatar\/caacf4dc1eedb68fab0df8e1ed46c448e578b2466351bbcb61e47d2ac0caaef0?s=96&d=mm&r=g\",\"contentUrl\":\"https:\/\/secure.gravatar.com\/avatar\/caacf4dc1eedb68fab0df8e1ed46c448e578b2466351bbcb61e47d2ac0caaef0?s=96&d=mm&r=g\",\"caption\":\"admin\"},\"sameAs\":[\"https:\/\/radioportoseguro.com.br\/site\"],\"url\":\"https:\/\/radioportoseguro.com.br\/site\/author\/hezio\/\"}]}<\/script>\n<!-- \/ Yoast SEO plugin. -->","yoast_head_json":{"title":"Pastor \u00e9 processado ap\u00f3s impedir trans em banheiro feminino de igreja em SP - R\u00e1dio Porto Seguro","robots":{"index":"index","follow":"follow","max-snippet":"max-snippet:-1","max-image-preview":"max-image-preview:large","max-video-preview":"max-video-preview:-1"},"canonical":"https:\/\/radioportoseguro.com.br\/site\/2026\/03\/15\/pastor-e-processado-apos-impedir-trans-em-banheiro-feminino-de-igreja-em-sp\/","og_locale":"pt_BR","og_type":"article","og_title":"Pastor \u00e9 processado ap\u00f3s impedir trans em banheiro feminino de igreja em SP - R\u00e1dio Porto Seguro","og_description":"Um pastor est\u00e1 sendo processado na Justi\u00e7a ap\u00f3s impedir um transg\u00eanero de usar o banheiro feminino da igreja, em Santo Andr\u00e9 (SP). O caso aconteceu durante um evento na Igreja Ale\u0301m do Ve\u0301u, no dia 20 de fevereiro. O homem trans, chamado Paola Bracho Mostarda Baracho, estava participando do culto e tentou usar o banheiro [&hellip;]","og_url":"https:\/\/radioportoseguro.com.br\/site\/2026\/03\/15\/pastor-e-processado-apos-impedir-trans-em-banheiro-feminino-de-igreja-em-sp\/","og_site_name":"R\u00e1dio Porto Seguro","article_published_time":"2026-03-15T18:56:52+00:00","og_image":[{"url":"https:\/\/media.guiame.com.br\/archives\/2026\/03\/12\/2110763777-banheiro.jpeg","type":"","width":"","height":""}],"author":"admin","twitter_card":"summary_large_image","twitter_misc":{"Escrito por":"admin","Est. tempo de leitura":"3 minutos"},"schema":{"@context":"https:\/\/schema.org","@graph":[{"@type":"Article","@id":"https:\/\/radioportoseguro.com.br\/site\/2026\/03\/15\/pastor-e-processado-apos-impedir-trans-em-banheiro-feminino-de-igreja-em-sp\/#article","isPartOf":{"@id":"https:\/\/radioportoseguro.com.br\/site\/2026\/03\/15\/pastor-e-processado-apos-impedir-trans-em-banheiro-feminino-de-igreja-em-sp\/"},"author":{"name":"admin","@id":"https:\/\/radioportoseguro.com.br\/site\/#\/schema\/person\/7630acdc320186f13639d3c067ec089b"},"headline":"Pastor \u00e9 processado ap\u00f3s impedir trans em banheiro feminino de igreja em SP","datePublished":"2026-03-15T18:56:52+00:00","mainEntityOfPage":{"@id":"https:\/\/radioportoseguro.com.br\/site\/2026\/03\/15\/pastor-e-processado-apos-impedir-trans-em-banheiro-feminino-de-igreja-em-sp\/"},"wordCount":555,"image":{"@id":"https:\/\/radioportoseguro.com.br\/site\/2026\/03\/15\/pastor-e-processado-apos-impedir-trans-em-banheiro-feminino-de-igreja-em-sp\/#primaryimage"},"thumbnailUrl":"https:\/\/radioportoseguro.com.br\/site\/wp-content\/uploads\/2026\/03\/2110763777-banheiro.jpeg","articleSection":["Destaques"],"inLanguage":"pt-BR"},{"@type":"WebPage","@id":"https:\/\/radioportoseguro.com.br\/site\/2026\/03\/15\/pastor-e-processado-apos-impedir-trans-em-banheiro-feminino-de-igreja-em-sp\/","url":"https:\/\/radioportoseguro.com.br\/site\/2026\/03\/15\/pastor-e-processado-apos-impedir-trans-em-banheiro-feminino-de-igreja-em-sp\/","name":"Pastor \u00e9 processado ap\u00f3s impedir trans em banheiro feminino de igreja em SP - R\u00e1dio Porto Seguro","isPartOf":{"@id":"https:\/\/radioportoseguro.com.br\/site\/#website"},"primaryImageOfPage":{"@id":"https:\/\/radioportoseguro.com.br\/site\/2026\/03\/15\/pastor-e-processado-apos-impedir-trans-em-banheiro-feminino-de-igreja-em-sp\/#primaryimage"},"image":{"@id":"https:\/\/radioportoseguro.com.br\/site\/2026\/03\/15\/pastor-e-processado-apos-impedir-trans-em-banheiro-feminino-de-igreja-em-sp\/#primaryimage"},"thumbnailUrl":"https:\/\/radioportoseguro.com.br\/site\/wp-content\/uploads\/2026\/03\/2110763777-banheiro.jpeg","datePublished":"2026-03-15T18:56:52+00:00","author":{"@id":"https:\/\/radioportoseguro.com.br\/site\/#\/schema\/person\/7630acdc320186f13639d3c067ec089b"},"breadcrumb":{"@id":"https:\/\/radioportoseguro.com.br\/site\/2026\/03\/15\/pastor-e-processado-apos-impedir-trans-em-banheiro-feminino-de-igreja-em-sp\/#breadcrumb"},"inLanguage":"pt-BR","potentialAction":[{"@type":"ReadAction","target":["https:\/\/radioportoseguro.com.br\/site\/2026\/03\/15\/pastor-e-processado-apos-impedir-trans-em-banheiro-feminino-de-igreja-em-sp\/"]}]},{"@type":"ImageObject","inLanguage":"pt-BR","@id":"https:\/\/radioportoseguro.com.br\/site\/2026\/03\/15\/pastor-e-processado-apos-impedir-trans-em-banheiro-feminino-de-igreja-em-sp\/#primaryimage","url":"https:\/\/radioportoseguro.com.br\/site\/wp-content\/uploads\/2026\/03\/2110763777-banheiro.jpeg","contentUrl":"https:\/\/radioportoseguro.com.br\/site\/wp-content\/uploads\/2026\/03\/2110763777-banheiro.jpeg","width":1200,"height":600},{"@type":"BreadcrumbList","@id":"https:\/\/radioportoseguro.com.br\/site\/2026\/03\/15\/pastor-e-processado-apos-impedir-trans-em-banheiro-feminino-de-igreja-em-sp\/#breadcrumb","itemListElement":[{"@type":"ListItem","position":1,"name":"In\u00edcio","item":"https:\/\/radioportoseguro.com.br\/site\/"},{"@type":"ListItem","position":2,"name":"Pastor \u00e9 processado ap\u00f3s impedir trans em banheiro feminino de igreja em SP"}]},{"@type":"WebSite","@id":"https:\/\/radioportoseguro.com.br\/site\/#website","url":"https:\/\/radioportoseguro.com.br\/site\/","name":"R\u00e1dio Porto Seguro","description":"","potentialAction":[{"@type":"SearchAction","target":{"@type":"EntryPoint","urlTemplate":"https:\/\/radioportoseguro.com.br\/site\/?s={search_term_string}"},"query-input":{"@type":"PropertyValueSpecification","valueRequired":true,"valueName":"search_term_string"}}],"inLanguage":"pt-BR"},{"@type":"Person","@id":"https:\/\/radioportoseguro.com.br\/site\/#\/schema\/person\/7630acdc320186f13639d3c067ec089b","name":"admin","image":{"@type":"ImageObject","inLanguage":"pt-BR","@id":"https:\/\/radioportoseguro.com.br\/site\/#\/schema\/person\/image\/","url":"https:\/\/secure.gravatar.com\/avatar\/caacf4dc1eedb68fab0df8e1ed46c448e578b2466351bbcb61e47d2ac0caaef0?s=96&d=mm&r=g","contentUrl":"https:\/\/secure.gravatar.com\/avatar\/caacf4dc1eedb68fab0df8e1ed46c448e578b2466351bbcb61e47d2ac0caaef0?s=96&d=mm&r=g","caption":"admin"},"sameAs":["https:\/\/radioportoseguro.com.br\/site"],"url":"https:\/\/radioportoseguro.com.br\/site\/author\/hezio\/"}]}},"_links":{"self":[{"href":"https:\/\/radioportoseguro.com.br\/site\/wp-json\/wp\/v2\/posts\/5072","targetHints":{"allow":["GET"]}}],"collection":[{"href":"https:\/\/radioportoseguro.com.br\/site\/wp-json\/wp\/v2\/posts"}],"about":[{"href":"https:\/\/radioportoseguro.com.br\/site\/wp-json\/wp\/v2\/types\/post"}],"author":[{"embeddable":true,"href":"https:\/\/radioportoseguro.com.br\/site\/wp-json\/wp\/v2\/users\/1"}],"replies":[{"embeddable":true,"href":"https:\/\/radioportoseguro.com.br\/site\/wp-json\/wp\/v2\/comments?post=5072"}],"version-history":[{"count":0,"href":"https:\/\/radioportoseguro.com.br\/site\/wp-json\/wp\/v2\/posts\/5072\/revisions"}],"wp:featuredmedia":[{"embeddable":true,"href":"https:\/\/radioportoseguro.com.br\/site\/wp-json\/wp\/v2\/media\/5073"}],"wp:attachment":[{"href":"https:\/\/radioportoseguro.com.br\/site\/wp-json\/wp\/v2\/media?parent=5072"}],"wp:term":[{"taxonomy":"category","embeddable":true,"href":"https:\/\/radioportoseguro.com.br\/site\/wp-json\/wp\/v2\/categories?post=5072"},{"taxonomy":"post_tag","embeddable":true,"href":"https:\/\/radioportoseguro.com.br\/site\/wp-json\/wp\/v2\/tags?post=5072"}],"curies":[{"name":"wp","href":"https:\/\/api.w.org\/{rel}","templated":true}]}}