{"id":5092,"date":"2026-03-16T20:17:36","date_gmt":"2026-03-16T23:17:36","guid":{"rendered":"https:\/\/radioportoseguro.com.br\/site\/?p=5092"},"modified":"2026-03-16T20:18:32","modified_gmt":"2026-03-16T23:18:32","slug":"gislaine-e-mylena-se-unem-a-gisele-nascimento-em-ele-tem-o-controle","status":"publish","type":"post","link":"https:\/\/radioportoseguro.com.br\/site\/2026\/03\/16\/gislaine-e-mylena-se-unem-a-gisele-nascimento-em-ele-tem-o-controle\/","title":{"rendered":"Gislaine e Mylena se unem a Gisele Nascimento em \u201cEle Tem o Controle\u201d"},"content":{"rendered":"<header class=\"content-page-title\">\n<div class=\"container\">\n<div class=\"row justify-content-lg-center\">\n<div class=\"col-lg-10 col-xl-9\">\n<hr \/>\n<\/div>\n<\/div>\n<\/div>\n<\/header>\n<div class=\"content-page-content\">\n<div class=\"container\">\n<div class=\"row justify-content-lg-center\">\n<div class=\"col-lg-10 col-xl-9\">\n<figure><img decoding=\"async\" class=\"lazyload lazyloaded\" src=\"https:\/\/www.mkmusic.com.br\/wp-content\/uploads\/2026\/03\/DSC09088_Easy-Resize.com_.jpg\" alt=\"image description\" data-src=\"https:\/\/www.mkmusic.com.br\/wp-content\/uploads\/2026\/03\/DSC09088_Easy-Resize.com_.jpg\" \/><\/figure>\n<p data-path-to-node=\"4\">O clima de adora\u00e7\u00e3o e entrega tomou conta das plataformas digitais nesta sexta-feira (13). Gislaine e Mylena acabam de apresentar \u201cEle Tem o Controle\u201d, a quinta faixa do seu novo projeto ao vivo. Desta vez, a dupla capixaba trouxe um refor\u00e7o de peso: a pot\u00eancia vocal de Gisele Nascimento, em um\u00a0<i data-path-to-node=\"4\" data-index-in-node=\"296\">feat<\/i>\u00a0que j\u00e1 nasce com a marca da un\u00e7\u00e3o e da for\u00e7a.<\/p>\n<p data-path-to-node=\"4\"><i data-path-to-node=\"8,0\" data-index-in-node=\"0\">\u201cVoc\u00eas n\u00e3o podem imaginar como estamos gratas a Deus por realizar este sonho antigo. Tinha que ser \u2018em casa\u2019, com nossa fam\u00edlia, amigos e igrejas\u2026 Para gerarmos algo muito emocionante\u201d<\/i>, compartilham as irm\u00e3s.<\/p>\n<p data-path-to-node=\"10\">A escolha de Gisele Nascimento para esta faixa espec\u00edfica n\u00e3o foi por acaso. A uni\u00e3o das harmonias impec\u00e1veis da dupla com a interpreta\u00e7\u00e3o visceral de Gisele elevou a mensagem de \u201cEle Tem o Controle\u201d a um novo patamar de intensidade.\u00a0<i data-path-to-node=\"11,0\" data-index-in-node=\"0\">\u201cReceber a querida Gisele Nascimento foi uma honra. Ela canta muito e trouxe uma for\u00e7a ainda maior para esta mensagem de f\u00e9 e persist\u00eancia que apresentamos. O resultado est\u00e1 absurdamente al\u00e9m do que poder\u00edamos ter esperado\u201d<\/i>, declara a dupla.<\/p>\n<p data-path-to-node=\"13\"><strong><a href=\"https:\/\/mkmusic.ffm.to\/eletemocontroleaovivo\">O single \u201cEle Tem o Controle\u201d j\u00e1 est\u00e1 dispon\u00edvel em todas as plataformas de streaming e o clipe oficial pode ser assistido no YouTube.<\/a><\/strong><\/p>\n<p data-path-to-node=\"13\"><div class=\"ose-youtube ose-uid-17d93ee3f2f42a6901aef57c60537768 ose-embedpress-responsive\" style=\"width:600px; height:600px; max-height:600px; max-width:100%; display:inline-block;\" data-embed-type=\"Youtube\"><iframe allowFullScreen=\"true\" title=\"Gislaine e Mylena e Gisele Nascimento - Ele Tem O Controle (Ao Vivo) (Clipe Oficial MK Music)\" width=\"600\" height=\"600\" src=\"https:\/\/www.youtube.com\/embed\/lx2YFAS2OUE?feature=oembed&color=red&rel=0&controls=1&start=&end=&fs=0&iv_load_policy=0&autoplay=0&mute=0&modestbranding=0&cc_load_policy=1&playsinline=1\" frameborder=\"0\" allow=\"accelerometer; encrypted-media;accelerometer;autoplay;clipboard-write;gyroscope;picture-in-picture clipboard-write; encrypted-media; gyroscope; picture-in-picture; web-share\" referrerpolicy=\"strict-origin-when-cross-origin\" allowfullscreen><\/iframe><\/div><\/p>\n<\/div>\n<p data-path-to-node=\"13\">Fonte: mkmusic<\/p>\n<\/div>\n<\/div>\n<\/div>\n","protected":false},"excerpt":{"rendered":"<p>O clima de adora\u00e7\u00e3o e entrega tomou conta das plataformas digitais nesta sexta-feira (13). Gislaine e Mylena acabam de apresentar \u201cEle Tem o Controle\u201d, a quinta faixa do seu novo projeto ao vivo. Desta vez, a dupla capixaba trouxe um refor\u00e7o de peso: a pot\u00eancia vocal de Gisele Nascimento, em um\u00a0feat\u00a0que j\u00e1 nasce com a [&hellip;]<\/p>\n","protected":false},"author":2,"featured_media":5094,"comment_status":"closed","ping_status":"open","sticky":false,"template":"","format":"standard","meta":{"footnotes":""},"categories":[4],"tags":[],"class_list":["post-5092","post","type-post","status-publish","format-standard","has-post-thumbnail","hentry","category-musica"],"yoast_head":"<!-- This site is optimized with the Yoast SEO plugin v26.8 - https:\/\/yoast.com\/product\/yoast-seo-wordpress\/ -->\n<title>Gislaine e Mylena se unem a Gisele Nascimento em \u201cEle Tem o Controle\u201d - R\u00e1dio Porto Seguro<\/title>\n<meta name=\"robots\" content=\"index, follow, max-snippet:-1, max-image-preview:large, max-video-preview:-1\" \/>\n<link rel=\"canonical\" href=\"https:\/\/radioportoseguro.com.br\/site\/2026\/03\/16\/gislaine-e-mylena-se-unem-a-gisele-nascimento-em-ele-tem-o-controle\/\" \/>\n<meta property=\"og:locale\" content=\"pt_BR\" \/>\n<meta property=\"og:type\" content=\"article\" \/>\n<meta property=\"og:title\" content=\"Gislaine e Mylena se unem a Gisele Nascimento em \u201cEle Tem o Controle\u201d - R\u00e1dio Porto Seguro\" \/>\n<meta property=\"og:description\" content=\"O clima de adora\u00e7\u00e3o e entrega tomou conta das plataformas digitais nesta sexta-feira (13). Gislaine e Mylena acabam de apresentar \u201cEle Tem o Controle\u201d, a quinta faixa do seu novo projeto ao vivo. Desta vez, a dupla capixaba trouxe um refor\u00e7o de peso: a pot\u00eancia vocal de Gisele Nascimento, em um\u00a0feat\u00a0que j\u00e1 nasce com a [&hellip;]\" \/>\n<meta property=\"og:url\" content=\"https:\/\/radioportoseguro.com.br\/site\/2026\/03\/16\/gislaine-e-mylena-se-unem-a-gisele-nascimento-em-ele-tem-o-controle\/\" \/>\n<meta property=\"og:site_name\" content=\"R\u00e1dio Porto Seguro\" \/>\n<meta property=\"article:published_time\" content=\"2026-03-16T23:17:36+00:00\" \/>\n<meta property=\"article:modified_time\" content=\"2026-03-16T23:18:32+00:00\" \/>\n<meta property=\"og:image\" content=\"https:\/\/radioportoseguro.com.br\/site\/wp-content\/uploads\/2026\/03\/Gislaine-e-Mylena-e-Gisele-Nascimento-Ele-Tem-O-Controle-1.jpg\" \/>\n\t<meta property=\"og:image:width\" content=\"1280\" \/>\n\t<meta property=\"og:image:height\" content=\"720\" \/>\n\t<meta property=\"og:image:type\" content=\"image\/jpeg\" \/>\n<meta name=\"author\" content=\"Leandro\" \/>\n<meta name=\"twitter:card\" content=\"summary_large_image\" \/>\n<meta name=\"twitter:label1\" content=\"Escrito por\" \/>\n\t<meta name=\"twitter:data1\" content=\"Leandro\" \/>\n\t<meta name=\"twitter:label2\" content=\"Est. tempo de leitura\" \/>\n\t<meta name=\"twitter:data2\" content=\"2 minutos\" \/>\n<script type=\"application\/ld+json\" class=\"yoast-schema-graph\">{\"@context\":\"https:\/\/schema.org\",\"@graph\":[{\"@type\":\"Article\",\"@id\":\"https:\/\/radioportoseguro.com.br\/site\/2026\/03\/16\/gislaine-e-mylena-se-unem-a-gisele-nascimento-em-ele-tem-o-controle\/#article\",\"isPartOf\":{\"@id\":\"https:\/\/radioportoseguro.com.br\/site\/2026\/03\/16\/gislaine-e-mylena-se-unem-a-gisele-nascimento-em-ele-tem-o-controle\/\"},\"author\":{\"name\":\"Leandro\",\"@id\":\"https:\/\/radioportoseguro.com.br\/site\/#\/schema\/person\/d1960d33baebee56275cbda6d8aef297\"},\"headline\":\"Gislaine e Mylena se unem a Gisele Nascimento em \u201cEle Tem o Controle\u201d\",\"datePublished\":\"2026-03-16T23:17:36+00:00\",\"dateModified\":\"2026-03-16T23:18:32+00:00\",\"mainEntityOfPage\":{\"@id\":\"https:\/\/radioportoseguro.com.br\/site\/2026\/03\/16\/gislaine-e-mylena-se-unem-a-gisele-nascimento-em-ele-tem-o-controle\/\"},\"wordCount\":241,\"image\":{\"@id\":\"https:\/\/radioportoseguro.com.br\/site\/2026\/03\/16\/gislaine-e-mylena-se-unem-a-gisele-nascimento-em-ele-tem-o-controle\/#primaryimage\"},\"thumbnailUrl\":\"https:\/\/radioportoseguro.com.br\/site\/wp-content\/uploads\/2026\/03\/Gislaine-e-Mylena-e-Gisele-Nascimento-Ele-Tem-O-Controle-1.jpg\",\"articleSection\":[\"M\u00fasica\"],\"inLanguage\":\"pt-BR\"},{\"@type\":\"WebPage\",\"@id\":\"https:\/\/radioportoseguro.com.br\/site\/2026\/03\/16\/gislaine-e-mylena-se-unem-a-gisele-nascimento-em-ele-tem-o-controle\/\",\"url\":\"https:\/\/radioportoseguro.com.br\/site\/2026\/03\/16\/gislaine-e-mylena-se-unem-a-gisele-nascimento-em-ele-tem-o-controle\/\",\"name\":\"Gislaine e Mylena se unem a Gisele Nascimento em \u201cEle Tem o Controle\u201d - R\u00e1dio Porto Seguro\",\"isPartOf\":{\"@id\":\"https:\/\/radioportoseguro.com.br\/site\/#website\"},\"primaryImageOfPage\":{\"@id\":\"https:\/\/radioportoseguro.com.br\/site\/2026\/03\/16\/gislaine-e-mylena-se-unem-a-gisele-nascimento-em-ele-tem-o-controle\/#primaryimage\"},\"image\":{\"@id\":\"https:\/\/radioportoseguro.com.br\/site\/2026\/03\/16\/gislaine-e-mylena-se-unem-a-gisele-nascimento-em-ele-tem-o-controle\/#primaryimage\"},\"thumbnailUrl\":\"https:\/\/radioportoseguro.com.br\/site\/wp-content\/uploads\/2026\/03\/Gislaine-e-Mylena-e-Gisele-Nascimento-Ele-Tem-O-Controle-1.jpg\",\"datePublished\":\"2026-03-16T23:17:36+00:00\",\"dateModified\":\"2026-03-16T23:18:32+00:00\",\"author\":{\"@id\":\"https:\/\/radioportoseguro.com.br\/site\/#\/schema\/person\/d1960d33baebee56275cbda6d8aef297\"},\"breadcrumb\":{\"@id\":\"https:\/\/radioportoseguro.com.br\/site\/2026\/03\/16\/gislaine-e-mylena-se-unem-a-gisele-nascimento-em-ele-tem-o-controle\/#breadcrumb\"},\"inLanguage\":\"pt-BR\",\"potentialAction\":[{\"@type\":\"ReadAction\",\"target\":[\"https:\/\/radioportoseguro.com.br\/site\/2026\/03\/16\/gislaine-e-mylena-se-unem-a-gisele-nascimento-em-ele-tem-o-controle\/\"]}]},{\"@type\":\"ImageObject\",\"inLanguage\":\"pt-BR\",\"@id\":\"https:\/\/radioportoseguro.com.br\/site\/2026\/03\/16\/gislaine-e-mylena-se-unem-a-gisele-nascimento-em-ele-tem-o-controle\/#primaryimage\",\"url\":\"https:\/\/radioportoseguro.com.br\/site\/wp-content\/uploads\/2026\/03\/Gislaine-e-Mylena-e-Gisele-Nascimento-Ele-Tem-O-Controle-1.jpg\",\"contentUrl\":\"https:\/\/radioportoseguro.com.br\/site\/wp-content\/uploads\/2026\/03\/Gislaine-e-Mylena-e-Gisele-Nascimento-Ele-Tem-O-Controle-1.jpg\",\"width\":1280,\"height\":720},{\"@type\":\"BreadcrumbList\",\"@id\":\"https:\/\/radioportoseguro.com.br\/site\/2026\/03\/16\/gislaine-e-mylena-se-unem-a-gisele-nascimento-em-ele-tem-o-controle\/#breadcrumb\",\"itemListElement\":[{\"@type\":\"ListItem\",\"position\":1,\"name\":\"In\u00edcio\",\"item\":\"https:\/\/radioportoseguro.com.br\/site\/\"},{\"@type\":\"ListItem\",\"position\":2,\"name\":\"Gislaine e Mylena se unem a Gisele Nascimento em \u201cEle Tem o Controle\u201d\"}]},{\"@type\":\"WebSite\",\"@id\":\"https:\/\/radioportoseguro.com.br\/site\/#website\",\"url\":\"https:\/\/radioportoseguro.com.br\/site\/\",\"name\":\"R\u00e1dio Porto Seguro\",\"description\":\"\",\"potentialAction\":[{\"@type\":\"SearchAction\",\"target\":{\"@type\":\"EntryPoint\",\"urlTemplate\":\"https:\/\/radioportoseguro.com.br\/site\/?s={search_term_string}\"},\"query-input\":{\"@type\":\"PropertyValueSpecification\",\"valueRequired\":true,\"valueName\":\"search_term_string\"}}],\"inLanguage\":\"pt-BR\"},{\"@type\":\"Person\",\"@id\":\"https:\/\/radioportoseguro.com.br\/site\/#\/schema\/person\/d1960d33baebee56275cbda6d8aef297\",\"name\":\"Leandro\",\"image\":{\"@type\":\"ImageObject\",\"inLanguage\":\"pt-BR\",\"@id\":\"https:\/\/radioportoseguro.com.br\/site\/#\/schema\/person\/image\/\",\"url\":\"https:\/\/secure.gravatar.com\/avatar\/ef93c9092aa97a95069df7b16c09c8dbc33c82d44a4f084e05b8f74f7ee2dd04?s=96&d=mm&r=g\",\"contentUrl\":\"https:\/\/secure.gravatar.com\/avatar\/ef93c9092aa97a95069df7b16c09c8dbc33c82d44a4f084e05b8f74f7ee2dd04?s=96&d=mm&r=g\",\"caption\":\"Leandro\"},\"url\":\"https:\/\/radioportoseguro.com.br\/site\/author\/leandro\/\"}]}<\/script>\n<!-- \/ Yoast SEO plugin. -->","yoast_head_json":{"title":"Gislaine e Mylena se unem a Gisele Nascimento em \u201cEle Tem o Controle\u201d - R\u00e1dio Porto Seguro","robots":{"index":"index","follow":"follow","max-snippet":"max-snippet:-1","max-image-preview":"max-image-preview:large","max-video-preview":"max-video-preview:-1"},"canonical":"https:\/\/radioportoseguro.com.br\/site\/2026\/03\/16\/gislaine-e-mylena-se-unem-a-gisele-nascimento-em-ele-tem-o-controle\/","og_locale":"pt_BR","og_type":"article","og_title":"Gislaine e Mylena se unem a Gisele Nascimento em \u201cEle Tem o Controle\u201d - R\u00e1dio Porto Seguro","og_description":"O clima de adora\u00e7\u00e3o e entrega tomou conta das plataformas digitais nesta sexta-feira (13). Gislaine e Mylena acabam de apresentar \u201cEle Tem o Controle\u201d, a quinta faixa do seu novo projeto ao vivo. Desta vez, a dupla capixaba trouxe um refor\u00e7o de peso: a pot\u00eancia vocal de Gisele Nascimento, em um\u00a0feat\u00a0que j\u00e1 nasce com a [&hellip;]","og_url":"https:\/\/radioportoseguro.com.br\/site\/2026\/03\/16\/gislaine-e-mylena-se-unem-a-gisele-nascimento-em-ele-tem-o-controle\/","og_site_name":"R\u00e1dio Porto Seguro","article_published_time":"2026-03-16T23:17:36+00:00","article_modified_time":"2026-03-16T23:18:32+00:00","og_image":[{"width":1280,"height":720,"url":"https:\/\/radioportoseguro.com.br\/site\/wp-content\/uploads\/2026\/03\/Gislaine-e-Mylena-e-Gisele-Nascimento-Ele-Tem-O-Controle-1.jpg","type":"image\/jpeg"}],"author":"Leandro","twitter_card":"summary_large_image","twitter_misc":{"Escrito por":"Leandro","Est. tempo de leitura":"2 minutos"},"schema":{"@context":"https:\/\/schema.org","@graph":[{"@type":"Article","@id":"https:\/\/radioportoseguro.com.br\/site\/2026\/03\/16\/gislaine-e-mylena-se-unem-a-gisele-nascimento-em-ele-tem-o-controle\/#article","isPartOf":{"@id":"https:\/\/radioportoseguro.com.br\/site\/2026\/03\/16\/gislaine-e-mylena-se-unem-a-gisele-nascimento-em-ele-tem-o-controle\/"},"author":{"name":"Leandro","@id":"https:\/\/radioportoseguro.com.br\/site\/#\/schema\/person\/d1960d33baebee56275cbda6d8aef297"},"headline":"Gislaine e Mylena se unem a Gisele Nascimento em \u201cEle Tem o Controle\u201d","datePublished":"2026-03-16T23:17:36+00:00","dateModified":"2026-03-16T23:18:32+00:00","mainEntityOfPage":{"@id":"https:\/\/radioportoseguro.com.br\/site\/2026\/03\/16\/gislaine-e-mylena-se-unem-a-gisele-nascimento-em-ele-tem-o-controle\/"},"wordCount":241,"image":{"@id":"https:\/\/radioportoseguro.com.br\/site\/2026\/03\/16\/gislaine-e-mylena-se-unem-a-gisele-nascimento-em-ele-tem-o-controle\/#primaryimage"},"thumbnailUrl":"https:\/\/radioportoseguro.com.br\/site\/wp-content\/uploads\/2026\/03\/Gislaine-e-Mylena-e-Gisele-Nascimento-Ele-Tem-O-Controle-1.jpg","articleSection":["M\u00fasica"],"inLanguage":"pt-BR"},{"@type":"WebPage","@id":"https:\/\/radioportoseguro.com.br\/site\/2026\/03\/16\/gislaine-e-mylena-se-unem-a-gisele-nascimento-em-ele-tem-o-controle\/","url":"https:\/\/radioportoseguro.com.br\/site\/2026\/03\/16\/gislaine-e-mylena-se-unem-a-gisele-nascimento-em-ele-tem-o-controle\/","name":"Gislaine e Mylena se unem a Gisele Nascimento em \u201cEle Tem o Controle\u201d - R\u00e1dio Porto Seguro","isPartOf":{"@id":"https:\/\/radioportoseguro.com.br\/site\/#website"},"primaryImageOfPage":{"@id":"https:\/\/radioportoseguro.com.br\/site\/2026\/03\/16\/gislaine-e-mylena-se-unem-a-gisele-nascimento-em-ele-tem-o-controle\/#primaryimage"},"image":{"@id":"https:\/\/radioportoseguro.com.br\/site\/2026\/03\/16\/gislaine-e-mylena-se-unem-a-gisele-nascimento-em-ele-tem-o-controle\/#primaryimage"},"thumbnailUrl":"https:\/\/radioportoseguro.com.br\/site\/wp-content\/uploads\/2026\/03\/Gislaine-e-Mylena-e-Gisele-Nascimento-Ele-Tem-O-Controle-1.jpg","datePublished":"2026-03-16T23:17:36+00:00","dateModified":"2026-03-16T23:18:32+00:00","author":{"@id":"https:\/\/radioportoseguro.com.br\/site\/#\/schema\/person\/d1960d33baebee56275cbda6d8aef297"},"breadcrumb":{"@id":"https:\/\/radioportoseguro.com.br\/site\/2026\/03\/16\/gislaine-e-mylena-se-unem-a-gisele-nascimento-em-ele-tem-o-controle\/#breadcrumb"},"inLanguage":"pt-BR","potentialAction":[{"@type":"ReadAction","target":["https:\/\/radioportoseguro.com.br\/site\/2026\/03\/16\/gislaine-e-mylena-se-unem-a-gisele-nascimento-em-ele-tem-o-controle\/"]}]},{"@type":"ImageObject","inLanguage":"pt-BR","@id":"https:\/\/radioportoseguro.com.br\/site\/2026\/03\/16\/gislaine-e-mylena-se-unem-a-gisele-nascimento-em-ele-tem-o-controle\/#primaryimage","url":"https:\/\/radioportoseguro.com.br\/site\/wp-content\/uploads\/2026\/03\/Gislaine-e-Mylena-e-Gisele-Nascimento-Ele-Tem-O-Controle-1.jpg","contentUrl":"https:\/\/radioportoseguro.com.br\/site\/wp-content\/uploads\/2026\/03\/Gislaine-e-Mylena-e-Gisele-Nascimento-Ele-Tem-O-Controle-1.jpg","width":1280,"height":720},{"@type":"BreadcrumbList","@id":"https:\/\/radioportoseguro.com.br\/site\/2026\/03\/16\/gislaine-e-mylena-se-unem-a-gisele-nascimento-em-ele-tem-o-controle\/#breadcrumb","itemListElement":[{"@type":"ListItem","position":1,"name":"In\u00edcio","item":"https:\/\/radioportoseguro.com.br\/site\/"},{"@type":"ListItem","position":2,"name":"Gislaine e Mylena se unem a Gisele Nascimento em \u201cEle Tem o Controle\u201d"}]},{"@type":"WebSite","@id":"https:\/\/radioportoseguro.com.br\/site\/#website","url":"https:\/\/radioportoseguro.com.br\/site\/","name":"R\u00e1dio Porto Seguro","description":"","potentialAction":[{"@type":"SearchAction","target":{"@type":"EntryPoint","urlTemplate":"https:\/\/radioportoseguro.com.br\/site\/?s={search_term_string}"},"query-input":{"@type":"PropertyValueSpecification","valueRequired":true,"valueName":"search_term_string"}}],"inLanguage":"pt-BR"},{"@type":"Person","@id":"https:\/\/radioportoseguro.com.br\/site\/#\/schema\/person\/d1960d33baebee56275cbda6d8aef297","name":"Leandro","image":{"@type":"ImageObject","inLanguage":"pt-BR","@id":"https:\/\/radioportoseguro.com.br\/site\/#\/schema\/person\/image\/","url":"https:\/\/secure.gravatar.com\/avatar\/ef93c9092aa97a95069df7b16c09c8dbc33c82d44a4f084e05b8f74f7ee2dd04?s=96&d=mm&r=g","contentUrl":"https:\/\/secure.gravatar.com\/avatar\/ef93c9092aa97a95069df7b16c09c8dbc33c82d44a4f084e05b8f74f7ee2dd04?s=96&d=mm&r=g","caption":"Leandro"},"url":"https:\/\/radioportoseguro.com.br\/site\/author\/leandro\/"}]}},"_links":{"self":[{"href":"https:\/\/radioportoseguro.com.br\/site\/wp-json\/wp\/v2\/posts\/5092","targetHints":{"allow":["GET"]}}],"collection":[{"href":"https:\/\/radioportoseguro.com.br\/site\/wp-json\/wp\/v2\/posts"}],"about":[{"href":"https:\/\/radioportoseguro.com.br\/site\/wp-json\/wp\/v2\/types\/post"}],"author":[{"embeddable":true,"href":"https:\/\/radioportoseguro.com.br\/site\/wp-json\/wp\/v2\/users\/2"}],"replies":[{"embeddable":true,"href":"https:\/\/radioportoseguro.com.br\/site\/wp-json\/wp\/v2\/comments?post=5092"}],"version-history":[{"count":2,"href":"https:\/\/radioportoseguro.com.br\/site\/wp-json\/wp\/v2\/posts\/5092\/revisions"}],"predecessor-version":[{"id":5096,"href":"https:\/\/radioportoseguro.com.br\/site\/wp-json\/wp\/v2\/posts\/5092\/revisions\/5096"}],"wp:featuredmedia":[{"embeddable":true,"href":"https:\/\/radioportoseguro.com.br\/site\/wp-json\/wp\/v2\/media\/5094"}],"wp:attachment":[{"href":"https:\/\/radioportoseguro.com.br\/site\/wp-json\/wp\/v2\/media?parent=5092"}],"wp:term":[{"taxonomy":"category","embeddable":true,"href":"https:\/\/radioportoseguro.com.br\/site\/wp-json\/wp\/v2\/categories?post=5092"},{"taxonomy":"post_tag","embeddable":true,"href":"https:\/\/radioportoseguro.com.br\/site\/wp-json\/wp\/v2\/tags?post=5092"}],"curies":[{"name":"wp","href":"https:\/\/api.w.org\/{rel}","templated":true}]}}