{"id":5098,"date":"2026-03-16T20:23:11","date_gmt":"2026-03-16T23:23:11","guid":{"rendered":"https:\/\/radioportoseguro.com.br\/site\/?p=5098"},"modified":"2026-03-16T20:34:52","modified_gmt":"2026-03-16T23:34:52","slug":"midian-lima-lanca-a-inedita-nao-esta-nada-perdido","status":"publish","type":"post","link":"https:\/\/radioportoseguro.com.br\/site\/2026\/03\/16\/midian-lima-lanca-a-inedita-nao-esta-nada-perdido\/","title":{"rendered":"Midian Lima lan\u00e7a a in\u00e9dita \u201cN\u00e3o Est\u00e1 Nada Perdido\u201d"},"content":{"rendered":"<header class=\"content-page-title\">\n<div class=\"container\">\n<div class=\"row justify-content-lg-center\">\n<div class=\"col-lg-10 col-xl-9\"><\/div>\n<\/div>\n<\/div>\n<\/header>\n<div class=\"content-page-content\">\n<div class=\"container\">\n<div class=\"row justify-content-lg-center\">\n<div class=\"col-lg-10 col-xl-9\">\n<p>Nesta ter\u00e7a-feira (10),\u00a0 Midian Lima apresentou\u00a0a can\u00e7\u00e3o \u201cN\u00e3o Est\u00e1 Nada Perdido\u201d, uma composi\u00e7\u00e3o de Kemisson Allan e Adriano Martins, que faz parte do seu novo projeto gravado ao vivo. A nova faixa chega em um momento oportuno, carregando uma mensagem de esperan\u00e7a para aqueles que enfrentam batalhas di\u00e1rias. Com produ\u00e7\u00e3o musical assinada por Leandro Sim\u00f5es, a m\u00fasica equilibra a press\u00e3o do pentecostal com a sensibilidade da adora\u00e7\u00e3o congregacional.<\/p>\n<p data-path-to-node=\"11\">Segundo Midian, a recep\u00e7\u00e3o tem sido \u201cextraordin\u00e1ria\u201d e o carinho do povo tem sido o combust\u00edvel para esta nova fase.\u00a0<i data-path-to-node=\"11\" data-index-in-node=\"117\">\u201cA m\u00fasica traz uma mensagem poderosa de for\u00e7a e resili\u00eancia e fala sobre o cuidado de Deus com todos n\u00f3s\u201d<\/i>, define a artista.<\/p>\n<p data-path-to-node=\"13\"><strong><a href=\"https:\/\/mkmusic.ffm.to\/naoestanadaperdidoaovivo\">\u201cN\u00e3o Est\u00e1 Nada Perdido\u201d j\u00e1 est\u00e1 dispon\u00edvel em todas as plataformas digitais, e o clipe pode ser conferido no canal oficial da MK Music no YouTube<\/a>.<\/strong><\/p>\n<p data-path-to-node=\"13\">Se voc\u00ea busca uma can\u00e7\u00e3o para renovar suas for\u00e7as e lembrar que o controle est\u00e1 nas m\u00e3os de Deus, este lan\u00e7amento \u00e9 para voc\u00ea.<\/p>\n<\/div>\n<\/div>\n<\/div>\n<\/div>\n<p data-path-to-node=\"13\"><div class=\"ose-youtube ose-uid-f1f6e77571e716adbfad155eea84adf8 ose-embedpress-responsive\" style=\"width:600px; height:600px; max-height:600px; max-width:100%; display:inline-block;\" data-embed-type=\"Youtube\"><iframe allowFullScreen=\"true\" title=\"Midian Lima - N\u00e3o Est\u00e1 Nada Perdido (Ao Vivo) (Clipe Oficial MK Music)\" width=\"600\" height=\"600\" src=\"https:\/\/www.youtube.com\/embed\/EyM8ij4nNDU?feature=oembed&color=red&rel=0&controls=1&start=&end=&fs=0&iv_load_policy=0&autoplay=0&mute=0&modestbranding=0&cc_load_policy=1&playsinline=1\" frameborder=\"0\" allow=\"accelerometer; encrypted-media;accelerometer;autoplay;clipboard-write;gyroscope;picture-in-picture clipboard-write; encrypted-media; gyroscope; picture-in-picture; web-share\" referrerpolicy=\"strict-origin-when-cross-origin\" allowfullscreen><\/iframe><\/div><\/p>\n<p data-path-to-node=\"13\">Fonte: mkmusic<\/p>\n","protected":false},"excerpt":{"rendered":"<p>Nesta ter\u00e7a-feira (10),\u00a0 Midian Lima apresentou\u00a0a can\u00e7\u00e3o \u201cN\u00e3o Est\u00e1 Nada Perdido\u201d, uma composi\u00e7\u00e3o de Kemisson Allan e Adriano Martins, que faz parte do seu novo projeto gravado ao vivo. A nova faixa chega em um momento oportuno, carregando uma mensagem de esperan\u00e7a para aqueles que enfrentam batalhas di\u00e1rias. Com produ\u00e7\u00e3o musical assinada por Leandro Sim\u00f5es, [&hellip;]<\/p>\n","protected":false},"author":2,"featured_media":5099,"comment_status":"closed","ping_status":"open","sticky":false,"template":"","format":"standard","meta":{"footnotes":""},"categories":[4],"tags":[],"class_list":["post-5098","post","type-post","status-publish","format-standard","has-post-thumbnail","hentry","category-musica"],"yoast_head":"<!-- This site is optimized with the Yoast SEO plugin v26.8 - https:\/\/yoast.com\/product\/yoast-seo-wordpress\/ -->\n<title>Midian Lima lan\u00e7a a in\u00e9dita \u201cN\u00e3o Est\u00e1 Nada Perdido\u201d - R\u00e1dio Porto Seguro<\/title>\n<meta name=\"robots\" content=\"index, follow, max-snippet:-1, max-image-preview:large, max-video-preview:-1\" \/>\n<link rel=\"canonical\" href=\"https:\/\/radioportoseguro.com.br\/site\/2026\/03\/16\/midian-lima-lanca-a-inedita-nao-esta-nada-perdido\/\" \/>\n<meta property=\"og:locale\" content=\"pt_BR\" \/>\n<meta property=\"og:type\" content=\"article\" \/>\n<meta property=\"og:title\" content=\"Midian Lima lan\u00e7a a in\u00e9dita \u201cN\u00e3o Est\u00e1 Nada Perdido\u201d - R\u00e1dio Porto Seguro\" \/>\n<meta property=\"og:description\" content=\"Nesta ter\u00e7a-feira (10),\u00a0 Midian Lima apresentou\u00a0a can\u00e7\u00e3o \u201cN\u00e3o Est\u00e1 Nada Perdido\u201d, uma composi\u00e7\u00e3o de Kemisson Allan e Adriano Martins, que faz parte do seu novo projeto gravado ao vivo. A nova faixa chega em um momento oportuno, carregando uma mensagem de esperan\u00e7a para aqueles que enfrentam batalhas di\u00e1rias. Com produ\u00e7\u00e3o musical assinada por Leandro Sim\u00f5es, [&hellip;]\" \/>\n<meta property=\"og:url\" content=\"https:\/\/radioportoseguro.com.br\/site\/2026\/03\/16\/midian-lima-lanca-a-inedita-nao-esta-nada-perdido\/\" \/>\n<meta property=\"og:site_name\" content=\"R\u00e1dio Porto Seguro\" \/>\n<meta property=\"article:published_time\" content=\"2026-03-16T23:23:11+00:00\" \/>\n<meta property=\"article:modified_time\" content=\"2026-03-16T23:34:52+00:00\" \/>\n<meta property=\"og:image\" content=\"https:\/\/radioportoseguro.com.br\/site\/wp-content\/uploads\/2026\/03\/Midian-Lima-Nao-Esta-Nada-Perdido.jpg\" \/>\n\t<meta property=\"og:image:width\" content=\"1280\" \/>\n\t<meta property=\"og:image:height\" content=\"720\" \/>\n\t<meta property=\"og:image:type\" content=\"image\/jpeg\" \/>\n<meta name=\"author\" content=\"Leandro\" \/>\n<meta name=\"twitter:card\" content=\"summary_large_image\" \/>\n<meta name=\"twitter:label1\" content=\"Escrito por\" \/>\n\t<meta name=\"twitter:data1\" content=\"Leandro\" \/>\n\t<meta name=\"twitter:label2\" content=\"Est. tempo de leitura\" \/>\n\t<meta name=\"twitter:data2\" content=\"2 minutos\" \/>\n<script type=\"application\/ld+json\" class=\"yoast-schema-graph\">{\"@context\":\"https:\/\/schema.org\",\"@graph\":[{\"@type\":\"Article\",\"@id\":\"https:\/\/radioportoseguro.com.br\/site\/2026\/03\/16\/midian-lima-lanca-a-inedita-nao-esta-nada-perdido\/#article\",\"isPartOf\":{\"@id\":\"https:\/\/radioportoseguro.com.br\/site\/2026\/03\/16\/midian-lima-lanca-a-inedita-nao-esta-nada-perdido\/\"},\"author\":{\"name\":\"Leandro\",\"@id\":\"https:\/\/radioportoseguro.com.br\/site\/#\/schema\/person\/d1960d33baebee56275cbda6d8aef297\"},\"headline\":\"Midian Lima lan\u00e7a a in\u00e9dita \u201cN\u00e3o Est\u00e1 Nada Perdido\u201d\",\"datePublished\":\"2026-03-16T23:23:11+00:00\",\"dateModified\":\"2026-03-16T23:34:52+00:00\",\"mainEntityOfPage\":{\"@id\":\"https:\/\/radioportoseguro.com.br\/site\/2026\/03\/16\/midian-lima-lanca-a-inedita-nao-esta-nada-perdido\/\"},\"wordCount\":208,\"image\":{\"@id\":\"https:\/\/radioportoseguro.com.br\/site\/2026\/03\/16\/midian-lima-lanca-a-inedita-nao-esta-nada-perdido\/#primaryimage\"},\"thumbnailUrl\":\"https:\/\/radioportoseguro.com.br\/site\/wp-content\/uploads\/2026\/03\/Midian-Lima-Nao-Esta-Nada-Perdido.jpg\",\"articleSection\":[\"M\u00fasica\"],\"inLanguage\":\"pt-BR\"},{\"@type\":\"WebPage\",\"@id\":\"https:\/\/radioportoseguro.com.br\/site\/2026\/03\/16\/midian-lima-lanca-a-inedita-nao-esta-nada-perdido\/\",\"url\":\"https:\/\/radioportoseguro.com.br\/site\/2026\/03\/16\/midian-lima-lanca-a-inedita-nao-esta-nada-perdido\/\",\"name\":\"Midian Lima lan\u00e7a a in\u00e9dita \u201cN\u00e3o Est\u00e1 Nada Perdido\u201d - R\u00e1dio Porto Seguro\",\"isPartOf\":{\"@id\":\"https:\/\/radioportoseguro.com.br\/site\/#website\"},\"primaryImageOfPage\":{\"@id\":\"https:\/\/radioportoseguro.com.br\/site\/2026\/03\/16\/midian-lima-lanca-a-inedita-nao-esta-nada-perdido\/#primaryimage\"},\"image\":{\"@id\":\"https:\/\/radioportoseguro.com.br\/site\/2026\/03\/16\/midian-lima-lanca-a-inedita-nao-esta-nada-perdido\/#primaryimage\"},\"thumbnailUrl\":\"https:\/\/radioportoseguro.com.br\/site\/wp-content\/uploads\/2026\/03\/Midian-Lima-Nao-Esta-Nada-Perdido.jpg\",\"datePublished\":\"2026-03-16T23:23:11+00:00\",\"dateModified\":\"2026-03-16T23:34:52+00:00\",\"author\":{\"@id\":\"https:\/\/radioportoseguro.com.br\/site\/#\/schema\/person\/d1960d33baebee56275cbda6d8aef297\"},\"breadcrumb\":{\"@id\":\"https:\/\/radioportoseguro.com.br\/site\/2026\/03\/16\/midian-lima-lanca-a-inedita-nao-esta-nada-perdido\/#breadcrumb\"},\"inLanguage\":\"pt-BR\",\"potentialAction\":[{\"@type\":\"ReadAction\",\"target\":[\"https:\/\/radioportoseguro.com.br\/site\/2026\/03\/16\/midian-lima-lanca-a-inedita-nao-esta-nada-perdido\/\"]}]},{\"@type\":\"ImageObject\",\"inLanguage\":\"pt-BR\",\"@id\":\"https:\/\/radioportoseguro.com.br\/site\/2026\/03\/16\/midian-lima-lanca-a-inedita-nao-esta-nada-perdido\/#primaryimage\",\"url\":\"https:\/\/radioportoseguro.com.br\/site\/wp-content\/uploads\/2026\/03\/Midian-Lima-Nao-Esta-Nada-Perdido.jpg\",\"contentUrl\":\"https:\/\/radioportoseguro.com.br\/site\/wp-content\/uploads\/2026\/03\/Midian-Lima-Nao-Esta-Nada-Perdido.jpg\",\"width\":1280,\"height\":720},{\"@type\":\"BreadcrumbList\",\"@id\":\"https:\/\/radioportoseguro.com.br\/site\/2026\/03\/16\/midian-lima-lanca-a-inedita-nao-esta-nada-perdido\/#breadcrumb\",\"itemListElement\":[{\"@type\":\"ListItem\",\"position\":1,\"name\":\"In\u00edcio\",\"item\":\"https:\/\/radioportoseguro.com.br\/site\/\"},{\"@type\":\"ListItem\",\"position\":2,\"name\":\"Midian Lima lan\u00e7a a in\u00e9dita \u201cN\u00e3o Est\u00e1 Nada Perdido\u201d\"}]},{\"@type\":\"WebSite\",\"@id\":\"https:\/\/radioportoseguro.com.br\/site\/#website\",\"url\":\"https:\/\/radioportoseguro.com.br\/site\/\",\"name\":\"R\u00e1dio Porto Seguro\",\"description\":\"\",\"potentialAction\":[{\"@type\":\"SearchAction\",\"target\":{\"@type\":\"EntryPoint\",\"urlTemplate\":\"https:\/\/radioportoseguro.com.br\/site\/?s={search_term_string}\"},\"query-input\":{\"@type\":\"PropertyValueSpecification\",\"valueRequired\":true,\"valueName\":\"search_term_string\"}}],\"inLanguage\":\"pt-BR\"},{\"@type\":\"Person\",\"@id\":\"https:\/\/radioportoseguro.com.br\/site\/#\/schema\/person\/d1960d33baebee56275cbda6d8aef297\",\"name\":\"Leandro\",\"image\":{\"@type\":\"ImageObject\",\"inLanguage\":\"pt-BR\",\"@id\":\"https:\/\/radioportoseguro.com.br\/site\/#\/schema\/person\/image\/\",\"url\":\"https:\/\/secure.gravatar.com\/avatar\/ef93c9092aa97a95069df7b16c09c8dbc33c82d44a4f084e05b8f74f7ee2dd04?s=96&d=mm&r=g\",\"contentUrl\":\"https:\/\/secure.gravatar.com\/avatar\/ef93c9092aa97a95069df7b16c09c8dbc33c82d44a4f084e05b8f74f7ee2dd04?s=96&d=mm&r=g\",\"caption\":\"Leandro\"},\"url\":\"https:\/\/radioportoseguro.com.br\/site\/author\/leandro\/\"}]}<\/script>\n<!-- \/ Yoast SEO plugin. -->","yoast_head_json":{"title":"Midian Lima lan\u00e7a a in\u00e9dita \u201cN\u00e3o Est\u00e1 Nada Perdido\u201d - R\u00e1dio Porto Seguro","robots":{"index":"index","follow":"follow","max-snippet":"max-snippet:-1","max-image-preview":"max-image-preview:large","max-video-preview":"max-video-preview:-1"},"canonical":"https:\/\/radioportoseguro.com.br\/site\/2026\/03\/16\/midian-lima-lanca-a-inedita-nao-esta-nada-perdido\/","og_locale":"pt_BR","og_type":"article","og_title":"Midian Lima lan\u00e7a a in\u00e9dita \u201cN\u00e3o Est\u00e1 Nada Perdido\u201d - R\u00e1dio Porto Seguro","og_description":"Nesta ter\u00e7a-feira (10),\u00a0 Midian Lima apresentou\u00a0a can\u00e7\u00e3o \u201cN\u00e3o Est\u00e1 Nada Perdido\u201d, uma composi\u00e7\u00e3o de Kemisson Allan e Adriano Martins, que faz parte do seu novo projeto gravado ao vivo. A nova faixa chega em um momento oportuno, carregando uma mensagem de esperan\u00e7a para aqueles que enfrentam batalhas di\u00e1rias. Com produ\u00e7\u00e3o musical assinada por Leandro Sim\u00f5es, [&hellip;]","og_url":"https:\/\/radioportoseguro.com.br\/site\/2026\/03\/16\/midian-lima-lanca-a-inedita-nao-esta-nada-perdido\/","og_site_name":"R\u00e1dio Porto Seguro","article_published_time":"2026-03-16T23:23:11+00:00","article_modified_time":"2026-03-16T23:34:52+00:00","og_image":[{"width":1280,"height":720,"url":"https:\/\/radioportoseguro.com.br\/site\/wp-content\/uploads\/2026\/03\/Midian-Lima-Nao-Esta-Nada-Perdido.jpg","type":"image\/jpeg"}],"author":"Leandro","twitter_card":"summary_large_image","twitter_misc":{"Escrito por":"Leandro","Est. tempo de leitura":"2 minutos"},"schema":{"@context":"https:\/\/schema.org","@graph":[{"@type":"Article","@id":"https:\/\/radioportoseguro.com.br\/site\/2026\/03\/16\/midian-lima-lanca-a-inedita-nao-esta-nada-perdido\/#article","isPartOf":{"@id":"https:\/\/radioportoseguro.com.br\/site\/2026\/03\/16\/midian-lima-lanca-a-inedita-nao-esta-nada-perdido\/"},"author":{"name":"Leandro","@id":"https:\/\/radioportoseguro.com.br\/site\/#\/schema\/person\/d1960d33baebee56275cbda6d8aef297"},"headline":"Midian Lima lan\u00e7a a in\u00e9dita \u201cN\u00e3o Est\u00e1 Nada Perdido\u201d","datePublished":"2026-03-16T23:23:11+00:00","dateModified":"2026-03-16T23:34:52+00:00","mainEntityOfPage":{"@id":"https:\/\/radioportoseguro.com.br\/site\/2026\/03\/16\/midian-lima-lanca-a-inedita-nao-esta-nada-perdido\/"},"wordCount":208,"image":{"@id":"https:\/\/radioportoseguro.com.br\/site\/2026\/03\/16\/midian-lima-lanca-a-inedita-nao-esta-nada-perdido\/#primaryimage"},"thumbnailUrl":"https:\/\/radioportoseguro.com.br\/site\/wp-content\/uploads\/2026\/03\/Midian-Lima-Nao-Esta-Nada-Perdido.jpg","articleSection":["M\u00fasica"],"inLanguage":"pt-BR"},{"@type":"WebPage","@id":"https:\/\/radioportoseguro.com.br\/site\/2026\/03\/16\/midian-lima-lanca-a-inedita-nao-esta-nada-perdido\/","url":"https:\/\/radioportoseguro.com.br\/site\/2026\/03\/16\/midian-lima-lanca-a-inedita-nao-esta-nada-perdido\/","name":"Midian Lima lan\u00e7a a in\u00e9dita \u201cN\u00e3o Est\u00e1 Nada Perdido\u201d - R\u00e1dio Porto Seguro","isPartOf":{"@id":"https:\/\/radioportoseguro.com.br\/site\/#website"},"primaryImageOfPage":{"@id":"https:\/\/radioportoseguro.com.br\/site\/2026\/03\/16\/midian-lima-lanca-a-inedita-nao-esta-nada-perdido\/#primaryimage"},"image":{"@id":"https:\/\/radioportoseguro.com.br\/site\/2026\/03\/16\/midian-lima-lanca-a-inedita-nao-esta-nada-perdido\/#primaryimage"},"thumbnailUrl":"https:\/\/radioportoseguro.com.br\/site\/wp-content\/uploads\/2026\/03\/Midian-Lima-Nao-Esta-Nada-Perdido.jpg","datePublished":"2026-03-16T23:23:11+00:00","dateModified":"2026-03-16T23:34:52+00:00","author":{"@id":"https:\/\/radioportoseguro.com.br\/site\/#\/schema\/person\/d1960d33baebee56275cbda6d8aef297"},"breadcrumb":{"@id":"https:\/\/radioportoseguro.com.br\/site\/2026\/03\/16\/midian-lima-lanca-a-inedita-nao-esta-nada-perdido\/#breadcrumb"},"inLanguage":"pt-BR","potentialAction":[{"@type":"ReadAction","target":["https:\/\/radioportoseguro.com.br\/site\/2026\/03\/16\/midian-lima-lanca-a-inedita-nao-esta-nada-perdido\/"]}]},{"@type":"ImageObject","inLanguage":"pt-BR","@id":"https:\/\/radioportoseguro.com.br\/site\/2026\/03\/16\/midian-lima-lanca-a-inedita-nao-esta-nada-perdido\/#primaryimage","url":"https:\/\/radioportoseguro.com.br\/site\/wp-content\/uploads\/2026\/03\/Midian-Lima-Nao-Esta-Nada-Perdido.jpg","contentUrl":"https:\/\/radioportoseguro.com.br\/site\/wp-content\/uploads\/2026\/03\/Midian-Lima-Nao-Esta-Nada-Perdido.jpg","width":1280,"height":720},{"@type":"BreadcrumbList","@id":"https:\/\/radioportoseguro.com.br\/site\/2026\/03\/16\/midian-lima-lanca-a-inedita-nao-esta-nada-perdido\/#breadcrumb","itemListElement":[{"@type":"ListItem","position":1,"name":"In\u00edcio","item":"https:\/\/radioportoseguro.com.br\/site\/"},{"@type":"ListItem","position":2,"name":"Midian Lima lan\u00e7a a in\u00e9dita \u201cN\u00e3o Est\u00e1 Nada Perdido\u201d"}]},{"@type":"WebSite","@id":"https:\/\/radioportoseguro.com.br\/site\/#website","url":"https:\/\/radioportoseguro.com.br\/site\/","name":"R\u00e1dio Porto Seguro","description":"","potentialAction":[{"@type":"SearchAction","target":{"@type":"EntryPoint","urlTemplate":"https:\/\/radioportoseguro.com.br\/site\/?s={search_term_string}"},"query-input":{"@type":"PropertyValueSpecification","valueRequired":true,"valueName":"search_term_string"}}],"inLanguage":"pt-BR"},{"@type":"Person","@id":"https:\/\/radioportoseguro.com.br\/site\/#\/schema\/person\/d1960d33baebee56275cbda6d8aef297","name":"Leandro","image":{"@type":"ImageObject","inLanguage":"pt-BR","@id":"https:\/\/radioportoseguro.com.br\/site\/#\/schema\/person\/image\/","url":"https:\/\/secure.gravatar.com\/avatar\/ef93c9092aa97a95069df7b16c09c8dbc33c82d44a4f084e05b8f74f7ee2dd04?s=96&d=mm&r=g","contentUrl":"https:\/\/secure.gravatar.com\/avatar\/ef93c9092aa97a95069df7b16c09c8dbc33c82d44a4f084e05b8f74f7ee2dd04?s=96&d=mm&r=g","caption":"Leandro"},"url":"https:\/\/radioportoseguro.com.br\/site\/author\/leandro\/"}]}},"_links":{"self":[{"href":"https:\/\/radioportoseguro.com.br\/site\/wp-json\/wp\/v2\/posts\/5098","targetHints":{"allow":["GET"]}}],"collection":[{"href":"https:\/\/radioportoseguro.com.br\/site\/wp-json\/wp\/v2\/posts"}],"about":[{"href":"https:\/\/radioportoseguro.com.br\/site\/wp-json\/wp\/v2\/types\/post"}],"author":[{"embeddable":true,"href":"https:\/\/radioportoseguro.com.br\/site\/wp-json\/wp\/v2\/users\/2"}],"replies":[{"embeddable":true,"href":"https:\/\/radioportoseguro.com.br\/site\/wp-json\/wp\/v2\/comments?post=5098"}],"version-history":[{"count":3,"href":"https:\/\/radioportoseguro.com.br\/site\/wp-json\/wp\/v2\/posts\/5098\/revisions"}],"predecessor-version":[{"id":5109,"href":"https:\/\/radioportoseguro.com.br\/site\/wp-json\/wp\/v2\/posts\/5098\/revisions\/5109"}],"wp:featuredmedia":[{"embeddable":true,"href":"https:\/\/radioportoseguro.com.br\/site\/wp-json\/wp\/v2\/media\/5099"}],"wp:attachment":[{"href":"https:\/\/radioportoseguro.com.br\/site\/wp-json\/wp\/v2\/media?parent=5098"}],"wp:term":[{"taxonomy":"category","embeddable":true,"href":"https:\/\/radioportoseguro.com.br\/site\/wp-json\/wp\/v2\/categories?post=5098"},{"taxonomy":"post_tag","embeddable":true,"href":"https:\/\/radioportoseguro.com.br\/site\/wp-json\/wp\/v2\/tags?post=5098"}],"curies":[{"name":"wp","href":"https:\/\/api.w.org\/{rel}","templated":true}]}}