{"id":5104,"date":"2026-03-16T20:32:37","date_gmt":"2026-03-16T23:32:37","guid":{"rendered":"https:\/\/radioportoseguro.com.br\/site\/?p=5104"},"modified":"2026-03-16T20:34:01","modified_gmt":"2026-03-16T23:34:01","slug":"ventos-contrarios-gustavo-henrique-canta-a-fe-que-se-fortalece-nas-tempestades","status":"publish","type":"post","link":"https:\/\/radioportoseguro.com.br\/site\/2026\/03\/16\/ventos-contrarios-gustavo-henrique-canta-a-fe-que-se-fortalece-nas-tempestades\/","title":{"rendered":"\u201cVentos Contr\u00e1rios\u201d: Gustavo Henrique canta a f\u00e9 que se fortalece nas tempestades"},"content":{"rendered":"<p class=\"western\" align=\"justify\"><i>Em seu novo single, o cantor transforma desafios e inspira\u00e7\u00e3o b\u00edblica em um convite \u00e0 confian\u00e7a em Deus mesmo quando tudo parece soprar contra.<\/i><\/p>\n<p>O cantor e ministro de louvor Gustavo Henrique apresenta ao p\u00fablico seu novo\u00a0<i>single<\/i>, \u201c<i>Ventos Contr\u00e1rios<\/i>\u201d, lan\u00e7ado pela gravadora Gra\u00e7a Music. Composi\u00e7\u00e3o de Jan Nascimento, a can\u00e7\u00e3o traz uma mensagem profunda sobre f\u00e9, perseveran\u00e7a e confian\u00e7a em Deus mesmo quando as circunst\u00e2ncias s\u00e3o desfavor\u00e1veis.<\/p>\n<p class=\"western\" align=\"justify\">A m\u00fasica parte de uma ideia central poderosa: a f\u00e9 verdadeira n\u00e3o nasce apenas nos dias de calmaria, mas nos per\u00edodos em que o vento sopra contra. Em \u201c<i>Ventos Contr\u00e1rios<\/i>\u201d, Gustavo canta sobre permanecer firme quando tudo ao redor parece desmoronar, lembrando que Deus continua soberano mesmo nos cen\u00e1rios mais dif\u00edceis.<\/p>\n<p class=\"western\" align=\"justify\">Se a mensagem da can\u00e7\u00e3o pudesse ser resumida em um \u00fanico sentimento, seria confian\u00e7a inabal\u00e1vel \u2014 a decis\u00e3o de continuar acreditando mesmo quando as circunst\u00e2ncias sugerem desistir.<\/p>\n<p class=\"western\" align=\"justify\">Para Gustavo Henrique, essa \u00e9 uma can\u00e7\u00e3o que carrega hist\u00f3ria. \u201c<i>Ventos Contr\u00e1rios<\/i>\u201d n\u00e3o \u00e9 apenas mais uma m\u00fasica em seu repert\u00f3rio, mas uma express\u00e3o muito pessoal de sua caminhada.<\/p>\n<p class=\"western\" align=\"justify\">Gustavo diz que a nova can\u00e7\u00e3o reflete momentos reais de sua pr\u00f3pria jornada: \u201c<i>Essa m\u00fasica carrega minha hist\u00f3ria, minhas ora\u00e7\u00f5es e minha perseveran\u00e7a. J\u00e1 enfrentei per\u00edodos em que tudo parecia contr\u00e1rio \u2014 desafios ministeriais, press\u00f5es e batalhas internas. Mas foi nesses momentos que aprendi a depender menos das condi\u00e7\u00f5es e mais da dire\u00e7\u00e3o de Deus<\/i>.\u201d<\/p>\n<p class=\"western\" align=\"justify\">Curiosamente, a mensagem da m\u00fasica se manifestou at\u00e9 mesmo durante os bastidores da grava\u00e7\u00e3o. Em um epis\u00f3dio inesperado, a mala de Gustavo acabou sendo enviada para outro destino, deixando-o sem a roupa preparada para o projeto. O que poderia ter se tornado um grande problema acabou se transformando em testemunho.<\/p>\n<p class=\"western\" align=\"justify\">\u201c<i>O pastor Tiago P\u00e9res me emprestou roupas, a equipe se mobilizou e tudo come\u00e7ou a se alinhar. Aquilo me marcou muito, porque percebi que quando o vento sopra contr\u00e1rio, Deus j\u00e1 tem provis\u00e3o preparada<\/i>\u201d, relembra o cantor.<\/p>\n<p class=\"western\" align=\"justify\">A grava\u00e7\u00e3o foi marcada por um ambiente de entrega e sensibilidade espiritual. Gustavo conta que o est\u00fadio n\u00e3o foi apenas um espa\u00e7o de produ\u00e7\u00e3o musical, mas um momento de alinhamento com o prop\u00f3sito da can\u00e7\u00e3o. Musicalmente, o arranjo foi pensado para acompanhar a narrativa da letra: a m\u00fasica come\u00e7a de forma mais introspectiva e cresce em intensidade ao longo da interpreta\u00e7\u00e3o, simbolizando a supera\u00e7\u00e3o dos ventos contr\u00e1rios. J\u00e1 a est\u00e9tica visual do projeto foi constru\u00edda para transmitir for\u00e7a, movimento e perseveran\u00e7a \u2014 elementos que dialogam diretamente com a mensagem da can\u00e7\u00e3o.<\/p>\n<p class=\"western\" align=\"justify\">A inspira\u00e7\u00e3o b\u00edblica da m\u00fasica dialoga com o epis\u00f3dio registrado em Mateus 14.25-32, quando Jesus caminha sobre as \u00e1guas durante uma tempestade e convida Pedro a ir ao seu encontro. Pedro vai, mas ao perceber a for\u00e7a do vento, ele desvia o olhar de Jesus e come\u00e7a a afundar, sendo imediatamente socorrido pelo Mestre. A passagem revela uma verdade espiritual profunda: quando o foco sai de Cristo e se volta para as circunst\u00e2ncias, o medo ganha espa\u00e7o. Mas quando Jesus entra no barco, o vento se aquieta.<\/p>\n<p class=\"western\" align=\"justify\">Assim como nessa narrativa b\u00edblica, \u201c<i>Ventos Contr\u00e1rios<\/i>\u201d lembra que as tempestades n\u00e3o significam aus\u00eancia de Deus, mas podem ser oportunidades para fortalecer a f\u00e9. Ao apresentar o lan\u00e7amento, Gustavo Henrique deixa um recado especial para quem atravessa momentos dif\u00edceis.<\/p>\n<p class=\"western\" align=\"justify\">\u201c\u2018<i>Ventos Contr\u00e1rios\u2019 chega como um convite \u00e0 confian\u00e7a e \u00e0 perseveran\u00e7a, lembrando que, mesmo nas tempestades da vida, a presen\u00e7a de Cristo continua sendo a verdadeira seguran\u00e7a. Ent\u00e3o, se voc\u00ea est\u00e1 vivendo um tempo desafiador, essa can\u00e7\u00e3o \u00e9 para voc\u00ea. O vento pode estar contr\u00e1rio, mas a dire\u00e7\u00e3o continua sendo de Deus. N\u00e3o desista agora. O Deus que permite o vento \u00e9 o mesmo Deus que sustenta o barco<\/i>.\u201d (Gustavo Henrique)<\/p>\n<p class=\"western\"><b>Assista ao videoclipe da can\u00e7\u00e3o \u201c<\/b><i><b>Ventos Contr\u00e1rios<\/b><\/i><b>\u201d<br \/>\n<\/b><u><br \/>\n<\/u><\/p>\n<p><div class=\"ose-youtube ose-uid-54eab29261f9096a87896d11d4f9729d ose-embedpress-responsive\" style=\"width:600px; height:600px; max-height:600px; max-width:100%; display:inline-block;\" data-embed-type=\"Youtube\"><iframe allowFullScreen=\"true\" title=\"Gustavo Henrique - Ventos Contr\u00e1rios [Clipe Oficial]\" width=\"600\" height=\"600\" src=\"https:\/\/www.youtube.com\/embed\/0qoDOea9io4?feature=oembed&color=red&rel=0&controls=1&start=&end=&fs=0&iv_load_policy=0&autoplay=0&mute=0&modestbranding=0&cc_load_policy=1&playsinline=1\" frameborder=\"0\" allow=\"accelerometer; encrypted-media;accelerometer;autoplay;clipboard-write;gyroscope;picture-in-picture clipboard-write; encrypted-media; gyroscope; picture-in-picture; web-share\" referrerpolicy=\"strict-origin-when-cross-origin\" allowfullscreen><\/iframe><\/div><\/p>\n<p>&nbsp;<\/p>\n<p class=\"western\"><b>Ou\u00e7a a can\u00e7\u00e3o \u201c<\/b><i><b>Ventos Contr\u00e1rios<\/b><\/i><b>\u201d nas\u00a0<\/b><b>plataformas digitais. Adicione \u00e0 sua\u00a0<\/b><i><b>playlist<\/b><\/i>:\u00a0<u><a href=\"https:\/\/onerpm.link\/GH-ventoscontrarios\">https:\/\/onerpm.link\/GH-ventoscontrarios<\/a><\/u><\/p>\n<p class=\"western\"><b>Instagrans!<br \/>\nGustavo Henrique:\u00a0<\/b><u><a href=\"https:\/\/www.instagram.com\/eugustavohenriqueoficial\">https:\/\/www.instagram.com\/eugustavohenriqueoficial<\/a><\/u><br \/>\n<b>Gra\u00e7a Music:\u00a0<\/b><u><a href=\"https:\/\/www.instagram.com\/gracamusic\">https:\/\/www.instagram.com\/gracamusic<\/a><\/u><br \/>\n<b><br \/>\n<\/b><\/p>\n<p class=\"western\"><b>Por Ana Paula Costa<br \/>\nJornalista \u2013 Assessora de Imprensa Gravadora Gra\u00e7a Music<\/b><\/p>\n","protected":false},"excerpt":{"rendered":"<p>Em seu novo single, o cantor transforma desafios e inspira\u00e7\u00e3o b\u00edblica em um convite \u00e0 confian\u00e7a em Deus mesmo quando tudo parece soprar contra. O cantor e ministro de louvor Gustavo Henrique apresenta ao p\u00fablico seu novo\u00a0single, \u201cVentos Contr\u00e1rios\u201d, lan\u00e7ado pela gravadora Gra\u00e7a Music. Composi\u00e7\u00e3o de Jan Nascimento, a can\u00e7\u00e3o traz uma mensagem profunda sobre [&hellip;]<\/p>\n","protected":false},"author":2,"featured_media":5105,"comment_status":"closed","ping_status":"open","sticky":false,"template":"","format":"standard","meta":{"footnotes":""},"categories":[4],"tags":[],"class_list":["post-5104","post","type-post","status-publish","format-standard","has-post-thumbnail","hentry","category-musica"],"yoast_head":"<!-- This site is optimized with the Yoast SEO plugin v26.8 - https:\/\/yoast.com\/product\/yoast-seo-wordpress\/ -->\n<title>\u201cVentos Contr\u00e1rios\u201d: Gustavo Henrique canta a f\u00e9 que se fortalece nas tempestades - R\u00e1dio Porto Seguro<\/title>\n<meta name=\"robots\" content=\"index, follow, max-snippet:-1, max-image-preview:large, max-video-preview:-1\" \/>\n<link rel=\"canonical\" href=\"https:\/\/radioportoseguro.com.br\/site\/2026\/03\/16\/ventos-contrarios-gustavo-henrique-canta-a-fe-que-se-fortalece-nas-tempestades\/\" \/>\n<meta property=\"og:locale\" content=\"pt_BR\" \/>\n<meta property=\"og:type\" content=\"article\" \/>\n<meta property=\"og:title\" content=\"\u201cVentos Contr\u00e1rios\u201d: Gustavo Henrique canta a f\u00e9 que se fortalece nas tempestades - R\u00e1dio Porto Seguro\" \/>\n<meta property=\"og:description\" content=\"Em seu novo single, o cantor transforma desafios e inspira\u00e7\u00e3o b\u00edblica em um convite \u00e0 confian\u00e7a em Deus mesmo quando tudo parece soprar contra. O cantor e ministro de louvor Gustavo Henrique apresenta ao p\u00fablico seu novo\u00a0single, \u201cVentos Contr\u00e1rios\u201d, lan\u00e7ado pela gravadora Gra\u00e7a Music. Composi\u00e7\u00e3o de Jan Nascimento, a can\u00e7\u00e3o traz uma mensagem profunda sobre [&hellip;]\" \/>\n<meta property=\"og:url\" content=\"https:\/\/radioportoseguro.com.br\/site\/2026\/03\/16\/ventos-contrarios-gustavo-henrique-canta-a-fe-que-se-fortalece-nas-tempestades\/\" \/>\n<meta property=\"og:site_name\" content=\"R\u00e1dio Porto Seguro\" \/>\n<meta property=\"article:published_time\" content=\"2026-03-16T23:32:37+00:00\" \/>\n<meta property=\"article:modified_time\" content=\"2026-03-16T23:34:01+00:00\" \/>\n<meta property=\"og:image\" content=\"https:\/\/radioportoseguro.com.br\/site\/wp-content\/uploads\/2026\/03\/Gustavo-Henrique-Ventos-Contrarios-Clipe-Oficial.jpg\" \/>\n\t<meta property=\"og:image:width\" content=\"1280\" \/>\n\t<meta property=\"og:image:height\" content=\"720\" \/>\n\t<meta property=\"og:image:type\" content=\"image\/jpeg\" \/>\n<meta name=\"author\" content=\"Leandro\" \/>\n<meta name=\"twitter:card\" content=\"summary_large_image\" \/>\n<meta name=\"twitter:label1\" content=\"Escrito por\" \/>\n\t<meta name=\"twitter:data1\" content=\"Leandro\" \/>\n\t<meta name=\"twitter:label2\" content=\"Est. tempo de leitura\" \/>\n\t<meta name=\"twitter:data2\" content=\"4 minutos\" \/>\n<script type=\"application\/ld+json\" class=\"yoast-schema-graph\">{\"@context\":\"https:\/\/schema.org\",\"@graph\":[{\"@type\":\"Article\",\"@id\":\"https:\/\/radioportoseguro.com.br\/site\/2026\/03\/16\/ventos-contrarios-gustavo-henrique-canta-a-fe-que-se-fortalece-nas-tempestades\/#article\",\"isPartOf\":{\"@id\":\"https:\/\/radioportoseguro.com.br\/site\/2026\/03\/16\/ventos-contrarios-gustavo-henrique-canta-a-fe-que-se-fortalece-nas-tempestades\/\"},\"author\":{\"name\":\"Leandro\",\"@id\":\"https:\/\/radioportoseguro.com.br\/site\/#\/schema\/person\/d1960d33baebee56275cbda6d8aef297\"},\"headline\":\"\u201cVentos Contr\u00e1rios\u201d: Gustavo Henrique canta a f\u00e9 que se fortalece nas tempestades\",\"datePublished\":\"2026-03-16T23:32:37+00:00\",\"dateModified\":\"2026-03-16T23:34:01+00:00\",\"mainEntityOfPage\":{\"@id\":\"https:\/\/radioportoseguro.com.br\/site\/2026\/03\/16\/ventos-contrarios-gustavo-henrique-canta-a-fe-que-se-fortalece-nas-tempestades\/\"},\"wordCount\":764,\"image\":{\"@id\":\"https:\/\/radioportoseguro.com.br\/site\/2026\/03\/16\/ventos-contrarios-gustavo-henrique-canta-a-fe-que-se-fortalece-nas-tempestades\/#primaryimage\"},\"thumbnailUrl\":\"https:\/\/radioportoseguro.com.br\/site\/wp-content\/uploads\/2026\/03\/Gustavo-Henrique-Ventos-Contrarios-Clipe-Oficial.jpg\",\"articleSection\":[\"M\u00fasica\"],\"inLanguage\":\"pt-BR\"},{\"@type\":\"WebPage\",\"@id\":\"https:\/\/radioportoseguro.com.br\/site\/2026\/03\/16\/ventos-contrarios-gustavo-henrique-canta-a-fe-que-se-fortalece-nas-tempestades\/\",\"url\":\"https:\/\/radioportoseguro.com.br\/site\/2026\/03\/16\/ventos-contrarios-gustavo-henrique-canta-a-fe-que-se-fortalece-nas-tempestades\/\",\"name\":\"\u201cVentos Contr\u00e1rios\u201d: Gustavo Henrique canta a f\u00e9 que se fortalece nas tempestades - R\u00e1dio Porto Seguro\",\"isPartOf\":{\"@id\":\"https:\/\/radioportoseguro.com.br\/site\/#website\"},\"primaryImageOfPage\":{\"@id\":\"https:\/\/radioportoseguro.com.br\/site\/2026\/03\/16\/ventos-contrarios-gustavo-henrique-canta-a-fe-que-se-fortalece-nas-tempestades\/#primaryimage\"},\"image\":{\"@id\":\"https:\/\/radioportoseguro.com.br\/site\/2026\/03\/16\/ventos-contrarios-gustavo-henrique-canta-a-fe-que-se-fortalece-nas-tempestades\/#primaryimage\"},\"thumbnailUrl\":\"https:\/\/radioportoseguro.com.br\/site\/wp-content\/uploads\/2026\/03\/Gustavo-Henrique-Ventos-Contrarios-Clipe-Oficial.jpg\",\"datePublished\":\"2026-03-16T23:32:37+00:00\",\"dateModified\":\"2026-03-16T23:34:01+00:00\",\"author\":{\"@id\":\"https:\/\/radioportoseguro.com.br\/site\/#\/schema\/person\/d1960d33baebee56275cbda6d8aef297\"},\"breadcrumb\":{\"@id\":\"https:\/\/radioportoseguro.com.br\/site\/2026\/03\/16\/ventos-contrarios-gustavo-henrique-canta-a-fe-que-se-fortalece-nas-tempestades\/#breadcrumb\"},\"inLanguage\":\"pt-BR\",\"potentialAction\":[{\"@type\":\"ReadAction\",\"target\":[\"https:\/\/radioportoseguro.com.br\/site\/2026\/03\/16\/ventos-contrarios-gustavo-henrique-canta-a-fe-que-se-fortalece-nas-tempestades\/\"]}]},{\"@type\":\"ImageObject\",\"inLanguage\":\"pt-BR\",\"@id\":\"https:\/\/radioportoseguro.com.br\/site\/2026\/03\/16\/ventos-contrarios-gustavo-henrique-canta-a-fe-que-se-fortalece-nas-tempestades\/#primaryimage\",\"url\":\"https:\/\/radioportoseguro.com.br\/site\/wp-content\/uploads\/2026\/03\/Gustavo-Henrique-Ventos-Contrarios-Clipe-Oficial.jpg\",\"contentUrl\":\"https:\/\/radioportoseguro.com.br\/site\/wp-content\/uploads\/2026\/03\/Gustavo-Henrique-Ventos-Contrarios-Clipe-Oficial.jpg\",\"width\":1280,\"height\":720},{\"@type\":\"BreadcrumbList\",\"@id\":\"https:\/\/radioportoseguro.com.br\/site\/2026\/03\/16\/ventos-contrarios-gustavo-henrique-canta-a-fe-que-se-fortalece-nas-tempestades\/#breadcrumb\",\"itemListElement\":[{\"@type\":\"ListItem\",\"position\":1,\"name\":\"In\u00edcio\",\"item\":\"https:\/\/radioportoseguro.com.br\/site\/\"},{\"@type\":\"ListItem\",\"position\":2,\"name\":\"\u201cVentos Contr\u00e1rios\u201d: Gustavo Henrique canta a f\u00e9 que se fortalece nas tempestades\"}]},{\"@type\":\"WebSite\",\"@id\":\"https:\/\/radioportoseguro.com.br\/site\/#website\",\"url\":\"https:\/\/radioportoseguro.com.br\/site\/\",\"name\":\"R\u00e1dio Porto Seguro\",\"description\":\"\",\"potentialAction\":[{\"@type\":\"SearchAction\",\"target\":{\"@type\":\"EntryPoint\",\"urlTemplate\":\"https:\/\/radioportoseguro.com.br\/site\/?s={search_term_string}\"},\"query-input\":{\"@type\":\"PropertyValueSpecification\",\"valueRequired\":true,\"valueName\":\"search_term_string\"}}],\"inLanguage\":\"pt-BR\"},{\"@type\":\"Person\",\"@id\":\"https:\/\/radioportoseguro.com.br\/site\/#\/schema\/person\/d1960d33baebee56275cbda6d8aef297\",\"name\":\"Leandro\",\"image\":{\"@type\":\"ImageObject\",\"inLanguage\":\"pt-BR\",\"@id\":\"https:\/\/radioportoseguro.com.br\/site\/#\/schema\/person\/image\/\",\"url\":\"https:\/\/secure.gravatar.com\/avatar\/ef93c9092aa97a95069df7b16c09c8dbc33c82d44a4f084e05b8f74f7ee2dd04?s=96&d=mm&r=g\",\"contentUrl\":\"https:\/\/secure.gravatar.com\/avatar\/ef93c9092aa97a95069df7b16c09c8dbc33c82d44a4f084e05b8f74f7ee2dd04?s=96&d=mm&r=g\",\"caption\":\"Leandro\"},\"url\":\"https:\/\/radioportoseguro.com.br\/site\/author\/leandro\/\"}]}<\/script>\n<!-- \/ Yoast SEO plugin. -->","yoast_head_json":{"title":"\u201cVentos Contr\u00e1rios\u201d: Gustavo Henrique canta a f\u00e9 que se fortalece nas tempestades - R\u00e1dio Porto Seguro","robots":{"index":"index","follow":"follow","max-snippet":"max-snippet:-1","max-image-preview":"max-image-preview:large","max-video-preview":"max-video-preview:-1"},"canonical":"https:\/\/radioportoseguro.com.br\/site\/2026\/03\/16\/ventos-contrarios-gustavo-henrique-canta-a-fe-que-se-fortalece-nas-tempestades\/","og_locale":"pt_BR","og_type":"article","og_title":"\u201cVentos Contr\u00e1rios\u201d: Gustavo Henrique canta a f\u00e9 que se fortalece nas tempestades - R\u00e1dio Porto Seguro","og_description":"Em seu novo single, o cantor transforma desafios e inspira\u00e7\u00e3o b\u00edblica em um convite \u00e0 confian\u00e7a em Deus mesmo quando tudo parece soprar contra. O cantor e ministro de louvor Gustavo Henrique apresenta ao p\u00fablico seu novo\u00a0single, \u201cVentos Contr\u00e1rios\u201d, lan\u00e7ado pela gravadora Gra\u00e7a Music. Composi\u00e7\u00e3o de Jan Nascimento, a can\u00e7\u00e3o traz uma mensagem profunda sobre [&hellip;]","og_url":"https:\/\/radioportoseguro.com.br\/site\/2026\/03\/16\/ventos-contrarios-gustavo-henrique-canta-a-fe-que-se-fortalece-nas-tempestades\/","og_site_name":"R\u00e1dio Porto Seguro","article_published_time":"2026-03-16T23:32:37+00:00","article_modified_time":"2026-03-16T23:34:01+00:00","og_image":[{"width":1280,"height":720,"url":"https:\/\/radioportoseguro.com.br\/site\/wp-content\/uploads\/2026\/03\/Gustavo-Henrique-Ventos-Contrarios-Clipe-Oficial.jpg","type":"image\/jpeg"}],"author":"Leandro","twitter_card":"summary_large_image","twitter_misc":{"Escrito por":"Leandro","Est. tempo de leitura":"4 minutos"},"schema":{"@context":"https:\/\/schema.org","@graph":[{"@type":"Article","@id":"https:\/\/radioportoseguro.com.br\/site\/2026\/03\/16\/ventos-contrarios-gustavo-henrique-canta-a-fe-que-se-fortalece-nas-tempestades\/#article","isPartOf":{"@id":"https:\/\/radioportoseguro.com.br\/site\/2026\/03\/16\/ventos-contrarios-gustavo-henrique-canta-a-fe-que-se-fortalece-nas-tempestades\/"},"author":{"name":"Leandro","@id":"https:\/\/radioportoseguro.com.br\/site\/#\/schema\/person\/d1960d33baebee56275cbda6d8aef297"},"headline":"\u201cVentos Contr\u00e1rios\u201d: Gustavo Henrique canta a f\u00e9 que se fortalece nas tempestades","datePublished":"2026-03-16T23:32:37+00:00","dateModified":"2026-03-16T23:34:01+00:00","mainEntityOfPage":{"@id":"https:\/\/radioportoseguro.com.br\/site\/2026\/03\/16\/ventos-contrarios-gustavo-henrique-canta-a-fe-que-se-fortalece-nas-tempestades\/"},"wordCount":764,"image":{"@id":"https:\/\/radioportoseguro.com.br\/site\/2026\/03\/16\/ventos-contrarios-gustavo-henrique-canta-a-fe-que-se-fortalece-nas-tempestades\/#primaryimage"},"thumbnailUrl":"https:\/\/radioportoseguro.com.br\/site\/wp-content\/uploads\/2026\/03\/Gustavo-Henrique-Ventos-Contrarios-Clipe-Oficial.jpg","articleSection":["M\u00fasica"],"inLanguage":"pt-BR"},{"@type":"WebPage","@id":"https:\/\/radioportoseguro.com.br\/site\/2026\/03\/16\/ventos-contrarios-gustavo-henrique-canta-a-fe-que-se-fortalece-nas-tempestades\/","url":"https:\/\/radioportoseguro.com.br\/site\/2026\/03\/16\/ventos-contrarios-gustavo-henrique-canta-a-fe-que-se-fortalece-nas-tempestades\/","name":"\u201cVentos Contr\u00e1rios\u201d: Gustavo Henrique canta a f\u00e9 que se fortalece nas tempestades - R\u00e1dio Porto Seguro","isPartOf":{"@id":"https:\/\/radioportoseguro.com.br\/site\/#website"},"primaryImageOfPage":{"@id":"https:\/\/radioportoseguro.com.br\/site\/2026\/03\/16\/ventos-contrarios-gustavo-henrique-canta-a-fe-que-se-fortalece-nas-tempestades\/#primaryimage"},"image":{"@id":"https:\/\/radioportoseguro.com.br\/site\/2026\/03\/16\/ventos-contrarios-gustavo-henrique-canta-a-fe-que-se-fortalece-nas-tempestades\/#primaryimage"},"thumbnailUrl":"https:\/\/radioportoseguro.com.br\/site\/wp-content\/uploads\/2026\/03\/Gustavo-Henrique-Ventos-Contrarios-Clipe-Oficial.jpg","datePublished":"2026-03-16T23:32:37+00:00","dateModified":"2026-03-16T23:34:01+00:00","author":{"@id":"https:\/\/radioportoseguro.com.br\/site\/#\/schema\/person\/d1960d33baebee56275cbda6d8aef297"},"breadcrumb":{"@id":"https:\/\/radioportoseguro.com.br\/site\/2026\/03\/16\/ventos-contrarios-gustavo-henrique-canta-a-fe-que-se-fortalece-nas-tempestades\/#breadcrumb"},"inLanguage":"pt-BR","potentialAction":[{"@type":"ReadAction","target":["https:\/\/radioportoseguro.com.br\/site\/2026\/03\/16\/ventos-contrarios-gustavo-henrique-canta-a-fe-que-se-fortalece-nas-tempestades\/"]}]},{"@type":"ImageObject","inLanguage":"pt-BR","@id":"https:\/\/radioportoseguro.com.br\/site\/2026\/03\/16\/ventos-contrarios-gustavo-henrique-canta-a-fe-que-se-fortalece-nas-tempestades\/#primaryimage","url":"https:\/\/radioportoseguro.com.br\/site\/wp-content\/uploads\/2026\/03\/Gustavo-Henrique-Ventos-Contrarios-Clipe-Oficial.jpg","contentUrl":"https:\/\/radioportoseguro.com.br\/site\/wp-content\/uploads\/2026\/03\/Gustavo-Henrique-Ventos-Contrarios-Clipe-Oficial.jpg","width":1280,"height":720},{"@type":"BreadcrumbList","@id":"https:\/\/radioportoseguro.com.br\/site\/2026\/03\/16\/ventos-contrarios-gustavo-henrique-canta-a-fe-que-se-fortalece-nas-tempestades\/#breadcrumb","itemListElement":[{"@type":"ListItem","position":1,"name":"In\u00edcio","item":"https:\/\/radioportoseguro.com.br\/site\/"},{"@type":"ListItem","position":2,"name":"\u201cVentos Contr\u00e1rios\u201d: Gustavo Henrique canta a f\u00e9 que se fortalece nas tempestades"}]},{"@type":"WebSite","@id":"https:\/\/radioportoseguro.com.br\/site\/#website","url":"https:\/\/radioportoseguro.com.br\/site\/","name":"R\u00e1dio Porto Seguro","description":"","potentialAction":[{"@type":"SearchAction","target":{"@type":"EntryPoint","urlTemplate":"https:\/\/radioportoseguro.com.br\/site\/?s={search_term_string}"},"query-input":{"@type":"PropertyValueSpecification","valueRequired":true,"valueName":"search_term_string"}}],"inLanguage":"pt-BR"},{"@type":"Person","@id":"https:\/\/radioportoseguro.com.br\/site\/#\/schema\/person\/d1960d33baebee56275cbda6d8aef297","name":"Leandro","image":{"@type":"ImageObject","inLanguage":"pt-BR","@id":"https:\/\/radioportoseguro.com.br\/site\/#\/schema\/person\/image\/","url":"https:\/\/secure.gravatar.com\/avatar\/ef93c9092aa97a95069df7b16c09c8dbc33c82d44a4f084e05b8f74f7ee2dd04?s=96&d=mm&r=g","contentUrl":"https:\/\/secure.gravatar.com\/avatar\/ef93c9092aa97a95069df7b16c09c8dbc33c82d44a4f084e05b8f74f7ee2dd04?s=96&d=mm&r=g","caption":"Leandro"},"url":"https:\/\/radioportoseguro.com.br\/site\/author\/leandro\/"}]}},"_links":{"self":[{"href":"https:\/\/radioportoseguro.com.br\/site\/wp-json\/wp\/v2\/posts\/5104","targetHints":{"allow":["GET"]}}],"collection":[{"href":"https:\/\/radioportoseguro.com.br\/site\/wp-json\/wp\/v2\/posts"}],"about":[{"href":"https:\/\/radioportoseguro.com.br\/site\/wp-json\/wp\/v2\/types\/post"}],"author":[{"embeddable":true,"href":"https:\/\/radioportoseguro.com.br\/site\/wp-json\/wp\/v2\/users\/2"}],"replies":[{"embeddable":true,"href":"https:\/\/radioportoseguro.com.br\/site\/wp-json\/wp\/v2\/comments?post=5104"}],"version-history":[{"count":3,"href":"https:\/\/radioportoseguro.com.br\/site\/wp-json\/wp\/v2\/posts\/5104\/revisions"}],"predecessor-version":[{"id":5108,"href":"https:\/\/radioportoseguro.com.br\/site\/wp-json\/wp\/v2\/posts\/5104\/revisions\/5108"}],"wp:featuredmedia":[{"embeddable":true,"href":"https:\/\/radioportoseguro.com.br\/site\/wp-json\/wp\/v2\/media\/5105"}],"wp:attachment":[{"href":"https:\/\/radioportoseguro.com.br\/site\/wp-json\/wp\/v2\/media?parent=5104"}],"wp:term":[{"taxonomy":"category","embeddable":true,"href":"https:\/\/radioportoseguro.com.br\/site\/wp-json\/wp\/v2\/categories?post=5104"},{"taxonomy":"post_tag","embeddable":true,"href":"https:\/\/radioportoseguro.com.br\/site\/wp-json\/wp\/v2\/tags?post=5104"}],"curies":[{"name":"wp","href":"https:\/\/api.w.org\/{rel}","templated":true}]}}