{"id":5126,"date":"2026-03-17T16:34:38","date_gmt":"2026-03-17T19:34:38","guid":{"rendered":"https:\/\/radioportoseguro.com.br\/site\/2026\/03\/17\/explosao-em-sinagoga-e-ataque-a-escola-judaica-na-holanda-alertam-sobre-antissemitismo\/"},"modified":"2026-03-17T16:34:38","modified_gmt":"2026-03-17T19:34:38","slug":"explosao-em-sinagoga-e-ataque-a-escola-judaica-na-holanda-alertam-sobre-antissemitismo","status":"publish","type":"post","link":"https:\/\/radioportoseguro.com.br\/site\/2026\/03\/17\/explosao-em-sinagoga-e-ataque-a-escola-judaica-na-holanda-alertam-sobre-antissemitismo\/","title":{"rendered":"Explos\u00e3o em sinagoga e ataque a escola judaica na Holanda alertam sobre antissemitismo"},"content":{"rendered":"<p><br \/>\n<br \/><\/p>\n<div>\n<p><span style=\"font-weight: 400;\">No \u00faltimo fim de semana, ataques recentes a sinagogas na Holanda geraram preocupa\u00e7\u00e3o entre autoridades sobre o aumento da viol\u00eancia <\/span><strong><span style=\"color: #993300;\">antissemita<\/span> <\/strong><span style=\"font-weight: 400;\">contra comunidades judaicas na Europa.<\/span><\/p>\n<p><span style=\"font-weight: 400;\">Na madrugada de sexta-feira (13), um inc\u00eandio atingiu uma sinagoga em Roterd\u00e3. Segundo a pol\u00edcia local, o fogo come\u00e7ou por volta das 3h40 e foi rapidamente controlado. Apesar dos danos materiais, ningu\u00e9m ficou ferido.\u00a0<\/span><\/p>\n<p><span style=\"font-weight: 400;\">Ap\u00f3s o epis\u00f3dio, a pol\u00edcia holandesa passou a monitorar outras sinagogas por precau\u00e7\u00e3o e prendeu quatro jovens, com idades entre 17 e 19 anos, suspeitos de provocar a explos\u00e3o. Eles foram encontrados dirigindo em atitude considerada incomum nas proximidades de outra sinagoga na regi\u00e3o.<\/span><\/p>\n<p><span style=\"font-weight: 400;\">\u201cAinda n\u00e3o est\u00e1 claro se os suspeitos planejavam detonar um explosivo ou incendiar outra sinagoga\u201d, informou a pol\u00edcia em um comunicado.<\/span><\/p>\n<p><span style=\"font-weight: 400;\">As autoridades afirmam estar iniciando uma &#8220;investiga\u00e7\u00e3o em larga escala sobre este grave incidente&#8221; e apelaram para que testemunhas se apresentem.<\/span><\/p>\n<p><strong>\u2018N\u00e3o toleraremos antissemitismo\u2019<\/strong><\/p>\n<p><span style=\"font-weight: 400;\">Sobre o ataque, o ministro da Justi\u00e7a da Holanda, David van Weel, compartilhou no X: \u201cN\u00e3o toleraremos antissemitismo, intimida\u00e7\u00e3o e viol\u00eancia. As autoridades locais est\u00e3o garantindo a seguran\u00e7a das sinagogas\u201d.<\/span><\/p>\n<p><span style=\"font-weight: 400;\">Em seguida, ele expressou solidariedade \u00e0 comunidade judaica holandesa: &#8220;Eles precisam se sentir seguros na Holanda&#8221;.<\/span><\/p>\n<blockquote class=\"instagram-media\" style=\"background: #FFF; border: 0; border-radius: 3px; box-shadow: 0 0 1px 0 rgba(0,0,0,0.5),0 1px 10px 0 rgba(0,0,0,0.15); margin: 1px; max-width: 540px; min-width: 326px; padding: 0; width: calc(100% - 2px);\" data-instgrm-permalink=\"https:\/\/www.instagram.com\/reel\/DV0xQH1jmzj\/?utm_source=ig_embed&amp;utm_campaign=loading\" data-instgrm-version=\"14\"><p>&#13;<br \/>\n&#13;\n<\/p><\/blockquote>\n<p><span style=\"font-weight: 400;\">A prefeita de Roterd\u00e3, Carola Schouten, disse que o ataque causou &#8220;muita ansiedade entre os concidad\u00e3os judeus&#8221;.<\/span><\/p>\n<p><span style=\"font-weight: 400;\">\u201cN\u00e3o h\u00e1 lugar para antissemitismo, intimida\u00e7\u00e3o, viol\u00eancia ou \u00f3dio contra comunidades religiosas\u201d, disse Carola.<\/span><\/p>\n<p><span style=\"font-weight: 400;\">Chris den Hoedt, presidente da sinagoga, contou que a explos\u00e3o causou danos \u00e0 fachada do pr\u00e9dio.<\/span><\/p>\n<p><span style=\"font-weight: 400;\">\u201cO dano emocional que nossa comunidade sente \u00e9 maior e mais duradouro. Podemos consertar isso (a porta), mas n\u00e3o o resto\u201d, disse ele \u00e0 emissora p\u00fablica holandesa NOS.<\/span><\/p>\n<p><strong>Ataque em escola judaica<\/strong><\/p>\n<p><span style=\"font-weight: 400;\">No dia seguinte, outro caso refor\u00e7ou as preocupa\u00e7\u00f5es. Uma explos\u00e3o danificou uma escola judaica em <\/span><span style=\"color: #993300;\"><strong>Amsterd\u00e3<\/strong><\/span><span style=\"font-weight: 400;\">, no que o prefeito da cidade classificou como um \u201cataque deliberado contra a comunidade judaica\u201d.<\/span><\/p>\n<p><span style=\"font-weight: 400;\">Conforme o professor Andre\u0301 Lajst, presidente-executivo da organiza\u00e7\u00e3o sem fins lucrativos StandWithUs Brasil, a explos\u00e3o causou danos limitados e n\u00e3o houve registro de feridos.\u00a0<\/span><span style=\"font-weight: 400;\">Imagens de c\u00e2meras de seguran\u00e7a mostram uma pessoa colocando o artefato explosivo no local.<\/span><\/p>\n<p><span style=\"font-weight: 400;\">\u201cA seguran\u00e7a em sinagogas e institui\u00e7\u00f5es judaicas em toda a Holanda foi refor\u00e7ada ap\u00f3s os ataques\u201d, informou Andr\u00e9.\u00a0<\/span><\/p>\n<blockquote class=\"instagram-media\" style=\"background: #FFF; border: 0; border-radius: 3px; box-shadow: 0 0 1px 0 rgba(0,0,0,0.5),0 1px 10px 0 rgba(0,0,0,0.15); margin: 1px; max-width: 540px; min-width: 326px; padding: 0; width: calc(100% - 2px);\" data-instgrm-permalink=\"https:\/\/www.instagram.com\/reel\/DV3WobgEdVv\/?utm_source=ig_embed&amp;utm_campaign=loading\" data-instgrm-version=\"14\"><p>&#13;<br \/>\n&#13;\n<\/p><\/blockquote>\n<p><span style=\"font-weight: 400;\">Segundo ele, os epis\u00f3dios fazem parte de uma \u201cpreocupante onda de viol\u00eancia contra comunidades judaicas na Europa\u201d na \u00faltima semana, incluindo outros incidentes na Holanda, B\u00e9lgica e Noruega.<\/span><\/p>\n<p><span style=\"font-weight: 400;\">\u201cEm apenas dois dias, tr\u00eas sinagogas na Europa e uma nos EUA foram atacadas, no que parece ser uma a\u00e7\u00e3o coordenada para intimidar a comunidade judaica internacional\u201d, disse ele.<\/span><\/p>\n<p><span style=\"font-weight: 400;\">E continuou: \u201cCasos recentes tamb\u00e9m foram registrados em pa\u00edses como Canad\u00e1, B\u00e9lgica, Estados Unidos e Holanda. Quando lugares de culto e comunidades judaicas se tornam alvo de viol\u00eancia ao redor do mundo, fica claro: isso n\u00e3o \u00e9 \u2018cr\u00edtica a <\/span><span style=\"color: #993300;\"><strong>Israel<\/strong><\/span><span style=\"font-weight: 400;\">\u2019. \u00c9 antissemitismo\u201d.\u00a0<\/span><\/p>\n<p><span style=\"font-weight: 400;\">Andr\u00e9 destacou que os ataques ocorreram durante o Shabat \u2014 dia sagrado semanal do juda\u00edsmo, celebrado do p\u00f4r do sol de sexta-feira at\u00e9 o p\u00f4r do sol de s\u00e1bado \u2014 e alertou para o crescimento de ataques contra comunidades judaicas ao redor do mundo.<\/span><\/p>\n<p><span style=\"font-weight: 400;\">\u201cNeste Shabat, mais do que nunca, lembramos que nenhuma comunidade deveria precisar se reunir atr\u00e1s de portas refor\u00e7adas e escolta policial para se sentir segura\u201d, concluiu.<\/span><\/p>\n<\/div>\n<p><script async src=\"\/\/www.instagram.com\/embed.js\"><\/script><br \/>\n<br \/><br \/>\n<br \/>Fonte: Guiame <\/p>\n","protected":false},"excerpt":{"rendered":"<p>No \u00faltimo fim de semana, ataques recentes a sinagogas na Holanda geraram preocupa\u00e7\u00e3o entre autoridades sobre o aumento da viol\u00eancia antissemita contra comunidades judaicas na Europa. Na madrugada de sexta-feira (13), um inc\u00eandio atingiu uma sinagoga em Roterd\u00e3. Segundo a pol\u00edcia local, o fogo come\u00e7ou por volta das 3h40 e foi rapidamente controlado. Apesar dos [&hellip;]<\/p>\n","protected":false},"author":1,"featured_media":5127,"comment_status":"","ping_status":"open","sticky":false,"template":"","format":"standard","meta":{"footnotes":""},"categories":[43],"tags":[],"class_list":["post-5126","post","type-post","status-publish","format-standard","has-post-thumbnail","hentry","category-destaques"],"yoast_head":"<!-- This site is optimized with the Yoast SEO plugin v26.8 - https:\/\/yoast.com\/product\/yoast-seo-wordpress\/ -->\n<title>Explos\u00e3o em sinagoga e ataque a escola judaica na Holanda alertam sobre antissemitismo - R\u00e1dio Porto Seguro<\/title>\n<meta name=\"robots\" content=\"index, follow, max-snippet:-1, max-image-preview:large, max-video-preview:-1\" \/>\n<link rel=\"canonical\" href=\"https:\/\/radioportoseguro.com.br\/site\/2026\/03\/17\/explosao-em-sinagoga-e-ataque-a-escola-judaica-na-holanda-alertam-sobre-antissemitismo\/\" \/>\n<meta property=\"og:locale\" content=\"pt_BR\" \/>\n<meta property=\"og:type\" content=\"article\" \/>\n<meta property=\"og:title\" content=\"Explos\u00e3o em sinagoga e ataque a escola judaica na Holanda alertam sobre antissemitismo - R\u00e1dio Porto Seguro\" \/>\n<meta property=\"og:description\" content=\"No \u00faltimo fim de semana, ataques recentes a sinagogas na Holanda geraram preocupa\u00e7\u00e3o entre autoridades sobre o aumento da viol\u00eancia antissemita contra comunidades judaicas na Europa. Na madrugada de sexta-feira (13), um inc\u00eandio atingiu uma sinagoga em Roterd\u00e3. Segundo a pol\u00edcia local, o fogo come\u00e7ou por volta das 3h40 e foi rapidamente controlado. Apesar dos [&hellip;]\" \/>\n<meta property=\"og:url\" content=\"https:\/\/radioportoseguro.com.br\/site\/2026\/03\/17\/explosao-em-sinagoga-e-ataque-a-escola-judaica-na-holanda-alertam-sobre-antissemitismo\/\" \/>\n<meta property=\"og:site_name\" content=\"R\u00e1dio Porto Seguro\" \/>\n<meta property=\"article:published_time\" content=\"2026-03-17T19:34:38+00:00\" \/>\n<meta property=\"og:image\" content=\"https:\/\/media.guiame.com.br\/archives\/2026\/03\/16\/3344527041-os-ataques-antissemitas-na-holanda.jpeg\" \/>\n<meta name=\"author\" content=\"admin\" \/>\n<meta name=\"twitter:card\" content=\"summary_large_image\" \/>\n<meta name=\"twitter:label1\" content=\"Escrito por\" \/>\n\t<meta name=\"twitter:data1\" content=\"admin\" \/>\n\t<meta name=\"twitter:label2\" content=\"Est. tempo de leitura\" \/>\n\t<meta name=\"twitter:data2\" content=\"3 minutos\" \/>\n<script type=\"application\/ld+json\" class=\"yoast-schema-graph\">{\"@context\":\"https:\/\/schema.org\",\"@graph\":[{\"@type\":\"Article\",\"@id\":\"https:\/\/radioportoseguro.com.br\/site\/2026\/03\/17\/explosao-em-sinagoga-e-ataque-a-escola-judaica-na-holanda-alertam-sobre-antissemitismo\/#article\",\"isPartOf\":{\"@id\":\"https:\/\/radioportoseguro.com.br\/site\/2026\/03\/17\/explosao-em-sinagoga-e-ataque-a-escola-judaica-na-holanda-alertam-sobre-antissemitismo\/\"},\"author\":{\"name\":\"admin\",\"@id\":\"https:\/\/radioportoseguro.com.br\/site\/#\/schema\/person\/7630acdc320186f13639d3c067ec089b\"},\"headline\":\"Explos\u00e3o em sinagoga e ataque a escola judaica na Holanda alertam sobre antissemitismo\",\"datePublished\":\"2026-03-17T19:34:38+00:00\",\"mainEntityOfPage\":{\"@id\":\"https:\/\/radioportoseguro.com.br\/site\/2026\/03\/17\/explosao-em-sinagoga-e-ataque-a-escola-judaica-na-holanda-alertam-sobre-antissemitismo\/\"},\"wordCount\":596,\"image\":{\"@id\":\"https:\/\/radioportoseguro.com.br\/site\/2026\/03\/17\/explosao-em-sinagoga-e-ataque-a-escola-judaica-na-holanda-alertam-sobre-antissemitismo\/#primaryimage\"},\"thumbnailUrl\":\"https:\/\/radioportoseguro.com.br\/site\/wp-content\/uploads\/2026\/03\/3344527041-os-ataques-antissemitas-na-holanda.jpeg\",\"articleSection\":[\"Destaques\"],\"inLanguage\":\"pt-BR\"},{\"@type\":\"WebPage\",\"@id\":\"https:\/\/radioportoseguro.com.br\/site\/2026\/03\/17\/explosao-em-sinagoga-e-ataque-a-escola-judaica-na-holanda-alertam-sobre-antissemitismo\/\",\"url\":\"https:\/\/radioportoseguro.com.br\/site\/2026\/03\/17\/explosao-em-sinagoga-e-ataque-a-escola-judaica-na-holanda-alertam-sobre-antissemitismo\/\",\"name\":\"Explos\u00e3o em sinagoga e ataque a escola judaica na Holanda alertam sobre antissemitismo - R\u00e1dio Porto Seguro\",\"isPartOf\":{\"@id\":\"https:\/\/radioportoseguro.com.br\/site\/#website\"},\"primaryImageOfPage\":{\"@id\":\"https:\/\/radioportoseguro.com.br\/site\/2026\/03\/17\/explosao-em-sinagoga-e-ataque-a-escola-judaica-na-holanda-alertam-sobre-antissemitismo\/#primaryimage\"},\"image\":{\"@id\":\"https:\/\/radioportoseguro.com.br\/site\/2026\/03\/17\/explosao-em-sinagoga-e-ataque-a-escola-judaica-na-holanda-alertam-sobre-antissemitismo\/#primaryimage\"},\"thumbnailUrl\":\"https:\/\/radioportoseguro.com.br\/site\/wp-content\/uploads\/2026\/03\/3344527041-os-ataques-antissemitas-na-holanda.jpeg\",\"datePublished\":\"2026-03-17T19:34:38+00:00\",\"author\":{\"@id\":\"https:\/\/radioportoseguro.com.br\/site\/#\/schema\/person\/7630acdc320186f13639d3c067ec089b\"},\"breadcrumb\":{\"@id\":\"https:\/\/radioportoseguro.com.br\/site\/2026\/03\/17\/explosao-em-sinagoga-e-ataque-a-escola-judaica-na-holanda-alertam-sobre-antissemitismo\/#breadcrumb\"},\"inLanguage\":\"pt-BR\",\"potentialAction\":[{\"@type\":\"ReadAction\",\"target\":[\"https:\/\/radioportoseguro.com.br\/site\/2026\/03\/17\/explosao-em-sinagoga-e-ataque-a-escola-judaica-na-holanda-alertam-sobre-antissemitismo\/\"]}]},{\"@type\":\"ImageObject\",\"inLanguage\":\"pt-BR\",\"@id\":\"https:\/\/radioportoseguro.com.br\/site\/2026\/03\/17\/explosao-em-sinagoga-e-ataque-a-escola-judaica-na-holanda-alertam-sobre-antissemitismo\/#primaryimage\",\"url\":\"https:\/\/radioportoseguro.com.br\/site\/wp-content\/uploads\/2026\/03\/3344527041-os-ataques-antissemitas-na-holanda.jpeg\",\"contentUrl\":\"https:\/\/radioportoseguro.com.br\/site\/wp-content\/uploads\/2026\/03\/3344527041-os-ataques-antissemitas-na-holanda.jpeg\",\"width\":1200,\"height\":600},{\"@type\":\"BreadcrumbList\",\"@id\":\"https:\/\/radioportoseguro.com.br\/site\/2026\/03\/17\/explosao-em-sinagoga-e-ataque-a-escola-judaica-na-holanda-alertam-sobre-antissemitismo\/#breadcrumb\",\"itemListElement\":[{\"@type\":\"ListItem\",\"position\":1,\"name\":\"In\u00edcio\",\"item\":\"https:\/\/radioportoseguro.com.br\/site\/\"},{\"@type\":\"ListItem\",\"position\":2,\"name\":\"Explos\u00e3o em sinagoga e ataque a escola judaica na Holanda alertam sobre antissemitismo\"}]},{\"@type\":\"WebSite\",\"@id\":\"https:\/\/radioportoseguro.com.br\/site\/#website\",\"url\":\"https:\/\/radioportoseguro.com.br\/site\/\",\"name\":\"R\u00e1dio Porto Seguro\",\"description\":\"\",\"potentialAction\":[{\"@type\":\"SearchAction\",\"target\":{\"@type\":\"EntryPoint\",\"urlTemplate\":\"https:\/\/radioportoseguro.com.br\/site\/?s={search_term_string}\"},\"query-input\":{\"@type\":\"PropertyValueSpecification\",\"valueRequired\":true,\"valueName\":\"search_term_string\"}}],\"inLanguage\":\"pt-BR\"},{\"@type\":\"Person\",\"@id\":\"https:\/\/radioportoseguro.com.br\/site\/#\/schema\/person\/7630acdc320186f13639d3c067ec089b\",\"name\":\"admin\",\"image\":{\"@type\":\"ImageObject\",\"inLanguage\":\"pt-BR\",\"@id\":\"https:\/\/radioportoseguro.com.br\/site\/#\/schema\/person\/image\/\",\"url\":\"https:\/\/secure.gravatar.com\/avatar\/caacf4dc1eedb68fab0df8e1ed46c448e578b2466351bbcb61e47d2ac0caaef0?s=96&d=mm&r=g\",\"contentUrl\":\"https:\/\/secure.gravatar.com\/avatar\/caacf4dc1eedb68fab0df8e1ed46c448e578b2466351bbcb61e47d2ac0caaef0?s=96&d=mm&r=g\",\"caption\":\"admin\"},\"sameAs\":[\"https:\/\/radioportoseguro.com.br\/site\"],\"url\":\"https:\/\/radioportoseguro.com.br\/site\/author\/hezio\/\"}]}<\/script>\n<!-- \/ Yoast SEO plugin. -->","yoast_head_json":{"title":"Explos\u00e3o em sinagoga e ataque a escola judaica na Holanda alertam sobre antissemitismo - R\u00e1dio Porto Seguro","robots":{"index":"index","follow":"follow","max-snippet":"max-snippet:-1","max-image-preview":"max-image-preview:large","max-video-preview":"max-video-preview:-1"},"canonical":"https:\/\/radioportoseguro.com.br\/site\/2026\/03\/17\/explosao-em-sinagoga-e-ataque-a-escola-judaica-na-holanda-alertam-sobre-antissemitismo\/","og_locale":"pt_BR","og_type":"article","og_title":"Explos\u00e3o em sinagoga e ataque a escola judaica na Holanda alertam sobre antissemitismo - R\u00e1dio Porto Seguro","og_description":"No \u00faltimo fim de semana, ataques recentes a sinagogas na Holanda geraram preocupa\u00e7\u00e3o entre autoridades sobre o aumento da viol\u00eancia antissemita contra comunidades judaicas na Europa. Na madrugada de sexta-feira (13), um inc\u00eandio atingiu uma sinagoga em Roterd\u00e3. Segundo a pol\u00edcia local, o fogo come\u00e7ou por volta das 3h40 e foi rapidamente controlado. Apesar dos [&hellip;]","og_url":"https:\/\/radioportoseguro.com.br\/site\/2026\/03\/17\/explosao-em-sinagoga-e-ataque-a-escola-judaica-na-holanda-alertam-sobre-antissemitismo\/","og_site_name":"R\u00e1dio Porto Seguro","article_published_time":"2026-03-17T19:34:38+00:00","og_image":[{"url":"https:\/\/media.guiame.com.br\/archives\/2026\/03\/16\/3344527041-os-ataques-antissemitas-na-holanda.jpeg","type":"","width":"","height":""}],"author":"admin","twitter_card":"summary_large_image","twitter_misc":{"Escrito por":"admin","Est. tempo de leitura":"3 minutos"},"schema":{"@context":"https:\/\/schema.org","@graph":[{"@type":"Article","@id":"https:\/\/radioportoseguro.com.br\/site\/2026\/03\/17\/explosao-em-sinagoga-e-ataque-a-escola-judaica-na-holanda-alertam-sobre-antissemitismo\/#article","isPartOf":{"@id":"https:\/\/radioportoseguro.com.br\/site\/2026\/03\/17\/explosao-em-sinagoga-e-ataque-a-escola-judaica-na-holanda-alertam-sobre-antissemitismo\/"},"author":{"name":"admin","@id":"https:\/\/radioportoseguro.com.br\/site\/#\/schema\/person\/7630acdc320186f13639d3c067ec089b"},"headline":"Explos\u00e3o em sinagoga e ataque a escola judaica na Holanda alertam sobre antissemitismo","datePublished":"2026-03-17T19:34:38+00:00","mainEntityOfPage":{"@id":"https:\/\/radioportoseguro.com.br\/site\/2026\/03\/17\/explosao-em-sinagoga-e-ataque-a-escola-judaica-na-holanda-alertam-sobre-antissemitismo\/"},"wordCount":596,"image":{"@id":"https:\/\/radioportoseguro.com.br\/site\/2026\/03\/17\/explosao-em-sinagoga-e-ataque-a-escola-judaica-na-holanda-alertam-sobre-antissemitismo\/#primaryimage"},"thumbnailUrl":"https:\/\/radioportoseguro.com.br\/site\/wp-content\/uploads\/2026\/03\/3344527041-os-ataques-antissemitas-na-holanda.jpeg","articleSection":["Destaques"],"inLanguage":"pt-BR"},{"@type":"WebPage","@id":"https:\/\/radioportoseguro.com.br\/site\/2026\/03\/17\/explosao-em-sinagoga-e-ataque-a-escola-judaica-na-holanda-alertam-sobre-antissemitismo\/","url":"https:\/\/radioportoseguro.com.br\/site\/2026\/03\/17\/explosao-em-sinagoga-e-ataque-a-escola-judaica-na-holanda-alertam-sobre-antissemitismo\/","name":"Explos\u00e3o em sinagoga e ataque a escola judaica na Holanda alertam sobre antissemitismo - R\u00e1dio Porto Seguro","isPartOf":{"@id":"https:\/\/radioportoseguro.com.br\/site\/#website"},"primaryImageOfPage":{"@id":"https:\/\/radioportoseguro.com.br\/site\/2026\/03\/17\/explosao-em-sinagoga-e-ataque-a-escola-judaica-na-holanda-alertam-sobre-antissemitismo\/#primaryimage"},"image":{"@id":"https:\/\/radioportoseguro.com.br\/site\/2026\/03\/17\/explosao-em-sinagoga-e-ataque-a-escola-judaica-na-holanda-alertam-sobre-antissemitismo\/#primaryimage"},"thumbnailUrl":"https:\/\/radioportoseguro.com.br\/site\/wp-content\/uploads\/2026\/03\/3344527041-os-ataques-antissemitas-na-holanda.jpeg","datePublished":"2026-03-17T19:34:38+00:00","author":{"@id":"https:\/\/radioportoseguro.com.br\/site\/#\/schema\/person\/7630acdc320186f13639d3c067ec089b"},"breadcrumb":{"@id":"https:\/\/radioportoseguro.com.br\/site\/2026\/03\/17\/explosao-em-sinagoga-e-ataque-a-escola-judaica-na-holanda-alertam-sobre-antissemitismo\/#breadcrumb"},"inLanguage":"pt-BR","potentialAction":[{"@type":"ReadAction","target":["https:\/\/radioportoseguro.com.br\/site\/2026\/03\/17\/explosao-em-sinagoga-e-ataque-a-escola-judaica-na-holanda-alertam-sobre-antissemitismo\/"]}]},{"@type":"ImageObject","inLanguage":"pt-BR","@id":"https:\/\/radioportoseguro.com.br\/site\/2026\/03\/17\/explosao-em-sinagoga-e-ataque-a-escola-judaica-na-holanda-alertam-sobre-antissemitismo\/#primaryimage","url":"https:\/\/radioportoseguro.com.br\/site\/wp-content\/uploads\/2026\/03\/3344527041-os-ataques-antissemitas-na-holanda.jpeg","contentUrl":"https:\/\/radioportoseguro.com.br\/site\/wp-content\/uploads\/2026\/03\/3344527041-os-ataques-antissemitas-na-holanda.jpeg","width":1200,"height":600},{"@type":"BreadcrumbList","@id":"https:\/\/radioportoseguro.com.br\/site\/2026\/03\/17\/explosao-em-sinagoga-e-ataque-a-escola-judaica-na-holanda-alertam-sobre-antissemitismo\/#breadcrumb","itemListElement":[{"@type":"ListItem","position":1,"name":"In\u00edcio","item":"https:\/\/radioportoseguro.com.br\/site\/"},{"@type":"ListItem","position":2,"name":"Explos\u00e3o em sinagoga e ataque a escola judaica na Holanda alertam sobre antissemitismo"}]},{"@type":"WebSite","@id":"https:\/\/radioportoseguro.com.br\/site\/#website","url":"https:\/\/radioportoseguro.com.br\/site\/","name":"R\u00e1dio Porto Seguro","description":"","potentialAction":[{"@type":"SearchAction","target":{"@type":"EntryPoint","urlTemplate":"https:\/\/radioportoseguro.com.br\/site\/?s={search_term_string}"},"query-input":{"@type":"PropertyValueSpecification","valueRequired":true,"valueName":"search_term_string"}}],"inLanguage":"pt-BR"},{"@type":"Person","@id":"https:\/\/radioportoseguro.com.br\/site\/#\/schema\/person\/7630acdc320186f13639d3c067ec089b","name":"admin","image":{"@type":"ImageObject","inLanguage":"pt-BR","@id":"https:\/\/radioportoseguro.com.br\/site\/#\/schema\/person\/image\/","url":"https:\/\/secure.gravatar.com\/avatar\/caacf4dc1eedb68fab0df8e1ed46c448e578b2466351bbcb61e47d2ac0caaef0?s=96&d=mm&r=g","contentUrl":"https:\/\/secure.gravatar.com\/avatar\/caacf4dc1eedb68fab0df8e1ed46c448e578b2466351bbcb61e47d2ac0caaef0?s=96&d=mm&r=g","caption":"admin"},"sameAs":["https:\/\/radioportoseguro.com.br\/site"],"url":"https:\/\/radioportoseguro.com.br\/site\/author\/hezio\/"}]}},"_links":{"self":[{"href":"https:\/\/radioportoseguro.com.br\/site\/wp-json\/wp\/v2\/posts\/5126","targetHints":{"allow":["GET"]}}],"collection":[{"href":"https:\/\/radioportoseguro.com.br\/site\/wp-json\/wp\/v2\/posts"}],"about":[{"href":"https:\/\/radioportoseguro.com.br\/site\/wp-json\/wp\/v2\/types\/post"}],"author":[{"embeddable":true,"href":"https:\/\/radioportoseguro.com.br\/site\/wp-json\/wp\/v2\/users\/1"}],"replies":[{"embeddable":true,"href":"https:\/\/radioportoseguro.com.br\/site\/wp-json\/wp\/v2\/comments?post=5126"}],"version-history":[{"count":0,"href":"https:\/\/radioportoseguro.com.br\/site\/wp-json\/wp\/v2\/posts\/5126\/revisions"}],"wp:featuredmedia":[{"embeddable":true,"href":"https:\/\/radioportoseguro.com.br\/site\/wp-json\/wp\/v2\/media\/5127"}],"wp:attachment":[{"href":"https:\/\/radioportoseguro.com.br\/site\/wp-json\/wp\/v2\/media?parent=5126"}],"wp:term":[{"taxonomy":"category","embeddable":true,"href":"https:\/\/radioportoseguro.com.br\/site\/wp-json\/wp\/v2\/categories?post=5126"},{"taxonomy":"post_tag","embeddable":true,"href":"https:\/\/radioportoseguro.com.br\/site\/wp-json\/wp\/v2\/tags?post=5126"}],"curies":[{"name":"wp","href":"https:\/\/api.w.org\/{rel}","templated":true}]}}