{"id":5139,"date":"2026-03-18T07:14:53","date_gmt":"2026-03-18T10:14:53","guid":{"rendered":"https:\/\/radioportoseguro.com.br\/site\/2026\/03\/18\/vencedora-do-oscar-de-melhor-atriz-celebra-maternidade-amo-ser-mae\/"},"modified":"2026-03-18T07:14:53","modified_gmt":"2026-03-18T10:14:53","slug":"vencedora-do-oscar-de-melhor-atriz-celebra-maternidade-amo-ser-mae","status":"publish","type":"post","link":"https:\/\/radioportoseguro.com.br\/site\/2026\/03\/18\/vencedora-do-oscar-de-melhor-atriz-celebra-maternidade-amo-ser-mae\/","title":{"rendered":"Vencedora do Oscar de \u2018Melhor Atriz\u2019 celebra maternidade: \u201cAmo ser m\u00e3e\u201d"},"content":{"rendered":"<p><br \/>\n<br \/><\/p>\n<div>\n<p>A atriz irlandesa Jessie Buckley emocionou o p\u00fablico ao receber o <span style=\"color: #800000;\"><strong>Oscar<\/strong><\/span> de Melhor Atriz de 2026 por sua atua\u00e7\u00e3o no filme \u201cHamnet\u201d, durante a cerim\u00f4nia realizada no domingo (08).<\/p>\n<p>O longa \u00e9 inspirado no romance hom\u00f4nimo que imagina a vida familiar de William Shakespeare e de sua esposa Anne Hathaway ap\u00f3s a morte do filho do casal, Hamnet, que faleceu ainda crian\u00e7a em 1596.<\/p>\n<p>A narrativa destaca especialmente a dor e o <span style=\"color: #800000;\"><strong>amor de uma m\u00e3e<\/strong><\/span> diante da perda de um filho.<\/p>\n<p>Nesse contexto, o discurso de Jessie ganhou ainda mais significado. Ao agradecer o pr\u00eamio, a atriz falou com emo\u00e7\u00e3o sobre sua fam\u00edlia e sobre a alegria de ser m\u00e3e \u2013 uma declara\u00e7\u00e3o que rapidamente repercutiu nas redes sociais.<\/p>\n<p>Dirigindo-se ao marido, Jessie fez uma homenagem bem-humorada ao falar sobre o desejo de ampliar a fam\u00edlia:<\/p>\n<p>\u201cVoc\u00ea \u00e9 meu melhor amigo\u2026 Eu quero ter mais 20 mil beb\u00eas com voc\u00ea\u201d, disse a atriz, arrancando risos e aplausos da plateia.<\/p>\n<p><strong>&#8216;Amo ser sua m\u00e3e&#8217;<\/strong><\/p>\n<p>A atriz tamb\u00e9m mencionou a filha mais nova, Isla, de oito meses, dizendo que a beb\u00ea provavelmente n\u00e3o fazia ideia do que estava acontecendo naquele momento, mas que ela amava profundamente ser sua m\u00e3e.<\/p>\n<p>\u201cEu amo ser sua m\u00e3e\u201d, afirmou.<\/p>\n<p>No final do discurso, Jessie dedicou a conquista \u00e0s m\u00e3es, lembrando que a cerim\u00f4nia aconteceu justamente no Dia das M\u00e3es no Reino Unido.<\/p>\n<p>\u201cEu gostaria de dedicar isso ao belo caos do cora\u00e7\u00e3o de uma m\u00e3e.\u201d<\/p>\n<p>A fala chamou a aten\u00e7\u00e3o por valorizar a experi\u00eancia da maternidade em um dos palcos mais importantes do entretenimento mundial.<\/p>\n<p style=\"text-align: left;\">Assista ao discurso completo, em ingl\u00eas:<\/p>\n<div class=\"ose-youtube ose-uid-a66c775657aab08119653964ca310123 ose-embedpress-responsive\" style=\"width:600px; height:600px; max-height:600px; max-width:100%; display:inline-block;\" data-embed-type=\"Youtube\"><iframe allowFullScreen=\"true\" title=\"Jessie Buckley Wins Best Actress | 98th Oscars Speech (2026)\" width=\"600\" height=\"600\" src=\"https:\/\/www.youtube.com\/embed\/tI12K8G1U2c?feature=oembed&color=red&rel=0&controls=1&start=&end=&fs=0&iv_load_policy=0&autoplay=0&mute=0&modestbranding=0&cc_load_policy=1&playsinline=1\" frameborder=\"0\" allow=\"accelerometer; encrypted-media;accelerometer;autoplay;clipboard-write;gyroscope;picture-in-picture clipboard-write; encrypted-media; gyroscope; picture-in-picture; web-share\" referrerpolicy=\"strict-origin-when-cross-origin\" allowfullscreen><\/iframe><\/div>\n<p>\u00a0<\/p>\n<p>\u00a0<\/p>\n<\/div>\n<p><br \/>\n<br \/>Fonte: Guiame <\/p>\n","protected":false},"excerpt":{"rendered":"<p>A atriz irlandesa Jessie Buckley emocionou o p\u00fablico ao receber o Oscar de Melhor Atriz de 2026 por sua atua\u00e7\u00e3o no filme \u201cHamnet\u201d, durante a cerim\u00f4nia realizada no domingo (08). O longa \u00e9 inspirado no romance hom\u00f4nimo que imagina a vida familiar de William Shakespeare e de sua esposa Anne Hathaway ap\u00f3s a morte do [&hellip;]<\/p>\n","protected":false},"author":1,"featured_media":5140,"comment_status":"","ping_status":"open","sticky":false,"template":"","format":"standard","meta":{"footnotes":""},"categories":[43],"tags":[],"class_list":["post-5139","post","type-post","status-publish","format-standard","has-post-thumbnail","hentry","category-destaques"],"yoast_head":"<!-- This site is optimized with the Yoast SEO plugin v26.8 - https:\/\/yoast.com\/product\/yoast-seo-wordpress\/ -->\n<title>Vencedora do Oscar de \u2018Melhor Atriz\u2019 celebra maternidade: \u201cAmo ser m\u00e3e\u201d - R\u00e1dio Porto Seguro<\/title>\n<meta name=\"robots\" content=\"index, follow, max-snippet:-1, max-image-preview:large, max-video-preview:-1\" \/>\n<link rel=\"canonical\" href=\"https:\/\/radioportoseguro.com.br\/site\/2026\/03\/18\/vencedora-do-oscar-de-melhor-atriz-celebra-maternidade-amo-ser-mae\/\" \/>\n<meta property=\"og:locale\" content=\"pt_BR\" \/>\n<meta property=\"og:type\" content=\"article\" \/>\n<meta property=\"og:title\" content=\"Vencedora do Oscar de \u2018Melhor Atriz\u2019 celebra maternidade: \u201cAmo ser m\u00e3e\u201d - R\u00e1dio Porto Seguro\" \/>\n<meta property=\"og:description\" content=\"A atriz irlandesa Jessie Buckley emocionou o p\u00fablico ao receber o Oscar de Melhor Atriz de 2026 por sua atua\u00e7\u00e3o no filme \u201cHamnet\u201d, durante a cerim\u00f4nia realizada no domingo (08). O longa \u00e9 inspirado no romance hom\u00f4nimo que imagina a vida familiar de William Shakespeare e de sua esposa Anne Hathaway ap\u00f3s a morte do [&hellip;]\" \/>\n<meta property=\"og:url\" content=\"https:\/\/radioportoseguro.com.br\/site\/2026\/03\/18\/vencedora-do-oscar-de-melhor-atriz-celebra-maternidade-amo-ser-mae\/\" \/>\n<meta property=\"og:site_name\" content=\"R\u00e1dio Porto Seguro\" \/>\n<meta property=\"article:published_time\" content=\"2026-03-18T10:14:53+00:00\" \/>\n<meta property=\"og:image\" content=\"https:\/\/media.guiame.com.br\/archives\/2026\/03\/17\/3783197437-jessie-buckley.png\" \/>\n<meta name=\"author\" content=\"admin\" \/>\n<meta name=\"twitter:card\" content=\"summary_large_image\" \/>\n<meta name=\"twitter:label1\" content=\"Escrito por\" \/>\n\t<meta name=\"twitter:data1\" content=\"admin\" \/>\n\t<meta name=\"twitter:label2\" content=\"Est. tempo de leitura\" \/>\n\t<meta name=\"twitter:data2\" content=\"2 minutos\" \/>\n<script type=\"application\/ld+json\" class=\"yoast-schema-graph\">{\"@context\":\"https:\/\/schema.org\",\"@graph\":[{\"@type\":\"Article\",\"@id\":\"https:\/\/radioportoseguro.com.br\/site\/2026\/03\/18\/vencedora-do-oscar-de-melhor-atriz-celebra-maternidade-amo-ser-mae\/#article\",\"isPartOf\":{\"@id\":\"https:\/\/radioportoseguro.com.br\/site\/2026\/03\/18\/vencedora-do-oscar-de-melhor-atriz-celebra-maternidade-amo-ser-mae\/\"},\"author\":{\"name\":\"admin\",\"@id\":\"https:\/\/radioportoseguro.com.br\/site\/#\/schema\/person\/7630acdc320186f13639d3c067ec089b\"},\"headline\":\"Vencedora do Oscar de \u2018Melhor Atriz\u2019 celebra maternidade: \u201cAmo ser m\u00e3e\u201d\",\"datePublished\":\"2026-03-18T10:14:53+00:00\",\"mainEntityOfPage\":{\"@id\":\"https:\/\/radioportoseguro.com.br\/site\/2026\/03\/18\/vencedora-do-oscar-de-melhor-atriz-celebra-maternidade-amo-ser-mae\/\"},\"wordCount\":316,\"image\":{\"@id\":\"https:\/\/radioportoseguro.com.br\/site\/2026\/03\/18\/vencedora-do-oscar-de-melhor-atriz-celebra-maternidade-amo-ser-mae\/#primaryimage\"},\"thumbnailUrl\":\"https:\/\/radioportoseguro.com.br\/site\/wp-content\/uploads\/2026\/03\/3783197437-jessie-buckley.png\",\"articleSection\":[\"Destaques\"],\"inLanguage\":\"pt-BR\"},{\"@type\":\"WebPage\",\"@id\":\"https:\/\/radioportoseguro.com.br\/site\/2026\/03\/18\/vencedora-do-oscar-de-melhor-atriz-celebra-maternidade-amo-ser-mae\/\",\"url\":\"https:\/\/radioportoseguro.com.br\/site\/2026\/03\/18\/vencedora-do-oscar-de-melhor-atriz-celebra-maternidade-amo-ser-mae\/\",\"name\":\"Vencedora do Oscar de \u2018Melhor Atriz\u2019 celebra maternidade: \u201cAmo ser m\u00e3e\u201d - R\u00e1dio Porto Seguro\",\"isPartOf\":{\"@id\":\"https:\/\/radioportoseguro.com.br\/site\/#website\"},\"primaryImageOfPage\":{\"@id\":\"https:\/\/radioportoseguro.com.br\/site\/2026\/03\/18\/vencedora-do-oscar-de-melhor-atriz-celebra-maternidade-amo-ser-mae\/#primaryimage\"},\"image\":{\"@id\":\"https:\/\/radioportoseguro.com.br\/site\/2026\/03\/18\/vencedora-do-oscar-de-melhor-atriz-celebra-maternidade-amo-ser-mae\/#primaryimage\"},\"thumbnailUrl\":\"https:\/\/radioportoseguro.com.br\/site\/wp-content\/uploads\/2026\/03\/3783197437-jessie-buckley.png\",\"datePublished\":\"2026-03-18T10:14:53+00:00\",\"author\":{\"@id\":\"https:\/\/radioportoseguro.com.br\/site\/#\/schema\/person\/7630acdc320186f13639d3c067ec089b\"},\"breadcrumb\":{\"@id\":\"https:\/\/radioportoseguro.com.br\/site\/2026\/03\/18\/vencedora-do-oscar-de-melhor-atriz-celebra-maternidade-amo-ser-mae\/#breadcrumb\"},\"inLanguage\":\"pt-BR\",\"potentialAction\":[{\"@type\":\"ReadAction\",\"target\":[\"https:\/\/radioportoseguro.com.br\/site\/2026\/03\/18\/vencedora-do-oscar-de-melhor-atriz-celebra-maternidade-amo-ser-mae\/\"]}]},{\"@type\":\"ImageObject\",\"inLanguage\":\"pt-BR\",\"@id\":\"https:\/\/radioportoseguro.com.br\/site\/2026\/03\/18\/vencedora-do-oscar-de-melhor-atriz-celebra-maternidade-amo-ser-mae\/#primaryimage\",\"url\":\"https:\/\/radioportoseguro.com.br\/site\/wp-content\/uploads\/2026\/03\/3783197437-jessie-buckley.png\",\"contentUrl\":\"https:\/\/radioportoseguro.com.br\/site\/wp-content\/uploads\/2026\/03\/3783197437-jessie-buckley.png\",\"width\":1200,\"height\":600},{\"@type\":\"BreadcrumbList\",\"@id\":\"https:\/\/radioportoseguro.com.br\/site\/2026\/03\/18\/vencedora-do-oscar-de-melhor-atriz-celebra-maternidade-amo-ser-mae\/#breadcrumb\",\"itemListElement\":[{\"@type\":\"ListItem\",\"position\":1,\"name\":\"In\u00edcio\",\"item\":\"https:\/\/radioportoseguro.com.br\/site\/\"},{\"@type\":\"ListItem\",\"position\":2,\"name\":\"Vencedora do Oscar de \u2018Melhor Atriz\u2019 celebra maternidade: \u201cAmo ser m\u00e3e\u201d\"}]},{\"@type\":\"WebSite\",\"@id\":\"https:\/\/radioportoseguro.com.br\/site\/#website\",\"url\":\"https:\/\/radioportoseguro.com.br\/site\/\",\"name\":\"R\u00e1dio Porto Seguro\",\"description\":\"\",\"potentialAction\":[{\"@type\":\"SearchAction\",\"target\":{\"@type\":\"EntryPoint\",\"urlTemplate\":\"https:\/\/radioportoseguro.com.br\/site\/?s={search_term_string}\"},\"query-input\":{\"@type\":\"PropertyValueSpecification\",\"valueRequired\":true,\"valueName\":\"search_term_string\"}}],\"inLanguage\":\"pt-BR\"},{\"@type\":\"Person\",\"@id\":\"https:\/\/radioportoseguro.com.br\/site\/#\/schema\/person\/7630acdc320186f13639d3c067ec089b\",\"name\":\"admin\",\"image\":{\"@type\":\"ImageObject\",\"inLanguage\":\"pt-BR\",\"@id\":\"https:\/\/radioportoseguro.com.br\/site\/#\/schema\/person\/image\/\",\"url\":\"https:\/\/secure.gravatar.com\/avatar\/caacf4dc1eedb68fab0df8e1ed46c448e578b2466351bbcb61e47d2ac0caaef0?s=96&d=mm&r=g\",\"contentUrl\":\"https:\/\/secure.gravatar.com\/avatar\/caacf4dc1eedb68fab0df8e1ed46c448e578b2466351bbcb61e47d2ac0caaef0?s=96&d=mm&r=g\",\"caption\":\"admin\"},\"sameAs\":[\"https:\/\/radioportoseguro.com.br\/site\"],\"url\":\"https:\/\/radioportoseguro.com.br\/site\/author\/hezio\/\"}]}<\/script>\n<!-- \/ Yoast SEO plugin. -->","yoast_head_json":{"title":"Vencedora do Oscar de \u2018Melhor Atriz\u2019 celebra maternidade: \u201cAmo ser m\u00e3e\u201d - R\u00e1dio Porto Seguro","robots":{"index":"index","follow":"follow","max-snippet":"max-snippet:-1","max-image-preview":"max-image-preview:large","max-video-preview":"max-video-preview:-1"},"canonical":"https:\/\/radioportoseguro.com.br\/site\/2026\/03\/18\/vencedora-do-oscar-de-melhor-atriz-celebra-maternidade-amo-ser-mae\/","og_locale":"pt_BR","og_type":"article","og_title":"Vencedora do Oscar de \u2018Melhor Atriz\u2019 celebra maternidade: \u201cAmo ser m\u00e3e\u201d - R\u00e1dio Porto Seguro","og_description":"A atriz irlandesa Jessie Buckley emocionou o p\u00fablico ao receber o Oscar de Melhor Atriz de 2026 por sua atua\u00e7\u00e3o no filme \u201cHamnet\u201d, durante a cerim\u00f4nia realizada no domingo (08). O longa \u00e9 inspirado no romance hom\u00f4nimo que imagina a vida familiar de William Shakespeare e de sua esposa Anne Hathaway ap\u00f3s a morte do [&hellip;]","og_url":"https:\/\/radioportoseguro.com.br\/site\/2026\/03\/18\/vencedora-do-oscar-de-melhor-atriz-celebra-maternidade-amo-ser-mae\/","og_site_name":"R\u00e1dio Porto Seguro","article_published_time":"2026-03-18T10:14:53+00:00","og_image":[{"url":"https:\/\/media.guiame.com.br\/archives\/2026\/03\/17\/3783197437-jessie-buckley.png","type":"","width":"","height":""}],"author":"admin","twitter_card":"summary_large_image","twitter_misc":{"Escrito por":"admin","Est. tempo de leitura":"2 minutos"},"schema":{"@context":"https:\/\/schema.org","@graph":[{"@type":"Article","@id":"https:\/\/radioportoseguro.com.br\/site\/2026\/03\/18\/vencedora-do-oscar-de-melhor-atriz-celebra-maternidade-amo-ser-mae\/#article","isPartOf":{"@id":"https:\/\/radioportoseguro.com.br\/site\/2026\/03\/18\/vencedora-do-oscar-de-melhor-atriz-celebra-maternidade-amo-ser-mae\/"},"author":{"name":"admin","@id":"https:\/\/radioportoseguro.com.br\/site\/#\/schema\/person\/7630acdc320186f13639d3c067ec089b"},"headline":"Vencedora do Oscar de \u2018Melhor Atriz\u2019 celebra maternidade: \u201cAmo ser m\u00e3e\u201d","datePublished":"2026-03-18T10:14:53+00:00","mainEntityOfPage":{"@id":"https:\/\/radioportoseguro.com.br\/site\/2026\/03\/18\/vencedora-do-oscar-de-melhor-atriz-celebra-maternidade-amo-ser-mae\/"},"wordCount":316,"image":{"@id":"https:\/\/radioportoseguro.com.br\/site\/2026\/03\/18\/vencedora-do-oscar-de-melhor-atriz-celebra-maternidade-amo-ser-mae\/#primaryimage"},"thumbnailUrl":"https:\/\/radioportoseguro.com.br\/site\/wp-content\/uploads\/2026\/03\/3783197437-jessie-buckley.png","articleSection":["Destaques"],"inLanguage":"pt-BR"},{"@type":"WebPage","@id":"https:\/\/radioportoseguro.com.br\/site\/2026\/03\/18\/vencedora-do-oscar-de-melhor-atriz-celebra-maternidade-amo-ser-mae\/","url":"https:\/\/radioportoseguro.com.br\/site\/2026\/03\/18\/vencedora-do-oscar-de-melhor-atriz-celebra-maternidade-amo-ser-mae\/","name":"Vencedora do Oscar de \u2018Melhor Atriz\u2019 celebra maternidade: \u201cAmo ser m\u00e3e\u201d - R\u00e1dio Porto Seguro","isPartOf":{"@id":"https:\/\/radioportoseguro.com.br\/site\/#website"},"primaryImageOfPage":{"@id":"https:\/\/radioportoseguro.com.br\/site\/2026\/03\/18\/vencedora-do-oscar-de-melhor-atriz-celebra-maternidade-amo-ser-mae\/#primaryimage"},"image":{"@id":"https:\/\/radioportoseguro.com.br\/site\/2026\/03\/18\/vencedora-do-oscar-de-melhor-atriz-celebra-maternidade-amo-ser-mae\/#primaryimage"},"thumbnailUrl":"https:\/\/radioportoseguro.com.br\/site\/wp-content\/uploads\/2026\/03\/3783197437-jessie-buckley.png","datePublished":"2026-03-18T10:14:53+00:00","author":{"@id":"https:\/\/radioportoseguro.com.br\/site\/#\/schema\/person\/7630acdc320186f13639d3c067ec089b"},"breadcrumb":{"@id":"https:\/\/radioportoseguro.com.br\/site\/2026\/03\/18\/vencedora-do-oscar-de-melhor-atriz-celebra-maternidade-amo-ser-mae\/#breadcrumb"},"inLanguage":"pt-BR","potentialAction":[{"@type":"ReadAction","target":["https:\/\/radioportoseguro.com.br\/site\/2026\/03\/18\/vencedora-do-oscar-de-melhor-atriz-celebra-maternidade-amo-ser-mae\/"]}]},{"@type":"ImageObject","inLanguage":"pt-BR","@id":"https:\/\/radioportoseguro.com.br\/site\/2026\/03\/18\/vencedora-do-oscar-de-melhor-atriz-celebra-maternidade-amo-ser-mae\/#primaryimage","url":"https:\/\/radioportoseguro.com.br\/site\/wp-content\/uploads\/2026\/03\/3783197437-jessie-buckley.png","contentUrl":"https:\/\/radioportoseguro.com.br\/site\/wp-content\/uploads\/2026\/03\/3783197437-jessie-buckley.png","width":1200,"height":600},{"@type":"BreadcrumbList","@id":"https:\/\/radioportoseguro.com.br\/site\/2026\/03\/18\/vencedora-do-oscar-de-melhor-atriz-celebra-maternidade-amo-ser-mae\/#breadcrumb","itemListElement":[{"@type":"ListItem","position":1,"name":"In\u00edcio","item":"https:\/\/radioportoseguro.com.br\/site\/"},{"@type":"ListItem","position":2,"name":"Vencedora do Oscar de \u2018Melhor Atriz\u2019 celebra maternidade: \u201cAmo ser m\u00e3e\u201d"}]},{"@type":"WebSite","@id":"https:\/\/radioportoseguro.com.br\/site\/#website","url":"https:\/\/radioportoseguro.com.br\/site\/","name":"R\u00e1dio Porto Seguro","description":"","potentialAction":[{"@type":"SearchAction","target":{"@type":"EntryPoint","urlTemplate":"https:\/\/radioportoseguro.com.br\/site\/?s={search_term_string}"},"query-input":{"@type":"PropertyValueSpecification","valueRequired":true,"valueName":"search_term_string"}}],"inLanguage":"pt-BR"},{"@type":"Person","@id":"https:\/\/radioportoseguro.com.br\/site\/#\/schema\/person\/7630acdc320186f13639d3c067ec089b","name":"admin","image":{"@type":"ImageObject","inLanguage":"pt-BR","@id":"https:\/\/radioportoseguro.com.br\/site\/#\/schema\/person\/image\/","url":"https:\/\/secure.gravatar.com\/avatar\/caacf4dc1eedb68fab0df8e1ed46c448e578b2466351bbcb61e47d2ac0caaef0?s=96&d=mm&r=g","contentUrl":"https:\/\/secure.gravatar.com\/avatar\/caacf4dc1eedb68fab0df8e1ed46c448e578b2466351bbcb61e47d2ac0caaef0?s=96&d=mm&r=g","caption":"admin"},"sameAs":["https:\/\/radioportoseguro.com.br\/site"],"url":"https:\/\/radioportoseguro.com.br\/site\/author\/hezio\/"}]}},"_links":{"self":[{"href":"https:\/\/radioportoseguro.com.br\/site\/wp-json\/wp\/v2\/posts\/5139","targetHints":{"allow":["GET"]}}],"collection":[{"href":"https:\/\/radioportoseguro.com.br\/site\/wp-json\/wp\/v2\/posts"}],"about":[{"href":"https:\/\/radioportoseguro.com.br\/site\/wp-json\/wp\/v2\/types\/post"}],"author":[{"embeddable":true,"href":"https:\/\/radioportoseguro.com.br\/site\/wp-json\/wp\/v2\/users\/1"}],"replies":[{"embeddable":true,"href":"https:\/\/radioportoseguro.com.br\/site\/wp-json\/wp\/v2\/comments?post=5139"}],"version-history":[{"count":0,"href":"https:\/\/radioportoseguro.com.br\/site\/wp-json\/wp\/v2\/posts\/5139\/revisions"}],"wp:featuredmedia":[{"embeddable":true,"href":"https:\/\/radioportoseguro.com.br\/site\/wp-json\/wp\/v2\/media\/5140"}],"wp:attachment":[{"href":"https:\/\/radioportoseguro.com.br\/site\/wp-json\/wp\/v2\/media?parent=5139"}],"wp:term":[{"taxonomy":"category","embeddable":true,"href":"https:\/\/radioportoseguro.com.br\/site\/wp-json\/wp\/v2\/categories?post=5139"},{"taxonomy":"post_tag","embeddable":true,"href":"https:\/\/radioportoseguro.com.br\/site\/wp-json\/wp\/v2\/tags?post=5139"}],"curies":[{"name":"wp","href":"https:\/\/api.w.org\/{rel}","templated":true}]}}