{"id":5141,"date":"2026-03-18T09:16:38","date_gmt":"2026-03-18T12:16:38","guid":{"rendered":"https:\/\/radioportoseguro.com.br\/site\/2026\/03\/18\/jovem-e-batizada-em-cocho-de-animais-no-iraque-apos-ser-curada-de-depressao\/"},"modified":"2026-03-18T09:16:38","modified_gmt":"2026-03-18T12:16:38","slug":"jovem-e-batizada-em-cocho-de-animais-no-iraque-apos-ser-curada-de-depressao","status":"publish","type":"post","link":"https:\/\/radioportoseguro.com.br\/site\/2026\/03\/18\/jovem-e-batizada-em-cocho-de-animais-no-iraque-apos-ser-curada-de-depressao\/","title":{"rendered":"Jovem \u00e9 batizada em cocho de animais no Iraque, ap\u00f3s ser curada de depress\u00e3o"},"content":{"rendered":"<p><br \/>\n<br \/><\/p>\n<div>\n<p><span style=\"font-weight: 400;\">Layla* cresceu em uma fam\u00edlia mu\u00e7ulmana no <\/span><span style=\"color: #800000;\"><strong>Iraque<\/strong><\/span><span style=\"font-weight: 400;\">, enfrentando a extrema pobreza. Al\u00e9m disso, a menina n\u00e3o tinha um pai presente e, quando ele estava em casa, era abusivo.<\/span><\/p>\n<p><span style=\"font-weight: 400;\">Durante sua juventude, Layla desenvolveu depress\u00e3o e ansiedade. Ela passou a questionar a f\u00e9 isl\u00e2mica em que havia sido criada.<\/span><\/p>\n<p><span style=\"font-weight: 400;\">Na mesma \u00e9poca, sua prima Fareena* perdeu os pais e foi morar em um campo de deslocados. No local, ela recebeu cuidados na cl\u00ednica m\u00e9dica para \u00f3rf\u00e3os e vi\u00favas da miss\u00e3o World Challenge.<\/span><\/p>\n<p><span style=\"font-weight: 400;\">A equipe mission\u00e1ria cuidou de suas necessidades f\u00edsicas e tamb\u00e9m compartilhou o Evangelho com a mu\u00e7ulmana.<\/span><\/p>\n<p><span style=\"font-weight: 400;\">Impactada por Deus, Fareena entregou sua vida a Jesus. Logo depois, ela compartilhou as Boas Novas com Layla e lhe deu uma B\u00edblia.<\/span><\/p>\n<p><span style=\"font-weight: 400;\">A jovem passou a ler o exemplar e foi transformada pelo poder da Palavra de Deus. \u201c\u00c0 medida que Layla aprendia lentamente a ler as Escrituras, algo come\u00e7ou a mudar. A mesma jovem, sobrecarregada por traumas e desespero, come\u00e7ou a se curar\u201d, testemunhou a World Challenge, em postagem no Instagram.<\/span><\/p>\n<p><span style=\"font-weight: 400;\">Layla deixou o Isl\u00e3 e aceitou Jesus como seu Salvador. Sem igrejas em sua vila, ela foi <\/span><span style=\"color: #800000;\"><strong>batizada<\/strong><\/span><span style=\"font-weight: 400;\"> por Farrena em um cocho onde animais bebem \u00e1gua.<\/span><\/p>\n<p><span style=\"font-weight: 400;\">Mesmo enfrentando <\/span><span style=\"color: #800000;\"><strong>risco de persegui\u00e7\u00e3o<\/strong><\/span><span style=\"font-weight: 400;\"> no pa\u00eds mu\u00e7ulmano, Layla deu testemunho p\u00fablico de sua f\u00e9 em Cristo.<\/span><\/p>\n<p><span style=\"font-weight: 400;\">\u201cHoje, Layla \u00e9 casada, tem um filho e compartilha corajosamente o Evangelho. Ela sonha com uma igreja em uma vila onde n\u00e3o h\u00e1 uma por centenas de quil\u00f4metros!\u201d, relatou a miss\u00e3o.<\/span><\/p>\n<p><span style=\"font-weight: 400;\">\u201cQuando voc\u00ea pratica a religi\u00e3o pura, isso n\u00e3o muda apenas uma vida&#8230; Isso muda o mundo\u201d, acrescentou.<\/span><\/p>\n<p><span style=\"font-weight: 400;\">A World Challenge pediu ora\u00e7\u00f5es pelo Iraque. \u201cN\u00e3o pare de orar pelo Iraque. A Igreja est\u00e1 viva no pa\u00eds, Deus continua fazendo milagres\u201d, afirmou.<\/span><\/p>\n<blockquote class=\"instagram-media\" style=\"background: #FFF; border: 0; border-radius: 3px; box-shadow: 0 0 1px 0 rgba(0,0,0,0.5),0 1px 10px 0 rgba(0,0,0,0.15); margin: 1px; max-width: 540px; min-width: 326px; padding: 0; width: calc(100% - 2px);\" data-instgrm-captioned=\"\" data-instgrm-permalink=\"https:\/\/www.instagram.com\/p\/DVY0kijjuqk\/?utm_source=ig_embed&amp;utm_campaign=loading\" data-instgrm-version=\"14\"><p>&#13;<br \/>\n&#13;\n<\/p><\/blockquote>\n<p><span style=\"font-weight: 400;\">Fundada h\u00e1 50 anos por David Wilkerson, a World Challenge leva o Evangelho e cuidados a \u00f3rf\u00e3os e vi\u00favas vulner\u00e1veis em todo o mundo.<\/span><\/p>\n<p><em><span style=\"font-weight: 400;\">*Nomes alterados por motivos de seguran\u00e7a.<\/span><\/em><\/p>\n<\/div>\n<p><script async src=\"\/\/www.instagram.com\/embed.js\"><\/script><br \/>\n<br \/><br \/>\n<br \/>Fonte: Guiame <\/p>\n","protected":false},"excerpt":{"rendered":"<p>Layla* cresceu em uma fam\u00edlia mu\u00e7ulmana no Iraque, enfrentando a extrema pobreza. Al\u00e9m disso, a menina n\u00e3o tinha um pai presente e, quando ele estava em casa, era abusivo. Durante sua juventude, Layla desenvolveu depress\u00e3o e ansiedade. Ela passou a questionar a f\u00e9 isl\u00e2mica em que havia sido criada. Na mesma \u00e9poca, sua prima Fareena* [&hellip;]<\/p>\n","protected":false},"author":1,"featured_media":5142,"comment_status":"","ping_status":"open","sticky":false,"template":"","format":"standard","meta":{"footnotes":""},"categories":[43],"tags":[],"class_list":["post-5141","post","type-post","status-publish","format-standard","has-post-thumbnail","hentry","category-destaques"],"yoast_head":"<!-- This site is optimized with the Yoast SEO plugin v26.8 - https:\/\/yoast.com\/product\/yoast-seo-wordpress\/ -->\n<title>Jovem \u00e9 batizada em cocho de animais no Iraque, ap\u00f3s ser curada de depress\u00e3o - R\u00e1dio Porto Seguro<\/title>\n<meta name=\"robots\" content=\"index, follow, max-snippet:-1, max-image-preview:large, max-video-preview:-1\" \/>\n<link rel=\"canonical\" href=\"https:\/\/radioportoseguro.com.br\/site\/2026\/03\/18\/jovem-e-batizada-em-cocho-de-animais-no-iraque-apos-ser-curada-de-depressao\/\" \/>\n<meta property=\"og:locale\" content=\"pt_BR\" \/>\n<meta property=\"og:type\" content=\"article\" \/>\n<meta property=\"og:title\" content=\"Jovem \u00e9 batizada em cocho de animais no Iraque, ap\u00f3s ser curada de depress\u00e3o - R\u00e1dio Porto Seguro\" \/>\n<meta property=\"og:description\" content=\"Layla* cresceu em uma fam\u00edlia mu\u00e7ulmana no Iraque, enfrentando a extrema pobreza. Al\u00e9m disso, a menina n\u00e3o tinha um pai presente e, quando ele estava em casa, era abusivo. Durante sua juventude, Layla desenvolveu depress\u00e3o e ansiedade. Ela passou a questionar a f\u00e9 isl\u00e2mica em que havia sido criada. Na mesma \u00e9poca, sua prima Fareena* [&hellip;]\" \/>\n<meta property=\"og:url\" content=\"https:\/\/radioportoseguro.com.br\/site\/2026\/03\/18\/jovem-e-batizada-em-cocho-de-animais-no-iraque-apos-ser-curada-de-depressao\/\" \/>\n<meta property=\"og:site_name\" content=\"R\u00e1dio Porto Seguro\" \/>\n<meta property=\"article:published_time\" content=\"2026-03-18T12:16:38+00:00\" \/>\n<meta property=\"og:image\" content=\"https:\/\/media.guiame.com.br\/archives\/2026\/03\/17\/2591268550-layla.jpeg\" \/>\n<meta name=\"author\" content=\"admin\" \/>\n<meta name=\"twitter:card\" content=\"summary_large_image\" \/>\n<meta name=\"twitter:label1\" content=\"Escrito por\" \/>\n\t<meta name=\"twitter:data1\" content=\"admin\" \/>\n\t<meta name=\"twitter:label2\" content=\"Est. tempo de leitura\" \/>\n\t<meta name=\"twitter:data2\" content=\"2 minutos\" \/>\n<script type=\"application\/ld+json\" class=\"yoast-schema-graph\">{\"@context\":\"https:\/\/schema.org\",\"@graph\":[{\"@type\":\"Article\",\"@id\":\"https:\/\/radioportoseguro.com.br\/site\/2026\/03\/18\/jovem-e-batizada-em-cocho-de-animais-no-iraque-apos-ser-curada-de-depressao\/#article\",\"isPartOf\":{\"@id\":\"https:\/\/radioportoseguro.com.br\/site\/2026\/03\/18\/jovem-e-batizada-em-cocho-de-animais-no-iraque-apos-ser-curada-de-depressao\/\"},\"author\":{\"name\":\"admin\",\"@id\":\"https:\/\/radioportoseguro.com.br\/site\/#\/schema\/person\/7630acdc320186f13639d3c067ec089b\"},\"headline\":\"Jovem \u00e9 batizada em cocho de animais no Iraque, ap\u00f3s ser curada de depress\u00e3o\",\"datePublished\":\"2026-03-18T12:16:38+00:00\",\"mainEntityOfPage\":{\"@id\":\"https:\/\/radioportoseguro.com.br\/site\/2026\/03\/18\/jovem-e-batizada-em-cocho-de-animais-no-iraque-apos-ser-curada-de-depressao\/\"},\"wordCount\":367,\"image\":{\"@id\":\"https:\/\/radioportoseguro.com.br\/site\/2026\/03\/18\/jovem-e-batizada-em-cocho-de-animais-no-iraque-apos-ser-curada-de-depressao\/#primaryimage\"},\"thumbnailUrl\":\"https:\/\/radioportoseguro.com.br\/site\/wp-content\/uploads\/2026\/03\/2591268550-layla.jpeg\",\"articleSection\":[\"Destaques\"],\"inLanguage\":\"pt-BR\"},{\"@type\":\"WebPage\",\"@id\":\"https:\/\/radioportoseguro.com.br\/site\/2026\/03\/18\/jovem-e-batizada-em-cocho-de-animais-no-iraque-apos-ser-curada-de-depressao\/\",\"url\":\"https:\/\/radioportoseguro.com.br\/site\/2026\/03\/18\/jovem-e-batizada-em-cocho-de-animais-no-iraque-apos-ser-curada-de-depressao\/\",\"name\":\"Jovem \u00e9 batizada em cocho de animais no Iraque, ap\u00f3s ser curada de depress\u00e3o - R\u00e1dio Porto Seguro\",\"isPartOf\":{\"@id\":\"https:\/\/radioportoseguro.com.br\/site\/#website\"},\"primaryImageOfPage\":{\"@id\":\"https:\/\/radioportoseguro.com.br\/site\/2026\/03\/18\/jovem-e-batizada-em-cocho-de-animais-no-iraque-apos-ser-curada-de-depressao\/#primaryimage\"},\"image\":{\"@id\":\"https:\/\/radioportoseguro.com.br\/site\/2026\/03\/18\/jovem-e-batizada-em-cocho-de-animais-no-iraque-apos-ser-curada-de-depressao\/#primaryimage\"},\"thumbnailUrl\":\"https:\/\/radioportoseguro.com.br\/site\/wp-content\/uploads\/2026\/03\/2591268550-layla.jpeg\",\"datePublished\":\"2026-03-18T12:16:38+00:00\",\"author\":{\"@id\":\"https:\/\/radioportoseguro.com.br\/site\/#\/schema\/person\/7630acdc320186f13639d3c067ec089b\"},\"breadcrumb\":{\"@id\":\"https:\/\/radioportoseguro.com.br\/site\/2026\/03\/18\/jovem-e-batizada-em-cocho-de-animais-no-iraque-apos-ser-curada-de-depressao\/#breadcrumb\"},\"inLanguage\":\"pt-BR\",\"potentialAction\":[{\"@type\":\"ReadAction\",\"target\":[\"https:\/\/radioportoseguro.com.br\/site\/2026\/03\/18\/jovem-e-batizada-em-cocho-de-animais-no-iraque-apos-ser-curada-de-depressao\/\"]}]},{\"@type\":\"ImageObject\",\"inLanguage\":\"pt-BR\",\"@id\":\"https:\/\/radioportoseguro.com.br\/site\/2026\/03\/18\/jovem-e-batizada-em-cocho-de-animais-no-iraque-apos-ser-curada-de-depressao\/#primaryimage\",\"url\":\"https:\/\/radioportoseguro.com.br\/site\/wp-content\/uploads\/2026\/03\/2591268550-layla.jpeg\",\"contentUrl\":\"https:\/\/radioportoseguro.com.br\/site\/wp-content\/uploads\/2026\/03\/2591268550-layla.jpeg\",\"width\":1200,\"height\":600},{\"@type\":\"BreadcrumbList\",\"@id\":\"https:\/\/radioportoseguro.com.br\/site\/2026\/03\/18\/jovem-e-batizada-em-cocho-de-animais-no-iraque-apos-ser-curada-de-depressao\/#breadcrumb\",\"itemListElement\":[{\"@type\":\"ListItem\",\"position\":1,\"name\":\"In\u00edcio\",\"item\":\"https:\/\/radioportoseguro.com.br\/site\/\"},{\"@type\":\"ListItem\",\"position\":2,\"name\":\"Jovem \u00e9 batizada em cocho de animais no Iraque, ap\u00f3s ser curada de depress\u00e3o\"}]},{\"@type\":\"WebSite\",\"@id\":\"https:\/\/radioportoseguro.com.br\/site\/#website\",\"url\":\"https:\/\/radioportoseguro.com.br\/site\/\",\"name\":\"R\u00e1dio Porto Seguro\",\"description\":\"\",\"potentialAction\":[{\"@type\":\"SearchAction\",\"target\":{\"@type\":\"EntryPoint\",\"urlTemplate\":\"https:\/\/radioportoseguro.com.br\/site\/?s={search_term_string}\"},\"query-input\":{\"@type\":\"PropertyValueSpecification\",\"valueRequired\":true,\"valueName\":\"search_term_string\"}}],\"inLanguage\":\"pt-BR\"},{\"@type\":\"Person\",\"@id\":\"https:\/\/radioportoseguro.com.br\/site\/#\/schema\/person\/7630acdc320186f13639d3c067ec089b\",\"name\":\"admin\",\"image\":{\"@type\":\"ImageObject\",\"inLanguage\":\"pt-BR\",\"@id\":\"https:\/\/radioportoseguro.com.br\/site\/#\/schema\/person\/image\/\",\"url\":\"https:\/\/secure.gravatar.com\/avatar\/caacf4dc1eedb68fab0df8e1ed46c448e578b2466351bbcb61e47d2ac0caaef0?s=96&d=mm&r=g\",\"contentUrl\":\"https:\/\/secure.gravatar.com\/avatar\/caacf4dc1eedb68fab0df8e1ed46c448e578b2466351bbcb61e47d2ac0caaef0?s=96&d=mm&r=g\",\"caption\":\"admin\"},\"sameAs\":[\"https:\/\/radioportoseguro.com.br\/site\"],\"url\":\"https:\/\/radioportoseguro.com.br\/site\/author\/hezio\/\"}]}<\/script>\n<!-- \/ Yoast SEO plugin. -->","yoast_head_json":{"title":"Jovem \u00e9 batizada em cocho de animais no Iraque, ap\u00f3s ser curada de depress\u00e3o - R\u00e1dio Porto Seguro","robots":{"index":"index","follow":"follow","max-snippet":"max-snippet:-1","max-image-preview":"max-image-preview:large","max-video-preview":"max-video-preview:-1"},"canonical":"https:\/\/radioportoseguro.com.br\/site\/2026\/03\/18\/jovem-e-batizada-em-cocho-de-animais-no-iraque-apos-ser-curada-de-depressao\/","og_locale":"pt_BR","og_type":"article","og_title":"Jovem \u00e9 batizada em cocho de animais no Iraque, ap\u00f3s ser curada de depress\u00e3o - R\u00e1dio Porto Seguro","og_description":"Layla* cresceu em uma fam\u00edlia mu\u00e7ulmana no Iraque, enfrentando a extrema pobreza. Al\u00e9m disso, a menina n\u00e3o tinha um pai presente e, quando ele estava em casa, era abusivo. Durante sua juventude, Layla desenvolveu depress\u00e3o e ansiedade. Ela passou a questionar a f\u00e9 isl\u00e2mica em que havia sido criada. Na mesma \u00e9poca, sua prima Fareena* [&hellip;]","og_url":"https:\/\/radioportoseguro.com.br\/site\/2026\/03\/18\/jovem-e-batizada-em-cocho-de-animais-no-iraque-apos-ser-curada-de-depressao\/","og_site_name":"R\u00e1dio Porto Seguro","article_published_time":"2026-03-18T12:16:38+00:00","og_image":[{"url":"https:\/\/media.guiame.com.br\/archives\/2026\/03\/17\/2591268550-layla.jpeg","type":"","width":"","height":""}],"author":"admin","twitter_card":"summary_large_image","twitter_misc":{"Escrito por":"admin","Est. tempo de leitura":"2 minutos"},"schema":{"@context":"https:\/\/schema.org","@graph":[{"@type":"Article","@id":"https:\/\/radioportoseguro.com.br\/site\/2026\/03\/18\/jovem-e-batizada-em-cocho-de-animais-no-iraque-apos-ser-curada-de-depressao\/#article","isPartOf":{"@id":"https:\/\/radioportoseguro.com.br\/site\/2026\/03\/18\/jovem-e-batizada-em-cocho-de-animais-no-iraque-apos-ser-curada-de-depressao\/"},"author":{"name":"admin","@id":"https:\/\/radioportoseguro.com.br\/site\/#\/schema\/person\/7630acdc320186f13639d3c067ec089b"},"headline":"Jovem \u00e9 batizada em cocho de animais no Iraque, ap\u00f3s ser curada de depress\u00e3o","datePublished":"2026-03-18T12:16:38+00:00","mainEntityOfPage":{"@id":"https:\/\/radioportoseguro.com.br\/site\/2026\/03\/18\/jovem-e-batizada-em-cocho-de-animais-no-iraque-apos-ser-curada-de-depressao\/"},"wordCount":367,"image":{"@id":"https:\/\/radioportoseguro.com.br\/site\/2026\/03\/18\/jovem-e-batizada-em-cocho-de-animais-no-iraque-apos-ser-curada-de-depressao\/#primaryimage"},"thumbnailUrl":"https:\/\/radioportoseguro.com.br\/site\/wp-content\/uploads\/2026\/03\/2591268550-layla.jpeg","articleSection":["Destaques"],"inLanguage":"pt-BR"},{"@type":"WebPage","@id":"https:\/\/radioportoseguro.com.br\/site\/2026\/03\/18\/jovem-e-batizada-em-cocho-de-animais-no-iraque-apos-ser-curada-de-depressao\/","url":"https:\/\/radioportoseguro.com.br\/site\/2026\/03\/18\/jovem-e-batizada-em-cocho-de-animais-no-iraque-apos-ser-curada-de-depressao\/","name":"Jovem \u00e9 batizada em cocho de animais no Iraque, ap\u00f3s ser curada de depress\u00e3o - R\u00e1dio Porto Seguro","isPartOf":{"@id":"https:\/\/radioportoseguro.com.br\/site\/#website"},"primaryImageOfPage":{"@id":"https:\/\/radioportoseguro.com.br\/site\/2026\/03\/18\/jovem-e-batizada-em-cocho-de-animais-no-iraque-apos-ser-curada-de-depressao\/#primaryimage"},"image":{"@id":"https:\/\/radioportoseguro.com.br\/site\/2026\/03\/18\/jovem-e-batizada-em-cocho-de-animais-no-iraque-apos-ser-curada-de-depressao\/#primaryimage"},"thumbnailUrl":"https:\/\/radioportoseguro.com.br\/site\/wp-content\/uploads\/2026\/03\/2591268550-layla.jpeg","datePublished":"2026-03-18T12:16:38+00:00","author":{"@id":"https:\/\/radioportoseguro.com.br\/site\/#\/schema\/person\/7630acdc320186f13639d3c067ec089b"},"breadcrumb":{"@id":"https:\/\/radioportoseguro.com.br\/site\/2026\/03\/18\/jovem-e-batizada-em-cocho-de-animais-no-iraque-apos-ser-curada-de-depressao\/#breadcrumb"},"inLanguage":"pt-BR","potentialAction":[{"@type":"ReadAction","target":["https:\/\/radioportoseguro.com.br\/site\/2026\/03\/18\/jovem-e-batizada-em-cocho-de-animais-no-iraque-apos-ser-curada-de-depressao\/"]}]},{"@type":"ImageObject","inLanguage":"pt-BR","@id":"https:\/\/radioportoseguro.com.br\/site\/2026\/03\/18\/jovem-e-batizada-em-cocho-de-animais-no-iraque-apos-ser-curada-de-depressao\/#primaryimage","url":"https:\/\/radioportoseguro.com.br\/site\/wp-content\/uploads\/2026\/03\/2591268550-layla.jpeg","contentUrl":"https:\/\/radioportoseguro.com.br\/site\/wp-content\/uploads\/2026\/03\/2591268550-layla.jpeg","width":1200,"height":600},{"@type":"BreadcrumbList","@id":"https:\/\/radioportoseguro.com.br\/site\/2026\/03\/18\/jovem-e-batizada-em-cocho-de-animais-no-iraque-apos-ser-curada-de-depressao\/#breadcrumb","itemListElement":[{"@type":"ListItem","position":1,"name":"In\u00edcio","item":"https:\/\/radioportoseguro.com.br\/site\/"},{"@type":"ListItem","position":2,"name":"Jovem \u00e9 batizada em cocho de animais no Iraque, ap\u00f3s ser curada de depress\u00e3o"}]},{"@type":"WebSite","@id":"https:\/\/radioportoseguro.com.br\/site\/#website","url":"https:\/\/radioportoseguro.com.br\/site\/","name":"R\u00e1dio Porto Seguro","description":"","potentialAction":[{"@type":"SearchAction","target":{"@type":"EntryPoint","urlTemplate":"https:\/\/radioportoseguro.com.br\/site\/?s={search_term_string}"},"query-input":{"@type":"PropertyValueSpecification","valueRequired":true,"valueName":"search_term_string"}}],"inLanguage":"pt-BR"},{"@type":"Person","@id":"https:\/\/radioportoseguro.com.br\/site\/#\/schema\/person\/7630acdc320186f13639d3c067ec089b","name":"admin","image":{"@type":"ImageObject","inLanguage":"pt-BR","@id":"https:\/\/radioportoseguro.com.br\/site\/#\/schema\/person\/image\/","url":"https:\/\/secure.gravatar.com\/avatar\/caacf4dc1eedb68fab0df8e1ed46c448e578b2466351bbcb61e47d2ac0caaef0?s=96&d=mm&r=g","contentUrl":"https:\/\/secure.gravatar.com\/avatar\/caacf4dc1eedb68fab0df8e1ed46c448e578b2466351bbcb61e47d2ac0caaef0?s=96&d=mm&r=g","caption":"admin"},"sameAs":["https:\/\/radioportoseguro.com.br\/site"],"url":"https:\/\/radioportoseguro.com.br\/site\/author\/hezio\/"}]}},"_links":{"self":[{"href":"https:\/\/radioportoseguro.com.br\/site\/wp-json\/wp\/v2\/posts\/5141","targetHints":{"allow":["GET"]}}],"collection":[{"href":"https:\/\/radioportoseguro.com.br\/site\/wp-json\/wp\/v2\/posts"}],"about":[{"href":"https:\/\/radioportoseguro.com.br\/site\/wp-json\/wp\/v2\/types\/post"}],"author":[{"embeddable":true,"href":"https:\/\/radioportoseguro.com.br\/site\/wp-json\/wp\/v2\/users\/1"}],"replies":[{"embeddable":true,"href":"https:\/\/radioportoseguro.com.br\/site\/wp-json\/wp\/v2\/comments?post=5141"}],"version-history":[{"count":0,"href":"https:\/\/radioportoseguro.com.br\/site\/wp-json\/wp\/v2\/posts\/5141\/revisions"}],"wp:featuredmedia":[{"embeddable":true,"href":"https:\/\/radioportoseguro.com.br\/site\/wp-json\/wp\/v2\/media\/5142"}],"wp:attachment":[{"href":"https:\/\/radioportoseguro.com.br\/site\/wp-json\/wp\/v2\/media?parent=5141"}],"wp:term":[{"taxonomy":"category","embeddable":true,"href":"https:\/\/radioportoseguro.com.br\/site\/wp-json\/wp\/v2\/categories?post=5141"},{"taxonomy":"post_tag","embeddable":true,"href":"https:\/\/radioportoseguro.com.br\/site\/wp-json\/wp\/v2\/tags?post=5141"}],"curies":[{"name":"wp","href":"https:\/\/api.w.org\/{rel}","templated":true}]}}