{"id":5171,"date":"2026-03-19T02:14:57","date_gmt":"2026-03-19T05:14:57","guid":{"rendered":"https:\/\/radioportoseguro.com.br\/site\/2026\/03\/19\/esther-duran-lanca-cancao-minha-noiva-ao-lado-de-chris-duran\/"},"modified":"2026-03-19T02:14:57","modified_gmt":"2026-03-19T05:14:57","slug":"esther-duran-lanca-cancao-minha-noiva-ao-lado-de-chris-duran","status":"publish","type":"post","link":"https:\/\/radioportoseguro.com.br\/site\/2026\/03\/19\/esther-duran-lanca-cancao-minha-noiva-ao-lado-de-chris-duran\/","title":{"rendered":"Esther Dur\u00e1n lan\u00e7a can\u00e7\u00e3o \u201cMinha Noiva\u201d ao lado de Chris Dur\u00e1n"},"content":{"rendered":"<p><br \/>\n<br \/><\/p>\n<div>\n<p><span style=\"font-weight: 400;\">Com mensagens que declararam amor a Deus e profunda devo\u00e7\u00e3o, Esther Dur\u00e1n apresenta na \u00edntegra o \u00e1lbum \u201cAcalma o Meu Cora\u00e7\u00e3o\u201d, que marca o in\u00edcio de seu minist\u00e9rio. O projeto, que j\u00e1 est\u00e1 dispon\u00edvel, re\u00fane oito louvores, incluindo a bonus track, \u201cMinha Noiva\u201d.<\/span><\/p>\n<p><span style=\"font-weight: 400;\">Inspirada em Mateus 25, passagem b\u00edblica que narra a Par\u00e1bola das Dez Virgens, a m\u00fasica convida \u00e0 reflex\u00e3o sobre se preparar para a volta de Jesus.<\/span><\/p>\n<p><span style=\"font-weight: 400;\">\u201cA B\u00edblia compara a Igreja a uma noiva que aguarda ansiosamente pela vinda do seu amado\u201d, explica Esther ao comentar a ess\u00eancia da letra. \u201cSe n\u00f3s, de fato, O amamos, temos prazer em nos preparar para a Sua vinda\u201d, completa.<\/span><\/p>\n<p><span style=\"font-weight: 400;\">A cantora lembra ainda que Chris Dur\u00e1n gravou a m\u00fasica originalmente em 2016, quando ela tinha apenas 9 anos. \u201cEsta \u00e9 uma composi\u00e7\u00e3o do meu pai que sempre falou muito comigo. Canto desde pequenininha e carrego mem\u00f3rias afetivas muito fortes com ela. Poder registr\u00e1-la agora, ao lado dele, transforma isso em uma recorda\u00e7\u00e3o para toda a vida\u201d, compartilha.<\/span><\/p>\n<p><span style=\"font-weight: 400;\">Com arranjos ac\u00fasticos, a faixa mant\u00e9m a proposta est\u00e9tica de todo o projeto, que traz uma sonoridade leve e intimista. A interpreta\u00e7\u00e3o da jovem, marcada pela suavidade de sua voz, fica ainda mais emocionante ao lado de Chris Dur\u00e1n, que celebra essa fase ministerial da filha. <\/span><\/p>\n<p><span style=\"font-weight: 400;\">\u201cA Esther se tornou uma mulher sens\u00edvel \u00e0s coisas de Deus. Esse foi o meu maior desafio, fazer com quem ela se parecesse com aquilo que Deus deseja\u201d, afirma o pai.<\/span><\/p>\n<p><span style=\"font-weight: 400;\">O lan\u00e7amento de \u201cMinha Noiva\u201d sucede a uma s\u00e9rie de can\u00e7\u00f5es que consolidaram Esther Dur\u00e1n como uma das vozes mais promissoras da nova gera\u00e7\u00e3o do gospel. Louvores como \u201cTua Presen\u00e7a\u201d, \u201cDerramo Meu Perfume\u201d, a releitura de \u201cAcalma o Meu Cora\u00e7\u00e3o\u201d \u2013 que soma mais de 34 milh\u00f5es de visualiza\u00e7\u00f5es nas redes sociais &#8211; e \u201cDesej\u00e1vel\u201d, o primeiro dueto com Chris Dur\u00e1n, ampliaram o alcance e fortaleceram sua conex\u00e3o com o p\u00fablico. <\/span><\/p>\n<p><span style=\"font-weight: 400;\">O projeto inclui ainda composi\u00e7\u00f5es autorais como \u201cGrande Dia\u201d e \u201cFilho Meu\u201d, al\u00e9m de \u201cMinha Paz\u201d, escrita pelo noivo da cantora, David Matteucci, em parceria com o produtor Hananiel Eduardo.<\/span><\/p>\n<p><span style=\"font-weight: 400;\">Para Esther, este trabalho, que foi idealizado pela Musile Records, representa o in\u00edcio de uma etapa muito importante de sua vida. \u201cTudo isso \u00e9 o cumprimento de promessas que Deus fez ao meu cora\u00e7\u00e3o ao longo dos anos. Tenho vivido tudo com gratid\u00e3o, responsabilidade e expectativa pelo que Ele ainda vai fazer\u201d, enfatiza.<\/span><\/p>\n<p><em><span style=\"font-weight: 400;\">Assista ao clipe de &#8220;Minha noiva&#8221;:<\/span><\/em><\/p>\n<p style=\"text-align: center;\"><em><span style=\"font-weight: 400;\"><div class=\"ose-youtube ose-uid-0dfc3af5c95dff07493c1e9c6bd6bc83 ose-embedpress-responsive\" style=\"width:600px; height:600px; max-height:600px; max-width:100%; display:inline-block;\" data-embed-type=\"Youtube\"><iframe allowFullScreen=\"true\" title=\"Esther Duran e Chris Duran \u2013 Minha Noiva (Ao Vivo)\" width=\"600\" height=\"600\" src=\"https:\/\/www.youtube.com\/embed\/RHiQw47-r8I?feature=oembed&color=red&rel=0&controls=1&start=&end=&fs=0&iv_load_policy=0&autoplay=0&mute=0&modestbranding=0&cc_load_policy=1&playsinline=1\" frameborder=\"0\" allow=\"accelerometer; encrypted-media;accelerometer;autoplay;clipboard-write;gyroscope;picture-in-picture clipboard-write; encrypted-media; gyroscope; picture-in-picture; web-share\" referrerpolicy=\"strict-origin-when-cross-origin\" allowfullscreen><\/iframe><\/div><\/span><\/em><\/p>\n<\/div>\n<p><br \/>\n<br \/>Fonte: Guiame <\/p>\n","protected":false},"excerpt":{"rendered":"<p>Com mensagens que declararam amor a Deus e profunda devo\u00e7\u00e3o, Esther Dur\u00e1n apresenta na \u00edntegra o \u00e1lbum \u201cAcalma o Meu Cora\u00e7\u00e3o\u201d, que marca o in\u00edcio de seu minist\u00e9rio. O projeto, que j\u00e1 est\u00e1 dispon\u00edvel, re\u00fane oito louvores, incluindo a bonus track, \u201cMinha Noiva\u201d. Inspirada em Mateus 25, passagem b\u00edblica que narra a Par\u00e1bola das Dez [&hellip;]<\/p>\n","protected":false},"author":1,"featured_media":5172,"comment_status":"","ping_status":"open","sticky":false,"template":"","format":"standard","meta":{"footnotes":""},"categories":[43],"tags":[],"class_list":["post-5171","post","type-post","status-publish","format-standard","has-post-thumbnail","hentry","category-destaques"],"yoast_head":"<!-- This site is optimized with the Yoast SEO plugin v26.8 - https:\/\/yoast.com\/product\/yoast-seo-wordpress\/ -->\n<title>Esther Dur\u00e1n lan\u00e7a can\u00e7\u00e3o \u201cMinha Noiva\u201d ao lado de Chris Dur\u00e1n - R\u00e1dio Porto Seguro<\/title>\n<meta name=\"robots\" content=\"index, follow, max-snippet:-1, max-image-preview:large, max-video-preview:-1\" \/>\n<link rel=\"canonical\" href=\"https:\/\/radioportoseguro.com.br\/site\/2026\/03\/19\/esther-duran-lanca-cancao-minha-noiva-ao-lado-de-chris-duran\/\" \/>\n<meta property=\"og:locale\" content=\"pt_BR\" \/>\n<meta property=\"og:type\" content=\"article\" \/>\n<meta property=\"og:title\" content=\"Esther Dur\u00e1n lan\u00e7a can\u00e7\u00e3o \u201cMinha Noiva\u201d ao lado de Chris Dur\u00e1n - R\u00e1dio Porto Seguro\" \/>\n<meta property=\"og:description\" content=\"Com mensagens que declararam amor a Deus e profunda devo\u00e7\u00e3o, Esther Dur\u00e1n apresenta na \u00edntegra o \u00e1lbum \u201cAcalma o Meu Cora\u00e7\u00e3o\u201d, que marca o in\u00edcio de seu minist\u00e9rio. O projeto, que j\u00e1 est\u00e1 dispon\u00edvel, re\u00fane oito louvores, incluindo a bonus track, \u201cMinha Noiva\u201d. Inspirada em Mateus 25, passagem b\u00edblica que narra a Par\u00e1bola das Dez [&hellip;]\" \/>\n<meta property=\"og:url\" content=\"https:\/\/radioportoseguro.com.br\/site\/2026\/03\/19\/esther-duran-lanca-cancao-minha-noiva-ao-lado-de-chris-duran\/\" \/>\n<meta property=\"og:site_name\" content=\"R\u00e1dio Porto Seguro\" \/>\n<meta property=\"article:published_time\" content=\"2026-03-19T05:14:57+00:00\" \/>\n<meta property=\"og:image\" content=\"https:\/\/media.guiame.com.br\/archives\/2026\/03\/16\/837782101-esther.png\" \/>\n<meta name=\"author\" content=\"admin\" \/>\n<meta name=\"twitter:card\" content=\"summary_large_image\" \/>\n<meta name=\"twitter:label1\" content=\"Escrito por\" \/>\n\t<meta name=\"twitter:data1\" content=\"admin\" \/>\n\t<meta name=\"twitter:label2\" content=\"Est. tempo de leitura\" \/>\n\t<meta name=\"twitter:data2\" content=\"2 minutos\" \/>\n<script type=\"application\/ld+json\" class=\"yoast-schema-graph\">{\"@context\":\"https:\/\/schema.org\",\"@graph\":[{\"@type\":\"Article\",\"@id\":\"https:\/\/radioportoseguro.com.br\/site\/2026\/03\/19\/esther-duran-lanca-cancao-minha-noiva-ao-lado-de-chris-duran\/#article\",\"isPartOf\":{\"@id\":\"https:\/\/radioportoseguro.com.br\/site\/2026\/03\/19\/esther-duran-lanca-cancao-minha-noiva-ao-lado-de-chris-duran\/\"},\"author\":{\"name\":\"admin\",\"@id\":\"https:\/\/radioportoseguro.com.br\/site\/#\/schema\/person\/7630acdc320186f13639d3c067ec089b\"},\"headline\":\"Esther Dur\u00e1n lan\u00e7a can\u00e7\u00e3o \u201cMinha Noiva\u201d ao lado de Chris Dur\u00e1n\",\"datePublished\":\"2026-03-19T05:14:57+00:00\",\"mainEntityOfPage\":{\"@id\":\"https:\/\/radioportoseguro.com.br\/site\/2026\/03\/19\/esther-duran-lanca-cancao-minha-noiva-ao-lado-de-chris-duran\/\"},\"wordCount\":470,\"image\":{\"@id\":\"https:\/\/radioportoseguro.com.br\/site\/2026\/03\/19\/esther-duran-lanca-cancao-minha-noiva-ao-lado-de-chris-duran\/#primaryimage\"},\"thumbnailUrl\":\"https:\/\/radioportoseguro.com.br\/site\/wp-content\/uploads\/2026\/03\/837782101-esther.png\",\"articleSection\":[\"Destaques\"],\"inLanguage\":\"pt-BR\"},{\"@type\":\"WebPage\",\"@id\":\"https:\/\/radioportoseguro.com.br\/site\/2026\/03\/19\/esther-duran-lanca-cancao-minha-noiva-ao-lado-de-chris-duran\/\",\"url\":\"https:\/\/radioportoseguro.com.br\/site\/2026\/03\/19\/esther-duran-lanca-cancao-minha-noiva-ao-lado-de-chris-duran\/\",\"name\":\"Esther Dur\u00e1n lan\u00e7a can\u00e7\u00e3o \u201cMinha Noiva\u201d ao lado de Chris Dur\u00e1n - R\u00e1dio Porto Seguro\",\"isPartOf\":{\"@id\":\"https:\/\/radioportoseguro.com.br\/site\/#website\"},\"primaryImageOfPage\":{\"@id\":\"https:\/\/radioportoseguro.com.br\/site\/2026\/03\/19\/esther-duran-lanca-cancao-minha-noiva-ao-lado-de-chris-duran\/#primaryimage\"},\"image\":{\"@id\":\"https:\/\/radioportoseguro.com.br\/site\/2026\/03\/19\/esther-duran-lanca-cancao-minha-noiva-ao-lado-de-chris-duran\/#primaryimage\"},\"thumbnailUrl\":\"https:\/\/radioportoseguro.com.br\/site\/wp-content\/uploads\/2026\/03\/837782101-esther.png\",\"datePublished\":\"2026-03-19T05:14:57+00:00\",\"author\":{\"@id\":\"https:\/\/radioportoseguro.com.br\/site\/#\/schema\/person\/7630acdc320186f13639d3c067ec089b\"},\"breadcrumb\":{\"@id\":\"https:\/\/radioportoseguro.com.br\/site\/2026\/03\/19\/esther-duran-lanca-cancao-minha-noiva-ao-lado-de-chris-duran\/#breadcrumb\"},\"inLanguage\":\"pt-BR\",\"potentialAction\":[{\"@type\":\"ReadAction\",\"target\":[\"https:\/\/radioportoseguro.com.br\/site\/2026\/03\/19\/esther-duran-lanca-cancao-minha-noiva-ao-lado-de-chris-duran\/\"]}]},{\"@type\":\"ImageObject\",\"inLanguage\":\"pt-BR\",\"@id\":\"https:\/\/radioportoseguro.com.br\/site\/2026\/03\/19\/esther-duran-lanca-cancao-minha-noiva-ao-lado-de-chris-duran\/#primaryimage\",\"url\":\"https:\/\/radioportoseguro.com.br\/site\/wp-content\/uploads\/2026\/03\/837782101-esther.png\",\"contentUrl\":\"https:\/\/radioportoseguro.com.br\/site\/wp-content\/uploads\/2026\/03\/837782101-esther.png\",\"width\":1200,\"height\":600},{\"@type\":\"BreadcrumbList\",\"@id\":\"https:\/\/radioportoseguro.com.br\/site\/2026\/03\/19\/esther-duran-lanca-cancao-minha-noiva-ao-lado-de-chris-duran\/#breadcrumb\",\"itemListElement\":[{\"@type\":\"ListItem\",\"position\":1,\"name\":\"In\u00edcio\",\"item\":\"https:\/\/radioportoseguro.com.br\/site\/\"},{\"@type\":\"ListItem\",\"position\":2,\"name\":\"Esther Dur\u00e1n lan\u00e7a can\u00e7\u00e3o \u201cMinha Noiva\u201d ao lado de Chris Dur\u00e1n\"}]},{\"@type\":\"WebSite\",\"@id\":\"https:\/\/radioportoseguro.com.br\/site\/#website\",\"url\":\"https:\/\/radioportoseguro.com.br\/site\/\",\"name\":\"R\u00e1dio Porto Seguro\",\"description\":\"\",\"potentialAction\":[{\"@type\":\"SearchAction\",\"target\":{\"@type\":\"EntryPoint\",\"urlTemplate\":\"https:\/\/radioportoseguro.com.br\/site\/?s={search_term_string}\"},\"query-input\":{\"@type\":\"PropertyValueSpecification\",\"valueRequired\":true,\"valueName\":\"search_term_string\"}}],\"inLanguage\":\"pt-BR\"},{\"@type\":\"Person\",\"@id\":\"https:\/\/radioportoseguro.com.br\/site\/#\/schema\/person\/7630acdc320186f13639d3c067ec089b\",\"name\":\"admin\",\"image\":{\"@type\":\"ImageObject\",\"inLanguage\":\"pt-BR\",\"@id\":\"https:\/\/radioportoseguro.com.br\/site\/#\/schema\/person\/image\/\",\"url\":\"https:\/\/secure.gravatar.com\/avatar\/caacf4dc1eedb68fab0df8e1ed46c448e578b2466351bbcb61e47d2ac0caaef0?s=96&d=mm&r=g\",\"contentUrl\":\"https:\/\/secure.gravatar.com\/avatar\/caacf4dc1eedb68fab0df8e1ed46c448e578b2466351bbcb61e47d2ac0caaef0?s=96&d=mm&r=g\",\"caption\":\"admin\"},\"sameAs\":[\"https:\/\/radioportoseguro.com.br\/site\"],\"url\":\"https:\/\/radioportoseguro.com.br\/site\/author\/hezio\/\"}]}<\/script>\n<!-- \/ Yoast SEO plugin. -->","yoast_head_json":{"title":"Esther Dur\u00e1n lan\u00e7a can\u00e7\u00e3o \u201cMinha Noiva\u201d ao lado de Chris Dur\u00e1n - R\u00e1dio Porto Seguro","robots":{"index":"index","follow":"follow","max-snippet":"max-snippet:-1","max-image-preview":"max-image-preview:large","max-video-preview":"max-video-preview:-1"},"canonical":"https:\/\/radioportoseguro.com.br\/site\/2026\/03\/19\/esther-duran-lanca-cancao-minha-noiva-ao-lado-de-chris-duran\/","og_locale":"pt_BR","og_type":"article","og_title":"Esther Dur\u00e1n lan\u00e7a can\u00e7\u00e3o \u201cMinha Noiva\u201d ao lado de Chris Dur\u00e1n - R\u00e1dio Porto Seguro","og_description":"Com mensagens que declararam amor a Deus e profunda devo\u00e7\u00e3o, Esther Dur\u00e1n apresenta na \u00edntegra o \u00e1lbum \u201cAcalma o Meu Cora\u00e7\u00e3o\u201d, que marca o in\u00edcio de seu minist\u00e9rio. O projeto, que j\u00e1 est\u00e1 dispon\u00edvel, re\u00fane oito louvores, incluindo a bonus track, \u201cMinha Noiva\u201d. Inspirada em Mateus 25, passagem b\u00edblica que narra a Par\u00e1bola das Dez [&hellip;]","og_url":"https:\/\/radioportoseguro.com.br\/site\/2026\/03\/19\/esther-duran-lanca-cancao-minha-noiva-ao-lado-de-chris-duran\/","og_site_name":"R\u00e1dio Porto Seguro","article_published_time":"2026-03-19T05:14:57+00:00","og_image":[{"url":"https:\/\/media.guiame.com.br\/archives\/2026\/03\/16\/837782101-esther.png","type":"","width":"","height":""}],"author":"admin","twitter_card":"summary_large_image","twitter_misc":{"Escrito por":"admin","Est. tempo de leitura":"2 minutos"},"schema":{"@context":"https:\/\/schema.org","@graph":[{"@type":"Article","@id":"https:\/\/radioportoseguro.com.br\/site\/2026\/03\/19\/esther-duran-lanca-cancao-minha-noiva-ao-lado-de-chris-duran\/#article","isPartOf":{"@id":"https:\/\/radioportoseguro.com.br\/site\/2026\/03\/19\/esther-duran-lanca-cancao-minha-noiva-ao-lado-de-chris-duran\/"},"author":{"name":"admin","@id":"https:\/\/radioportoseguro.com.br\/site\/#\/schema\/person\/7630acdc320186f13639d3c067ec089b"},"headline":"Esther Dur\u00e1n lan\u00e7a can\u00e7\u00e3o \u201cMinha Noiva\u201d ao lado de Chris Dur\u00e1n","datePublished":"2026-03-19T05:14:57+00:00","mainEntityOfPage":{"@id":"https:\/\/radioportoseguro.com.br\/site\/2026\/03\/19\/esther-duran-lanca-cancao-minha-noiva-ao-lado-de-chris-duran\/"},"wordCount":470,"image":{"@id":"https:\/\/radioportoseguro.com.br\/site\/2026\/03\/19\/esther-duran-lanca-cancao-minha-noiva-ao-lado-de-chris-duran\/#primaryimage"},"thumbnailUrl":"https:\/\/radioportoseguro.com.br\/site\/wp-content\/uploads\/2026\/03\/837782101-esther.png","articleSection":["Destaques"],"inLanguage":"pt-BR"},{"@type":"WebPage","@id":"https:\/\/radioportoseguro.com.br\/site\/2026\/03\/19\/esther-duran-lanca-cancao-minha-noiva-ao-lado-de-chris-duran\/","url":"https:\/\/radioportoseguro.com.br\/site\/2026\/03\/19\/esther-duran-lanca-cancao-minha-noiva-ao-lado-de-chris-duran\/","name":"Esther Dur\u00e1n lan\u00e7a can\u00e7\u00e3o \u201cMinha Noiva\u201d ao lado de Chris Dur\u00e1n - R\u00e1dio Porto Seguro","isPartOf":{"@id":"https:\/\/radioportoseguro.com.br\/site\/#website"},"primaryImageOfPage":{"@id":"https:\/\/radioportoseguro.com.br\/site\/2026\/03\/19\/esther-duran-lanca-cancao-minha-noiva-ao-lado-de-chris-duran\/#primaryimage"},"image":{"@id":"https:\/\/radioportoseguro.com.br\/site\/2026\/03\/19\/esther-duran-lanca-cancao-minha-noiva-ao-lado-de-chris-duran\/#primaryimage"},"thumbnailUrl":"https:\/\/radioportoseguro.com.br\/site\/wp-content\/uploads\/2026\/03\/837782101-esther.png","datePublished":"2026-03-19T05:14:57+00:00","author":{"@id":"https:\/\/radioportoseguro.com.br\/site\/#\/schema\/person\/7630acdc320186f13639d3c067ec089b"},"breadcrumb":{"@id":"https:\/\/radioportoseguro.com.br\/site\/2026\/03\/19\/esther-duran-lanca-cancao-minha-noiva-ao-lado-de-chris-duran\/#breadcrumb"},"inLanguage":"pt-BR","potentialAction":[{"@type":"ReadAction","target":["https:\/\/radioportoseguro.com.br\/site\/2026\/03\/19\/esther-duran-lanca-cancao-minha-noiva-ao-lado-de-chris-duran\/"]}]},{"@type":"ImageObject","inLanguage":"pt-BR","@id":"https:\/\/radioportoseguro.com.br\/site\/2026\/03\/19\/esther-duran-lanca-cancao-minha-noiva-ao-lado-de-chris-duran\/#primaryimage","url":"https:\/\/radioportoseguro.com.br\/site\/wp-content\/uploads\/2026\/03\/837782101-esther.png","contentUrl":"https:\/\/radioportoseguro.com.br\/site\/wp-content\/uploads\/2026\/03\/837782101-esther.png","width":1200,"height":600},{"@type":"BreadcrumbList","@id":"https:\/\/radioportoseguro.com.br\/site\/2026\/03\/19\/esther-duran-lanca-cancao-minha-noiva-ao-lado-de-chris-duran\/#breadcrumb","itemListElement":[{"@type":"ListItem","position":1,"name":"In\u00edcio","item":"https:\/\/radioportoseguro.com.br\/site\/"},{"@type":"ListItem","position":2,"name":"Esther Dur\u00e1n lan\u00e7a can\u00e7\u00e3o \u201cMinha Noiva\u201d ao lado de Chris Dur\u00e1n"}]},{"@type":"WebSite","@id":"https:\/\/radioportoseguro.com.br\/site\/#website","url":"https:\/\/radioportoseguro.com.br\/site\/","name":"R\u00e1dio Porto Seguro","description":"","potentialAction":[{"@type":"SearchAction","target":{"@type":"EntryPoint","urlTemplate":"https:\/\/radioportoseguro.com.br\/site\/?s={search_term_string}"},"query-input":{"@type":"PropertyValueSpecification","valueRequired":true,"valueName":"search_term_string"}}],"inLanguage":"pt-BR"},{"@type":"Person","@id":"https:\/\/radioportoseguro.com.br\/site\/#\/schema\/person\/7630acdc320186f13639d3c067ec089b","name":"admin","image":{"@type":"ImageObject","inLanguage":"pt-BR","@id":"https:\/\/radioportoseguro.com.br\/site\/#\/schema\/person\/image\/","url":"https:\/\/secure.gravatar.com\/avatar\/caacf4dc1eedb68fab0df8e1ed46c448e578b2466351bbcb61e47d2ac0caaef0?s=96&d=mm&r=g","contentUrl":"https:\/\/secure.gravatar.com\/avatar\/caacf4dc1eedb68fab0df8e1ed46c448e578b2466351bbcb61e47d2ac0caaef0?s=96&d=mm&r=g","caption":"admin"},"sameAs":["https:\/\/radioportoseguro.com.br\/site"],"url":"https:\/\/radioportoseguro.com.br\/site\/author\/hezio\/"}]}},"_links":{"self":[{"href":"https:\/\/radioportoseguro.com.br\/site\/wp-json\/wp\/v2\/posts\/5171","targetHints":{"allow":["GET"]}}],"collection":[{"href":"https:\/\/radioportoseguro.com.br\/site\/wp-json\/wp\/v2\/posts"}],"about":[{"href":"https:\/\/radioportoseguro.com.br\/site\/wp-json\/wp\/v2\/types\/post"}],"author":[{"embeddable":true,"href":"https:\/\/radioportoseguro.com.br\/site\/wp-json\/wp\/v2\/users\/1"}],"replies":[{"embeddable":true,"href":"https:\/\/radioportoseguro.com.br\/site\/wp-json\/wp\/v2\/comments?post=5171"}],"version-history":[{"count":0,"href":"https:\/\/radioportoseguro.com.br\/site\/wp-json\/wp\/v2\/posts\/5171\/revisions"}],"wp:featuredmedia":[{"embeddable":true,"href":"https:\/\/radioportoseguro.com.br\/site\/wp-json\/wp\/v2\/media\/5172"}],"wp:attachment":[{"href":"https:\/\/radioportoseguro.com.br\/site\/wp-json\/wp\/v2\/media?parent=5171"}],"wp:term":[{"taxonomy":"category","embeddable":true,"href":"https:\/\/radioportoseguro.com.br\/site\/wp-json\/wp\/v2\/categories?post=5171"},{"taxonomy":"post_tag","embeddable":true,"href":"https:\/\/radioportoseguro.com.br\/site\/wp-json\/wp\/v2\/tags?post=5171"}],"curies":[{"name":"wp","href":"https:\/\/api.w.org\/{rel}","templated":true}]}}