{"id":5183,"date":"2026-03-19T08:45:04","date_gmt":"2026-03-19T11:45:04","guid":{"rendered":"https:\/\/radioportoseguro.com.br\/site\/2026\/03\/19\/em-novo-livro-pastor-convida-cristaos-a-aprofundarem-a-intimidade-com-o-espirito-santo\/"},"modified":"2026-03-19T08:45:04","modified_gmt":"2026-03-19T11:45:04","slug":"em-novo-livro-pastor-convida-cristaos-a-aprofundarem-a-intimidade-com-o-espirito-santo","status":"publish","type":"post","link":"https:\/\/radioportoseguro.com.br\/site\/2026\/03\/19\/em-novo-livro-pastor-convida-cristaos-a-aprofundarem-a-intimidade-com-o-espirito-santo\/","title":{"rendered":"Em novo livro, pastor convida crist\u00e3os a aprofundarem a intimidade com o Esp\u00edrito Santo"},"content":{"rendered":"<p><br \/>\n<\/p>\n<div>\n<p><span style=\"font-weight: 400;\">Muitos crist\u00e3os mant\u00eam uma rotina de ora\u00e7\u00e3o, participam de cultos e acompanham leituras b\u00edblicas semanais. Mesmo assim, sentem que a f\u00e9 \u00e9 um esfor\u00e7o solit\u00e1rio. Ou uma sequ\u00eancia de pr\u00e1ticas que, com o tempo, acabam se tornando autom\u00e1ticas e vazias.\u00a0<\/span><\/p>\n<p><span style=\"font-weight: 400;\">No lan\u00e7amento O Deus que Habita em Mim, da Editora Vida, o pastor e escritor Mac Anderson prop\u00f5e a redescoberta de um relacionamento pouco lembrado, mas que pode melhorar essa realidade: com o Esp\u00edrito Santo. <\/span><span style=\"font-weight: 400;\"><br \/><\/span> <span style=\"font-weight: 400;\"><br \/><\/span><span style=\"font-weight: 400;\">Enquanto temas como gra\u00e7a ou discipulado s\u00e3o amplamente discutidos, Anderson identifica uma neglig\u00eancia e distanciamento em rela\u00e7\u00e3o ao Esp\u00edrito Santo. Para o autor, essa lacuna afeta diretamente a experi\u00eancia crist\u00e3, pois ela n\u00e3o foi concebida para ser sustentada s\u00f3 por disciplina religiosa, mas principalmente pela intimidade com a presen\u00e7a divina.\u00a0<\/span><\/p>\n<p><span style=\"font-weight: 400;\">Nesse sentido, Ele \u00e9 apresentado no livro como um amigo eterno, com sentimentos, vontade e intelig\u00eancia pr\u00f3prias \u2014 que transforma o cora\u00e7\u00e3o de dentro para fora e eleva a proximidade com Deus.\u00a0<\/span><\/p>\n<p><em><span style=\"font-weight: 400;\">Ora-se a Deus. Clama-se em nome de Jesus. Mas quase ningu\u00e9m dirige palavras ao Esp\u00edrito Santo. Poucos desenvolvem uma rela\u00e7\u00e3o direta com ele. [&#8230;] Mas sua atua\u00e7\u00e3o \u00e9 essencial e viva. N\u00e3o h\u00e1 salva\u00e7\u00e3o, transforma\u00e7\u00e3o ou comunh\u00e3o sem ele.<\/span><\/em><span style=\"font-weight: 400;\"> (<\/span><strong>O Deus Que Habita em Mim<\/strong><span style=\"font-weight: 400;\">, p\u00e1gina 16)\u00a0<\/span><\/p>\n<p><span style=\"font-weight: 400;\">O livro percorre temas cl\u00e1ssicos da teologia, como regenera\u00e7\u00e3o, santifica\u00e7\u00e3o, forma\u00e7\u00e3o do car\u00e1ter, dons espirituais e aspectos da doutrina da Trindade. Para traduzir conceitos complexos, o especialista em Ci\u00eancias da Religi\u00e3o utiliza analogias ao longo do livro.\u00a0<\/span><\/p>\n<p><span style=\"font-weight: 400;\">Em um dos exemplos, discute como a atua\u00e7\u00e3o do Esp\u00edrito Santo acaba sendo relegada ao \u201cterceiro lugar\u201d na vida de muitos crist\u00e3os. Em outro momento, usa a met\u00e1fora de uma batalha entre dois c\u00e3es para explicar o conflito entre a natureza espiritual e os impulsos da carne.\u00a0<\/span><\/p>\n<p><span style=\"font-weight: 400;\">Com teoria s\u00f3lida e aplica\u00e7\u00f5es pr\u00e1ticas ao cotidiano, O Deus que Habita em Mim: O segredo para uma vida de intimidade com o Esp\u00edrito Santo chega com a miss\u00e3o de aprofundar essa rela\u00e7\u00e3o, capacitando os leitores a viver uma vida mais aut\u00eantica, transformada e cheia de gra\u00e7a.\u00a0<\/span><\/p>\n<p><span style=\"font-weight: 400;\">A leitura inspira a redescobrir que a f\u00e9 crist\u00e3 n\u00e3o depende apenas de religi\u00e3o formal, mas da rendi\u00e7\u00e3o di\u00e1ria \u00e0quele que \u00e9 o pr\u00f3prio Deus dentro de cada um.\u00a0<\/span><\/p>\n<p style=\"text-align: center;\"><br \/><span style=\"font-weight: 400;\">O livro pode ser encontrado no <\/span><span style=\"color: #993300;\"><strong>site da Editora Vida<\/strong><\/span><span style=\"font-weight: 400;\"> e nas principais livrarias do Brasil.\u00a0\u00a0\u00a0<\/span><\/p>\n<\/div>\n<p><br \/>\n<br \/>Fonte: Guiame <\/p>\n","protected":false},"excerpt":{"rendered":"<p>Muitos crist\u00e3os mant\u00eam uma rotina de ora\u00e7\u00e3o, participam de cultos e acompanham leituras b\u00edblicas semanais. Mesmo assim, sentem que a f\u00e9 \u00e9 um esfor\u00e7o solit\u00e1rio. Ou uma sequ\u00eancia de pr\u00e1ticas que, com o tempo, acabam se tornando autom\u00e1ticas e vazias.\u00a0 No lan\u00e7amento O Deus que Habita em Mim, da Editora Vida, o pastor e escritor [&hellip;]<\/p>\n","protected":false},"author":1,"featured_media":5184,"comment_status":"","ping_status":"open","sticky":false,"template":"","format":"standard","meta":{"footnotes":""},"categories":[43],"tags":[],"class_list":["post-5183","post","type-post","status-publish","format-standard","has-post-thumbnail","hentry","category-destaques"],"yoast_head":"<!-- This site is optimized with the Yoast SEO plugin v26.8 - https:\/\/yoast.com\/product\/yoast-seo-wordpress\/ -->\n<title>Em novo livro, pastor convida crist\u00e3os a aprofundarem a intimidade com o Esp\u00edrito Santo - R\u00e1dio Porto Seguro<\/title>\n<meta name=\"robots\" content=\"index, follow, max-snippet:-1, max-image-preview:large, max-video-preview:-1\" \/>\n<link rel=\"canonical\" href=\"https:\/\/radioportoseguro.com.br\/site\/2026\/03\/19\/em-novo-livro-pastor-convida-cristaos-a-aprofundarem-a-intimidade-com-o-espirito-santo\/\" \/>\n<meta property=\"og:locale\" content=\"pt_BR\" \/>\n<meta property=\"og:type\" content=\"article\" \/>\n<meta property=\"og:title\" content=\"Em novo livro, pastor convida crist\u00e3os a aprofundarem a intimidade com o Esp\u00edrito Santo - R\u00e1dio Porto Seguro\" \/>\n<meta property=\"og:description\" content=\"Muitos crist\u00e3os mant\u00eam uma rotina de ora\u00e7\u00e3o, participam de cultos e acompanham leituras b\u00edblicas semanais. Mesmo assim, sentem que a f\u00e9 \u00e9 um esfor\u00e7o solit\u00e1rio. Ou uma sequ\u00eancia de pr\u00e1ticas que, com o tempo, acabam se tornando autom\u00e1ticas e vazias.\u00a0 No lan\u00e7amento O Deus que Habita em Mim, da Editora Vida, o pastor e escritor [&hellip;]\" \/>\n<meta property=\"og:url\" content=\"https:\/\/radioportoseguro.com.br\/site\/2026\/03\/19\/em-novo-livro-pastor-convida-cristaos-a-aprofundarem-a-intimidade-com-o-espirito-santo\/\" \/>\n<meta property=\"og:site_name\" content=\"R\u00e1dio Porto Seguro\" \/>\n<meta property=\"article:published_time\" content=\"2026-03-19T11:45:04+00:00\" \/>\n<meta property=\"og:image\" content=\"https:\/\/thumbor.guiame.com.br\/unsafe\/smart\/https:\/\/media.guiame.com.br\/archives\/2026\/03\/18\/752001477-.jpg\" \/>\n<meta name=\"author\" content=\"admin\" \/>\n<meta name=\"twitter:card\" content=\"summary_large_image\" \/>\n<meta name=\"twitter:label1\" content=\"Escrito por\" \/>\n\t<meta name=\"twitter:data1\" content=\"admin\" \/>\n\t<meta name=\"twitter:label2\" content=\"Est. tempo de leitura\" \/>\n\t<meta name=\"twitter:data2\" content=\"2 minutos\" \/>\n<script type=\"application\/ld+json\" class=\"yoast-schema-graph\">{\"@context\":\"https:\/\/schema.org\",\"@graph\":[{\"@type\":\"Article\",\"@id\":\"https:\/\/radioportoseguro.com.br\/site\/2026\/03\/19\/em-novo-livro-pastor-convida-cristaos-a-aprofundarem-a-intimidade-com-o-espirito-santo\/#article\",\"isPartOf\":{\"@id\":\"https:\/\/radioportoseguro.com.br\/site\/2026\/03\/19\/em-novo-livro-pastor-convida-cristaos-a-aprofundarem-a-intimidade-com-o-espirito-santo\/\"},\"author\":{\"name\":\"admin\",\"@id\":\"https:\/\/radioportoseguro.com.br\/site\/#\/schema\/person\/7630acdc320186f13639d3c067ec089b\"},\"headline\":\"Em novo livro, pastor convida crist\u00e3os a aprofundarem a intimidade com o Esp\u00edrito Santo\",\"datePublished\":\"2026-03-19T11:45:04+00:00\",\"mainEntityOfPage\":{\"@id\":\"https:\/\/radioportoseguro.com.br\/site\/2026\/03\/19\/em-novo-livro-pastor-convida-cristaos-a-aprofundarem-a-intimidade-com-o-espirito-santo\/\"},\"wordCount\":450,\"image\":{\"@id\":\"https:\/\/radioportoseguro.com.br\/site\/2026\/03\/19\/em-novo-livro-pastor-convida-cristaos-a-aprofundarem-a-intimidade-com-o-espirito-santo\/#primaryimage\"},\"thumbnailUrl\":\"https:\/\/radioportoseguro.com.br\/site\/wp-content\/uploads\/2026\/03\/3963302257-pastor-e-escritor-mac-anderson.jpeg\",\"articleSection\":[\"Destaques\"],\"inLanguage\":\"pt-BR\"},{\"@type\":\"WebPage\",\"@id\":\"https:\/\/radioportoseguro.com.br\/site\/2026\/03\/19\/em-novo-livro-pastor-convida-cristaos-a-aprofundarem-a-intimidade-com-o-espirito-santo\/\",\"url\":\"https:\/\/radioportoseguro.com.br\/site\/2026\/03\/19\/em-novo-livro-pastor-convida-cristaos-a-aprofundarem-a-intimidade-com-o-espirito-santo\/\",\"name\":\"Em novo livro, pastor convida crist\u00e3os a aprofundarem a intimidade com o Esp\u00edrito Santo - R\u00e1dio Porto Seguro\",\"isPartOf\":{\"@id\":\"https:\/\/radioportoseguro.com.br\/site\/#website\"},\"primaryImageOfPage\":{\"@id\":\"https:\/\/radioportoseguro.com.br\/site\/2026\/03\/19\/em-novo-livro-pastor-convida-cristaos-a-aprofundarem-a-intimidade-com-o-espirito-santo\/#primaryimage\"},\"image\":{\"@id\":\"https:\/\/radioportoseguro.com.br\/site\/2026\/03\/19\/em-novo-livro-pastor-convida-cristaos-a-aprofundarem-a-intimidade-com-o-espirito-santo\/#primaryimage\"},\"thumbnailUrl\":\"https:\/\/radioportoseguro.com.br\/site\/wp-content\/uploads\/2026\/03\/3963302257-pastor-e-escritor-mac-anderson.jpeg\",\"datePublished\":\"2026-03-19T11:45:04+00:00\",\"author\":{\"@id\":\"https:\/\/radioportoseguro.com.br\/site\/#\/schema\/person\/7630acdc320186f13639d3c067ec089b\"},\"breadcrumb\":{\"@id\":\"https:\/\/radioportoseguro.com.br\/site\/2026\/03\/19\/em-novo-livro-pastor-convida-cristaos-a-aprofundarem-a-intimidade-com-o-espirito-santo\/#breadcrumb\"},\"inLanguage\":\"pt-BR\",\"potentialAction\":[{\"@type\":\"ReadAction\",\"target\":[\"https:\/\/radioportoseguro.com.br\/site\/2026\/03\/19\/em-novo-livro-pastor-convida-cristaos-a-aprofundarem-a-intimidade-com-o-espirito-santo\/\"]}]},{\"@type\":\"ImageObject\",\"inLanguage\":\"pt-BR\",\"@id\":\"https:\/\/radioportoseguro.com.br\/site\/2026\/03\/19\/em-novo-livro-pastor-convida-cristaos-a-aprofundarem-a-intimidade-com-o-espirito-santo\/#primaryimage\",\"url\":\"https:\/\/radioportoseguro.com.br\/site\/wp-content\/uploads\/2026\/03\/3963302257-pastor-e-escritor-mac-anderson.jpeg\",\"contentUrl\":\"https:\/\/radioportoseguro.com.br\/site\/wp-content\/uploads\/2026\/03\/3963302257-pastor-e-escritor-mac-anderson.jpeg\",\"width\":1200,\"height\":600},{\"@type\":\"BreadcrumbList\",\"@id\":\"https:\/\/radioportoseguro.com.br\/site\/2026\/03\/19\/em-novo-livro-pastor-convida-cristaos-a-aprofundarem-a-intimidade-com-o-espirito-santo\/#breadcrumb\",\"itemListElement\":[{\"@type\":\"ListItem\",\"position\":1,\"name\":\"In\u00edcio\",\"item\":\"https:\/\/radioportoseguro.com.br\/site\/\"},{\"@type\":\"ListItem\",\"position\":2,\"name\":\"Em novo livro, pastor convida crist\u00e3os a aprofundarem a intimidade com o Esp\u00edrito Santo\"}]},{\"@type\":\"WebSite\",\"@id\":\"https:\/\/radioportoseguro.com.br\/site\/#website\",\"url\":\"https:\/\/radioportoseguro.com.br\/site\/\",\"name\":\"R\u00e1dio Porto Seguro\",\"description\":\"\",\"potentialAction\":[{\"@type\":\"SearchAction\",\"target\":{\"@type\":\"EntryPoint\",\"urlTemplate\":\"https:\/\/radioportoseguro.com.br\/site\/?s={search_term_string}\"},\"query-input\":{\"@type\":\"PropertyValueSpecification\",\"valueRequired\":true,\"valueName\":\"search_term_string\"}}],\"inLanguage\":\"pt-BR\"},{\"@type\":\"Person\",\"@id\":\"https:\/\/radioportoseguro.com.br\/site\/#\/schema\/person\/7630acdc320186f13639d3c067ec089b\",\"name\":\"admin\",\"image\":{\"@type\":\"ImageObject\",\"inLanguage\":\"pt-BR\",\"@id\":\"https:\/\/radioportoseguro.com.br\/site\/#\/schema\/person\/image\/\",\"url\":\"https:\/\/secure.gravatar.com\/avatar\/caacf4dc1eedb68fab0df8e1ed46c448e578b2466351bbcb61e47d2ac0caaef0?s=96&d=mm&r=g\",\"contentUrl\":\"https:\/\/secure.gravatar.com\/avatar\/caacf4dc1eedb68fab0df8e1ed46c448e578b2466351bbcb61e47d2ac0caaef0?s=96&d=mm&r=g\",\"caption\":\"admin\"},\"sameAs\":[\"https:\/\/radioportoseguro.com.br\/site\"],\"url\":\"https:\/\/radioportoseguro.com.br\/site\/author\/hezio\/\"}]}<\/script>\n<!-- \/ Yoast SEO plugin. -->","yoast_head_json":{"title":"Em novo livro, pastor convida crist\u00e3os a aprofundarem a intimidade com o Esp\u00edrito Santo - R\u00e1dio Porto Seguro","robots":{"index":"index","follow":"follow","max-snippet":"max-snippet:-1","max-image-preview":"max-image-preview:large","max-video-preview":"max-video-preview:-1"},"canonical":"https:\/\/radioportoseguro.com.br\/site\/2026\/03\/19\/em-novo-livro-pastor-convida-cristaos-a-aprofundarem-a-intimidade-com-o-espirito-santo\/","og_locale":"pt_BR","og_type":"article","og_title":"Em novo livro, pastor convida crist\u00e3os a aprofundarem a intimidade com o Esp\u00edrito Santo - R\u00e1dio Porto Seguro","og_description":"Muitos crist\u00e3os mant\u00eam uma rotina de ora\u00e7\u00e3o, participam de cultos e acompanham leituras b\u00edblicas semanais. Mesmo assim, sentem que a f\u00e9 \u00e9 um esfor\u00e7o solit\u00e1rio. Ou uma sequ\u00eancia de pr\u00e1ticas que, com o tempo, acabam se tornando autom\u00e1ticas e vazias.\u00a0 No lan\u00e7amento O Deus que Habita em Mim, da Editora Vida, o pastor e escritor [&hellip;]","og_url":"https:\/\/radioportoseguro.com.br\/site\/2026\/03\/19\/em-novo-livro-pastor-convida-cristaos-a-aprofundarem-a-intimidade-com-o-espirito-santo\/","og_site_name":"R\u00e1dio Porto Seguro","article_published_time":"2026-03-19T11:45:04+00:00","og_image":[{"url":"https:\/\/thumbor.guiame.com.br\/unsafe\/smart\/https:\/\/media.guiame.com.br\/archives\/2026\/03\/18\/752001477-.jpg","type":"","width":"","height":""}],"author":"admin","twitter_card":"summary_large_image","twitter_misc":{"Escrito por":"admin","Est. tempo de leitura":"2 minutos"},"schema":{"@context":"https:\/\/schema.org","@graph":[{"@type":"Article","@id":"https:\/\/radioportoseguro.com.br\/site\/2026\/03\/19\/em-novo-livro-pastor-convida-cristaos-a-aprofundarem-a-intimidade-com-o-espirito-santo\/#article","isPartOf":{"@id":"https:\/\/radioportoseguro.com.br\/site\/2026\/03\/19\/em-novo-livro-pastor-convida-cristaos-a-aprofundarem-a-intimidade-com-o-espirito-santo\/"},"author":{"name":"admin","@id":"https:\/\/radioportoseguro.com.br\/site\/#\/schema\/person\/7630acdc320186f13639d3c067ec089b"},"headline":"Em novo livro, pastor convida crist\u00e3os a aprofundarem a intimidade com o Esp\u00edrito Santo","datePublished":"2026-03-19T11:45:04+00:00","mainEntityOfPage":{"@id":"https:\/\/radioportoseguro.com.br\/site\/2026\/03\/19\/em-novo-livro-pastor-convida-cristaos-a-aprofundarem-a-intimidade-com-o-espirito-santo\/"},"wordCount":450,"image":{"@id":"https:\/\/radioportoseguro.com.br\/site\/2026\/03\/19\/em-novo-livro-pastor-convida-cristaos-a-aprofundarem-a-intimidade-com-o-espirito-santo\/#primaryimage"},"thumbnailUrl":"https:\/\/radioportoseguro.com.br\/site\/wp-content\/uploads\/2026\/03\/3963302257-pastor-e-escritor-mac-anderson.jpeg","articleSection":["Destaques"],"inLanguage":"pt-BR"},{"@type":"WebPage","@id":"https:\/\/radioportoseguro.com.br\/site\/2026\/03\/19\/em-novo-livro-pastor-convida-cristaos-a-aprofundarem-a-intimidade-com-o-espirito-santo\/","url":"https:\/\/radioportoseguro.com.br\/site\/2026\/03\/19\/em-novo-livro-pastor-convida-cristaos-a-aprofundarem-a-intimidade-com-o-espirito-santo\/","name":"Em novo livro, pastor convida crist\u00e3os a aprofundarem a intimidade com o Esp\u00edrito Santo - R\u00e1dio Porto Seguro","isPartOf":{"@id":"https:\/\/radioportoseguro.com.br\/site\/#website"},"primaryImageOfPage":{"@id":"https:\/\/radioportoseguro.com.br\/site\/2026\/03\/19\/em-novo-livro-pastor-convida-cristaos-a-aprofundarem-a-intimidade-com-o-espirito-santo\/#primaryimage"},"image":{"@id":"https:\/\/radioportoseguro.com.br\/site\/2026\/03\/19\/em-novo-livro-pastor-convida-cristaos-a-aprofundarem-a-intimidade-com-o-espirito-santo\/#primaryimage"},"thumbnailUrl":"https:\/\/radioportoseguro.com.br\/site\/wp-content\/uploads\/2026\/03\/3963302257-pastor-e-escritor-mac-anderson.jpeg","datePublished":"2026-03-19T11:45:04+00:00","author":{"@id":"https:\/\/radioportoseguro.com.br\/site\/#\/schema\/person\/7630acdc320186f13639d3c067ec089b"},"breadcrumb":{"@id":"https:\/\/radioportoseguro.com.br\/site\/2026\/03\/19\/em-novo-livro-pastor-convida-cristaos-a-aprofundarem-a-intimidade-com-o-espirito-santo\/#breadcrumb"},"inLanguage":"pt-BR","potentialAction":[{"@type":"ReadAction","target":["https:\/\/radioportoseguro.com.br\/site\/2026\/03\/19\/em-novo-livro-pastor-convida-cristaos-a-aprofundarem-a-intimidade-com-o-espirito-santo\/"]}]},{"@type":"ImageObject","inLanguage":"pt-BR","@id":"https:\/\/radioportoseguro.com.br\/site\/2026\/03\/19\/em-novo-livro-pastor-convida-cristaos-a-aprofundarem-a-intimidade-com-o-espirito-santo\/#primaryimage","url":"https:\/\/radioportoseguro.com.br\/site\/wp-content\/uploads\/2026\/03\/3963302257-pastor-e-escritor-mac-anderson.jpeg","contentUrl":"https:\/\/radioportoseguro.com.br\/site\/wp-content\/uploads\/2026\/03\/3963302257-pastor-e-escritor-mac-anderson.jpeg","width":1200,"height":600},{"@type":"BreadcrumbList","@id":"https:\/\/radioportoseguro.com.br\/site\/2026\/03\/19\/em-novo-livro-pastor-convida-cristaos-a-aprofundarem-a-intimidade-com-o-espirito-santo\/#breadcrumb","itemListElement":[{"@type":"ListItem","position":1,"name":"In\u00edcio","item":"https:\/\/radioportoseguro.com.br\/site\/"},{"@type":"ListItem","position":2,"name":"Em novo livro, pastor convida crist\u00e3os a aprofundarem a intimidade com o Esp\u00edrito Santo"}]},{"@type":"WebSite","@id":"https:\/\/radioportoseguro.com.br\/site\/#website","url":"https:\/\/radioportoseguro.com.br\/site\/","name":"R\u00e1dio Porto Seguro","description":"","potentialAction":[{"@type":"SearchAction","target":{"@type":"EntryPoint","urlTemplate":"https:\/\/radioportoseguro.com.br\/site\/?s={search_term_string}"},"query-input":{"@type":"PropertyValueSpecification","valueRequired":true,"valueName":"search_term_string"}}],"inLanguage":"pt-BR"},{"@type":"Person","@id":"https:\/\/radioportoseguro.com.br\/site\/#\/schema\/person\/7630acdc320186f13639d3c067ec089b","name":"admin","image":{"@type":"ImageObject","inLanguage":"pt-BR","@id":"https:\/\/radioportoseguro.com.br\/site\/#\/schema\/person\/image\/","url":"https:\/\/secure.gravatar.com\/avatar\/caacf4dc1eedb68fab0df8e1ed46c448e578b2466351bbcb61e47d2ac0caaef0?s=96&d=mm&r=g","contentUrl":"https:\/\/secure.gravatar.com\/avatar\/caacf4dc1eedb68fab0df8e1ed46c448e578b2466351bbcb61e47d2ac0caaef0?s=96&d=mm&r=g","caption":"admin"},"sameAs":["https:\/\/radioportoseguro.com.br\/site"],"url":"https:\/\/radioportoseguro.com.br\/site\/author\/hezio\/"}]}},"_links":{"self":[{"href":"https:\/\/radioportoseguro.com.br\/site\/wp-json\/wp\/v2\/posts\/5183","targetHints":{"allow":["GET"]}}],"collection":[{"href":"https:\/\/radioportoseguro.com.br\/site\/wp-json\/wp\/v2\/posts"}],"about":[{"href":"https:\/\/radioportoseguro.com.br\/site\/wp-json\/wp\/v2\/types\/post"}],"author":[{"embeddable":true,"href":"https:\/\/radioportoseguro.com.br\/site\/wp-json\/wp\/v2\/users\/1"}],"replies":[{"embeddable":true,"href":"https:\/\/radioportoseguro.com.br\/site\/wp-json\/wp\/v2\/comments?post=5183"}],"version-history":[{"count":0,"href":"https:\/\/radioportoseguro.com.br\/site\/wp-json\/wp\/v2\/posts\/5183\/revisions"}],"wp:featuredmedia":[{"embeddable":true,"href":"https:\/\/radioportoseguro.com.br\/site\/wp-json\/wp\/v2\/media\/5184"}],"wp:attachment":[{"href":"https:\/\/radioportoseguro.com.br\/site\/wp-json\/wp\/v2\/media?parent=5183"}],"wp:term":[{"taxonomy":"category","embeddable":true,"href":"https:\/\/radioportoseguro.com.br\/site\/wp-json\/wp\/v2\/categories?post=5183"},{"taxonomy":"post_tag","embeddable":true,"href":"https:\/\/radioportoseguro.com.br\/site\/wp-json\/wp\/v2\/tags?post=5183"}],"curies":[{"name":"wp","href":"https:\/\/api.w.org\/{rel}","templated":true}]}}