{"id":5191,"date":"2026-03-19T12:51:17","date_gmt":"2026-03-19T15:51:17","guid":{"rendered":"https:\/\/radioportoseguro.com.br\/site\/2026\/03\/19\/multidao-de-universitarios-faz-culto-ao-ar-livre-em-fortaleza-fome-e-sede-de-deus\/"},"modified":"2026-03-19T12:51:17","modified_gmt":"2026-03-19T15:51:17","slug":"multidao-de-universitarios-faz-culto-ao-ar-livre-em-fortaleza-fome-e-sede-de-deus","status":"publish","type":"post","link":"https:\/\/radioportoseguro.com.br\/site\/2026\/03\/19\/multidao-de-universitarios-faz-culto-ao-ar-livre-em-fortaleza-fome-e-sede-de-deus\/","title":{"rendered":"Multid\u00e3o de universit\u00e1rios faz culto ao ar livre em Fortaleza: \u201cFome e sede de Deus\u201d"},"content":{"rendered":"<p><br \/>\n<br \/><\/p>\n<div>\n<p><span style=\"font-weight: 400;\">Na \u00faltima segunda-feira (16), uma multid\u00e3o de jovens se uniu para adorar a Deus em um culto ao ar livre promovido pela miss\u00e3o Aviva Universit\u00e1rio em Fortaleza.<\/span><\/p>\n<p><span style=\"font-weight: 400;\">Realizado pela primeira vez na cidade, o culto ocorreu na Pra\u00e7a da Bandeira em frente \u00e0 Universidade Federal do Cear\u00e1 (UFC).<\/span><\/p>\n<p><span style=\"font-weight: 400;\">No local, os crist\u00e3os promoveram um momento de louvor e adora\u00e7\u00e3o, onde muitos jovens foram tocados pelo Esp\u00edrito Santo e se renderam a Cristo.<\/span><\/p>\n<p><span style=\"font-weight: 400;\">Em v\u00eddeos publicados nas redes sociais, os jovens aparecem louvando ao Senhor, ouvindo a Palavra e orando uns pelos outros no local.<\/span><\/p>\n<p><span style=\"font-weight: 400;\">\u201cS\u00e3o universit\u00e1rios com fome e sede pela presen\u00e7a de Deus\u201d, afirmou o evangelista <\/span><span style=\"color: #993300;\"><strong>Lucas Teodoro<\/strong><\/span><span style=\"font-weight: 400;\">, l\u00edder da miss\u00e3o.<\/span><\/p>\n<p><span style=\"font-weight: 400;\">E continuou: \u201cCremos que Deus est\u00e1 levantando homens e mulheres cheios do Esp\u00edrito Santo no meio acad\u00eamico do Brasil\u201d.<\/span><\/p>\n<blockquote class=\"instagram-media\" style=\"background: #FFF; border: 0; border-radius: 3px; box-shadow: 0 0 1px 0 rgba(0,0,0,0.5),0 1px 10px 0 rgba(0,0,0,0.15); margin: 1px; max-width: 540px; min-width: 326px; padding: 0; width: calc(100% - 2px);\" data-instgrm-permalink=\"https:\/\/www.instagram.com\/reel\/DV9-4akja9k\/?utm_source=ig_embed&amp;utm_campaign=loading\" data-instgrm-version=\"14\"><p>&#13;<br \/>\n&#13;\n<\/p><\/blockquote>\n<p><span style=\"font-weight: 400;\">O culto tamb\u00e9m chamou a aten\u00e7\u00e3o de pessoas que passavam pelo local e foram atra\u00eddas pela presen\u00e7a de Deus.\u00a0\u00a0<\/span><\/p>\n<p><strong>\u2018N\u00e3o vamos parar\u2019<\/strong><\/p>\n<p><span style=\"font-weight: 400;\">A a\u00e7\u00e3o evangel\u00edstica ocorreu ap\u00f3s a miss\u00e3o ser denunciada ao Minist\u00e9rio P\u00fablico Federal (MPF) por realizar cultos com estudantes na <\/span><span style=\"color: #993300;\"><strong>Universidade Federal de Minas Gerais<\/strong><\/span><span style=\"font-weight: 400;\"> (UFMG).<\/span><\/p>\n<p><span style=\"font-weight: 400;\">No \u00faltimo s\u00e1bado (14), Lucas informou que <\/span><span style=\"color: #993300;\"><strong>recebeu uma intima\u00e7\u00e3o do MP<\/strong><\/span> <span style=\"font-weight: 400;\">para explicar sobre os cultos dentro da universidade. Segundo o evangelista, o denunciante chamou o \u201cAviva\u201d \u2014 que tem realizado encontros em diversas universidades pelo Brasil \u2014 de \u201corganiza\u00e7\u00e3o criminosa\u201d.<\/span><\/p>\n<p><span style=\"font-weight: 400;\">Lucas destacou que os universit\u00e1rios participaram dos cultos de forma volunt\u00e1ria e que o evento n\u00e3o foi formal.<\/span><\/p>\n<blockquote class=\"instagram-media\" style=\"background: #FFF; border: 0; border-radius: 3px; box-shadow: 0 0 1px 0 rgba(0,0,0,0.5),0 1px 10px 0 rgba(0,0,0,0.15); margin: 1px; max-width: 540px; min-width: 326px; padding: 0; width: calc(100% - 2px);\" data-instgrm-permalink=\"https:\/\/www.instagram.com\/reel\/DV_aXeBCaca\/?utm_source=ig_embed&amp;utm_campaign=loading\" data-instgrm-version=\"14\"><p>&#13;<br \/>\n&#13;\n<\/p><\/blockquote>\n<p><span style=\"font-weight: 400;\">Em Fortaleza, ele refletiu sobre a batalha espiritual para continuar pregando Jesus: \u201cExiste uma luta muito grande do inferno para que isso aqui n\u00e3o aconte\u00e7a. Existe uma luta muito grande do inferno na nossa na\u00e7\u00e3o\u201d.\u00a0<\/span><\/p>\n<p><span style=\"font-weight: 400;\">E continuou: \u201cSabe o que n\u00f3s estamos ouvindo por a\u00ed? Que essa \u00e9 a pior gera\u00e7\u00e3o de todas. Que essa \u00e9 a gera\u00e7\u00e3o mais problem\u00e1tica de todas. A gente escuta: \u2018N\u00e3o entra na universidade, n\u00e3o, voc\u00ea que \u00e9 crist\u00e3o, porque l\u00e1 voc\u00ea vai se perder, voc\u00ea vai se desviar\u2019. N\u00e3o! N\u00f3s repreendemos em nome de Jesus\u201d.<\/span><\/p>\n<p><span style=\"font-weight: 400;\">E concluiu dizendo: \u201cDeus est\u00e1 levantando nesse tempo uma gera\u00e7\u00e3o de homens e mulheres cheios do Esp\u00edrito Santo. N\u00e3o vamos parar! Existe uma gera\u00e7\u00e3o com fome de Deus nas universidades do Brasil\u201d.<\/span><\/p>\n<\/div>\n<p><script async src=\"\/\/www.instagram.com\/embed.js\"><\/script><br \/>\n<br \/><br \/>\n<br \/>Fonte: Guiame <\/p>\n","protected":false},"excerpt":{"rendered":"<p>Na \u00faltima segunda-feira (16), uma multid\u00e3o de jovens se uniu para adorar a Deus em um culto ao ar livre promovido pela miss\u00e3o Aviva Universit\u00e1rio em Fortaleza. Realizado pela primeira vez na cidade, o culto ocorreu na Pra\u00e7a da Bandeira em frente \u00e0 Universidade Federal do Cear\u00e1 (UFC). No local, os crist\u00e3os promoveram um momento [&hellip;]<\/p>\n","protected":false},"author":1,"featured_media":5192,"comment_status":"","ping_status":"open","sticky":false,"template":"","format":"standard","meta":{"footnotes":""},"categories":[43],"tags":[],"class_list":["post-5191","post","type-post","status-publish","format-standard","has-post-thumbnail","hentry","category-destaques"],"yoast_head":"<!-- This site is optimized with the Yoast SEO plugin v26.8 - https:\/\/yoast.com\/product\/yoast-seo-wordpress\/ -->\n<title>Multid\u00e3o de universit\u00e1rios faz culto ao ar livre em Fortaleza: \u201cFome e sede de Deus\u201d - R\u00e1dio Porto Seguro<\/title>\n<meta name=\"robots\" content=\"index, follow, max-snippet:-1, max-image-preview:large, max-video-preview:-1\" \/>\n<link rel=\"canonical\" href=\"https:\/\/radioportoseguro.com.br\/site\/2026\/03\/19\/multidao-de-universitarios-faz-culto-ao-ar-livre-em-fortaleza-fome-e-sede-de-deus\/\" \/>\n<meta property=\"og:locale\" content=\"pt_BR\" \/>\n<meta property=\"og:type\" content=\"article\" \/>\n<meta property=\"og:title\" content=\"Multid\u00e3o de universit\u00e1rios faz culto ao ar livre em Fortaleza: \u201cFome e sede de Deus\u201d - R\u00e1dio Porto Seguro\" \/>\n<meta property=\"og:description\" content=\"Na \u00faltima segunda-feira (16), uma multid\u00e3o de jovens se uniu para adorar a Deus em um culto ao ar livre promovido pela miss\u00e3o Aviva Universit\u00e1rio em Fortaleza. Realizado pela primeira vez na cidade, o culto ocorreu na Pra\u00e7a da Bandeira em frente \u00e0 Universidade Federal do Cear\u00e1 (UFC). No local, os crist\u00e3os promoveram um momento [&hellip;]\" \/>\n<meta property=\"og:url\" content=\"https:\/\/radioportoseguro.com.br\/site\/2026\/03\/19\/multidao-de-universitarios-faz-culto-ao-ar-livre-em-fortaleza-fome-e-sede-de-deus\/\" \/>\n<meta property=\"og:site_name\" content=\"R\u00e1dio Porto Seguro\" \/>\n<meta property=\"article:published_time\" content=\"2026-03-19T15:51:17+00:00\" \/>\n<meta property=\"og:image\" content=\"https:\/\/media.guiame.com.br\/archives\/2026\/03\/18\/1210475842-multidao-de-jovens-adorando-jesus-em-fortaleza.jpeg\" \/>\n<meta name=\"author\" content=\"admin\" \/>\n<meta name=\"twitter:card\" content=\"summary_large_image\" \/>\n<meta name=\"twitter:label1\" content=\"Escrito por\" \/>\n\t<meta name=\"twitter:data1\" content=\"admin\" \/>\n\t<meta name=\"twitter:label2\" content=\"Est. tempo de leitura\" \/>\n\t<meta name=\"twitter:data2\" content=\"2 minutos\" \/>\n<script type=\"application\/ld+json\" class=\"yoast-schema-graph\">{\"@context\":\"https:\/\/schema.org\",\"@graph\":[{\"@type\":\"Article\",\"@id\":\"https:\/\/radioportoseguro.com.br\/site\/2026\/03\/19\/multidao-de-universitarios-faz-culto-ao-ar-livre-em-fortaleza-fome-e-sede-de-deus\/#article\",\"isPartOf\":{\"@id\":\"https:\/\/radioportoseguro.com.br\/site\/2026\/03\/19\/multidao-de-universitarios-faz-culto-ao-ar-livre-em-fortaleza-fome-e-sede-de-deus\/\"},\"author\":{\"name\":\"admin\",\"@id\":\"https:\/\/radioportoseguro.com.br\/site\/#\/schema\/person\/7630acdc320186f13639d3c067ec089b\"},\"headline\":\"Multid\u00e3o de universit\u00e1rios faz culto ao ar livre em Fortaleza: \u201cFome e sede de Deus\u201d\",\"datePublished\":\"2026-03-19T15:51:17+00:00\",\"mainEntityOfPage\":{\"@id\":\"https:\/\/radioportoseguro.com.br\/site\/2026\/03\/19\/multidao-de-universitarios-faz-culto-ao-ar-livre-em-fortaleza-fome-e-sede-de-deus\/\"},\"wordCount\":423,\"image\":{\"@id\":\"https:\/\/radioportoseguro.com.br\/site\/2026\/03\/19\/multidao-de-universitarios-faz-culto-ao-ar-livre-em-fortaleza-fome-e-sede-de-deus\/#primaryimage\"},\"thumbnailUrl\":\"https:\/\/radioportoseguro.com.br\/site\/wp-content\/uploads\/2026\/03\/1210475842-multidao-de-jovens-adorando-jesus-em-fortaleza.jpeg\",\"articleSection\":[\"Destaques\"],\"inLanguage\":\"pt-BR\"},{\"@type\":\"WebPage\",\"@id\":\"https:\/\/radioportoseguro.com.br\/site\/2026\/03\/19\/multidao-de-universitarios-faz-culto-ao-ar-livre-em-fortaleza-fome-e-sede-de-deus\/\",\"url\":\"https:\/\/radioportoseguro.com.br\/site\/2026\/03\/19\/multidao-de-universitarios-faz-culto-ao-ar-livre-em-fortaleza-fome-e-sede-de-deus\/\",\"name\":\"Multid\u00e3o de universit\u00e1rios faz culto ao ar livre em Fortaleza: \u201cFome e sede de Deus\u201d - R\u00e1dio Porto Seguro\",\"isPartOf\":{\"@id\":\"https:\/\/radioportoseguro.com.br\/site\/#website\"},\"primaryImageOfPage\":{\"@id\":\"https:\/\/radioportoseguro.com.br\/site\/2026\/03\/19\/multidao-de-universitarios-faz-culto-ao-ar-livre-em-fortaleza-fome-e-sede-de-deus\/#primaryimage\"},\"image\":{\"@id\":\"https:\/\/radioportoseguro.com.br\/site\/2026\/03\/19\/multidao-de-universitarios-faz-culto-ao-ar-livre-em-fortaleza-fome-e-sede-de-deus\/#primaryimage\"},\"thumbnailUrl\":\"https:\/\/radioportoseguro.com.br\/site\/wp-content\/uploads\/2026\/03\/1210475842-multidao-de-jovens-adorando-jesus-em-fortaleza.jpeg\",\"datePublished\":\"2026-03-19T15:51:17+00:00\",\"author\":{\"@id\":\"https:\/\/radioportoseguro.com.br\/site\/#\/schema\/person\/7630acdc320186f13639d3c067ec089b\"},\"breadcrumb\":{\"@id\":\"https:\/\/radioportoseguro.com.br\/site\/2026\/03\/19\/multidao-de-universitarios-faz-culto-ao-ar-livre-em-fortaleza-fome-e-sede-de-deus\/#breadcrumb\"},\"inLanguage\":\"pt-BR\",\"potentialAction\":[{\"@type\":\"ReadAction\",\"target\":[\"https:\/\/radioportoseguro.com.br\/site\/2026\/03\/19\/multidao-de-universitarios-faz-culto-ao-ar-livre-em-fortaleza-fome-e-sede-de-deus\/\"]}]},{\"@type\":\"ImageObject\",\"inLanguage\":\"pt-BR\",\"@id\":\"https:\/\/radioportoseguro.com.br\/site\/2026\/03\/19\/multidao-de-universitarios-faz-culto-ao-ar-livre-em-fortaleza-fome-e-sede-de-deus\/#primaryimage\",\"url\":\"https:\/\/radioportoseguro.com.br\/site\/wp-content\/uploads\/2026\/03\/1210475842-multidao-de-jovens-adorando-jesus-em-fortaleza.jpeg\",\"contentUrl\":\"https:\/\/radioportoseguro.com.br\/site\/wp-content\/uploads\/2026\/03\/1210475842-multidao-de-jovens-adorando-jesus-em-fortaleza.jpeg\",\"width\":1200,\"height\":600},{\"@type\":\"BreadcrumbList\",\"@id\":\"https:\/\/radioportoseguro.com.br\/site\/2026\/03\/19\/multidao-de-universitarios-faz-culto-ao-ar-livre-em-fortaleza-fome-e-sede-de-deus\/#breadcrumb\",\"itemListElement\":[{\"@type\":\"ListItem\",\"position\":1,\"name\":\"In\u00edcio\",\"item\":\"https:\/\/radioportoseguro.com.br\/site\/\"},{\"@type\":\"ListItem\",\"position\":2,\"name\":\"Multid\u00e3o de universit\u00e1rios faz culto ao ar livre em Fortaleza: \u201cFome e sede de Deus\u201d\"}]},{\"@type\":\"WebSite\",\"@id\":\"https:\/\/radioportoseguro.com.br\/site\/#website\",\"url\":\"https:\/\/radioportoseguro.com.br\/site\/\",\"name\":\"R\u00e1dio Porto Seguro\",\"description\":\"\",\"potentialAction\":[{\"@type\":\"SearchAction\",\"target\":{\"@type\":\"EntryPoint\",\"urlTemplate\":\"https:\/\/radioportoseguro.com.br\/site\/?s={search_term_string}\"},\"query-input\":{\"@type\":\"PropertyValueSpecification\",\"valueRequired\":true,\"valueName\":\"search_term_string\"}}],\"inLanguage\":\"pt-BR\"},{\"@type\":\"Person\",\"@id\":\"https:\/\/radioportoseguro.com.br\/site\/#\/schema\/person\/7630acdc320186f13639d3c067ec089b\",\"name\":\"admin\",\"image\":{\"@type\":\"ImageObject\",\"inLanguage\":\"pt-BR\",\"@id\":\"https:\/\/radioportoseguro.com.br\/site\/#\/schema\/person\/image\/\",\"url\":\"https:\/\/secure.gravatar.com\/avatar\/caacf4dc1eedb68fab0df8e1ed46c448e578b2466351bbcb61e47d2ac0caaef0?s=96&d=mm&r=g\",\"contentUrl\":\"https:\/\/secure.gravatar.com\/avatar\/caacf4dc1eedb68fab0df8e1ed46c448e578b2466351bbcb61e47d2ac0caaef0?s=96&d=mm&r=g\",\"caption\":\"admin\"},\"sameAs\":[\"https:\/\/radioportoseguro.com.br\/site\"],\"url\":\"https:\/\/radioportoseguro.com.br\/site\/author\/hezio\/\"}]}<\/script>\n<!-- \/ Yoast SEO plugin. -->","yoast_head_json":{"title":"Multid\u00e3o de universit\u00e1rios faz culto ao ar livre em Fortaleza: \u201cFome e sede de Deus\u201d - R\u00e1dio Porto Seguro","robots":{"index":"index","follow":"follow","max-snippet":"max-snippet:-1","max-image-preview":"max-image-preview:large","max-video-preview":"max-video-preview:-1"},"canonical":"https:\/\/radioportoseguro.com.br\/site\/2026\/03\/19\/multidao-de-universitarios-faz-culto-ao-ar-livre-em-fortaleza-fome-e-sede-de-deus\/","og_locale":"pt_BR","og_type":"article","og_title":"Multid\u00e3o de universit\u00e1rios faz culto ao ar livre em Fortaleza: \u201cFome e sede de Deus\u201d - R\u00e1dio Porto Seguro","og_description":"Na \u00faltima segunda-feira (16), uma multid\u00e3o de jovens se uniu para adorar a Deus em um culto ao ar livre promovido pela miss\u00e3o Aviva Universit\u00e1rio em Fortaleza. Realizado pela primeira vez na cidade, o culto ocorreu na Pra\u00e7a da Bandeira em frente \u00e0 Universidade Federal do Cear\u00e1 (UFC). No local, os crist\u00e3os promoveram um momento [&hellip;]","og_url":"https:\/\/radioportoseguro.com.br\/site\/2026\/03\/19\/multidao-de-universitarios-faz-culto-ao-ar-livre-em-fortaleza-fome-e-sede-de-deus\/","og_site_name":"R\u00e1dio Porto Seguro","article_published_time":"2026-03-19T15:51:17+00:00","og_image":[{"url":"https:\/\/media.guiame.com.br\/archives\/2026\/03\/18\/1210475842-multidao-de-jovens-adorando-jesus-em-fortaleza.jpeg","type":"","width":"","height":""}],"author":"admin","twitter_card":"summary_large_image","twitter_misc":{"Escrito por":"admin","Est. tempo de leitura":"2 minutos"},"schema":{"@context":"https:\/\/schema.org","@graph":[{"@type":"Article","@id":"https:\/\/radioportoseguro.com.br\/site\/2026\/03\/19\/multidao-de-universitarios-faz-culto-ao-ar-livre-em-fortaleza-fome-e-sede-de-deus\/#article","isPartOf":{"@id":"https:\/\/radioportoseguro.com.br\/site\/2026\/03\/19\/multidao-de-universitarios-faz-culto-ao-ar-livre-em-fortaleza-fome-e-sede-de-deus\/"},"author":{"name":"admin","@id":"https:\/\/radioportoseguro.com.br\/site\/#\/schema\/person\/7630acdc320186f13639d3c067ec089b"},"headline":"Multid\u00e3o de universit\u00e1rios faz culto ao ar livre em Fortaleza: \u201cFome e sede de Deus\u201d","datePublished":"2026-03-19T15:51:17+00:00","mainEntityOfPage":{"@id":"https:\/\/radioportoseguro.com.br\/site\/2026\/03\/19\/multidao-de-universitarios-faz-culto-ao-ar-livre-em-fortaleza-fome-e-sede-de-deus\/"},"wordCount":423,"image":{"@id":"https:\/\/radioportoseguro.com.br\/site\/2026\/03\/19\/multidao-de-universitarios-faz-culto-ao-ar-livre-em-fortaleza-fome-e-sede-de-deus\/#primaryimage"},"thumbnailUrl":"https:\/\/radioportoseguro.com.br\/site\/wp-content\/uploads\/2026\/03\/1210475842-multidao-de-jovens-adorando-jesus-em-fortaleza.jpeg","articleSection":["Destaques"],"inLanguage":"pt-BR"},{"@type":"WebPage","@id":"https:\/\/radioportoseguro.com.br\/site\/2026\/03\/19\/multidao-de-universitarios-faz-culto-ao-ar-livre-em-fortaleza-fome-e-sede-de-deus\/","url":"https:\/\/radioportoseguro.com.br\/site\/2026\/03\/19\/multidao-de-universitarios-faz-culto-ao-ar-livre-em-fortaleza-fome-e-sede-de-deus\/","name":"Multid\u00e3o de universit\u00e1rios faz culto ao ar livre em Fortaleza: \u201cFome e sede de Deus\u201d - R\u00e1dio Porto Seguro","isPartOf":{"@id":"https:\/\/radioportoseguro.com.br\/site\/#website"},"primaryImageOfPage":{"@id":"https:\/\/radioportoseguro.com.br\/site\/2026\/03\/19\/multidao-de-universitarios-faz-culto-ao-ar-livre-em-fortaleza-fome-e-sede-de-deus\/#primaryimage"},"image":{"@id":"https:\/\/radioportoseguro.com.br\/site\/2026\/03\/19\/multidao-de-universitarios-faz-culto-ao-ar-livre-em-fortaleza-fome-e-sede-de-deus\/#primaryimage"},"thumbnailUrl":"https:\/\/radioportoseguro.com.br\/site\/wp-content\/uploads\/2026\/03\/1210475842-multidao-de-jovens-adorando-jesus-em-fortaleza.jpeg","datePublished":"2026-03-19T15:51:17+00:00","author":{"@id":"https:\/\/radioportoseguro.com.br\/site\/#\/schema\/person\/7630acdc320186f13639d3c067ec089b"},"breadcrumb":{"@id":"https:\/\/radioportoseguro.com.br\/site\/2026\/03\/19\/multidao-de-universitarios-faz-culto-ao-ar-livre-em-fortaleza-fome-e-sede-de-deus\/#breadcrumb"},"inLanguage":"pt-BR","potentialAction":[{"@type":"ReadAction","target":["https:\/\/radioportoseguro.com.br\/site\/2026\/03\/19\/multidao-de-universitarios-faz-culto-ao-ar-livre-em-fortaleza-fome-e-sede-de-deus\/"]}]},{"@type":"ImageObject","inLanguage":"pt-BR","@id":"https:\/\/radioportoseguro.com.br\/site\/2026\/03\/19\/multidao-de-universitarios-faz-culto-ao-ar-livre-em-fortaleza-fome-e-sede-de-deus\/#primaryimage","url":"https:\/\/radioportoseguro.com.br\/site\/wp-content\/uploads\/2026\/03\/1210475842-multidao-de-jovens-adorando-jesus-em-fortaleza.jpeg","contentUrl":"https:\/\/radioportoseguro.com.br\/site\/wp-content\/uploads\/2026\/03\/1210475842-multidao-de-jovens-adorando-jesus-em-fortaleza.jpeg","width":1200,"height":600},{"@type":"BreadcrumbList","@id":"https:\/\/radioportoseguro.com.br\/site\/2026\/03\/19\/multidao-de-universitarios-faz-culto-ao-ar-livre-em-fortaleza-fome-e-sede-de-deus\/#breadcrumb","itemListElement":[{"@type":"ListItem","position":1,"name":"In\u00edcio","item":"https:\/\/radioportoseguro.com.br\/site\/"},{"@type":"ListItem","position":2,"name":"Multid\u00e3o de universit\u00e1rios faz culto ao ar livre em Fortaleza: \u201cFome e sede de Deus\u201d"}]},{"@type":"WebSite","@id":"https:\/\/radioportoseguro.com.br\/site\/#website","url":"https:\/\/radioportoseguro.com.br\/site\/","name":"R\u00e1dio Porto Seguro","description":"","potentialAction":[{"@type":"SearchAction","target":{"@type":"EntryPoint","urlTemplate":"https:\/\/radioportoseguro.com.br\/site\/?s={search_term_string}"},"query-input":{"@type":"PropertyValueSpecification","valueRequired":true,"valueName":"search_term_string"}}],"inLanguage":"pt-BR"},{"@type":"Person","@id":"https:\/\/radioportoseguro.com.br\/site\/#\/schema\/person\/7630acdc320186f13639d3c067ec089b","name":"admin","image":{"@type":"ImageObject","inLanguage":"pt-BR","@id":"https:\/\/radioportoseguro.com.br\/site\/#\/schema\/person\/image\/","url":"https:\/\/secure.gravatar.com\/avatar\/caacf4dc1eedb68fab0df8e1ed46c448e578b2466351bbcb61e47d2ac0caaef0?s=96&d=mm&r=g","contentUrl":"https:\/\/secure.gravatar.com\/avatar\/caacf4dc1eedb68fab0df8e1ed46c448e578b2466351bbcb61e47d2ac0caaef0?s=96&d=mm&r=g","caption":"admin"},"sameAs":["https:\/\/radioportoseguro.com.br\/site"],"url":"https:\/\/radioportoseguro.com.br\/site\/author\/hezio\/"}]}},"_links":{"self":[{"href":"https:\/\/radioportoseguro.com.br\/site\/wp-json\/wp\/v2\/posts\/5191","targetHints":{"allow":["GET"]}}],"collection":[{"href":"https:\/\/radioportoseguro.com.br\/site\/wp-json\/wp\/v2\/posts"}],"about":[{"href":"https:\/\/radioportoseguro.com.br\/site\/wp-json\/wp\/v2\/types\/post"}],"author":[{"embeddable":true,"href":"https:\/\/radioportoseguro.com.br\/site\/wp-json\/wp\/v2\/users\/1"}],"replies":[{"embeddable":true,"href":"https:\/\/radioportoseguro.com.br\/site\/wp-json\/wp\/v2\/comments?post=5191"}],"version-history":[{"count":0,"href":"https:\/\/radioportoseguro.com.br\/site\/wp-json\/wp\/v2\/posts\/5191\/revisions"}],"wp:featuredmedia":[{"embeddable":true,"href":"https:\/\/radioportoseguro.com.br\/site\/wp-json\/wp\/v2\/media\/5192"}],"wp:attachment":[{"href":"https:\/\/radioportoseguro.com.br\/site\/wp-json\/wp\/v2\/media?parent=5191"}],"wp:term":[{"taxonomy":"category","embeddable":true,"href":"https:\/\/radioportoseguro.com.br\/site\/wp-json\/wp\/v2\/categories?post=5191"},{"taxonomy":"post_tag","embeddable":true,"href":"https:\/\/radioportoseguro.com.br\/site\/wp-json\/wp\/v2\/tags?post=5191"}],"curies":[{"name":"wp","href":"https:\/\/api.w.org\/{rel}","templated":true}]}}