{"id":5199,"date":"2026-03-19T16:54:02","date_gmt":"2026-03-19T19:54:02","guid":{"rendered":"https:\/\/radioportoseguro.com.br\/site\/2026\/03\/19\/a-guerra-no-ira-e-a-profecia-de-jeremias\/"},"modified":"2026-03-19T16:54:02","modified_gmt":"2026-03-19T19:54:02","slug":"a-guerra-no-ira-e-a-profecia-de-jeremias","status":"publish","type":"post","link":"https:\/\/radioportoseguro.com.br\/site\/2026\/03\/19\/a-guerra-no-ira-e-a-profecia-de-jeremias\/","title":{"rendered":"A guerra no Ir\u00e3 e a profecia de Jeremias"},"content":{"rendered":"<p><br \/>\n<br \/><\/p>\n<div>\n<p>A atual guerra travada pela alian\u00e7a EUA-Israel contra o Ir\u00e3 reativou uma profecia bem conhecida entre os crist\u00e3os persas que veem seu cumprimento nessa gera\u00e7\u00e3o e no atual conflito.<\/p>\n<p>Em suas \u00faltimas profecias, Jeremias previu o ju\u00edzo de Deus sobre v\u00e1rias na\u00e7\u00f5es, dentre elas, El\u00e3o \u2014 localizada a leste da Babil\u00f4nia e no oeste da P\u00e9rsia, territ\u00f3rio que corresponde ao Ir\u00e3 atual. O profeta fala de sua queda e de sua restaura\u00e7\u00e3o final.<\/p>\n<p><em>\u201cPalavra do Senhor que veio ao profeta Jeremias a respeito de El\u00e3o, no princ\u00edpio do reinado de Zedequias, rei de Jud\u00e1. Assim diz o Senhor dos Ex\u00e9rcitos: \u2018Eis que eu quebrarei o arco de El\u00e3o, a fonte do seu poder. Trarei sobre El\u00e3o os quatro ventos dos quatro cantos da terra e os dispersarei na dire\u00e7\u00e3o de todos esses ventos; e n\u00e3o haver\u00e1 pa\u00eds aonde n\u00e3o cheguem os fugitivos de El\u00e3o. Farei com que o povo de El\u00e3o trema diante dos seus inimigos e diante dos que querem mat\u00e1-los. Farei vir sobre os elamitas o mal, o furor da minha ira, diz o Senhor; e enviarei a espada ap\u00f3s eles, at\u00e9 que eu os tenha destru\u00eddo. Porei o meu trono em El\u00e3o e destruirei dali o rei e os oficiais, diz o Senhor. Mas, nos \u00faltimos dias, mudarei a sorte de El\u00e3o, diz o Senhor.\u2019\u201d (Jeremias 49:34-39 \u2014 NAA).\u00a0 <\/em><\/p>\n<p>Essa palavra se cumpriu quando a Babil\u00f4nia conquistou El\u00e3o em 596 a.C. Cerca de meio s\u00e9culo depois, o imp\u00e9rio persa, sob o dom\u00ednio de Ciro, o Grande, assumiu o controle da regi\u00e3o, juntamente com o povo medo, derrotando os babil\u00f4nios. Muitos te\u00f3logos interpretam o cumprimento de v\u00e1rias profecias que envolvem derrotas e conquistas de reinos com cumprimento duplo, um para os tempos antigos, outro para os tempos do fim.<\/p>\n<p>\u00c9 com esse entendimento que muitos crist\u00e3os persas, h\u00e1 d\u00e9cadas, fazem refer\u00eancia \u00e0 profecia de Jeremias. O conflito atual contra Israel que, vale frisar, \u00e9 apoiado pela maioria esmagadora do povo persa na guerra contra o regime de seu pa\u00eds, fez com que essa profecia saltasse de suas p\u00e1ginas para a realidade que est\u00e3o vivendo. O povo farsi viu nela algo semelhante \u00e0 hist\u00f3ria do livro de Ester, sobre a qual escrevi no \u00faltimo artigo, que voltou a se repetir desde o primeiro dia do atual conflito.\u00a0<\/p>\n<p><strong>A estrutura de terror<\/strong><\/p>\n<p>Ap\u00f3s a revolu\u00e7\u00e3o iraniana de 1979 e a instaura\u00e7\u00e3o do regime ditatorial dos aiatol\u00e1s, o Ir\u00e3 que era um pa\u00eds pac\u00edfico passou a construir um forte aparato militar. Criou o Corpo da Guarda Revolucion\u00e1ria Isl\u00e2mica que passou a ser a for\u00e7a de elite de prote\u00e7\u00e3o ao regime teocr\u00e1tico e de controle das for\u00e7as armadas.<\/p>\n<p>Estabeleceu o programa de m\u00edsseis bal\u00edsticos que consumiu bilh\u00f5es para desenvolver a mais sofisticada for\u00e7a de m\u00edsseis do Oriente M\u00e9dio, com alcance superior a 2 mil km, chegando a produzir milhares deles. Construiu e aprestou uma for\u00e7a naval capaz de realizar uma guerra naval assim\u00e9trica, constitu\u00edda de meios pequenos e \u00e1geis como lanchas r\u00e1pidas e minas que possibilitariam o fechamento do estreito de Ormuz, por onde escoa quase um ter\u00e7o da produ\u00e7\u00e3o mundial de petr\u00f3leo.<\/p>\n<p>Com seu discurso antissemita e antiamericano, ao longo das \u00faltimas d\u00e9cadas, o regime investiu pesadamente em grupos terroristas no exterior (conhecidos como <em>proxies <\/em>\u2014 grupos que agem por procura\u00e7\u00e3o) para fazer o papel sujo contra o Ocidente, especialmente Israel, realizando atos terroristas pelo mundo, evitando um confronto direto. Al\u00e9m disso, investiu uma fortuna na corrida para a obten\u00e7\u00e3o de uma arma nucelar, a fim de \u201cvarrer Israel do mapa\u201d algo que nunca escondeu em seus discursos pol\u00edticos e religiosos. Felizmente, o regime n\u00e3o logrou \u00eaxito em sua busca.<\/p>\n<p><strong>A quebra do \u201carco de El\u00e3o\u201d<\/strong><\/p>\n<p>\u00c9 not\u00e1vel que a localiza\u00e7\u00e3o geogr\u00e1fica de El\u00e3o seja no sudoeste do Ir\u00e3 atual, regi\u00e3o onde tem sido concentrada a maioria das opera\u00e7\u00f5es militares de Israel e dos EUA. \u00c9 ali que fica tamb\u00e9m a central nuclear de Bushehr que, at\u00e9 ent\u00e3o, foi poupada dos ataques. Milhares de alvos atingidos em duas semanas de conflito praticamente aniquilaram a infraestrutura militar e b\u00e9lica do Ir\u00e3.<\/p>\n<p>Com a destrui\u00e7\u00e3o de toda a estrutura de defesa a\u00e9rea, Israel e EUA det\u00eam a supremacia a\u00e9rea nos c\u00e9us do Ir\u00e3, cruzando-os livremente para realizar ataques precisos onde quer que seja necess\u00e1rio. N\u00e3o h\u00e1 mais radares de busca, nem m\u00edsseis antia\u00e9reo nem mais aeronaves de combate para resistir \u00e0s for\u00e7as a\u00e9reas oponentes. A mesma aniquila\u00e7\u00e3o ocorre com a for\u00e7a naval iraniana que teve todos seus principais navios de guerra, bem como lanchas de r\u00e1pido emprego destru\u00eddos pela US Navy. Apesar disso, o estreito de Ormuz merece muita aten\u00e7\u00e3o devido \u00e0 possibilidade do emprego de minas, algo que pode interditar a navega\u00e7\u00e3o e exigir uma opera\u00e7\u00e3o minuciosa de limpeza de \u00e1rea.\u00a0<\/p>\n<p>Al\u00e9m das for\u00e7as a\u00e9rea e naval, cerca de 80% dos lan\u00e7adores de m\u00edsseis bal\u00edsticos foram destru\u00eddos, o que explica o n\u00famero cada vez mais reduzido de m\u00edsseis lan\u00e7ados contra Israel e demais pa\u00edses do Golfo P\u00e9rsico. Os <em>proxies<\/em> do Ir\u00e3, os quais eram usados para atacar Israel e mant\u00ea-lo sob press\u00e3o, est\u00e3o mais fragilizados do que nunca. O Hamas n\u00e3o se atreveu a se juntar ao Ir\u00e3, em Gaza, nem os Houthies no I\u00eamem. E o Hezbollah est\u00e1 sendo dizimado por ter lan\u00e7ado seus m\u00edsseis contra o Estado judeu. Definitivamente, pode-se dizer que \u201co arco de El\u00e3o\u201d foi quebrado e dias mais brilhantes se vislumbram para o sofrido povo do Ir\u00e3, Israel e todo o Oriente M\u00e9dio.<\/p>\n<p><strong>Espalhados aos quatro ventos<\/strong><\/p>\n<p>A profecia de Jeremias tamb\u00e9m promete enviar o povo iraniano para a di\u00e1spora, dispersando-o pelos \u201cquatro ventos dos quatro cantos da terra\u201d. Isso vem ocorrendo desde o in\u00edcio da revolu\u00e7\u00e3o isl\u00e2mica. N\u00e3o h\u00e1 um s\u00f3 canto da Terra ou uma s\u00f3 na\u00e7\u00e3o que n\u00e3o tenha recebido um iraniano em fuga do regime tir\u00e2nico que dep\u00f4s a monarquia do x\u00e1. Ap\u00f3s as manifesta\u00e7\u00f5es de j\u00fabilo dos iranianos na di\u00e1spora, no dia 28 de fevereiro, primeiro dia do conflito, o que se viu foram dezenas de pa\u00edses com uma comunidade iraniana significativa celebrando os ataques contra o regime.<\/p>\n<p>Por outro lado, essa dispers\u00e3o dos \u201celamitas\u201d redundou em que muitos deles viessem a conhecer Yeshua nos pa\u00edses para onde foram espalhados, tanto de judeus persas como de iranianos gentios. Somente Deus pode enumerar a quantidade exata daqueles que foram alcan\u00e7ados pelo Evangelho fora do Ir\u00e3. Por outro lado, a igreja iraniana dentro do pa\u00eds, sob a persegui\u00e7\u00e3o implac\u00e1vel do regime, cresceu de modo absurdo nesse per\u00edodo, silenciosamente. N\u00e3o se tem uma estimativa do n\u00famero de persas que vieram para a f\u00e9 durante a persegui\u00e7\u00e3o, mas crist\u00e3os que fugiram do Ir\u00e3 estimam que haja milh\u00f5es de seguidores de Yeshua que vivem sua f\u00e9 em segredo. Muitos destes foram martirizados at\u00e9 a morte por n\u00e3o terem renunciado ao Senhor quando confrontados pelo regime.<\/p>\n<p><strong>Promessa de avivamento<\/strong><\/p>\n<p>A profecia termina com a promessa de que o Senhor estabelecer\u00e1 seu trono em El\u00e3o. Essa \u00e9 uma palavra a que os crist\u00e3os persas t\u00eam se apegado h\u00e1 muito tempo e esse parece ser o timing correto, pois isso n\u00e3o ocorrer\u00e1 sem que antes o Senhor destrua \u201cdali o rei e os oficiais\u201d. Isso se cumpriu literalmente no primeiro minuto da guerra, quando a For\u00e7a A\u00e9rea Israelense eliminou o supremo l\u00edder do Ir\u00e3 com toda a c\u00fapula do governo e os l\u00edderes do Corpo da Guarda Revolucion\u00e1ria Isl\u00e2mica. Foram \u201cdestru\u00eddos\u201d de uma s\u00f3 vez \u201co rei e os oficiais\u201d.<\/p>\n<p>Agora o caminho come\u00e7a a se abrir para a volta do pr\u00edncipe Reza Pahlavi, herdeiro do trono deposto pelos aiatol\u00e1s e exilado h\u00e1 quase meio s\u00e9culo. \u00c9 poss\u00edvel que a guerra se estenda por semanas ou meses at\u00e9 que caia completamente o regime terrorista que oprimiu e derramou o sangue de milhares de vidas de seu pr\u00f3prio povo. Parece que estamos testemunhando os dias que, embora debaixo de ang\u00fastia e dificuldades por causa do conflito, o Ir\u00e3 voltar\u00e1 a ser uma na\u00e7\u00e3o livre. E \u201cnos \u00faltimos dias\u201d, que j\u00e1 vivemos hoje, \u201cmudarei a sorte de El\u00e3o, diz o Senhor\u201d.<\/p>\n<p>Essa mudan\u00e7a j\u00e1 prev\u00ea um \u00eaxodo em massa de iranianos desejosos de voltar para sua p\u00e1tria, dos quais muitos s\u00e3o disc\u00edpulos de Yeshua. E poderemos esperar, em seguida, um grande avivamento naquele pa\u00eds. A terra em que viveram Mordechai, Ester e Daniel receber\u00e1 de volta seus filhos para proclamar o nome do Deus de Israel e avan\u00e7ar no chamado da grande comiss\u00e3o para o amado povo persa. Que assim seja!<\/p>\n<p>\u00a0<\/p>\n<p><strong>Get\u00falio Cidade<\/strong> \u00e9 escritor, tradutor e hebra\u00edsta, autor de A Oliveira Natural: As Ra\u00edzes Judaicas do Cristianismo e do blog www.aoliveiranatural.com.br.<\/p>\n<p><em>* O conte\u00fado do texto acima \u00e9 uma colabora\u00e7\u00e3o volunt\u00e1ria, de total responsabilidade do autor e n\u00e3o reflete necessariamente a opini\u00e3o do Portal Guiame.<\/em><\/p>\n<p>Leia o artigo anterior: <span style=\"color: #800000;\"><strong>Purim: A hist\u00f3ria se repete<\/strong><\/span><\/p>\n<\/div>\n<p><br \/>\n<br \/>Fonte: Guiame <\/p>\n","protected":false},"excerpt":{"rendered":"<p>A atual guerra travada pela alian\u00e7a EUA-Israel contra o Ir\u00e3 reativou uma profecia bem conhecida entre os crist\u00e3os persas que veem seu cumprimento nessa gera\u00e7\u00e3o e no atual conflito. Em suas \u00faltimas profecias, Jeremias previu o ju\u00edzo de Deus sobre v\u00e1rias na\u00e7\u00f5es, dentre elas, El\u00e3o \u2014 localizada a leste da Babil\u00f4nia e no oeste da [&hellip;]<\/p>\n","protected":false},"author":1,"featured_media":5200,"comment_status":"","ping_status":"open","sticky":false,"template":"","format":"standard","meta":{"footnotes":""},"categories":[43],"tags":[],"class_list":["post-5199","post","type-post","status-publish","format-standard","has-post-thumbnail","hentry","category-destaques"],"yoast_head":"<!-- This site is optimized with the Yoast SEO plugin v26.8 - https:\/\/yoast.com\/product\/yoast-seo-wordpress\/ -->\n<title>A guerra no Ir\u00e3 e a profecia de Jeremias - R\u00e1dio Porto Seguro<\/title>\n<meta name=\"robots\" content=\"index, follow, max-snippet:-1, max-image-preview:large, max-video-preview:-1\" \/>\n<link rel=\"canonical\" href=\"https:\/\/radioportoseguro.com.br\/site\/2026\/03\/19\/a-guerra-no-ira-e-a-profecia-de-jeremias\/\" \/>\n<meta property=\"og:locale\" content=\"pt_BR\" \/>\n<meta property=\"og:type\" content=\"article\" \/>\n<meta property=\"og:title\" content=\"A guerra no Ir\u00e3 e a profecia de Jeremias - R\u00e1dio Porto Seguro\" \/>\n<meta property=\"og:description\" content=\"A atual guerra travada pela alian\u00e7a EUA-Israel contra o Ir\u00e3 reativou uma profecia bem conhecida entre os crist\u00e3os persas que veem seu cumprimento nessa gera\u00e7\u00e3o e no atual conflito. Em suas \u00faltimas profecias, Jeremias previu o ju\u00edzo de Deus sobre v\u00e1rias na\u00e7\u00f5es, dentre elas, El\u00e3o \u2014 localizada a leste da Babil\u00f4nia e no oeste da [&hellip;]\" \/>\n<meta property=\"og:url\" content=\"https:\/\/radioportoseguro.com.br\/site\/2026\/03\/19\/a-guerra-no-ira-e-a-profecia-de-jeremias\/\" \/>\n<meta property=\"og:site_name\" content=\"R\u00e1dio Porto Seguro\" \/>\n<meta property=\"article:published_time\" content=\"2026-03-19T19:54:02+00:00\" \/>\n<meta property=\"og:image\" content=\"https:\/\/media.guiame.com.br\/archives\/2026\/03\/18\/1277026502-profecia-jeremias.png\" \/>\n<meta name=\"author\" content=\"admin\" \/>\n<meta name=\"twitter:card\" content=\"summary_large_image\" \/>\n<meta name=\"twitter:label1\" content=\"Escrito por\" \/>\n\t<meta name=\"twitter:data1\" content=\"admin\" \/>\n\t<meta name=\"twitter:label2\" content=\"Est. tempo de leitura\" \/>\n\t<meta name=\"twitter:data2\" content=\"8 minutos\" \/>\n<script type=\"application\/ld+json\" class=\"yoast-schema-graph\">{\"@context\":\"https:\/\/schema.org\",\"@graph\":[{\"@type\":\"Article\",\"@id\":\"https:\/\/radioportoseguro.com.br\/site\/2026\/03\/19\/a-guerra-no-ira-e-a-profecia-de-jeremias\/#article\",\"isPartOf\":{\"@id\":\"https:\/\/radioportoseguro.com.br\/site\/2026\/03\/19\/a-guerra-no-ira-e-a-profecia-de-jeremias\/\"},\"author\":{\"name\":\"admin\",\"@id\":\"https:\/\/radioportoseguro.com.br\/site\/#\/schema\/person\/7630acdc320186f13639d3c067ec089b\"},\"headline\":\"A guerra no Ir\u00e3 e a profecia de Jeremias\",\"datePublished\":\"2026-03-19T19:54:02+00:00\",\"mainEntityOfPage\":{\"@id\":\"https:\/\/radioportoseguro.com.br\/site\/2026\/03\/19\/a-guerra-no-ira-e-a-profecia-de-jeremias\/\"},\"wordCount\":1628,\"image\":{\"@id\":\"https:\/\/radioportoseguro.com.br\/site\/2026\/03\/19\/a-guerra-no-ira-e-a-profecia-de-jeremias\/#primaryimage\"},\"thumbnailUrl\":\"https:\/\/radioportoseguro.com.br\/site\/wp-content\/uploads\/2026\/03\/1277026502-profecia-jeremias.png\",\"articleSection\":[\"Destaques\"],\"inLanguage\":\"pt-BR\"},{\"@type\":\"WebPage\",\"@id\":\"https:\/\/radioportoseguro.com.br\/site\/2026\/03\/19\/a-guerra-no-ira-e-a-profecia-de-jeremias\/\",\"url\":\"https:\/\/radioportoseguro.com.br\/site\/2026\/03\/19\/a-guerra-no-ira-e-a-profecia-de-jeremias\/\",\"name\":\"A guerra no Ir\u00e3 e a profecia de Jeremias - R\u00e1dio Porto Seguro\",\"isPartOf\":{\"@id\":\"https:\/\/radioportoseguro.com.br\/site\/#website\"},\"primaryImageOfPage\":{\"@id\":\"https:\/\/radioportoseguro.com.br\/site\/2026\/03\/19\/a-guerra-no-ira-e-a-profecia-de-jeremias\/#primaryimage\"},\"image\":{\"@id\":\"https:\/\/radioportoseguro.com.br\/site\/2026\/03\/19\/a-guerra-no-ira-e-a-profecia-de-jeremias\/#primaryimage\"},\"thumbnailUrl\":\"https:\/\/radioportoseguro.com.br\/site\/wp-content\/uploads\/2026\/03\/1277026502-profecia-jeremias.png\",\"datePublished\":\"2026-03-19T19:54:02+00:00\",\"author\":{\"@id\":\"https:\/\/radioportoseguro.com.br\/site\/#\/schema\/person\/7630acdc320186f13639d3c067ec089b\"},\"breadcrumb\":{\"@id\":\"https:\/\/radioportoseguro.com.br\/site\/2026\/03\/19\/a-guerra-no-ira-e-a-profecia-de-jeremias\/#breadcrumb\"},\"inLanguage\":\"pt-BR\",\"potentialAction\":[{\"@type\":\"ReadAction\",\"target\":[\"https:\/\/radioportoseguro.com.br\/site\/2026\/03\/19\/a-guerra-no-ira-e-a-profecia-de-jeremias\/\"]}]},{\"@type\":\"ImageObject\",\"inLanguage\":\"pt-BR\",\"@id\":\"https:\/\/radioportoseguro.com.br\/site\/2026\/03\/19\/a-guerra-no-ira-e-a-profecia-de-jeremias\/#primaryimage\",\"url\":\"https:\/\/radioportoseguro.com.br\/site\/wp-content\/uploads\/2026\/03\/1277026502-profecia-jeremias.png\",\"contentUrl\":\"https:\/\/radioportoseguro.com.br\/site\/wp-content\/uploads\/2026\/03\/1277026502-profecia-jeremias.png\",\"width\":1200,\"height\":600},{\"@type\":\"BreadcrumbList\",\"@id\":\"https:\/\/radioportoseguro.com.br\/site\/2026\/03\/19\/a-guerra-no-ira-e-a-profecia-de-jeremias\/#breadcrumb\",\"itemListElement\":[{\"@type\":\"ListItem\",\"position\":1,\"name\":\"In\u00edcio\",\"item\":\"https:\/\/radioportoseguro.com.br\/site\/\"},{\"@type\":\"ListItem\",\"position\":2,\"name\":\"A guerra no Ir\u00e3 e a profecia de Jeremias\"}]},{\"@type\":\"WebSite\",\"@id\":\"https:\/\/radioportoseguro.com.br\/site\/#website\",\"url\":\"https:\/\/radioportoseguro.com.br\/site\/\",\"name\":\"R\u00e1dio Porto Seguro\",\"description\":\"\",\"potentialAction\":[{\"@type\":\"SearchAction\",\"target\":{\"@type\":\"EntryPoint\",\"urlTemplate\":\"https:\/\/radioportoseguro.com.br\/site\/?s={search_term_string}\"},\"query-input\":{\"@type\":\"PropertyValueSpecification\",\"valueRequired\":true,\"valueName\":\"search_term_string\"}}],\"inLanguage\":\"pt-BR\"},{\"@type\":\"Person\",\"@id\":\"https:\/\/radioportoseguro.com.br\/site\/#\/schema\/person\/7630acdc320186f13639d3c067ec089b\",\"name\":\"admin\",\"image\":{\"@type\":\"ImageObject\",\"inLanguage\":\"pt-BR\",\"@id\":\"https:\/\/radioportoseguro.com.br\/site\/#\/schema\/person\/image\/\",\"url\":\"https:\/\/secure.gravatar.com\/avatar\/caacf4dc1eedb68fab0df8e1ed46c448e578b2466351bbcb61e47d2ac0caaef0?s=96&d=mm&r=g\",\"contentUrl\":\"https:\/\/secure.gravatar.com\/avatar\/caacf4dc1eedb68fab0df8e1ed46c448e578b2466351bbcb61e47d2ac0caaef0?s=96&d=mm&r=g\",\"caption\":\"admin\"},\"sameAs\":[\"https:\/\/radioportoseguro.com.br\/site\"],\"url\":\"https:\/\/radioportoseguro.com.br\/site\/author\/hezio\/\"}]}<\/script>\n<!-- \/ Yoast SEO plugin. -->","yoast_head_json":{"title":"A guerra no Ir\u00e3 e a profecia de Jeremias - R\u00e1dio Porto Seguro","robots":{"index":"index","follow":"follow","max-snippet":"max-snippet:-1","max-image-preview":"max-image-preview:large","max-video-preview":"max-video-preview:-1"},"canonical":"https:\/\/radioportoseguro.com.br\/site\/2026\/03\/19\/a-guerra-no-ira-e-a-profecia-de-jeremias\/","og_locale":"pt_BR","og_type":"article","og_title":"A guerra no Ir\u00e3 e a profecia de Jeremias - R\u00e1dio Porto Seguro","og_description":"A atual guerra travada pela alian\u00e7a EUA-Israel contra o Ir\u00e3 reativou uma profecia bem conhecida entre os crist\u00e3os persas que veem seu cumprimento nessa gera\u00e7\u00e3o e no atual conflito. Em suas \u00faltimas profecias, Jeremias previu o ju\u00edzo de Deus sobre v\u00e1rias na\u00e7\u00f5es, dentre elas, El\u00e3o \u2014 localizada a leste da Babil\u00f4nia e no oeste da [&hellip;]","og_url":"https:\/\/radioportoseguro.com.br\/site\/2026\/03\/19\/a-guerra-no-ira-e-a-profecia-de-jeremias\/","og_site_name":"R\u00e1dio Porto Seguro","article_published_time":"2026-03-19T19:54:02+00:00","og_image":[{"url":"https:\/\/media.guiame.com.br\/archives\/2026\/03\/18\/1277026502-profecia-jeremias.png","type":"","width":"","height":""}],"author":"admin","twitter_card":"summary_large_image","twitter_misc":{"Escrito por":"admin","Est. tempo de leitura":"8 minutos"},"schema":{"@context":"https:\/\/schema.org","@graph":[{"@type":"Article","@id":"https:\/\/radioportoseguro.com.br\/site\/2026\/03\/19\/a-guerra-no-ira-e-a-profecia-de-jeremias\/#article","isPartOf":{"@id":"https:\/\/radioportoseguro.com.br\/site\/2026\/03\/19\/a-guerra-no-ira-e-a-profecia-de-jeremias\/"},"author":{"name":"admin","@id":"https:\/\/radioportoseguro.com.br\/site\/#\/schema\/person\/7630acdc320186f13639d3c067ec089b"},"headline":"A guerra no Ir\u00e3 e a profecia de Jeremias","datePublished":"2026-03-19T19:54:02+00:00","mainEntityOfPage":{"@id":"https:\/\/radioportoseguro.com.br\/site\/2026\/03\/19\/a-guerra-no-ira-e-a-profecia-de-jeremias\/"},"wordCount":1628,"image":{"@id":"https:\/\/radioportoseguro.com.br\/site\/2026\/03\/19\/a-guerra-no-ira-e-a-profecia-de-jeremias\/#primaryimage"},"thumbnailUrl":"https:\/\/radioportoseguro.com.br\/site\/wp-content\/uploads\/2026\/03\/1277026502-profecia-jeremias.png","articleSection":["Destaques"],"inLanguage":"pt-BR"},{"@type":"WebPage","@id":"https:\/\/radioportoseguro.com.br\/site\/2026\/03\/19\/a-guerra-no-ira-e-a-profecia-de-jeremias\/","url":"https:\/\/radioportoseguro.com.br\/site\/2026\/03\/19\/a-guerra-no-ira-e-a-profecia-de-jeremias\/","name":"A guerra no Ir\u00e3 e a profecia de Jeremias - R\u00e1dio Porto Seguro","isPartOf":{"@id":"https:\/\/radioportoseguro.com.br\/site\/#website"},"primaryImageOfPage":{"@id":"https:\/\/radioportoseguro.com.br\/site\/2026\/03\/19\/a-guerra-no-ira-e-a-profecia-de-jeremias\/#primaryimage"},"image":{"@id":"https:\/\/radioportoseguro.com.br\/site\/2026\/03\/19\/a-guerra-no-ira-e-a-profecia-de-jeremias\/#primaryimage"},"thumbnailUrl":"https:\/\/radioportoseguro.com.br\/site\/wp-content\/uploads\/2026\/03\/1277026502-profecia-jeremias.png","datePublished":"2026-03-19T19:54:02+00:00","author":{"@id":"https:\/\/radioportoseguro.com.br\/site\/#\/schema\/person\/7630acdc320186f13639d3c067ec089b"},"breadcrumb":{"@id":"https:\/\/radioportoseguro.com.br\/site\/2026\/03\/19\/a-guerra-no-ira-e-a-profecia-de-jeremias\/#breadcrumb"},"inLanguage":"pt-BR","potentialAction":[{"@type":"ReadAction","target":["https:\/\/radioportoseguro.com.br\/site\/2026\/03\/19\/a-guerra-no-ira-e-a-profecia-de-jeremias\/"]}]},{"@type":"ImageObject","inLanguage":"pt-BR","@id":"https:\/\/radioportoseguro.com.br\/site\/2026\/03\/19\/a-guerra-no-ira-e-a-profecia-de-jeremias\/#primaryimage","url":"https:\/\/radioportoseguro.com.br\/site\/wp-content\/uploads\/2026\/03\/1277026502-profecia-jeremias.png","contentUrl":"https:\/\/radioportoseguro.com.br\/site\/wp-content\/uploads\/2026\/03\/1277026502-profecia-jeremias.png","width":1200,"height":600},{"@type":"BreadcrumbList","@id":"https:\/\/radioportoseguro.com.br\/site\/2026\/03\/19\/a-guerra-no-ira-e-a-profecia-de-jeremias\/#breadcrumb","itemListElement":[{"@type":"ListItem","position":1,"name":"In\u00edcio","item":"https:\/\/radioportoseguro.com.br\/site\/"},{"@type":"ListItem","position":2,"name":"A guerra no Ir\u00e3 e a profecia de Jeremias"}]},{"@type":"WebSite","@id":"https:\/\/radioportoseguro.com.br\/site\/#website","url":"https:\/\/radioportoseguro.com.br\/site\/","name":"R\u00e1dio Porto Seguro","description":"","potentialAction":[{"@type":"SearchAction","target":{"@type":"EntryPoint","urlTemplate":"https:\/\/radioportoseguro.com.br\/site\/?s={search_term_string}"},"query-input":{"@type":"PropertyValueSpecification","valueRequired":true,"valueName":"search_term_string"}}],"inLanguage":"pt-BR"},{"@type":"Person","@id":"https:\/\/radioportoseguro.com.br\/site\/#\/schema\/person\/7630acdc320186f13639d3c067ec089b","name":"admin","image":{"@type":"ImageObject","inLanguage":"pt-BR","@id":"https:\/\/radioportoseguro.com.br\/site\/#\/schema\/person\/image\/","url":"https:\/\/secure.gravatar.com\/avatar\/caacf4dc1eedb68fab0df8e1ed46c448e578b2466351bbcb61e47d2ac0caaef0?s=96&d=mm&r=g","contentUrl":"https:\/\/secure.gravatar.com\/avatar\/caacf4dc1eedb68fab0df8e1ed46c448e578b2466351bbcb61e47d2ac0caaef0?s=96&d=mm&r=g","caption":"admin"},"sameAs":["https:\/\/radioportoseguro.com.br\/site"],"url":"https:\/\/radioportoseguro.com.br\/site\/author\/hezio\/"}]}},"_links":{"self":[{"href":"https:\/\/radioportoseguro.com.br\/site\/wp-json\/wp\/v2\/posts\/5199","targetHints":{"allow":["GET"]}}],"collection":[{"href":"https:\/\/radioportoseguro.com.br\/site\/wp-json\/wp\/v2\/posts"}],"about":[{"href":"https:\/\/radioportoseguro.com.br\/site\/wp-json\/wp\/v2\/types\/post"}],"author":[{"embeddable":true,"href":"https:\/\/radioportoseguro.com.br\/site\/wp-json\/wp\/v2\/users\/1"}],"replies":[{"embeddable":true,"href":"https:\/\/radioportoseguro.com.br\/site\/wp-json\/wp\/v2\/comments?post=5199"}],"version-history":[{"count":0,"href":"https:\/\/radioportoseguro.com.br\/site\/wp-json\/wp\/v2\/posts\/5199\/revisions"}],"wp:featuredmedia":[{"embeddable":true,"href":"https:\/\/radioportoseguro.com.br\/site\/wp-json\/wp\/v2\/media\/5200"}],"wp:attachment":[{"href":"https:\/\/radioportoseguro.com.br\/site\/wp-json\/wp\/v2\/media?parent=5199"}],"wp:term":[{"taxonomy":"category","embeddable":true,"href":"https:\/\/radioportoseguro.com.br\/site\/wp-json\/wp\/v2\/categories?post=5199"},{"taxonomy":"post_tag","embeddable":true,"href":"https:\/\/radioportoseguro.com.br\/site\/wp-json\/wp\/v2\/tags?post=5199"}],"curies":[{"name":"wp","href":"https:\/\/api.w.org\/{rel}","templated":true}]}}