{"id":5201,"date":"2026-03-19T18:55:54","date_gmt":"2026-03-19T21:55:54","guid":{"rendered":"https:\/\/radioportoseguro.com.br\/site\/2026\/03\/19\/james-m-houston-falece-aos-103-anos\/"},"modified":"2026-03-19T18:55:54","modified_gmt":"2026-03-19T21:55:54","slug":"james-m-houston-falece-aos-103-anos","status":"publish","type":"post","link":"https:\/\/radioportoseguro.com.br\/site\/2026\/03\/19\/james-m-houston-falece-aos-103-anos\/","title":{"rendered":"James M. Houston falece aos 103 anos"},"content":{"rendered":"<p><br \/>\n<br \/><\/p>\n<div>\n<p>Adoro celebrar uma vida bem vivida. James M. Houston partiu para junto do Senhor no dia 15 de mar\u00e7o, aos 103 anos. Ele influenciou uma gera\u00e7\u00e3o de crist\u00e3os por meio de seus escritos, palestras e da institui\u00e7\u00e3o que fundou: o Regent College.<\/p>\n<p>Tradicionalmente, os semin\u00e1rios formam futuros pastores e l\u00edderes de igreja, mas Houston queria reunir crist\u00e3os de tantas voca\u00e7\u00f5es para desenvolver uma vis\u00e3o cristoc\u00eantrica de toda a vida. Minha f\u00e9 se aprofundou e se ampliou ali. Sou profundamente grato pelos meus anos no Regent e pelo legado de f\u00e9 profunda que Jim transmitiu a estudantes de todo o mundo.<\/p>\n<p>Aqui est\u00e3o algumas das minhas cita\u00e7\u00f5es favoritas dele.<\/p>\n<p style=\"padding-left: 30px;\">\u201cA teologia nunca pode ser abstra\u00edda. A teologia tem de ser vivida.\u201d<\/p>\n<p style=\"padding-left: 30px;\">\u201cA forma\u00e7\u00e3o espiritual \u00e9 o mais lento de todos os movimentos humanos.\u201d<\/p>\n<p style=\"padding-left: 30px;\">\u201cOra\u00e7\u00e3o: Querido Deus, meu maior objetivo n\u00e3o \u00e9 apenas achar que Tu \u00e9s amig\u00e1vel, mas conhecer-Te e ser conhecido por Ti como Teu amigo.\u201d<\/p>\n<p>James Houston tamb\u00e9m foi um exemplo de envelhecimento com sabedoria e esperan\u00e7a. Quando a pandemia de Covid-19 se tornou especialmente preocupante na It\u00e1lia, em mar\u00e7o de 2020, fiquei surpreso ao receber um e-mail dele cheio de entusiasmo pelo seu pr\u00f3ximo projeto de livro.<\/p>\n<p style=\"padding-left: 30px;\">\u201cViver em um asilo secular, onde a maioria dos meus companheiros n\u00e3o tem qualquer interesse por Deus e pensa apenas na pr\u00f3xima refei\u00e7\u00e3o, me deu uma nova paix\u00e3o\u2026 Seria um privil\u00e9gio receber de voc\u00ea hist\u00f3rias de coragem de seus irm\u00e3os crist\u00e3os, sobre o que est\u00e1 acontecendo agora em Roma, para que possamos inclu\u00ed-las em nosso livro.\u201d<\/p>\n<p>Lembro-me de ter pensado: \u00e9 assim que quero ser aos 97 anos! <span style=\"color: #800000;\"><strong>Esta homenagem<\/strong><\/span>\u00a0a Christianity Today captura suas reflex\u00f5es sobre a vida e o envelhecimento saud\u00e1vel.<\/p>\n<p>Recomendo que voc\u00ea leia alguns dos livros de Houston e aprenda com sua admir\u00e1vel vis\u00e3o de vida. Ele escreveu livros sobre a busca humana pela felicidade, reflex\u00f5es comoventes sobre os Salmos e publicou uma s\u00e9rie de cartas edificantes escritas por crist\u00e3os ao longo da hist\u00f3ria.<\/p>\n<p>Ao ler seus escritos, voc\u00ea ser\u00e1 inspirado por seu esp\u00edrito caloroso e curioso. Aqui est\u00e1 uma cita\u00e7\u00e3o final que resume essa sua qualidade.<\/p>\n<p style=\"padding-left: 30px;\">\u201cDediquei minha vida \u00e0 orienta\u00e7\u00e3o, primeiro como professor em Oxford por vinte e cinco anos, lecionando em um ambiente secular, e depois por mais trinta anos no Regent College, entre estudantes de teologia. Tem sido uma vida enriquecedora, ao escolher deliberadamente ser um facilitador dos cora\u00e7\u00f5es e mentes dos outros\u2026 Aprendi a interpretar a batida na porta do meu escrit\u00f3rio, n\u00e3o como uma interrup\u00e7\u00e3o, mas como uma nova oportunidade de aprender mais sobre os mist\u00e9rios da nossa humanidade.\u201d<\/p>\n<p>\u00a0<\/p>\n<p><strong>Ren\u00e9 Breuel<\/strong>\u00a0\u00e9 um pastor brasileiro que mora em Roma, na It\u00e1lia. Autor das obras O Paradoxo da Felicidade e N\u00e3o \u00c9 f\u00e1cil Ser Pai, possui mestrado em Escrita Criativa pela Universidade de Oxford, no Reino Unido, e em Teologia pelo Regent College, no Canad\u00e1. \u00c9 casado com Sarah e pai de dois meninos, Pietro e Matteo.<\/p>\n<p><em>* O conte\u00fado do texto acima \u00e9 uma colabora\u00e7\u00e3o volunt\u00e1ria, de total responsabilidade do autor e n\u00e3o reflete necessariamente a opini\u00e3o do Portal Guiame.<\/em><\/p>\n<p>Leia o artigo anterior: <span style=\"color: #800000;\"><strong>Um Deus da jornada, n\u00e3o apenas do destino<\/strong><\/span><\/p>\n<\/div>\n<p><br \/>\n<br \/>Fonte: Guiame <\/p>\n","protected":false},"excerpt":{"rendered":"<p>Adoro celebrar uma vida bem vivida. James M. Houston partiu para junto do Senhor no dia 15 de mar\u00e7o, aos 103 anos. Ele influenciou uma gera\u00e7\u00e3o de crist\u00e3os por meio de seus escritos, palestras e da institui\u00e7\u00e3o que fundou: o Regent College. Tradicionalmente, os semin\u00e1rios formam futuros pastores e l\u00edderes de igreja, mas Houston queria [&hellip;]<\/p>\n","protected":false},"author":1,"featured_media":5202,"comment_status":"","ping_status":"open","sticky":false,"template":"","format":"standard","meta":{"footnotes":""},"categories":[43],"tags":[],"class_list":["post-5201","post","type-post","status-publish","format-standard","has-post-thumbnail","hentry","category-destaques"],"yoast_head":"<!-- This site is optimized with the Yoast SEO plugin v26.8 - https:\/\/yoast.com\/product\/yoast-seo-wordpress\/ -->\n<title>James M. Houston falece aos 103 anos - R\u00e1dio Porto Seguro<\/title>\n<meta name=\"robots\" content=\"index, follow, max-snippet:-1, max-image-preview:large, max-video-preview:-1\" \/>\n<link rel=\"canonical\" href=\"https:\/\/radioportoseguro.com.br\/site\/2026\/03\/19\/james-m-houston-falece-aos-103-anos\/\" \/>\n<meta property=\"og:locale\" content=\"pt_BR\" \/>\n<meta property=\"og:type\" content=\"article\" \/>\n<meta property=\"og:title\" content=\"James M. Houston falece aos 103 anos - R\u00e1dio Porto Seguro\" \/>\n<meta property=\"og:description\" content=\"Adoro celebrar uma vida bem vivida. James M. Houston partiu para junto do Senhor no dia 15 de mar\u00e7o, aos 103 anos. Ele influenciou uma gera\u00e7\u00e3o de crist\u00e3os por meio de seus escritos, palestras e da institui\u00e7\u00e3o que fundou: o Regent College. Tradicionalmente, os semin\u00e1rios formam futuros pastores e l\u00edderes de igreja, mas Houston queria [&hellip;]\" \/>\n<meta property=\"og:url\" content=\"https:\/\/radioportoseguro.com.br\/site\/2026\/03\/19\/james-m-houston-falece-aos-103-anos\/\" \/>\n<meta property=\"og:site_name\" content=\"R\u00e1dio Porto Seguro\" \/>\n<meta property=\"article:published_time\" content=\"2026-03-19T21:55:54+00:00\" \/>\n<meta property=\"og:image\" content=\"https:\/\/media.guiame.com.br\/archives\/2026\/03\/18\/2987585053-o-teologo-canadense-james-m-houston-foto-jimhoustonorg.png\" \/>\n<meta name=\"author\" content=\"admin\" \/>\n<meta name=\"twitter:card\" content=\"summary_large_image\" \/>\n<meta name=\"twitter:label1\" content=\"Escrito por\" \/>\n\t<meta name=\"twitter:data1\" content=\"admin\" \/>\n\t<meta name=\"twitter:label2\" content=\"Est. tempo de leitura\" \/>\n\t<meta name=\"twitter:data2\" content=\"3 minutos\" \/>\n<script type=\"application\/ld+json\" class=\"yoast-schema-graph\">{\"@context\":\"https:\/\/schema.org\",\"@graph\":[{\"@type\":\"Article\",\"@id\":\"https:\/\/radioportoseguro.com.br\/site\/2026\/03\/19\/james-m-houston-falece-aos-103-anos\/#article\",\"isPartOf\":{\"@id\":\"https:\/\/radioportoseguro.com.br\/site\/2026\/03\/19\/james-m-houston-falece-aos-103-anos\/\"},\"author\":{\"name\":\"admin\",\"@id\":\"https:\/\/radioportoseguro.com.br\/site\/#\/schema\/person\/7630acdc320186f13639d3c067ec089b\"},\"headline\":\"James M. Houston falece aos 103 anos\",\"datePublished\":\"2026-03-19T21:55:54+00:00\",\"mainEntityOfPage\":{\"@id\":\"https:\/\/radioportoseguro.com.br\/site\/2026\/03\/19\/james-m-houston-falece-aos-103-anos\/\"},\"wordCount\":574,\"image\":{\"@id\":\"https:\/\/radioportoseguro.com.br\/site\/2026\/03\/19\/james-m-houston-falece-aos-103-anos\/#primaryimage\"},\"thumbnailUrl\":\"https:\/\/radioportoseguro.com.br\/site\/wp-content\/uploads\/2026\/03\/2987585053-o-teologo-canadense-james-m-houston-foto-jimhoustonorg.png\",\"articleSection\":[\"Destaques\"],\"inLanguage\":\"pt-BR\"},{\"@type\":\"WebPage\",\"@id\":\"https:\/\/radioportoseguro.com.br\/site\/2026\/03\/19\/james-m-houston-falece-aos-103-anos\/\",\"url\":\"https:\/\/radioportoseguro.com.br\/site\/2026\/03\/19\/james-m-houston-falece-aos-103-anos\/\",\"name\":\"James M. Houston falece aos 103 anos - R\u00e1dio Porto Seguro\",\"isPartOf\":{\"@id\":\"https:\/\/radioportoseguro.com.br\/site\/#website\"},\"primaryImageOfPage\":{\"@id\":\"https:\/\/radioportoseguro.com.br\/site\/2026\/03\/19\/james-m-houston-falece-aos-103-anos\/#primaryimage\"},\"image\":{\"@id\":\"https:\/\/radioportoseguro.com.br\/site\/2026\/03\/19\/james-m-houston-falece-aos-103-anos\/#primaryimage\"},\"thumbnailUrl\":\"https:\/\/radioportoseguro.com.br\/site\/wp-content\/uploads\/2026\/03\/2987585053-o-teologo-canadense-james-m-houston-foto-jimhoustonorg.png\",\"datePublished\":\"2026-03-19T21:55:54+00:00\",\"author\":{\"@id\":\"https:\/\/radioportoseguro.com.br\/site\/#\/schema\/person\/7630acdc320186f13639d3c067ec089b\"},\"breadcrumb\":{\"@id\":\"https:\/\/radioportoseguro.com.br\/site\/2026\/03\/19\/james-m-houston-falece-aos-103-anos\/#breadcrumb\"},\"inLanguage\":\"pt-BR\",\"potentialAction\":[{\"@type\":\"ReadAction\",\"target\":[\"https:\/\/radioportoseguro.com.br\/site\/2026\/03\/19\/james-m-houston-falece-aos-103-anos\/\"]}]},{\"@type\":\"ImageObject\",\"inLanguage\":\"pt-BR\",\"@id\":\"https:\/\/radioportoseguro.com.br\/site\/2026\/03\/19\/james-m-houston-falece-aos-103-anos\/#primaryimage\",\"url\":\"https:\/\/radioportoseguro.com.br\/site\/wp-content\/uploads\/2026\/03\/2987585053-o-teologo-canadense-james-m-houston-foto-jimhoustonorg.png\",\"contentUrl\":\"https:\/\/radioportoseguro.com.br\/site\/wp-content\/uploads\/2026\/03\/2987585053-o-teologo-canadense-james-m-houston-foto-jimhoustonorg.png\",\"width\":1200,\"height\":600},{\"@type\":\"BreadcrumbList\",\"@id\":\"https:\/\/radioportoseguro.com.br\/site\/2026\/03\/19\/james-m-houston-falece-aos-103-anos\/#breadcrumb\",\"itemListElement\":[{\"@type\":\"ListItem\",\"position\":1,\"name\":\"In\u00edcio\",\"item\":\"https:\/\/radioportoseguro.com.br\/site\/\"},{\"@type\":\"ListItem\",\"position\":2,\"name\":\"James M. Houston falece aos 103 anos\"}]},{\"@type\":\"WebSite\",\"@id\":\"https:\/\/radioportoseguro.com.br\/site\/#website\",\"url\":\"https:\/\/radioportoseguro.com.br\/site\/\",\"name\":\"R\u00e1dio Porto Seguro\",\"description\":\"\",\"potentialAction\":[{\"@type\":\"SearchAction\",\"target\":{\"@type\":\"EntryPoint\",\"urlTemplate\":\"https:\/\/radioportoseguro.com.br\/site\/?s={search_term_string}\"},\"query-input\":{\"@type\":\"PropertyValueSpecification\",\"valueRequired\":true,\"valueName\":\"search_term_string\"}}],\"inLanguage\":\"pt-BR\"},{\"@type\":\"Person\",\"@id\":\"https:\/\/radioportoseguro.com.br\/site\/#\/schema\/person\/7630acdc320186f13639d3c067ec089b\",\"name\":\"admin\",\"image\":{\"@type\":\"ImageObject\",\"inLanguage\":\"pt-BR\",\"@id\":\"https:\/\/radioportoseguro.com.br\/site\/#\/schema\/person\/image\/\",\"url\":\"https:\/\/secure.gravatar.com\/avatar\/caacf4dc1eedb68fab0df8e1ed46c448e578b2466351bbcb61e47d2ac0caaef0?s=96&d=mm&r=g\",\"contentUrl\":\"https:\/\/secure.gravatar.com\/avatar\/caacf4dc1eedb68fab0df8e1ed46c448e578b2466351bbcb61e47d2ac0caaef0?s=96&d=mm&r=g\",\"caption\":\"admin\"},\"sameAs\":[\"https:\/\/radioportoseguro.com.br\/site\"],\"url\":\"https:\/\/radioportoseguro.com.br\/site\/author\/hezio\/\"}]}<\/script>\n<!-- \/ Yoast SEO plugin. -->","yoast_head_json":{"title":"James M. Houston falece aos 103 anos - R\u00e1dio Porto Seguro","robots":{"index":"index","follow":"follow","max-snippet":"max-snippet:-1","max-image-preview":"max-image-preview:large","max-video-preview":"max-video-preview:-1"},"canonical":"https:\/\/radioportoseguro.com.br\/site\/2026\/03\/19\/james-m-houston-falece-aos-103-anos\/","og_locale":"pt_BR","og_type":"article","og_title":"James M. Houston falece aos 103 anos - R\u00e1dio Porto Seguro","og_description":"Adoro celebrar uma vida bem vivida. James M. Houston partiu para junto do Senhor no dia 15 de mar\u00e7o, aos 103 anos. Ele influenciou uma gera\u00e7\u00e3o de crist\u00e3os por meio de seus escritos, palestras e da institui\u00e7\u00e3o que fundou: o Regent College. Tradicionalmente, os semin\u00e1rios formam futuros pastores e l\u00edderes de igreja, mas Houston queria [&hellip;]","og_url":"https:\/\/radioportoseguro.com.br\/site\/2026\/03\/19\/james-m-houston-falece-aos-103-anos\/","og_site_name":"R\u00e1dio Porto Seguro","article_published_time":"2026-03-19T21:55:54+00:00","og_image":[{"url":"https:\/\/media.guiame.com.br\/archives\/2026\/03\/18\/2987585053-o-teologo-canadense-james-m-houston-foto-jimhoustonorg.png","type":"","width":"","height":""}],"author":"admin","twitter_card":"summary_large_image","twitter_misc":{"Escrito por":"admin","Est. tempo de leitura":"3 minutos"},"schema":{"@context":"https:\/\/schema.org","@graph":[{"@type":"Article","@id":"https:\/\/radioportoseguro.com.br\/site\/2026\/03\/19\/james-m-houston-falece-aos-103-anos\/#article","isPartOf":{"@id":"https:\/\/radioportoseguro.com.br\/site\/2026\/03\/19\/james-m-houston-falece-aos-103-anos\/"},"author":{"name":"admin","@id":"https:\/\/radioportoseguro.com.br\/site\/#\/schema\/person\/7630acdc320186f13639d3c067ec089b"},"headline":"James M. Houston falece aos 103 anos","datePublished":"2026-03-19T21:55:54+00:00","mainEntityOfPage":{"@id":"https:\/\/radioportoseguro.com.br\/site\/2026\/03\/19\/james-m-houston-falece-aos-103-anos\/"},"wordCount":574,"image":{"@id":"https:\/\/radioportoseguro.com.br\/site\/2026\/03\/19\/james-m-houston-falece-aos-103-anos\/#primaryimage"},"thumbnailUrl":"https:\/\/radioportoseguro.com.br\/site\/wp-content\/uploads\/2026\/03\/2987585053-o-teologo-canadense-james-m-houston-foto-jimhoustonorg.png","articleSection":["Destaques"],"inLanguage":"pt-BR"},{"@type":"WebPage","@id":"https:\/\/radioportoseguro.com.br\/site\/2026\/03\/19\/james-m-houston-falece-aos-103-anos\/","url":"https:\/\/radioportoseguro.com.br\/site\/2026\/03\/19\/james-m-houston-falece-aos-103-anos\/","name":"James M. Houston falece aos 103 anos - R\u00e1dio Porto Seguro","isPartOf":{"@id":"https:\/\/radioportoseguro.com.br\/site\/#website"},"primaryImageOfPage":{"@id":"https:\/\/radioportoseguro.com.br\/site\/2026\/03\/19\/james-m-houston-falece-aos-103-anos\/#primaryimage"},"image":{"@id":"https:\/\/radioportoseguro.com.br\/site\/2026\/03\/19\/james-m-houston-falece-aos-103-anos\/#primaryimage"},"thumbnailUrl":"https:\/\/radioportoseguro.com.br\/site\/wp-content\/uploads\/2026\/03\/2987585053-o-teologo-canadense-james-m-houston-foto-jimhoustonorg.png","datePublished":"2026-03-19T21:55:54+00:00","author":{"@id":"https:\/\/radioportoseguro.com.br\/site\/#\/schema\/person\/7630acdc320186f13639d3c067ec089b"},"breadcrumb":{"@id":"https:\/\/radioportoseguro.com.br\/site\/2026\/03\/19\/james-m-houston-falece-aos-103-anos\/#breadcrumb"},"inLanguage":"pt-BR","potentialAction":[{"@type":"ReadAction","target":["https:\/\/radioportoseguro.com.br\/site\/2026\/03\/19\/james-m-houston-falece-aos-103-anos\/"]}]},{"@type":"ImageObject","inLanguage":"pt-BR","@id":"https:\/\/radioportoseguro.com.br\/site\/2026\/03\/19\/james-m-houston-falece-aos-103-anos\/#primaryimage","url":"https:\/\/radioportoseguro.com.br\/site\/wp-content\/uploads\/2026\/03\/2987585053-o-teologo-canadense-james-m-houston-foto-jimhoustonorg.png","contentUrl":"https:\/\/radioportoseguro.com.br\/site\/wp-content\/uploads\/2026\/03\/2987585053-o-teologo-canadense-james-m-houston-foto-jimhoustonorg.png","width":1200,"height":600},{"@type":"BreadcrumbList","@id":"https:\/\/radioportoseguro.com.br\/site\/2026\/03\/19\/james-m-houston-falece-aos-103-anos\/#breadcrumb","itemListElement":[{"@type":"ListItem","position":1,"name":"In\u00edcio","item":"https:\/\/radioportoseguro.com.br\/site\/"},{"@type":"ListItem","position":2,"name":"James M. Houston falece aos 103 anos"}]},{"@type":"WebSite","@id":"https:\/\/radioportoseguro.com.br\/site\/#website","url":"https:\/\/radioportoseguro.com.br\/site\/","name":"R\u00e1dio Porto Seguro","description":"","potentialAction":[{"@type":"SearchAction","target":{"@type":"EntryPoint","urlTemplate":"https:\/\/radioportoseguro.com.br\/site\/?s={search_term_string}"},"query-input":{"@type":"PropertyValueSpecification","valueRequired":true,"valueName":"search_term_string"}}],"inLanguage":"pt-BR"},{"@type":"Person","@id":"https:\/\/radioportoseguro.com.br\/site\/#\/schema\/person\/7630acdc320186f13639d3c067ec089b","name":"admin","image":{"@type":"ImageObject","inLanguage":"pt-BR","@id":"https:\/\/radioportoseguro.com.br\/site\/#\/schema\/person\/image\/","url":"https:\/\/secure.gravatar.com\/avatar\/caacf4dc1eedb68fab0df8e1ed46c448e578b2466351bbcb61e47d2ac0caaef0?s=96&d=mm&r=g","contentUrl":"https:\/\/secure.gravatar.com\/avatar\/caacf4dc1eedb68fab0df8e1ed46c448e578b2466351bbcb61e47d2ac0caaef0?s=96&d=mm&r=g","caption":"admin"},"sameAs":["https:\/\/radioportoseguro.com.br\/site"],"url":"https:\/\/radioportoseguro.com.br\/site\/author\/hezio\/"}]}},"_links":{"self":[{"href":"https:\/\/radioportoseguro.com.br\/site\/wp-json\/wp\/v2\/posts\/5201","targetHints":{"allow":["GET"]}}],"collection":[{"href":"https:\/\/radioportoseguro.com.br\/site\/wp-json\/wp\/v2\/posts"}],"about":[{"href":"https:\/\/radioportoseguro.com.br\/site\/wp-json\/wp\/v2\/types\/post"}],"author":[{"embeddable":true,"href":"https:\/\/radioportoseguro.com.br\/site\/wp-json\/wp\/v2\/users\/1"}],"replies":[{"embeddable":true,"href":"https:\/\/radioportoseguro.com.br\/site\/wp-json\/wp\/v2\/comments?post=5201"}],"version-history":[{"count":0,"href":"https:\/\/radioportoseguro.com.br\/site\/wp-json\/wp\/v2\/posts\/5201\/revisions"}],"wp:featuredmedia":[{"embeddable":true,"href":"https:\/\/radioportoseguro.com.br\/site\/wp-json\/wp\/v2\/media\/5202"}],"wp:attachment":[{"href":"https:\/\/radioportoseguro.com.br\/site\/wp-json\/wp\/v2\/media?parent=5201"}],"wp:term":[{"taxonomy":"category","embeddable":true,"href":"https:\/\/radioportoseguro.com.br\/site\/wp-json\/wp\/v2\/categories?post=5201"},{"taxonomy":"post_tag","embeddable":true,"href":"https:\/\/radioportoseguro.com.br\/site\/wp-json\/wp\/v2\/tags?post=5201"}],"curies":[{"name":"wp","href":"https:\/\/api.w.org\/{rel}","templated":true}]}}