{"id":5204,"date":"2026-03-19T20:58:05","date_gmt":"2026-03-19T23:58:05","guid":{"rendered":"https:\/\/radioportoseguro.com.br\/site\/2026\/03\/19\/eua-fim-de-exigencia-de-ideologia-de-genero-na-adocao-amplia-acesso-a-cristaos\/"},"modified":"2026-03-19T20:58:05","modified_gmt":"2026-03-19T23:58:05","slug":"eua-fim-de-exigencia-de-ideologia-de-genero-na-adocao-amplia-acesso-a-cristaos","status":"publish","type":"post","link":"https:\/\/radioportoseguro.com.br\/site\/2026\/03\/19\/eua-fim-de-exigencia-de-ideologia-de-genero-na-adocao-amplia-acesso-a-cristaos\/","title":{"rendered":"EUA: Fim de exig\u00eancia de \u2018ideologia de g\u00eanero\u2019 na ado\u00e7\u00e3o amplia acesso a crist\u00e3os"},"content":{"rendered":"<p><br \/>\n<br \/><\/p>\n<div>\n<p>O governo Trump anulou uma regra criada no governo Biden que exigia que pais adotivos em potencial apoiassem a <span style=\"color: #800000;\"><strong>transi\u00e7\u00e3o de g\u00eanero<\/strong><\/span> ou a identidade LGBT de seus futuros filhos.<\/p>\n<p>O Di\u00e1rio Oficial Federal publicou um Aviso de Proposta de Regulamenta\u00e7\u00e3o com o objetivo de revogar oficialmente a norma de 2022 intitulada \u201cRequisitos de Coloca\u00e7\u00e3o Designada nos termos dos T\u00edtulos IV\u2011E e IV\u2011B para Crian\u00e7as LGBTQI+\u201d.<\/p>\n<p>Comentando o assunto, <span style=\"color: #800000;\"><strong>Franklin Graham<\/strong><\/span>, presidente da Associa\u00e7\u00e3o Evangel\u00edstica Billy Graham, declarou:<\/p>\n<p>\u201cEssa regra da administra\u00e7\u00e3o Biden havia desqualificado muitos crist\u00e3os amorosos de serem pais adotivos e contribu\u00eddo para a grave escassez de lares adotivos em nosso pa\u00eds\u201d.<\/p>\n<blockquote class=\"twitter-tweet\"><p>&#13;<\/p>\n<p dir=\"ltr\" lang=\"en\">Thank you President Trump for helping families of faith to be able to foster children again! President Trump just did away with a Biden-era rule that required foster parents to prove they would support a gender transition or the LGBTQ identity of foster children. This Biden\u2026<\/p>\n<p>&#13;<br \/>\n\u2014 Franklin Graham (@Franklin_Graham) <a href=\"https:\/\/twitter.com\/Franklin_Graham\/status\/2033578415832371333?ref_src=twsrc%5Etfw\">March 16, 2026<\/a><\/p><\/blockquote>\n<p>Para ele, a nova determina\u00e7\u00e3o federal significa \u201cuma grande vit\u00f3ria para as crian\u00e7as necessitadas\u201d.<\/p>\n<p><strong>Sem financiamento federal<\/strong><\/p>\n<p>Em uma carta de advert\u00eancia enviada aos 50 estados, o governo federal informou que estados que recebem financiamento federal para assist\u00eancia \u00e0 inf\u00e2ncia n\u00e3o podem retirar crian\u00e7as de lares adotivos sem \u201cevid\u00eancias objetivas de dano ou risco iminente\u201d.<\/p>\n<p>Segundo a norma proposta, busca \u201cgarantir clareza para o p\u00fablico e as entidades reguladas\u201d ao revogar os requisitos, uma vez que isso \u201celiminar\u00e1 qualquer incerteza\u201d.<\/p>\n<p>Alex Adams, secret\u00e1rio-adjunto da Administra\u00e7\u00e3o para Crian\u00e7as e Fam\u00edlias (ACF), comentou a mudan\u00e7a em entrevista \u00e0 Fox News Digital.<\/p>\n<p>\u201cExistem 57 lares para cada 100 crian\u00e7as que entram no sistema\u201d, disse Adams. \u201cPodemos fazer melhor, e devemos fazer melhor, e devemos fazer mais para enviar uma mensagem acolhedora de que o tapete vermelho ser\u00e1 estendido a todas as fam\u00edlias dispostas a dar um passo \u00e0 frente e acolher uma crian\u00e7a em sua casa, abrindo seus cora\u00e7\u00f5es e suas casas para essas crian\u00e7as.\u201d\u00a0<\/p>\n<p>De acordo com o comunicado, a norma revogada \u201cexcedia a autoridade legal do Departamento de Sa\u00fade e Servi\u00e7os Humanos e estava em desacordo com o texto do T\u00edtulo IV\u2011E\u201d.<\/p>\n<p><strong>Fam\u00edlias de acolhimento<\/strong><\/p>\n<p>Adams afirmou que o n\u00famero de fam\u00edlias de acolhimento nos EUA caiu de forma acentuada, registrando uma redu\u00e7\u00e3o recorde em rela\u00e7\u00e3o ao ano anterior, e que a regra acabou excluindo muitos pais religiosos do sistema.<\/p>\n<p>\u201cAs fam\u00edlias com maior probabilidade de se voluntariarem para acolher crian\u00e7as s\u00e3o aquelas que t\u00eam convic\u00e7\u00f5es religiosas sinceras\u201d, disse Adams.<\/p>\n<p>\u201cPortanto, a mensagem que voc\u00eas transmitem \u00e9 muito importante. A mensagem que estamos tentando transmitir \u00e9 que vamos receber a todos de bra\u00e7os abertos. Precisamos de mais lares de acolhimento.\u201d<\/p>\n<p>A medida foi adotada ap\u00f3s uma ordem executiva de Trump, emitida em novembro, que deu ao Departamento de Sa\u00fade e Servi\u00e7os Humanos 180 dias para modernizar o sistema de acolhimento familiar e ampliar parcerias com cidad\u00e3os religiosos.<\/p>\n<p>Em declara\u00e7\u00e3o anterior, Adams e a ACF informaram aos estados que suspenderiam quaisquer a\u00e7\u00f5es estaduais que classificassem como abuso ou neglig\u00eancia as decis\u00f5es de pais adotivos de tratar crian\u00e7as de acordo com seu sexo biol\u00f3gico.<\/p>\n<p>\u201cBasicamente, estamos alertando os estados de que, se violarem nossa interpreta\u00e7\u00e3o de abuso ou neglig\u00eancia, tomaremos as medidas cab\u00edveis, que podem incluir a suspens\u00e3o dos fundos do CAPTA\u201d, explicou Adams.\u00a0<\/p>\n<p>\u00a0<\/p>\n<\/div>\n<p><script async src=\"\/\/platform.twitter.com\/widgets.js\" charset=\"utf-8\"><\/script><br \/>\n<br \/><br \/>\n<br \/>Fonte: Guiame <\/p>\n","protected":false},"excerpt":{"rendered":"<p>O governo Trump anulou uma regra criada no governo Biden que exigia que pais adotivos em potencial apoiassem a transi\u00e7\u00e3o de g\u00eanero ou a identidade LGBT de seus futuros filhos. O Di\u00e1rio Oficial Federal publicou um Aviso de Proposta de Regulamenta\u00e7\u00e3o com o objetivo de revogar oficialmente a norma de 2022 intitulada \u201cRequisitos de Coloca\u00e7\u00e3o [&hellip;]<\/p>\n","protected":false},"author":1,"featured_media":5205,"comment_status":"","ping_status":"open","sticky":false,"template":"","format":"standard","meta":{"footnotes":""},"categories":[43],"tags":[],"class_list":["post-5204","post","type-post","status-publish","format-standard","has-post-thumbnail","hentry","category-destaques"],"yoast_head":"<!-- This site is optimized with the Yoast SEO plugin v26.8 - https:\/\/yoast.com\/product\/yoast-seo-wordpress\/ -->\n<title>EUA: Fim de exig\u00eancia de \u2018ideologia de g\u00eanero\u2019 na ado\u00e7\u00e3o amplia acesso a crist\u00e3os - R\u00e1dio Porto Seguro<\/title>\n<meta name=\"robots\" content=\"index, follow, max-snippet:-1, max-image-preview:large, max-video-preview:-1\" \/>\n<link rel=\"canonical\" href=\"https:\/\/radioportoseguro.com.br\/site\/2026\/03\/19\/eua-fim-de-exigencia-de-ideologia-de-genero-na-adocao-amplia-acesso-a-cristaos\/\" \/>\n<meta property=\"og:locale\" content=\"pt_BR\" \/>\n<meta property=\"og:type\" content=\"article\" \/>\n<meta property=\"og:title\" content=\"EUA: Fim de exig\u00eancia de \u2018ideologia de g\u00eanero\u2019 na ado\u00e7\u00e3o amplia acesso a crist\u00e3os - R\u00e1dio Porto Seguro\" \/>\n<meta property=\"og:description\" content=\"O governo Trump anulou uma regra criada no governo Biden que exigia que pais adotivos em potencial apoiassem a transi\u00e7\u00e3o de g\u00eanero ou a identidade LGBT de seus futuros filhos. O Di\u00e1rio Oficial Federal publicou um Aviso de Proposta de Regulamenta\u00e7\u00e3o com o objetivo de revogar oficialmente a norma de 2022 intitulada \u201cRequisitos de Coloca\u00e7\u00e3o [&hellip;]\" \/>\n<meta property=\"og:url\" content=\"https:\/\/radioportoseguro.com.br\/site\/2026\/03\/19\/eua-fim-de-exigencia-de-ideologia-de-genero-na-adocao-amplia-acesso-a-cristaos\/\" \/>\n<meta property=\"og:site_name\" content=\"R\u00e1dio Porto Seguro\" \/>\n<meta property=\"article:published_time\" content=\"2026-03-19T23:58:05+00:00\" \/>\n<meta property=\"og:image\" content=\"https:\/\/media.guiame.com.br\/archives\/2026\/03\/18\/3920821383-adocao.png\" \/>\n<meta name=\"author\" content=\"admin\" \/>\n<meta name=\"twitter:card\" content=\"summary_large_image\" \/>\n<meta name=\"twitter:label1\" content=\"Escrito por\" \/>\n\t<meta name=\"twitter:data1\" content=\"admin\" \/>\n\t<meta name=\"twitter:label2\" content=\"Est. tempo de leitura\" \/>\n\t<meta name=\"twitter:data2\" content=\"3 minutos\" \/>\n<script type=\"application\/ld+json\" class=\"yoast-schema-graph\">{\"@context\":\"https:\/\/schema.org\",\"@graph\":[{\"@type\":\"Article\",\"@id\":\"https:\/\/radioportoseguro.com.br\/site\/2026\/03\/19\/eua-fim-de-exigencia-de-ideologia-de-genero-na-adocao-amplia-acesso-a-cristaos\/#article\",\"isPartOf\":{\"@id\":\"https:\/\/radioportoseguro.com.br\/site\/2026\/03\/19\/eua-fim-de-exigencia-de-ideologia-de-genero-na-adocao-amplia-acesso-a-cristaos\/\"},\"author\":{\"name\":\"admin\",\"@id\":\"https:\/\/radioportoseguro.com.br\/site\/#\/schema\/person\/7630acdc320186f13639d3c067ec089b\"},\"headline\":\"EUA: Fim de exig\u00eancia de \u2018ideologia de g\u00eanero\u2019 na ado\u00e7\u00e3o amplia acesso a crist\u00e3os\",\"datePublished\":\"2026-03-19T23:58:05+00:00\",\"mainEntityOfPage\":{\"@id\":\"https:\/\/radioportoseguro.com.br\/site\/2026\/03\/19\/eua-fim-de-exigencia-de-ideologia-de-genero-na-adocao-amplia-acesso-a-cristaos\/\"},\"wordCount\":613,\"image\":{\"@id\":\"https:\/\/radioportoseguro.com.br\/site\/2026\/03\/19\/eua-fim-de-exigencia-de-ideologia-de-genero-na-adocao-amplia-acesso-a-cristaos\/#primaryimage\"},\"thumbnailUrl\":\"https:\/\/radioportoseguro.com.br\/site\/wp-content\/uploads\/2026\/03\/3920821383-adocao.png\",\"articleSection\":[\"Destaques\"],\"inLanguage\":\"pt-BR\"},{\"@type\":\"WebPage\",\"@id\":\"https:\/\/radioportoseguro.com.br\/site\/2026\/03\/19\/eua-fim-de-exigencia-de-ideologia-de-genero-na-adocao-amplia-acesso-a-cristaos\/\",\"url\":\"https:\/\/radioportoseguro.com.br\/site\/2026\/03\/19\/eua-fim-de-exigencia-de-ideologia-de-genero-na-adocao-amplia-acesso-a-cristaos\/\",\"name\":\"EUA: Fim de exig\u00eancia de \u2018ideologia de g\u00eanero\u2019 na ado\u00e7\u00e3o amplia acesso a crist\u00e3os - R\u00e1dio Porto Seguro\",\"isPartOf\":{\"@id\":\"https:\/\/radioportoseguro.com.br\/site\/#website\"},\"primaryImageOfPage\":{\"@id\":\"https:\/\/radioportoseguro.com.br\/site\/2026\/03\/19\/eua-fim-de-exigencia-de-ideologia-de-genero-na-adocao-amplia-acesso-a-cristaos\/#primaryimage\"},\"image\":{\"@id\":\"https:\/\/radioportoseguro.com.br\/site\/2026\/03\/19\/eua-fim-de-exigencia-de-ideologia-de-genero-na-adocao-amplia-acesso-a-cristaos\/#primaryimage\"},\"thumbnailUrl\":\"https:\/\/radioportoseguro.com.br\/site\/wp-content\/uploads\/2026\/03\/3920821383-adocao.png\",\"datePublished\":\"2026-03-19T23:58:05+00:00\",\"author\":{\"@id\":\"https:\/\/radioportoseguro.com.br\/site\/#\/schema\/person\/7630acdc320186f13639d3c067ec089b\"},\"breadcrumb\":{\"@id\":\"https:\/\/radioportoseguro.com.br\/site\/2026\/03\/19\/eua-fim-de-exigencia-de-ideologia-de-genero-na-adocao-amplia-acesso-a-cristaos\/#breadcrumb\"},\"inLanguage\":\"pt-BR\",\"potentialAction\":[{\"@type\":\"ReadAction\",\"target\":[\"https:\/\/radioportoseguro.com.br\/site\/2026\/03\/19\/eua-fim-de-exigencia-de-ideologia-de-genero-na-adocao-amplia-acesso-a-cristaos\/\"]}]},{\"@type\":\"ImageObject\",\"inLanguage\":\"pt-BR\",\"@id\":\"https:\/\/radioportoseguro.com.br\/site\/2026\/03\/19\/eua-fim-de-exigencia-de-ideologia-de-genero-na-adocao-amplia-acesso-a-cristaos\/#primaryimage\",\"url\":\"https:\/\/radioportoseguro.com.br\/site\/wp-content\/uploads\/2026\/03\/3920821383-adocao.png\",\"contentUrl\":\"https:\/\/radioportoseguro.com.br\/site\/wp-content\/uploads\/2026\/03\/3920821383-adocao.png\",\"width\":1200,\"height\":600},{\"@type\":\"BreadcrumbList\",\"@id\":\"https:\/\/radioportoseguro.com.br\/site\/2026\/03\/19\/eua-fim-de-exigencia-de-ideologia-de-genero-na-adocao-amplia-acesso-a-cristaos\/#breadcrumb\",\"itemListElement\":[{\"@type\":\"ListItem\",\"position\":1,\"name\":\"In\u00edcio\",\"item\":\"https:\/\/radioportoseguro.com.br\/site\/\"},{\"@type\":\"ListItem\",\"position\":2,\"name\":\"EUA: Fim de exig\u00eancia de \u2018ideologia de g\u00eanero\u2019 na ado\u00e7\u00e3o amplia acesso a crist\u00e3os\"}]},{\"@type\":\"WebSite\",\"@id\":\"https:\/\/radioportoseguro.com.br\/site\/#website\",\"url\":\"https:\/\/radioportoseguro.com.br\/site\/\",\"name\":\"R\u00e1dio Porto Seguro\",\"description\":\"\",\"potentialAction\":[{\"@type\":\"SearchAction\",\"target\":{\"@type\":\"EntryPoint\",\"urlTemplate\":\"https:\/\/radioportoseguro.com.br\/site\/?s={search_term_string}\"},\"query-input\":{\"@type\":\"PropertyValueSpecification\",\"valueRequired\":true,\"valueName\":\"search_term_string\"}}],\"inLanguage\":\"pt-BR\"},{\"@type\":\"Person\",\"@id\":\"https:\/\/radioportoseguro.com.br\/site\/#\/schema\/person\/7630acdc320186f13639d3c067ec089b\",\"name\":\"admin\",\"image\":{\"@type\":\"ImageObject\",\"inLanguage\":\"pt-BR\",\"@id\":\"https:\/\/radioportoseguro.com.br\/site\/#\/schema\/person\/image\/\",\"url\":\"https:\/\/secure.gravatar.com\/avatar\/caacf4dc1eedb68fab0df8e1ed46c448e578b2466351bbcb61e47d2ac0caaef0?s=96&d=mm&r=g\",\"contentUrl\":\"https:\/\/secure.gravatar.com\/avatar\/caacf4dc1eedb68fab0df8e1ed46c448e578b2466351bbcb61e47d2ac0caaef0?s=96&d=mm&r=g\",\"caption\":\"admin\"},\"sameAs\":[\"https:\/\/radioportoseguro.com.br\/site\"],\"url\":\"https:\/\/radioportoseguro.com.br\/site\/author\/hezio\/\"}]}<\/script>\n<!-- \/ Yoast SEO plugin. -->","yoast_head_json":{"title":"EUA: Fim de exig\u00eancia de \u2018ideologia de g\u00eanero\u2019 na ado\u00e7\u00e3o amplia acesso a crist\u00e3os - R\u00e1dio Porto Seguro","robots":{"index":"index","follow":"follow","max-snippet":"max-snippet:-1","max-image-preview":"max-image-preview:large","max-video-preview":"max-video-preview:-1"},"canonical":"https:\/\/radioportoseguro.com.br\/site\/2026\/03\/19\/eua-fim-de-exigencia-de-ideologia-de-genero-na-adocao-amplia-acesso-a-cristaos\/","og_locale":"pt_BR","og_type":"article","og_title":"EUA: Fim de exig\u00eancia de \u2018ideologia de g\u00eanero\u2019 na ado\u00e7\u00e3o amplia acesso a crist\u00e3os - R\u00e1dio Porto Seguro","og_description":"O governo Trump anulou uma regra criada no governo Biden que exigia que pais adotivos em potencial apoiassem a transi\u00e7\u00e3o de g\u00eanero ou a identidade LGBT de seus futuros filhos. O Di\u00e1rio Oficial Federal publicou um Aviso de Proposta de Regulamenta\u00e7\u00e3o com o objetivo de revogar oficialmente a norma de 2022 intitulada \u201cRequisitos de Coloca\u00e7\u00e3o [&hellip;]","og_url":"https:\/\/radioportoseguro.com.br\/site\/2026\/03\/19\/eua-fim-de-exigencia-de-ideologia-de-genero-na-adocao-amplia-acesso-a-cristaos\/","og_site_name":"R\u00e1dio Porto Seguro","article_published_time":"2026-03-19T23:58:05+00:00","og_image":[{"url":"https:\/\/media.guiame.com.br\/archives\/2026\/03\/18\/3920821383-adocao.png","type":"","width":"","height":""}],"author":"admin","twitter_card":"summary_large_image","twitter_misc":{"Escrito por":"admin","Est. tempo de leitura":"3 minutos"},"schema":{"@context":"https:\/\/schema.org","@graph":[{"@type":"Article","@id":"https:\/\/radioportoseguro.com.br\/site\/2026\/03\/19\/eua-fim-de-exigencia-de-ideologia-de-genero-na-adocao-amplia-acesso-a-cristaos\/#article","isPartOf":{"@id":"https:\/\/radioportoseguro.com.br\/site\/2026\/03\/19\/eua-fim-de-exigencia-de-ideologia-de-genero-na-adocao-amplia-acesso-a-cristaos\/"},"author":{"name":"admin","@id":"https:\/\/radioportoseguro.com.br\/site\/#\/schema\/person\/7630acdc320186f13639d3c067ec089b"},"headline":"EUA: Fim de exig\u00eancia de \u2018ideologia de g\u00eanero\u2019 na ado\u00e7\u00e3o amplia acesso a crist\u00e3os","datePublished":"2026-03-19T23:58:05+00:00","mainEntityOfPage":{"@id":"https:\/\/radioportoseguro.com.br\/site\/2026\/03\/19\/eua-fim-de-exigencia-de-ideologia-de-genero-na-adocao-amplia-acesso-a-cristaos\/"},"wordCount":613,"image":{"@id":"https:\/\/radioportoseguro.com.br\/site\/2026\/03\/19\/eua-fim-de-exigencia-de-ideologia-de-genero-na-adocao-amplia-acesso-a-cristaos\/#primaryimage"},"thumbnailUrl":"https:\/\/radioportoseguro.com.br\/site\/wp-content\/uploads\/2026\/03\/3920821383-adocao.png","articleSection":["Destaques"],"inLanguage":"pt-BR"},{"@type":"WebPage","@id":"https:\/\/radioportoseguro.com.br\/site\/2026\/03\/19\/eua-fim-de-exigencia-de-ideologia-de-genero-na-adocao-amplia-acesso-a-cristaos\/","url":"https:\/\/radioportoseguro.com.br\/site\/2026\/03\/19\/eua-fim-de-exigencia-de-ideologia-de-genero-na-adocao-amplia-acesso-a-cristaos\/","name":"EUA: Fim de exig\u00eancia de \u2018ideologia de g\u00eanero\u2019 na ado\u00e7\u00e3o amplia acesso a crist\u00e3os - R\u00e1dio Porto Seguro","isPartOf":{"@id":"https:\/\/radioportoseguro.com.br\/site\/#website"},"primaryImageOfPage":{"@id":"https:\/\/radioportoseguro.com.br\/site\/2026\/03\/19\/eua-fim-de-exigencia-de-ideologia-de-genero-na-adocao-amplia-acesso-a-cristaos\/#primaryimage"},"image":{"@id":"https:\/\/radioportoseguro.com.br\/site\/2026\/03\/19\/eua-fim-de-exigencia-de-ideologia-de-genero-na-adocao-amplia-acesso-a-cristaos\/#primaryimage"},"thumbnailUrl":"https:\/\/radioportoseguro.com.br\/site\/wp-content\/uploads\/2026\/03\/3920821383-adocao.png","datePublished":"2026-03-19T23:58:05+00:00","author":{"@id":"https:\/\/radioportoseguro.com.br\/site\/#\/schema\/person\/7630acdc320186f13639d3c067ec089b"},"breadcrumb":{"@id":"https:\/\/radioportoseguro.com.br\/site\/2026\/03\/19\/eua-fim-de-exigencia-de-ideologia-de-genero-na-adocao-amplia-acesso-a-cristaos\/#breadcrumb"},"inLanguage":"pt-BR","potentialAction":[{"@type":"ReadAction","target":["https:\/\/radioportoseguro.com.br\/site\/2026\/03\/19\/eua-fim-de-exigencia-de-ideologia-de-genero-na-adocao-amplia-acesso-a-cristaos\/"]}]},{"@type":"ImageObject","inLanguage":"pt-BR","@id":"https:\/\/radioportoseguro.com.br\/site\/2026\/03\/19\/eua-fim-de-exigencia-de-ideologia-de-genero-na-adocao-amplia-acesso-a-cristaos\/#primaryimage","url":"https:\/\/radioportoseguro.com.br\/site\/wp-content\/uploads\/2026\/03\/3920821383-adocao.png","contentUrl":"https:\/\/radioportoseguro.com.br\/site\/wp-content\/uploads\/2026\/03\/3920821383-adocao.png","width":1200,"height":600},{"@type":"BreadcrumbList","@id":"https:\/\/radioportoseguro.com.br\/site\/2026\/03\/19\/eua-fim-de-exigencia-de-ideologia-de-genero-na-adocao-amplia-acesso-a-cristaos\/#breadcrumb","itemListElement":[{"@type":"ListItem","position":1,"name":"In\u00edcio","item":"https:\/\/radioportoseguro.com.br\/site\/"},{"@type":"ListItem","position":2,"name":"EUA: Fim de exig\u00eancia de \u2018ideologia de g\u00eanero\u2019 na ado\u00e7\u00e3o amplia acesso a crist\u00e3os"}]},{"@type":"WebSite","@id":"https:\/\/radioportoseguro.com.br\/site\/#website","url":"https:\/\/radioportoseguro.com.br\/site\/","name":"R\u00e1dio Porto Seguro","description":"","potentialAction":[{"@type":"SearchAction","target":{"@type":"EntryPoint","urlTemplate":"https:\/\/radioportoseguro.com.br\/site\/?s={search_term_string}"},"query-input":{"@type":"PropertyValueSpecification","valueRequired":true,"valueName":"search_term_string"}}],"inLanguage":"pt-BR"},{"@type":"Person","@id":"https:\/\/radioportoseguro.com.br\/site\/#\/schema\/person\/7630acdc320186f13639d3c067ec089b","name":"admin","image":{"@type":"ImageObject","inLanguage":"pt-BR","@id":"https:\/\/radioportoseguro.com.br\/site\/#\/schema\/person\/image\/","url":"https:\/\/secure.gravatar.com\/avatar\/caacf4dc1eedb68fab0df8e1ed46c448e578b2466351bbcb61e47d2ac0caaef0?s=96&d=mm&r=g","contentUrl":"https:\/\/secure.gravatar.com\/avatar\/caacf4dc1eedb68fab0df8e1ed46c448e578b2466351bbcb61e47d2ac0caaef0?s=96&d=mm&r=g","caption":"admin"},"sameAs":["https:\/\/radioportoseguro.com.br\/site"],"url":"https:\/\/radioportoseguro.com.br\/site\/author\/hezio\/"}]}},"_links":{"self":[{"href":"https:\/\/radioportoseguro.com.br\/site\/wp-json\/wp\/v2\/posts\/5204","targetHints":{"allow":["GET"]}}],"collection":[{"href":"https:\/\/radioportoseguro.com.br\/site\/wp-json\/wp\/v2\/posts"}],"about":[{"href":"https:\/\/radioportoseguro.com.br\/site\/wp-json\/wp\/v2\/types\/post"}],"author":[{"embeddable":true,"href":"https:\/\/radioportoseguro.com.br\/site\/wp-json\/wp\/v2\/users\/1"}],"replies":[{"embeddable":true,"href":"https:\/\/radioportoseguro.com.br\/site\/wp-json\/wp\/v2\/comments?post=5204"}],"version-history":[{"count":0,"href":"https:\/\/radioportoseguro.com.br\/site\/wp-json\/wp\/v2\/posts\/5204\/revisions"}],"wp:featuredmedia":[{"embeddable":true,"href":"https:\/\/radioportoseguro.com.br\/site\/wp-json\/wp\/v2\/media\/5205"}],"wp:attachment":[{"href":"https:\/\/radioportoseguro.com.br\/site\/wp-json\/wp\/v2\/media?parent=5204"}],"wp:term":[{"taxonomy":"category","embeddable":true,"href":"https:\/\/radioportoseguro.com.br\/site\/wp-json\/wp\/v2\/categories?post=5204"},{"taxonomy":"post_tag","embeddable":true,"href":"https:\/\/radioportoseguro.com.br\/site\/wp-json\/wp\/v2\/tags?post=5204"}],"curies":[{"name":"wp","href":"https:\/\/api.w.org\/{rel}","templated":true}]}}