{"id":5220,"date":"2026-03-20T07:03:12","date_gmt":"2026-03-20T10:03:12","guid":{"rendered":"https:\/\/radioportoseguro.com.br\/site\/2026\/03\/20\/adolescente-e-curada-de-problema-genetico-na-coluna-apos-oracao-em-sp-cristo-faz-milagre\/"},"modified":"2026-03-20T07:03:12","modified_gmt":"2026-03-20T10:03:12","slug":"adolescente-e-curada-de-problema-genetico-na-coluna-apos-oracao-em-sp-cristo-faz-milagre","status":"publish","type":"post","link":"https:\/\/radioportoseguro.com.br\/site\/2026\/03\/20\/adolescente-e-curada-de-problema-genetico-na-coluna-apos-oracao-em-sp-cristo-faz-milagre\/","title":{"rendered":"Adolescente \u00e9 curada de problema gen\u00e9tico na coluna ap\u00f3s ora\u00e7\u00e3o em SP: \u2018Cristo faz milagre\u2019"},"content":{"rendered":"<p><br \/>\n<br \/><\/p>\n<div>\n<p><span style=\"font-weight: 400;\">Na \u00faltima ter\u00e7a-feira (17), uma adolescente foi curada de um problema gen\u00e9tico na coluna ap\u00f3s as ora\u00e7\u00f5es de uma multid\u00e3o de jovens durante um culto evangel\u00edstico ao ar livre na <\/span><span style=\"color: #993300;\"><strong>Pra\u00e7a da S\u00e9<\/strong><\/span><span style=\"font-weight: 400;\">, um dos principais pontos tur\u00edsticos de S\u00e3o Paulo.<\/span><\/p>\n<p><span style=\"font-weight: 400;\">O OVERFLOW (antigo Segundo Andar) \u00e9 um encontro realizado toda segunda ter\u00e7a-feira do m\u00eas na Pra\u00e7a da S\u00e9, em S\u00e3o Paulo. Promovido pelo movimento Over Mission, liderado pelo evangelista <\/span><span style=\"color: #993300;\"><strong>Luca Martini<\/strong><\/span><span style=\"font-weight: 400;\">, o evento re\u00fane crist\u00e3os para adorar a Deus e pregar o Evangelho.<\/span><\/p>\n<p><span style=\"font-weight: 400;\">Em um v\u00eddeo no Instagram, o evangelista Davide Grosso aparece ao lado de uma adolescente que testemunhou sua cura ap\u00f3s as ora\u00e7\u00f5es:<\/span><\/p>\n<p><span style=\"font-weight: 400;\">\u201cAno passado, eu fui diagnosticada com um problema gen\u00e9tico na coluna. O doutor disse: \u2018A sua coluna parece a de uma pessoa de 30 anos\u2019. E eu tenho 16 anos\u201d, contou Mari Oliveira.<\/span><\/p>\n<p><span style=\"font-weight: 400;\">E continuou: \u201cEle disse: \u2018Se voc\u00ea n\u00e3o fizer fisioterapia ou acupuntura, vai ter que fazer cirurgia\u2019. [A dor] descia para a minha coxa, na parte posterior. Eu n\u00e3o conseguia esticar a perna, meu joelho do\u00eda e eu n\u00e3o conseguia pular\u201d.<\/span><\/p>\n<blockquote class=\"instagram-media\" style=\"background: #FFF; border: 0; border-radius: 3px; box-shadow: 0 0 1px 0 rgba(0,0,0,0.5),0 1px 10px 0 rgba(0,0,0,0.15); margin: 1px; max-width: 540px; min-width: 326px; padding: 0; width: calc(100% - 2px);\" data-instgrm-permalink=\"https:\/\/www.instagram.com\/reel\/DWBvRRXjTrH\/?utm_source=ig_embed&amp;utm_campaign=loading\" data-instgrm-version=\"14\"><p>&#13;<br \/>\n&#13;\n<\/p><\/blockquote>\n<p><span style=\"font-weight: 400;\">Ap\u00f3s contar seu testemunho, Mari come\u00e7ou a pular e a mostrar a todos o milagre de Deus em sua vida. Imediatamente, a multid\u00e3o louvou a Jesus pela cura da adolescente no local.<\/span><\/p>\n<p><span style=\"font-weight: 400;\">Nos coment\u00e1rios do v\u00eddeo, ela destacou: \u201cSou a menina do testemunho. Amanheci sem dor alguma! Cristo ainda faz [milagres]! E onde tiver disc\u00edpulos Dele, ter\u00e1 p\u00e3o para os famintos\u201d.<\/span><\/p>\n<p><strong>\u2018Famintos pela presen\u00e7a de Deus\u2019<\/strong><\/p>\n<p><span style=\"font-weight: 400;\">Os cantores <\/span><span style=\"color: #993300;\"><strong>Isaque Valad\u00e3o<\/strong><\/span><span style=\"font-weight: 400;\">, filho da cantora e pastora Ana Paula Valad\u00e3o, e o pastor Rafael Bicudo conduziram o momento de adora\u00e7\u00e3o na capital paulista.<\/span><\/p>\n<blockquote class=\"instagram-media\" style=\"background: #FFF; border: 0; border-radius: 3px; box-shadow: 0 0 1px 0 rgba(0,0,0,0.5),0 1px 10px 0 rgba(0,0,0,0.15); margin: 1px; max-width: 540px; min-width: 326px; padding: 0; width: calc(100% - 2px);\" data-instgrm-permalink=\"https:\/\/www.instagram.com\/reel\/DWBzWXuDXCF\/?utm_source=ig_embed&amp;utm_campaign=loading\" data-instgrm-version=\"14\"><p>&#13;<br \/>\n&#13;\n<\/p><\/blockquote>\n<p><span style=\"font-weight: 400;\">Durante o evento, Luca Martini disse \u00e0 multid\u00e3o: \u201cOlho para voc\u00eas hoje e vejo um povo faminto pela presen\u00e7a de Deus. O que viemos fazer nesta pra\u00e7a, sen\u00e3o buscar a preciosa presen\u00e7a do nosso Deus? E eu quero te dizer uma coisa: Ele est\u00e1 aqui para te encontrar tamb\u00e9m. Bem-aventurados os famintos de esp\u00edrito, pois eles ser\u00e3o saciados\u201d.<\/span><\/p>\n<p><strong>\u2018Transbordar mission\u00e1rio no Brasil\u2019<\/strong><\/p>\n<p><span style=\"font-weight: 400;\">Em seguida, Davide ministrou a Palavra de Deus: \u201cEnquanto existe uma multid\u00e3o que s\u00f3 se aproxima de Jesus para receber, existem outros que querem conhecer aquilo que est\u00e1 no cora\u00e7\u00e3o de Deus\u201d.<\/span><\/p>\n<p><span style=\"font-weight: 400;\">\u201cE assim n\u00f3s chegamos aqui nessa noite, com fome por Deus, fome do verbo que se fez carne, fome daquele que morreu, mas vive e vive para sempre\u201d, acrescentou.<\/span><\/p>\n<blockquote class=\"instagram-media\" style=\"background: #FFF; border: 0; border-radius: 3px; box-shadow: 0 0 1px 0 rgba(0,0,0,0.5),0 1px 10px 0 rgba(0,0,0,0.15); margin: 1px; max-width: 540px; min-width: 326px; padding: 0; width: calc(100% - 2px);\" data-instgrm-permalink=\"https:\/\/www.instagram.com\/p\/DWCjtu7kVPp\/?utm_source=ig_embed&amp;utm_campaign=loading\" data-instgrm-version=\"14\"><p>&#13;<br \/>\n&#13;\n<\/p><\/blockquote>\n<p><span style=\"font-weight: 400;\">Ao falar sobre o Overflow, Davide explicou que o movimento nasceu com o prop\u00f3sito de impulsionar mission\u00e1rios em sua pr\u00f3pria terra e levar o Evangelho aos lugares mais improv\u00e1veis.<\/span><\/p>\n<p><span style=\"font-weight: 400;\">\u201cN\u00f3s acreditamos em um transbordar mission\u00e1rio no Brasil. Um fluir mission\u00e1rio que come\u00e7ou em S\u00e3o Paulo e vai at\u00e9 os confins da terra. \u00c9 Deus comissionando a igreja de S\u00e3o Paulo para pregar o Evangelho nos lugares mais improv\u00e1veis dessa cidade e do Brasil. Ent\u00e3o, voc\u00ea hoje, sem saber, est\u00e1 sendo convocado para esse transbordar evangel\u00edstico\u201d, disse ele.<\/span><\/p>\n<\/div>\n<p><script async src=\"\/\/www.instagram.com\/embed.js\"><\/script><br \/>\n<br \/><br \/>\n<br \/>Fonte: Guiame <\/p>\n","protected":false},"excerpt":{"rendered":"<p>Na \u00faltima ter\u00e7a-feira (17), uma adolescente foi curada de um problema gen\u00e9tico na coluna ap\u00f3s as ora\u00e7\u00f5es de uma multid\u00e3o de jovens durante um culto evangel\u00edstico ao ar livre na Pra\u00e7a da S\u00e9, um dos principais pontos tur\u00edsticos de S\u00e3o Paulo. O OVERFLOW (antigo Segundo Andar) \u00e9 um encontro realizado toda segunda ter\u00e7a-feira do m\u00eas [&hellip;]<\/p>\n","protected":false},"author":1,"featured_media":5221,"comment_status":"","ping_status":"open","sticky":false,"template":"","format":"standard","meta":{"footnotes":""},"categories":[43],"tags":[],"class_list":["post-5220","post","type-post","status-publish","format-standard","has-post-thumbnail","hentry","category-destaques"],"yoast_head":"<!-- This site is optimized with the Yoast SEO plugin v26.8 - https:\/\/yoast.com\/product\/yoast-seo-wordpress\/ -->\n<title>Adolescente \u00e9 curada de problema gen\u00e9tico na coluna ap\u00f3s ora\u00e7\u00e3o em SP: \u2018Cristo faz milagre\u2019 - R\u00e1dio Porto Seguro<\/title>\n<meta name=\"robots\" content=\"index, follow, max-snippet:-1, max-image-preview:large, max-video-preview:-1\" \/>\n<link rel=\"canonical\" href=\"https:\/\/radioportoseguro.com.br\/site\/2026\/03\/20\/adolescente-e-curada-de-problema-genetico-na-coluna-apos-oracao-em-sp-cristo-faz-milagre\/\" \/>\n<meta property=\"og:locale\" content=\"pt_BR\" \/>\n<meta property=\"og:type\" content=\"article\" \/>\n<meta property=\"og:title\" content=\"Adolescente \u00e9 curada de problema gen\u00e9tico na coluna ap\u00f3s ora\u00e7\u00e3o em SP: \u2018Cristo faz milagre\u2019 - R\u00e1dio Porto Seguro\" \/>\n<meta property=\"og:description\" content=\"Na \u00faltima ter\u00e7a-feira (17), uma adolescente foi curada de um problema gen\u00e9tico na coluna ap\u00f3s as ora\u00e7\u00f5es de uma multid\u00e3o de jovens durante um culto evangel\u00edstico ao ar livre na Pra\u00e7a da S\u00e9, um dos principais pontos tur\u00edsticos de S\u00e3o Paulo. O OVERFLOW (antigo Segundo Andar) \u00e9 um encontro realizado toda segunda ter\u00e7a-feira do m\u00eas [&hellip;]\" \/>\n<meta property=\"og:url\" content=\"https:\/\/radioportoseguro.com.br\/site\/2026\/03\/20\/adolescente-e-curada-de-problema-genetico-na-coluna-apos-oracao-em-sp-cristo-faz-milagre\/\" \/>\n<meta property=\"og:site_name\" content=\"R\u00e1dio Porto Seguro\" \/>\n<meta property=\"article:published_time\" content=\"2026-03-20T10:03:12+00:00\" \/>\n<meta property=\"og:image\" content=\"https:\/\/media.guiame.com.br\/archives\/2026\/03\/19\/2346550848-mari-foi-curada-apos-oracoes-durante-o-culto-ao-ar-livre.jpeg\" \/>\n<meta name=\"author\" content=\"admin\" \/>\n<meta name=\"twitter:card\" content=\"summary_large_image\" \/>\n<meta name=\"twitter:label1\" content=\"Escrito por\" \/>\n\t<meta name=\"twitter:data1\" content=\"admin\" \/>\n\t<meta name=\"twitter:label2\" content=\"Est. tempo de leitura\" \/>\n\t<meta name=\"twitter:data2\" content=\"3 minutos\" \/>\n<script type=\"application\/ld+json\" class=\"yoast-schema-graph\">{\"@context\":\"https:\/\/schema.org\",\"@graph\":[{\"@type\":\"Article\",\"@id\":\"https:\/\/radioportoseguro.com.br\/site\/2026\/03\/20\/adolescente-e-curada-de-problema-genetico-na-coluna-apos-oracao-em-sp-cristo-faz-milagre\/#article\",\"isPartOf\":{\"@id\":\"https:\/\/radioportoseguro.com.br\/site\/2026\/03\/20\/adolescente-e-curada-de-problema-genetico-na-coluna-apos-oracao-em-sp-cristo-faz-milagre\/\"},\"author\":{\"name\":\"admin\",\"@id\":\"https:\/\/radioportoseguro.com.br\/site\/#\/schema\/person\/7630acdc320186f13639d3c067ec089b\"},\"headline\":\"Adolescente \u00e9 curada de problema gen\u00e9tico na coluna ap\u00f3s ora\u00e7\u00e3o em SP: \u2018Cristo faz milagre\u2019\",\"datePublished\":\"2026-03-20T10:03:12+00:00\",\"mainEntityOfPage\":{\"@id\":\"https:\/\/radioportoseguro.com.br\/site\/2026\/03\/20\/adolescente-e-curada-de-problema-genetico-na-coluna-apos-oracao-em-sp-cristo-faz-milagre\/\"},\"wordCount\":555,\"image\":{\"@id\":\"https:\/\/radioportoseguro.com.br\/site\/2026\/03\/20\/adolescente-e-curada-de-problema-genetico-na-coluna-apos-oracao-em-sp-cristo-faz-milagre\/#primaryimage\"},\"thumbnailUrl\":\"https:\/\/radioportoseguro.com.br\/site\/wp-content\/uploads\/2026\/03\/2346550848-mari-foi-curada-apos-oracoes-durante-o-culto-ao-ar-livre.jpeg\",\"articleSection\":[\"Destaques\"],\"inLanguage\":\"pt-BR\"},{\"@type\":\"WebPage\",\"@id\":\"https:\/\/radioportoseguro.com.br\/site\/2026\/03\/20\/adolescente-e-curada-de-problema-genetico-na-coluna-apos-oracao-em-sp-cristo-faz-milagre\/\",\"url\":\"https:\/\/radioportoseguro.com.br\/site\/2026\/03\/20\/adolescente-e-curada-de-problema-genetico-na-coluna-apos-oracao-em-sp-cristo-faz-milagre\/\",\"name\":\"Adolescente \u00e9 curada de problema gen\u00e9tico na coluna ap\u00f3s ora\u00e7\u00e3o em SP: \u2018Cristo faz milagre\u2019 - R\u00e1dio Porto Seguro\",\"isPartOf\":{\"@id\":\"https:\/\/radioportoseguro.com.br\/site\/#website\"},\"primaryImageOfPage\":{\"@id\":\"https:\/\/radioportoseguro.com.br\/site\/2026\/03\/20\/adolescente-e-curada-de-problema-genetico-na-coluna-apos-oracao-em-sp-cristo-faz-milagre\/#primaryimage\"},\"image\":{\"@id\":\"https:\/\/radioportoseguro.com.br\/site\/2026\/03\/20\/adolescente-e-curada-de-problema-genetico-na-coluna-apos-oracao-em-sp-cristo-faz-milagre\/#primaryimage\"},\"thumbnailUrl\":\"https:\/\/radioportoseguro.com.br\/site\/wp-content\/uploads\/2026\/03\/2346550848-mari-foi-curada-apos-oracoes-durante-o-culto-ao-ar-livre.jpeg\",\"datePublished\":\"2026-03-20T10:03:12+00:00\",\"author\":{\"@id\":\"https:\/\/radioportoseguro.com.br\/site\/#\/schema\/person\/7630acdc320186f13639d3c067ec089b\"},\"breadcrumb\":{\"@id\":\"https:\/\/radioportoseguro.com.br\/site\/2026\/03\/20\/adolescente-e-curada-de-problema-genetico-na-coluna-apos-oracao-em-sp-cristo-faz-milagre\/#breadcrumb\"},\"inLanguage\":\"pt-BR\",\"potentialAction\":[{\"@type\":\"ReadAction\",\"target\":[\"https:\/\/radioportoseguro.com.br\/site\/2026\/03\/20\/adolescente-e-curada-de-problema-genetico-na-coluna-apos-oracao-em-sp-cristo-faz-milagre\/\"]}]},{\"@type\":\"ImageObject\",\"inLanguage\":\"pt-BR\",\"@id\":\"https:\/\/radioportoseguro.com.br\/site\/2026\/03\/20\/adolescente-e-curada-de-problema-genetico-na-coluna-apos-oracao-em-sp-cristo-faz-milagre\/#primaryimage\",\"url\":\"https:\/\/radioportoseguro.com.br\/site\/wp-content\/uploads\/2026\/03\/2346550848-mari-foi-curada-apos-oracoes-durante-o-culto-ao-ar-livre.jpeg\",\"contentUrl\":\"https:\/\/radioportoseguro.com.br\/site\/wp-content\/uploads\/2026\/03\/2346550848-mari-foi-curada-apos-oracoes-durante-o-culto-ao-ar-livre.jpeg\",\"width\":1200,\"height\":600},{\"@type\":\"BreadcrumbList\",\"@id\":\"https:\/\/radioportoseguro.com.br\/site\/2026\/03\/20\/adolescente-e-curada-de-problema-genetico-na-coluna-apos-oracao-em-sp-cristo-faz-milagre\/#breadcrumb\",\"itemListElement\":[{\"@type\":\"ListItem\",\"position\":1,\"name\":\"In\u00edcio\",\"item\":\"https:\/\/radioportoseguro.com.br\/site\/\"},{\"@type\":\"ListItem\",\"position\":2,\"name\":\"Adolescente \u00e9 curada de problema gen\u00e9tico na coluna ap\u00f3s ora\u00e7\u00e3o em SP: \u2018Cristo faz milagre\u2019\"}]},{\"@type\":\"WebSite\",\"@id\":\"https:\/\/radioportoseguro.com.br\/site\/#website\",\"url\":\"https:\/\/radioportoseguro.com.br\/site\/\",\"name\":\"R\u00e1dio Porto Seguro\",\"description\":\"\",\"potentialAction\":[{\"@type\":\"SearchAction\",\"target\":{\"@type\":\"EntryPoint\",\"urlTemplate\":\"https:\/\/radioportoseguro.com.br\/site\/?s={search_term_string}\"},\"query-input\":{\"@type\":\"PropertyValueSpecification\",\"valueRequired\":true,\"valueName\":\"search_term_string\"}}],\"inLanguage\":\"pt-BR\"},{\"@type\":\"Person\",\"@id\":\"https:\/\/radioportoseguro.com.br\/site\/#\/schema\/person\/7630acdc320186f13639d3c067ec089b\",\"name\":\"admin\",\"image\":{\"@type\":\"ImageObject\",\"inLanguage\":\"pt-BR\",\"@id\":\"https:\/\/radioportoseguro.com.br\/site\/#\/schema\/person\/image\/\",\"url\":\"https:\/\/secure.gravatar.com\/avatar\/caacf4dc1eedb68fab0df8e1ed46c448e578b2466351bbcb61e47d2ac0caaef0?s=96&d=mm&r=g\",\"contentUrl\":\"https:\/\/secure.gravatar.com\/avatar\/caacf4dc1eedb68fab0df8e1ed46c448e578b2466351bbcb61e47d2ac0caaef0?s=96&d=mm&r=g\",\"caption\":\"admin\"},\"sameAs\":[\"https:\/\/radioportoseguro.com.br\/site\"],\"url\":\"https:\/\/radioportoseguro.com.br\/site\/author\/hezio\/\"}]}<\/script>\n<!-- \/ Yoast SEO plugin. -->","yoast_head_json":{"title":"Adolescente \u00e9 curada de problema gen\u00e9tico na coluna ap\u00f3s ora\u00e7\u00e3o em SP: \u2018Cristo faz milagre\u2019 - R\u00e1dio Porto Seguro","robots":{"index":"index","follow":"follow","max-snippet":"max-snippet:-1","max-image-preview":"max-image-preview:large","max-video-preview":"max-video-preview:-1"},"canonical":"https:\/\/radioportoseguro.com.br\/site\/2026\/03\/20\/adolescente-e-curada-de-problema-genetico-na-coluna-apos-oracao-em-sp-cristo-faz-milagre\/","og_locale":"pt_BR","og_type":"article","og_title":"Adolescente \u00e9 curada de problema gen\u00e9tico na coluna ap\u00f3s ora\u00e7\u00e3o em SP: \u2018Cristo faz milagre\u2019 - R\u00e1dio Porto Seguro","og_description":"Na \u00faltima ter\u00e7a-feira (17), uma adolescente foi curada de um problema gen\u00e9tico na coluna ap\u00f3s as ora\u00e7\u00f5es de uma multid\u00e3o de jovens durante um culto evangel\u00edstico ao ar livre na Pra\u00e7a da S\u00e9, um dos principais pontos tur\u00edsticos de S\u00e3o Paulo. O OVERFLOW (antigo Segundo Andar) \u00e9 um encontro realizado toda segunda ter\u00e7a-feira do m\u00eas [&hellip;]","og_url":"https:\/\/radioportoseguro.com.br\/site\/2026\/03\/20\/adolescente-e-curada-de-problema-genetico-na-coluna-apos-oracao-em-sp-cristo-faz-milagre\/","og_site_name":"R\u00e1dio Porto Seguro","article_published_time":"2026-03-20T10:03:12+00:00","og_image":[{"url":"https:\/\/media.guiame.com.br\/archives\/2026\/03\/19\/2346550848-mari-foi-curada-apos-oracoes-durante-o-culto-ao-ar-livre.jpeg","type":"","width":"","height":""}],"author":"admin","twitter_card":"summary_large_image","twitter_misc":{"Escrito por":"admin","Est. tempo de leitura":"3 minutos"},"schema":{"@context":"https:\/\/schema.org","@graph":[{"@type":"Article","@id":"https:\/\/radioportoseguro.com.br\/site\/2026\/03\/20\/adolescente-e-curada-de-problema-genetico-na-coluna-apos-oracao-em-sp-cristo-faz-milagre\/#article","isPartOf":{"@id":"https:\/\/radioportoseguro.com.br\/site\/2026\/03\/20\/adolescente-e-curada-de-problema-genetico-na-coluna-apos-oracao-em-sp-cristo-faz-milagre\/"},"author":{"name":"admin","@id":"https:\/\/radioportoseguro.com.br\/site\/#\/schema\/person\/7630acdc320186f13639d3c067ec089b"},"headline":"Adolescente \u00e9 curada de problema gen\u00e9tico na coluna ap\u00f3s ora\u00e7\u00e3o em SP: \u2018Cristo faz milagre\u2019","datePublished":"2026-03-20T10:03:12+00:00","mainEntityOfPage":{"@id":"https:\/\/radioportoseguro.com.br\/site\/2026\/03\/20\/adolescente-e-curada-de-problema-genetico-na-coluna-apos-oracao-em-sp-cristo-faz-milagre\/"},"wordCount":555,"image":{"@id":"https:\/\/radioportoseguro.com.br\/site\/2026\/03\/20\/adolescente-e-curada-de-problema-genetico-na-coluna-apos-oracao-em-sp-cristo-faz-milagre\/#primaryimage"},"thumbnailUrl":"https:\/\/radioportoseguro.com.br\/site\/wp-content\/uploads\/2026\/03\/2346550848-mari-foi-curada-apos-oracoes-durante-o-culto-ao-ar-livre.jpeg","articleSection":["Destaques"],"inLanguage":"pt-BR"},{"@type":"WebPage","@id":"https:\/\/radioportoseguro.com.br\/site\/2026\/03\/20\/adolescente-e-curada-de-problema-genetico-na-coluna-apos-oracao-em-sp-cristo-faz-milagre\/","url":"https:\/\/radioportoseguro.com.br\/site\/2026\/03\/20\/adolescente-e-curada-de-problema-genetico-na-coluna-apos-oracao-em-sp-cristo-faz-milagre\/","name":"Adolescente \u00e9 curada de problema gen\u00e9tico na coluna ap\u00f3s ora\u00e7\u00e3o em SP: \u2018Cristo faz milagre\u2019 - R\u00e1dio Porto Seguro","isPartOf":{"@id":"https:\/\/radioportoseguro.com.br\/site\/#website"},"primaryImageOfPage":{"@id":"https:\/\/radioportoseguro.com.br\/site\/2026\/03\/20\/adolescente-e-curada-de-problema-genetico-na-coluna-apos-oracao-em-sp-cristo-faz-milagre\/#primaryimage"},"image":{"@id":"https:\/\/radioportoseguro.com.br\/site\/2026\/03\/20\/adolescente-e-curada-de-problema-genetico-na-coluna-apos-oracao-em-sp-cristo-faz-milagre\/#primaryimage"},"thumbnailUrl":"https:\/\/radioportoseguro.com.br\/site\/wp-content\/uploads\/2026\/03\/2346550848-mari-foi-curada-apos-oracoes-durante-o-culto-ao-ar-livre.jpeg","datePublished":"2026-03-20T10:03:12+00:00","author":{"@id":"https:\/\/radioportoseguro.com.br\/site\/#\/schema\/person\/7630acdc320186f13639d3c067ec089b"},"breadcrumb":{"@id":"https:\/\/radioportoseguro.com.br\/site\/2026\/03\/20\/adolescente-e-curada-de-problema-genetico-na-coluna-apos-oracao-em-sp-cristo-faz-milagre\/#breadcrumb"},"inLanguage":"pt-BR","potentialAction":[{"@type":"ReadAction","target":["https:\/\/radioportoseguro.com.br\/site\/2026\/03\/20\/adolescente-e-curada-de-problema-genetico-na-coluna-apos-oracao-em-sp-cristo-faz-milagre\/"]}]},{"@type":"ImageObject","inLanguage":"pt-BR","@id":"https:\/\/radioportoseguro.com.br\/site\/2026\/03\/20\/adolescente-e-curada-de-problema-genetico-na-coluna-apos-oracao-em-sp-cristo-faz-milagre\/#primaryimage","url":"https:\/\/radioportoseguro.com.br\/site\/wp-content\/uploads\/2026\/03\/2346550848-mari-foi-curada-apos-oracoes-durante-o-culto-ao-ar-livre.jpeg","contentUrl":"https:\/\/radioportoseguro.com.br\/site\/wp-content\/uploads\/2026\/03\/2346550848-mari-foi-curada-apos-oracoes-durante-o-culto-ao-ar-livre.jpeg","width":1200,"height":600},{"@type":"BreadcrumbList","@id":"https:\/\/radioportoseguro.com.br\/site\/2026\/03\/20\/adolescente-e-curada-de-problema-genetico-na-coluna-apos-oracao-em-sp-cristo-faz-milagre\/#breadcrumb","itemListElement":[{"@type":"ListItem","position":1,"name":"In\u00edcio","item":"https:\/\/radioportoseguro.com.br\/site\/"},{"@type":"ListItem","position":2,"name":"Adolescente \u00e9 curada de problema gen\u00e9tico na coluna ap\u00f3s ora\u00e7\u00e3o em SP: \u2018Cristo faz milagre\u2019"}]},{"@type":"WebSite","@id":"https:\/\/radioportoseguro.com.br\/site\/#website","url":"https:\/\/radioportoseguro.com.br\/site\/","name":"R\u00e1dio Porto Seguro","description":"","potentialAction":[{"@type":"SearchAction","target":{"@type":"EntryPoint","urlTemplate":"https:\/\/radioportoseguro.com.br\/site\/?s={search_term_string}"},"query-input":{"@type":"PropertyValueSpecification","valueRequired":true,"valueName":"search_term_string"}}],"inLanguage":"pt-BR"},{"@type":"Person","@id":"https:\/\/radioportoseguro.com.br\/site\/#\/schema\/person\/7630acdc320186f13639d3c067ec089b","name":"admin","image":{"@type":"ImageObject","inLanguage":"pt-BR","@id":"https:\/\/radioportoseguro.com.br\/site\/#\/schema\/person\/image\/","url":"https:\/\/secure.gravatar.com\/avatar\/caacf4dc1eedb68fab0df8e1ed46c448e578b2466351bbcb61e47d2ac0caaef0?s=96&d=mm&r=g","contentUrl":"https:\/\/secure.gravatar.com\/avatar\/caacf4dc1eedb68fab0df8e1ed46c448e578b2466351bbcb61e47d2ac0caaef0?s=96&d=mm&r=g","caption":"admin"},"sameAs":["https:\/\/radioportoseguro.com.br\/site"],"url":"https:\/\/radioportoseguro.com.br\/site\/author\/hezio\/"}]}},"_links":{"self":[{"href":"https:\/\/radioportoseguro.com.br\/site\/wp-json\/wp\/v2\/posts\/5220","targetHints":{"allow":["GET"]}}],"collection":[{"href":"https:\/\/radioportoseguro.com.br\/site\/wp-json\/wp\/v2\/posts"}],"about":[{"href":"https:\/\/radioportoseguro.com.br\/site\/wp-json\/wp\/v2\/types\/post"}],"author":[{"embeddable":true,"href":"https:\/\/radioportoseguro.com.br\/site\/wp-json\/wp\/v2\/users\/1"}],"replies":[{"embeddable":true,"href":"https:\/\/radioportoseguro.com.br\/site\/wp-json\/wp\/v2\/comments?post=5220"}],"version-history":[{"count":0,"href":"https:\/\/radioportoseguro.com.br\/site\/wp-json\/wp\/v2\/posts\/5220\/revisions"}],"wp:featuredmedia":[{"embeddable":true,"href":"https:\/\/radioportoseguro.com.br\/site\/wp-json\/wp\/v2\/media\/5221"}],"wp:attachment":[{"href":"https:\/\/radioportoseguro.com.br\/site\/wp-json\/wp\/v2\/media?parent=5220"}],"wp:term":[{"taxonomy":"category","embeddable":true,"href":"https:\/\/radioportoseguro.com.br\/site\/wp-json\/wp\/v2\/categories?post=5220"},{"taxonomy":"post_tag","embeddable":true,"href":"https:\/\/radioportoseguro.com.br\/site\/wp-json\/wp\/v2\/tags?post=5220"}],"curies":[{"name":"wp","href":"https:\/\/api.w.org\/{rel}","templated":true}]}}