{"id":5222,"date":"2026-03-20T09:05:14","date_gmt":"2026-03-20T12:05:14","guid":{"rendered":"https:\/\/radioportoseguro.com.br\/site\/2026\/03\/20\/lutador-prega-o-evangelho-apos-vencer-campeonato-de-jiu-jitsu-jesus-e-a-salvacao\/"},"modified":"2026-03-20T09:05:14","modified_gmt":"2026-03-20T12:05:14","slug":"lutador-prega-o-evangelho-apos-vencer-campeonato-de-jiu-jitsu-jesus-e-a-salvacao","status":"publish","type":"post","link":"https:\/\/radioportoseguro.com.br\/site\/2026\/03\/20\/lutador-prega-o-evangelho-apos-vencer-campeonato-de-jiu-jitsu-jesus-e-a-salvacao\/","title":{"rendered":"Lutador prega o Evangelho ap\u00f3s vencer campeonato de jiu-jitsu: \u201cJesus \u00e9 a salva\u00e7\u00e3o\u201d"},"content":{"rendered":"<p><br \/>\n<br \/><\/p>\n<div>\n<p><span style=\"font-weight: 400;\">Um <\/span><span style=\"color: #800000;\"><strong>lutador<\/strong> <strong>pregou o Evangelho<\/strong><\/span><span style=\"font-weight: 400;\"> ap\u00f3s vencer um campeonato de Jiu-jitsu em Salvador, na Bahia.<\/span><\/p>\n<p><span style=\"font-weight: 400;\">O faixa preta Gabriel Grij\u00f3 se tornou campe\u00e3o na categoria peso leve do Salvador Fall International Open 2026, uma importante competi\u00e7\u00e3o organizada pela International Brazilian Jiu-Jitsu Federation (IBJJF) em parceria com a Confedera\u00e7\u00e3o Brasileira de Jiu-Jits (CBJJ), no in\u00edcio de mar\u00e7o.<\/span><\/p>\n<p><span style=\"font-weight: 400;\">Gabriel venceu o lutador Neto Cardoso no tatame. Logo ap\u00f3s a luta, ainda recuperando o f\u00f4lego, Gabriel anunciou Jesus ao p\u00fablico.<\/span><\/p>\n<p><span style=\"font-weight: 400;\">\u201cPorque Ele enviou seu filho unig\u00eanito para que todo aquele que Nele cr\u00ea, n\u00e3o pere\u00e7a, mas tenha a vida eterna. Vamos olhar para Jesus! S\u00f3 Ele \u00e9 a salva\u00e7\u00e3o, s\u00f3 Ele \u00e9 a vida eterna, am\u00e9m. Deus aben\u00e7oe!\u201d, pregou, apontando para o c\u00e9u.<\/span><\/p>\n<blockquote class=\"instagram-media\" style=\"background: #FFF; border: 0; border-radius: 3px; box-shadow: 0 0 1px 0 rgba(0,0,0,0.5),0 1px 10px 0 rgba(0,0,0,0.15); margin: 1px; max-width: 540px; min-width: 326px; padding: 0; width: calc(100% - 2px);\" data-instgrm-captioned=\"\" data-instgrm-permalink=\"https:\/\/www.instagram.com\/reel\/DV8zgiCCZ3F\/?utm_source=ig_embed&amp;utm_campaign=loading\" data-instgrm-version=\"14\"><p>&#13;<br \/>\n&#13;\n<\/p><\/blockquote>\n<p><span style=\"font-weight: 400;\">O p\u00fablico que assistia a luta aplaudiu Gabriel ap\u00f3s seu discurso. No v\u00eddeo do momento, compartilhado nas redes sociais, Gabriel falou da salva\u00e7\u00e3o em Cristo ao citar a passagem b\u00edblica de Ef\u00e9sios 2:8-9, que diz:\u00a0<\/span><\/p>\n<p><span style=\"font-weight: 400;\">\u201cPorque pela gra\u00e7a voc\u00eas s\u00e3o salvos, mediante a f\u00e9; e isto n\u00e3o vem de voc\u00eas, \u00e9 dom de Deus; n\u00e3o de obras, para que ningu\u00e9m se glorie\u201d.<\/span><\/p>\n<p><span style=\"font-weight: 400;\">Durante a entrega de medalhas, antes de subir ao p\u00f3dio, o lutador dobrou seus joelhos e orou.<\/span><\/p>\n<blockquote class=\"instagram-media\" style=\"background: #FFF; border: 0; border-radius: 3px; box-shadow: 0 0 1px 0 rgba(0,0,0,0.5),0 1px 10px 0 rgba(0,0,0,0.15); margin: 1px; max-width: 540px; min-width: 326px; padding: 0; width: calc(100% - 2px);\" data-instgrm-captioned=\"\" data-instgrm-permalink=\"https:\/\/www.instagram.com\/p\/DVlwp3XDkbV\/?utm_source=ig_embed&amp;utm_campaign=loading\" data-instgrm-version=\"14\"><p>&#13;<br \/>\n&#13;\n<\/p><\/blockquote>\n<p><span style=\"font-weight: 400;\">O atleta, que possui t\u00edtulos nacionais e mundiais no jiu-jitsu, costuma glorificar a Deus ap\u00f3s as vit\u00f3rias e compartilhar sua f\u00e9 no Instagram.<\/span><\/p>\n<p><span style=\"font-weight: 400;\">\u201cQue fique bem claro quem eu sigo: Quem \u00e9 nosso Salvador, Jesus Cristo de Nazar\u00e9, filho unig\u00eanito de Deus Pai, concebido pelo Esp\u00edrito Santo. O Cordeiro, ungido, que foi dado em sacrif\u00edcio para nos lavar de nossos pecados. Hoje, a mensagem \u00e9 uma s\u00f3: Ele vive e est\u00e1 voltando. Por isso, corra pra Ele. Fa\u00e7a Dele sua fortaleza\u201d, declarou Gabriel Grij\u00f3, em uma postagem anterior.<\/span><\/p>\n<\/div>\n<p><script async src=\"\/\/www.instagram.com\/embed.js\"><\/script><br \/>\n<br \/><br \/>\n<br \/>Fonte: Guiame <\/p>\n","protected":false},"excerpt":{"rendered":"<p>Um lutador pregou o Evangelho ap\u00f3s vencer um campeonato de Jiu-jitsu em Salvador, na Bahia. O faixa preta Gabriel Grij\u00f3 se tornou campe\u00e3o na categoria peso leve do Salvador Fall International Open 2026, uma importante competi\u00e7\u00e3o organizada pela International Brazilian Jiu-Jitsu Federation (IBJJF) em parceria com a Confedera\u00e7\u00e3o Brasileira de Jiu-Jits (CBJJ), no in\u00edcio de [&hellip;]<\/p>\n","protected":false},"author":1,"featured_media":5223,"comment_status":"","ping_status":"open","sticky":false,"template":"","format":"standard","meta":{"footnotes":""},"categories":[43],"tags":[],"class_list":["post-5222","post","type-post","status-publish","format-standard","has-post-thumbnail","hentry","category-destaques"],"yoast_head":"<!-- This site is optimized with the Yoast SEO plugin v26.8 - https:\/\/yoast.com\/product\/yoast-seo-wordpress\/ -->\n<title>Lutador prega o Evangelho ap\u00f3s vencer campeonato de jiu-jitsu: \u201cJesus \u00e9 a salva\u00e7\u00e3o\u201d - R\u00e1dio Porto Seguro<\/title>\n<meta name=\"robots\" content=\"index, follow, max-snippet:-1, max-image-preview:large, max-video-preview:-1\" \/>\n<link rel=\"canonical\" href=\"https:\/\/radioportoseguro.com.br\/site\/2026\/03\/20\/lutador-prega-o-evangelho-apos-vencer-campeonato-de-jiu-jitsu-jesus-e-a-salvacao\/\" \/>\n<meta property=\"og:locale\" content=\"pt_BR\" \/>\n<meta property=\"og:type\" content=\"article\" \/>\n<meta property=\"og:title\" content=\"Lutador prega o Evangelho ap\u00f3s vencer campeonato de jiu-jitsu: \u201cJesus \u00e9 a salva\u00e7\u00e3o\u201d - R\u00e1dio Porto Seguro\" \/>\n<meta property=\"og:description\" content=\"Um lutador pregou o Evangelho ap\u00f3s vencer um campeonato de Jiu-jitsu em Salvador, na Bahia. O faixa preta Gabriel Grij\u00f3 se tornou campe\u00e3o na categoria peso leve do Salvador Fall International Open 2026, uma importante competi\u00e7\u00e3o organizada pela International Brazilian Jiu-Jitsu Federation (IBJJF) em parceria com a Confedera\u00e7\u00e3o Brasileira de Jiu-Jits (CBJJ), no in\u00edcio de [&hellip;]\" \/>\n<meta property=\"og:url\" content=\"https:\/\/radioportoseguro.com.br\/site\/2026\/03\/20\/lutador-prega-o-evangelho-apos-vencer-campeonato-de-jiu-jitsu-jesus-e-a-salvacao\/\" \/>\n<meta property=\"og:site_name\" content=\"R\u00e1dio Porto Seguro\" \/>\n<meta property=\"article:published_time\" content=\"2026-03-20T12:05:14+00:00\" \/>\n<meta property=\"og:image\" content=\"https:\/\/media.guiame.com.br\/archives\/2026\/03\/19\/751831158-gabriel-grijo.jpeg\" \/>\n<meta name=\"author\" content=\"admin\" \/>\n<meta name=\"twitter:card\" content=\"summary_large_image\" \/>\n<meta name=\"twitter:label1\" content=\"Escrito por\" \/>\n\t<meta name=\"twitter:data1\" content=\"admin\" \/>\n\t<meta name=\"twitter:label2\" content=\"Est. tempo de leitura\" \/>\n\t<meta name=\"twitter:data2\" content=\"2 minutos\" \/>\n<script type=\"application\/ld+json\" class=\"yoast-schema-graph\">{\"@context\":\"https:\/\/schema.org\",\"@graph\":[{\"@type\":\"Article\",\"@id\":\"https:\/\/radioportoseguro.com.br\/site\/2026\/03\/20\/lutador-prega-o-evangelho-apos-vencer-campeonato-de-jiu-jitsu-jesus-e-a-salvacao\/#article\",\"isPartOf\":{\"@id\":\"https:\/\/radioportoseguro.com.br\/site\/2026\/03\/20\/lutador-prega-o-evangelho-apos-vencer-campeonato-de-jiu-jitsu-jesus-e-a-salvacao\/\"},\"author\":{\"name\":\"admin\",\"@id\":\"https:\/\/radioportoseguro.com.br\/site\/#\/schema\/person\/7630acdc320186f13639d3c067ec089b\"},\"headline\":\"Lutador prega o Evangelho ap\u00f3s vencer campeonato de jiu-jitsu: \u201cJesus \u00e9 a salva\u00e7\u00e3o\u201d\",\"datePublished\":\"2026-03-20T12:05:14+00:00\",\"mainEntityOfPage\":{\"@id\":\"https:\/\/radioportoseguro.com.br\/site\/2026\/03\/20\/lutador-prega-o-evangelho-apos-vencer-campeonato-de-jiu-jitsu-jesus-e-a-salvacao\/\"},\"wordCount\":336,\"image\":{\"@id\":\"https:\/\/radioportoseguro.com.br\/site\/2026\/03\/20\/lutador-prega-o-evangelho-apos-vencer-campeonato-de-jiu-jitsu-jesus-e-a-salvacao\/#primaryimage\"},\"thumbnailUrl\":\"https:\/\/radioportoseguro.com.br\/site\/wp-content\/uploads\/2026\/03\/751831158-gabriel-grijo.jpeg\",\"articleSection\":[\"Destaques\"],\"inLanguage\":\"pt-BR\"},{\"@type\":\"WebPage\",\"@id\":\"https:\/\/radioportoseguro.com.br\/site\/2026\/03\/20\/lutador-prega-o-evangelho-apos-vencer-campeonato-de-jiu-jitsu-jesus-e-a-salvacao\/\",\"url\":\"https:\/\/radioportoseguro.com.br\/site\/2026\/03\/20\/lutador-prega-o-evangelho-apos-vencer-campeonato-de-jiu-jitsu-jesus-e-a-salvacao\/\",\"name\":\"Lutador prega o Evangelho ap\u00f3s vencer campeonato de jiu-jitsu: \u201cJesus \u00e9 a salva\u00e7\u00e3o\u201d - R\u00e1dio Porto Seguro\",\"isPartOf\":{\"@id\":\"https:\/\/radioportoseguro.com.br\/site\/#website\"},\"primaryImageOfPage\":{\"@id\":\"https:\/\/radioportoseguro.com.br\/site\/2026\/03\/20\/lutador-prega-o-evangelho-apos-vencer-campeonato-de-jiu-jitsu-jesus-e-a-salvacao\/#primaryimage\"},\"image\":{\"@id\":\"https:\/\/radioportoseguro.com.br\/site\/2026\/03\/20\/lutador-prega-o-evangelho-apos-vencer-campeonato-de-jiu-jitsu-jesus-e-a-salvacao\/#primaryimage\"},\"thumbnailUrl\":\"https:\/\/radioportoseguro.com.br\/site\/wp-content\/uploads\/2026\/03\/751831158-gabriel-grijo.jpeg\",\"datePublished\":\"2026-03-20T12:05:14+00:00\",\"author\":{\"@id\":\"https:\/\/radioportoseguro.com.br\/site\/#\/schema\/person\/7630acdc320186f13639d3c067ec089b\"},\"breadcrumb\":{\"@id\":\"https:\/\/radioportoseguro.com.br\/site\/2026\/03\/20\/lutador-prega-o-evangelho-apos-vencer-campeonato-de-jiu-jitsu-jesus-e-a-salvacao\/#breadcrumb\"},\"inLanguage\":\"pt-BR\",\"potentialAction\":[{\"@type\":\"ReadAction\",\"target\":[\"https:\/\/radioportoseguro.com.br\/site\/2026\/03\/20\/lutador-prega-o-evangelho-apos-vencer-campeonato-de-jiu-jitsu-jesus-e-a-salvacao\/\"]}]},{\"@type\":\"ImageObject\",\"inLanguage\":\"pt-BR\",\"@id\":\"https:\/\/radioportoseguro.com.br\/site\/2026\/03\/20\/lutador-prega-o-evangelho-apos-vencer-campeonato-de-jiu-jitsu-jesus-e-a-salvacao\/#primaryimage\",\"url\":\"https:\/\/radioportoseguro.com.br\/site\/wp-content\/uploads\/2026\/03\/751831158-gabriel-grijo.jpeg\",\"contentUrl\":\"https:\/\/radioportoseguro.com.br\/site\/wp-content\/uploads\/2026\/03\/751831158-gabriel-grijo.jpeg\",\"width\":1200,\"height\":600},{\"@type\":\"BreadcrumbList\",\"@id\":\"https:\/\/radioportoseguro.com.br\/site\/2026\/03\/20\/lutador-prega-o-evangelho-apos-vencer-campeonato-de-jiu-jitsu-jesus-e-a-salvacao\/#breadcrumb\",\"itemListElement\":[{\"@type\":\"ListItem\",\"position\":1,\"name\":\"In\u00edcio\",\"item\":\"https:\/\/radioportoseguro.com.br\/site\/\"},{\"@type\":\"ListItem\",\"position\":2,\"name\":\"Lutador prega o Evangelho ap\u00f3s vencer campeonato de jiu-jitsu: \u201cJesus \u00e9 a salva\u00e7\u00e3o\u201d\"}]},{\"@type\":\"WebSite\",\"@id\":\"https:\/\/radioportoseguro.com.br\/site\/#website\",\"url\":\"https:\/\/radioportoseguro.com.br\/site\/\",\"name\":\"R\u00e1dio Porto Seguro\",\"description\":\"\",\"potentialAction\":[{\"@type\":\"SearchAction\",\"target\":{\"@type\":\"EntryPoint\",\"urlTemplate\":\"https:\/\/radioportoseguro.com.br\/site\/?s={search_term_string}\"},\"query-input\":{\"@type\":\"PropertyValueSpecification\",\"valueRequired\":true,\"valueName\":\"search_term_string\"}}],\"inLanguage\":\"pt-BR\"},{\"@type\":\"Person\",\"@id\":\"https:\/\/radioportoseguro.com.br\/site\/#\/schema\/person\/7630acdc320186f13639d3c067ec089b\",\"name\":\"admin\",\"image\":{\"@type\":\"ImageObject\",\"inLanguage\":\"pt-BR\",\"@id\":\"https:\/\/radioportoseguro.com.br\/site\/#\/schema\/person\/image\/\",\"url\":\"https:\/\/secure.gravatar.com\/avatar\/caacf4dc1eedb68fab0df8e1ed46c448e578b2466351bbcb61e47d2ac0caaef0?s=96&d=mm&r=g\",\"contentUrl\":\"https:\/\/secure.gravatar.com\/avatar\/caacf4dc1eedb68fab0df8e1ed46c448e578b2466351bbcb61e47d2ac0caaef0?s=96&d=mm&r=g\",\"caption\":\"admin\"},\"sameAs\":[\"https:\/\/radioportoseguro.com.br\/site\"],\"url\":\"https:\/\/radioportoseguro.com.br\/site\/author\/hezio\/\"}]}<\/script>\n<!-- \/ Yoast SEO plugin. -->","yoast_head_json":{"title":"Lutador prega o Evangelho ap\u00f3s vencer campeonato de jiu-jitsu: \u201cJesus \u00e9 a salva\u00e7\u00e3o\u201d - R\u00e1dio Porto Seguro","robots":{"index":"index","follow":"follow","max-snippet":"max-snippet:-1","max-image-preview":"max-image-preview:large","max-video-preview":"max-video-preview:-1"},"canonical":"https:\/\/radioportoseguro.com.br\/site\/2026\/03\/20\/lutador-prega-o-evangelho-apos-vencer-campeonato-de-jiu-jitsu-jesus-e-a-salvacao\/","og_locale":"pt_BR","og_type":"article","og_title":"Lutador prega o Evangelho ap\u00f3s vencer campeonato de jiu-jitsu: \u201cJesus \u00e9 a salva\u00e7\u00e3o\u201d - R\u00e1dio Porto Seguro","og_description":"Um lutador pregou o Evangelho ap\u00f3s vencer um campeonato de Jiu-jitsu em Salvador, na Bahia. O faixa preta Gabriel Grij\u00f3 se tornou campe\u00e3o na categoria peso leve do Salvador Fall International Open 2026, uma importante competi\u00e7\u00e3o organizada pela International Brazilian Jiu-Jitsu Federation (IBJJF) em parceria com a Confedera\u00e7\u00e3o Brasileira de Jiu-Jits (CBJJ), no in\u00edcio de [&hellip;]","og_url":"https:\/\/radioportoseguro.com.br\/site\/2026\/03\/20\/lutador-prega-o-evangelho-apos-vencer-campeonato-de-jiu-jitsu-jesus-e-a-salvacao\/","og_site_name":"R\u00e1dio Porto Seguro","article_published_time":"2026-03-20T12:05:14+00:00","og_image":[{"url":"https:\/\/media.guiame.com.br\/archives\/2026\/03\/19\/751831158-gabriel-grijo.jpeg","type":"","width":"","height":""}],"author":"admin","twitter_card":"summary_large_image","twitter_misc":{"Escrito por":"admin","Est. tempo de leitura":"2 minutos"},"schema":{"@context":"https:\/\/schema.org","@graph":[{"@type":"Article","@id":"https:\/\/radioportoseguro.com.br\/site\/2026\/03\/20\/lutador-prega-o-evangelho-apos-vencer-campeonato-de-jiu-jitsu-jesus-e-a-salvacao\/#article","isPartOf":{"@id":"https:\/\/radioportoseguro.com.br\/site\/2026\/03\/20\/lutador-prega-o-evangelho-apos-vencer-campeonato-de-jiu-jitsu-jesus-e-a-salvacao\/"},"author":{"name":"admin","@id":"https:\/\/radioportoseguro.com.br\/site\/#\/schema\/person\/7630acdc320186f13639d3c067ec089b"},"headline":"Lutador prega o Evangelho ap\u00f3s vencer campeonato de jiu-jitsu: \u201cJesus \u00e9 a salva\u00e7\u00e3o\u201d","datePublished":"2026-03-20T12:05:14+00:00","mainEntityOfPage":{"@id":"https:\/\/radioportoseguro.com.br\/site\/2026\/03\/20\/lutador-prega-o-evangelho-apos-vencer-campeonato-de-jiu-jitsu-jesus-e-a-salvacao\/"},"wordCount":336,"image":{"@id":"https:\/\/radioportoseguro.com.br\/site\/2026\/03\/20\/lutador-prega-o-evangelho-apos-vencer-campeonato-de-jiu-jitsu-jesus-e-a-salvacao\/#primaryimage"},"thumbnailUrl":"https:\/\/radioportoseguro.com.br\/site\/wp-content\/uploads\/2026\/03\/751831158-gabriel-grijo.jpeg","articleSection":["Destaques"],"inLanguage":"pt-BR"},{"@type":"WebPage","@id":"https:\/\/radioportoseguro.com.br\/site\/2026\/03\/20\/lutador-prega-o-evangelho-apos-vencer-campeonato-de-jiu-jitsu-jesus-e-a-salvacao\/","url":"https:\/\/radioportoseguro.com.br\/site\/2026\/03\/20\/lutador-prega-o-evangelho-apos-vencer-campeonato-de-jiu-jitsu-jesus-e-a-salvacao\/","name":"Lutador prega o Evangelho ap\u00f3s vencer campeonato de jiu-jitsu: \u201cJesus \u00e9 a salva\u00e7\u00e3o\u201d - R\u00e1dio Porto Seguro","isPartOf":{"@id":"https:\/\/radioportoseguro.com.br\/site\/#website"},"primaryImageOfPage":{"@id":"https:\/\/radioportoseguro.com.br\/site\/2026\/03\/20\/lutador-prega-o-evangelho-apos-vencer-campeonato-de-jiu-jitsu-jesus-e-a-salvacao\/#primaryimage"},"image":{"@id":"https:\/\/radioportoseguro.com.br\/site\/2026\/03\/20\/lutador-prega-o-evangelho-apos-vencer-campeonato-de-jiu-jitsu-jesus-e-a-salvacao\/#primaryimage"},"thumbnailUrl":"https:\/\/radioportoseguro.com.br\/site\/wp-content\/uploads\/2026\/03\/751831158-gabriel-grijo.jpeg","datePublished":"2026-03-20T12:05:14+00:00","author":{"@id":"https:\/\/radioportoseguro.com.br\/site\/#\/schema\/person\/7630acdc320186f13639d3c067ec089b"},"breadcrumb":{"@id":"https:\/\/radioportoseguro.com.br\/site\/2026\/03\/20\/lutador-prega-o-evangelho-apos-vencer-campeonato-de-jiu-jitsu-jesus-e-a-salvacao\/#breadcrumb"},"inLanguage":"pt-BR","potentialAction":[{"@type":"ReadAction","target":["https:\/\/radioportoseguro.com.br\/site\/2026\/03\/20\/lutador-prega-o-evangelho-apos-vencer-campeonato-de-jiu-jitsu-jesus-e-a-salvacao\/"]}]},{"@type":"ImageObject","inLanguage":"pt-BR","@id":"https:\/\/radioportoseguro.com.br\/site\/2026\/03\/20\/lutador-prega-o-evangelho-apos-vencer-campeonato-de-jiu-jitsu-jesus-e-a-salvacao\/#primaryimage","url":"https:\/\/radioportoseguro.com.br\/site\/wp-content\/uploads\/2026\/03\/751831158-gabriel-grijo.jpeg","contentUrl":"https:\/\/radioportoseguro.com.br\/site\/wp-content\/uploads\/2026\/03\/751831158-gabriel-grijo.jpeg","width":1200,"height":600},{"@type":"BreadcrumbList","@id":"https:\/\/radioportoseguro.com.br\/site\/2026\/03\/20\/lutador-prega-o-evangelho-apos-vencer-campeonato-de-jiu-jitsu-jesus-e-a-salvacao\/#breadcrumb","itemListElement":[{"@type":"ListItem","position":1,"name":"In\u00edcio","item":"https:\/\/radioportoseguro.com.br\/site\/"},{"@type":"ListItem","position":2,"name":"Lutador prega o Evangelho ap\u00f3s vencer campeonato de jiu-jitsu: \u201cJesus \u00e9 a salva\u00e7\u00e3o\u201d"}]},{"@type":"WebSite","@id":"https:\/\/radioportoseguro.com.br\/site\/#website","url":"https:\/\/radioportoseguro.com.br\/site\/","name":"R\u00e1dio Porto Seguro","description":"","potentialAction":[{"@type":"SearchAction","target":{"@type":"EntryPoint","urlTemplate":"https:\/\/radioportoseguro.com.br\/site\/?s={search_term_string}"},"query-input":{"@type":"PropertyValueSpecification","valueRequired":true,"valueName":"search_term_string"}}],"inLanguage":"pt-BR"},{"@type":"Person","@id":"https:\/\/radioportoseguro.com.br\/site\/#\/schema\/person\/7630acdc320186f13639d3c067ec089b","name":"admin","image":{"@type":"ImageObject","inLanguage":"pt-BR","@id":"https:\/\/radioportoseguro.com.br\/site\/#\/schema\/person\/image\/","url":"https:\/\/secure.gravatar.com\/avatar\/caacf4dc1eedb68fab0df8e1ed46c448e578b2466351bbcb61e47d2ac0caaef0?s=96&d=mm&r=g","contentUrl":"https:\/\/secure.gravatar.com\/avatar\/caacf4dc1eedb68fab0df8e1ed46c448e578b2466351bbcb61e47d2ac0caaef0?s=96&d=mm&r=g","caption":"admin"},"sameAs":["https:\/\/radioportoseguro.com.br\/site"],"url":"https:\/\/radioportoseguro.com.br\/site\/author\/hezio\/"}]}},"_links":{"self":[{"href":"https:\/\/radioportoseguro.com.br\/site\/wp-json\/wp\/v2\/posts\/5222","targetHints":{"allow":["GET"]}}],"collection":[{"href":"https:\/\/radioportoseguro.com.br\/site\/wp-json\/wp\/v2\/posts"}],"about":[{"href":"https:\/\/radioportoseguro.com.br\/site\/wp-json\/wp\/v2\/types\/post"}],"author":[{"embeddable":true,"href":"https:\/\/radioportoseguro.com.br\/site\/wp-json\/wp\/v2\/users\/1"}],"replies":[{"embeddable":true,"href":"https:\/\/radioportoseguro.com.br\/site\/wp-json\/wp\/v2\/comments?post=5222"}],"version-history":[{"count":0,"href":"https:\/\/radioportoseguro.com.br\/site\/wp-json\/wp\/v2\/posts\/5222\/revisions"}],"wp:featuredmedia":[{"embeddable":true,"href":"https:\/\/radioportoseguro.com.br\/site\/wp-json\/wp\/v2\/media\/5223"}],"wp:attachment":[{"href":"https:\/\/radioportoseguro.com.br\/site\/wp-json\/wp\/v2\/media?parent=5222"}],"wp:term":[{"taxonomy":"category","embeddable":true,"href":"https:\/\/radioportoseguro.com.br\/site\/wp-json\/wp\/v2\/categories?post=5222"},{"taxonomy":"post_tag","embeddable":true,"href":"https:\/\/radioportoseguro.com.br\/site\/wp-json\/wp\/v2\/tags?post=5222"}],"curies":[{"name":"wp","href":"https:\/\/api.w.org\/{rel}","templated":true}]}}