{"id":5226,"date":"2026-03-20T11:06:15","date_gmt":"2026-03-20T14:06:15","guid":{"rendered":"https:\/\/radioportoseguro.com.br\/site\/2026\/03\/20\/deixa-o-meu-povo-ir-uma-analise-do-dialogo-teopolitico-entre-moises-e-farao\/"},"modified":"2026-03-20T11:06:15","modified_gmt":"2026-03-20T14:06:15","slug":"deixa-o-meu-povo-ir-uma-analise-do-dialogo-teopolitico-entre-moises-e-farao","status":"publish","type":"post","link":"https:\/\/radioportoseguro.com.br\/site\/2026\/03\/20\/deixa-o-meu-povo-ir-uma-analise-do-dialogo-teopolitico-entre-moises-e-farao\/","title":{"rendered":"Deixa o meu povo ir: Uma an\u00e1lise do di\u00e1logo \u201cteopol\u00edtico\u201d entre Mois\u00e9s e Fara\u00f3"},"content":{"rendered":"<p><br \/>\n<br \/><\/p>\n<div>\n<p><strong>1.\u00a0INTRODU\u00c7\u00c3O<\/strong><\/p>\n<p>O livro do \u00caxodo ocupa um lugar central na Tor\u00e1 judaica e no Antigo Testamento crist\u00e3o, narrando a funda\u00e7\u00e3o de Israel como povo livre, covenantalmente ligado a Jav\u00e9. O epicentro dessa narrativa \u00e9 o confronto dial\u00e9tico entre Mois\u00e9s, o profeta libertador, e o Fara\u00f3, o monarca eg\u00edpcio an\u00f4nimo que personifica o poder opressor. A frase \u201cDeixa o meu povo ir\u201d (\u00caxodo 5:1; 7:16; 8:1, 20; 9:1, 13; 10:3) torna-se o estribilho que estrutura todo o conflito, encapsulando uma demanda que \u00e9, ao mesmo tempo, religiosa e profundamente pol\u00edtica.<\/p>\n<p>Este artigo busca analisar esse di\u00e1logo em suas m\u00faltiplas camadas. Partindo da premissa de que o texto do \u00caxodo foi elaborado para transmitir uma mensagem teol\u00f3gica e identit\u00e1ria, investigaremos: a) a dupla natureza da demanda de liberta\u00e7\u00e3o; b) a personifica\u00e7\u00e3o do poder oponente em Fara\u00f3 e o \u201cendurecimento do seu cora\u00e7\u00e3o\u201d; c) o papel das pragas como julgamento divino e desmistifica\u00e7\u00e3o do poder eg\u00edpcio; e d) o desfecho da narrativa como estabelecimento de uma nova ordem social e religiosa.<\/p>\n<p>\u00a0<\/p>\n<p><strong>2. METODOLOGIA<\/strong><\/p>\n<p>A abordagem utilizada \u00e9 a an\u00e1lise narrativa e teol\u00f3gica do texto b\u00edblico do \u00caxodo, com foco nos cap\u00edtulos 5 a 12. Considera-se o car\u00e1ter confessional e formativo do texto, sem desconsiderar as discuss\u00f5es hist\u00f3rico-cr\u00edticas sobre sua composi\u00e7\u00e3o. O estudo dialoga com comentaristas cl\u00e1ssicos e contempor\u00e2neas, situando a narrativa no contexto do Antigo Oriente Pr\u00f3ximo, onde a religi\u00e3o e o estado estavam intrinsecamente ligados.<\/p>\n<p>\u00a0<\/p>\n<p><strong>3. AN\u00c1LISE E DISCUSS\u00c3O<\/strong><\/p>\n<p style=\"padding-left: 30px;\"><strong><em>3.1. A Demanda Dupla: Liberdade Religiosa e Emancipa\u00e7\u00e3o Pol\u00edtica<\/em><\/strong><\/p>\n<p>A demanda inicial de Mois\u00e9s e Ar\u00e3o perante Fara\u00f3 \u00e9 espec\u00edfica: \u201cDeixa o meu povo ir, para que me celebre uma festa no deserto\u201d (\u00caxodo 5:1). A princ\u00edpio, trata-se de uma solicita\u00e7\u00e3o de liberdade religiosa \u2013 uma permiss\u00e3o para realizar um culto a Jav\u00e9 longe do contexto eg\u00edpcio. No entanto, Fara\u00f3 entende imediatamente as implica\u00e7\u00f5es pol\u00edticas: \u201cVedes que o povo da terra j\u00e1 \u00e9 muito, e v\u00f3s os fazeis abandonar as suas tarefas?\u201d (\u00caxodo 5:5). A recusa de Fara\u00f3 em permitir at\u00e9 mesmo uma peregrina\u00e7\u00e3o tempor\u00e1ria revela que o sistema eg\u00edpcio, baseado na escravid\u00e3o, n\u00e3o podia tolerar qualquer forma de autonomia, mesmo que apenas cultual. A liberdade de culto \u00e9, neste caso, o primeiro passo para a liberdade total. A demanda, portanto, evolui de uma permiss\u00e3o para uma festa no deserto para uma sa\u00edda definitiva e irrevog\u00e1vel.<\/p>\n<p>\u00a0<\/p>\n<p style=\"padding-left: 30px;\"><strong><em>3.2. O Endurecimento do Cora\u00e7\u00e3o de Fara\u00f3: Livre-Arb\u00edtrio e Soberania Divina<br \/><\/em><\/strong><\/p>\n<p>Um dos temas mais complexos da narrativa \u00e9 o \u201cendurecimento do cora\u00e7\u00e3o\u201d de Fara\u00f3. O texto utiliza tr\u00eas verbos hebraicos para descrever este fen\u00f4meno: <em>kaved<\/em> (tornar pesado), <em>chazak<\/em> (fortalecer) e <em>kashah<\/em> (tornar duro). Curiosamente, em algumas passagens, \u00e9 Fara\u00f3 quem endurece seu pr\u00f3prio cora\u00e7\u00e3o (e.g., \u00caxodo 8:15), noutras, \u00e9 Deus quem o faz (e.g., \u00caxodo 4:21; 7:3).<\/p>\n<p>\u00a0<\/p>\n<p>Esta aparente contradi\u00e7\u00e3o tem sido objeto de intenso debate teol\u00f3gico. A interpreta\u00e7\u00e3o mais equilibrada sugere um processo de a\u00e7\u00e3o e rea\u00e7\u00e3o. Inicialmente, Fara\u00f3 endurece seu cora\u00e7\u00e3o por sua pr\u00f3pria obstina\u00e7\u00e3o e arrog\u00e2ncia (<em>hybris<\/em>), recusando-se a reconhecer a autoridade de Jav\u00e9. \u00c0 medida que o conflito prossegue, a soberania divina se sobrep\u00f5e, confirmando e intensificando a decis\u00e3o inicial de Fara\u00f3, transformando sua resist\u00eancia em um palco para a demonstra\u00e7\u00e3o do poder e gl\u00f3ria de Jav\u00e9 (\u00cax 9:16). O endurecimento divino, portanto, n\u00e3o anula a ag\u00eancia moral de Fara\u00f3, mas a consolida em suas consequ\u00eancias \u00faltimas.<\/p>\n<p style=\"padding-left: 30px;\"><strong><em>3.3. As Pragas: Conflito Cosmol\u00f3gico e Desconstru\u00e7\u00e3o do Poder Eg\u00edpcio<\/em><\/strong><\/p>\n<p>As dez pragas n\u00e3o s\u00e3o meramente castigos aleat\u00f3rios, mas um ataque teologicamente estruturado \u00e0 cosmologia e ao pante\u00e3o eg\u00edpcio. Cada praga pode ser interpretada como um julgamento contra uma divindade espec\u00edfica do Egito:<\/p>\n<p style=\"padding-left: 30px;\">&#8211; O Nilo, personificado como o deus Hapi, transforma-se em sangue.<\/p>\n<p style=\"padding-left: 30px;\">&#8211; A r\u00e3, associada \u00e0 deusa Heqt, s\u00edmbolo de fertilidade, torna-se uma praga.<\/p>\n<p style=\"padding-left: 30px;\">&#8211; As trevas desafiam o deus-sol R\u00e1, a divindade suprema do pante\u00e3o eg\u00edpcio, da qual o pr\u00f3prio Fara\u00f3 era considerado uma encarna\u00e7\u00e3o.<\/p>\n<p>O confronto, portanto, n\u00e3o \u00e9 apenas entre Mois\u00e9s e Fara\u00f3, mas entre Jav\u00e9 e os deuses do Egito (\u00cax 12:12). As pragas desmistificam o poder religioso que sustentava a monarquia fara\u00f4nica, demonstrando a impot\u00eancia dos magos eg\u00edpcios e a supremacia incontest\u00e1vel do Deus de Israel. O evento da P\u00e1scoa, a d\u00e9cima praga, atinge o \u00e1pice deste conflito, atingindo o herdeiro do trono, o s\u00edmbolo m\u00e1ximo da continuidade din\u00e1stica e divina do Egito.<\/p>\n<p style=\"padding-left: 30px;\"><strong><em>3.4. O \u00caxodo como Funda\u00e7\u00e3o de uma Nova Comunidade<\/em><\/strong><\/p>\n<p>A sa\u00edda do Egito (\u201c\u00eaxodo\u201d significa \u201csa\u00edda\u201d) \u00e9 mais do que uma fuga geogr\u00e1fica. \u00c9 o ato fundacional de um novo povo. A liberta\u00e7\u00e3o do jugo eg\u00edpcio possibilita a constitui\u00e7\u00e3o de uma sociedade baseada na Lei (Tor\u00e1) recebida no Sinai, que se contrap\u00f5e diretamente ao modelo opressivo do Egito. A alian\u00e7a no Sinai estabelece Jav\u00e9 como o \u00fanico soberano, e a lei divina como a constitui\u00e7\u00e3o do povo. A ordem social que emerge \u00e9 uma ant\u00edtese da escravid\u00e3o: uma comunidade baseada na justi\u00e7a, no cuidado com o estrangeiro, no \u00f3rf\u00e3o e na vi\u00fava, precisamente porque conheceram a opress\u00e3o no Egito (cf. \u00caxodo 22:21).<\/p>\n<p>\u00a0<\/p>\n<p><strong>4. CONCLUS\u00c3O<\/strong><\/p>\n<p>O di\u00e1logo \u201cDeixa o meu povo ir\u201d entre Mois\u00e9s e Fara\u00f3 representa um dos mais poderosos arqu\u00e9tipos da hist\u00f3ria das religi\u00f5es e da filosofia pol\u00edtica. Ele encapsula o conflito eterno entre a demanda divina e humana por liberdade e as estruturas de poder que buscam neg\u00e1-la. A an\u00e1lise demonstrou que a demanda \u00e9 indivisivelmente religiosa e pol\u00edtica, pois a verdadeira adora\u00e7\u00e3o a Deus \u00e9 incompat\u00edvel com a servid\u00e3o a um poder humano absoluto.<\/p>\n<p>A figura de Fara\u00f3 e o endurecimento de seu cora\u00e7\u00e3o ilustram a natureza autodestrutiva da arrog\u00e2ncia do poder que se recusa a ceder \u00e0 justi\u00e7a. As pragas, por sua vez, revelam-se n\u00e3o como atos de for\u00e7a bruta, mas como um julgamento teologicamente coerente que desmonta as bases ideol\u00f3gicas do imp\u00e9rio.<\/p>\n<p>Por fim, o \u00caxodo permanece como um paradigma de esperan\u00e7a e um chamado \u00e0 a\u00e7\u00e3o. Ele afirma que a liberta\u00e7\u00e3o \u00e9 poss\u00edvel, que os sistemas opressivos, por mais consolidados que pare\u00e7am, s\u00e3o vulner\u00e1veis ao poder divino que atua atrav\u00e9s de lideran\u00e7as humanas em prol da justi\u00e7a. A mensagem \u201cDeixa o meu povo ir\u201d ecoa para al\u00e9m do contexto antigo, inspirando movimentos de liberta\u00e7\u00e3o ao longo da hist\u00f3ria e servindo como um lembrete perene de que a liberdade \u00e9 um dom de Deus e um direito inalien\u00e1vel de todo povo.<\/p>\n<p>\u00a0<\/p>\n<p><strong>REFER\u00caNCIAS BIBLIOGR\u00c1FICAS<\/strong><\/p>\n<p>BRUEGGEMANN, Walter. <em>Abiding Astonishment: Psalms, Modernity, and the Making of History<\/em>. Westminster John Knox Press, 1991.<\/p>\n<p>FREITHEIM, Terence E. <em>Exodus: Interpretation: A Bible Commentary for Teaching and Preaching<\/em>. John Knox Press, 2010.<\/p>\n<p>MEYER, Esli. <em>\u00caxodo<\/em>. In: Coment\u00e1rio B\u00edblico Africano. Mundo Crist\u00e3o, 2010.<\/p>\n<p>SKA, Jean-Louis. <em>Introduction to Reading the Pentateuch<\/em>. Eisenbrauns, 2006.<\/p>\n<p>SOGIN, J. Alberto. <em>A Hist\u00f3ria de Israel: Teologia e Sociologia no Antigo Israel<\/em>. Vozes, 1987.<\/p>\n<p>THE NETERU &amp; THE PLAGUES: A Theological Analysis. <em>Journal of Biblical Literature<\/em>, vol. 125, no. 3, 2006, pp. 1-15.<\/p>\n<p>\u00a0<\/p>\n<p><strong>Daniel Santos Ramos<\/strong> (@profdanielramos) \u00e9 professor (Portugu\u00eas\/Ingl\u00eas &#8211; SEE-MG, EJA\/EM\/EFII), colunista do Guia-me e professor de Teologia em diversos semin\u00e1rios. Possui Licenciatura em Letras (2024), Bacharelado\/Mestrado em Teologia (2013\/2015) e p\u00f3s-gradua\u00e7\u00e3o em Doc\u00eancia. Autor de 2 livros de Teologia, tem mais de 20 anos de experi\u00eancia ministerial e \u00e9 membro da Assembleia\u00a0de\u00a0Deus\u00a0em\u00a0BH.<\/p>\n<p><em>* O conte\u00fado do texto acima \u00e9 uma colabora\u00e7\u00e3o volunt\u00e1ria, de total responsabilidade do autor e n\u00e3o reflete necessariamente a opini\u00e3o do Portal Guiame.<\/em><\/p>\n<p>Leia o artigo anterior: <span style=\"color: #800000;\"><strong>Jesus Cristo \u00e9 o Filho de Deus: Os fundamentos b\u00edblicos e dogm\u00e1ticos da filia\u00e7\u00e3o divina<\/strong><\/span><\/p>\n<\/div>\n<p><br \/>\n<br \/>Fonte: Guiame <\/p>\n","protected":false},"excerpt":{"rendered":"<p>1.\u00a0INTRODU\u00c7\u00c3O O livro do \u00caxodo ocupa um lugar central na Tor\u00e1 judaica e no Antigo Testamento crist\u00e3o, narrando a funda\u00e7\u00e3o de Israel como povo livre, covenantalmente ligado a Jav\u00e9. O epicentro dessa narrativa \u00e9 o confronto dial\u00e9tico entre Mois\u00e9s, o profeta libertador, e o Fara\u00f3, o monarca eg\u00edpcio an\u00f4nimo que personifica o poder opressor. A [&hellip;]<\/p>\n","protected":false},"author":1,"featured_media":5227,"comment_status":"","ping_status":"open","sticky":false,"template":"","format":"standard","meta":{"footnotes":""},"categories":[43],"tags":[],"class_list":["post-5226","post","type-post","status-publish","format-standard","has-post-thumbnail","hentry","category-destaques"],"yoast_head":"<!-- This site is optimized with the Yoast SEO plugin v26.8 - https:\/\/yoast.com\/product\/yoast-seo-wordpress\/ -->\n<title>Deixa o meu povo ir: Uma an\u00e1lise do di\u00e1logo \u201cteopol\u00edtico\u201d entre Mois\u00e9s e Fara\u00f3 - R\u00e1dio Porto Seguro<\/title>\n<meta name=\"robots\" content=\"index, follow, max-snippet:-1, max-image-preview:large, max-video-preview:-1\" \/>\n<link rel=\"canonical\" href=\"https:\/\/radioportoseguro.com.br\/site\/2026\/03\/20\/deixa-o-meu-povo-ir-uma-analise-do-dialogo-teopolitico-entre-moises-e-farao\/\" \/>\n<meta property=\"og:locale\" content=\"pt_BR\" \/>\n<meta property=\"og:type\" content=\"article\" \/>\n<meta property=\"og:title\" content=\"Deixa o meu povo ir: Uma an\u00e1lise do di\u00e1logo \u201cteopol\u00edtico\u201d entre Mois\u00e9s e Fara\u00f3 - R\u00e1dio Porto Seguro\" \/>\n<meta property=\"og:description\" content=\"1.\u00a0INTRODU\u00c7\u00c3O O livro do \u00caxodo ocupa um lugar central na Tor\u00e1 judaica e no Antigo Testamento crist\u00e3o, narrando a funda\u00e7\u00e3o de Israel como povo livre, covenantalmente ligado a Jav\u00e9. O epicentro dessa narrativa \u00e9 o confronto dial\u00e9tico entre Mois\u00e9s, o profeta libertador, e o Fara\u00f3, o monarca eg\u00edpcio an\u00f4nimo que personifica o poder opressor. A [&hellip;]\" \/>\n<meta property=\"og:url\" content=\"https:\/\/radioportoseguro.com.br\/site\/2026\/03\/20\/deixa-o-meu-povo-ir-uma-analise-do-dialogo-teopolitico-entre-moises-e-farao\/\" \/>\n<meta property=\"og:site_name\" content=\"R\u00e1dio Porto Seguro\" \/>\n<meta property=\"article:published_time\" content=\"2026-03-20T14:06:15+00:00\" \/>\n<meta property=\"og:image\" content=\"https:\/\/media.guiame.com.br\/archives\/2026\/03\/19\/3920401548-moises-farao.png\" \/>\n<meta name=\"author\" content=\"admin\" \/>\n<meta name=\"twitter:card\" content=\"summary_large_image\" \/>\n<meta name=\"twitter:label1\" content=\"Escrito por\" \/>\n\t<meta name=\"twitter:data1\" content=\"admin\" \/>\n\t<meta name=\"twitter:label2\" content=\"Est. tempo de leitura\" \/>\n\t<meta name=\"twitter:data2\" content=\"7 minutos\" \/>\n<script type=\"application\/ld+json\" class=\"yoast-schema-graph\">{\"@context\":\"https:\/\/schema.org\",\"@graph\":[{\"@type\":\"Article\",\"@id\":\"https:\/\/radioportoseguro.com.br\/site\/2026\/03\/20\/deixa-o-meu-povo-ir-uma-analise-do-dialogo-teopolitico-entre-moises-e-farao\/#article\",\"isPartOf\":{\"@id\":\"https:\/\/radioportoseguro.com.br\/site\/2026\/03\/20\/deixa-o-meu-povo-ir-uma-analise-do-dialogo-teopolitico-entre-moises-e-farao\/\"},\"author\":{\"name\":\"admin\",\"@id\":\"https:\/\/radioportoseguro.com.br\/site\/#\/schema\/person\/7630acdc320186f13639d3c067ec089b\"},\"headline\":\"Deixa o meu povo ir: Uma an\u00e1lise do di\u00e1logo \u201cteopol\u00edtico\u201d entre Mois\u00e9s e Fara\u00f3\",\"datePublished\":\"2026-03-20T14:06:15+00:00\",\"mainEntityOfPage\":{\"@id\":\"https:\/\/radioportoseguro.com.br\/site\/2026\/03\/20\/deixa-o-meu-povo-ir-uma-analise-do-dialogo-teopolitico-entre-moises-e-farao\/\"},\"wordCount\":1354,\"image\":{\"@id\":\"https:\/\/radioportoseguro.com.br\/site\/2026\/03\/20\/deixa-o-meu-povo-ir-uma-analise-do-dialogo-teopolitico-entre-moises-e-farao\/#primaryimage\"},\"thumbnailUrl\":\"https:\/\/radioportoseguro.com.br\/site\/wp-content\/uploads\/2026\/03\/3920401548-moises-farao.png\",\"articleSection\":[\"Destaques\"],\"inLanguage\":\"pt-BR\"},{\"@type\":\"WebPage\",\"@id\":\"https:\/\/radioportoseguro.com.br\/site\/2026\/03\/20\/deixa-o-meu-povo-ir-uma-analise-do-dialogo-teopolitico-entre-moises-e-farao\/\",\"url\":\"https:\/\/radioportoseguro.com.br\/site\/2026\/03\/20\/deixa-o-meu-povo-ir-uma-analise-do-dialogo-teopolitico-entre-moises-e-farao\/\",\"name\":\"Deixa o meu povo ir: Uma an\u00e1lise do di\u00e1logo \u201cteopol\u00edtico\u201d entre Mois\u00e9s e Fara\u00f3 - R\u00e1dio Porto Seguro\",\"isPartOf\":{\"@id\":\"https:\/\/radioportoseguro.com.br\/site\/#website\"},\"primaryImageOfPage\":{\"@id\":\"https:\/\/radioportoseguro.com.br\/site\/2026\/03\/20\/deixa-o-meu-povo-ir-uma-analise-do-dialogo-teopolitico-entre-moises-e-farao\/#primaryimage\"},\"image\":{\"@id\":\"https:\/\/radioportoseguro.com.br\/site\/2026\/03\/20\/deixa-o-meu-povo-ir-uma-analise-do-dialogo-teopolitico-entre-moises-e-farao\/#primaryimage\"},\"thumbnailUrl\":\"https:\/\/radioportoseguro.com.br\/site\/wp-content\/uploads\/2026\/03\/3920401548-moises-farao.png\",\"datePublished\":\"2026-03-20T14:06:15+00:00\",\"author\":{\"@id\":\"https:\/\/radioportoseguro.com.br\/site\/#\/schema\/person\/7630acdc320186f13639d3c067ec089b\"},\"breadcrumb\":{\"@id\":\"https:\/\/radioportoseguro.com.br\/site\/2026\/03\/20\/deixa-o-meu-povo-ir-uma-analise-do-dialogo-teopolitico-entre-moises-e-farao\/#breadcrumb\"},\"inLanguage\":\"pt-BR\",\"potentialAction\":[{\"@type\":\"ReadAction\",\"target\":[\"https:\/\/radioportoseguro.com.br\/site\/2026\/03\/20\/deixa-o-meu-povo-ir-uma-analise-do-dialogo-teopolitico-entre-moises-e-farao\/\"]}]},{\"@type\":\"ImageObject\",\"inLanguage\":\"pt-BR\",\"@id\":\"https:\/\/radioportoseguro.com.br\/site\/2026\/03\/20\/deixa-o-meu-povo-ir-uma-analise-do-dialogo-teopolitico-entre-moises-e-farao\/#primaryimage\",\"url\":\"https:\/\/radioportoseguro.com.br\/site\/wp-content\/uploads\/2026\/03\/3920401548-moises-farao.png\",\"contentUrl\":\"https:\/\/radioportoseguro.com.br\/site\/wp-content\/uploads\/2026\/03\/3920401548-moises-farao.png\",\"width\":1200,\"height\":600},{\"@type\":\"BreadcrumbList\",\"@id\":\"https:\/\/radioportoseguro.com.br\/site\/2026\/03\/20\/deixa-o-meu-povo-ir-uma-analise-do-dialogo-teopolitico-entre-moises-e-farao\/#breadcrumb\",\"itemListElement\":[{\"@type\":\"ListItem\",\"position\":1,\"name\":\"In\u00edcio\",\"item\":\"https:\/\/radioportoseguro.com.br\/site\/\"},{\"@type\":\"ListItem\",\"position\":2,\"name\":\"Deixa o meu povo ir: Uma an\u00e1lise do di\u00e1logo \u201cteopol\u00edtico\u201d entre Mois\u00e9s e Fara\u00f3\"}]},{\"@type\":\"WebSite\",\"@id\":\"https:\/\/radioportoseguro.com.br\/site\/#website\",\"url\":\"https:\/\/radioportoseguro.com.br\/site\/\",\"name\":\"R\u00e1dio Porto Seguro\",\"description\":\"\",\"potentialAction\":[{\"@type\":\"SearchAction\",\"target\":{\"@type\":\"EntryPoint\",\"urlTemplate\":\"https:\/\/radioportoseguro.com.br\/site\/?s={search_term_string}\"},\"query-input\":{\"@type\":\"PropertyValueSpecification\",\"valueRequired\":true,\"valueName\":\"search_term_string\"}}],\"inLanguage\":\"pt-BR\"},{\"@type\":\"Person\",\"@id\":\"https:\/\/radioportoseguro.com.br\/site\/#\/schema\/person\/7630acdc320186f13639d3c067ec089b\",\"name\":\"admin\",\"image\":{\"@type\":\"ImageObject\",\"inLanguage\":\"pt-BR\",\"@id\":\"https:\/\/radioportoseguro.com.br\/site\/#\/schema\/person\/image\/\",\"url\":\"https:\/\/secure.gravatar.com\/avatar\/caacf4dc1eedb68fab0df8e1ed46c448e578b2466351bbcb61e47d2ac0caaef0?s=96&d=mm&r=g\",\"contentUrl\":\"https:\/\/secure.gravatar.com\/avatar\/caacf4dc1eedb68fab0df8e1ed46c448e578b2466351bbcb61e47d2ac0caaef0?s=96&d=mm&r=g\",\"caption\":\"admin\"},\"sameAs\":[\"https:\/\/radioportoseguro.com.br\/site\"],\"url\":\"https:\/\/radioportoseguro.com.br\/site\/author\/hezio\/\"}]}<\/script>\n<!-- \/ Yoast SEO plugin. -->","yoast_head_json":{"title":"Deixa o meu povo ir: Uma an\u00e1lise do di\u00e1logo \u201cteopol\u00edtico\u201d entre Mois\u00e9s e Fara\u00f3 - R\u00e1dio Porto Seguro","robots":{"index":"index","follow":"follow","max-snippet":"max-snippet:-1","max-image-preview":"max-image-preview:large","max-video-preview":"max-video-preview:-1"},"canonical":"https:\/\/radioportoseguro.com.br\/site\/2026\/03\/20\/deixa-o-meu-povo-ir-uma-analise-do-dialogo-teopolitico-entre-moises-e-farao\/","og_locale":"pt_BR","og_type":"article","og_title":"Deixa o meu povo ir: Uma an\u00e1lise do di\u00e1logo \u201cteopol\u00edtico\u201d entre Mois\u00e9s e Fara\u00f3 - R\u00e1dio Porto Seguro","og_description":"1.\u00a0INTRODU\u00c7\u00c3O O livro do \u00caxodo ocupa um lugar central na Tor\u00e1 judaica e no Antigo Testamento crist\u00e3o, narrando a funda\u00e7\u00e3o de Israel como povo livre, covenantalmente ligado a Jav\u00e9. O epicentro dessa narrativa \u00e9 o confronto dial\u00e9tico entre Mois\u00e9s, o profeta libertador, e o Fara\u00f3, o monarca eg\u00edpcio an\u00f4nimo que personifica o poder opressor. A [&hellip;]","og_url":"https:\/\/radioportoseguro.com.br\/site\/2026\/03\/20\/deixa-o-meu-povo-ir-uma-analise-do-dialogo-teopolitico-entre-moises-e-farao\/","og_site_name":"R\u00e1dio Porto Seguro","article_published_time":"2026-03-20T14:06:15+00:00","og_image":[{"url":"https:\/\/media.guiame.com.br\/archives\/2026\/03\/19\/3920401548-moises-farao.png","type":"","width":"","height":""}],"author":"admin","twitter_card":"summary_large_image","twitter_misc":{"Escrito por":"admin","Est. tempo de leitura":"7 minutos"},"schema":{"@context":"https:\/\/schema.org","@graph":[{"@type":"Article","@id":"https:\/\/radioportoseguro.com.br\/site\/2026\/03\/20\/deixa-o-meu-povo-ir-uma-analise-do-dialogo-teopolitico-entre-moises-e-farao\/#article","isPartOf":{"@id":"https:\/\/radioportoseguro.com.br\/site\/2026\/03\/20\/deixa-o-meu-povo-ir-uma-analise-do-dialogo-teopolitico-entre-moises-e-farao\/"},"author":{"name":"admin","@id":"https:\/\/radioportoseguro.com.br\/site\/#\/schema\/person\/7630acdc320186f13639d3c067ec089b"},"headline":"Deixa o meu povo ir: Uma an\u00e1lise do di\u00e1logo \u201cteopol\u00edtico\u201d entre Mois\u00e9s e Fara\u00f3","datePublished":"2026-03-20T14:06:15+00:00","mainEntityOfPage":{"@id":"https:\/\/radioportoseguro.com.br\/site\/2026\/03\/20\/deixa-o-meu-povo-ir-uma-analise-do-dialogo-teopolitico-entre-moises-e-farao\/"},"wordCount":1354,"image":{"@id":"https:\/\/radioportoseguro.com.br\/site\/2026\/03\/20\/deixa-o-meu-povo-ir-uma-analise-do-dialogo-teopolitico-entre-moises-e-farao\/#primaryimage"},"thumbnailUrl":"https:\/\/radioportoseguro.com.br\/site\/wp-content\/uploads\/2026\/03\/3920401548-moises-farao.png","articleSection":["Destaques"],"inLanguage":"pt-BR"},{"@type":"WebPage","@id":"https:\/\/radioportoseguro.com.br\/site\/2026\/03\/20\/deixa-o-meu-povo-ir-uma-analise-do-dialogo-teopolitico-entre-moises-e-farao\/","url":"https:\/\/radioportoseguro.com.br\/site\/2026\/03\/20\/deixa-o-meu-povo-ir-uma-analise-do-dialogo-teopolitico-entre-moises-e-farao\/","name":"Deixa o meu povo ir: Uma an\u00e1lise do di\u00e1logo \u201cteopol\u00edtico\u201d entre Mois\u00e9s e Fara\u00f3 - R\u00e1dio Porto Seguro","isPartOf":{"@id":"https:\/\/radioportoseguro.com.br\/site\/#website"},"primaryImageOfPage":{"@id":"https:\/\/radioportoseguro.com.br\/site\/2026\/03\/20\/deixa-o-meu-povo-ir-uma-analise-do-dialogo-teopolitico-entre-moises-e-farao\/#primaryimage"},"image":{"@id":"https:\/\/radioportoseguro.com.br\/site\/2026\/03\/20\/deixa-o-meu-povo-ir-uma-analise-do-dialogo-teopolitico-entre-moises-e-farao\/#primaryimage"},"thumbnailUrl":"https:\/\/radioportoseguro.com.br\/site\/wp-content\/uploads\/2026\/03\/3920401548-moises-farao.png","datePublished":"2026-03-20T14:06:15+00:00","author":{"@id":"https:\/\/radioportoseguro.com.br\/site\/#\/schema\/person\/7630acdc320186f13639d3c067ec089b"},"breadcrumb":{"@id":"https:\/\/radioportoseguro.com.br\/site\/2026\/03\/20\/deixa-o-meu-povo-ir-uma-analise-do-dialogo-teopolitico-entre-moises-e-farao\/#breadcrumb"},"inLanguage":"pt-BR","potentialAction":[{"@type":"ReadAction","target":["https:\/\/radioportoseguro.com.br\/site\/2026\/03\/20\/deixa-o-meu-povo-ir-uma-analise-do-dialogo-teopolitico-entre-moises-e-farao\/"]}]},{"@type":"ImageObject","inLanguage":"pt-BR","@id":"https:\/\/radioportoseguro.com.br\/site\/2026\/03\/20\/deixa-o-meu-povo-ir-uma-analise-do-dialogo-teopolitico-entre-moises-e-farao\/#primaryimage","url":"https:\/\/radioportoseguro.com.br\/site\/wp-content\/uploads\/2026\/03\/3920401548-moises-farao.png","contentUrl":"https:\/\/radioportoseguro.com.br\/site\/wp-content\/uploads\/2026\/03\/3920401548-moises-farao.png","width":1200,"height":600},{"@type":"BreadcrumbList","@id":"https:\/\/radioportoseguro.com.br\/site\/2026\/03\/20\/deixa-o-meu-povo-ir-uma-analise-do-dialogo-teopolitico-entre-moises-e-farao\/#breadcrumb","itemListElement":[{"@type":"ListItem","position":1,"name":"In\u00edcio","item":"https:\/\/radioportoseguro.com.br\/site\/"},{"@type":"ListItem","position":2,"name":"Deixa o meu povo ir: Uma an\u00e1lise do di\u00e1logo \u201cteopol\u00edtico\u201d entre Mois\u00e9s e Fara\u00f3"}]},{"@type":"WebSite","@id":"https:\/\/radioportoseguro.com.br\/site\/#website","url":"https:\/\/radioportoseguro.com.br\/site\/","name":"R\u00e1dio Porto Seguro","description":"","potentialAction":[{"@type":"SearchAction","target":{"@type":"EntryPoint","urlTemplate":"https:\/\/radioportoseguro.com.br\/site\/?s={search_term_string}"},"query-input":{"@type":"PropertyValueSpecification","valueRequired":true,"valueName":"search_term_string"}}],"inLanguage":"pt-BR"},{"@type":"Person","@id":"https:\/\/radioportoseguro.com.br\/site\/#\/schema\/person\/7630acdc320186f13639d3c067ec089b","name":"admin","image":{"@type":"ImageObject","inLanguage":"pt-BR","@id":"https:\/\/radioportoseguro.com.br\/site\/#\/schema\/person\/image\/","url":"https:\/\/secure.gravatar.com\/avatar\/caacf4dc1eedb68fab0df8e1ed46c448e578b2466351bbcb61e47d2ac0caaef0?s=96&d=mm&r=g","contentUrl":"https:\/\/secure.gravatar.com\/avatar\/caacf4dc1eedb68fab0df8e1ed46c448e578b2466351bbcb61e47d2ac0caaef0?s=96&d=mm&r=g","caption":"admin"},"sameAs":["https:\/\/radioportoseguro.com.br\/site"],"url":"https:\/\/radioportoseguro.com.br\/site\/author\/hezio\/"}]}},"_links":{"self":[{"href":"https:\/\/radioportoseguro.com.br\/site\/wp-json\/wp\/v2\/posts\/5226","targetHints":{"allow":["GET"]}}],"collection":[{"href":"https:\/\/radioportoseguro.com.br\/site\/wp-json\/wp\/v2\/posts"}],"about":[{"href":"https:\/\/radioportoseguro.com.br\/site\/wp-json\/wp\/v2\/types\/post"}],"author":[{"embeddable":true,"href":"https:\/\/radioportoseguro.com.br\/site\/wp-json\/wp\/v2\/users\/1"}],"replies":[{"embeddable":true,"href":"https:\/\/radioportoseguro.com.br\/site\/wp-json\/wp\/v2\/comments?post=5226"}],"version-history":[{"count":0,"href":"https:\/\/radioportoseguro.com.br\/site\/wp-json\/wp\/v2\/posts\/5226\/revisions"}],"wp:featuredmedia":[{"embeddable":true,"href":"https:\/\/radioportoseguro.com.br\/site\/wp-json\/wp\/v2\/media\/5227"}],"wp:attachment":[{"href":"https:\/\/radioportoseguro.com.br\/site\/wp-json\/wp\/v2\/media?parent=5226"}],"wp:term":[{"taxonomy":"category","embeddable":true,"href":"https:\/\/radioportoseguro.com.br\/site\/wp-json\/wp\/v2\/categories?post=5226"},{"taxonomy":"post_tag","embeddable":true,"href":"https:\/\/radioportoseguro.com.br\/site\/wp-json\/wp\/v2\/tags?post=5226"}],"curies":[{"name":"wp","href":"https:\/\/api.w.org\/{rel}","templated":true}]}}