{"id":5247,"date":"2026-03-20T23:19:53","date_gmt":"2026-03-21T02:19:53","guid":{"rendered":"https:\/\/radioportoseguro.com.br\/site\/2026\/03\/20\/reino-unido-pastor-relata-mais-de-1-000-conversoes-em-1-ano-de-ministerio-com-a-geracao-z\/"},"modified":"2026-03-20T23:19:53","modified_gmt":"2026-03-21T02:19:53","slug":"reino-unido-pastor-relata-mais-de-1-000-conversoes-em-1-ano-de-ministerio-com-a-geracao-z","status":"publish","type":"post","link":"https:\/\/radioportoseguro.com.br\/site\/2026\/03\/20\/reino-unido-pastor-relata-mais-de-1-000-conversoes-em-1-ano-de-ministerio-com-a-geracao-z\/","title":{"rendered":"Reino Unido: Pastor relata mais de 1.000 convers\u00f5es em 1 ano de minist\u00e9rio com a Gera\u00e7\u00e3o Z"},"content":{"rendered":"<p><br \/>\n<br \/><\/p>\n<div>\n<p>Um casal de pastores de jovens tem testemunhado um movimento crescente de f\u00e9 entre a <span style=\"color: #800000;\"><strong>Gera\u00e7\u00e3o Z<\/strong><\/span>, com mais de mil decis\u00f5es por Jesus registradas em apenas 12 meses.<\/p>\n<p>A experi\u00eancia, descrita como um verdadeiro avivamento, tem impactado igrejas e comunidades inteiras no<span style=\"color: #800000;\"> <strong>Reino Unido<\/strong><\/span>.<\/p>\n<blockquote class=\"instagram-media\" style=\"background: #FFF; border: 0; border-radius: 3px; box-shadow: 0 0 1px 0 rgba(0,0,0,0.5),0 1px 10px 0 rgba(0,0,0,0.15); margin: 1px; max-width: 540px; min-width: 326px; padding: 0; width: calc(100% - 2px);\" data-instgrm-captioned=\"\" data-instgrm-permalink=\"https:\/\/www.instagram.com\/reel\/DTLjhRMiB3L\/?utm_source=ig_embed&amp;utm_campaign=loading\" data-instgrm-version=\"14\"><p>&#13;<br \/>\n&#13;\n<\/p><\/blockquote>\n<p>Josh e Emma Green, cofundadores da Gen Zeal que nasceu em 2024, atuam diretamente no trabalho evangel\u00edstico com a nova gera\u00e7\u00e3o e afirmam que o que t\u00eam vivido vai al\u00e9m de estrat\u00e9gias humanas.<\/p>\n<p>\u201cUm ano se passou, e tem sido uma jornada intensa e extraordin\u00e1ria\u201d conta Josh.<\/p>\n<p>\u201cNos \u00faltimos 12 meses, vimos mais de 1.000 jovens tomarem a decis\u00e3o de seguir a Jesus pela primeira vez. Treinamos centenas de jovens adultos em ora\u00e7\u00e3o e miss\u00f5es, e visitamos nove na\u00e7\u00f5es diferentes, pregando o Evangelho.\u201d<\/p>\n<p>Josh relata que o minist\u00e9rio nasceu a partir de um passo de f\u00e9 e ousadia, no momento em que acreditam ter recebido de Deus o chamado.<\/p>\n<p>Josh admite que, no in\u00edcio, o sentimento foi de temor. \u201cQuando oramos e entregamos isso a Deus, n\u00e3o foi tanto uma ora\u00e7\u00e3o de f\u00e9, mas quase de ceticismo: \u2018Deus, isso n\u00e3o pode vir de Ti\u2026 mas, se vier, precisamos que o Senhor deixe isso muito claro\u2019\u201d, relembra.<\/p>\n<p>Segundo ele, poucos dias depois, a pastora s\u00eanior de sua igreja, Karen Wheaton, que estava em visita vinda dos EUA, trouxe uma confirma\u00e7\u00e3o inesperada.<\/p>\n<p>Durante a prega\u00e7\u00e3o, ela o chamou pelo nome e declarou diante da igreja:<\/p>\n<p>\u201cAquilo que Deus lhe disse para fazer importa. Josh Green, aquela palavra que Ele lhe deu sobre a Gen Zeal importa. E cada atraso pode significar mais uma alma perdida\u201d.<\/p>\n<p><strong>Mover inesperado <\/strong><\/p>\n<p>Segundo Josh, o que mais chama aten\u00e7\u00e3o n\u00e3o \u00e9 apenas o n\u00famero de <span style=\"color: #800000;\"><strong>jovens chegando a Jesus<\/strong><\/span>, mas a intensidade das respostas ao Evangelho. Eles destacam que grupos inteiros t\u00eam se rendido a Cristo, indicando uma fome espiritual crescente.<\/p>\n<blockquote class=\"instagram-media\" style=\"background: #FFF; border: 0; border-radius: 3px; box-shadow: 0 0 1px 0 rgba(0,0,0,0.5),0 1px 10px 0 rgba(0,0,0,0.15); margin: 1px; max-width: 540px; min-width: 326px; padding: 0; width: calc(100% - 2px);\" data-instgrm-captioned=\"\" data-instgrm-permalink=\"https:\/\/www.instagram.com\/reel\/DGk0KZqC6rM\/?utm_source=ig_embed&amp;utm_campaign=loading\" data-instgrm-version=\"14\"><p>&#13;<br \/>\n&#13;\n<\/p><\/blockquote>\n<p>Em outro relato, Josh j\u00e1 havia observado que \u201cvimos grupos inteiros de jovens entregarem suas vidas a Deus\u201d, refor\u00e7ando que o fen\u00f4meno n\u00e3o \u00e9 isolado, mas coletivo.<\/p>\n<p>Esse despertar espiritual tem ocorrido especialmente entre a chamada Gera\u00e7\u00e3o Z, frequentemente associada \u00e0 crise de sentido e ao excesso de est\u00edmulos digitais \u2013 um contexto que, paradoxalmente, tem levado muitos a buscar algo mais profundo.<\/p>\n<p><strong>Evangelismo e poder transformador<\/strong><\/p>\n<p>O minist\u00e9rio liderado pelo casal desenvolve um trabalho baseado na prega\u00e7\u00e3o direta do Evangelho e na cria\u00e7\u00e3o de espa\u00e7os voltados para que jovens tenham uma experi\u00eancia aut\u00eantica com Deus.<\/p>\n<p>Segundo eles, os resultados ultrapassam escolhas moment\u00e2neas e se refletem em mudan\u00e7as de vida, engajamento com a igreja e amadurecimento espiritual ao longo do tempo.<\/p>\n<p>Josh destaca que o foco n\u00e3o est\u00e1 em t\u00e9cnicas complexas, mas em colocar Cristo no centro de tudo.<\/p>\n<p>Seu relato refor\u00e7a a vis\u00e3o de uma igreja conectada \u00e0s suas ra\u00edzes, sustentada pela ora\u00e7\u00e3o, pela prega\u00e7\u00e3o e pela depend\u00eancia do Esp\u00edrito Santo.<\/p>\n<p><strong>Oportunidade para evangelismo<\/strong><\/p>\n<p>Para Josh, este \u00e9 um momento especialmente favor\u00e1vel para a prega\u00e7\u00e3o do Evangelho, com portas e cora\u00e7\u00f5es abertos.<\/p>\n<p>\u201cParece que faz muito tempo desde que houve uma oportunidade t\u00e3o grande para o evangelismo. A Gera\u00e7\u00e3o Z est\u00e1 chegando \u00e0 f\u00e9 em um ritmo muito mais acelerado do que as gera\u00e7\u00f5es anteriores\u201d, afirma.<\/p>\n<p>Ele tamb\u00e9m aponta sinais concretos desse movimento.<\/p>\n<p>\u201cAs vendas de B\u00edblias est\u00e3o crescendo rapidamente no Reino Unido, com os jovens \u00e0 frente desse avan\u00e7o. Al\u00e9m disso, de acordo com a Alian\u00e7a Evang\u00e9lica, h\u00e1 hoje cerca de 2 milh\u00f5es de pessoas a mais frequentando igrejas em compara\u00e7\u00e3o com o ano de 2019\u201d, destaca.<\/p>\n<p>Por outro lado, Josh ressalta que, apesar dos sinais de crescimento, a realidade ainda \u00e9 desafiadora.<\/p>\n<p>Ele afirma que a maioria das igrejas continua sem um p\u00fablico jovem expressivo, muitas vezes contando com menos de cinco jovens em suas congrega\u00e7\u00f5es. No Reino Unido, cerca de um ter\u00e7o das igrejas n\u00e3o registra a presen\u00e7a de pessoas com menos de 16 anos.<\/p>\n<p>A esse cen\u00e1rio somam\u2011se dados preocupantes: quase metade dos jovens que frequentavam a igreja na inf\u00e2ncia ou na adolesc\u00eancia deixa de participar ao chegar aos 20 anos \u2014 e n\u00e3o retorna.<\/p>\n<p>Al\u00e9m disso, Josh lembra que os jovens enfrentam, de forma desproporcional, desafios pol\u00edticos, econ\u00f4micos e quest\u00f5es relacionadas \u00e0 sa\u00fade mental, o que torna o contexto ainda mais complexo.<\/p>\n<p>Um sinal dessa dificuldade apareceu em 2023, quando ele recebeu convites para ocupar quatro cargos de pastor de jovens em grandes igrejas, todas com boa estrutura, mas sem conseguir preencher a vaga.<\/p>\n<p>Segundo ele, essa mesma realidade se repetiu em viagens pelo Reino Unido, com igrejas anunciando a posi\u00e7\u00e3o por mais de um ano sem sucesso \u2013 o que levanta questionamentos sobre a situa\u00e7\u00e3o das comunidades com ainda menos recursos.<\/p>\n<p><strong>Sinal de esperan\u00e7a para a igreja<\/strong><\/p>\n<p>Em meio a um cen\u00e1rio de constantes preocupa\u00e7\u00f5es sobre o distanciamento dos jovens da f\u00e9, o testemunho de Josh e Emma Green aparece como um sinal encorajador.<\/p>\n<p>Josh lembra que a <span style=\"color: #800000;\"><strong>hist\u00f3ria dos avivamentos<\/strong><\/span> mostra que Deus responde com poder quando Seu povo se dedica \u00e0 ora\u00e7\u00e3o, mesmo em tempos dif\u00edceis.<\/p>\n<p>Para ele, a ora\u00e7\u00e3o feita em secreto gera impacto p\u00fablico, e quem ora pode confiar que Deus agir\u00e1 de forma poderosa.<\/p>\n<p>\u201cCostumo dizer que a ora\u00e7\u00e3o particular gera poder p\u00fablico, conforme Jesus ensina em Mateus 6:6: \u2018Mas, quando voc\u00ea orar, v\u00e1 para o seu quarto, feche a porta e ore ao seu Pai, que est\u00e1 em secreto. Ent\u00e3o o seu Pai, que v\u00ea o que \u00e9 feito em secreto, o recompensar\u00e1.\u2019 Portanto, quando oramos, podemos confiar que Deus agir\u00e1 com poder.\u201d<\/p>\n<p>Josh afirma que um dos objetivos da Gen Zeal \u00e9 formar e capacitar jovens adultos para que estejam prontos para liderar o trabalho com a nova gera\u00e7\u00e3o.<\/p>\n<p>\u201cComo parte dessa vis\u00e3o, lan\u00e7aremos em 2027 uma escola de ora\u00e7\u00e3o e miss\u00f5es, destinada a capacitar jovens adultos que buscam a Jesus com paix\u00e3o\u201d, diz.<\/p>\n<\/div>\n<p><script async src=\"\/\/www.instagram.com\/embed.js\"><\/script><br \/>\n<br \/><br \/>\n<br \/>Fonte: Guiame <\/p>\n","protected":false},"excerpt":{"rendered":"<p>Um casal de pastores de jovens tem testemunhado um movimento crescente de f\u00e9 entre a Gera\u00e7\u00e3o Z, com mais de mil decis\u00f5es por Jesus registradas em apenas 12 meses. A experi\u00eancia, descrita como um verdadeiro avivamento, tem impactado igrejas e comunidades inteiras no Reino Unido. &#13; &#13; Josh e Emma Green, cofundadores da Gen Zeal [&hellip;]<\/p>\n","protected":false},"author":1,"featured_media":5248,"comment_status":"","ping_status":"open","sticky":false,"template":"","format":"standard","meta":{"footnotes":""},"categories":[43],"tags":[],"class_list":["post-5247","post","type-post","status-publish","format-standard","has-post-thumbnail","hentry","category-destaques"],"yoast_head":"<!-- This site is optimized with the Yoast SEO plugin v26.8 - https:\/\/yoast.com\/product\/yoast-seo-wordpress\/ -->\n<title>Reino Unido: Pastor relata mais de 1.000 convers\u00f5es em 1 ano de minist\u00e9rio com a Gera\u00e7\u00e3o Z - R\u00e1dio Porto Seguro<\/title>\n<meta name=\"robots\" content=\"index, follow, max-snippet:-1, max-image-preview:large, max-video-preview:-1\" \/>\n<link rel=\"canonical\" href=\"https:\/\/radioportoseguro.com.br\/site\/2026\/03\/20\/reino-unido-pastor-relata-mais-de-1-000-conversoes-em-1-ano-de-ministerio-com-a-geracao-z\/\" \/>\n<meta property=\"og:locale\" content=\"pt_BR\" \/>\n<meta property=\"og:type\" content=\"article\" \/>\n<meta property=\"og:title\" content=\"Reino Unido: Pastor relata mais de 1.000 convers\u00f5es em 1 ano de minist\u00e9rio com a Gera\u00e7\u00e3o Z - R\u00e1dio Porto Seguro\" \/>\n<meta property=\"og:description\" content=\"Um casal de pastores de jovens tem testemunhado um movimento crescente de f\u00e9 entre a Gera\u00e7\u00e3o Z, com mais de mil decis\u00f5es por Jesus registradas em apenas 12 meses. A experi\u00eancia, descrita como um verdadeiro avivamento, tem impactado igrejas e comunidades inteiras no Reino Unido. &#013; &#013; Josh e Emma Green, cofundadores da Gen Zeal [&hellip;]\" \/>\n<meta property=\"og:url\" content=\"https:\/\/radioportoseguro.com.br\/site\/2026\/03\/20\/reino-unido-pastor-relata-mais-de-1-000-conversoes-em-1-ano-de-ministerio-com-a-geracao-z\/\" \/>\n<meta property=\"og:site_name\" content=\"R\u00e1dio Porto Seguro\" \/>\n<meta property=\"article:published_time\" content=\"2026-03-21T02:19:53+00:00\" \/>\n<meta property=\"og:image\" content=\"https:\/\/media.guiame.com.br\/archives\/2026\/03\/19\/3932390506-josh-green.jpg\" \/>\n<meta name=\"author\" content=\"admin\" \/>\n<meta name=\"twitter:card\" content=\"summary_large_image\" \/>\n<meta name=\"twitter:label1\" content=\"Escrito por\" \/>\n\t<meta name=\"twitter:data1\" content=\"admin\" \/>\n\t<meta name=\"twitter:label2\" content=\"Est. tempo de leitura\" \/>\n\t<meta name=\"twitter:data2\" content=\"5 minutos\" \/>\n<script type=\"application\/ld+json\" class=\"yoast-schema-graph\">{\"@context\":\"https:\/\/schema.org\",\"@graph\":[{\"@type\":\"Article\",\"@id\":\"https:\/\/radioportoseguro.com.br\/site\/2026\/03\/20\/reino-unido-pastor-relata-mais-de-1-000-conversoes-em-1-ano-de-ministerio-com-a-geracao-z\/#article\",\"isPartOf\":{\"@id\":\"https:\/\/radioportoseguro.com.br\/site\/2026\/03\/20\/reino-unido-pastor-relata-mais-de-1-000-conversoes-em-1-ano-de-ministerio-com-a-geracao-z\/\"},\"author\":{\"name\":\"admin\",\"@id\":\"https:\/\/radioportoseguro.com.br\/site\/#\/schema\/person\/7630acdc320186f13639d3c067ec089b\"},\"headline\":\"Reino Unido: Pastor relata mais de 1.000 convers\u00f5es em 1 ano de minist\u00e9rio com a Gera\u00e7\u00e3o Z\",\"datePublished\":\"2026-03-21T02:19:53+00:00\",\"mainEntityOfPage\":{\"@id\":\"https:\/\/radioportoseguro.com.br\/site\/2026\/03\/20\/reino-unido-pastor-relata-mais-de-1-000-conversoes-em-1-ano-de-ministerio-com-a-geracao-z\/\"},\"wordCount\":1050,\"image\":{\"@id\":\"https:\/\/radioportoseguro.com.br\/site\/2026\/03\/20\/reino-unido-pastor-relata-mais-de-1-000-conversoes-em-1-ano-de-ministerio-com-a-geracao-z\/#primaryimage\"},\"thumbnailUrl\":\"https:\/\/radioportoseguro.com.br\/site\/wp-content\/uploads\/2026\/03\/3932390506-josh-green.jpg\",\"articleSection\":[\"Destaques\"],\"inLanguage\":\"pt-BR\"},{\"@type\":\"WebPage\",\"@id\":\"https:\/\/radioportoseguro.com.br\/site\/2026\/03\/20\/reino-unido-pastor-relata-mais-de-1-000-conversoes-em-1-ano-de-ministerio-com-a-geracao-z\/\",\"url\":\"https:\/\/radioportoseguro.com.br\/site\/2026\/03\/20\/reino-unido-pastor-relata-mais-de-1-000-conversoes-em-1-ano-de-ministerio-com-a-geracao-z\/\",\"name\":\"Reino Unido: Pastor relata mais de 1.000 convers\u00f5es em 1 ano de minist\u00e9rio com a Gera\u00e7\u00e3o Z - R\u00e1dio Porto Seguro\",\"isPartOf\":{\"@id\":\"https:\/\/radioportoseguro.com.br\/site\/#website\"},\"primaryImageOfPage\":{\"@id\":\"https:\/\/radioportoseguro.com.br\/site\/2026\/03\/20\/reino-unido-pastor-relata-mais-de-1-000-conversoes-em-1-ano-de-ministerio-com-a-geracao-z\/#primaryimage\"},\"image\":{\"@id\":\"https:\/\/radioportoseguro.com.br\/site\/2026\/03\/20\/reino-unido-pastor-relata-mais-de-1-000-conversoes-em-1-ano-de-ministerio-com-a-geracao-z\/#primaryimage\"},\"thumbnailUrl\":\"https:\/\/radioportoseguro.com.br\/site\/wp-content\/uploads\/2026\/03\/3932390506-josh-green.jpg\",\"datePublished\":\"2026-03-21T02:19:53+00:00\",\"author\":{\"@id\":\"https:\/\/radioportoseguro.com.br\/site\/#\/schema\/person\/7630acdc320186f13639d3c067ec089b\"},\"breadcrumb\":{\"@id\":\"https:\/\/radioportoseguro.com.br\/site\/2026\/03\/20\/reino-unido-pastor-relata-mais-de-1-000-conversoes-em-1-ano-de-ministerio-com-a-geracao-z\/#breadcrumb\"},\"inLanguage\":\"pt-BR\",\"potentialAction\":[{\"@type\":\"ReadAction\",\"target\":[\"https:\/\/radioportoseguro.com.br\/site\/2026\/03\/20\/reino-unido-pastor-relata-mais-de-1-000-conversoes-em-1-ano-de-ministerio-com-a-geracao-z\/\"]}]},{\"@type\":\"ImageObject\",\"inLanguage\":\"pt-BR\",\"@id\":\"https:\/\/radioportoseguro.com.br\/site\/2026\/03\/20\/reino-unido-pastor-relata-mais-de-1-000-conversoes-em-1-ano-de-ministerio-com-a-geracao-z\/#primaryimage\",\"url\":\"https:\/\/radioportoseguro.com.br\/site\/wp-content\/uploads\/2026\/03\/3932390506-josh-green.jpg\",\"contentUrl\":\"https:\/\/radioportoseguro.com.br\/site\/wp-content\/uploads\/2026\/03\/3932390506-josh-green.jpg\",\"width\":1200,\"height\":600},{\"@type\":\"BreadcrumbList\",\"@id\":\"https:\/\/radioportoseguro.com.br\/site\/2026\/03\/20\/reino-unido-pastor-relata-mais-de-1-000-conversoes-em-1-ano-de-ministerio-com-a-geracao-z\/#breadcrumb\",\"itemListElement\":[{\"@type\":\"ListItem\",\"position\":1,\"name\":\"In\u00edcio\",\"item\":\"https:\/\/radioportoseguro.com.br\/site\/\"},{\"@type\":\"ListItem\",\"position\":2,\"name\":\"Reino Unido: Pastor relata mais de 1.000 convers\u00f5es em 1 ano de minist\u00e9rio com a Gera\u00e7\u00e3o Z\"}]},{\"@type\":\"WebSite\",\"@id\":\"https:\/\/radioportoseguro.com.br\/site\/#website\",\"url\":\"https:\/\/radioportoseguro.com.br\/site\/\",\"name\":\"R\u00e1dio Porto Seguro\",\"description\":\"\",\"potentialAction\":[{\"@type\":\"SearchAction\",\"target\":{\"@type\":\"EntryPoint\",\"urlTemplate\":\"https:\/\/radioportoseguro.com.br\/site\/?s={search_term_string}\"},\"query-input\":{\"@type\":\"PropertyValueSpecification\",\"valueRequired\":true,\"valueName\":\"search_term_string\"}}],\"inLanguage\":\"pt-BR\"},{\"@type\":\"Person\",\"@id\":\"https:\/\/radioportoseguro.com.br\/site\/#\/schema\/person\/7630acdc320186f13639d3c067ec089b\",\"name\":\"admin\",\"image\":{\"@type\":\"ImageObject\",\"inLanguage\":\"pt-BR\",\"@id\":\"https:\/\/radioportoseguro.com.br\/site\/#\/schema\/person\/image\/\",\"url\":\"https:\/\/secure.gravatar.com\/avatar\/caacf4dc1eedb68fab0df8e1ed46c448e578b2466351bbcb61e47d2ac0caaef0?s=96&d=mm&r=g\",\"contentUrl\":\"https:\/\/secure.gravatar.com\/avatar\/caacf4dc1eedb68fab0df8e1ed46c448e578b2466351bbcb61e47d2ac0caaef0?s=96&d=mm&r=g\",\"caption\":\"admin\"},\"sameAs\":[\"https:\/\/radioportoseguro.com.br\/site\"],\"url\":\"https:\/\/radioportoseguro.com.br\/site\/author\/hezio\/\"}]}<\/script>\n<!-- \/ Yoast SEO plugin. -->","yoast_head_json":{"title":"Reino Unido: Pastor relata mais de 1.000 convers\u00f5es em 1 ano de minist\u00e9rio com a Gera\u00e7\u00e3o Z - R\u00e1dio Porto Seguro","robots":{"index":"index","follow":"follow","max-snippet":"max-snippet:-1","max-image-preview":"max-image-preview:large","max-video-preview":"max-video-preview:-1"},"canonical":"https:\/\/radioportoseguro.com.br\/site\/2026\/03\/20\/reino-unido-pastor-relata-mais-de-1-000-conversoes-em-1-ano-de-ministerio-com-a-geracao-z\/","og_locale":"pt_BR","og_type":"article","og_title":"Reino Unido: Pastor relata mais de 1.000 convers\u00f5es em 1 ano de minist\u00e9rio com a Gera\u00e7\u00e3o Z - R\u00e1dio Porto Seguro","og_description":"Um casal de pastores de jovens tem testemunhado um movimento crescente de f\u00e9 entre a Gera\u00e7\u00e3o Z, com mais de mil decis\u00f5es por Jesus registradas em apenas 12 meses. A experi\u00eancia, descrita como um verdadeiro avivamento, tem impactado igrejas e comunidades inteiras no Reino Unido. &#13; &#13; Josh e Emma Green, cofundadores da Gen Zeal [&hellip;]","og_url":"https:\/\/radioportoseguro.com.br\/site\/2026\/03\/20\/reino-unido-pastor-relata-mais-de-1-000-conversoes-em-1-ano-de-ministerio-com-a-geracao-z\/","og_site_name":"R\u00e1dio Porto Seguro","article_published_time":"2026-03-21T02:19:53+00:00","og_image":[{"url":"https:\/\/media.guiame.com.br\/archives\/2026\/03\/19\/3932390506-josh-green.jpg","type":"","width":"","height":""}],"author":"admin","twitter_card":"summary_large_image","twitter_misc":{"Escrito por":"admin","Est. tempo de leitura":"5 minutos"},"schema":{"@context":"https:\/\/schema.org","@graph":[{"@type":"Article","@id":"https:\/\/radioportoseguro.com.br\/site\/2026\/03\/20\/reino-unido-pastor-relata-mais-de-1-000-conversoes-em-1-ano-de-ministerio-com-a-geracao-z\/#article","isPartOf":{"@id":"https:\/\/radioportoseguro.com.br\/site\/2026\/03\/20\/reino-unido-pastor-relata-mais-de-1-000-conversoes-em-1-ano-de-ministerio-com-a-geracao-z\/"},"author":{"name":"admin","@id":"https:\/\/radioportoseguro.com.br\/site\/#\/schema\/person\/7630acdc320186f13639d3c067ec089b"},"headline":"Reino Unido: Pastor relata mais de 1.000 convers\u00f5es em 1 ano de minist\u00e9rio com a Gera\u00e7\u00e3o Z","datePublished":"2026-03-21T02:19:53+00:00","mainEntityOfPage":{"@id":"https:\/\/radioportoseguro.com.br\/site\/2026\/03\/20\/reino-unido-pastor-relata-mais-de-1-000-conversoes-em-1-ano-de-ministerio-com-a-geracao-z\/"},"wordCount":1050,"image":{"@id":"https:\/\/radioportoseguro.com.br\/site\/2026\/03\/20\/reino-unido-pastor-relata-mais-de-1-000-conversoes-em-1-ano-de-ministerio-com-a-geracao-z\/#primaryimage"},"thumbnailUrl":"https:\/\/radioportoseguro.com.br\/site\/wp-content\/uploads\/2026\/03\/3932390506-josh-green.jpg","articleSection":["Destaques"],"inLanguage":"pt-BR"},{"@type":"WebPage","@id":"https:\/\/radioportoseguro.com.br\/site\/2026\/03\/20\/reino-unido-pastor-relata-mais-de-1-000-conversoes-em-1-ano-de-ministerio-com-a-geracao-z\/","url":"https:\/\/radioportoseguro.com.br\/site\/2026\/03\/20\/reino-unido-pastor-relata-mais-de-1-000-conversoes-em-1-ano-de-ministerio-com-a-geracao-z\/","name":"Reino Unido: Pastor relata mais de 1.000 convers\u00f5es em 1 ano de minist\u00e9rio com a Gera\u00e7\u00e3o Z - R\u00e1dio Porto Seguro","isPartOf":{"@id":"https:\/\/radioportoseguro.com.br\/site\/#website"},"primaryImageOfPage":{"@id":"https:\/\/radioportoseguro.com.br\/site\/2026\/03\/20\/reino-unido-pastor-relata-mais-de-1-000-conversoes-em-1-ano-de-ministerio-com-a-geracao-z\/#primaryimage"},"image":{"@id":"https:\/\/radioportoseguro.com.br\/site\/2026\/03\/20\/reino-unido-pastor-relata-mais-de-1-000-conversoes-em-1-ano-de-ministerio-com-a-geracao-z\/#primaryimage"},"thumbnailUrl":"https:\/\/radioportoseguro.com.br\/site\/wp-content\/uploads\/2026\/03\/3932390506-josh-green.jpg","datePublished":"2026-03-21T02:19:53+00:00","author":{"@id":"https:\/\/radioportoseguro.com.br\/site\/#\/schema\/person\/7630acdc320186f13639d3c067ec089b"},"breadcrumb":{"@id":"https:\/\/radioportoseguro.com.br\/site\/2026\/03\/20\/reino-unido-pastor-relata-mais-de-1-000-conversoes-em-1-ano-de-ministerio-com-a-geracao-z\/#breadcrumb"},"inLanguage":"pt-BR","potentialAction":[{"@type":"ReadAction","target":["https:\/\/radioportoseguro.com.br\/site\/2026\/03\/20\/reino-unido-pastor-relata-mais-de-1-000-conversoes-em-1-ano-de-ministerio-com-a-geracao-z\/"]}]},{"@type":"ImageObject","inLanguage":"pt-BR","@id":"https:\/\/radioportoseguro.com.br\/site\/2026\/03\/20\/reino-unido-pastor-relata-mais-de-1-000-conversoes-em-1-ano-de-ministerio-com-a-geracao-z\/#primaryimage","url":"https:\/\/radioportoseguro.com.br\/site\/wp-content\/uploads\/2026\/03\/3932390506-josh-green.jpg","contentUrl":"https:\/\/radioportoseguro.com.br\/site\/wp-content\/uploads\/2026\/03\/3932390506-josh-green.jpg","width":1200,"height":600},{"@type":"BreadcrumbList","@id":"https:\/\/radioportoseguro.com.br\/site\/2026\/03\/20\/reino-unido-pastor-relata-mais-de-1-000-conversoes-em-1-ano-de-ministerio-com-a-geracao-z\/#breadcrumb","itemListElement":[{"@type":"ListItem","position":1,"name":"In\u00edcio","item":"https:\/\/radioportoseguro.com.br\/site\/"},{"@type":"ListItem","position":2,"name":"Reino Unido: Pastor relata mais de 1.000 convers\u00f5es em 1 ano de minist\u00e9rio com a Gera\u00e7\u00e3o Z"}]},{"@type":"WebSite","@id":"https:\/\/radioportoseguro.com.br\/site\/#website","url":"https:\/\/radioportoseguro.com.br\/site\/","name":"R\u00e1dio Porto Seguro","description":"","potentialAction":[{"@type":"SearchAction","target":{"@type":"EntryPoint","urlTemplate":"https:\/\/radioportoseguro.com.br\/site\/?s={search_term_string}"},"query-input":{"@type":"PropertyValueSpecification","valueRequired":true,"valueName":"search_term_string"}}],"inLanguage":"pt-BR"},{"@type":"Person","@id":"https:\/\/radioportoseguro.com.br\/site\/#\/schema\/person\/7630acdc320186f13639d3c067ec089b","name":"admin","image":{"@type":"ImageObject","inLanguage":"pt-BR","@id":"https:\/\/radioportoseguro.com.br\/site\/#\/schema\/person\/image\/","url":"https:\/\/secure.gravatar.com\/avatar\/caacf4dc1eedb68fab0df8e1ed46c448e578b2466351bbcb61e47d2ac0caaef0?s=96&d=mm&r=g","contentUrl":"https:\/\/secure.gravatar.com\/avatar\/caacf4dc1eedb68fab0df8e1ed46c448e578b2466351bbcb61e47d2ac0caaef0?s=96&d=mm&r=g","caption":"admin"},"sameAs":["https:\/\/radioportoseguro.com.br\/site"],"url":"https:\/\/radioportoseguro.com.br\/site\/author\/hezio\/"}]}},"_links":{"self":[{"href":"https:\/\/radioportoseguro.com.br\/site\/wp-json\/wp\/v2\/posts\/5247","targetHints":{"allow":["GET"]}}],"collection":[{"href":"https:\/\/radioportoseguro.com.br\/site\/wp-json\/wp\/v2\/posts"}],"about":[{"href":"https:\/\/radioportoseguro.com.br\/site\/wp-json\/wp\/v2\/types\/post"}],"author":[{"embeddable":true,"href":"https:\/\/radioportoseguro.com.br\/site\/wp-json\/wp\/v2\/users\/1"}],"replies":[{"embeddable":true,"href":"https:\/\/radioportoseguro.com.br\/site\/wp-json\/wp\/v2\/comments?post=5247"}],"version-history":[{"count":0,"href":"https:\/\/radioportoseguro.com.br\/site\/wp-json\/wp\/v2\/posts\/5247\/revisions"}],"wp:featuredmedia":[{"embeddable":true,"href":"https:\/\/radioportoseguro.com.br\/site\/wp-json\/wp\/v2\/media\/5248"}],"wp:attachment":[{"href":"https:\/\/radioportoseguro.com.br\/site\/wp-json\/wp\/v2\/media?parent=5247"}],"wp:term":[{"taxonomy":"category","embeddable":true,"href":"https:\/\/radioportoseguro.com.br\/site\/wp-json\/wp\/v2\/categories?post=5247"},{"taxonomy":"post_tag","embeddable":true,"href":"https:\/\/radioportoseguro.com.br\/site\/wp-json\/wp\/v2\/tags?post=5247"}],"curies":[{"name":"wp","href":"https:\/\/api.w.org\/{rel}","templated":true}]}}