{"id":5259,"date":"2026-03-21T09:31:38","date_gmt":"2026-03-21T12:31:38","guid":{"rendered":"https:\/\/radioportoseguro.com.br\/site\/2026\/03\/21\/mulher-projeto-do-coracao-de-deus\/"},"modified":"2026-03-21T09:31:38","modified_gmt":"2026-03-21T12:31:38","slug":"mulher-projeto-do-coracao-de-deus","status":"publish","type":"post","link":"https:\/\/radioportoseguro.com.br\/site\/2026\/03\/21\/mulher-projeto-do-coracao-de-deus\/","title":{"rendered":"Mulher: Projeto do cora\u00e7\u00e3o de Deus"},"content":{"rendered":"<p><br \/>\n<br \/><\/p>\n<div>\n<p>Voc\u00ea j\u00e1 parou para pensar que, desde o princ\u00edpio da cria\u00e7\u00e3o, a mulher faz parte do plano intencional de Deus para a humanidade? Algu\u00e9m que carrega essa condi\u00e7\u00e3o n\u00e3o pode ser considerada irrelevante; muito pelo contr\u00e1rio, a mulher ocupa um lugar central nesse projeto.<\/p>\n<p>Em G\u00eanesis, a B\u00edblia revela que homem e mulher foram criados \u00e0 imagem e semelhan\u00e7a do Criador, carregando dignidade, valor e prop\u00f3sito. Sendo assim, a mulher n\u00e3o surge como um detalhe na hist\u00f3ria da cria\u00e7\u00e3o, mas como parte essencial do projeto divino para a vida, para a fam\u00edlia e para a sociedade.<\/p>\n<p>Quando reflito sobre isso, compreendo qu\u00e3o especial \u00e9 ser mulher.<\/p>\n<p>Ser mulher, \u00e0 luz da f\u00e9 crist\u00e3, significa carregar uma voca\u00e7\u00e3o que vai al\u00e9m das expectativas culturais ou das defini\u00e7\u00f5es tempor\u00e1rias da sociedade. E isso n\u00e3o \u00e9 novidade. J\u00e1 no tempo de Jesus, Ele deixou essa verdade muito clara ao dispensar seu precioso tempo \u2013 este, sim, tempor\u00e1rio aqui na Terra como homem \u2013 para se aproximar de mulheres sofridas, doentes, feridas, silenciadas, enlutadas, marginalizadas&#8230;<\/p>\n<p>Um tempo que Ele reservou para cur\u00e1-las, anim\u00e1-las, restitu\u00ed-las e reinseri-las em um lugar de honra. E isso n\u00e3o aconteceu uma \u00fanica vez, mas repetidas vezes ao longo de seu minist\u00e9rio.<\/p>\n<p>Deus mostra que, ao criar a mulher, Ele a fez diferente do homem \u2013 e isso n\u00e3o \u00e9 dem\u00e9rito, \u00e9 distin\u00e7\u00e3o. Ele confiou \u00e0 mulher uma sensibilidade \u00fanica para cuidar, ensinar, encorajar e gerar vida, n\u00e3o apenas no sentido f\u00edsico, mas tamb\u00e9m emocional e espiritual.<\/p>\n<p>Ao longo da hist\u00f3ria b\u00edblica, vemos mulheres que se tornaram instrumentos de transforma\u00e7\u00e3o porque compreenderam que sua identidade estava fundamentada em Deus. E isso s\u00f3 foi poss\u00edvel porque o pr\u00f3prio Deus, por meio de in\u00fameros \u2013 e at\u00e9 inusitados \u2013 caminhos, levou essas mulheres a reconhecerem seu valor e seu papel inigual\u00e1vel.<\/p>\n<p>A B\u00edblia apresenta exemplos marcantes dessa verdade. D\u00e9bora exerceu lideran\u00e7a em tempos dif\u00edceis, Ester demonstrou coragem diante do risco para salvar seu povo, e Maria aceitou com f\u00e9 o chamado de Deus que mudaria a hist\u00f3ria da humanidade.<\/p>\n<p>Essas mulheres n\u00e3o foram lembradas apenas por suas circunst\u00e2ncias, mas por sua disposi\u00e7\u00e3o em responder ao prop\u00f3sito divino em suas vidas.<\/p>\n<p>Em nossos dias, muitas mulheres enfrentam desafios complexos: conciliar responsabilidades, lidar com press\u00f5es sociais e encontrar equil\u00edbrio entre diferentes pap\u00e9is. No entanto, a f\u00e9 crist\u00e3 recorda que o valor da mulher n\u00e3o est\u00e1 apenas nas tarefas que desempenha, mas na identidade que carrega como filha de Deus.<\/p>\n<p>Quando a mulher compreende que sua vida faz parte de um projeto divino, ela encontra for\u00e7a, dire\u00e7\u00e3o e esperan\u00e7a para caminhar com confian\u00e7a.<\/p>\n<p>A mulher que entende seu valor diante de Deus tamb\u00e9m se torna uma fonte de inspira\u00e7\u00e3o para aqueles que est\u00e3o ao seu redor. Sua f\u00e9, sua perseveran\u00e7a e sua capacidade de amar influenciam fam\u00edlias, comunidades e gera\u00e7\u00f5es futuras.<\/p>\n<p>Muitas das maiores transforma\u00e7\u00f5es espirituais come\u00e7am dentro de lares onde mulheres permanecem firmes em ora\u00e7\u00e3o, sabedoria e dedica\u00e7\u00e3o.<\/p>\n<p>Celebrar o m\u00eas da mulher \u00e9 reconhecer que cada mulher carrega em si um prop\u00f3sito que nasce no cora\u00e7\u00e3o de Deus. Mais do que pap\u00e9is sociais ou conquistas externas, a mulher \u00e9 parte de um projeto divino que continua sendo escrito todos os dias.<\/p>\n<p>O Pai ama voc\u00ea!<\/p>\n<p><strong>\u00a0<\/strong><\/p>\n<p><strong>Darci Louren\u00e7\u00e3o<\/strong> (@pra_darci_lourencao) \u00e9 psic\u00f3loga, pastora, coach, escritora e conferencista. Foi De\u00e3 e Professora de Aconselhamento Crist\u00e3o. Autora dos livros \u201cNa intimidade h\u00e1 cura\u201d, \u201cA equa\u00e7\u00e3o do amor\u201d, \u201cViva sem compuls\u00e3o\u201d e \u201cDevocional Minha Fam\u00edlia no Altar\u201d.<\/p>\n<p><em>* O conte\u00fado do texto acima \u00e9 de colabora\u00e7\u00e3o volunt\u00e1ria, seu teor \u00e9 de total responsabilidade do autor e n\u00e3o reflete necessariamente a opini\u00e3o do Portal Guiame.<\/em><\/p>\n<p>Leia o artigo anterior: <span style=\"color: #800000;\"><strong>A mulher \u00e9 a ess\u00eancia da fam\u00edlia<\/strong><\/span><\/p>\n<\/div>\n<p><br \/>\n<br \/>Fonte: Guiame <\/p>\n","protected":false},"excerpt":{"rendered":"<p>Voc\u00ea j\u00e1 parou para pensar que, desde o princ\u00edpio da cria\u00e7\u00e3o, a mulher faz parte do plano intencional de Deus para a humanidade? Algu\u00e9m que carrega essa condi\u00e7\u00e3o n\u00e3o pode ser considerada irrelevante; muito pelo contr\u00e1rio, a mulher ocupa um lugar central nesse projeto. Em G\u00eanesis, a B\u00edblia revela que homem e mulher foram criados [&hellip;]<\/p>\n","protected":false},"author":1,"featured_media":5260,"comment_status":"","ping_status":"open","sticky":false,"template":"","format":"standard","meta":{"footnotes":""},"categories":[43],"tags":[],"class_list":["post-5259","post","type-post","status-publish","format-standard","has-post-thumbnail","hentry","category-destaques"],"yoast_head":"<!-- This site is optimized with the Yoast SEO plugin v26.8 - https:\/\/yoast.com\/product\/yoast-seo-wordpress\/ -->\n<title>Mulher: Projeto do cora\u00e7\u00e3o de Deus - R\u00e1dio Porto Seguro<\/title>\n<meta name=\"robots\" content=\"index, follow, max-snippet:-1, max-image-preview:large, max-video-preview:-1\" \/>\n<link rel=\"canonical\" href=\"https:\/\/radioportoseguro.com.br\/site\/2026\/03\/21\/mulher-projeto-do-coracao-de-deus\/\" \/>\n<meta property=\"og:locale\" content=\"pt_BR\" \/>\n<meta property=\"og:type\" content=\"article\" \/>\n<meta property=\"og:title\" content=\"Mulher: Projeto do cora\u00e7\u00e3o de Deus - R\u00e1dio Porto Seguro\" \/>\n<meta property=\"og:description\" content=\"Voc\u00ea j\u00e1 parou para pensar que, desde o princ\u00edpio da cria\u00e7\u00e3o, a mulher faz parte do plano intencional de Deus para a humanidade? Algu\u00e9m que carrega essa condi\u00e7\u00e3o n\u00e3o pode ser considerada irrelevante; muito pelo contr\u00e1rio, a mulher ocupa um lugar central nesse projeto. Em G\u00eanesis, a B\u00edblia revela que homem e mulher foram criados [&hellip;]\" \/>\n<meta property=\"og:url\" content=\"https:\/\/radioportoseguro.com.br\/site\/2026\/03\/21\/mulher-projeto-do-coracao-de-deus\/\" \/>\n<meta property=\"og:site_name\" content=\"R\u00e1dio Porto Seguro\" \/>\n<meta property=\"article:published_time\" content=\"2026-03-21T12:31:38+00:00\" \/>\n<meta property=\"og:image\" content=\"https:\/\/media.guiame.com.br\/archives\/2026\/03\/20\/4272218322-mulher.jpg\" \/>\n<meta name=\"author\" content=\"admin\" \/>\n<meta name=\"twitter:card\" content=\"summary_large_image\" \/>\n<meta name=\"twitter:label1\" content=\"Escrito por\" \/>\n\t<meta name=\"twitter:data1\" content=\"admin\" \/>\n\t<meta name=\"twitter:label2\" content=\"Est. tempo de leitura\" \/>\n\t<meta name=\"twitter:data2\" content=\"3 minutos\" \/>\n<script type=\"application\/ld+json\" class=\"yoast-schema-graph\">{\"@context\":\"https:\/\/schema.org\",\"@graph\":[{\"@type\":\"Article\",\"@id\":\"https:\/\/radioportoseguro.com.br\/site\/2026\/03\/21\/mulher-projeto-do-coracao-de-deus\/#article\",\"isPartOf\":{\"@id\":\"https:\/\/radioportoseguro.com.br\/site\/2026\/03\/21\/mulher-projeto-do-coracao-de-deus\/\"},\"author\":{\"name\":\"admin\",\"@id\":\"https:\/\/radioportoseguro.com.br\/site\/#\/schema\/person\/7630acdc320186f13639d3c067ec089b\"},\"headline\":\"Mulher: Projeto do cora\u00e7\u00e3o de Deus\",\"datePublished\":\"2026-03-21T12:31:38+00:00\",\"mainEntityOfPage\":{\"@id\":\"https:\/\/radioportoseguro.com.br\/site\/2026\/03\/21\/mulher-projeto-do-coracao-de-deus\/\"},\"wordCount\":684,\"image\":{\"@id\":\"https:\/\/radioportoseguro.com.br\/site\/2026\/03\/21\/mulher-projeto-do-coracao-de-deus\/#primaryimage\"},\"thumbnailUrl\":\"https:\/\/radioportoseguro.com.br\/site\/wp-content\/uploads\/2026\/03\/4272218322-mulher.jpg\",\"articleSection\":[\"Destaques\"],\"inLanguage\":\"pt-BR\"},{\"@type\":\"WebPage\",\"@id\":\"https:\/\/radioportoseguro.com.br\/site\/2026\/03\/21\/mulher-projeto-do-coracao-de-deus\/\",\"url\":\"https:\/\/radioportoseguro.com.br\/site\/2026\/03\/21\/mulher-projeto-do-coracao-de-deus\/\",\"name\":\"Mulher: Projeto do cora\u00e7\u00e3o de Deus - R\u00e1dio Porto Seguro\",\"isPartOf\":{\"@id\":\"https:\/\/radioportoseguro.com.br\/site\/#website\"},\"primaryImageOfPage\":{\"@id\":\"https:\/\/radioportoseguro.com.br\/site\/2026\/03\/21\/mulher-projeto-do-coracao-de-deus\/#primaryimage\"},\"image\":{\"@id\":\"https:\/\/radioportoseguro.com.br\/site\/2026\/03\/21\/mulher-projeto-do-coracao-de-deus\/#primaryimage\"},\"thumbnailUrl\":\"https:\/\/radioportoseguro.com.br\/site\/wp-content\/uploads\/2026\/03\/4272218322-mulher.jpg\",\"datePublished\":\"2026-03-21T12:31:38+00:00\",\"author\":{\"@id\":\"https:\/\/radioportoseguro.com.br\/site\/#\/schema\/person\/7630acdc320186f13639d3c067ec089b\"},\"breadcrumb\":{\"@id\":\"https:\/\/radioportoseguro.com.br\/site\/2026\/03\/21\/mulher-projeto-do-coracao-de-deus\/#breadcrumb\"},\"inLanguage\":\"pt-BR\",\"potentialAction\":[{\"@type\":\"ReadAction\",\"target\":[\"https:\/\/radioportoseguro.com.br\/site\/2026\/03\/21\/mulher-projeto-do-coracao-de-deus\/\"]}]},{\"@type\":\"ImageObject\",\"inLanguage\":\"pt-BR\",\"@id\":\"https:\/\/radioportoseguro.com.br\/site\/2026\/03\/21\/mulher-projeto-do-coracao-de-deus\/#primaryimage\",\"url\":\"https:\/\/radioportoseguro.com.br\/site\/wp-content\/uploads\/2026\/03\/4272218322-mulher.jpg\",\"contentUrl\":\"https:\/\/radioportoseguro.com.br\/site\/wp-content\/uploads\/2026\/03\/4272218322-mulher.jpg\",\"width\":1200,\"height\":600},{\"@type\":\"BreadcrumbList\",\"@id\":\"https:\/\/radioportoseguro.com.br\/site\/2026\/03\/21\/mulher-projeto-do-coracao-de-deus\/#breadcrumb\",\"itemListElement\":[{\"@type\":\"ListItem\",\"position\":1,\"name\":\"In\u00edcio\",\"item\":\"https:\/\/radioportoseguro.com.br\/site\/\"},{\"@type\":\"ListItem\",\"position\":2,\"name\":\"Mulher: Projeto do cora\u00e7\u00e3o de Deus\"}]},{\"@type\":\"WebSite\",\"@id\":\"https:\/\/radioportoseguro.com.br\/site\/#website\",\"url\":\"https:\/\/radioportoseguro.com.br\/site\/\",\"name\":\"R\u00e1dio Porto Seguro\",\"description\":\"\",\"potentialAction\":[{\"@type\":\"SearchAction\",\"target\":{\"@type\":\"EntryPoint\",\"urlTemplate\":\"https:\/\/radioportoseguro.com.br\/site\/?s={search_term_string}\"},\"query-input\":{\"@type\":\"PropertyValueSpecification\",\"valueRequired\":true,\"valueName\":\"search_term_string\"}}],\"inLanguage\":\"pt-BR\"},{\"@type\":\"Person\",\"@id\":\"https:\/\/radioportoseguro.com.br\/site\/#\/schema\/person\/7630acdc320186f13639d3c067ec089b\",\"name\":\"admin\",\"image\":{\"@type\":\"ImageObject\",\"inLanguage\":\"pt-BR\",\"@id\":\"https:\/\/radioportoseguro.com.br\/site\/#\/schema\/person\/image\/\",\"url\":\"https:\/\/secure.gravatar.com\/avatar\/caacf4dc1eedb68fab0df8e1ed46c448e578b2466351bbcb61e47d2ac0caaef0?s=96&d=mm&r=g\",\"contentUrl\":\"https:\/\/secure.gravatar.com\/avatar\/caacf4dc1eedb68fab0df8e1ed46c448e578b2466351bbcb61e47d2ac0caaef0?s=96&d=mm&r=g\",\"caption\":\"admin\"},\"sameAs\":[\"https:\/\/radioportoseguro.com.br\/site\"],\"url\":\"https:\/\/radioportoseguro.com.br\/site\/author\/hezio\/\"}]}<\/script>\n<!-- \/ Yoast SEO plugin. -->","yoast_head_json":{"title":"Mulher: Projeto do cora\u00e7\u00e3o de Deus - R\u00e1dio Porto Seguro","robots":{"index":"index","follow":"follow","max-snippet":"max-snippet:-1","max-image-preview":"max-image-preview:large","max-video-preview":"max-video-preview:-1"},"canonical":"https:\/\/radioportoseguro.com.br\/site\/2026\/03\/21\/mulher-projeto-do-coracao-de-deus\/","og_locale":"pt_BR","og_type":"article","og_title":"Mulher: Projeto do cora\u00e7\u00e3o de Deus - R\u00e1dio Porto Seguro","og_description":"Voc\u00ea j\u00e1 parou para pensar que, desde o princ\u00edpio da cria\u00e7\u00e3o, a mulher faz parte do plano intencional de Deus para a humanidade? Algu\u00e9m que carrega essa condi\u00e7\u00e3o n\u00e3o pode ser considerada irrelevante; muito pelo contr\u00e1rio, a mulher ocupa um lugar central nesse projeto. Em G\u00eanesis, a B\u00edblia revela que homem e mulher foram criados [&hellip;]","og_url":"https:\/\/radioportoseguro.com.br\/site\/2026\/03\/21\/mulher-projeto-do-coracao-de-deus\/","og_site_name":"R\u00e1dio Porto Seguro","article_published_time":"2026-03-21T12:31:38+00:00","og_image":[{"url":"https:\/\/media.guiame.com.br\/archives\/2026\/03\/20\/4272218322-mulher.jpg","type":"","width":"","height":""}],"author":"admin","twitter_card":"summary_large_image","twitter_misc":{"Escrito por":"admin","Est. tempo de leitura":"3 minutos"},"schema":{"@context":"https:\/\/schema.org","@graph":[{"@type":"Article","@id":"https:\/\/radioportoseguro.com.br\/site\/2026\/03\/21\/mulher-projeto-do-coracao-de-deus\/#article","isPartOf":{"@id":"https:\/\/radioportoseguro.com.br\/site\/2026\/03\/21\/mulher-projeto-do-coracao-de-deus\/"},"author":{"name":"admin","@id":"https:\/\/radioportoseguro.com.br\/site\/#\/schema\/person\/7630acdc320186f13639d3c067ec089b"},"headline":"Mulher: Projeto do cora\u00e7\u00e3o de Deus","datePublished":"2026-03-21T12:31:38+00:00","mainEntityOfPage":{"@id":"https:\/\/radioportoseguro.com.br\/site\/2026\/03\/21\/mulher-projeto-do-coracao-de-deus\/"},"wordCount":684,"image":{"@id":"https:\/\/radioportoseguro.com.br\/site\/2026\/03\/21\/mulher-projeto-do-coracao-de-deus\/#primaryimage"},"thumbnailUrl":"https:\/\/radioportoseguro.com.br\/site\/wp-content\/uploads\/2026\/03\/4272218322-mulher.jpg","articleSection":["Destaques"],"inLanguage":"pt-BR"},{"@type":"WebPage","@id":"https:\/\/radioportoseguro.com.br\/site\/2026\/03\/21\/mulher-projeto-do-coracao-de-deus\/","url":"https:\/\/radioportoseguro.com.br\/site\/2026\/03\/21\/mulher-projeto-do-coracao-de-deus\/","name":"Mulher: Projeto do cora\u00e7\u00e3o de Deus - R\u00e1dio Porto Seguro","isPartOf":{"@id":"https:\/\/radioportoseguro.com.br\/site\/#website"},"primaryImageOfPage":{"@id":"https:\/\/radioportoseguro.com.br\/site\/2026\/03\/21\/mulher-projeto-do-coracao-de-deus\/#primaryimage"},"image":{"@id":"https:\/\/radioportoseguro.com.br\/site\/2026\/03\/21\/mulher-projeto-do-coracao-de-deus\/#primaryimage"},"thumbnailUrl":"https:\/\/radioportoseguro.com.br\/site\/wp-content\/uploads\/2026\/03\/4272218322-mulher.jpg","datePublished":"2026-03-21T12:31:38+00:00","author":{"@id":"https:\/\/radioportoseguro.com.br\/site\/#\/schema\/person\/7630acdc320186f13639d3c067ec089b"},"breadcrumb":{"@id":"https:\/\/radioportoseguro.com.br\/site\/2026\/03\/21\/mulher-projeto-do-coracao-de-deus\/#breadcrumb"},"inLanguage":"pt-BR","potentialAction":[{"@type":"ReadAction","target":["https:\/\/radioportoseguro.com.br\/site\/2026\/03\/21\/mulher-projeto-do-coracao-de-deus\/"]}]},{"@type":"ImageObject","inLanguage":"pt-BR","@id":"https:\/\/radioportoseguro.com.br\/site\/2026\/03\/21\/mulher-projeto-do-coracao-de-deus\/#primaryimage","url":"https:\/\/radioportoseguro.com.br\/site\/wp-content\/uploads\/2026\/03\/4272218322-mulher.jpg","contentUrl":"https:\/\/radioportoseguro.com.br\/site\/wp-content\/uploads\/2026\/03\/4272218322-mulher.jpg","width":1200,"height":600},{"@type":"BreadcrumbList","@id":"https:\/\/radioportoseguro.com.br\/site\/2026\/03\/21\/mulher-projeto-do-coracao-de-deus\/#breadcrumb","itemListElement":[{"@type":"ListItem","position":1,"name":"In\u00edcio","item":"https:\/\/radioportoseguro.com.br\/site\/"},{"@type":"ListItem","position":2,"name":"Mulher: Projeto do cora\u00e7\u00e3o de Deus"}]},{"@type":"WebSite","@id":"https:\/\/radioportoseguro.com.br\/site\/#website","url":"https:\/\/radioportoseguro.com.br\/site\/","name":"R\u00e1dio Porto Seguro","description":"","potentialAction":[{"@type":"SearchAction","target":{"@type":"EntryPoint","urlTemplate":"https:\/\/radioportoseguro.com.br\/site\/?s={search_term_string}"},"query-input":{"@type":"PropertyValueSpecification","valueRequired":true,"valueName":"search_term_string"}}],"inLanguage":"pt-BR"},{"@type":"Person","@id":"https:\/\/radioportoseguro.com.br\/site\/#\/schema\/person\/7630acdc320186f13639d3c067ec089b","name":"admin","image":{"@type":"ImageObject","inLanguage":"pt-BR","@id":"https:\/\/radioportoseguro.com.br\/site\/#\/schema\/person\/image\/","url":"https:\/\/secure.gravatar.com\/avatar\/caacf4dc1eedb68fab0df8e1ed46c448e578b2466351bbcb61e47d2ac0caaef0?s=96&d=mm&r=g","contentUrl":"https:\/\/secure.gravatar.com\/avatar\/caacf4dc1eedb68fab0df8e1ed46c448e578b2466351bbcb61e47d2ac0caaef0?s=96&d=mm&r=g","caption":"admin"},"sameAs":["https:\/\/radioportoseguro.com.br\/site"],"url":"https:\/\/radioportoseguro.com.br\/site\/author\/hezio\/"}]}},"_links":{"self":[{"href":"https:\/\/radioportoseguro.com.br\/site\/wp-json\/wp\/v2\/posts\/5259","targetHints":{"allow":["GET"]}}],"collection":[{"href":"https:\/\/radioportoseguro.com.br\/site\/wp-json\/wp\/v2\/posts"}],"about":[{"href":"https:\/\/radioportoseguro.com.br\/site\/wp-json\/wp\/v2\/types\/post"}],"author":[{"embeddable":true,"href":"https:\/\/radioportoseguro.com.br\/site\/wp-json\/wp\/v2\/users\/1"}],"replies":[{"embeddable":true,"href":"https:\/\/radioportoseguro.com.br\/site\/wp-json\/wp\/v2\/comments?post=5259"}],"version-history":[{"count":0,"href":"https:\/\/radioportoseguro.com.br\/site\/wp-json\/wp\/v2\/posts\/5259\/revisions"}],"wp:featuredmedia":[{"embeddable":true,"href":"https:\/\/radioportoseguro.com.br\/site\/wp-json\/wp\/v2\/media\/5260"}],"wp:attachment":[{"href":"https:\/\/radioportoseguro.com.br\/site\/wp-json\/wp\/v2\/media?parent=5259"}],"wp:term":[{"taxonomy":"category","embeddable":true,"href":"https:\/\/radioportoseguro.com.br\/site\/wp-json\/wp\/v2\/categories?post=5259"},{"taxonomy":"post_tag","embeddable":true,"href":"https:\/\/radioportoseguro.com.br\/site\/wp-json\/wp\/v2\/tags?post=5259"}],"curies":[{"name":"wp","href":"https:\/\/api.w.org\/{rel}","templated":true}]}}