{"id":5336,"date":"2026-03-25T00:47:59","date_gmt":"2026-03-25T03:47:59","guid":{"rendered":"https:\/\/radioportoseguro.com.br\/site\/2026\/03\/25\/paralitico-levanta-da-cadeira-de-rodas-e-corre-em-culto-jesus-ainda-cura\/"},"modified":"2026-03-25T00:47:59","modified_gmt":"2026-03-25T03:47:59","slug":"paralitico-levanta-da-cadeira-de-rodas-e-corre-em-culto-jesus-ainda-cura","status":"publish","type":"post","link":"https:\/\/radioportoseguro.com.br\/site\/2026\/03\/25\/paralitico-levanta-da-cadeira-de-rodas-e-corre-em-culto-jesus-ainda-cura\/","title":{"rendered":"Paral\u00edtico levanta da cadeira de rodas e corre em culto: \u201cJesus ainda cura\u201d"},"content":{"rendered":"<p><br \/>\n<br \/><\/p>\n<div>\n<p><span style=\"font-weight: 400;\">Um homem paral\u00edtico foi <\/span><span style=\"color: #800000;\"><strong>milagrosamente curado<\/strong><\/span><span style=\"font-weight: 400;\"> e correu durante um culto, nos Estados Unidos.<\/span><\/p>\n<p><span style=\"font-weight: 400;\">O milagre aconteceu durante em uma reuni\u00e3o em 2024, onde Ashley e Carlie Terradez, l\u00edderes do minist\u00e9rio \u201cTerradez Ministries\u201d, ensinaram sobre o poder de Deus para sarar enfermos.<\/span><\/p>\n<p><span style=\"font-weight: 400;\">O paral\u00edtico foi levado por seu irm\u00e3o g\u00eameo ao culto. O homem havia perdido os movimentos ap\u00f3s ser diagnosticado com um tumor no c\u00e9rebro.<\/span><\/p>\n<p><span style=\"font-weight: 400;\">At\u00e9 que, durante a reuni\u00e3o, ele foi curado por Deus, levantou da sua <\/span><span style=\"color: #800000;\"><strong>cadeira de rodas<\/strong><\/span><span style=\"font-weight: 400;\"> e come\u00e7ou a correr.<\/span><\/p>\n<p><span style=\"font-weight: 400;\">Seu irm\u00e3o ficou chocado e correu atr\u00e1s do homem. Eles se abra\u00e7aram muito emocionados. \u201cEle saltou da cadeira de rodas e come\u00e7ou a correr pela sala!\u201d, relatou o minist\u00e9rio.<\/span><\/p>\n<p><span style=\"font-weight: 400;\">\u201cEle disse \u00e0 Carlie que estava t\u00e3o preocupado em morrer e deixar o irm\u00e3o para tr\u00e1s. Mas n\u00e3o mais! Ele voltou todos os dias do evento, louvando a Jesus e exercitando aquelas pernas curadas. Louvado seja Jesus\u201d.<\/span><\/p>\n<p><span style=\"font-weight: 400;\">O v\u00eddeo do momento foi repostado no Instagram pelo \u201cTerradez Ministries\u201d em 9 de mar\u00e7o e alcan\u00e7ou mais de 200 mil visualiza\u00e7\u00f5es.<\/span><\/p>\n<p><span style=\"font-weight: 400;\">O minist\u00e9rio testemunhou: \u201cJesus ainda cura, milagres ainda acontecem e testemunhos como este nos lembram que \u00e9 poss\u00edvel quando a f\u00e9 encontra o poder de Deus. Toda a gl\u00f3ria a Jesus\u201d.<\/span><\/p>\n<blockquote class=\"instagram-media\" style=\"background: #FFF; border: 0; border-radius: 3px; box-shadow: 0 0 1px 0 rgba(0,0,0,0.5),0 1px 10px 0 rgba(0,0,0,0.15); margin: 1px; max-width: 540px; min-width: 326px; padding: 0; width: calc(100% - 2px);\" data-instgrm-captioned=\"\" data-instgrm-permalink=\"https:\/\/www.instagram.com\/reel\/DVrkaCBkUxj\/?utm_source=ig_embed&amp;utm_campaign=loading\" data-instgrm-version=\"14\"><p>&#13;<br \/>\n&#13;\n<\/p><\/blockquote>\n<\/div>\n<p><script async src=\"\/\/www.instagram.com\/embed.js\"><\/script><br \/>\n<br \/><br \/>\n<br \/>Fonte: Guiame <\/p>\n","protected":false},"excerpt":{"rendered":"<p>Um homem paral\u00edtico foi milagrosamente curado e correu durante um culto, nos Estados Unidos. O milagre aconteceu durante em uma reuni\u00e3o em 2024, onde Ashley e Carlie Terradez, l\u00edderes do minist\u00e9rio \u201cTerradez Ministries\u201d, ensinaram sobre o poder de Deus para sarar enfermos. O paral\u00edtico foi levado por seu irm\u00e3o g\u00eameo ao culto. O homem havia [&hellip;]<\/p>\n","protected":false},"author":1,"featured_media":5337,"comment_status":"","ping_status":"open","sticky":false,"template":"","format":"standard","meta":{"footnotes":""},"categories":[43],"tags":[],"class_list":["post-5336","post","type-post","status-publish","format-standard","has-post-thumbnail","hentry","category-destaques"],"yoast_head":"<!-- This site is optimized with the Yoast SEO plugin v26.8 - https:\/\/yoast.com\/product\/yoast-seo-wordpress\/ -->\n<title>Paral\u00edtico levanta da cadeira de rodas e corre em culto: \u201cJesus ainda cura\u201d - R\u00e1dio Porto Seguro<\/title>\n<meta name=\"robots\" content=\"index, follow, max-snippet:-1, max-image-preview:large, max-video-preview:-1\" \/>\n<link rel=\"canonical\" href=\"https:\/\/radioportoseguro.com.br\/site\/2026\/03\/25\/paralitico-levanta-da-cadeira-de-rodas-e-corre-em-culto-jesus-ainda-cura\/\" \/>\n<meta property=\"og:locale\" content=\"pt_BR\" \/>\n<meta property=\"og:type\" content=\"article\" \/>\n<meta property=\"og:title\" content=\"Paral\u00edtico levanta da cadeira de rodas e corre em culto: \u201cJesus ainda cura\u201d - R\u00e1dio Porto Seguro\" \/>\n<meta property=\"og:description\" content=\"Um homem paral\u00edtico foi milagrosamente curado e correu durante um culto, nos Estados Unidos. O milagre aconteceu durante em uma reuni\u00e3o em 2024, onde Ashley e Carlie Terradez, l\u00edderes do minist\u00e9rio \u201cTerradez Ministries\u201d, ensinaram sobre o poder de Deus para sarar enfermos. O paral\u00edtico foi levado por seu irm\u00e3o g\u00eameo ao culto. O homem havia [&hellip;]\" \/>\n<meta property=\"og:url\" content=\"https:\/\/radioportoseguro.com.br\/site\/2026\/03\/25\/paralitico-levanta-da-cadeira-de-rodas-e-corre-em-culto-jesus-ainda-cura\/\" \/>\n<meta property=\"og:site_name\" content=\"R\u00e1dio Porto Seguro\" \/>\n<meta property=\"article:published_time\" content=\"2026-03-25T03:47:59+00:00\" \/>\n<meta property=\"og:image\" content=\"https:\/\/media.guiame.com.br\/archives\/2026\/03\/23\/677307508-cura.jpeg\" \/>\n<meta name=\"author\" content=\"admin\" \/>\n<meta name=\"twitter:card\" content=\"summary_large_image\" \/>\n<meta name=\"twitter:label1\" content=\"Escrito por\" \/>\n\t<meta name=\"twitter:data1\" content=\"admin\" \/>\n\t<meta name=\"twitter:label2\" content=\"Est. tempo de leitura\" \/>\n\t<meta name=\"twitter:data2\" content=\"1 minuto\" \/>\n<script type=\"application\/ld+json\" class=\"yoast-schema-graph\">{\"@context\":\"https:\/\/schema.org\",\"@graph\":[{\"@type\":\"Article\",\"@id\":\"https:\/\/radioportoseguro.com.br\/site\/2026\/03\/25\/paralitico-levanta-da-cadeira-de-rodas-e-corre-em-culto-jesus-ainda-cura\/#article\",\"isPartOf\":{\"@id\":\"https:\/\/radioportoseguro.com.br\/site\/2026\/03\/25\/paralitico-levanta-da-cadeira-de-rodas-e-corre-em-culto-jesus-ainda-cura\/\"},\"author\":{\"name\":\"admin\",\"@id\":\"https:\/\/radioportoseguro.com.br\/site\/#\/schema\/person\/7630acdc320186f13639d3c067ec089b\"},\"headline\":\"Paral\u00edtico levanta da cadeira de rodas e corre em culto: \u201cJesus ainda cura\u201d\",\"datePublished\":\"2026-03-25T03:47:59+00:00\",\"mainEntityOfPage\":{\"@id\":\"https:\/\/radioportoseguro.com.br\/site\/2026\/03\/25\/paralitico-levanta-da-cadeira-de-rodas-e-corre-em-culto-jesus-ainda-cura\/\"},\"wordCount\":245,\"image\":{\"@id\":\"https:\/\/radioportoseguro.com.br\/site\/2026\/03\/25\/paralitico-levanta-da-cadeira-de-rodas-e-corre-em-culto-jesus-ainda-cura\/#primaryimage\"},\"thumbnailUrl\":\"https:\/\/radioportoseguro.com.br\/site\/wp-content\/uploads\/2026\/03\/677307508-cura.jpeg\",\"articleSection\":[\"Destaques\"],\"inLanguage\":\"pt-BR\"},{\"@type\":\"WebPage\",\"@id\":\"https:\/\/radioportoseguro.com.br\/site\/2026\/03\/25\/paralitico-levanta-da-cadeira-de-rodas-e-corre-em-culto-jesus-ainda-cura\/\",\"url\":\"https:\/\/radioportoseguro.com.br\/site\/2026\/03\/25\/paralitico-levanta-da-cadeira-de-rodas-e-corre-em-culto-jesus-ainda-cura\/\",\"name\":\"Paral\u00edtico levanta da cadeira de rodas e corre em culto: \u201cJesus ainda cura\u201d - R\u00e1dio Porto Seguro\",\"isPartOf\":{\"@id\":\"https:\/\/radioportoseguro.com.br\/site\/#website\"},\"primaryImageOfPage\":{\"@id\":\"https:\/\/radioportoseguro.com.br\/site\/2026\/03\/25\/paralitico-levanta-da-cadeira-de-rodas-e-corre-em-culto-jesus-ainda-cura\/#primaryimage\"},\"image\":{\"@id\":\"https:\/\/radioportoseguro.com.br\/site\/2026\/03\/25\/paralitico-levanta-da-cadeira-de-rodas-e-corre-em-culto-jesus-ainda-cura\/#primaryimage\"},\"thumbnailUrl\":\"https:\/\/radioportoseguro.com.br\/site\/wp-content\/uploads\/2026\/03\/677307508-cura.jpeg\",\"datePublished\":\"2026-03-25T03:47:59+00:00\",\"author\":{\"@id\":\"https:\/\/radioportoseguro.com.br\/site\/#\/schema\/person\/7630acdc320186f13639d3c067ec089b\"},\"breadcrumb\":{\"@id\":\"https:\/\/radioportoseguro.com.br\/site\/2026\/03\/25\/paralitico-levanta-da-cadeira-de-rodas-e-corre-em-culto-jesus-ainda-cura\/#breadcrumb\"},\"inLanguage\":\"pt-BR\",\"potentialAction\":[{\"@type\":\"ReadAction\",\"target\":[\"https:\/\/radioportoseguro.com.br\/site\/2026\/03\/25\/paralitico-levanta-da-cadeira-de-rodas-e-corre-em-culto-jesus-ainda-cura\/\"]}]},{\"@type\":\"ImageObject\",\"inLanguage\":\"pt-BR\",\"@id\":\"https:\/\/radioportoseguro.com.br\/site\/2026\/03\/25\/paralitico-levanta-da-cadeira-de-rodas-e-corre-em-culto-jesus-ainda-cura\/#primaryimage\",\"url\":\"https:\/\/radioportoseguro.com.br\/site\/wp-content\/uploads\/2026\/03\/677307508-cura.jpeg\",\"contentUrl\":\"https:\/\/radioportoseguro.com.br\/site\/wp-content\/uploads\/2026\/03\/677307508-cura.jpeg\",\"width\":1200,\"height\":600},{\"@type\":\"BreadcrumbList\",\"@id\":\"https:\/\/radioportoseguro.com.br\/site\/2026\/03\/25\/paralitico-levanta-da-cadeira-de-rodas-e-corre-em-culto-jesus-ainda-cura\/#breadcrumb\",\"itemListElement\":[{\"@type\":\"ListItem\",\"position\":1,\"name\":\"In\u00edcio\",\"item\":\"https:\/\/radioportoseguro.com.br\/site\/\"},{\"@type\":\"ListItem\",\"position\":2,\"name\":\"Paral\u00edtico levanta da cadeira de rodas e corre em culto: \u201cJesus ainda cura\u201d\"}]},{\"@type\":\"WebSite\",\"@id\":\"https:\/\/radioportoseguro.com.br\/site\/#website\",\"url\":\"https:\/\/radioportoseguro.com.br\/site\/\",\"name\":\"R\u00e1dio Porto Seguro\",\"description\":\"\",\"potentialAction\":[{\"@type\":\"SearchAction\",\"target\":{\"@type\":\"EntryPoint\",\"urlTemplate\":\"https:\/\/radioportoseguro.com.br\/site\/?s={search_term_string}\"},\"query-input\":{\"@type\":\"PropertyValueSpecification\",\"valueRequired\":true,\"valueName\":\"search_term_string\"}}],\"inLanguage\":\"pt-BR\"},{\"@type\":\"Person\",\"@id\":\"https:\/\/radioportoseguro.com.br\/site\/#\/schema\/person\/7630acdc320186f13639d3c067ec089b\",\"name\":\"admin\",\"image\":{\"@type\":\"ImageObject\",\"inLanguage\":\"pt-BR\",\"@id\":\"https:\/\/radioportoseguro.com.br\/site\/#\/schema\/person\/image\/\",\"url\":\"https:\/\/secure.gravatar.com\/avatar\/caacf4dc1eedb68fab0df8e1ed46c448e578b2466351bbcb61e47d2ac0caaef0?s=96&d=mm&r=g\",\"contentUrl\":\"https:\/\/secure.gravatar.com\/avatar\/caacf4dc1eedb68fab0df8e1ed46c448e578b2466351bbcb61e47d2ac0caaef0?s=96&d=mm&r=g\",\"caption\":\"admin\"},\"sameAs\":[\"https:\/\/radioportoseguro.com.br\/site\"],\"url\":\"https:\/\/radioportoseguro.com.br\/site\/author\/hezio\/\"}]}<\/script>\n<!-- \/ Yoast SEO plugin. -->","yoast_head_json":{"title":"Paral\u00edtico levanta da cadeira de rodas e corre em culto: \u201cJesus ainda cura\u201d - R\u00e1dio Porto Seguro","robots":{"index":"index","follow":"follow","max-snippet":"max-snippet:-1","max-image-preview":"max-image-preview:large","max-video-preview":"max-video-preview:-1"},"canonical":"https:\/\/radioportoseguro.com.br\/site\/2026\/03\/25\/paralitico-levanta-da-cadeira-de-rodas-e-corre-em-culto-jesus-ainda-cura\/","og_locale":"pt_BR","og_type":"article","og_title":"Paral\u00edtico levanta da cadeira de rodas e corre em culto: \u201cJesus ainda cura\u201d - R\u00e1dio Porto Seguro","og_description":"Um homem paral\u00edtico foi milagrosamente curado e correu durante um culto, nos Estados Unidos. O milagre aconteceu durante em uma reuni\u00e3o em 2024, onde Ashley e Carlie Terradez, l\u00edderes do minist\u00e9rio \u201cTerradez Ministries\u201d, ensinaram sobre o poder de Deus para sarar enfermos. O paral\u00edtico foi levado por seu irm\u00e3o g\u00eameo ao culto. O homem havia [&hellip;]","og_url":"https:\/\/radioportoseguro.com.br\/site\/2026\/03\/25\/paralitico-levanta-da-cadeira-de-rodas-e-corre-em-culto-jesus-ainda-cura\/","og_site_name":"R\u00e1dio Porto Seguro","article_published_time":"2026-03-25T03:47:59+00:00","og_image":[{"url":"https:\/\/media.guiame.com.br\/archives\/2026\/03\/23\/677307508-cura.jpeg","type":"","width":"","height":""}],"author":"admin","twitter_card":"summary_large_image","twitter_misc":{"Escrito por":"admin","Est. tempo de leitura":"1 minuto"},"schema":{"@context":"https:\/\/schema.org","@graph":[{"@type":"Article","@id":"https:\/\/radioportoseguro.com.br\/site\/2026\/03\/25\/paralitico-levanta-da-cadeira-de-rodas-e-corre-em-culto-jesus-ainda-cura\/#article","isPartOf":{"@id":"https:\/\/radioportoseguro.com.br\/site\/2026\/03\/25\/paralitico-levanta-da-cadeira-de-rodas-e-corre-em-culto-jesus-ainda-cura\/"},"author":{"name":"admin","@id":"https:\/\/radioportoseguro.com.br\/site\/#\/schema\/person\/7630acdc320186f13639d3c067ec089b"},"headline":"Paral\u00edtico levanta da cadeira de rodas e corre em culto: \u201cJesus ainda cura\u201d","datePublished":"2026-03-25T03:47:59+00:00","mainEntityOfPage":{"@id":"https:\/\/radioportoseguro.com.br\/site\/2026\/03\/25\/paralitico-levanta-da-cadeira-de-rodas-e-corre-em-culto-jesus-ainda-cura\/"},"wordCount":245,"image":{"@id":"https:\/\/radioportoseguro.com.br\/site\/2026\/03\/25\/paralitico-levanta-da-cadeira-de-rodas-e-corre-em-culto-jesus-ainda-cura\/#primaryimage"},"thumbnailUrl":"https:\/\/radioportoseguro.com.br\/site\/wp-content\/uploads\/2026\/03\/677307508-cura.jpeg","articleSection":["Destaques"],"inLanguage":"pt-BR"},{"@type":"WebPage","@id":"https:\/\/radioportoseguro.com.br\/site\/2026\/03\/25\/paralitico-levanta-da-cadeira-de-rodas-e-corre-em-culto-jesus-ainda-cura\/","url":"https:\/\/radioportoseguro.com.br\/site\/2026\/03\/25\/paralitico-levanta-da-cadeira-de-rodas-e-corre-em-culto-jesus-ainda-cura\/","name":"Paral\u00edtico levanta da cadeira de rodas e corre em culto: \u201cJesus ainda cura\u201d - R\u00e1dio Porto Seguro","isPartOf":{"@id":"https:\/\/radioportoseguro.com.br\/site\/#website"},"primaryImageOfPage":{"@id":"https:\/\/radioportoseguro.com.br\/site\/2026\/03\/25\/paralitico-levanta-da-cadeira-de-rodas-e-corre-em-culto-jesus-ainda-cura\/#primaryimage"},"image":{"@id":"https:\/\/radioportoseguro.com.br\/site\/2026\/03\/25\/paralitico-levanta-da-cadeira-de-rodas-e-corre-em-culto-jesus-ainda-cura\/#primaryimage"},"thumbnailUrl":"https:\/\/radioportoseguro.com.br\/site\/wp-content\/uploads\/2026\/03\/677307508-cura.jpeg","datePublished":"2026-03-25T03:47:59+00:00","author":{"@id":"https:\/\/radioportoseguro.com.br\/site\/#\/schema\/person\/7630acdc320186f13639d3c067ec089b"},"breadcrumb":{"@id":"https:\/\/radioportoseguro.com.br\/site\/2026\/03\/25\/paralitico-levanta-da-cadeira-de-rodas-e-corre-em-culto-jesus-ainda-cura\/#breadcrumb"},"inLanguage":"pt-BR","potentialAction":[{"@type":"ReadAction","target":["https:\/\/radioportoseguro.com.br\/site\/2026\/03\/25\/paralitico-levanta-da-cadeira-de-rodas-e-corre-em-culto-jesus-ainda-cura\/"]}]},{"@type":"ImageObject","inLanguage":"pt-BR","@id":"https:\/\/radioportoseguro.com.br\/site\/2026\/03\/25\/paralitico-levanta-da-cadeira-de-rodas-e-corre-em-culto-jesus-ainda-cura\/#primaryimage","url":"https:\/\/radioportoseguro.com.br\/site\/wp-content\/uploads\/2026\/03\/677307508-cura.jpeg","contentUrl":"https:\/\/radioportoseguro.com.br\/site\/wp-content\/uploads\/2026\/03\/677307508-cura.jpeg","width":1200,"height":600},{"@type":"BreadcrumbList","@id":"https:\/\/radioportoseguro.com.br\/site\/2026\/03\/25\/paralitico-levanta-da-cadeira-de-rodas-e-corre-em-culto-jesus-ainda-cura\/#breadcrumb","itemListElement":[{"@type":"ListItem","position":1,"name":"In\u00edcio","item":"https:\/\/radioportoseguro.com.br\/site\/"},{"@type":"ListItem","position":2,"name":"Paral\u00edtico levanta da cadeira de rodas e corre em culto: \u201cJesus ainda cura\u201d"}]},{"@type":"WebSite","@id":"https:\/\/radioportoseguro.com.br\/site\/#website","url":"https:\/\/radioportoseguro.com.br\/site\/","name":"R\u00e1dio Porto Seguro","description":"","potentialAction":[{"@type":"SearchAction","target":{"@type":"EntryPoint","urlTemplate":"https:\/\/radioportoseguro.com.br\/site\/?s={search_term_string}"},"query-input":{"@type":"PropertyValueSpecification","valueRequired":true,"valueName":"search_term_string"}}],"inLanguage":"pt-BR"},{"@type":"Person","@id":"https:\/\/radioportoseguro.com.br\/site\/#\/schema\/person\/7630acdc320186f13639d3c067ec089b","name":"admin","image":{"@type":"ImageObject","inLanguage":"pt-BR","@id":"https:\/\/radioportoseguro.com.br\/site\/#\/schema\/person\/image\/","url":"https:\/\/secure.gravatar.com\/avatar\/caacf4dc1eedb68fab0df8e1ed46c448e578b2466351bbcb61e47d2ac0caaef0?s=96&d=mm&r=g","contentUrl":"https:\/\/secure.gravatar.com\/avatar\/caacf4dc1eedb68fab0df8e1ed46c448e578b2466351bbcb61e47d2ac0caaef0?s=96&d=mm&r=g","caption":"admin"},"sameAs":["https:\/\/radioportoseguro.com.br\/site"],"url":"https:\/\/radioportoseguro.com.br\/site\/author\/hezio\/"}]}},"_links":{"self":[{"href":"https:\/\/radioportoseguro.com.br\/site\/wp-json\/wp\/v2\/posts\/5336","targetHints":{"allow":["GET"]}}],"collection":[{"href":"https:\/\/radioportoseguro.com.br\/site\/wp-json\/wp\/v2\/posts"}],"about":[{"href":"https:\/\/radioportoseguro.com.br\/site\/wp-json\/wp\/v2\/types\/post"}],"author":[{"embeddable":true,"href":"https:\/\/radioportoseguro.com.br\/site\/wp-json\/wp\/v2\/users\/1"}],"replies":[{"embeddable":true,"href":"https:\/\/radioportoseguro.com.br\/site\/wp-json\/wp\/v2\/comments?post=5336"}],"version-history":[{"count":0,"href":"https:\/\/radioportoseguro.com.br\/site\/wp-json\/wp\/v2\/posts\/5336\/revisions"}],"wp:featuredmedia":[{"embeddable":true,"href":"https:\/\/radioportoseguro.com.br\/site\/wp-json\/wp\/v2\/media\/5337"}],"wp:attachment":[{"href":"https:\/\/radioportoseguro.com.br\/site\/wp-json\/wp\/v2\/media?parent=5336"}],"wp:term":[{"taxonomy":"category","embeddable":true,"href":"https:\/\/radioportoseguro.com.br\/site\/wp-json\/wp\/v2\/categories?post=5336"},{"taxonomy":"post_tag","embeddable":true,"href":"https:\/\/radioportoseguro.com.br\/site\/wp-json\/wp\/v2\/tags?post=5336"}],"curies":[{"name":"wp","href":"https:\/\/api.w.org\/{rel}","templated":true}]}}