{"id":5340,"date":"2026-03-25T04:49:43","date_gmt":"2026-03-25T07:49:43","guid":{"rendered":"https:\/\/radioportoseguro.com.br\/site\/2026\/03\/25\/idoso-analfabeto-se-emociona-ao-ouvir-biblia-em-audio-no-sertao-jesus-o-alcancou\/"},"modified":"2026-03-25T04:49:43","modified_gmt":"2026-03-25T07:49:43","slug":"idoso-analfabeto-se-emociona-ao-ouvir-biblia-em-audio-no-sertao-jesus-o-alcancou","status":"publish","type":"post","link":"https:\/\/radioportoseguro.com.br\/site\/2026\/03\/25\/idoso-analfabeto-se-emociona-ao-ouvir-biblia-em-audio-no-sertao-jesus-o-alcancou\/","title":{"rendered":"Idoso analfabeto se emociona ao ouvir B\u00edblia em \u00e1udio no sert\u00e3o: \u2018Jesus o alcan\u00e7ou\u2019"},"content":{"rendered":"<p><br \/>\n<br \/><\/p>\n<div>\n<p><span style=\"font-weight: 400;\">Um idoso analfabeto emocionou milhares de pessoas nas redes sociais ao reagir \u00e0 <\/span><span style=\"color: #993300;\"><strong>B\u00edblia em \u00e1udio<\/strong><\/span><span style=\"font-weight: 400;\"> em seu pr\u00f3prio dialeto sertanejo.\u00a0<\/span><\/p>\n<p><span style=\"font-weight: 400;\">Em um v\u00eddeo no Instagram, Severino foi impactado ao ouvir as Escrituras e conseguir compreender os princ\u00edpios b\u00edblicos.<\/span><\/p>\n<p><span style=\"font-weight: 400;\">A grava\u00e7\u00e3o foi publicada pelo mission\u00e1rio Marcelo Sales, que destacou o impacto da iniciativa na vida do idoso.\u00a0<\/span><\/p>\n<p><span style=\"font-weight: 400;\">\u201cEle nunca aprendeu a ler, mas isso nunca significou dist\u00e2ncia de Deus. Quando a B\u00edblia passou a falar na linguagem do seu povo, Jesus deixou de ser algo distante e se tornou presen\u00e7a di\u00e1ria\u201d, afirmou Marcelo.<\/span><\/p>\n<blockquote class=\"instagram-media\" style=\"background: #FFF; border: 0; border-radius: 3px; box-shadow: 0 0 1px 0 rgba(0,0,0,0.5),0 1px 10px 0 rgba(0,0,0,0.15); margin: 1px; max-width: 540px; min-width: 326px; padding: 0; width: calc(100% - 2px);\" data-instgrm-permalink=\"https:\/\/www.instagram.com\/reel\/DUWjs6GCepp\/?utm_source=ig_embed&amp;utm_campaign=loading\" data-instgrm-version=\"14\"><p>&#13;<br \/>\n&#13;\n<\/p><\/blockquote>\n<p><span style=\"font-weight: 400;\">Com aten\u00e7\u00e3o, Severino ouviu a passagem b\u00edblica sobre os mandamentos de Deus para o seu povo.\u00a0<\/span><\/p>\n<p><span style=\"font-weight: 400;\">\u201cMas voc\u00eas sabem as ordenan\u00e7as: n\u00e3o matar, n\u00e3o trair, n\u00e3o roubar, n\u00e3o levantar falso testemunho, n\u00e3o enganar ningu\u00e9m, zelar e respeitar pai e m\u00e3e\u201d, dizia a grava\u00e7\u00e3o.<\/span><\/p>\n<p><span style=\"font-weight: 400;\">Enquanto escutava, ele se alegrou demonstrando compreender o que estava sendo ensinado.<\/span><\/p>\n<p><span style=\"font-weight: 400;\">\u201cNo Nordeste, muitos homens e mulheres cresceram sem acesso \u00e0 alfabetiza\u00e7\u00e3o. Ainda assim, a f\u00e9 sempre esteve viva. Faltava apenas que o Evangelho chegasse de um jeito que pudesse ser ouvido\u201d, explicou o mission\u00e1rio.<\/span><\/p>\n<p><strong>A Palavra de Deus em \u00e1udio<\/strong><\/p>\n<p><span style=\"font-weight: 400;\">Conforme Marcelo, a experi\u00eancia de Severino \u00e9 fruto de uma parceria entre o minist\u00e9rio Spoken Worldwide, que atua levando a B\u00edblia a pessoas analfabetas ou com dificuldade de leitura, e a Associa\u00e7\u00e3o Lingu\u00edstica Evang\u00e9lica Mission\u00e1ria (ALEM), que trabalha no envio de mission\u00e1rios e na <\/span><strong><span style=\"color: #993300;\">tradu\u00e7\u00e3o das Escrituras<\/span><\/strong>.<\/p>\n<p><span style=\"font-weight: 400;\">\u201cEntendendo essa realidade que a Miss\u00e3o ALEM, em parceria com a SPOKEN, passou a desenvolver projetos para que ningu\u00e9m ficasse de fora\u201d, afirmou ele.\u00a0<\/span><\/p>\n<p><span style=\"font-weight: 400;\">Um desses projetos \u00e9 a chamada \u201cB\u00edblia de Taipa\u201d, que apresenta as Escrituras em \u00e1udio e v\u00eddeo no jeito de falar do sertanejo e quilombolas do Brasil.<\/span><\/p>\n<p><span style=\"font-weight: 400;\">\u201cA Palavra em \u00e1udio, no dialeto que mora no cora\u00e7\u00e3o do sertanejo. Porque Jesus sempre quis alcan\u00e7ar todo povo\u201d, declarou Marcelo.<\/span><\/p>\n<p><span style=\"font-weight: 400;\">A proposta \u00e9 tornar a mensagem mais pr\u00f3xima da realidade dessas comunidades, respeitando a linguagem, o sotaque e a cultura local. At\u00e9 o momento, j\u00e1 foram produzidos conte\u00fados baseados nos livros de Rute e nos Evangelhos de Mateus, Marcos, Lucas e Jo\u00e3o.<\/span><\/p>\n<p><span style=\"font-weight: 400;\">Segundo os organizadores, o objetivo \u00e9 permitir que sertanejos e quilombolas ou\u00e7am a B\u00edblia com uma sonoridade familiar e compreendam melhor o contexto das hist\u00f3rias b\u00edblicas.<\/span><\/p>\n<p><span style=\"font-weight: 400;\">\u201cO mais interessante \u00e9 o tom intimista e o sotaque marcante do interior do Brasil que agregam ainda mais valor e riqueza ao projeto\u201d, informou a organiza\u00e7\u00e3o.<\/span><\/p>\n<\/div>\n<p><script async src=\"\/\/www.instagram.com\/embed.js\"><\/script><br \/>\n<br \/><br \/>\n<br \/>Fonte: Guiame <\/p>\n","protected":false},"excerpt":{"rendered":"<p>Um idoso analfabeto emocionou milhares de pessoas nas redes sociais ao reagir \u00e0 B\u00edblia em \u00e1udio em seu pr\u00f3prio dialeto sertanejo.\u00a0 Em um v\u00eddeo no Instagram, Severino foi impactado ao ouvir as Escrituras e conseguir compreender os princ\u00edpios b\u00edblicos. A grava\u00e7\u00e3o foi publicada pelo mission\u00e1rio Marcelo Sales, que destacou o impacto da iniciativa na vida [&hellip;]<\/p>\n","protected":false},"author":1,"featured_media":5341,"comment_status":"","ping_status":"open","sticky":false,"template":"","format":"standard","meta":{"footnotes":""},"categories":[43],"tags":[],"class_list":["post-5340","post","type-post","status-publish","format-standard","has-post-thumbnail","hentry","category-destaques"],"yoast_head":"<!-- This site is optimized with the Yoast SEO plugin v26.8 - https:\/\/yoast.com\/product\/yoast-seo-wordpress\/ -->\n<title>Idoso analfabeto se emociona ao ouvir B\u00edblia em \u00e1udio no sert\u00e3o: \u2018Jesus o alcan\u00e7ou\u2019 - R\u00e1dio Porto Seguro<\/title>\n<meta name=\"robots\" content=\"index, follow, max-snippet:-1, max-image-preview:large, max-video-preview:-1\" \/>\n<link rel=\"canonical\" href=\"https:\/\/radioportoseguro.com.br\/site\/2026\/03\/25\/idoso-analfabeto-se-emociona-ao-ouvir-biblia-em-audio-no-sertao-jesus-o-alcancou\/\" \/>\n<meta property=\"og:locale\" content=\"pt_BR\" \/>\n<meta property=\"og:type\" content=\"article\" \/>\n<meta property=\"og:title\" content=\"Idoso analfabeto se emociona ao ouvir B\u00edblia em \u00e1udio no sert\u00e3o: \u2018Jesus o alcan\u00e7ou\u2019 - R\u00e1dio Porto Seguro\" \/>\n<meta property=\"og:description\" content=\"Um idoso analfabeto emocionou milhares de pessoas nas redes sociais ao reagir \u00e0 B\u00edblia em \u00e1udio em seu pr\u00f3prio dialeto sertanejo.\u00a0 Em um v\u00eddeo no Instagram, Severino foi impactado ao ouvir as Escrituras e conseguir compreender os princ\u00edpios b\u00edblicos. A grava\u00e7\u00e3o foi publicada pelo mission\u00e1rio Marcelo Sales, que destacou o impacto da iniciativa na vida [&hellip;]\" \/>\n<meta property=\"og:url\" content=\"https:\/\/radioportoseguro.com.br\/site\/2026\/03\/25\/idoso-analfabeto-se-emociona-ao-ouvir-biblia-em-audio-no-sertao-jesus-o-alcancou\/\" \/>\n<meta property=\"og:site_name\" content=\"R\u00e1dio Porto Seguro\" \/>\n<meta property=\"article:published_time\" content=\"2026-03-25T07:49:43+00:00\" \/>\n<meta property=\"og:image\" content=\"https:\/\/media.guiame.com.br\/archives\/2026\/03\/23\/1060709967-severino-ouvindo-biblia.jpeg\" \/>\n<meta name=\"author\" content=\"admin\" \/>\n<meta name=\"twitter:card\" content=\"summary_large_image\" \/>\n<meta name=\"twitter:label1\" content=\"Escrito por\" \/>\n\t<meta name=\"twitter:data1\" content=\"admin\" \/>\n\t<meta name=\"twitter:label2\" content=\"Est. tempo de leitura\" \/>\n\t<meta name=\"twitter:data2\" content=\"2 minutos\" \/>\n<script type=\"application\/ld+json\" class=\"yoast-schema-graph\">{\"@context\":\"https:\/\/schema.org\",\"@graph\":[{\"@type\":\"Article\",\"@id\":\"https:\/\/radioportoseguro.com.br\/site\/2026\/03\/25\/idoso-analfabeto-se-emociona-ao-ouvir-biblia-em-audio-no-sertao-jesus-o-alcancou\/#article\",\"isPartOf\":{\"@id\":\"https:\/\/radioportoseguro.com.br\/site\/2026\/03\/25\/idoso-analfabeto-se-emociona-ao-ouvir-biblia-em-audio-no-sertao-jesus-o-alcancou\/\"},\"author\":{\"name\":\"admin\",\"@id\":\"https:\/\/radioportoseguro.com.br\/site\/#\/schema\/person\/7630acdc320186f13639d3c067ec089b\"},\"headline\":\"Idoso analfabeto se emociona ao ouvir B\u00edblia em \u00e1udio no sert\u00e3o: \u2018Jesus o alcan\u00e7ou\u2019\",\"datePublished\":\"2026-03-25T07:49:43+00:00\",\"mainEntityOfPage\":{\"@id\":\"https:\/\/radioportoseguro.com.br\/site\/2026\/03\/25\/idoso-analfabeto-se-emociona-ao-ouvir-biblia-em-audio-no-sertao-jesus-o-alcancou\/\"},\"wordCount\":464,\"image\":{\"@id\":\"https:\/\/radioportoseguro.com.br\/site\/2026\/03\/25\/idoso-analfabeto-se-emociona-ao-ouvir-biblia-em-audio-no-sertao-jesus-o-alcancou\/#primaryimage\"},\"thumbnailUrl\":\"https:\/\/radioportoseguro.com.br\/site\/wp-content\/uploads\/2026\/03\/1060709967-severino-ouvindo-biblia.jpeg\",\"articleSection\":[\"Destaques\"],\"inLanguage\":\"pt-BR\"},{\"@type\":\"WebPage\",\"@id\":\"https:\/\/radioportoseguro.com.br\/site\/2026\/03\/25\/idoso-analfabeto-se-emociona-ao-ouvir-biblia-em-audio-no-sertao-jesus-o-alcancou\/\",\"url\":\"https:\/\/radioportoseguro.com.br\/site\/2026\/03\/25\/idoso-analfabeto-se-emociona-ao-ouvir-biblia-em-audio-no-sertao-jesus-o-alcancou\/\",\"name\":\"Idoso analfabeto se emociona ao ouvir B\u00edblia em \u00e1udio no sert\u00e3o: \u2018Jesus o alcan\u00e7ou\u2019 - R\u00e1dio Porto Seguro\",\"isPartOf\":{\"@id\":\"https:\/\/radioportoseguro.com.br\/site\/#website\"},\"primaryImageOfPage\":{\"@id\":\"https:\/\/radioportoseguro.com.br\/site\/2026\/03\/25\/idoso-analfabeto-se-emociona-ao-ouvir-biblia-em-audio-no-sertao-jesus-o-alcancou\/#primaryimage\"},\"image\":{\"@id\":\"https:\/\/radioportoseguro.com.br\/site\/2026\/03\/25\/idoso-analfabeto-se-emociona-ao-ouvir-biblia-em-audio-no-sertao-jesus-o-alcancou\/#primaryimage\"},\"thumbnailUrl\":\"https:\/\/radioportoseguro.com.br\/site\/wp-content\/uploads\/2026\/03\/1060709967-severino-ouvindo-biblia.jpeg\",\"datePublished\":\"2026-03-25T07:49:43+00:00\",\"author\":{\"@id\":\"https:\/\/radioportoseguro.com.br\/site\/#\/schema\/person\/7630acdc320186f13639d3c067ec089b\"},\"breadcrumb\":{\"@id\":\"https:\/\/radioportoseguro.com.br\/site\/2026\/03\/25\/idoso-analfabeto-se-emociona-ao-ouvir-biblia-em-audio-no-sertao-jesus-o-alcancou\/#breadcrumb\"},\"inLanguage\":\"pt-BR\",\"potentialAction\":[{\"@type\":\"ReadAction\",\"target\":[\"https:\/\/radioportoseguro.com.br\/site\/2026\/03\/25\/idoso-analfabeto-se-emociona-ao-ouvir-biblia-em-audio-no-sertao-jesus-o-alcancou\/\"]}]},{\"@type\":\"ImageObject\",\"inLanguage\":\"pt-BR\",\"@id\":\"https:\/\/radioportoseguro.com.br\/site\/2026\/03\/25\/idoso-analfabeto-se-emociona-ao-ouvir-biblia-em-audio-no-sertao-jesus-o-alcancou\/#primaryimage\",\"url\":\"https:\/\/radioportoseguro.com.br\/site\/wp-content\/uploads\/2026\/03\/1060709967-severino-ouvindo-biblia.jpeg\",\"contentUrl\":\"https:\/\/radioportoseguro.com.br\/site\/wp-content\/uploads\/2026\/03\/1060709967-severino-ouvindo-biblia.jpeg\",\"width\":1200,\"height\":600},{\"@type\":\"BreadcrumbList\",\"@id\":\"https:\/\/radioportoseguro.com.br\/site\/2026\/03\/25\/idoso-analfabeto-se-emociona-ao-ouvir-biblia-em-audio-no-sertao-jesus-o-alcancou\/#breadcrumb\",\"itemListElement\":[{\"@type\":\"ListItem\",\"position\":1,\"name\":\"In\u00edcio\",\"item\":\"https:\/\/radioportoseguro.com.br\/site\/\"},{\"@type\":\"ListItem\",\"position\":2,\"name\":\"Idoso analfabeto se emociona ao ouvir B\u00edblia em \u00e1udio no sert\u00e3o: \u2018Jesus o alcan\u00e7ou\u2019\"}]},{\"@type\":\"WebSite\",\"@id\":\"https:\/\/radioportoseguro.com.br\/site\/#website\",\"url\":\"https:\/\/radioportoseguro.com.br\/site\/\",\"name\":\"R\u00e1dio Porto Seguro\",\"description\":\"\",\"potentialAction\":[{\"@type\":\"SearchAction\",\"target\":{\"@type\":\"EntryPoint\",\"urlTemplate\":\"https:\/\/radioportoseguro.com.br\/site\/?s={search_term_string}\"},\"query-input\":{\"@type\":\"PropertyValueSpecification\",\"valueRequired\":true,\"valueName\":\"search_term_string\"}}],\"inLanguage\":\"pt-BR\"},{\"@type\":\"Person\",\"@id\":\"https:\/\/radioportoseguro.com.br\/site\/#\/schema\/person\/7630acdc320186f13639d3c067ec089b\",\"name\":\"admin\",\"image\":{\"@type\":\"ImageObject\",\"inLanguage\":\"pt-BR\",\"@id\":\"https:\/\/radioportoseguro.com.br\/site\/#\/schema\/person\/image\/\",\"url\":\"https:\/\/secure.gravatar.com\/avatar\/caacf4dc1eedb68fab0df8e1ed46c448e578b2466351bbcb61e47d2ac0caaef0?s=96&d=mm&r=g\",\"contentUrl\":\"https:\/\/secure.gravatar.com\/avatar\/caacf4dc1eedb68fab0df8e1ed46c448e578b2466351bbcb61e47d2ac0caaef0?s=96&d=mm&r=g\",\"caption\":\"admin\"},\"sameAs\":[\"https:\/\/radioportoseguro.com.br\/site\"],\"url\":\"https:\/\/radioportoseguro.com.br\/site\/author\/hezio\/\"}]}<\/script>\n<!-- \/ Yoast SEO plugin. -->","yoast_head_json":{"title":"Idoso analfabeto se emociona ao ouvir B\u00edblia em \u00e1udio no sert\u00e3o: \u2018Jesus o alcan\u00e7ou\u2019 - R\u00e1dio Porto Seguro","robots":{"index":"index","follow":"follow","max-snippet":"max-snippet:-1","max-image-preview":"max-image-preview:large","max-video-preview":"max-video-preview:-1"},"canonical":"https:\/\/radioportoseguro.com.br\/site\/2026\/03\/25\/idoso-analfabeto-se-emociona-ao-ouvir-biblia-em-audio-no-sertao-jesus-o-alcancou\/","og_locale":"pt_BR","og_type":"article","og_title":"Idoso analfabeto se emociona ao ouvir B\u00edblia em \u00e1udio no sert\u00e3o: \u2018Jesus o alcan\u00e7ou\u2019 - R\u00e1dio Porto Seguro","og_description":"Um idoso analfabeto emocionou milhares de pessoas nas redes sociais ao reagir \u00e0 B\u00edblia em \u00e1udio em seu pr\u00f3prio dialeto sertanejo.\u00a0 Em um v\u00eddeo no Instagram, Severino foi impactado ao ouvir as Escrituras e conseguir compreender os princ\u00edpios b\u00edblicos. A grava\u00e7\u00e3o foi publicada pelo mission\u00e1rio Marcelo Sales, que destacou o impacto da iniciativa na vida [&hellip;]","og_url":"https:\/\/radioportoseguro.com.br\/site\/2026\/03\/25\/idoso-analfabeto-se-emociona-ao-ouvir-biblia-em-audio-no-sertao-jesus-o-alcancou\/","og_site_name":"R\u00e1dio Porto Seguro","article_published_time":"2026-03-25T07:49:43+00:00","og_image":[{"url":"https:\/\/media.guiame.com.br\/archives\/2026\/03\/23\/1060709967-severino-ouvindo-biblia.jpeg","type":"","width":"","height":""}],"author":"admin","twitter_card":"summary_large_image","twitter_misc":{"Escrito por":"admin","Est. tempo de leitura":"2 minutos"},"schema":{"@context":"https:\/\/schema.org","@graph":[{"@type":"Article","@id":"https:\/\/radioportoseguro.com.br\/site\/2026\/03\/25\/idoso-analfabeto-se-emociona-ao-ouvir-biblia-em-audio-no-sertao-jesus-o-alcancou\/#article","isPartOf":{"@id":"https:\/\/radioportoseguro.com.br\/site\/2026\/03\/25\/idoso-analfabeto-se-emociona-ao-ouvir-biblia-em-audio-no-sertao-jesus-o-alcancou\/"},"author":{"name":"admin","@id":"https:\/\/radioportoseguro.com.br\/site\/#\/schema\/person\/7630acdc320186f13639d3c067ec089b"},"headline":"Idoso analfabeto se emociona ao ouvir B\u00edblia em \u00e1udio no sert\u00e3o: \u2018Jesus o alcan\u00e7ou\u2019","datePublished":"2026-03-25T07:49:43+00:00","mainEntityOfPage":{"@id":"https:\/\/radioportoseguro.com.br\/site\/2026\/03\/25\/idoso-analfabeto-se-emociona-ao-ouvir-biblia-em-audio-no-sertao-jesus-o-alcancou\/"},"wordCount":464,"image":{"@id":"https:\/\/radioportoseguro.com.br\/site\/2026\/03\/25\/idoso-analfabeto-se-emociona-ao-ouvir-biblia-em-audio-no-sertao-jesus-o-alcancou\/#primaryimage"},"thumbnailUrl":"https:\/\/radioportoseguro.com.br\/site\/wp-content\/uploads\/2026\/03\/1060709967-severino-ouvindo-biblia.jpeg","articleSection":["Destaques"],"inLanguage":"pt-BR"},{"@type":"WebPage","@id":"https:\/\/radioportoseguro.com.br\/site\/2026\/03\/25\/idoso-analfabeto-se-emociona-ao-ouvir-biblia-em-audio-no-sertao-jesus-o-alcancou\/","url":"https:\/\/radioportoseguro.com.br\/site\/2026\/03\/25\/idoso-analfabeto-se-emociona-ao-ouvir-biblia-em-audio-no-sertao-jesus-o-alcancou\/","name":"Idoso analfabeto se emociona ao ouvir B\u00edblia em \u00e1udio no sert\u00e3o: \u2018Jesus o alcan\u00e7ou\u2019 - R\u00e1dio Porto Seguro","isPartOf":{"@id":"https:\/\/radioportoseguro.com.br\/site\/#website"},"primaryImageOfPage":{"@id":"https:\/\/radioportoseguro.com.br\/site\/2026\/03\/25\/idoso-analfabeto-se-emociona-ao-ouvir-biblia-em-audio-no-sertao-jesus-o-alcancou\/#primaryimage"},"image":{"@id":"https:\/\/radioportoseguro.com.br\/site\/2026\/03\/25\/idoso-analfabeto-se-emociona-ao-ouvir-biblia-em-audio-no-sertao-jesus-o-alcancou\/#primaryimage"},"thumbnailUrl":"https:\/\/radioportoseguro.com.br\/site\/wp-content\/uploads\/2026\/03\/1060709967-severino-ouvindo-biblia.jpeg","datePublished":"2026-03-25T07:49:43+00:00","author":{"@id":"https:\/\/radioportoseguro.com.br\/site\/#\/schema\/person\/7630acdc320186f13639d3c067ec089b"},"breadcrumb":{"@id":"https:\/\/radioportoseguro.com.br\/site\/2026\/03\/25\/idoso-analfabeto-se-emociona-ao-ouvir-biblia-em-audio-no-sertao-jesus-o-alcancou\/#breadcrumb"},"inLanguage":"pt-BR","potentialAction":[{"@type":"ReadAction","target":["https:\/\/radioportoseguro.com.br\/site\/2026\/03\/25\/idoso-analfabeto-se-emociona-ao-ouvir-biblia-em-audio-no-sertao-jesus-o-alcancou\/"]}]},{"@type":"ImageObject","inLanguage":"pt-BR","@id":"https:\/\/radioportoseguro.com.br\/site\/2026\/03\/25\/idoso-analfabeto-se-emociona-ao-ouvir-biblia-em-audio-no-sertao-jesus-o-alcancou\/#primaryimage","url":"https:\/\/radioportoseguro.com.br\/site\/wp-content\/uploads\/2026\/03\/1060709967-severino-ouvindo-biblia.jpeg","contentUrl":"https:\/\/radioportoseguro.com.br\/site\/wp-content\/uploads\/2026\/03\/1060709967-severino-ouvindo-biblia.jpeg","width":1200,"height":600},{"@type":"BreadcrumbList","@id":"https:\/\/radioportoseguro.com.br\/site\/2026\/03\/25\/idoso-analfabeto-se-emociona-ao-ouvir-biblia-em-audio-no-sertao-jesus-o-alcancou\/#breadcrumb","itemListElement":[{"@type":"ListItem","position":1,"name":"In\u00edcio","item":"https:\/\/radioportoseguro.com.br\/site\/"},{"@type":"ListItem","position":2,"name":"Idoso analfabeto se emociona ao ouvir B\u00edblia em \u00e1udio no sert\u00e3o: \u2018Jesus o alcan\u00e7ou\u2019"}]},{"@type":"WebSite","@id":"https:\/\/radioportoseguro.com.br\/site\/#website","url":"https:\/\/radioportoseguro.com.br\/site\/","name":"R\u00e1dio Porto Seguro","description":"","potentialAction":[{"@type":"SearchAction","target":{"@type":"EntryPoint","urlTemplate":"https:\/\/radioportoseguro.com.br\/site\/?s={search_term_string}"},"query-input":{"@type":"PropertyValueSpecification","valueRequired":true,"valueName":"search_term_string"}}],"inLanguage":"pt-BR"},{"@type":"Person","@id":"https:\/\/radioportoseguro.com.br\/site\/#\/schema\/person\/7630acdc320186f13639d3c067ec089b","name":"admin","image":{"@type":"ImageObject","inLanguage":"pt-BR","@id":"https:\/\/radioportoseguro.com.br\/site\/#\/schema\/person\/image\/","url":"https:\/\/secure.gravatar.com\/avatar\/caacf4dc1eedb68fab0df8e1ed46c448e578b2466351bbcb61e47d2ac0caaef0?s=96&d=mm&r=g","contentUrl":"https:\/\/secure.gravatar.com\/avatar\/caacf4dc1eedb68fab0df8e1ed46c448e578b2466351bbcb61e47d2ac0caaef0?s=96&d=mm&r=g","caption":"admin"},"sameAs":["https:\/\/radioportoseguro.com.br\/site"],"url":"https:\/\/radioportoseguro.com.br\/site\/author\/hezio\/"}]}},"_links":{"self":[{"href":"https:\/\/radioportoseguro.com.br\/site\/wp-json\/wp\/v2\/posts\/5340","targetHints":{"allow":["GET"]}}],"collection":[{"href":"https:\/\/radioportoseguro.com.br\/site\/wp-json\/wp\/v2\/posts"}],"about":[{"href":"https:\/\/radioportoseguro.com.br\/site\/wp-json\/wp\/v2\/types\/post"}],"author":[{"embeddable":true,"href":"https:\/\/radioportoseguro.com.br\/site\/wp-json\/wp\/v2\/users\/1"}],"replies":[{"embeddable":true,"href":"https:\/\/radioportoseguro.com.br\/site\/wp-json\/wp\/v2\/comments?post=5340"}],"version-history":[{"count":0,"href":"https:\/\/radioportoseguro.com.br\/site\/wp-json\/wp\/v2\/posts\/5340\/revisions"}],"wp:featuredmedia":[{"embeddable":true,"href":"https:\/\/radioportoseguro.com.br\/site\/wp-json\/wp\/v2\/media\/5341"}],"wp:attachment":[{"href":"https:\/\/radioportoseguro.com.br\/site\/wp-json\/wp\/v2\/media?parent=5340"}],"wp:term":[{"taxonomy":"category","embeddable":true,"href":"https:\/\/radioportoseguro.com.br\/site\/wp-json\/wp\/v2\/categories?post=5340"},{"taxonomy":"post_tag","embeddable":true,"href":"https:\/\/radioportoseguro.com.br\/site\/wp-json\/wp\/v2\/tags?post=5340"}],"curies":[{"name":"wp","href":"https:\/\/api.w.org\/{rel}","templated":true}]}}