{"id":5344,"date":"2026-03-25T06:51:54","date_gmt":"2026-03-25T09:51:54","guid":{"rendered":"https:\/\/radioportoseguro.com.br\/site\/2026\/03\/25\/igreja-constroi-casa-para-familia-que-morava-em-barraco-levamos-o-amor-de-jesus\/"},"modified":"2026-03-25T06:51:54","modified_gmt":"2026-03-25T09:51:54","slug":"igreja-constroi-casa-para-familia-que-morava-em-barraco-levamos-o-amor-de-jesus","status":"publish","type":"post","link":"https:\/\/radioportoseguro.com.br\/site\/2026\/03\/25\/igreja-constroi-casa-para-familia-que-morava-em-barraco-levamos-o-amor-de-jesus\/","title":{"rendered":"Igreja constr\u00f3i casa para fam\u00edlia que morava em barraco: \u2018Levamos o amor de Jesus\u2019"},"content":{"rendered":"<p><br \/>\n<br \/><\/p>\n<div>\n<p><span style=\"font-weight: 400;\">Uma <\/span><span style=\"color: #800000;\"><strong>igreja<\/strong> <strong>construiu uma casa<\/strong><\/span><span style=\"font-weight: 400;\"> para uma fam\u00edlia em vulnerabilidade social, na cidade de Crici\u00fama, em Santa Catarina.<\/span><\/p>\n<p><span style=\"font-weight: 400;\">A Abba Pai Church entregou a nova resid\u00eancia para uma fam\u00edlia de 6 pessoas no in\u00edcio de mar\u00e7o, em um momento emocionante.<\/span><\/p>\n<p><span style=\"font-weight: 400;\">Atrav\u00e9s do projeto da igreja \u201cIrm\u00e3os \u00e0 Obra\u201d, os crist\u00e3os identificaram a necessidade da fam\u00edlia que vivia em um pequeno barraco de apenas um c\u00f4modo.<\/span><\/p>\n<p><span style=\"font-weight: 400;\">\u201cViviam em um barraco de 5 metros por 5 metros. A casa n\u00e3o tinha piso, quando chovia alagava tudo. O banheiro era de madeira, muito simples e fr\u00e1gil\u201d, contou uma membro da Abba Pai, em v\u00eddeo no Instagram.<\/span><\/p>\n<p><span style=\"font-weight: 400;\">\u201cEntre os moradores, s\u00e3o duas mulheres acamadas, que precisavam de um cuidado constante. Quando elas precisavam ser trocadas, os homens precisavam sair de dentro de casa para que elas tivessem o m\u00ednimo de privacidade\u201d.<\/span><\/p>\n<p><span style=\"font-weight: 400;\">E destacou: \u201cAlgo nos chamou muito a aten\u00e7\u00e3o: a casa era extremamente limpa. N\u00e3o tinha mau cheiro, havia muito cuidado e zelo. Isso nos mostrou que aquela fam\u00edlia n\u00e3o precisava apenas de ajuda, precisava de uma oportunidade\u201d.<\/span><\/p>\n<p><span style=\"font-weight: 400;\">No local, o barraco foi destru\u00eddo e uma casa de alvenaria foi constru\u00edda. A igreja entregou a resid\u00eancia com m\u00f3veis e eletrodom\u00e9sticos novos, roupas de cama e at\u00e9 um jardim com gramado.<\/span><\/p>\n<p><span style=\"font-weight: 400;\">Uma das mulheres da fam\u00edlia chorou de emo\u00e7\u00e3o ao entrar em sua nova casa. \u201cMais uma casa entregue pelo projeto \u2018Irm\u00e3os \u00e0 Obra\u2019. Que mais e mais fam\u00edlias sejam alcan\u00e7adas\u201d, declarou a igreja.<\/span><\/p>\n<blockquote class=\"instagram-media\" style=\"background: #FFF; border: 0; border-radius: 3px; box-shadow: 0 0 1px 0 rgba(0,0,0,0.5),0 1px 10px 0 rgba(0,0,0,0.15); margin: 1px; max-width: 540px; min-width: 326px; padding: 0; width: calc(100% - 2px);\" data-instgrm-captioned=\"\" data-instgrm-permalink=\"https:\/\/www.instagram.com\/reel\/DVq6LbrDcNx\/?utm_source=ig_embed&amp;utm_campaign=loading\" data-instgrm-version=\"14\"><p>&#13;<br \/>\n&#13;\n<\/p><\/blockquote>\n<p><span style=\"font-weight: 400;\">O projeto \u201cIrm\u00e3os \u00e0 Obra\u201d j\u00e1 construiu tr\u00eas casas para fam\u00edlias em vulnerabilidade social.\u00a0<\/span><\/p>\n<p><span style=\"font-weight: 400;\">\u201cNosso prop\u00f3sito \u00e9 construir casas e restaurar vidas, levando dignidade, esperan\u00e7a e o amor de Jesus a fam\u00edlias carentes. Cada tijolo que levantamos \u00e9 tamb\u00e9m uma semente de f\u00e9 plantada no solo do Reino\u201d, afirmou o minist\u00e9rio.<\/span><\/p>\n<blockquote class=\"instagram-media\" style=\"background: #FFF; border: 0; border-radius: 3px; box-shadow: 0 0 1px 0 rgba(0,0,0,0.5),0 1px 10px 0 rgba(0,0,0,0.15); margin: 1px; max-width: 540px; min-width: 326px; padding: 0; width: calc(100% - 2px);\" data-instgrm-captioned=\"\" data-instgrm-permalink=\"https:\/\/www.instagram.com\/reel\/DRPix81gGbb\/?utm_source=ig_embed&amp;utm_campaign=loading\" data-instgrm-version=\"14\"><p>&#13;<br \/>\n&#13;\n<\/p><\/blockquote>\n<\/div>\n<p><script async src=\"\/\/www.instagram.com\/embed.js\"><\/script><br \/>\n<br \/><br \/>\n<br \/>Fonte: Guiame <\/p>\n","protected":false},"excerpt":{"rendered":"<p>Uma igreja construiu uma casa para uma fam\u00edlia em vulnerabilidade social, na cidade de Crici\u00fama, em Santa Catarina. A Abba Pai Church entregou a nova resid\u00eancia para uma fam\u00edlia de 6 pessoas no in\u00edcio de mar\u00e7o, em um momento emocionante. Atrav\u00e9s do projeto da igreja \u201cIrm\u00e3os \u00e0 Obra\u201d, os crist\u00e3os identificaram a necessidade da fam\u00edlia [&hellip;]<\/p>\n","protected":false},"author":1,"featured_media":5345,"comment_status":"","ping_status":"open","sticky":false,"template":"","format":"standard","meta":{"footnotes":""},"categories":[43],"tags":[],"class_list":["post-5344","post","type-post","status-publish","format-standard","has-post-thumbnail","hentry","category-destaques"],"yoast_head":"<!-- This site is optimized with the Yoast SEO plugin v26.8 - https:\/\/yoast.com\/product\/yoast-seo-wordpress\/ -->\n<title>Igreja constr\u00f3i casa para fam\u00edlia que morava em barraco: \u2018Levamos o amor de Jesus\u2019 - R\u00e1dio Porto Seguro<\/title>\n<meta name=\"robots\" content=\"index, follow, max-snippet:-1, max-image-preview:large, max-video-preview:-1\" \/>\n<link rel=\"canonical\" href=\"https:\/\/radioportoseguro.com.br\/site\/2026\/03\/25\/igreja-constroi-casa-para-familia-que-morava-em-barraco-levamos-o-amor-de-jesus\/\" \/>\n<meta property=\"og:locale\" content=\"pt_BR\" \/>\n<meta property=\"og:type\" content=\"article\" \/>\n<meta property=\"og:title\" content=\"Igreja constr\u00f3i casa para fam\u00edlia que morava em barraco: \u2018Levamos o amor de Jesus\u2019 - R\u00e1dio Porto Seguro\" \/>\n<meta property=\"og:description\" content=\"Uma igreja construiu uma casa para uma fam\u00edlia em vulnerabilidade social, na cidade de Crici\u00fama, em Santa Catarina. A Abba Pai Church entregou a nova resid\u00eancia para uma fam\u00edlia de 6 pessoas no in\u00edcio de mar\u00e7o, em um momento emocionante. Atrav\u00e9s do projeto da igreja \u201cIrm\u00e3os \u00e0 Obra\u201d, os crist\u00e3os identificaram a necessidade da fam\u00edlia [&hellip;]\" \/>\n<meta property=\"og:url\" content=\"https:\/\/radioportoseguro.com.br\/site\/2026\/03\/25\/igreja-constroi-casa-para-familia-que-morava-em-barraco-levamos-o-amor-de-jesus\/\" \/>\n<meta property=\"og:site_name\" content=\"R\u00e1dio Porto Seguro\" \/>\n<meta property=\"article:published_time\" content=\"2026-03-25T09:51:54+00:00\" \/>\n<meta property=\"og:image\" content=\"https:\/\/media.guiame.com.br\/archives\/2026\/03\/23\/718383952-casa.jpeg\" \/>\n<meta name=\"author\" content=\"admin\" \/>\n<meta name=\"twitter:card\" content=\"summary_large_image\" \/>\n<meta name=\"twitter:label1\" content=\"Escrito por\" \/>\n\t<meta name=\"twitter:data1\" content=\"admin\" \/>\n\t<meta name=\"twitter:label2\" content=\"Est. tempo de leitura\" \/>\n\t<meta name=\"twitter:data2\" content=\"2 minutos\" \/>\n<script type=\"application\/ld+json\" class=\"yoast-schema-graph\">{\"@context\":\"https:\/\/schema.org\",\"@graph\":[{\"@type\":\"Article\",\"@id\":\"https:\/\/radioportoseguro.com.br\/site\/2026\/03\/25\/igreja-constroi-casa-para-familia-que-morava-em-barraco-levamos-o-amor-de-jesus\/#article\",\"isPartOf\":{\"@id\":\"https:\/\/radioportoseguro.com.br\/site\/2026\/03\/25\/igreja-constroi-casa-para-familia-que-morava-em-barraco-levamos-o-amor-de-jesus\/\"},\"author\":{\"name\":\"admin\",\"@id\":\"https:\/\/radioportoseguro.com.br\/site\/#\/schema\/person\/7630acdc320186f13639d3c067ec089b\"},\"headline\":\"Igreja constr\u00f3i casa para fam\u00edlia que morava em barraco: \u2018Levamos o amor de Jesus\u2019\",\"datePublished\":\"2026-03-25T09:51:54+00:00\",\"mainEntityOfPage\":{\"@id\":\"https:\/\/radioportoseguro.com.br\/site\/2026\/03\/25\/igreja-constroi-casa-para-familia-que-morava-em-barraco-levamos-o-amor-de-jesus\/\"},\"wordCount\":340,\"image\":{\"@id\":\"https:\/\/radioportoseguro.com.br\/site\/2026\/03\/25\/igreja-constroi-casa-para-familia-que-morava-em-barraco-levamos-o-amor-de-jesus\/#primaryimage\"},\"thumbnailUrl\":\"https:\/\/radioportoseguro.com.br\/site\/wp-content\/uploads\/2026\/03\/718383952-casa.jpeg\",\"articleSection\":[\"Destaques\"],\"inLanguage\":\"pt-BR\"},{\"@type\":\"WebPage\",\"@id\":\"https:\/\/radioportoseguro.com.br\/site\/2026\/03\/25\/igreja-constroi-casa-para-familia-que-morava-em-barraco-levamos-o-amor-de-jesus\/\",\"url\":\"https:\/\/radioportoseguro.com.br\/site\/2026\/03\/25\/igreja-constroi-casa-para-familia-que-morava-em-barraco-levamos-o-amor-de-jesus\/\",\"name\":\"Igreja constr\u00f3i casa para fam\u00edlia que morava em barraco: \u2018Levamos o amor de Jesus\u2019 - R\u00e1dio Porto Seguro\",\"isPartOf\":{\"@id\":\"https:\/\/radioportoseguro.com.br\/site\/#website\"},\"primaryImageOfPage\":{\"@id\":\"https:\/\/radioportoseguro.com.br\/site\/2026\/03\/25\/igreja-constroi-casa-para-familia-que-morava-em-barraco-levamos-o-amor-de-jesus\/#primaryimage\"},\"image\":{\"@id\":\"https:\/\/radioportoseguro.com.br\/site\/2026\/03\/25\/igreja-constroi-casa-para-familia-que-morava-em-barraco-levamos-o-amor-de-jesus\/#primaryimage\"},\"thumbnailUrl\":\"https:\/\/radioportoseguro.com.br\/site\/wp-content\/uploads\/2026\/03\/718383952-casa.jpeg\",\"datePublished\":\"2026-03-25T09:51:54+00:00\",\"author\":{\"@id\":\"https:\/\/radioportoseguro.com.br\/site\/#\/schema\/person\/7630acdc320186f13639d3c067ec089b\"},\"breadcrumb\":{\"@id\":\"https:\/\/radioportoseguro.com.br\/site\/2026\/03\/25\/igreja-constroi-casa-para-familia-que-morava-em-barraco-levamos-o-amor-de-jesus\/#breadcrumb\"},\"inLanguage\":\"pt-BR\",\"potentialAction\":[{\"@type\":\"ReadAction\",\"target\":[\"https:\/\/radioportoseguro.com.br\/site\/2026\/03\/25\/igreja-constroi-casa-para-familia-que-morava-em-barraco-levamos-o-amor-de-jesus\/\"]}]},{\"@type\":\"ImageObject\",\"inLanguage\":\"pt-BR\",\"@id\":\"https:\/\/radioportoseguro.com.br\/site\/2026\/03\/25\/igreja-constroi-casa-para-familia-que-morava-em-barraco-levamos-o-amor-de-jesus\/#primaryimage\",\"url\":\"https:\/\/radioportoseguro.com.br\/site\/wp-content\/uploads\/2026\/03\/718383952-casa.jpeg\",\"contentUrl\":\"https:\/\/radioportoseguro.com.br\/site\/wp-content\/uploads\/2026\/03\/718383952-casa.jpeg\",\"width\":1200,\"height\":600},{\"@type\":\"BreadcrumbList\",\"@id\":\"https:\/\/radioportoseguro.com.br\/site\/2026\/03\/25\/igreja-constroi-casa-para-familia-que-morava-em-barraco-levamos-o-amor-de-jesus\/#breadcrumb\",\"itemListElement\":[{\"@type\":\"ListItem\",\"position\":1,\"name\":\"In\u00edcio\",\"item\":\"https:\/\/radioportoseguro.com.br\/site\/\"},{\"@type\":\"ListItem\",\"position\":2,\"name\":\"Igreja constr\u00f3i casa para fam\u00edlia que morava em barraco: \u2018Levamos o amor de Jesus\u2019\"}]},{\"@type\":\"WebSite\",\"@id\":\"https:\/\/radioportoseguro.com.br\/site\/#website\",\"url\":\"https:\/\/radioportoseguro.com.br\/site\/\",\"name\":\"R\u00e1dio Porto Seguro\",\"description\":\"\",\"potentialAction\":[{\"@type\":\"SearchAction\",\"target\":{\"@type\":\"EntryPoint\",\"urlTemplate\":\"https:\/\/radioportoseguro.com.br\/site\/?s={search_term_string}\"},\"query-input\":{\"@type\":\"PropertyValueSpecification\",\"valueRequired\":true,\"valueName\":\"search_term_string\"}}],\"inLanguage\":\"pt-BR\"},{\"@type\":\"Person\",\"@id\":\"https:\/\/radioportoseguro.com.br\/site\/#\/schema\/person\/7630acdc320186f13639d3c067ec089b\",\"name\":\"admin\",\"image\":{\"@type\":\"ImageObject\",\"inLanguage\":\"pt-BR\",\"@id\":\"https:\/\/radioportoseguro.com.br\/site\/#\/schema\/person\/image\/\",\"url\":\"https:\/\/secure.gravatar.com\/avatar\/caacf4dc1eedb68fab0df8e1ed46c448e578b2466351bbcb61e47d2ac0caaef0?s=96&d=mm&r=g\",\"contentUrl\":\"https:\/\/secure.gravatar.com\/avatar\/caacf4dc1eedb68fab0df8e1ed46c448e578b2466351bbcb61e47d2ac0caaef0?s=96&d=mm&r=g\",\"caption\":\"admin\"},\"sameAs\":[\"https:\/\/radioportoseguro.com.br\/site\"],\"url\":\"https:\/\/radioportoseguro.com.br\/site\/author\/hezio\/\"}]}<\/script>\n<!-- \/ Yoast SEO plugin. -->","yoast_head_json":{"title":"Igreja constr\u00f3i casa para fam\u00edlia que morava em barraco: \u2018Levamos o amor de Jesus\u2019 - R\u00e1dio Porto Seguro","robots":{"index":"index","follow":"follow","max-snippet":"max-snippet:-1","max-image-preview":"max-image-preview:large","max-video-preview":"max-video-preview:-1"},"canonical":"https:\/\/radioportoseguro.com.br\/site\/2026\/03\/25\/igreja-constroi-casa-para-familia-que-morava-em-barraco-levamos-o-amor-de-jesus\/","og_locale":"pt_BR","og_type":"article","og_title":"Igreja constr\u00f3i casa para fam\u00edlia que morava em barraco: \u2018Levamos o amor de Jesus\u2019 - R\u00e1dio Porto Seguro","og_description":"Uma igreja construiu uma casa para uma fam\u00edlia em vulnerabilidade social, na cidade de Crici\u00fama, em Santa Catarina. A Abba Pai Church entregou a nova resid\u00eancia para uma fam\u00edlia de 6 pessoas no in\u00edcio de mar\u00e7o, em um momento emocionante. Atrav\u00e9s do projeto da igreja \u201cIrm\u00e3os \u00e0 Obra\u201d, os crist\u00e3os identificaram a necessidade da fam\u00edlia [&hellip;]","og_url":"https:\/\/radioportoseguro.com.br\/site\/2026\/03\/25\/igreja-constroi-casa-para-familia-que-morava-em-barraco-levamos-o-amor-de-jesus\/","og_site_name":"R\u00e1dio Porto Seguro","article_published_time":"2026-03-25T09:51:54+00:00","og_image":[{"url":"https:\/\/media.guiame.com.br\/archives\/2026\/03\/23\/718383952-casa.jpeg","type":"","width":"","height":""}],"author":"admin","twitter_card":"summary_large_image","twitter_misc":{"Escrito por":"admin","Est. tempo de leitura":"2 minutos"},"schema":{"@context":"https:\/\/schema.org","@graph":[{"@type":"Article","@id":"https:\/\/radioportoseguro.com.br\/site\/2026\/03\/25\/igreja-constroi-casa-para-familia-que-morava-em-barraco-levamos-o-amor-de-jesus\/#article","isPartOf":{"@id":"https:\/\/radioportoseguro.com.br\/site\/2026\/03\/25\/igreja-constroi-casa-para-familia-que-morava-em-barraco-levamos-o-amor-de-jesus\/"},"author":{"name":"admin","@id":"https:\/\/radioportoseguro.com.br\/site\/#\/schema\/person\/7630acdc320186f13639d3c067ec089b"},"headline":"Igreja constr\u00f3i casa para fam\u00edlia que morava em barraco: \u2018Levamos o amor de Jesus\u2019","datePublished":"2026-03-25T09:51:54+00:00","mainEntityOfPage":{"@id":"https:\/\/radioportoseguro.com.br\/site\/2026\/03\/25\/igreja-constroi-casa-para-familia-que-morava-em-barraco-levamos-o-amor-de-jesus\/"},"wordCount":340,"image":{"@id":"https:\/\/radioportoseguro.com.br\/site\/2026\/03\/25\/igreja-constroi-casa-para-familia-que-morava-em-barraco-levamos-o-amor-de-jesus\/#primaryimage"},"thumbnailUrl":"https:\/\/radioportoseguro.com.br\/site\/wp-content\/uploads\/2026\/03\/718383952-casa.jpeg","articleSection":["Destaques"],"inLanguage":"pt-BR"},{"@type":"WebPage","@id":"https:\/\/radioportoseguro.com.br\/site\/2026\/03\/25\/igreja-constroi-casa-para-familia-que-morava-em-barraco-levamos-o-amor-de-jesus\/","url":"https:\/\/radioportoseguro.com.br\/site\/2026\/03\/25\/igreja-constroi-casa-para-familia-que-morava-em-barraco-levamos-o-amor-de-jesus\/","name":"Igreja constr\u00f3i casa para fam\u00edlia que morava em barraco: \u2018Levamos o amor de Jesus\u2019 - R\u00e1dio Porto Seguro","isPartOf":{"@id":"https:\/\/radioportoseguro.com.br\/site\/#website"},"primaryImageOfPage":{"@id":"https:\/\/radioportoseguro.com.br\/site\/2026\/03\/25\/igreja-constroi-casa-para-familia-que-morava-em-barraco-levamos-o-amor-de-jesus\/#primaryimage"},"image":{"@id":"https:\/\/radioportoseguro.com.br\/site\/2026\/03\/25\/igreja-constroi-casa-para-familia-que-morava-em-barraco-levamos-o-amor-de-jesus\/#primaryimage"},"thumbnailUrl":"https:\/\/radioportoseguro.com.br\/site\/wp-content\/uploads\/2026\/03\/718383952-casa.jpeg","datePublished":"2026-03-25T09:51:54+00:00","author":{"@id":"https:\/\/radioportoseguro.com.br\/site\/#\/schema\/person\/7630acdc320186f13639d3c067ec089b"},"breadcrumb":{"@id":"https:\/\/radioportoseguro.com.br\/site\/2026\/03\/25\/igreja-constroi-casa-para-familia-que-morava-em-barraco-levamos-o-amor-de-jesus\/#breadcrumb"},"inLanguage":"pt-BR","potentialAction":[{"@type":"ReadAction","target":["https:\/\/radioportoseguro.com.br\/site\/2026\/03\/25\/igreja-constroi-casa-para-familia-que-morava-em-barraco-levamos-o-amor-de-jesus\/"]}]},{"@type":"ImageObject","inLanguage":"pt-BR","@id":"https:\/\/radioportoseguro.com.br\/site\/2026\/03\/25\/igreja-constroi-casa-para-familia-que-morava-em-barraco-levamos-o-amor-de-jesus\/#primaryimage","url":"https:\/\/radioportoseguro.com.br\/site\/wp-content\/uploads\/2026\/03\/718383952-casa.jpeg","contentUrl":"https:\/\/radioportoseguro.com.br\/site\/wp-content\/uploads\/2026\/03\/718383952-casa.jpeg","width":1200,"height":600},{"@type":"BreadcrumbList","@id":"https:\/\/radioportoseguro.com.br\/site\/2026\/03\/25\/igreja-constroi-casa-para-familia-que-morava-em-barraco-levamos-o-amor-de-jesus\/#breadcrumb","itemListElement":[{"@type":"ListItem","position":1,"name":"In\u00edcio","item":"https:\/\/radioportoseguro.com.br\/site\/"},{"@type":"ListItem","position":2,"name":"Igreja constr\u00f3i casa para fam\u00edlia que morava em barraco: \u2018Levamos o amor de Jesus\u2019"}]},{"@type":"WebSite","@id":"https:\/\/radioportoseguro.com.br\/site\/#website","url":"https:\/\/radioportoseguro.com.br\/site\/","name":"R\u00e1dio Porto Seguro","description":"","potentialAction":[{"@type":"SearchAction","target":{"@type":"EntryPoint","urlTemplate":"https:\/\/radioportoseguro.com.br\/site\/?s={search_term_string}"},"query-input":{"@type":"PropertyValueSpecification","valueRequired":true,"valueName":"search_term_string"}}],"inLanguage":"pt-BR"},{"@type":"Person","@id":"https:\/\/radioportoseguro.com.br\/site\/#\/schema\/person\/7630acdc320186f13639d3c067ec089b","name":"admin","image":{"@type":"ImageObject","inLanguage":"pt-BR","@id":"https:\/\/radioportoseguro.com.br\/site\/#\/schema\/person\/image\/","url":"https:\/\/secure.gravatar.com\/avatar\/caacf4dc1eedb68fab0df8e1ed46c448e578b2466351bbcb61e47d2ac0caaef0?s=96&d=mm&r=g","contentUrl":"https:\/\/secure.gravatar.com\/avatar\/caacf4dc1eedb68fab0df8e1ed46c448e578b2466351bbcb61e47d2ac0caaef0?s=96&d=mm&r=g","caption":"admin"},"sameAs":["https:\/\/radioportoseguro.com.br\/site"],"url":"https:\/\/radioportoseguro.com.br\/site\/author\/hezio\/"}]}},"_links":{"self":[{"href":"https:\/\/radioportoseguro.com.br\/site\/wp-json\/wp\/v2\/posts\/5344","targetHints":{"allow":["GET"]}}],"collection":[{"href":"https:\/\/radioportoseguro.com.br\/site\/wp-json\/wp\/v2\/posts"}],"about":[{"href":"https:\/\/radioportoseguro.com.br\/site\/wp-json\/wp\/v2\/types\/post"}],"author":[{"embeddable":true,"href":"https:\/\/radioportoseguro.com.br\/site\/wp-json\/wp\/v2\/users\/1"}],"replies":[{"embeddable":true,"href":"https:\/\/radioportoseguro.com.br\/site\/wp-json\/wp\/v2\/comments?post=5344"}],"version-history":[{"count":0,"href":"https:\/\/radioportoseguro.com.br\/site\/wp-json\/wp\/v2\/posts\/5344\/revisions"}],"wp:featuredmedia":[{"embeddable":true,"href":"https:\/\/radioportoseguro.com.br\/site\/wp-json\/wp\/v2\/media\/5345"}],"wp:attachment":[{"href":"https:\/\/radioportoseguro.com.br\/site\/wp-json\/wp\/v2\/media?parent=5344"}],"wp:term":[{"taxonomy":"category","embeddable":true,"href":"https:\/\/radioportoseguro.com.br\/site\/wp-json\/wp\/v2\/categories?post=5344"},{"taxonomy":"post_tag","embeddable":true,"href":"https:\/\/radioportoseguro.com.br\/site\/wp-json\/wp\/v2\/tags?post=5344"}],"curies":[{"name":"wp","href":"https:\/\/api.w.org\/{rel}","templated":true}]}}