{"id":5354,"date":"2026-03-25T12:55:50","date_gmt":"2026-03-25T15:55:50","guid":{"rendered":"https:\/\/radioportoseguro.com.br\/site\/2026\/03\/25\/crise-no-oriente-medio-mesquita-de-al-aqsa-sob-risco\/"},"modified":"2026-03-25T12:55:50","modified_gmt":"2026-03-25T15:55:50","slug":"crise-no-oriente-medio-mesquita-de-al-aqsa-sob-risco","status":"publish","type":"post","link":"https:\/\/radioportoseguro.com.br\/site\/2026\/03\/25\/crise-no-oriente-medio-mesquita-de-al-aqsa-sob-risco\/","title":{"rendered":"Crise no Oriente M\u00e9dio: Mesquita de Al-Aqsa sob risco"},"content":{"rendered":"<p><br \/>\n<br \/><\/p>\n<div>\n<p>Com informa\u00e7\u00f5es vindas diretamente de Israel, atrav\u00e9s do israelense-brasileiro Miguel Nicolaevsky, foi relatado que a Mesquita de Al-Aqsa quase foi atingida por um m\u00edssil iraniano na sexta-feira (20).<\/p>\n<p style=\"text-align: left;\">Fuma\u00e7a p\u00f4de ser vista sobre Jerusal\u00e9m ap\u00f3s uma intensa barragem de m\u00edsseis disparados pelo Ir\u00e3. Um dos proj\u00e9teis caiu a cerca de 350 metros da Mesquita de Al-Aqsa, sem deixar feridos.<\/p>\n<div class=\"ose-youtube ose-uid-f04f2cbff0ea9705ab92bde47162a911 ose-embedpress-responsive\" style=\"width:600px; height:600px; max-height:600px; max-width:100%; display:inline-block;\" data-embed-type=\"Youtube\"><iframe allowFullScreen=\"true\" title=\"ALERTA em JERUSAL\u00c9M: IR\u00c3 quase destruiu Mesquita de Al-Aqsa\" width=\"600\" height=\"600\" src=\"https:\/\/www.youtube.com\/embed\/WMFG9MphXmw?feature=oembed&color=red&rel=0&controls=1&start=&end=&fs=0&iv_load_policy=0&autoplay=0&mute=0&modestbranding=0&cc_load_policy=1&playsinline=1\" frameborder=\"0\" allow=\"accelerometer; encrypted-media;accelerometer;autoplay;clipboard-write;gyroscope;picture-in-picture clipboard-write; encrypted-media; gyroscope; picture-in-picture; web-share\" referrerpolicy=\"strict-origin-when-cross-origin\" allowfullscreen><\/iframe><\/div>\n<p>Paralelamente, o presidente dos Estados Unidos, Donald Trump, acusou aliados de n\u00e3o enfrentarem o Ir\u00e3 nem de garantirem a seguran\u00e7a do estrat\u00e9gico Estreito de Hormuz.<\/p>\n<p>Durante o Eid al-Fitr, Israel manteve a Esplanada das Mesquitas fechada, sob restri\u00e7\u00f5es militares que proibiam grandes aglomera\u00e7\u00f5es em meio \u00e0 guerra. A medida in\u00e9dita gerou ampla cr\u00edtica no mundo \u00e1rabe e mu\u00e7ulmano, sendo considerada por autoridades uma viola\u00e7\u00e3o do status quo hist\u00f3rico do local sagrado.<\/p>\n<p>O impacto religioso e pol\u00edtico de um eventual ataque direto \u00e0 Mesquita de Al-Aqsa \u00e9 incalcul\u00e1vel, podendo desencadear uma rea\u00e7\u00e3o explosiva em todo o mundo isl\u00e2mico.<\/p>\n<p>Fonte: Miguel Nicolaevsky \/ ynetnews<\/p>\n<p>\u00a0<\/p>\n<p><strong>Silas Anast\u00e1cio<\/strong> \u00e9 fundador do Minist\u00e9rio Davar, evangelista e expositor b\u00edblico com s\u00f3lida atua\u00e7\u00e3o h\u00e1 mais de uma d\u00e9cada em temas relacionados ao Estado de Israel e \u00e0 comunidade judaica. Tamb\u00e9m desempenha papel estrat\u00e9gico nos bastidores da m\u00eddia evang\u00e9lica, contribuindo para a articula\u00e7\u00e3o e divulga\u00e7\u00e3o de conte\u00fados que fortalecem os valores\u00a0da\u00a0f\u00e9\u00a0crist\u00e3.<\/p>\n<p><em>* O conte\u00fado do texto acima \u00e9 de colabora\u00e7\u00e3o volunt\u00e1ria, seu teor \u00e9 de total responsabilidade do autor e n\u00e3o reflete necessariamente a opini\u00e3o do Portal Guiame.<\/em><\/p>\n<p>Leia o artigo anterior: <span style=\"color: #800000;\"><strong>Representante de grupo considerado terrorista por EUA e Canad\u00e1 participou de aula na PUC-SP<\/strong><\/span><\/p>\n<p><span style=\"color: #800000;\">\u00a0<\/span><\/p>\n<\/div>\n<p><br \/>\n<br \/>Fonte: Guiame <\/p>\n","protected":false},"excerpt":{"rendered":"<p>Com informa\u00e7\u00f5es vindas diretamente de Israel, atrav\u00e9s do israelense-brasileiro Miguel Nicolaevsky, foi relatado que a Mesquita de Al-Aqsa quase foi atingida por um m\u00edssil iraniano na sexta-feira (20). Fuma\u00e7a p\u00f4de ser vista sobre Jerusal\u00e9m ap\u00f3s uma intensa barragem de m\u00edsseis disparados pelo Ir\u00e3. Um dos proj\u00e9teis caiu a cerca de 350 metros da Mesquita de [&hellip;]<\/p>\n","protected":false},"author":1,"featured_media":5355,"comment_status":"","ping_status":"open","sticky":false,"template":"","format":"standard","meta":{"footnotes":""},"categories":[43],"tags":[],"class_list":["post-5354","post","type-post","status-publish","format-standard","has-post-thumbnail","hentry","category-destaques"],"yoast_head":"<!-- This site is optimized with the Yoast SEO plugin v26.8 - https:\/\/yoast.com\/product\/yoast-seo-wordpress\/ -->\n<title>Crise no Oriente M\u00e9dio: Mesquita de Al-Aqsa sob risco - R\u00e1dio Porto Seguro<\/title>\n<meta name=\"robots\" content=\"index, follow, max-snippet:-1, max-image-preview:large, max-video-preview:-1\" \/>\n<link rel=\"canonical\" href=\"https:\/\/radioportoseguro.com.br\/site\/2026\/03\/25\/crise-no-oriente-medio-mesquita-de-al-aqsa-sob-risco\/\" \/>\n<meta property=\"og:locale\" content=\"pt_BR\" \/>\n<meta property=\"og:type\" content=\"article\" \/>\n<meta property=\"og:title\" content=\"Crise no Oriente M\u00e9dio: Mesquita de Al-Aqsa sob risco - R\u00e1dio Porto Seguro\" \/>\n<meta property=\"og:description\" content=\"Com informa\u00e7\u00f5es vindas diretamente de Israel, atrav\u00e9s do israelense-brasileiro Miguel Nicolaevsky, foi relatado que a Mesquita de Al-Aqsa quase foi atingida por um m\u00edssil iraniano na sexta-feira (20). Fuma\u00e7a p\u00f4de ser vista sobre Jerusal\u00e9m ap\u00f3s uma intensa barragem de m\u00edsseis disparados pelo Ir\u00e3. Um dos proj\u00e9teis caiu a cerca de 350 metros da Mesquita de [&hellip;]\" \/>\n<meta property=\"og:url\" content=\"https:\/\/radioportoseguro.com.br\/site\/2026\/03\/25\/crise-no-oriente-medio-mesquita-de-al-aqsa-sob-risco\/\" \/>\n<meta property=\"og:site_name\" content=\"R\u00e1dio Porto Seguro\" \/>\n<meta property=\"article:published_time\" content=\"2026-03-25T15:55:50+00:00\" \/>\n<meta property=\"og:image\" content=\"https:\/\/media.guiame.com.br\/archives\/2026\/03\/23\/145852012-miguel-nicolaevsky.jpeg\" \/>\n<meta name=\"author\" content=\"admin\" \/>\n<meta name=\"twitter:card\" content=\"summary_large_image\" \/>\n<meta name=\"twitter:label1\" content=\"Escrito por\" \/>\n\t<meta name=\"twitter:data1\" content=\"admin\" \/>\n\t<meta name=\"twitter:label2\" content=\"Est. tempo de leitura\" \/>\n\t<meta name=\"twitter:data2\" content=\"2 minutos\" \/>\n<script type=\"application\/ld+json\" class=\"yoast-schema-graph\">{\"@context\":\"https:\/\/schema.org\",\"@graph\":[{\"@type\":\"Article\",\"@id\":\"https:\/\/radioportoseguro.com.br\/site\/2026\/03\/25\/crise-no-oriente-medio-mesquita-de-al-aqsa-sob-risco\/#article\",\"isPartOf\":{\"@id\":\"https:\/\/radioportoseguro.com.br\/site\/2026\/03\/25\/crise-no-oriente-medio-mesquita-de-al-aqsa-sob-risco\/\"},\"author\":{\"name\":\"admin\",\"@id\":\"https:\/\/radioportoseguro.com.br\/site\/#\/schema\/person\/7630acdc320186f13639d3c067ec089b\"},\"headline\":\"Crise no Oriente M\u00e9dio: Mesquita de Al-Aqsa sob risco\",\"datePublished\":\"2026-03-25T15:55:50+00:00\",\"mainEntityOfPage\":{\"@id\":\"https:\/\/radioportoseguro.com.br\/site\/2026\/03\/25\/crise-no-oriente-medio-mesquita-de-al-aqsa-sob-risco\/\"},\"wordCount\":314,\"image\":{\"@id\":\"https:\/\/radioportoseguro.com.br\/site\/2026\/03\/25\/crise-no-oriente-medio-mesquita-de-al-aqsa-sob-risco\/#primaryimage\"},\"thumbnailUrl\":\"https:\/\/radioportoseguro.com.br\/site\/wp-content\/uploads\/2026\/03\/145852012-miguel-nicolaevsky.jpeg\",\"articleSection\":[\"Destaques\"],\"inLanguage\":\"pt-BR\"},{\"@type\":\"WebPage\",\"@id\":\"https:\/\/radioportoseguro.com.br\/site\/2026\/03\/25\/crise-no-oriente-medio-mesquita-de-al-aqsa-sob-risco\/\",\"url\":\"https:\/\/radioportoseguro.com.br\/site\/2026\/03\/25\/crise-no-oriente-medio-mesquita-de-al-aqsa-sob-risco\/\",\"name\":\"Crise no Oriente M\u00e9dio: Mesquita de Al-Aqsa sob risco - R\u00e1dio Porto Seguro\",\"isPartOf\":{\"@id\":\"https:\/\/radioportoseguro.com.br\/site\/#website\"},\"primaryImageOfPage\":{\"@id\":\"https:\/\/radioportoseguro.com.br\/site\/2026\/03\/25\/crise-no-oriente-medio-mesquita-de-al-aqsa-sob-risco\/#primaryimage\"},\"image\":{\"@id\":\"https:\/\/radioportoseguro.com.br\/site\/2026\/03\/25\/crise-no-oriente-medio-mesquita-de-al-aqsa-sob-risco\/#primaryimage\"},\"thumbnailUrl\":\"https:\/\/radioportoseguro.com.br\/site\/wp-content\/uploads\/2026\/03\/145852012-miguel-nicolaevsky.jpeg\",\"datePublished\":\"2026-03-25T15:55:50+00:00\",\"author\":{\"@id\":\"https:\/\/radioportoseguro.com.br\/site\/#\/schema\/person\/7630acdc320186f13639d3c067ec089b\"},\"breadcrumb\":{\"@id\":\"https:\/\/radioportoseguro.com.br\/site\/2026\/03\/25\/crise-no-oriente-medio-mesquita-de-al-aqsa-sob-risco\/#breadcrumb\"},\"inLanguage\":\"pt-BR\",\"potentialAction\":[{\"@type\":\"ReadAction\",\"target\":[\"https:\/\/radioportoseguro.com.br\/site\/2026\/03\/25\/crise-no-oriente-medio-mesquita-de-al-aqsa-sob-risco\/\"]}]},{\"@type\":\"ImageObject\",\"inLanguage\":\"pt-BR\",\"@id\":\"https:\/\/radioportoseguro.com.br\/site\/2026\/03\/25\/crise-no-oriente-medio-mesquita-de-al-aqsa-sob-risco\/#primaryimage\",\"url\":\"https:\/\/radioportoseguro.com.br\/site\/wp-content\/uploads\/2026\/03\/145852012-miguel-nicolaevsky.jpeg\",\"contentUrl\":\"https:\/\/radioportoseguro.com.br\/site\/wp-content\/uploads\/2026\/03\/145852012-miguel-nicolaevsky.jpeg\",\"width\":1200,\"height\":600},{\"@type\":\"BreadcrumbList\",\"@id\":\"https:\/\/radioportoseguro.com.br\/site\/2026\/03\/25\/crise-no-oriente-medio-mesquita-de-al-aqsa-sob-risco\/#breadcrumb\",\"itemListElement\":[{\"@type\":\"ListItem\",\"position\":1,\"name\":\"In\u00edcio\",\"item\":\"https:\/\/radioportoseguro.com.br\/site\/\"},{\"@type\":\"ListItem\",\"position\":2,\"name\":\"Crise no Oriente M\u00e9dio: Mesquita de Al-Aqsa sob risco\"}]},{\"@type\":\"WebSite\",\"@id\":\"https:\/\/radioportoseguro.com.br\/site\/#website\",\"url\":\"https:\/\/radioportoseguro.com.br\/site\/\",\"name\":\"R\u00e1dio Porto Seguro\",\"description\":\"\",\"potentialAction\":[{\"@type\":\"SearchAction\",\"target\":{\"@type\":\"EntryPoint\",\"urlTemplate\":\"https:\/\/radioportoseguro.com.br\/site\/?s={search_term_string}\"},\"query-input\":{\"@type\":\"PropertyValueSpecification\",\"valueRequired\":true,\"valueName\":\"search_term_string\"}}],\"inLanguage\":\"pt-BR\"},{\"@type\":\"Person\",\"@id\":\"https:\/\/radioportoseguro.com.br\/site\/#\/schema\/person\/7630acdc320186f13639d3c067ec089b\",\"name\":\"admin\",\"image\":{\"@type\":\"ImageObject\",\"inLanguage\":\"pt-BR\",\"@id\":\"https:\/\/radioportoseguro.com.br\/site\/#\/schema\/person\/image\/\",\"url\":\"https:\/\/secure.gravatar.com\/avatar\/caacf4dc1eedb68fab0df8e1ed46c448e578b2466351bbcb61e47d2ac0caaef0?s=96&d=mm&r=g\",\"contentUrl\":\"https:\/\/secure.gravatar.com\/avatar\/caacf4dc1eedb68fab0df8e1ed46c448e578b2466351bbcb61e47d2ac0caaef0?s=96&d=mm&r=g\",\"caption\":\"admin\"},\"sameAs\":[\"https:\/\/radioportoseguro.com.br\/site\"],\"url\":\"https:\/\/radioportoseguro.com.br\/site\/author\/hezio\/\"}]}<\/script>\n<!-- \/ Yoast SEO plugin. -->","yoast_head_json":{"title":"Crise no Oriente M\u00e9dio: Mesquita de Al-Aqsa sob risco - R\u00e1dio Porto Seguro","robots":{"index":"index","follow":"follow","max-snippet":"max-snippet:-1","max-image-preview":"max-image-preview:large","max-video-preview":"max-video-preview:-1"},"canonical":"https:\/\/radioportoseguro.com.br\/site\/2026\/03\/25\/crise-no-oriente-medio-mesquita-de-al-aqsa-sob-risco\/","og_locale":"pt_BR","og_type":"article","og_title":"Crise no Oriente M\u00e9dio: Mesquita de Al-Aqsa sob risco - R\u00e1dio Porto Seguro","og_description":"Com informa\u00e7\u00f5es vindas diretamente de Israel, atrav\u00e9s do israelense-brasileiro Miguel Nicolaevsky, foi relatado que a Mesquita de Al-Aqsa quase foi atingida por um m\u00edssil iraniano na sexta-feira (20). Fuma\u00e7a p\u00f4de ser vista sobre Jerusal\u00e9m ap\u00f3s uma intensa barragem de m\u00edsseis disparados pelo Ir\u00e3. Um dos proj\u00e9teis caiu a cerca de 350 metros da Mesquita de [&hellip;]","og_url":"https:\/\/radioportoseguro.com.br\/site\/2026\/03\/25\/crise-no-oriente-medio-mesquita-de-al-aqsa-sob-risco\/","og_site_name":"R\u00e1dio Porto Seguro","article_published_time":"2026-03-25T15:55:50+00:00","og_image":[{"url":"https:\/\/media.guiame.com.br\/archives\/2026\/03\/23\/145852012-miguel-nicolaevsky.jpeg","type":"","width":"","height":""}],"author":"admin","twitter_card":"summary_large_image","twitter_misc":{"Escrito por":"admin","Est. tempo de leitura":"2 minutos"},"schema":{"@context":"https:\/\/schema.org","@graph":[{"@type":"Article","@id":"https:\/\/radioportoseguro.com.br\/site\/2026\/03\/25\/crise-no-oriente-medio-mesquita-de-al-aqsa-sob-risco\/#article","isPartOf":{"@id":"https:\/\/radioportoseguro.com.br\/site\/2026\/03\/25\/crise-no-oriente-medio-mesquita-de-al-aqsa-sob-risco\/"},"author":{"name":"admin","@id":"https:\/\/radioportoseguro.com.br\/site\/#\/schema\/person\/7630acdc320186f13639d3c067ec089b"},"headline":"Crise no Oriente M\u00e9dio: Mesquita de Al-Aqsa sob risco","datePublished":"2026-03-25T15:55:50+00:00","mainEntityOfPage":{"@id":"https:\/\/radioportoseguro.com.br\/site\/2026\/03\/25\/crise-no-oriente-medio-mesquita-de-al-aqsa-sob-risco\/"},"wordCount":314,"image":{"@id":"https:\/\/radioportoseguro.com.br\/site\/2026\/03\/25\/crise-no-oriente-medio-mesquita-de-al-aqsa-sob-risco\/#primaryimage"},"thumbnailUrl":"https:\/\/radioportoseguro.com.br\/site\/wp-content\/uploads\/2026\/03\/145852012-miguel-nicolaevsky.jpeg","articleSection":["Destaques"],"inLanguage":"pt-BR"},{"@type":"WebPage","@id":"https:\/\/radioportoseguro.com.br\/site\/2026\/03\/25\/crise-no-oriente-medio-mesquita-de-al-aqsa-sob-risco\/","url":"https:\/\/radioportoseguro.com.br\/site\/2026\/03\/25\/crise-no-oriente-medio-mesquita-de-al-aqsa-sob-risco\/","name":"Crise no Oriente M\u00e9dio: Mesquita de Al-Aqsa sob risco - R\u00e1dio Porto Seguro","isPartOf":{"@id":"https:\/\/radioportoseguro.com.br\/site\/#website"},"primaryImageOfPage":{"@id":"https:\/\/radioportoseguro.com.br\/site\/2026\/03\/25\/crise-no-oriente-medio-mesquita-de-al-aqsa-sob-risco\/#primaryimage"},"image":{"@id":"https:\/\/radioportoseguro.com.br\/site\/2026\/03\/25\/crise-no-oriente-medio-mesquita-de-al-aqsa-sob-risco\/#primaryimage"},"thumbnailUrl":"https:\/\/radioportoseguro.com.br\/site\/wp-content\/uploads\/2026\/03\/145852012-miguel-nicolaevsky.jpeg","datePublished":"2026-03-25T15:55:50+00:00","author":{"@id":"https:\/\/radioportoseguro.com.br\/site\/#\/schema\/person\/7630acdc320186f13639d3c067ec089b"},"breadcrumb":{"@id":"https:\/\/radioportoseguro.com.br\/site\/2026\/03\/25\/crise-no-oriente-medio-mesquita-de-al-aqsa-sob-risco\/#breadcrumb"},"inLanguage":"pt-BR","potentialAction":[{"@type":"ReadAction","target":["https:\/\/radioportoseguro.com.br\/site\/2026\/03\/25\/crise-no-oriente-medio-mesquita-de-al-aqsa-sob-risco\/"]}]},{"@type":"ImageObject","inLanguage":"pt-BR","@id":"https:\/\/radioportoseguro.com.br\/site\/2026\/03\/25\/crise-no-oriente-medio-mesquita-de-al-aqsa-sob-risco\/#primaryimage","url":"https:\/\/radioportoseguro.com.br\/site\/wp-content\/uploads\/2026\/03\/145852012-miguel-nicolaevsky.jpeg","contentUrl":"https:\/\/radioportoseguro.com.br\/site\/wp-content\/uploads\/2026\/03\/145852012-miguel-nicolaevsky.jpeg","width":1200,"height":600},{"@type":"BreadcrumbList","@id":"https:\/\/radioportoseguro.com.br\/site\/2026\/03\/25\/crise-no-oriente-medio-mesquita-de-al-aqsa-sob-risco\/#breadcrumb","itemListElement":[{"@type":"ListItem","position":1,"name":"In\u00edcio","item":"https:\/\/radioportoseguro.com.br\/site\/"},{"@type":"ListItem","position":2,"name":"Crise no Oriente M\u00e9dio: Mesquita de Al-Aqsa sob risco"}]},{"@type":"WebSite","@id":"https:\/\/radioportoseguro.com.br\/site\/#website","url":"https:\/\/radioportoseguro.com.br\/site\/","name":"R\u00e1dio Porto Seguro","description":"","potentialAction":[{"@type":"SearchAction","target":{"@type":"EntryPoint","urlTemplate":"https:\/\/radioportoseguro.com.br\/site\/?s={search_term_string}"},"query-input":{"@type":"PropertyValueSpecification","valueRequired":true,"valueName":"search_term_string"}}],"inLanguage":"pt-BR"},{"@type":"Person","@id":"https:\/\/radioportoseguro.com.br\/site\/#\/schema\/person\/7630acdc320186f13639d3c067ec089b","name":"admin","image":{"@type":"ImageObject","inLanguage":"pt-BR","@id":"https:\/\/radioportoseguro.com.br\/site\/#\/schema\/person\/image\/","url":"https:\/\/secure.gravatar.com\/avatar\/caacf4dc1eedb68fab0df8e1ed46c448e578b2466351bbcb61e47d2ac0caaef0?s=96&d=mm&r=g","contentUrl":"https:\/\/secure.gravatar.com\/avatar\/caacf4dc1eedb68fab0df8e1ed46c448e578b2466351bbcb61e47d2ac0caaef0?s=96&d=mm&r=g","caption":"admin"},"sameAs":["https:\/\/radioportoseguro.com.br\/site"],"url":"https:\/\/radioportoseguro.com.br\/site\/author\/hezio\/"}]}},"_links":{"self":[{"href":"https:\/\/radioportoseguro.com.br\/site\/wp-json\/wp\/v2\/posts\/5354","targetHints":{"allow":["GET"]}}],"collection":[{"href":"https:\/\/radioportoseguro.com.br\/site\/wp-json\/wp\/v2\/posts"}],"about":[{"href":"https:\/\/radioportoseguro.com.br\/site\/wp-json\/wp\/v2\/types\/post"}],"author":[{"embeddable":true,"href":"https:\/\/radioportoseguro.com.br\/site\/wp-json\/wp\/v2\/users\/1"}],"replies":[{"embeddable":true,"href":"https:\/\/radioportoseguro.com.br\/site\/wp-json\/wp\/v2\/comments?post=5354"}],"version-history":[{"count":0,"href":"https:\/\/radioportoseguro.com.br\/site\/wp-json\/wp\/v2\/posts\/5354\/revisions"}],"wp:featuredmedia":[{"embeddable":true,"href":"https:\/\/radioportoseguro.com.br\/site\/wp-json\/wp\/v2\/media\/5355"}],"wp:attachment":[{"href":"https:\/\/radioportoseguro.com.br\/site\/wp-json\/wp\/v2\/media?parent=5354"}],"wp:term":[{"taxonomy":"category","embeddable":true,"href":"https:\/\/radioportoseguro.com.br\/site\/wp-json\/wp\/v2\/categories?post=5354"},{"taxonomy":"post_tag","embeddable":true,"href":"https:\/\/radioportoseguro.com.br\/site\/wp-json\/wp\/v2\/tags?post=5354"}],"curies":[{"name":"wp","href":"https:\/\/api.w.org\/{rel}","templated":true}]}}