{"id":5359,"date":"2026-03-25T17:02:36","date_gmt":"2026-03-25T20:02:36","guid":{"rendered":"https:\/\/radioportoseguro.com.br\/site\/2026\/03\/25\/ambulancias-judaicas-sao-incendiadas-em-londres-grupo-terrorista-reivindica-autoria\/"},"modified":"2026-03-25T17:02:36","modified_gmt":"2026-03-25T20:02:36","slug":"ambulancias-judaicas-sao-incendiadas-em-londres-grupo-terrorista-reivindica-autoria","status":"publish","type":"post","link":"https:\/\/radioportoseguro.com.br\/site\/2026\/03\/25\/ambulancias-judaicas-sao-incendiadas-em-londres-grupo-terrorista-reivindica-autoria\/","title":{"rendered":"Ambul\u00e2ncias judaicas s\u00e3o incendiadas em Londres; grupo terrorista reivindica autoria"},"content":{"rendered":"<p><br \/>\n<br \/><\/p>\n<div>\n<p>Quatro ambul\u00e2ncias do grupo Hatzola foram destru\u00eddas durante um inc\u00eandio criminoso na madrugada desta segunda-feira (23) no bairro de Golders Green, no norte de<span style=\"color: #800000;\"> <strong>Londres<\/strong><\/span>.<\/p>\n<p>A Hatzola \u00e9 uma organiza\u00e7\u00e3o volunt\u00e1ria sem fins lucrativos que responde a emerg\u00eancias m\u00e9dicas.<\/p>\n<blockquote class=\"instagram-media\" style=\"background: #FFF; border: 0; border-radius: 3px; box-shadow: 0 0 1px 0 rgba(0,0,0,0.5),0 1px 10px 0 rgba(0,0,0,0.15); margin: 1px; max-width: 540px; min-width: 326px; padding: 0; width: calc(100% - 2px);\" data-instgrm-captioned=\"\" data-instgrm-permalink=\"https:\/\/www.instagram.com\/reel\/DWOw949kWNF\/?utm_source=ig_embed&amp;utm_campaign=loading\" data-instgrm-version=\"14\"><p>&#13;<br \/>\n&#13;\n<\/p><\/blockquote>\n<p>De acordo com a pol\u00edcia metropolitana, imagens de vigil\u00e2ncia mostram homens encapuzados despejando gasolina sobre os ve\u00edculos antes de atearem fogo e fugirem do local.<\/p>\n<blockquote class=\"instagram-media\" style=\"background: #FFF; border: 0; border-radius: 3px; box-shadow: 0 0 1px 0 rgba(0,0,0,0.5),0 1px 10px 0 rgba(0,0,0,0.15); margin: 1px; max-width: 540px; min-width: 326px; padding: 0; width: calc(100% - 2px);\" data-instgrm-captioned=\"\" data-instgrm-permalink=\"https:\/\/www.instagram.com\/reel\/DWOii1mjncR\/?utm_source=ig_embed&amp;utm_campaign=loading\" data-instgrm-version=\"14\"><p>&#13;<br \/>\n&#13;\n<\/p><\/blockquote>\n<p>Apesar da gravidade do ataque, n\u00e3o houve feridos, embora explos\u00f5es nos cilindros das ambul\u00e2ncias tenham causado danos a pr\u00e9dios pr\u00f3ximos.<\/p>\n<p>Em declara\u00e7\u00e3o p\u00fablica, o primeiro-ministro brit\u00e2nico Keir Starmer condenou o ocorrido e acrescentou: \u201cMeus pensamentos est\u00e3o com a comunidade judaica [&#8230;] Antissemitismo n\u00e3o tem lugar em nossa sociedade.\u201d<\/p>\n<p>A Pol\u00edcia Metropolitana de Londres confirmou que o ataque est\u00e1 sendo tratado como um <span style=\"color: #800000;\"><strong>crime de \u00f3dio<\/strong><\/span> antissemita.<\/p>\n<p>A superintendente da Pol\u00edcia Metropolitana, Sarah Jackson, afirmou que as imagens das c\u00e2meras de seguran\u00e7a est\u00e3o sendo analisadas e que as grava\u00e7\u00f5es que circulam online s\u00e3o de conhecimento das autoridades, acrescentando que, apesar de ainda n\u00e3o haver pris\u00f5es, acredita\u2011se no envolvimento de tr\u00eas suspeitos.<\/p>\n<p>A a\u00e7\u00e3o, que ocorreu em frente \u00e0 Sinagoga Machzike Hadathfoi, foi reivindicada por um grupo xiita rec\u00e9m-formado, identificado como Ashab al-Yamin, que teria liga\u00e7\u00f5es com fac\u00e7\u00f5es apoiadas pelo Ir\u00e3.<\/p>\n<p>Em material divulgado online, o grupo indicou que o alvo principal seria uma sinagoga pr\u00f3xima:<\/p>\n<p>&#8220;A Sinagoga Machzike Hadath \u00e9 um dos centros mais importantes do juda\u00edsmo ortodoxo [&#8230;] e um dos principais basti\u00f5es de apoio a Israel na Gr\u00e3-Bretanha&#8221;.<\/p>\n<p><strong>Rea\u00e7\u00f5es<\/strong><\/p>\n<p>Autoridades e representantes da <span style=\"color: #800000;\"><strong>comunidade judaica<\/strong><\/span> reagiram com preocupa\u00e7\u00e3o.<\/p>\n<p>A embaixada de Israel no Reino Unido afirmou que o epis\u00f3dio \u00e9 resultado de \u201canos de \u00f3dio tolerado \u00e0 vista de todos\u201d e advertiu que \u201csil\u00eancio e ina\u00e7\u00e3o n\u00e3o s\u00e3o mais uma op\u00e7\u00e3o\u201d.<\/p>\n<p>Mark Gardner, diretor executivo do Community Security Trust, que assessora os cerca de 290.000 judeus da Gr\u00e3-Bretanha em quest\u00f5es de seguran\u00e7a, disse que os inc\u00eandios tinham um \u201cparalelo \u00f3bvio com ataques incendi\u00e1rios antissemitas semelhantes ocorridos recentemente em Li\u00e8ge, Roterd\u00e3 e Amsterd\u00e3\u201d.<\/p>\n<p>J\u00e1 o prefeito de Londres, Sadiq Khan, anunciou o refor\u00e7o do policiamento na regi\u00e3o enquanto as investiga\u00e7\u00f5es seguem em andamento.<\/p>\n<p>O ataque ocorre em um contexto de aumento global de incidentes antissemitas, fen\u00f4meno que tem sido monitorado por organiza\u00e7\u00f5es internacionais.<\/p>\n<p>\u00a0<\/p>\n<\/div>\n<p><script async src=\"\/\/www.instagram.com\/embed.js\"><\/script><br \/>\n<br \/><br \/>\n<br \/>Fonte: Guiame <\/p>\n","protected":false},"excerpt":{"rendered":"<p>Quatro ambul\u00e2ncias do grupo Hatzola foram destru\u00eddas durante um inc\u00eandio criminoso na madrugada desta segunda-feira (23) no bairro de Golders Green, no norte de Londres. A Hatzola \u00e9 uma organiza\u00e7\u00e3o volunt\u00e1ria sem fins lucrativos que responde a emerg\u00eancias m\u00e9dicas. &#13; &#13; De acordo com a pol\u00edcia metropolitana, imagens de vigil\u00e2ncia mostram homens encapuzados despejando gasolina [&hellip;]<\/p>\n","protected":false},"author":1,"featured_media":5360,"comment_status":"","ping_status":"open","sticky":false,"template":"","format":"standard","meta":{"footnotes":""},"categories":[43],"tags":[],"class_list":["post-5359","post","type-post","status-publish","format-standard","has-post-thumbnail","hentry","category-destaques"],"yoast_head":"<!-- This site is optimized with the Yoast SEO plugin v26.8 - https:\/\/yoast.com\/product\/yoast-seo-wordpress\/ -->\n<title>Ambul\u00e2ncias judaicas s\u00e3o incendiadas em Londres; grupo terrorista reivindica autoria - R\u00e1dio Porto Seguro<\/title>\n<meta name=\"robots\" content=\"index, follow, max-snippet:-1, max-image-preview:large, max-video-preview:-1\" \/>\n<link rel=\"canonical\" href=\"https:\/\/radioportoseguro.com.br\/site\/2026\/03\/25\/ambulancias-judaicas-sao-incendiadas-em-londres-grupo-terrorista-reivindica-autoria\/\" \/>\n<meta property=\"og:locale\" content=\"pt_BR\" \/>\n<meta property=\"og:type\" content=\"article\" \/>\n<meta property=\"og:title\" content=\"Ambul\u00e2ncias judaicas s\u00e3o incendiadas em Londres; grupo terrorista reivindica autoria - R\u00e1dio Porto Seguro\" \/>\n<meta property=\"og:description\" content=\"Quatro ambul\u00e2ncias do grupo Hatzola foram destru\u00eddas durante um inc\u00eandio criminoso na madrugada desta segunda-feira (23) no bairro de Golders Green, no norte de Londres. A Hatzola \u00e9 uma organiza\u00e7\u00e3o volunt\u00e1ria sem fins lucrativos que responde a emerg\u00eancias m\u00e9dicas. &#013; &#013; De acordo com a pol\u00edcia metropolitana, imagens de vigil\u00e2ncia mostram homens encapuzados despejando gasolina [&hellip;]\" \/>\n<meta property=\"og:url\" content=\"https:\/\/radioportoseguro.com.br\/site\/2026\/03\/25\/ambulancias-judaicas-sao-incendiadas-em-londres-grupo-terrorista-reivindica-autoria\/\" \/>\n<meta property=\"og:site_name\" content=\"R\u00e1dio Porto Seguro\" \/>\n<meta property=\"article:published_time\" content=\"2026-03-25T20:02:36+00:00\" \/>\n<meta property=\"og:image\" content=\"https:\/\/media.guiame.com.br\/archives\/2026\/03\/23\/3272731526-ambulancias-incendio.png\" \/>\n<meta name=\"author\" content=\"admin\" \/>\n<meta name=\"twitter:card\" content=\"summary_large_image\" \/>\n<meta name=\"twitter:label1\" content=\"Escrito por\" \/>\n\t<meta name=\"twitter:data1\" content=\"admin\" \/>\n\t<meta name=\"twitter:label2\" content=\"Est. tempo de leitura\" \/>\n\t<meta name=\"twitter:data2\" content=\"2 minutos\" \/>\n<script type=\"application\/ld+json\" class=\"yoast-schema-graph\">{\"@context\":\"https:\/\/schema.org\",\"@graph\":[{\"@type\":\"Article\",\"@id\":\"https:\/\/radioportoseguro.com.br\/site\/2026\/03\/25\/ambulancias-judaicas-sao-incendiadas-em-londres-grupo-terrorista-reivindica-autoria\/#article\",\"isPartOf\":{\"@id\":\"https:\/\/radioportoseguro.com.br\/site\/2026\/03\/25\/ambulancias-judaicas-sao-incendiadas-em-londres-grupo-terrorista-reivindica-autoria\/\"},\"author\":{\"name\":\"admin\",\"@id\":\"https:\/\/radioportoseguro.com.br\/site\/#\/schema\/person\/7630acdc320186f13639d3c067ec089b\"},\"headline\":\"Ambul\u00e2ncias judaicas s\u00e3o incendiadas em Londres; grupo terrorista reivindica autoria\",\"datePublished\":\"2026-03-25T20:02:36+00:00\",\"mainEntityOfPage\":{\"@id\":\"https:\/\/radioportoseguro.com.br\/site\/2026\/03\/25\/ambulancias-judaicas-sao-incendiadas-em-londres-grupo-terrorista-reivindica-autoria\/\"},\"wordCount\":432,\"image\":{\"@id\":\"https:\/\/radioportoseguro.com.br\/site\/2026\/03\/25\/ambulancias-judaicas-sao-incendiadas-em-londres-grupo-terrorista-reivindica-autoria\/#primaryimage\"},\"thumbnailUrl\":\"https:\/\/radioportoseguro.com.br\/site\/wp-content\/uploads\/2026\/03\/3272731526-ambulancias-incendio.png\",\"articleSection\":[\"Destaques\"],\"inLanguage\":\"pt-BR\"},{\"@type\":\"WebPage\",\"@id\":\"https:\/\/radioportoseguro.com.br\/site\/2026\/03\/25\/ambulancias-judaicas-sao-incendiadas-em-londres-grupo-terrorista-reivindica-autoria\/\",\"url\":\"https:\/\/radioportoseguro.com.br\/site\/2026\/03\/25\/ambulancias-judaicas-sao-incendiadas-em-londres-grupo-terrorista-reivindica-autoria\/\",\"name\":\"Ambul\u00e2ncias judaicas s\u00e3o incendiadas em Londres; grupo terrorista reivindica autoria - R\u00e1dio Porto Seguro\",\"isPartOf\":{\"@id\":\"https:\/\/radioportoseguro.com.br\/site\/#website\"},\"primaryImageOfPage\":{\"@id\":\"https:\/\/radioportoseguro.com.br\/site\/2026\/03\/25\/ambulancias-judaicas-sao-incendiadas-em-londres-grupo-terrorista-reivindica-autoria\/#primaryimage\"},\"image\":{\"@id\":\"https:\/\/radioportoseguro.com.br\/site\/2026\/03\/25\/ambulancias-judaicas-sao-incendiadas-em-londres-grupo-terrorista-reivindica-autoria\/#primaryimage\"},\"thumbnailUrl\":\"https:\/\/radioportoseguro.com.br\/site\/wp-content\/uploads\/2026\/03\/3272731526-ambulancias-incendio.png\",\"datePublished\":\"2026-03-25T20:02:36+00:00\",\"author\":{\"@id\":\"https:\/\/radioportoseguro.com.br\/site\/#\/schema\/person\/7630acdc320186f13639d3c067ec089b\"},\"breadcrumb\":{\"@id\":\"https:\/\/radioportoseguro.com.br\/site\/2026\/03\/25\/ambulancias-judaicas-sao-incendiadas-em-londres-grupo-terrorista-reivindica-autoria\/#breadcrumb\"},\"inLanguage\":\"pt-BR\",\"potentialAction\":[{\"@type\":\"ReadAction\",\"target\":[\"https:\/\/radioportoseguro.com.br\/site\/2026\/03\/25\/ambulancias-judaicas-sao-incendiadas-em-londres-grupo-terrorista-reivindica-autoria\/\"]}]},{\"@type\":\"ImageObject\",\"inLanguage\":\"pt-BR\",\"@id\":\"https:\/\/radioportoseguro.com.br\/site\/2026\/03\/25\/ambulancias-judaicas-sao-incendiadas-em-londres-grupo-terrorista-reivindica-autoria\/#primaryimage\",\"url\":\"https:\/\/radioportoseguro.com.br\/site\/wp-content\/uploads\/2026\/03\/3272731526-ambulancias-incendio.png\",\"contentUrl\":\"https:\/\/radioportoseguro.com.br\/site\/wp-content\/uploads\/2026\/03\/3272731526-ambulancias-incendio.png\",\"width\":1200,\"height\":600},{\"@type\":\"BreadcrumbList\",\"@id\":\"https:\/\/radioportoseguro.com.br\/site\/2026\/03\/25\/ambulancias-judaicas-sao-incendiadas-em-londres-grupo-terrorista-reivindica-autoria\/#breadcrumb\",\"itemListElement\":[{\"@type\":\"ListItem\",\"position\":1,\"name\":\"In\u00edcio\",\"item\":\"https:\/\/radioportoseguro.com.br\/site\/\"},{\"@type\":\"ListItem\",\"position\":2,\"name\":\"Ambul\u00e2ncias judaicas s\u00e3o incendiadas em Londres; grupo terrorista reivindica autoria\"}]},{\"@type\":\"WebSite\",\"@id\":\"https:\/\/radioportoseguro.com.br\/site\/#website\",\"url\":\"https:\/\/radioportoseguro.com.br\/site\/\",\"name\":\"R\u00e1dio Porto Seguro\",\"description\":\"\",\"potentialAction\":[{\"@type\":\"SearchAction\",\"target\":{\"@type\":\"EntryPoint\",\"urlTemplate\":\"https:\/\/radioportoseguro.com.br\/site\/?s={search_term_string}\"},\"query-input\":{\"@type\":\"PropertyValueSpecification\",\"valueRequired\":true,\"valueName\":\"search_term_string\"}}],\"inLanguage\":\"pt-BR\"},{\"@type\":\"Person\",\"@id\":\"https:\/\/radioportoseguro.com.br\/site\/#\/schema\/person\/7630acdc320186f13639d3c067ec089b\",\"name\":\"admin\",\"image\":{\"@type\":\"ImageObject\",\"inLanguage\":\"pt-BR\",\"@id\":\"https:\/\/radioportoseguro.com.br\/site\/#\/schema\/person\/image\/\",\"url\":\"https:\/\/secure.gravatar.com\/avatar\/caacf4dc1eedb68fab0df8e1ed46c448e578b2466351bbcb61e47d2ac0caaef0?s=96&d=mm&r=g\",\"contentUrl\":\"https:\/\/secure.gravatar.com\/avatar\/caacf4dc1eedb68fab0df8e1ed46c448e578b2466351bbcb61e47d2ac0caaef0?s=96&d=mm&r=g\",\"caption\":\"admin\"},\"sameAs\":[\"https:\/\/radioportoseguro.com.br\/site\"],\"url\":\"https:\/\/radioportoseguro.com.br\/site\/author\/hezio\/\"}]}<\/script>\n<!-- \/ Yoast SEO plugin. -->","yoast_head_json":{"title":"Ambul\u00e2ncias judaicas s\u00e3o incendiadas em Londres; grupo terrorista reivindica autoria - R\u00e1dio Porto Seguro","robots":{"index":"index","follow":"follow","max-snippet":"max-snippet:-1","max-image-preview":"max-image-preview:large","max-video-preview":"max-video-preview:-1"},"canonical":"https:\/\/radioportoseguro.com.br\/site\/2026\/03\/25\/ambulancias-judaicas-sao-incendiadas-em-londres-grupo-terrorista-reivindica-autoria\/","og_locale":"pt_BR","og_type":"article","og_title":"Ambul\u00e2ncias judaicas s\u00e3o incendiadas em Londres; grupo terrorista reivindica autoria - R\u00e1dio Porto Seguro","og_description":"Quatro ambul\u00e2ncias do grupo Hatzola foram destru\u00eddas durante um inc\u00eandio criminoso na madrugada desta segunda-feira (23) no bairro de Golders Green, no norte de Londres. A Hatzola \u00e9 uma organiza\u00e7\u00e3o volunt\u00e1ria sem fins lucrativos que responde a emerg\u00eancias m\u00e9dicas. &#13; &#13; De acordo com a pol\u00edcia metropolitana, imagens de vigil\u00e2ncia mostram homens encapuzados despejando gasolina [&hellip;]","og_url":"https:\/\/radioportoseguro.com.br\/site\/2026\/03\/25\/ambulancias-judaicas-sao-incendiadas-em-londres-grupo-terrorista-reivindica-autoria\/","og_site_name":"R\u00e1dio Porto Seguro","article_published_time":"2026-03-25T20:02:36+00:00","og_image":[{"url":"https:\/\/media.guiame.com.br\/archives\/2026\/03\/23\/3272731526-ambulancias-incendio.png","type":"","width":"","height":""}],"author":"admin","twitter_card":"summary_large_image","twitter_misc":{"Escrito por":"admin","Est. tempo de leitura":"2 minutos"},"schema":{"@context":"https:\/\/schema.org","@graph":[{"@type":"Article","@id":"https:\/\/radioportoseguro.com.br\/site\/2026\/03\/25\/ambulancias-judaicas-sao-incendiadas-em-londres-grupo-terrorista-reivindica-autoria\/#article","isPartOf":{"@id":"https:\/\/radioportoseguro.com.br\/site\/2026\/03\/25\/ambulancias-judaicas-sao-incendiadas-em-londres-grupo-terrorista-reivindica-autoria\/"},"author":{"name":"admin","@id":"https:\/\/radioportoseguro.com.br\/site\/#\/schema\/person\/7630acdc320186f13639d3c067ec089b"},"headline":"Ambul\u00e2ncias judaicas s\u00e3o incendiadas em Londres; grupo terrorista reivindica autoria","datePublished":"2026-03-25T20:02:36+00:00","mainEntityOfPage":{"@id":"https:\/\/radioportoseguro.com.br\/site\/2026\/03\/25\/ambulancias-judaicas-sao-incendiadas-em-londres-grupo-terrorista-reivindica-autoria\/"},"wordCount":432,"image":{"@id":"https:\/\/radioportoseguro.com.br\/site\/2026\/03\/25\/ambulancias-judaicas-sao-incendiadas-em-londres-grupo-terrorista-reivindica-autoria\/#primaryimage"},"thumbnailUrl":"https:\/\/radioportoseguro.com.br\/site\/wp-content\/uploads\/2026\/03\/3272731526-ambulancias-incendio.png","articleSection":["Destaques"],"inLanguage":"pt-BR"},{"@type":"WebPage","@id":"https:\/\/radioportoseguro.com.br\/site\/2026\/03\/25\/ambulancias-judaicas-sao-incendiadas-em-londres-grupo-terrorista-reivindica-autoria\/","url":"https:\/\/radioportoseguro.com.br\/site\/2026\/03\/25\/ambulancias-judaicas-sao-incendiadas-em-londres-grupo-terrorista-reivindica-autoria\/","name":"Ambul\u00e2ncias judaicas s\u00e3o incendiadas em Londres; grupo terrorista reivindica autoria - R\u00e1dio Porto Seguro","isPartOf":{"@id":"https:\/\/radioportoseguro.com.br\/site\/#website"},"primaryImageOfPage":{"@id":"https:\/\/radioportoseguro.com.br\/site\/2026\/03\/25\/ambulancias-judaicas-sao-incendiadas-em-londres-grupo-terrorista-reivindica-autoria\/#primaryimage"},"image":{"@id":"https:\/\/radioportoseguro.com.br\/site\/2026\/03\/25\/ambulancias-judaicas-sao-incendiadas-em-londres-grupo-terrorista-reivindica-autoria\/#primaryimage"},"thumbnailUrl":"https:\/\/radioportoseguro.com.br\/site\/wp-content\/uploads\/2026\/03\/3272731526-ambulancias-incendio.png","datePublished":"2026-03-25T20:02:36+00:00","author":{"@id":"https:\/\/radioportoseguro.com.br\/site\/#\/schema\/person\/7630acdc320186f13639d3c067ec089b"},"breadcrumb":{"@id":"https:\/\/radioportoseguro.com.br\/site\/2026\/03\/25\/ambulancias-judaicas-sao-incendiadas-em-londres-grupo-terrorista-reivindica-autoria\/#breadcrumb"},"inLanguage":"pt-BR","potentialAction":[{"@type":"ReadAction","target":["https:\/\/radioportoseguro.com.br\/site\/2026\/03\/25\/ambulancias-judaicas-sao-incendiadas-em-londres-grupo-terrorista-reivindica-autoria\/"]}]},{"@type":"ImageObject","inLanguage":"pt-BR","@id":"https:\/\/radioportoseguro.com.br\/site\/2026\/03\/25\/ambulancias-judaicas-sao-incendiadas-em-londres-grupo-terrorista-reivindica-autoria\/#primaryimage","url":"https:\/\/radioportoseguro.com.br\/site\/wp-content\/uploads\/2026\/03\/3272731526-ambulancias-incendio.png","contentUrl":"https:\/\/radioportoseguro.com.br\/site\/wp-content\/uploads\/2026\/03\/3272731526-ambulancias-incendio.png","width":1200,"height":600},{"@type":"BreadcrumbList","@id":"https:\/\/radioportoseguro.com.br\/site\/2026\/03\/25\/ambulancias-judaicas-sao-incendiadas-em-londres-grupo-terrorista-reivindica-autoria\/#breadcrumb","itemListElement":[{"@type":"ListItem","position":1,"name":"In\u00edcio","item":"https:\/\/radioportoseguro.com.br\/site\/"},{"@type":"ListItem","position":2,"name":"Ambul\u00e2ncias judaicas s\u00e3o incendiadas em Londres; grupo terrorista reivindica autoria"}]},{"@type":"WebSite","@id":"https:\/\/radioportoseguro.com.br\/site\/#website","url":"https:\/\/radioportoseguro.com.br\/site\/","name":"R\u00e1dio Porto Seguro","description":"","potentialAction":[{"@type":"SearchAction","target":{"@type":"EntryPoint","urlTemplate":"https:\/\/radioportoseguro.com.br\/site\/?s={search_term_string}"},"query-input":{"@type":"PropertyValueSpecification","valueRequired":true,"valueName":"search_term_string"}}],"inLanguage":"pt-BR"},{"@type":"Person","@id":"https:\/\/radioportoseguro.com.br\/site\/#\/schema\/person\/7630acdc320186f13639d3c067ec089b","name":"admin","image":{"@type":"ImageObject","inLanguage":"pt-BR","@id":"https:\/\/radioportoseguro.com.br\/site\/#\/schema\/person\/image\/","url":"https:\/\/secure.gravatar.com\/avatar\/caacf4dc1eedb68fab0df8e1ed46c448e578b2466351bbcb61e47d2ac0caaef0?s=96&d=mm&r=g","contentUrl":"https:\/\/secure.gravatar.com\/avatar\/caacf4dc1eedb68fab0df8e1ed46c448e578b2466351bbcb61e47d2ac0caaef0?s=96&d=mm&r=g","caption":"admin"},"sameAs":["https:\/\/radioportoseguro.com.br\/site"],"url":"https:\/\/radioportoseguro.com.br\/site\/author\/hezio\/"}]}},"_links":{"self":[{"href":"https:\/\/radioportoseguro.com.br\/site\/wp-json\/wp\/v2\/posts\/5359","targetHints":{"allow":["GET"]}}],"collection":[{"href":"https:\/\/radioportoseguro.com.br\/site\/wp-json\/wp\/v2\/posts"}],"about":[{"href":"https:\/\/radioportoseguro.com.br\/site\/wp-json\/wp\/v2\/types\/post"}],"author":[{"embeddable":true,"href":"https:\/\/radioportoseguro.com.br\/site\/wp-json\/wp\/v2\/users\/1"}],"replies":[{"embeddable":true,"href":"https:\/\/radioportoseguro.com.br\/site\/wp-json\/wp\/v2\/comments?post=5359"}],"version-history":[{"count":0,"href":"https:\/\/radioportoseguro.com.br\/site\/wp-json\/wp\/v2\/posts\/5359\/revisions"}],"wp:featuredmedia":[{"embeddable":true,"href":"https:\/\/radioportoseguro.com.br\/site\/wp-json\/wp\/v2\/media\/5360"}],"wp:attachment":[{"href":"https:\/\/radioportoseguro.com.br\/site\/wp-json\/wp\/v2\/media?parent=5359"}],"wp:term":[{"taxonomy":"category","embeddable":true,"href":"https:\/\/radioportoseguro.com.br\/site\/wp-json\/wp\/v2\/categories?post=5359"},{"taxonomy":"post_tag","embeddable":true,"href":"https:\/\/radioportoseguro.com.br\/site\/wp-json\/wp\/v2\/tags?post=5359"}],"curies":[{"name":"wp","href":"https:\/\/api.w.org\/{rel}","templated":true}]}}