{"id":5367,"date":"2026-03-25T19:03:46","date_gmt":"2026-03-25T22:03:46","guid":{"rendered":"https:\/\/radioportoseguro.com.br\/site\/2026\/03\/25\/igreja-inaugura-academia-de-graca-para-comunidade-cuidar-do-corpo-e-do-espirito\/"},"modified":"2026-03-25T19:03:46","modified_gmt":"2026-03-25T22:03:46","slug":"igreja-inaugura-academia-de-graca-para-comunidade-cuidar-do-corpo-e-do-espirito","status":"publish","type":"post","link":"https:\/\/radioportoseguro.com.br\/site\/2026\/03\/25\/igreja-inaugura-academia-de-graca-para-comunidade-cuidar-do-corpo-e-do-espirito\/","title":{"rendered":"Igreja inaugura academia de gra\u00e7a para comunidade: \u2018Cuidar do corpo e do esp\u00edrito\u2019"},"content":{"rendered":"<p><br \/>\n<br \/><\/p>\n<div>\n<p><span style=\"font-weight: 400;\">Uma igreja em Curitiba, no Paran\u00e1, inaugurou uma <\/span><span style=\"color: #800000;\"><strong>academia<\/strong><\/span><span style=\"font-weight: 400;\"> para incentivar a comunidade local a <\/span><span style=\"color: #800000;\"><strong>cuidar da sa\u00fade<\/strong><\/span><span style=\"font-weight: 400;\">.<\/span><\/p>\n<p><span style=\"font-weight: 400;\">A cerim\u00f4nia de inaugura\u00e7\u00e3o aconteceu no s\u00e1bado (21) pela Igreja Adventista, na presen\u00e7a de pastores e crist\u00e3os.<\/span><\/p>\n<p><span style=\"font-weight: 400;\">A academia fica localizada na igreja, no centro de Curitiba, e faz parte do centro de a\u00e7\u00f5es sociais da congrega\u00e7\u00e3o.\u00a0<\/span><\/p>\n<p><span style=\"font-weight: 400;\">\u201cHoje inauguramos o nosso espa\u00e7o sa\u00fade, um projeto que se iniciou em 2022. Vamos somar for\u00e7as e consolidar um grande centro de a\u00e7\u00f5es sociais sendo uma escola de treinamento para volunt\u00e1rios e mission\u00e1rios\u201d, declarou o diretor da ADRA (Ag\u00eancia Adventista de Desenvolvimento e Recursos Assistenciais) do Paran\u00e1, David Chaxim, na inaugura\u00e7\u00e3o.<\/span><\/p>\n<p><span style=\"font-weight: 400;\">O prop\u00f3sito do projeto \u00e9 oferecer cuidado f\u00edsico, mental e espiritual aos moradores. \u201cAqui vai al\u00e9m de treinar o corpo, \u00e9 sobre cuidar da mente, do esp\u00edrito e fazer o bem\u201d, afirmou Ellen Cristine, membro da denomina\u00e7\u00e3o, em publica\u00e7\u00e3o no Instagram.<\/span><\/p>\n<p><span style=\"font-weight: 400;\">Para usar a academia gratuitamente, \u00e9 preciso se inscrever como volunt\u00e1rio em pelo menos duas atividades do centro social da igreja, como cursos, ajuda humanit\u00e1ria, coral e orquestra.<\/span><\/p>\n<p><span style=\"font-weight: 400;\">\u201cE se voc\u00ea ainda n\u00e3o participa, est\u00e1 tudo bem: voc\u00ea pode treinar com a gente e, no caminho, conhecer nossas a\u00e7\u00f5es e fazer parte quando quiser\u201d, explicou Ellen.<\/span><\/p>\n<p><span style=\"font-weight: 400;\">As pr\u00e9-inscri\u00e7\u00f5es para a academia podem ser feitas atrav\u00e9s do WhatsApp: (41) 3085-7737.<\/span><\/p>\n<p><span style=\"font-weight: 400;\">O v\u00eddeo da inaugura\u00e7\u00e3o da academia viralizou no Instagram, alcan\u00e7ando mais de 1 milh\u00e3o de visualiza\u00e7\u00f5es.<\/span><\/p>\n<p><span style=\"font-weight: 400;\">Muitos usu\u00e1rios elogiaram a iniciativa da igreja. \u201cQue legal! Servir a comunidade, divulgar a mensagem de sa\u00fade, trazer pessoas para Cristo. Parab\u00e9ns pela iniciativa!\u201d, escreveu um homem nos coment\u00e1rios.<\/span><\/p>\n<p><span style=\"font-weight: 400;\">E outro internauta afirmou: \u201cAcho a iniciativa muito da hora, muitos crist\u00e3os n\u00e3o v\u00e3o \u00e0 academia por achar que \u00e9 pecado, quando tudo isso \u00e9 sa\u00fade! Imagina as irm\u00e3s mais velhas indo em grupos treinar e se exercitando na academia da igreja? Massa demais, que sejam super incentivadas!\u201d.<\/span><\/p>\n<blockquote class=\"instagram-media\" style=\"background: #FFF; border: 0; border-radius: 3px; box-shadow: 0 0 1px 0 rgba(0,0,0,0.5),0 1px 10px 0 rgba(0,0,0,0.15); margin: 1px; max-width: 540px; min-width: 326px; padding: 0; width: calc(100% - 2px);\" data-instgrm-captioned=\"\" data-instgrm-permalink=\"https:\/\/www.instagram.com\/reel\/DWKXgRJkfD9\/?utm_source=ig_embed&amp;utm_campaign=loading\" data-instgrm-version=\"14\"><p>&#13;<br \/>\n&#13;\n<\/p><\/blockquote>\n<\/div>\n<p><script async src=\"\/\/www.instagram.com\/embed.js\"><\/script><br \/>\n<br \/><br \/>\n<br \/>Fonte: Guiame <\/p>\n","protected":false},"excerpt":{"rendered":"<p>Uma igreja em Curitiba, no Paran\u00e1, inaugurou uma academia para incentivar a comunidade local a cuidar da sa\u00fade. A cerim\u00f4nia de inaugura\u00e7\u00e3o aconteceu no s\u00e1bado (21) pela Igreja Adventista, na presen\u00e7a de pastores e crist\u00e3os. A academia fica localizada na igreja, no centro de Curitiba, e faz parte do centro de a\u00e7\u00f5es sociais da congrega\u00e7\u00e3o.\u00a0 [&hellip;]<\/p>\n","protected":false},"author":1,"featured_media":5368,"comment_status":"","ping_status":"open","sticky":false,"template":"","format":"standard","meta":{"footnotes":""},"categories":[43],"tags":[],"class_list":["post-5367","post","type-post","status-publish","format-standard","has-post-thumbnail","hentry","category-destaques"],"yoast_head":"<!-- This site is optimized with the Yoast SEO plugin v26.8 - https:\/\/yoast.com\/product\/yoast-seo-wordpress\/ -->\n<title>Igreja inaugura academia de gra\u00e7a para comunidade: \u2018Cuidar do corpo e do esp\u00edrito\u2019 - R\u00e1dio Porto Seguro<\/title>\n<meta name=\"robots\" content=\"index, follow, max-snippet:-1, max-image-preview:large, max-video-preview:-1\" \/>\n<link rel=\"canonical\" href=\"https:\/\/radioportoseguro.com.br\/site\/2026\/03\/25\/igreja-inaugura-academia-de-graca-para-comunidade-cuidar-do-corpo-e-do-espirito\/\" \/>\n<meta property=\"og:locale\" content=\"pt_BR\" \/>\n<meta property=\"og:type\" content=\"article\" \/>\n<meta property=\"og:title\" content=\"Igreja inaugura academia de gra\u00e7a para comunidade: \u2018Cuidar do corpo e do esp\u00edrito\u2019 - R\u00e1dio Porto Seguro\" \/>\n<meta property=\"og:description\" content=\"Uma igreja em Curitiba, no Paran\u00e1, inaugurou uma academia para incentivar a comunidade local a cuidar da sa\u00fade. A cerim\u00f4nia de inaugura\u00e7\u00e3o aconteceu no s\u00e1bado (21) pela Igreja Adventista, na presen\u00e7a de pastores e crist\u00e3os. A academia fica localizada na igreja, no centro de Curitiba, e faz parte do centro de a\u00e7\u00f5es sociais da congrega\u00e7\u00e3o.\u00a0 [&hellip;]\" \/>\n<meta property=\"og:url\" content=\"https:\/\/radioportoseguro.com.br\/site\/2026\/03\/25\/igreja-inaugura-academia-de-graca-para-comunidade-cuidar-do-corpo-e-do-espirito\/\" \/>\n<meta property=\"og:site_name\" content=\"R\u00e1dio Porto Seguro\" \/>\n<meta property=\"article:published_time\" content=\"2026-03-25T22:03:46+00:00\" \/>\n<meta property=\"og:image\" content=\"https:\/\/media.guiame.com.br\/archives\/2026\/03\/23\/3744779722-academia.jpeg\" \/>\n<meta name=\"author\" content=\"admin\" \/>\n<meta name=\"twitter:card\" content=\"summary_large_image\" \/>\n<meta name=\"twitter:label1\" content=\"Escrito por\" \/>\n\t<meta name=\"twitter:data1\" content=\"admin\" \/>\n\t<meta name=\"twitter:label2\" content=\"Est. tempo de leitura\" \/>\n\t<meta name=\"twitter:data2\" content=\"2 minutos\" \/>\n<script type=\"application\/ld+json\" class=\"yoast-schema-graph\">{\"@context\":\"https:\/\/schema.org\",\"@graph\":[{\"@type\":\"Article\",\"@id\":\"https:\/\/radioportoseguro.com.br\/site\/2026\/03\/25\/igreja-inaugura-academia-de-graca-para-comunidade-cuidar-do-corpo-e-do-espirito\/#article\",\"isPartOf\":{\"@id\":\"https:\/\/radioportoseguro.com.br\/site\/2026\/03\/25\/igreja-inaugura-academia-de-graca-para-comunidade-cuidar-do-corpo-e-do-espirito\/\"},\"author\":{\"name\":\"admin\",\"@id\":\"https:\/\/radioportoseguro.com.br\/site\/#\/schema\/person\/7630acdc320186f13639d3c067ec089b\"},\"headline\":\"Igreja inaugura academia de gra\u00e7a para comunidade: \u2018Cuidar do corpo e do esp\u00edrito\u2019\",\"datePublished\":\"2026-03-25T22:03:46+00:00\",\"mainEntityOfPage\":{\"@id\":\"https:\/\/radioportoseguro.com.br\/site\/2026\/03\/25\/igreja-inaugura-academia-de-graca-para-comunidade-cuidar-do-corpo-e-do-espirito\/\"},\"wordCount\":361,\"image\":{\"@id\":\"https:\/\/radioportoseguro.com.br\/site\/2026\/03\/25\/igreja-inaugura-academia-de-graca-para-comunidade-cuidar-do-corpo-e-do-espirito\/#primaryimage\"},\"thumbnailUrl\":\"https:\/\/radioportoseguro.com.br\/site\/wp-content\/uploads\/2026\/03\/3744779722-academia.jpeg\",\"articleSection\":[\"Destaques\"],\"inLanguage\":\"pt-BR\"},{\"@type\":\"WebPage\",\"@id\":\"https:\/\/radioportoseguro.com.br\/site\/2026\/03\/25\/igreja-inaugura-academia-de-graca-para-comunidade-cuidar-do-corpo-e-do-espirito\/\",\"url\":\"https:\/\/radioportoseguro.com.br\/site\/2026\/03\/25\/igreja-inaugura-academia-de-graca-para-comunidade-cuidar-do-corpo-e-do-espirito\/\",\"name\":\"Igreja inaugura academia de gra\u00e7a para comunidade: \u2018Cuidar do corpo e do esp\u00edrito\u2019 - R\u00e1dio Porto Seguro\",\"isPartOf\":{\"@id\":\"https:\/\/radioportoseguro.com.br\/site\/#website\"},\"primaryImageOfPage\":{\"@id\":\"https:\/\/radioportoseguro.com.br\/site\/2026\/03\/25\/igreja-inaugura-academia-de-graca-para-comunidade-cuidar-do-corpo-e-do-espirito\/#primaryimage\"},\"image\":{\"@id\":\"https:\/\/radioportoseguro.com.br\/site\/2026\/03\/25\/igreja-inaugura-academia-de-graca-para-comunidade-cuidar-do-corpo-e-do-espirito\/#primaryimage\"},\"thumbnailUrl\":\"https:\/\/radioportoseguro.com.br\/site\/wp-content\/uploads\/2026\/03\/3744779722-academia.jpeg\",\"datePublished\":\"2026-03-25T22:03:46+00:00\",\"author\":{\"@id\":\"https:\/\/radioportoseguro.com.br\/site\/#\/schema\/person\/7630acdc320186f13639d3c067ec089b\"},\"breadcrumb\":{\"@id\":\"https:\/\/radioportoseguro.com.br\/site\/2026\/03\/25\/igreja-inaugura-academia-de-graca-para-comunidade-cuidar-do-corpo-e-do-espirito\/#breadcrumb\"},\"inLanguage\":\"pt-BR\",\"potentialAction\":[{\"@type\":\"ReadAction\",\"target\":[\"https:\/\/radioportoseguro.com.br\/site\/2026\/03\/25\/igreja-inaugura-academia-de-graca-para-comunidade-cuidar-do-corpo-e-do-espirito\/\"]}]},{\"@type\":\"ImageObject\",\"inLanguage\":\"pt-BR\",\"@id\":\"https:\/\/radioportoseguro.com.br\/site\/2026\/03\/25\/igreja-inaugura-academia-de-graca-para-comunidade-cuidar-do-corpo-e-do-espirito\/#primaryimage\",\"url\":\"https:\/\/radioportoseguro.com.br\/site\/wp-content\/uploads\/2026\/03\/3744779722-academia.jpeg\",\"contentUrl\":\"https:\/\/radioportoseguro.com.br\/site\/wp-content\/uploads\/2026\/03\/3744779722-academia.jpeg\",\"width\":1200,\"height\":600},{\"@type\":\"BreadcrumbList\",\"@id\":\"https:\/\/radioportoseguro.com.br\/site\/2026\/03\/25\/igreja-inaugura-academia-de-graca-para-comunidade-cuidar-do-corpo-e-do-espirito\/#breadcrumb\",\"itemListElement\":[{\"@type\":\"ListItem\",\"position\":1,\"name\":\"In\u00edcio\",\"item\":\"https:\/\/radioportoseguro.com.br\/site\/\"},{\"@type\":\"ListItem\",\"position\":2,\"name\":\"Igreja inaugura academia de gra\u00e7a para comunidade: \u2018Cuidar do corpo e do esp\u00edrito\u2019\"}]},{\"@type\":\"WebSite\",\"@id\":\"https:\/\/radioportoseguro.com.br\/site\/#website\",\"url\":\"https:\/\/radioportoseguro.com.br\/site\/\",\"name\":\"R\u00e1dio Porto Seguro\",\"description\":\"\",\"potentialAction\":[{\"@type\":\"SearchAction\",\"target\":{\"@type\":\"EntryPoint\",\"urlTemplate\":\"https:\/\/radioportoseguro.com.br\/site\/?s={search_term_string}\"},\"query-input\":{\"@type\":\"PropertyValueSpecification\",\"valueRequired\":true,\"valueName\":\"search_term_string\"}}],\"inLanguage\":\"pt-BR\"},{\"@type\":\"Person\",\"@id\":\"https:\/\/radioportoseguro.com.br\/site\/#\/schema\/person\/7630acdc320186f13639d3c067ec089b\",\"name\":\"admin\",\"image\":{\"@type\":\"ImageObject\",\"inLanguage\":\"pt-BR\",\"@id\":\"https:\/\/radioportoseguro.com.br\/site\/#\/schema\/person\/image\/\",\"url\":\"https:\/\/secure.gravatar.com\/avatar\/caacf4dc1eedb68fab0df8e1ed46c448e578b2466351bbcb61e47d2ac0caaef0?s=96&d=mm&r=g\",\"contentUrl\":\"https:\/\/secure.gravatar.com\/avatar\/caacf4dc1eedb68fab0df8e1ed46c448e578b2466351bbcb61e47d2ac0caaef0?s=96&d=mm&r=g\",\"caption\":\"admin\"},\"sameAs\":[\"https:\/\/radioportoseguro.com.br\/site\"],\"url\":\"https:\/\/radioportoseguro.com.br\/site\/author\/hezio\/\"}]}<\/script>\n<!-- \/ Yoast SEO plugin. -->","yoast_head_json":{"title":"Igreja inaugura academia de gra\u00e7a para comunidade: \u2018Cuidar do corpo e do esp\u00edrito\u2019 - R\u00e1dio Porto Seguro","robots":{"index":"index","follow":"follow","max-snippet":"max-snippet:-1","max-image-preview":"max-image-preview:large","max-video-preview":"max-video-preview:-1"},"canonical":"https:\/\/radioportoseguro.com.br\/site\/2026\/03\/25\/igreja-inaugura-academia-de-graca-para-comunidade-cuidar-do-corpo-e-do-espirito\/","og_locale":"pt_BR","og_type":"article","og_title":"Igreja inaugura academia de gra\u00e7a para comunidade: \u2018Cuidar do corpo e do esp\u00edrito\u2019 - R\u00e1dio Porto Seguro","og_description":"Uma igreja em Curitiba, no Paran\u00e1, inaugurou uma academia para incentivar a comunidade local a cuidar da sa\u00fade. A cerim\u00f4nia de inaugura\u00e7\u00e3o aconteceu no s\u00e1bado (21) pela Igreja Adventista, na presen\u00e7a de pastores e crist\u00e3os. A academia fica localizada na igreja, no centro de Curitiba, e faz parte do centro de a\u00e7\u00f5es sociais da congrega\u00e7\u00e3o.\u00a0 [&hellip;]","og_url":"https:\/\/radioportoseguro.com.br\/site\/2026\/03\/25\/igreja-inaugura-academia-de-graca-para-comunidade-cuidar-do-corpo-e-do-espirito\/","og_site_name":"R\u00e1dio Porto Seguro","article_published_time":"2026-03-25T22:03:46+00:00","og_image":[{"url":"https:\/\/media.guiame.com.br\/archives\/2026\/03\/23\/3744779722-academia.jpeg","type":"","width":"","height":""}],"author":"admin","twitter_card":"summary_large_image","twitter_misc":{"Escrito por":"admin","Est. tempo de leitura":"2 minutos"},"schema":{"@context":"https:\/\/schema.org","@graph":[{"@type":"Article","@id":"https:\/\/radioportoseguro.com.br\/site\/2026\/03\/25\/igreja-inaugura-academia-de-graca-para-comunidade-cuidar-do-corpo-e-do-espirito\/#article","isPartOf":{"@id":"https:\/\/radioportoseguro.com.br\/site\/2026\/03\/25\/igreja-inaugura-academia-de-graca-para-comunidade-cuidar-do-corpo-e-do-espirito\/"},"author":{"name":"admin","@id":"https:\/\/radioportoseguro.com.br\/site\/#\/schema\/person\/7630acdc320186f13639d3c067ec089b"},"headline":"Igreja inaugura academia de gra\u00e7a para comunidade: \u2018Cuidar do corpo e do esp\u00edrito\u2019","datePublished":"2026-03-25T22:03:46+00:00","mainEntityOfPage":{"@id":"https:\/\/radioportoseguro.com.br\/site\/2026\/03\/25\/igreja-inaugura-academia-de-graca-para-comunidade-cuidar-do-corpo-e-do-espirito\/"},"wordCount":361,"image":{"@id":"https:\/\/radioportoseguro.com.br\/site\/2026\/03\/25\/igreja-inaugura-academia-de-graca-para-comunidade-cuidar-do-corpo-e-do-espirito\/#primaryimage"},"thumbnailUrl":"https:\/\/radioportoseguro.com.br\/site\/wp-content\/uploads\/2026\/03\/3744779722-academia.jpeg","articleSection":["Destaques"],"inLanguage":"pt-BR"},{"@type":"WebPage","@id":"https:\/\/radioportoseguro.com.br\/site\/2026\/03\/25\/igreja-inaugura-academia-de-graca-para-comunidade-cuidar-do-corpo-e-do-espirito\/","url":"https:\/\/radioportoseguro.com.br\/site\/2026\/03\/25\/igreja-inaugura-academia-de-graca-para-comunidade-cuidar-do-corpo-e-do-espirito\/","name":"Igreja inaugura academia de gra\u00e7a para comunidade: \u2018Cuidar do corpo e do esp\u00edrito\u2019 - R\u00e1dio Porto Seguro","isPartOf":{"@id":"https:\/\/radioportoseguro.com.br\/site\/#website"},"primaryImageOfPage":{"@id":"https:\/\/radioportoseguro.com.br\/site\/2026\/03\/25\/igreja-inaugura-academia-de-graca-para-comunidade-cuidar-do-corpo-e-do-espirito\/#primaryimage"},"image":{"@id":"https:\/\/radioportoseguro.com.br\/site\/2026\/03\/25\/igreja-inaugura-academia-de-graca-para-comunidade-cuidar-do-corpo-e-do-espirito\/#primaryimage"},"thumbnailUrl":"https:\/\/radioportoseguro.com.br\/site\/wp-content\/uploads\/2026\/03\/3744779722-academia.jpeg","datePublished":"2026-03-25T22:03:46+00:00","author":{"@id":"https:\/\/radioportoseguro.com.br\/site\/#\/schema\/person\/7630acdc320186f13639d3c067ec089b"},"breadcrumb":{"@id":"https:\/\/radioportoseguro.com.br\/site\/2026\/03\/25\/igreja-inaugura-academia-de-graca-para-comunidade-cuidar-do-corpo-e-do-espirito\/#breadcrumb"},"inLanguage":"pt-BR","potentialAction":[{"@type":"ReadAction","target":["https:\/\/radioportoseguro.com.br\/site\/2026\/03\/25\/igreja-inaugura-academia-de-graca-para-comunidade-cuidar-do-corpo-e-do-espirito\/"]}]},{"@type":"ImageObject","inLanguage":"pt-BR","@id":"https:\/\/radioportoseguro.com.br\/site\/2026\/03\/25\/igreja-inaugura-academia-de-graca-para-comunidade-cuidar-do-corpo-e-do-espirito\/#primaryimage","url":"https:\/\/radioportoseguro.com.br\/site\/wp-content\/uploads\/2026\/03\/3744779722-academia.jpeg","contentUrl":"https:\/\/radioportoseguro.com.br\/site\/wp-content\/uploads\/2026\/03\/3744779722-academia.jpeg","width":1200,"height":600},{"@type":"BreadcrumbList","@id":"https:\/\/radioportoseguro.com.br\/site\/2026\/03\/25\/igreja-inaugura-academia-de-graca-para-comunidade-cuidar-do-corpo-e-do-espirito\/#breadcrumb","itemListElement":[{"@type":"ListItem","position":1,"name":"In\u00edcio","item":"https:\/\/radioportoseguro.com.br\/site\/"},{"@type":"ListItem","position":2,"name":"Igreja inaugura academia de gra\u00e7a para comunidade: \u2018Cuidar do corpo e do esp\u00edrito\u2019"}]},{"@type":"WebSite","@id":"https:\/\/radioportoseguro.com.br\/site\/#website","url":"https:\/\/radioportoseguro.com.br\/site\/","name":"R\u00e1dio Porto Seguro","description":"","potentialAction":[{"@type":"SearchAction","target":{"@type":"EntryPoint","urlTemplate":"https:\/\/radioportoseguro.com.br\/site\/?s={search_term_string}"},"query-input":{"@type":"PropertyValueSpecification","valueRequired":true,"valueName":"search_term_string"}}],"inLanguage":"pt-BR"},{"@type":"Person","@id":"https:\/\/radioportoseguro.com.br\/site\/#\/schema\/person\/7630acdc320186f13639d3c067ec089b","name":"admin","image":{"@type":"ImageObject","inLanguage":"pt-BR","@id":"https:\/\/radioportoseguro.com.br\/site\/#\/schema\/person\/image\/","url":"https:\/\/secure.gravatar.com\/avatar\/caacf4dc1eedb68fab0df8e1ed46c448e578b2466351bbcb61e47d2ac0caaef0?s=96&d=mm&r=g","contentUrl":"https:\/\/secure.gravatar.com\/avatar\/caacf4dc1eedb68fab0df8e1ed46c448e578b2466351bbcb61e47d2ac0caaef0?s=96&d=mm&r=g","caption":"admin"},"sameAs":["https:\/\/radioportoseguro.com.br\/site"],"url":"https:\/\/radioportoseguro.com.br\/site\/author\/hezio\/"}]}},"_links":{"self":[{"href":"https:\/\/radioportoseguro.com.br\/site\/wp-json\/wp\/v2\/posts\/5367","targetHints":{"allow":["GET"]}}],"collection":[{"href":"https:\/\/radioportoseguro.com.br\/site\/wp-json\/wp\/v2\/posts"}],"about":[{"href":"https:\/\/radioportoseguro.com.br\/site\/wp-json\/wp\/v2\/types\/post"}],"author":[{"embeddable":true,"href":"https:\/\/radioportoseguro.com.br\/site\/wp-json\/wp\/v2\/users\/1"}],"replies":[{"embeddable":true,"href":"https:\/\/radioportoseguro.com.br\/site\/wp-json\/wp\/v2\/comments?post=5367"}],"version-history":[{"count":0,"href":"https:\/\/radioportoseguro.com.br\/site\/wp-json\/wp\/v2\/posts\/5367\/revisions"}],"wp:featuredmedia":[{"embeddable":true,"href":"https:\/\/radioportoseguro.com.br\/site\/wp-json\/wp\/v2\/media\/5368"}],"wp:attachment":[{"href":"https:\/\/radioportoseguro.com.br\/site\/wp-json\/wp\/v2\/media?parent=5367"}],"wp:term":[{"taxonomy":"category","embeddable":true,"href":"https:\/\/radioportoseguro.com.br\/site\/wp-json\/wp\/v2\/categories?post=5367"},{"taxonomy":"post_tag","embeddable":true,"href":"https:\/\/radioportoseguro.com.br\/site\/wp-json\/wp\/v2\/tags?post=5367"}],"curies":[{"name":"wp","href":"https:\/\/api.w.org\/{rel}","templated":true}]}}