{"id":5369,"date":"2026-03-25T19:07:55","date_gmt":"2026-03-25T22:07:55","guid":{"rendered":"https:\/\/radioportoseguro.com.br\/site\/?p=5369"},"modified":"2026-03-25T19:08:54","modified_gmt":"2026-03-25T22:08:54","slug":"lea-mendonca-lanca-nova-versao-de-a-familia-e-a-marca","status":"publish","type":"post","link":"https:\/\/radioportoseguro.com.br\/site\/2026\/03\/25\/lea-mendonca-lanca-nova-versao-de-a-familia-e-a-marca\/","title":{"rendered":"L\u00e9a Mendon\u00e7a lan\u00e7a nova vers\u00e3o de \u201cA Fam\u00edlia e a Marca\u201d"},"content":{"rendered":"<p>Nesta quarta-feira (25), o p\u00fablico recebe um novo cap\u00edtulo de uma das trajet\u00f3rias mais s\u00f3lidas e respeitadas da m\u00fasica crist\u00e3 brasileira. L\u00e9a Mendon\u00e7a, que celebra quatro d\u00e9cadas de um minist\u00e9rio marcado por composi\u00e7\u00f5es fortes e interpreta\u00e7\u00f5es viscerais, acaba de lan\u00e7ar a nova vers\u00e3o de \u201cA Fam\u00edlia e a Marca\u201d.<\/p>\n<p>A faixa faz parte do aguardado \u00e1lbum visual \u201cL\u00e9a Mendon\u00e7a 40 Anos\u201d, um projeto que est\u00e1 sendo liberado gradativamente para que cada can\u00e7\u00e3o receba o destaque merecido dentro dessa hist\u00f3ria de fidelidade e adora\u00e7\u00e3o.<\/p>\n<p>\u201cEsse projeto \u00e9 muito importante em meu minist\u00e9rio. Muito al\u00e9m de uma comemora\u00e7\u00e3o, \u00e9 uma entrega de gratid\u00e3o a Deus por tudo que Ele tem feito em minha vida! Cada can\u00e7\u00e3o escolhida, cada arranjo desenvolvido, cada convidado agrega valores significativos. Ela n\u00e3o poderia ficar de fora deste projeto. Se tornou uma das m\u00fasicas principais de meu minist\u00e9rio. \u00c9 uma m\u00fasica prof\u00e9tica que fala sobre Cristo ser o centro do nosso lar e como sentimentos e relacionamentos podem ser restaurados\u201d, explica a artista.<\/p>\n<p><a href=\"https:\/\/mkmusic.ffm.to\/afamiliaeamarcaaovivo\"><strong>A nova vers\u00e3o de \u201cA Fam\u00edlia e a Marca\u201d j\u00e1 est\u00e1 dispon\u00edvel em todas as plataformas de streaming e o clipe oficial pode ser assistido no canal da MK Music no YouTube.<\/strong><\/a><\/p>\n<p>&nbsp;<\/p>\n<p><div class=\"ose-youtube ose-uid-a961f0df165b806ac0e91e5aa8636089 ose-embedpress-responsive\" style=\"width:600px; height:600px; max-height:600px; max-width:100%; display:inline-block;\" data-embed-type=\"Youtube\"><iframe allowFullScreen=\"true\" title=\"L\u00e9a Mendon\u00e7a - A Fam\u00edlia e a Marca (Ao Vivo) (Clipe Oficial MK Music)\" width=\"600\" height=\"600\" src=\"https:\/\/www.youtube.com\/embed\/S_a-fIzNdvo?feature=oembed&color=red&rel=0&controls=1&start=&end=&fs=0&iv_load_policy=0&autoplay=0&mute=0&modestbranding=0&cc_load_policy=1&playsinline=1\" frameborder=\"0\" allow=\"accelerometer; encrypted-media;accelerometer;autoplay;clipboard-write;gyroscope;picture-in-picture clipboard-write; encrypted-media; gyroscope; picture-in-picture; web-share\" referrerpolicy=\"strict-origin-when-cross-origin\" allowfullscreen><\/iframe><\/div><\/p>\n<p>&nbsp;<\/p>\n<p>Fonte: mkmusic<\/p>\n","protected":false},"excerpt":{"rendered":"<p>Nesta quarta-feira (25), o p\u00fablico recebe um novo cap\u00edtulo de uma das trajet\u00f3rias mais s\u00f3lidas e respeitadas da m\u00fasica crist\u00e3 brasileira. L\u00e9a Mendon\u00e7a, que celebra quatro d\u00e9cadas de um minist\u00e9rio marcado por composi\u00e7\u00f5es fortes e interpreta\u00e7\u00f5es viscerais, acaba de lan\u00e7ar a nova vers\u00e3o de \u201cA Fam\u00edlia e a Marca\u201d. A faixa faz parte do aguardado [&hellip;]<\/p>\n","protected":false},"author":2,"featured_media":5370,"comment_status":"closed","ping_status":"open","sticky":false,"template":"","format":"standard","meta":{"footnotes":""},"categories":[4],"tags":[],"class_list":["post-5369","post","type-post","status-publish","format-standard","has-post-thumbnail","hentry","category-musica"],"yoast_head":"<!-- This site is optimized with the Yoast SEO plugin v26.8 - https:\/\/yoast.com\/product\/yoast-seo-wordpress\/ -->\n<title>L\u00e9a Mendon\u00e7a lan\u00e7a nova vers\u00e3o de \u201cA Fam\u00edlia e a Marca\u201d - R\u00e1dio Porto Seguro<\/title>\n<meta name=\"robots\" content=\"index, follow, max-snippet:-1, max-image-preview:large, max-video-preview:-1\" \/>\n<link rel=\"canonical\" href=\"https:\/\/radioportoseguro.com.br\/site\/2026\/03\/25\/lea-mendonca-lanca-nova-versao-de-a-familia-e-a-marca\/\" \/>\n<meta property=\"og:locale\" content=\"pt_BR\" \/>\n<meta property=\"og:type\" content=\"article\" \/>\n<meta property=\"og:title\" content=\"L\u00e9a Mendon\u00e7a lan\u00e7a nova vers\u00e3o de \u201cA Fam\u00edlia e a Marca\u201d - R\u00e1dio Porto Seguro\" \/>\n<meta property=\"og:description\" content=\"Nesta quarta-feira (25), o p\u00fablico recebe um novo cap\u00edtulo de uma das trajet\u00f3rias mais s\u00f3lidas e respeitadas da m\u00fasica crist\u00e3 brasileira. L\u00e9a Mendon\u00e7a, que celebra quatro d\u00e9cadas de um minist\u00e9rio marcado por composi\u00e7\u00f5es fortes e interpreta\u00e7\u00f5es viscerais, acaba de lan\u00e7ar a nova vers\u00e3o de \u201cA Fam\u00edlia e a Marca\u201d. A faixa faz parte do aguardado [&hellip;]\" \/>\n<meta property=\"og:url\" content=\"https:\/\/radioportoseguro.com.br\/site\/2026\/03\/25\/lea-mendonca-lanca-nova-versao-de-a-familia-e-a-marca\/\" \/>\n<meta property=\"og:site_name\" content=\"R\u00e1dio Porto Seguro\" \/>\n<meta property=\"article:published_time\" content=\"2026-03-25T22:07:55+00:00\" \/>\n<meta property=\"article:modified_time\" content=\"2026-03-25T22:08:54+00:00\" \/>\n<meta property=\"og:image\" content=\"https:\/\/radioportoseguro.com.br\/site\/wp-content\/uploads\/2026\/03\/Lea-Mendonca-A-Familia-e-a-Marca.jpg\" \/>\n\t<meta property=\"og:image:width\" content=\"1280\" \/>\n\t<meta property=\"og:image:height\" content=\"720\" \/>\n\t<meta property=\"og:image:type\" content=\"image\/jpeg\" \/>\n<meta name=\"author\" content=\"Leandro\" \/>\n<meta name=\"twitter:card\" content=\"summary_large_image\" \/>\n<meta name=\"twitter:label1\" content=\"Escrito por\" \/>\n\t<meta name=\"twitter:data1\" content=\"Leandro\" \/>\n\t<meta name=\"twitter:label2\" content=\"Est. tempo de leitura\" \/>\n\t<meta name=\"twitter:data2\" content=\"2 minutos\" \/>\n<script type=\"application\/ld+json\" class=\"yoast-schema-graph\">{\"@context\":\"https:\/\/schema.org\",\"@graph\":[{\"@type\":\"Article\",\"@id\":\"https:\/\/radioportoseguro.com.br\/site\/2026\/03\/25\/lea-mendonca-lanca-nova-versao-de-a-familia-e-a-marca\/#article\",\"isPartOf\":{\"@id\":\"https:\/\/radioportoseguro.com.br\/site\/2026\/03\/25\/lea-mendonca-lanca-nova-versao-de-a-familia-e-a-marca\/\"},\"author\":{\"name\":\"Leandro\",\"@id\":\"https:\/\/radioportoseguro.com.br\/site\/#\/schema\/person\/d1960d33baebee56275cbda6d8aef297\"},\"headline\":\"L\u00e9a Mendon\u00e7a lan\u00e7a nova vers\u00e3o de \u201cA Fam\u00edlia e a Marca\u201d\",\"datePublished\":\"2026-03-25T22:07:55+00:00\",\"dateModified\":\"2026-03-25T22:08:54+00:00\",\"mainEntityOfPage\":{\"@id\":\"https:\/\/radioportoseguro.com.br\/site\/2026\/03\/25\/lea-mendonca-lanca-nova-versao-de-a-familia-e-a-marca\/\"},\"wordCount\":253,\"image\":{\"@id\":\"https:\/\/radioportoseguro.com.br\/site\/2026\/03\/25\/lea-mendonca-lanca-nova-versao-de-a-familia-e-a-marca\/#primaryimage\"},\"thumbnailUrl\":\"https:\/\/radioportoseguro.com.br\/site\/wp-content\/uploads\/2026\/03\/Lea-Mendonca-A-Familia-e-a-Marca.jpg\",\"articleSection\":[\"M\u00fasica\"],\"inLanguage\":\"pt-BR\"},{\"@type\":\"WebPage\",\"@id\":\"https:\/\/radioportoseguro.com.br\/site\/2026\/03\/25\/lea-mendonca-lanca-nova-versao-de-a-familia-e-a-marca\/\",\"url\":\"https:\/\/radioportoseguro.com.br\/site\/2026\/03\/25\/lea-mendonca-lanca-nova-versao-de-a-familia-e-a-marca\/\",\"name\":\"L\u00e9a Mendon\u00e7a lan\u00e7a nova vers\u00e3o de \u201cA Fam\u00edlia e a Marca\u201d - R\u00e1dio Porto Seguro\",\"isPartOf\":{\"@id\":\"https:\/\/radioportoseguro.com.br\/site\/#website\"},\"primaryImageOfPage\":{\"@id\":\"https:\/\/radioportoseguro.com.br\/site\/2026\/03\/25\/lea-mendonca-lanca-nova-versao-de-a-familia-e-a-marca\/#primaryimage\"},\"image\":{\"@id\":\"https:\/\/radioportoseguro.com.br\/site\/2026\/03\/25\/lea-mendonca-lanca-nova-versao-de-a-familia-e-a-marca\/#primaryimage\"},\"thumbnailUrl\":\"https:\/\/radioportoseguro.com.br\/site\/wp-content\/uploads\/2026\/03\/Lea-Mendonca-A-Familia-e-a-Marca.jpg\",\"datePublished\":\"2026-03-25T22:07:55+00:00\",\"dateModified\":\"2026-03-25T22:08:54+00:00\",\"author\":{\"@id\":\"https:\/\/radioportoseguro.com.br\/site\/#\/schema\/person\/d1960d33baebee56275cbda6d8aef297\"},\"breadcrumb\":{\"@id\":\"https:\/\/radioportoseguro.com.br\/site\/2026\/03\/25\/lea-mendonca-lanca-nova-versao-de-a-familia-e-a-marca\/#breadcrumb\"},\"inLanguage\":\"pt-BR\",\"potentialAction\":[{\"@type\":\"ReadAction\",\"target\":[\"https:\/\/radioportoseguro.com.br\/site\/2026\/03\/25\/lea-mendonca-lanca-nova-versao-de-a-familia-e-a-marca\/\"]}]},{\"@type\":\"ImageObject\",\"inLanguage\":\"pt-BR\",\"@id\":\"https:\/\/radioportoseguro.com.br\/site\/2026\/03\/25\/lea-mendonca-lanca-nova-versao-de-a-familia-e-a-marca\/#primaryimage\",\"url\":\"https:\/\/radioportoseguro.com.br\/site\/wp-content\/uploads\/2026\/03\/Lea-Mendonca-A-Familia-e-a-Marca.jpg\",\"contentUrl\":\"https:\/\/radioportoseguro.com.br\/site\/wp-content\/uploads\/2026\/03\/Lea-Mendonca-A-Familia-e-a-Marca.jpg\",\"width\":1280,\"height\":720},{\"@type\":\"BreadcrumbList\",\"@id\":\"https:\/\/radioportoseguro.com.br\/site\/2026\/03\/25\/lea-mendonca-lanca-nova-versao-de-a-familia-e-a-marca\/#breadcrumb\",\"itemListElement\":[{\"@type\":\"ListItem\",\"position\":1,\"name\":\"In\u00edcio\",\"item\":\"https:\/\/radioportoseguro.com.br\/site\/\"},{\"@type\":\"ListItem\",\"position\":2,\"name\":\"L\u00e9a Mendon\u00e7a lan\u00e7a nova vers\u00e3o de \u201cA Fam\u00edlia e a Marca\u201d\"}]},{\"@type\":\"WebSite\",\"@id\":\"https:\/\/radioportoseguro.com.br\/site\/#website\",\"url\":\"https:\/\/radioportoseguro.com.br\/site\/\",\"name\":\"R\u00e1dio Porto Seguro\",\"description\":\"\",\"potentialAction\":[{\"@type\":\"SearchAction\",\"target\":{\"@type\":\"EntryPoint\",\"urlTemplate\":\"https:\/\/radioportoseguro.com.br\/site\/?s={search_term_string}\"},\"query-input\":{\"@type\":\"PropertyValueSpecification\",\"valueRequired\":true,\"valueName\":\"search_term_string\"}}],\"inLanguage\":\"pt-BR\"},{\"@type\":\"Person\",\"@id\":\"https:\/\/radioportoseguro.com.br\/site\/#\/schema\/person\/d1960d33baebee56275cbda6d8aef297\",\"name\":\"Leandro\",\"image\":{\"@type\":\"ImageObject\",\"inLanguage\":\"pt-BR\",\"@id\":\"https:\/\/radioportoseguro.com.br\/site\/#\/schema\/person\/image\/\",\"url\":\"https:\/\/secure.gravatar.com\/avatar\/ef93c9092aa97a95069df7b16c09c8dbc33c82d44a4f084e05b8f74f7ee2dd04?s=96&d=mm&r=g\",\"contentUrl\":\"https:\/\/secure.gravatar.com\/avatar\/ef93c9092aa97a95069df7b16c09c8dbc33c82d44a4f084e05b8f74f7ee2dd04?s=96&d=mm&r=g\",\"caption\":\"Leandro\"},\"url\":\"https:\/\/radioportoseguro.com.br\/site\/author\/leandro\/\"}]}<\/script>\n<!-- \/ Yoast SEO plugin. -->","yoast_head_json":{"title":"L\u00e9a Mendon\u00e7a lan\u00e7a nova vers\u00e3o de \u201cA Fam\u00edlia e a Marca\u201d - R\u00e1dio Porto Seguro","robots":{"index":"index","follow":"follow","max-snippet":"max-snippet:-1","max-image-preview":"max-image-preview:large","max-video-preview":"max-video-preview:-1"},"canonical":"https:\/\/radioportoseguro.com.br\/site\/2026\/03\/25\/lea-mendonca-lanca-nova-versao-de-a-familia-e-a-marca\/","og_locale":"pt_BR","og_type":"article","og_title":"L\u00e9a Mendon\u00e7a lan\u00e7a nova vers\u00e3o de \u201cA Fam\u00edlia e a Marca\u201d - R\u00e1dio Porto Seguro","og_description":"Nesta quarta-feira (25), o p\u00fablico recebe um novo cap\u00edtulo de uma das trajet\u00f3rias mais s\u00f3lidas e respeitadas da m\u00fasica crist\u00e3 brasileira. L\u00e9a Mendon\u00e7a, que celebra quatro d\u00e9cadas de um minist\u00e9rio marcado por composi\u00e7\u00f5es fortes e interpreta\u00e7\u00f5es viscerais, acaba de lan\u00e7ar a nova vers\u00e3o de \u201cA Fam\u00edlia e a Marca\u201d. A faixa faz parte do aguardado [&hellip;]","og_url":"https:\/\/radioportoseguro.com.br\/site\/2026\/03\/25\/lea-mendonca-lanca-nova-versao-de-a-familia-e-a-marca\/","og_site_name":"R\u00e1dio Porto Seguro","article_published_time":"2026-03-25T22:07:55+00:00","article_modified_time":"2026-03-25T22:08:54+00:00","og_image":[{"width":1280,"height":720,"url":"https:\/\/radioportoseguro.com.br\/site\/wp-content\/uploads\/2026\/03\/Lea-Mendonca-A-Familia-e-a-Marca.jpg","type":"image\/jpeg"}],"author":"Leandro","twitter_card":"summary_large_image","twitter_misc":{"Escrito por":"Leandro","Est. tempo de leitura":"2 minutos"},"schema":{"@context":"https:\/\/schema.org","@graph":[{"@type":"Article","@id":"https:\/\/radioportoseguro.com.br\/site\/2026\/03\/25\/lea-mendonca-lanca-nova-versao-de-a-familia-e-a-marca\/#article","isPartOf":{"@id":"https:\/\/radioportoseguro.com.br\/site\/2026\/03\/25\/lea-mendonca-lanca-nova-versao-de-a-familia-e-a-marca\/"},"author":{"name":"Leandro","@id":"https:\/\/radioportoseguro.com.br\/site\/#\/schema\/person\/d1960d33baebee56275cbda6d8aef297"},"headline":"L\u00e9a Mendon\u00e7a lan\u00e7a nova vers\u00e3o de \u201cA Fam\u00edlia e a Marca\u201d","datePublished":"2026-03-25T22:07:55+00:00","dateModified":"2026-03-25T22:08:54+00:00","mainEntityOfPage":{"@id":"https:\/\/radioportoseguro.com.br\/site\/2026\/03\/25\/lea-mendonca-lanca-nova-versao-de-a-familia-e-a-marca\/"},"wordCount":253,"image":{"@id":"https:\/\/radioportoseguro.com.br\/site\/2026\/03\/25\/lea-mendonca-lanca-nova-versao-de-a-familia-e-a-marca\/#primaryimage"},"thumbnailUrl":"https:\/\/radioportoseguro.com.br\/site\/wp-content\/uploads\/2026\/03\/Lea-Mendonca-A-Familia-e-a-Marca.jpg","articleSection":["M\u00fasica"],"inLanguage":"pt-BR"},{"@type":"WebPage","@id":"https:\/\/radioportoseguro.com.br\/site\/2026\/03\/25\/lea-mendonca-lanca-nova-versao-de-a-familia-e-a-marca\/","url":"https:\/\/radioportoseguro.com.br\/site\/2026\/03\/25\/lea-mendonca-lanca-nova-versao-de-a-familia-e-a-marca\/","name":"L\u00e9a Mendon\u00e7a lan\u00e7a nova vers\u00e3o de \u201cA Fam\u00edlia e a Marca\u201d - R\u00e1dio Porto Seguro","isPartOf":{"@id":"https:\/\/radioportoseguro.com.br\/site\/#website"},"primaryImageOfPage":{"@id":"https:\/\/radioportoseguro.com.br\/site\/2026\/03\/25\/lea-mendonca-lanca-nova-versao-de-a-familia-e-a-marca\/#primaryimage"},"image":{"@id":"https:\/\/radioportoseguro.com.br\/site\/2026\/03\/25\/lea-mendonca-lanca-nova-versao-de-a-familia-e-a-marca\/#primaryimage"},"thumbnailUrl":"https:\/\/radioportoseguro.com.br\/site\/wp-content\/uploads\/2026\/03\/Lea-Mendonca-A-Familia-e-a-Marca.jpg","datePublished":"2026-03-25T22:07:55+00:00","dateModified":"2026-03-25T22:08:54+00:00","author":{"@id":"https:\/\/radioportoseguro.com.br\/site\/#\/schema\/person\/d1960d33baebee56275cbda6d8aef297"},"breadcrumb":{"@id":"https:\/\/radioportoseguro.com.br\/site\/2026\/03\/25\/lea-mendonca-lanca-nova-versao-de-a-familia-e-a-marca\/#breadcrumb"},"inLanguage":"pt-BR","potentialAction":[{"@type":"ReadAction","target":["https:\/\/radioportoseguro.com.br\/site\/2026\/03\/25\/lea-mendonca-lanca-nova-versao-de-a-familia-e-a-marca\/"]}]},{"@type":"ImageObject","inLanguage":"pt-BR","@id":"https:\/\/radioportoseguro.com.br\/site\/2026\/03\/25\/lea-mendonca-lanca-nova-versao-de-a-familia-e-a-marca\/#primaryimage","url":"https:\/\/radioportoseguro.com.br\/site\/wp-content\/uploads\/2026\/03\/Lea-Mendonca-A-Familia-e-a-Marca.jpg","contentUrl":"https:\/\/radioportoseguro.com.br\/site\/wp-content\/uploads\/2026\/03\/Lea-Mendonca-A-Familia-e-a-Marca.jpg","width":1280,"height":720},{"@type":"BreadcrumbList","@id":"https:\/\/radioportoseguro.com.br\/site\/2026\/03\/25\/lea-mendonca-lanca-nova-versao-de-a-familia-e-a-marca\/#breadcrumb","itemListElement":[{"@type":"ListItem","position":1,"name":"In\u00edcio","item":"https:\/\/radioportoseguro.com.br\/site\/"},{"@type":"ListItem","position":2,"name":"L\u00e9a Mendon\u00e7a lan\u00e7a nova vers\u00e3o de \u201cA Fam\u00edlia e a Marca\u201d"}]},{"@type":"WebSite","@id":"https:\/\/radioportoseguro.com.br\/site\/#website","url":"https:\/\/radioportoseguro.com.br\/site\/","name":"R\u00e1dio Porto Seguro","description":"","potentialAction":[{"@type":"SearchAction","target":{"@type":"EntryPoint","urlTemplate":"https:\/\/radioportoseguro.com.br\/site\/?s={search_term_string}"},"query-input":{"@type":"PropertyValueSpecification","valueRequired":true,"valueName":"search_term_string"}}],"inLanguage":"pt-BR"},{"@type":"Person","@id":"https:\/\/radioportoseguro.com.br\/site\/#\/schema\/person\/d1960d33baebee56275cbda6d8aef297","name":"Leandro","image":{"@type":"ImageObject","inLanguage":"pt-BR","@id":"https:\/\/radioportoseguro.com.br\/site\/#\/schema\/person\/image\/","url":"https:\/\/secure.gravatar.com\/avatar\/ef93c9092aa97a95069df7b16c09c8dbc33c82d44a4f084e05b8f74f7ee2dd04?s=96&d=mm&r=g","contentUrl":"https:\/\/secure.gravatar.com\/avatar\/ef93c9092aa97a95069df7b16c09c8dbc33c82d44a4f084e05b8f74f7ee2dd04?s=96&d=mm&r=g","caption":"Leandro"},"url":"https:\/\/radioportoseguro.com.br\/site\/author\/leandro\/"}]}},"_links":{"self":[{"href":"https:\/\/radioportoseguro.com.br\/site\/wp-json\/wp\/v2\/posts\/5369","targetHints":{"allow":["GET"]}}],"collection":[{"href":"https:\/\/radioportoseguro.com.br\/site\/wp-json\/wp\/v2\/posts"}],"about":[{"href":"https:\/\/radioportoseguro.com.br\/site\/wp-json\/wp\/v2\/types\/post"}],"author":[{"embeddable":true,"href":"https:\/\/radioportoseguro.com.br\/site\/wp-json\/wp\/v2\/users\/2"}],"replies":[{"embeddable":true,"href":"https:\/\/radioportoseguro.com.br\/site\/wp-json\/wp\/v2\/comments?post=5369"}],"version-history":[{"count":2,"href":"https:\/\/radioportoseguro.com.br\/site\/wp-json\/wp\/v2\/posts\/5369\/revisions"}],"predecessor-version":[{"id":5372,"href":"https:\/\/radioportoseguro.com.br\/site\/wp-json\/wp\/v2\/posts\/5369\/revisions\/5372"}],"wp:featuredmedia":[{"embeddable":true,"href":"https:\/\/radioportoseguro.com.br\/site\/wp-json\/wp\/v2\/media\/5370"}],"wp:attachment":[{"href":"https:\/\/radioportoseguro.com.br\/site\/wp-json\/wp\/v2\/media?parent=5369"}],"wp:term":[{"taxonomy":"category","embeddable":true,"href":"https:\/\/radioportoseguro.com.br\/site\/wp-json\/wp\/v2\/categories?post=5369"},{"taxonomy":"post_tag","embeddable":true,"href":"https:\/\/radioportoseguro.com.br\/site\/wp-json\/wp\/v2\/tags?post=5369"}],"curies":[{"name":"wp","href":"https:\/\/api.w.org\/{rel}","templated":true}]}}