{"id":5379,"date":"2026-03-25T21:04:38","date_gmt":"2026-03-26T00:04:38","guid":{"rendered":"https:\/\/radioportoseguro.com.br\/site\/2026\/03\/25\/proposta-quer-impedir-entrada-de-militares-israelenses-como-turistas-no-brasil\/"},"modified":"2026-03-25T21:04:38","modified_gmt":"2026-03-26T00:04:38","slug":"proposta-quer-impedir-entrada-de-militares-israelenses-como-turistas-no-brasil","status":"publish","type":"post","link":"https:\/\/radioportoseguro.com.br\/site\/2026\/03\/25\/proposta-quer-impedir-entrada-de-militares-israelenses-como-turistas-no-brasil\/","title":{"rendered":"Proposta quer impedir entrada de militares israelenses como turistas no Brasil"},"content":{"rendered":"<p><br \/>\n<br \/><\/p>\n<div>\n<p><span style=\"font-weight: 400;\">Uma proposta que quer impedir a entrada de militares <\/span><span style=\"color: #800000;\"><strong>israelenses<\/strong><\/span><span style=\"font-weight: 400;\"> como turistas no <\/span><span style=\"color: #800000;\"><strong>Brasil<\/strong><\/span><span style=\"font-weight: 400;\"> foi protocolada na Assembleia Legislativa da Bahia (Alba), na \u00faltima quarta-feira (18), conforme o Correio.<\/span><\/p>\n<p><span style=\"font-weight: 400;\">Uma indica\u00e7\u00e3o formal foi enviada ao presidente Lula da Silva (PT) pedindo que o governo federal adote medidas para barrar israelenses militares no pa\u00eds.<\/span><\/p>\n<p><span style=\"font-weight: 400;\">O texto, de autoria do deputado estadual Hilton Coelho (PSOL), alega que os turistas podem ter participado de opera\u00e7\u00e3o na Palestina e no L\u00edbano, classificadas na proposta como \u201cgenoc\u00eddio\u201d.<\/span><\/p>\n<p><span style=\"font-weight: 400;\">Segundo a justificativa do projeto, cidades da Bahia se tornaram um dos destinos mais escolhidos para israelenses que serviram nas For\u00e7as de Defesa de <\/span><span style=\"color: #800000;\"><strong>Israel<\/strong><\/span><span style=\"font-weight: 400;\"> (IDF) passarem as f\u00e9rias.<\/span><\/p>\n<p><span style=\"font-weight: 400;\">O deputado Hilton alegou que a presen\u00e7a dos turistas israelenses tem gerado tens\u00e3o em locais como Morro de S\u00e3o Paulo, Boipeba, Mara\u00fa, Itacar\u00e9, Serra Grande e Ilh\u00e9us. O texto citou relatos de agress\u00f5es a ambulantes, turistas e moradores que se manifestam contra as opera\u00e7\u00f5es militares de Israel.<\/span><\/p>\n<blockquote class=\"instagram-media\" style=\"background: #FFF; border: 0; border-radius: 3px; box-shadow: 0 0 1px 0 rgba(0,0,0,0.5),0 1px 10px 0 rgba(0,0,0,0.15); margin: 1px; max-width: 540px; min-width: 326px; padding: 0; width: calc(100% - 2px);\" data-instgrm-captioned=\"\" data-instgrm-permalink=\"https:\/\/www.instagram.com\/reel\/DVEuFU9jPr_\/?utm_source=ig_embed&amp;utm_campaign=loading\" data-instgrm-version=\"14\"><p>&#13;<br \/>\n&#13;\n<\/p><\/blockquote>\n<p><span style=\"font-weight: 400;\">O parlamentar argumentou que permitir o lazer de militares envolvidos em \u201cmassacres civis\u201d \u00e9 &#8220;absolutamente incompat\u00edvel&#8221; com a pol\u00edtica externa brasileira.<\/span><\/p>\n<p><span style=\"font-weight: 400;\">Hiltou citou o Artigo 4 da Constitui\u00e7\u00e3o Federal que prev\u00ea a defesa da paz, a preval\u00eancia dos direitos humanos e o rep\u00fadio ao terrorismo nas rela\u00e7\u00f5es internacionais, e a Lei n\u00ba 13.445\/2017 que autoriza barrar a entrada de estrangeiros envolvidos em crimes internacionais ou viola\u00e7\u00f5es de direitos humanos.<\/span><\/p>\n<p><span style=\"font-weight: 400;\">A proposta pede que o governo federal adote medidas pr\u00e1ticas para impedir a entrada de militares israelenses no pa\u00eds: identifica\u00e7\u00e3o pela Pol\u00edcia Federal de turistas israelenses que tenham participado de opera\u00e7\u00f5es em Gaza e no L\u00edbano.\u00a0<\/span><\/p>\n<p><span style=\"font-weight: 400;\">Al\u00e9m do impedimento imediato de entrada na na\u00e7\u00e3o e articula\u00e7\u00e3o internacional para impedir que &#8220;envolvidos em genoc\u00eddio, crimes de guerra e crimes contra a humanidade utilizem o Brasil como ref\u00fagio ou destino tur\u00edstico&#8221;.<\/span><\/p>\n<p><span style=\"font-weight: 400;\">Para Andre\u0301 Lajst, Presidente-executivo da organiza\u00e7\u00e3o pr\u00f3-Israel StandWithUs, tentar impedir a entrada de turistas israelenses \u00e9 discrimina\u00e7\u00e3o.<\/span><\/p>\n<p><span style=\"font-weight: 400;\">\u201cNo Brasil, \u00e9 crime pass\u00edvel de multa e pris\u00e3o discriminar qualquer pessoa por causa da sua nacionalidade. A Lei n\u00ba 7.716\/1989, que trata dos crimes resultantes de preconceito e discrimina\u00e7\u00e3o, estabelece puni\u00e7\u00f5es para quem pratica ou incentiva isso\u201d, ressaltou ele, em v\u00eddeo no Instagram.<\/span><\/p>\n<p><strong>Protestos pr\u00f3-Palestina em Itacar\u00e9<\/strong><\/p>\n<p><span style=\"font-weight: 400;\">A proposta protocolada na Assembleia Legislativa da Bahia (Alba) acontece ap\u00f3s um protesto contra a presen\u00e7a de turistas israelenses em Itacar\u00e9.<\/span><\/p>\n<p><span style=\"font-weight: 400;\">No dia 14 de mar\u00e7o, o protesto terminou em confus\u00e3o entre turistas israelenses e manifestantes pr\u00f3-Palestina.<\/span><\/p>\n<p><span style=\"font-weight: 400;\">Segundo a Pol\u00edcia Militar, ocorreram duas manifesta\u00e7\u00f5es naquele dia em pontos diferentes do munic\u00edpio.<\/span><\/p>\n<p><span style=\"font-weight: 400;\">Um dos atos reuniu comerciantes, taxistas e trabalhadores do setor tur\u00edstico, que defenderam a vinda de israelenses \u00e0 cidade. A mobiliza\u00e7\u00e3o aconteceu de forma pac\u00edfica.<\/span><\/p>\n<blockquote class=\"instagram-media\" style=\"background: #FFF; border: 0; border-radius: 3px; box-shadow: 0 0 1px 0 rgba(0,0,0,0.5),0 1px 10px 0 rgba(0,0,0,0.15); margin: 1px; max-width: 540px; min-width: 326px; padding: 0; width: calc(100% - 2px);\" data-instgrm-captioned=\"\" data-instgrm-permalink=\"https:\/\/www.instagram.com\/reel\/DV4g8rYj7jy\/?utm_source=ig_embed&amp;utm_campaign=loading\" data-instgrm-version=\"14\"><p>&#13;<br \/>\n&#13;\n<\/p><\/blockquote>\n<p><span style=\"font-weight: 400;\">O outro protesto reuniu moradores contra a presen\u00e7a de turistas de Israel, na Pra\u00e7a das Mangueiras, uma das \u00e1reas mais movimentadas do bairro Pituba. Segundo O Antagonista, o ato foi organizado pelo deputado estadual Hilton Coelho (PSOL), com participa\u00e7\u00e3o de movimentos sociais, lideran\u00e7as locais e o ativista pr\u00f3-Palestina Thiago \u00c1vila.<\/span><\/p>\n<p><span style=\"font-weight: 400;\">Alguns manifestantes exibiram bandeiras da Palestina e afirmaram que o objetivo da manifesta\u00e7\u00e3o era cobrar respeito aos moradores e aos espa\u00e7os p\u00fablicos.<\/span><\/p>\n<p><span style=\"font-weight: 400;\">No protesto pr\u00f3-Palestina, houve um tumulto entre manifestantes, que gritavam \u201cFree Palestine!\u201d, e turistas israelenses.\u00a0<\/span><\/p>\n<p><span style=\"font-weight: 400;\">Conforme O Globo, v\u00eddeos compartilhados nas redes sociais mostraram que houve discuss\u00f5es, gritos e um in\u00edcio de briga, mas policiais militares interviram e restabeleceram a ordem.<\/span><\/p>\n<blockquote class=\"instagram-media\" style=\"background: #FFF; border: 0; border-radius: 3px; box-shadow: 0 0 1px 0 rgba(0,0,0,0.5),0 1px 10px 0 rgba(0,0,0,0.15); margin: 1px; max-width: 540px; min-width: 326px; padding: 0; width: calc(100% - 2px);\" data-instgrm-captioned=\"\" data-instgrm-permalink=\"https:\/\/www.instagram.com\/reel\/DV4Hi2YETot\/?utm_source=ig_embed&amp;utm_campaign=loading\" data-instgrm-version=\"14\"><p>&#13;<br \/>\n&#13;\n<\/p><\/blockquote>\n<p><span style=\"font-weight: 400;\">De acordo com o Correio, tr\u00eas israelenses que resistiram \u00e0 abordagem foram presos. Eles prestaram depoimento na delegacia e foram liberados em seguida.<\/span><\/p>\n<p><strong>Xenofobia<\/strong><\/p>\n<p><span style=\"font-weight: 400;\">Andre\u0301 Lajst condenou os protestos contra os turistas de Israel e observou que o ato tem tra\u00e7os de antissemitismo.<\/span><\/p>\n<p><span style=\"font-weight: 400;\">\u201cEsse grupo de pessoas que est\u00e3o organizando esses protestos s\u00e3o as mesmas pessoas que protestam contra a exist\u00eancia de Israel. Os turistas israelenses n\u00e3o deveriam sofrer nenhum tipo de preconceito s\u00f3 porque eles s\u00e3o israelenses. Isso beira o antissemitismo\u201d, afirmou.<\/span><\/p>\n<p><span style=\"font-weight: 400;\">Ele ainda pontuou que milhares de israelenses jovens e adultos visitam o Brasil todos os anos, ajudando na economia local.<\/span><\/p>\n<p><span style=\"font-weight: 400;\">\u201cOs locais na Bahia se sustentam desse turismo desses israelenses. Existem card\u00e1pios, restaurantes, guias de turismo, pessoas no Brasil que aprenderam a falar hebraico para se comunicar com os turistas israelenses\u201d, disse.<\/span><\/p>\n<p><span style=\"font-weight: 400;\">Lajst explicou que todos os cidad\u00e3os de Israel prestam servi\u00e7o militar. \u201c\u00c9 obrigat\u00f3rio para todas as pessoas. Ent\u00e3o todas as pessoas que em Israel v\u00e3o ser proibidas de entrar no Brasil porque prestaram servi\u00e7o militar, n\u00e3o tem sentido isso\u201d, criticou.<\/span><\/p>\n<p><span style=\"font-weight: 400;\">\u201cO servi\u00e7o militar em Israel est\u00e1 dividido entre ex\u00e9rcito, pol\u00edcia, servi\u00e7o de pris\u00f5es, ambul\u00e2ncia, servi\u00e7o de sa\u00fade, servi\u00e7o educacional. O servi\u00e7o nacional \u00e9 obrigat\u00f3rio para todos, judeus, n\u00e3o judeus, \u00e1rabes, drusos, crist\u00e3os\u201d, acrescentou.<\/span><\/p>\n<p><span style=\"font-weight: 400;\">Andr\u00e9 pediu que as autoridades brasileiras investiguem e punam os organizadores dos protestos contra israelenses.<\/span><\/p>\n<blockquote class=\"instagram-media\" style=\"background: #FFF; border: 0; border-radius: 3px; box-shadow: 0 0 1px 0 rgba(0,0,0,0.5),0 1px 10px 0 rgba(0,0,0,0.15); margin: 1px; max-width: 540px; min-width: 326px; padding: 0; width: calc(100% - 2px);\" data-instgrm-captioned=\"\" data-instgrm-permalink=\"https:\/\/www.instagram.com\/reel\/DV4hKcGkc8S\/?utm_source=ig_embed&amp;utm_campaign=loading\" data-instgrm-version=\"14\"><p>&#13;<br \/>\n&#13;\n<\/p><\/blockquote>\n<p><span style=\"font-weight: 400;\">A Sociedade Israelita da Bahia criticou o protesto contra turistas israelenses, segundo O Antagonista.<\/span><\/p>\n<p><span style=\"font-weight: 400;\">Em nota divulgada na \u00faltima quarta-feira (18), a entidade acusou os organizadores da manifesta\u00e7\u00e3o de promover \u201cpreconceito racista, xenofobia e disc\u00f3rdia\u201d e incitar a popula\u00e7\u00e3o local a evitar receber visitantes de Israel.<\/span><\/p>\n<p><span style=\"font-weight: 400;\">A entidade judaica ainda declarou que os manifestantes \u201capenas odeiam o povo judeu\u201d. A Sociedade Israelita tamb\u00e9m informou que as manifesta\u00e7\u00f5es pr\u00f3-Palestina tiveram baixa ades\u00e3o, e que outros moradores e visitantes demonstraram apoio aos turistas israelense.<\/span><\/p>\n<p><strong>Turistas israelenses na Bahia<\/strong><\/p>\n<p><span style=\"font-weight: 400;\">Conforme o Correio, parte dos comerciantes e empres\u00e1rios da regi\u00e3o apoiam a chegada de turistas israelenses por movimentarem a economia local.\u00a0<\/span><\/p>\n<p><span style=\"font-weight: 400;\">Alguns moradores, por\u00e9m, s\u00e3o contr\u00e1rios, relatando casos de racismo, agress\u00e3o e barulho por parte dos israelenses.<\/span><\/p>\n<p><span style=\"font-weight: 400;\">Muitos jovens israelenses viajam ao Brasil ap\u00f3s cumprirem o servi\u00e7o militar obrigat\u00f3rio em Israel.\u00a0<\/span><\/p>\n<p><span style=\"font-weight: 400;\">O com\u00e9rcio local j\u00e1 se adaptou \u00e0 demanda internacional. Restaurantes e bares contam com card\u00e1pios em hebraico e bandeiras de Israel, e pousadas possuem atendimento personalizado para israelenses.<\/span><\/p>\n<\/div>\n<p><script async src=\"\/\/www.instagram.com\/embed.js\"><\/script><br \/>\n<br \/><br \/>\n<br \/>Fonte: Guiame <\/p>\n","protected":false},"excerpt":{"rendered":"<p>Uma proposta que quer impedir a entrada de militares israelenses como turistas no Brasil foi protocolada na Assembleia Legislativa da Bahia (Alba), na \u00faltima quarta-feira (18), conforme o Correio. Uma indica\u00e7\u00e3o formal foi enviada ao presidente Lula da Silva (PT) pedindo que o governo federal adote medidas para barrar israelenses militares no pa\u00eds. O texto, [&hellip;]<\/p>\n","protected":false},"author":1,"featured_media":5380,"comment_status":"","ping_status":"open","sticky":false,"template":"","format":"standard","meta":{"footnotes":""},"categories":[43],"tags":[],"class_list":["post-5379","post","type-post","status-publish","format-standard","has-post-thumbnail","hentry","category-destaques"],"yoast_head":"<!-- This site is optimized with the Yoast SEO plugin v26.8 - https:\/\/yoast.com\/product\/yoast-seo-wordpress\/ -->\n<title>Proposta quer impedir entrada de militares israelenses como turistas no Brasil - R\u00e1dio Porto Seguro<\/title>\n<meta name=\"robots\" content=\"index, follow, max-snippet:-1, max-image-preview:large, max-video-preview:-1\" \/>\n<link rel=\"canonical\" href=\"https:\/\/radioportoseguro.com.br\/site\/2026\/03\/25\/proposta-quer-impedir-entrada-de-militares-israelenses-como-turistas-no-brasil\/\" \/>\n<meta property=\"og:locale\" content=\"pt_BR\" \/>\n<meta property=\"og:type\" content=\"article\" \/>\n<meta property=\"og:title\" content=\"Proposta quer impedir entrada de militares israelenses como turistas no Brasil - R\u00e1dio Porto Seguro\" \/>\n<meta property=\"og:description\" content=\"Uma proposta que quer impedir a entrada de militares israelenses como turistas no Brasil foi protocolada na Assembleia Legislativa da Bahia (Alba), na \u00faltima quarta-feira (18), conforme o Correio. Uma indica\u00e7\u00e3o formal foi enviada ao presidente Lula da Silva (PT) pedindo que o governo federal adote medidas para barrar israelenses militares no pa\u00eds. O texto, [&hellip;]\" \/>\n<meta property=\"og:url\" content=\"https:\/\/radioportoseguro.com.br\/site\/2026\/03\/25\/proposta-quer-impedir-entrada-de-militares-israelenses-como-turistas-no-brasil\/\" \/>\n<meta property=\"og:site_name\" content=\"R\u00e1dio Porto Seguro\" \/>\n<meta property=\"article:published_time\" content=\"2026-03-26T00:04:38+00:00\" \/>\n<meta property=\"og:image\" content=\"https:\/\/media.guiame.com.br\/archives\/2026\/03\/24\/3796897449-israelenses.jpeg\" \/>\n<meta name=\"author\" content=\"admin\" \/>\n<meta name=\"twitter:card\" content=\"summary_large_image\" \/>\n<meta name=\"twitter:label1\" content=\"Escrito por\" \/>\n\t<meta name=\"twitter:data1\" content=\"admin\" \/>\n\t<meta name=\"twitter:label2\" content=\"Est. tempo de leitura\" \/>\n\t<meta name=\"twitter:data2\" content=\"5 minutos\" \/>\n<script type=\"application\/ld+json\" class=\"yoast-schema-graph\">{\"@context\":\"https:\/\/schema.org\",\"@graph\":[{\"@type\":\"Article\",\"@id\":\"https:\/\/radioportoseguro.com.br\/site\/2026\/03\/25\/proposta-quer-impedir-entrada-de-militares-israelenses-como-turistas-no-brasil\/#article\",\"isPartOf\":{\"@id\":\"https:\/\/radioportoseguro.com.br\/site\/2026\/03\/25\/proposta-quer-impedir-entrada-de-militares-israelenses-como-turistas-no-brasil\/\"},\"author\":{\"name\":\"admin\",\"@id\":\"https:\/\/radioportoseguro.com.br\/site\/#\/schema\/person\/7630acdc320186f13639d3c067ec089b\"},\"headline\":\"Proposta quer impedir entrada de militares israelenses como turistas no Brasil\",\"datePublished\":\"2026-03-26T00:04:38+00:00\",\"mainEntityOfPage\":{\"@id\":\"https:\/\/radioportoseguro.com.br\/site\/2026\/03\/25\/proposta-quer-impedir-entrada-de-militares-israelenses-como-turistas-no-brasil\/\"},\"wordCount\":1049,\"image\":{\"@id\":\"https:\/\/radioportoseguro.com.br\/site\/2026\/03\/25\/proposta-quer-impedir-entrada-de-militares-israelenses-como-turistas-no-brasil\/#primaryimage\"},\"thumbnailUrl\":\"https:\/\/radioportoseguro.com.br\/site\/wp-content\/uploads\/2026\/03\/3796897449-israelenses.jpeg\",\"articleSection\":[\"Destaques\"],\"inLanguage\":\"pt-BR\"},{\"@type\":\"WebPage\",\"@id\":\"https:\/\/radioportoseguro.com.br\/site\/2026\/03\/25\/proposta-quer-impedir-entrada-de-militares-israelenses-como-turistas-no-brasil\/\",\"url\":\"https:\/\/radioportoseguro.com.br\/site\/2026\/03\/25\/proposta-quer-impedir-entrada-de-militares-israelenses-como-turistas-no-brasil\/\",\"name\":\"Proposta quer impedir entrada de militares israelenses como turistas no Brasil - R\u00e1dio Porto Seguro\",\"isPartOf\":{\"@id\":\"https:\/\/radioportoseguro.com.br\/site\/#website\"},\"primaryImageOfPage\":{\"@id\":\"https:\/\/radioportoseguro.com.br\/site\/2026\/03\/25\/proposta-quer-impedir-entrada-de-militares-israelenses-como-turistas-no-brasil\/#primaryimage\"},\"image\":{\"@id\":\"https:\/\/radioportoseguro.com.br\/site\/2026\/03\/25\/proposta-quer-impedir-entrada-de-militares-israelenses-como-turistas-no-brasil\/#primaryimage\"},\"thumbnailUrl\":\"https:\/\/radioportoseguro.com.br\/site\/wp-content\/uploads\/2026\/03\/3796897449-israelenses.jpeg\",\"datePublished\":\"2026-03-26T00:04:38+00:00\",\"author\":{\"@id\":\"https:\/\/radioportoseguro.com.br\/site\/#\/schema\/person\/7630acdc320186f13639d3c067ec089b\"},\"breadcrumb\":{\"@id\":\"https:\/\/radioportoseguro.com.br\/site\/2026\/03\/25\/proposta-quer-impedir-entrada-de-militares-israelenses-como-turistas-no-brasil\/#breadcrumb\"},\"inLanguage\":\"pt-BR\",\"potentialAction\":[{\"@type\":\"ReadAction\",\"target\":[\"https:\/\/radioportoseguro.com.br\/site\/2026\/03\/25\/proposta-quer-impedir-entrada-de-militares-israelenses-como-turistas-no-brasil\/\"]}]},{\"@type\":\"ImageObject\",\"inLanguage\":\"pt-BR\",\"@id\":\"https:\/\/radioportoseguro.com.br\/site\/2026\/03\/25\/proposta-quer-impedir-entrada-de-militares-israelenses-como-turistas-no-brasil\/#primaryimage\",\"url\":\"https:\/\/radioportoseguro.com.br\/site\/wp-content\/uploads\/2026\/03\/3796897449-israelenses.jpeg\",\"contentUrl\":\"https:\/\/radioportoseguro.com.br\/site\/wp-content\/uploads\/2026\/03\/3796897449-israelenses.jpeg\",\"width\":1200,\"height\":600},{\"@type\":\"BreadcrumbList\",\"@id\":\"https:\/\/radioportoseguro.com.br\/site\/2026\/03\/25\/proposta-quer-impedir-entrada-de-militares-israelenses-como-turistas-no-brasil\/#breadcrumb\",\"itemListElement\":[{\"@type\":\"ListItem\",\"position\":1,\"name\":\"In\u00edcio\",\"item\":\"https:\/\/radioportoseguro.com.br\/site\/\"},{\"@type\":\"ListItem\",\"position\":2,\"name\":\"Proposta quer impedir entrada de militares israelenses como turistas no Brasil\"}]},{\"@type\":\"WebSite\",\"@id\":\"https:\/\/radioportoseguro.com.br\/site\/#website\",\"url\":\"https:\/\/radioportoseguro.com.br\/site\/\",\"name\":\"R\u00e1dio Porto Seguro\",\"description\":\"\",\"potentialAction\":[{\"@type\":\"SearchAction\",\"target\":{\"@type\":\"EntryPoint\",\"urlTemplate\":\"https:\/\/radioportoseguro.com.br\/site\/?s={search_term_string}\"},\"query-input\":{\"@type\":\"PropertyValueSpecification\",\"valueRequired\":true,\"valueName\":\"search_term_string\"}}],\"inLanguage\":\"pt-BR\"},{\"@type\":\"Person\",\"@id\":\"https:\/\/radioportoseguro.com.br\/site\/#\/schema\/person\/7630acdc320186f13639d3c067ec089b\",\"name\":\"admin\",\"image\":{\"@type\":\"ImageObject\",\"inLanguage\":\"pt-BR\",\"@id\":\"https:\/\/radioportoseguro.com.br\/site\/#\/schema\/person\/image\/\",\"url\":\"https:\/\/secure.gravatar.com\/avatar\/caacf4dc1eedb68fab0df8e1ed46c448e578b2466351bbcb61e47d2ac0caaef0?s=96&d=mm&r=g\",\"contentUrl\":\"https:\/\/secure.gravatar.com\/avatar\/caacf4dc1eedb68fab0df8e1ed46c448e578b2466351bbcb61e47d2ac0caaef0?s=96&d=mm&r=g\",\"caption\":\"admin\"},\"sameAs\":[\"https:\/\/radioportoseguro.com.br\/site\"],\"url\":\"https:\/\/radioportoseguro.com.br\/site\/author\/hezio\/\"}]}<\/script>\n<!-- \/ Yoast SEO plugin. -->","yoast_head_json":{"title":"Proposta quer impedir entrada de militares israelenses como turistas no Brasil - R\u00e1dio Porto Seguro","robots":{"index":"index","follow":"follow","max-snippet":"max-snippet:-1","max-image-preview":"max-image-preview:large","max-video-preview":"max-video-preview:-1"},"canonical":"https:\/\/radioportoseguro.com.br\/site\/2026\/03\/25\/proposta-quer-impedir-entrada-de-militares-israelenses-como-turistas-no-brasil\/","og_locale":"pt_BR","og_type":"article","og_title":"Proposta quer impedir entrada de militares israelenses como turistas no Brasil - R\u00e1dio Porto Seguro","og_description":"Uma proposta que quer impedir a entrada de militares israelenses como turistas no Brasil foi protocolada na Assembleia Legislativa da Bahia (Alba), na \u00faltima quarta-feira (18), conforme o Correio. Uma indica\u00e7\u00e3o formal foi enviada ao presidente Lula da Silva (PT) pedindo que o governo federal adote medidas para barrar israelenses militares no pa\u00eds. O texto, [&hellip;]","og_url":"https:\/\/radioportoseguro.com.br\/site\/2026\/03\/25\/proposta-quer-impedir-entrada-de-militares-israelenses-como-turistas-no-brasil\/","og_site_name":"R\u00e1dio Porto Seguro","article_published_time":"2026-03-26T00:04:38+00:00","og_image":[{"url":"https:\/\/media.guiame.com.br\/archives\/2026\/03\/24\/3796897449-israelenses.jpeg","type":"","width":"","height":""}],"author":"admin","twitter_card":"summary_large_image","twitter_misc":{"Escrito por":"admin","Est. tempo de leitura":"5 minutos"},"schema":{"@context":"https:\/\/schema.org","@graph":[{"@type":"Article","@id":"https:\/\/radioportoseguro.com.br\/site\/2026\/03\/25\/proposta-quer-impedir-entrada-de-militares-israelenses-como-turistas-no-brasil\/#article","isPartOf":{"@id":"https:\/\/radioportoseguro.com.br\/site\/2026\/03\/25\/proposta-quer-impedir-entrada-de-militares-israelenses-como-turistas-no-brasil\/"},"author":{"name":"admin","@id":"https:\/\/radioportoseguro.com.br\/site\/#\/schema\/person\/7630acdc320186f13639d3c067ec089b"},"headline":"Proposta quer impedir entrada de militares israelenses como turistas no Brasil","datePublished":"2026-03-26T00:04:38+00:00","mainEntityOfPage":{"@id":"https:\/\/radioportoseguro.com.br\/site\/2026\/03\/25\/proposta-quer-impedir-entrada-de-militares-israelenses-como-turistas-no-brasil\/"},"wordCount":1049,"image":{"@id":"https:\/\/radioportoseguro.com.br\/site\/2026\/03\/25\/proposta-quer-impedir-entrada-de-militares-israelenses-como-turistas-no-brasil\/#primaryimage"},"thumbnailUrl":"https:\/\/radioportoseguro.com.br\/site\/wp-content\/uploads\/2026\/03\/3796897449-israelenses.jpeg","articleSection":["Destaques"],"inLanguage":"pt-BR"},{"@type":"WebPage","@id":"https:\/\/radioportoseguro.com.br\/site\/2026\/03\/25\/proposta-quer-impedir-entrada-de-militares-israelenses-como-turistas-no-brasil\/","url":"https:\/\/radioportoseguro.com.br\/site\/2026\/03\/25\/proposta-quer-impedir-entrada-de-militares-israelenses-como-turistas-no-brasil\/","name":"Proposta quer impedir entrada de militares israelenses como turistas no Brasil - R\u00e1dio Porto Seguro","isPartOf":{"@id":"https:\/\/radioportoseguro.com.br\/site\/#website"},"primaryImageOfPage":{"@id":"https:\/\/radioportoseguro.com.br\/site\/2026\/03\/25\/proposta-quer-impedir-entrada-de-militares-israelenses-como-turistas-no-brasil\/#primaryimage"},"image":{"@id":"https:\/\/radioportoseguro.com.br\/site\/2026\/03\/25\/proposta-quer-impedir-entrada-de-militares-israelenses-como-turistas-no-brasil\/#primaryimage"},"thumbnailUrl":"https:\/\/radioportoseguro.com.br\/site\/wp-content\/uploads\/2026\/03\/3796897449-israelenses.jpeg","datePublished":"2026-03-26T00:04:38+00:00","author":{"@id":"https:\/\/radioportoseguro.com.br\/site\/#\/schema\/person\/7630acdc320186f13639d3c067ec089b"},"breadcrumb":{"@id":"https:\/\/radioportoseguro.com.br\/site\/2026\/03\/25\/proposta-quer-impedir-entrada-de-militares-israelenses-como-turistas-no-brasil\/#breadcrumb"},"inLanguage":"pt-BR","potentialAction":[{"@type":"ReadAction","target":["https:\/\/radioportoseguro.com.br\/site\/2026\/03\/25\/proposta-quer-impedir-entrada-de-militares-israelenses-como-turistas-no-brasil\/"]}]},{"@type":"ImageObject","inLanguage":"pt-BR","@id":"https:\/\/radioportoseguro.com.br\/site\/2026\/03\/25\/proposta-quer-impedir-entrada-de-militares-israelenses-como-turistas-no-brasil\/#primaryimage","url":"https:\/\/radioportoseguro.com.br\/site\/wp-content\/uploads\/2026\/03\/3796897449-israelenses.jpeg","contentUrl":"https:\/\/radioportoseguro.com.br\/site\/wp-content\/uploads\/2026\/03\/3796897449-israelenses.jpeg","width":1200,"height":600},{"@type":"BreadcrumbList","@id":"https:\/\/radioportoseguro.com.br\/site\/2026\/03\/25\/proposta-quer-impedir-entrada-de-militares-israelenses-como-turistas-no-brasil\/#breadcrumb","itemListElement":[{"@type":"ListItem","position":1,"name":"In\u00edcio","item":"https:\/\/radioportoseguro.com.br\/site\/"},{"@type":"ListItem","position":2,"name":"Proposta quer impedir entrada de militares israelenses como turistas no Brasil"}]},{"@type":"WebSite","@id":"https:\/\/radioportoseguro.com.br\/site\/#website","url":"https:\/\/radioportoseguro.com.br\/site\/","name":"R\u00e1dio Porto Seguro","description":"","potentialAction":[{"@type":"SearchAction","target":{"@type":"EntryPoint","urlTemplate":"https:\/\/radioportoseguro.com.br\/site\/?s={search_term_string}"},"query-input":{"@type":"PropertyValueSpecification","valueRequired":true,"valueName":"search_term_string"}}],"inLanguage":"pt-BR"},{"@type":"Person","@id":"https:\/\/radioportoseguro.com.br\/site\/#\/schema\/person\/7630acdc320186f13639d3c067ec089b","name":"admin","image":{"@type":"ImageObject","inLanguage":"pt-BR","@id":"https:\/\/radioportoseguro.com.br\/site\/#\/schema\/person\/image\/","url":"https:\/\/secure.gravatar.com\/avatar\/caacf4dc1eedb68fab0df8e1ed46c448e578b2466351bbcb61e47d2ac0caaef0?s=96&d=mm&r=g","contentUrl":"https:\/\/secure.gravatar.com\/avatar\/caacf4dc1eedb68fab0df8e1ed46c448e578b2466351bbcb61e47d2ac0caaef0?s=96&d=mm&r=g","caption":"admin"},"sameAs":["https:\/\/radioportoseguro.com.br\/site"],"url":"https:\/\/radioportoseguro.com.br\/site\/author\/hezio\/"}]}},"_links":{"self":[{"href":"https:\/\/radioportoseguro.com.br\/site\/wp-json\/wp\/v2\/posts\/5379","targetHints":{"allow":["GET"]}}],"collection":[{"href":"https:\/\/radioportoseguro.com.br\/site\/wp-json\/wp\/v2\/posts"}],"about":[{"href":"https:\/\/radioportoseguro.com.br\/site\/wp-json\/wp\/v2\/types\/post"}],"author":[{"embeddable":true,"href":"https:\/\/radioportoseguro.com.br\/site\/wp-json\/wp\/v2\/users\/1"}],"replies":[{"embeddable":true,"href":"https:\/\/radioportoseguro.com.br\/site\/wp-json\/wp\/v2\/comments?post=5379"}],"version-history":[{"count":0,"href":"https:\/\/radioportoseguro.com.br\/site\/wp-json\/wp\/v2\/posts\/5379\/revisions"}],"wp:featuredmedia":[{"embeddable":true,"href":"https:\/\/radioportoseguro.com.br\/site\/wp-json\/wp\/v2\/media\/5380"}],"wp:attachment":[{"href":"https:\/\/radioportoseguro.com.br\/site\/wp-json\/wp\/v2\/media?parent=5379"}],"wp:term":[{"taxonomy":"category","embeddable":true,"href":"https:\/\/radioportoseguro.com.br\/site\/wp-json\/wp\/v2\/categories?post=5379"},{"taxonomy":"post_tag","embeddable":true,"href":"https:\/\/radioportoseguro.com.br\/site\/wp-json\/wp\/v2\/tags?post=5379"}],"curies":[{"name":"wp","href":"https:\/\/api.w.org\/{rel}","templated":true}]}}