{"id":5386,"date":"2026-03-26T02:00:50","date_gmt":"2026-03-26T05:00:50","guid":{"rendered":"https:\/\/radioportoseguro.com.br\/site\/2026\/03\/26\/a-diferenca-entre-ouvir-e-escutar-na-familia\/"},"modified":"2026-03-26T02:00:50","modified_gmt":"2026-03-26T05:00:50","slug":"a-diferenca-entre-ouvir-e-escutar-na-familia","status":"publish","type":"post","link":"https:\/\/radioportoseguro.com.br\/site\/2026\/03\/26\/a-diferenca-entre-ouvir-e-escutar-na-familia\/","title":{"rendered":"A diferen\u00e7a entre ouvir e escutar na fam\u00edlia"},"content":{"rendered":"<p><br \/>\n<\/p>\n<div>\n<p>O problema n\u00e3o \u00e9 falta de amor, \u00e9 falha de tradu\u00e7\u00e3o.<\/p>\n<p>A maioria das crises familiares n\u00e3o nasce da aus\u00eancia de amor. Nasce da incapacidade de traduzir emo\u00e7\u00f5es.<\/p>\n<p>O que chega como cr\u00edtica, muitas vezes saiu como dor.<br \/>O que \u00e9 ouvido como ataque, muitas vezes foi um pedido de ajuda.<\/p>\n<p>Na pr\u00e1tica cl\u00ednica, isso \u00e9 recorrente: fam\u00edlias que se amam profundamente, mas que se ferem constantemente porque n\u00e3o sabem escutar \u2014 apenas reagem ao que ouvem.<\/p>\n<p>Aqui est\u00e1 o ponto central:<br \/>ouvir \u00e9 fisiol\u00f3gico; escutar \u00e9 um ato ps\u00edquico e espiritual.<\/p>\n<p>\u00a0<\/p>\n<p><strong>O princ\u00edpio espiritual da escuta<\/strong><\/p>\n<p>A orienta\u00e7\u00e3o b\u00edblica \u00e9 direta: \u201cTodo homem seja pronto para ouvir, tardio para falar, tardio para se irar.\u201d (Tiago 1:19)<\/p>\n<p>Esse texto n\u00e3o trata apenas de comportamento. Trata de estrutura interna.<\/p>\n<p>Ser \u201cpronto para ouvir\u201d implica:<\/p>\n<p style=\"padding-left: 30px;\">&#8211; conter a impulsividade<\/p>\n<p style=\"padding-left: 30px;\">&#8211; suspender o julgamento<\/p>\n<p style=\"padding-left: 30px;\">&#8211; priorizar o outro antes da pr\u00f3pria defesa<\/p>\n<p>Na Teoterapia, isso \u00e9 entendido como valida\u00e7\u00e3o espiritual da exist\u00eancia do outro.<\/p>\n<p>Quem n\u00e3o se sente ouvido, n\u00e3o se sente amado \u2014 ainda que seja.<\/p>\n<p>Pergunta: Voc\u00ea escuta para compreender ou escuta para responder?<\/p>\n<p>\u00a0<\/p>\n<p>O que est\u00e1 por tr\u00e1s da fala?<\/p>\n<p>Na An\u00e1lise Transacional, toda comunica\u00e7\u00e3o parte de tr\u00eas estados de ego:<\/p>\n<p style=\"padding-left: 30px;\">&#8211; Pai (cr\u00edtico ou normativo)<\/p>\n<p style=\"padding-left: 30px;\">&#8211; Adulto (equilibrado e racional)<\/p>\n<p style=\"padding-left: 30px;\">&#8211; Crian\u00e7a (emocional e reativa)<\/p>\n<p style=\"text-align: left;\">O problema familiar n\u00e3o \u00e9 o conte\u00fado da fala. \u00c9 de onde essa fala est\u00e1 vindo \u2014 e para onde ela est\u00e1 sendo direcionada.<\/p>\n<p><\/p>\n<p><strong>Exemplo cl\u00ednico:<\/strong><\/p>\n<p>Uma esposa <strong>diz<\/strong>: \u201cVoc\u00ea nunca me ajuda em nada.\u201d<\/p>\n<p>O que <strong>\u00e9 ouvido<\/strong>: Cr\u00edtica (Pai cr\u00edtico \u2192 gera defesa)<\/p>\n<p>O que <strong>est\u00e1 por tr\u00e1s<\/strong>: \u201cEu estou cansada e me sentindo sozinha.\u201d (Crian\u00e7a ferida)<\/p>\n<p>\u00a0<\/p>\n<p><strong>Aqui est\u00e1 o erro central:<\/strong><\/p>\n<p>A mensagem sai da Crian\u00e7a<\/p>\n<p>\u00c9 interpretada como ataque do Pai<\/p>\n<p>E respondida com defesa da Crian\u00e7a ou imposi\u00e7\u00e3o do Pai<\/p>\n<p><strong>Resultado<\/strong>: escalada de conflito.<\/p>\n<p><strong>\u00a0<\/strong><\/p>\n<p><strong>Na minha leitura:<br \/><\/strong>Toda reclama\u00e7\u00e3o carrega uma necessidade n\u00e3o atendida.<br \/>Toda irrita\u00e7\u00e3o \u00e9 um afeto deslocado.<\/p>\n<p>Pergunta: Voc\u00ea reage \u00e0 forma da fala ou discerne a dor por tr\u00e1s dela?<\/p>\n<p>\u00a0<\/p>\n<p><strong>Escuta ativa como interven\u00e7\u00e3o terap\u00eautica<\/strong><\/p>\n<p>Escutar \u00e9 uma t\u00e9cnica. E precisa ser treinada.<\/p>\n<p>Na Teopsicoterapia Integrativa, utilizamos a valida\u00e7\u00e3o emocional como ferramenta de reconex\u00e3o.<\/p>\n<p>T\u00e9cnica: Espelhamento emocional<\/p>\n<p>Consiste em devolver ao outro aquilo que ele sente \u2014 sem julgamento, sem corre\u00e7\u00e3o, sem defesa. Exemplo pr\u00e1tico:<\/p>\n<p><strong>Em vez de: <\/strong>\u201cVoc\u00ea est\u00e1 exagerando.\u201d<\/p>\n<p><strong>Aplicar: <\/strong>\u201cVoc\u00ea est\u00e1 se sentindo sobrecarregado e sozinho, \u00e9 isso?\u201d<\/p>\n<p>\u00a0<\/p>\n<p>O que acontece nesse momento:<\/p>\n<p style=\"padding-left: 30px;\">&#8211; A defesa do outro reduz<\/p>\n<p style=\"padding-left: 30px;\">&#8211; O sistema emocional desacelera<\/p>\n<p style=\"padding-left: 30px;\">&#8211; O v\u00ednculo \u00e9 restaurado<\/p>\n<p>Na An\u00e1lise Transacional, isso ativa o Adulto funcional, interrompendo jogos psicol\u00f3gicos.<\/p>\n<p>Na Teoterapia, isso expressa: acolhimento, mansid\u00e3o e amor pr\u00e1tico<\/p>\n<p>Importante: Validar n\u00e3o \u00e9 concordar. Validar \u00e9 reconhecer a exist\u00eancia emocional do outro.<\/p>\n<p>\u00a0<\/p>\n<p><strong>Quando a fam\u00edlia aprende a escutar<\/strong><\/p>\n<p>Uma fam\u00edlia adoecida:<\/p>\n<p style=\"padding-left: 30px;\">&#8211; reage r\u00e1pido<\/p>\n<p style=\"padding-left: 30px;\">&#8211; interpreta mal<\/p>\n<p style=\"padding-left: 30px;\">&#8211; responde defensivamente<\/p>\n<p>Uma fam\u00edlia em processo de cura:<\/p>\n<p style=\"padding-left: 30px;\">&#8211; desacelera<\/p>\n<p style=\"padding-left: 30px;\">&#8211; escuta profundamente<\/p>\n<p style=\"padding-left: 30px;\">&#8211; responde com consci\u00eancia<\/p>\n<p>Escutar \u00e9 maturidade emocional. Escutar \u00e9 disciplina espiritual. Escutar \u00e9 interven\u00e7\u00e3o terap\u00eautica.<\/p>\n<p>\u00a0<\/p>\n<p>Conclus\u00e3o: o que precisa mudar dentro de voc\u00ea<\/p>\n<p>Voc\u00ea n\u00e3o resolve conflitos familiares apenas ajustando palavras.<br \/>Voc\u00ea resolve transformando o seu lugar interno na comunica\u00e7\u00e3o.<\/p>\n<p>Se voc\u00ea continua:<\/p>\n<p style=\"padding-left: 30px;\">&#8211; reagindo antes de compreender<\/p>\n<p style=\"padding-left: 30px;\">&#8211; se defendendo antes de ouvir<\/p>\n<p style=\"padding-left: 30px;\">&#8211; julgando antes de validar<\/p>\n<p>Ent\u00e3o o problema n\u00e3o est\u00e1 no outro. Est\u00e1 na sua incapacidade de escutar.<\/p>\n<p><strong>Pergunta: Voc\u00ea quer vencer discuss\u00f5es ou restaurar rela\u00e7\u00f5es?<\/strong><\/p>\n<p>\u00a0<\/p>\n<p><strong>Aplica\u00e7\u00e3o pr\u00e1tica<\/strong><\/p>\n<p>Voc\u00eas sentem que falam l\u00ednguas diferentes dentro de casa?<\/p>\n<p>Ent\u00e3o o problema n\u00e3o \u00e9 comunica\u00e7\u00e3o. \u00c9 aus\u00eancia de tradu\u00e7\u00e3o emocional.<\/p>\n<p>Na mentoria, voc\u00ea aprende:<\/p>\n<p style=\"padding-left: 30px;\">&#8211; identificar estados de ego em tempo real<\/p>\n<p style=\"padding-left: 30px;\">&#8211; traduzir cr\u00edticas em necessidades emocionais<\/p>\n<p style=\"padding-left: 30px;\">&#8211; interromper ciclos de conflito<\/p>\n<p style=\"padding-left: 30px;\">&#8211; restaurar conex\u00e3o familiar com base na f\u00e9 e na psican\u00e1lise<\/p>\n<p>Aprenda a escutar o cora\u00e7\u00e3o da sua fam\u00edlia \u2014 antes que o sil\u00eancio emocional se torne definitivo.<\/p>\n<p>\u00a0<\/p>\n<p>Receba gratuitamente o E-book: 5 sinais que seu casamento pode estar acabando:<\/p>\n<p><div class=\"ose- ose-uid-42f363ad3219d612023f69afb3cf20af ose-embedpress-responsive\" style=\"width:600px; height:600px; max-height:600px; max-width:100%; display:inline-block;\" data-embed-type=\"SelfHosted\"><blockquote class=\"wp-embedded-content\" data-secret=\"6u0qtoSyAS\"><a href=\"https:\/\/teoterapia.com.br\/e-book-gratuito-5sinais\/\">5 Sinais que seu casamento pode estar acabando<\/a><\/blockquote><iframe allowFullScreen=\"true\" title=\"&#8220;5 Sinais que seu casamento pode estar acabando&#8221; &#8212; \" sandbox=\"allow-modals allow-scripts allow-same-origin allow-popups allow-popups-to-escape-sandbox\" security=\"restricted\" src=\"https:\/\/teoterapia.com.br\/e-book-gratuito-5sinais\/embed\/#?secret=6u0qtoSyAS\" width=\"600\" height=\"600\" data-secret=\"6u0qtoSyAS\" frameborder=\"0\" marginwidth=\"600\" marginheight=\"600\" scrolling=\"no\" class=\"wp-embedded-content\"><\/iframe><script>\/*! This file is auto-generated *\/!function(d,l){\"use strict\";l.querySelector&&d.addEventListener&&\"undefined\"!=typeof URL&&(d.wp=d.wp||{},d.wp.receiveEmbedMessage||(d.wp.receiveEmbedMessage=function(e){var t=e.data;if((t||t.secret||t.message||t.value)&&!\/[^a-zA-Z0-9]\/.test(t.secret)){for(var s,r,n,a=l.querySelectorAll(\"iframe[data-secret=\"\"+t.secret+\"\"]\"),o=l.querySelectorAll(\"blockquote[data-secret=\"\"+t.secret+\"\"]\"),c=new RegExp(\"^https?:$\",\"i\"),i=0;i<o.length;i++)o[i].style.display=\"none\";for(i=0;i<a.length;i++)s=a[i],e.source===s.contentWindow&&(s.removeAttribute(\"style\"),\"height\"===t.message?(1e3<(r=parseInt(t.value,10))?r=1e3:~~r<200&&(r=200),s.height=r):\"link\"===t.message&&(r=new URL(s.getAttribute(\"src\")),n=new URL(t.value),c.test(n.protocol))&&n.host===r.host&&l.activeElement===s&&(d.top.location.href=t.value))}},d.addEventListener(\"message\",d.wp.receiveEmbedMessage,!1),l.addEventListener(\"DOMContentLoaded\",function(){for(var e,t,s=l.querySelectorAll(\"iframe.wp-embedded-content\"),r=0;r<s.length;r++)(t=(e=s[r]).getAttribute(\"data-secret\"))||(t=Math.random().toString(36).substring(2,12),e.src+=\"#?secret=\"+t,e.setAttribute(\"data-secret\",t)),e.contentWindow.postMessage({message:\"ready\",secret:t},\"*\")},!1)))}(window,document);\/\/# sourceURL=https:\/\/teoterapia.com.br\/wp-includes\/js\/wp-embed.min.js<\/script><\/div><\/p>\n<p>Desejo a voc\u00ea e sua\u00a0fam\u00edlia\u00a0uma semana na Gra\u00e7a.<\/p>\n<p>\u00a0<\/p>\n<p><strong>Valcel\u00ed Leite<\/strong> (@ValceliLeite) \u00e9 Psicanalista, Teoterapeuta (Terapia Crist\u00e3), Pastor, presidente da ABRATHEO, P\u00f3s-graduado: Terapia Familiar Sist\u00eamica, T.C.C. e com MBA em Teoterapia. Teopsicoterapeuta com orienta\u00e7\u00e3o a indiv\u00edduos, casais e fam\u00edlias. Atendimento presencial e On-Line. Palestrante sobre temas de Autoconhecimento.<\/p>\n<p><em>* O conte\u00fado do texto acima \u00e9 uma colabora\u00e7\u00e3o volunt\u00e1ria, de total responsabilidade do autor e n\u00e3o reflete necessariamente a opini\u00e3o do Portal Guiame.<\/em><\/p>\n<p>Leia o artigo anterior: <span style=\"color: #800000;\"><strong>Heran\u00e7a emocional: Quebrando padr\u00f5es familiares repetitivos<\/strong><\/span><\/p>\n<p>\u00a0<\/p>\n<\/div>\n<p><br \/>\n<br \/>Fonte: Guiame <\/p>\n","protected":false},"excerpt":{"rendered":"<p>O problema n\u00e3o \u00e9 falta de amor, \u00e9 falha de tradu\u00e7\u00e3o. A maioria das crises familiares n\u00e3o nasce da aus\u00eancia de amor. Nasce da incapacidade de traduzir emo\u00e7\u00f5es. O que chega como cr\u00edtica, muitas vezes saiu como dor.O que \u00e9 ouvido como ataque, muitas vezes foi um pedido de ajuda. Na pr\u00e1tica cl\u00ednica, isso \u00e9 [&hellip;]<\/p>\n","protected":false},"author":1,"featured_media":5387,"comment_status":"","ping_status":"open","sticky":false,"template":"","format":"standard","meta":{"footnotes":""},"categories":[43],"tags":[],"class_list":["post-5386","post","type-post","status-publish","format-standard","has-post-thumbnail","hentry","category-destaques"],"yoast_head":"<!-- This site is optimized with the Yoast SEO plugin v26.8 - https:\/\/yoast.com\/product\/yoast-seo-wordpress\/ -->\n<title>A diferen\u00e7a entre ouvir e escutar na fam\u00edlia - R\u00e1dio Porto Seguro<\/title>\n<meta name=\"robots\" content=\"index, follow, max-snippet:-1, max-image-preview:large, max-video-preview:-1\" \/>\n<link rel=\"canonical\" href=\"https:\/\/radioportoseguro.com.br\/site\/2026\/03\/26\/a-diferenca-entre-ouvir-e-escutar-na-familia\/\" \/>\n<meta property=\"og:locale\" content=\"pt_BR\" \/>\n<meta property=\"og:type\" content=\"article\" \/>\n<meta property=\"og:title\" content=\"A diferen\u00e7a entre ouvir e escutar na fam\u00edlia - R\u00e1dio Porto Seguro\" \/>\n<meta property=\"og:description\" content=\"O problema n\u00e3o \u00e9 falta de amor, \u00e9 falha de tradu\u00e7\u00e3o. A maioria das crises familiares n\u00e3o nasce da aus\u00eancia de amor. Nasce da incapacidade de traduzir emo\u00e7\u00f5es. O que chega como cr\u00edtica, muitas vezes saiu como dor.O que \u00e9 ouvido como ataque, muitas vezes foi um pedido de ajuda. Na pr\u00e1tica cl\u00ednica, isso \u00e9 [&hellip;]\" \/>\n<meta property=\"og:url\" content=\"https:\/\/radioportoseguro.com.br\/site\/2026\/03\/26\/a-diferenca-entre-ouvir-e-escutar-na-familia\/\" \/>\n<meta property=\"og:site_name\" content=\"R\u00e1dio Porto Seguro\" \/>\n<meta property=\"article:published_time\" content=\"2026-03-26T05:00:50+00:00\" \/>\n<meta property=\"og:image\" content=\"https:\/\/thumbor.guiame.com.br\/unsafe\/smart\/https:\/\/media.guiame.com.br\/archives\/2026\/03\/24\/136067459-dialogo.jpg\" \/>\n<meta name=\"author\" content=\"admin\" \/>\n<meta name=\"twitter:card\" content=\"summary_large_image\" \/>\n<meta name=\"twitter:label1\" content=\"Escrito por\" \/>\n\t<meta name=\"twitter:data1\" content=\"admin\" \/>\n\t<meta name=\"twitter:label2\" content=\"Est. tempo de leitura\" \/>\n\t<meta name=\"twitter:data2\" content=\"4 minutos\" \/>\n<script type=\"application\/ld+json\" class=\"yoast-schema-graph\">{\"@context\":\"https:\/\/schema.org\",\"@graph\":[{\"@type\":\"Article\",\"@id\":\"https:\/\/radioportoseguro.com.br\/site\/2026\/03\/26\/a-diferenca-entre-ouvir-e-escutar-na-familia\/#article\",\"isPartOf\":{\"@id\":\"https:\/\/radioportoseguro.com.br\/site\/2026\/03\/26\/a-diferenca-entre-ouvir-e-escutar-na-familia\/\"},\"author\":{\"name\":\"admin\",\"@id\":\"https:\/\/radioportoseguro.com.br\/site\/#\/schema\/person\/7630acdc320186f13639d3c067ec089b\"},\"headline\":\"A diferen\u00e7a entre ouvir e escutar na fam\u00edlia\",\"datePublished\":\"2026-03-26T05:00:50+00:00\",\"mainEntityOfPage\":{\"@id\":\"https:\/\/radioportoseguro.com.br\/site\/2026\/03\/26\/a-diferenca-entre-ouvir-e-escutar-na-familia\/\"},\"wordCount\":815,\"image\":{\"@id\":\"https:\/\/radioportoseguro.com.br\/site\/2026\/03\/26\/a-diferenca-entre-ouvir-e-escutar-na-familia\/#primaryimage\"},\"thumbnailUrl\":\"https:\/\/radioportoseguro.com.br\/site\/wp-content\/uploads\/2026\/03\/213146238-dialogo.png\",\"articleSection\":[\"Destaques\"],\"inLanguage\":\"pt-BR\"},{\"@type\":\"WebPage\",\"@id\":\"https:\/\/radioportoseguro.com.br\/site\/2026\/03\/26\/a-diferenca-entre-ouvir-e-escutar-na-familia\/\",\"url\":\"https:\/\/radioportoseguro.com.br\/site\/2026\/03\/26\/a-diferenca-entre-ouvir-e-escutar-na-familia\/\",\"name\":\"A diferen\u00e7a entre ouvir e escutar na fam\u00edlia - R\u00e1dio Porto Seguro\",\"isPartOf\":{\"@id\":\"https:\/\/radioportoseguro.com.br\/site\/#website\"},\"primaryImageOfPage\":{\"@id\":\"https:\/\/radioportoseguro.com.br\/site\/2026\/03\/26\/a-diferenca-entre-ouvir-e-escutar-na-familia\/#primaryimage\"},\"image\":{\"@id\":\"https:\/\/radioportoseguro.com.br\/site\/2026\/03\/26\/a-diferenca-entre-ouvir-e-escutar-na-familia\/#primaryimage\"},\"thumbnailUrl\":\"https:\/\/radioportoseguro.com.br\/site\/wp-content\/uploads\/2026\/03\/213146238-dialogo.png\",\"datePublished\":\"2026-03-26T05:00:50+00:00\",\"author\":{\"@id\":\"https:\/\/radioportoseguro.com.br\/site\/#\/schema\/person\/7630acdc320186f13639d3c067ec089b\"},\"breadcrumb\":{\"@id\":\"https:\/\/radioportoseguro.com.br\/site\/2026\/03\/26\/a-diferenca-entre-ouvir-e-escutar-na-familia\/#breadcrumb\"},\"inLanguage\":\"pt-BR\",\"potentialAction\":[{\"@type\":\"ReadAction\",\"target\":[\"https:\/\/radioportoseguro.com.br\/site\/2026\/03\/26\/a-diferenca-entre-ouvir-e-escutar-na-familia\/\"]}]},{\"@type\":\"ImageObject\",\"inLanguage\":\"pt-BR\",\"@id\":\"https:\/\/radioportoseguro.com.br\/site\/2026\/03\/26\/a-diferenca-entre-ouvir-e-escutar-na-familia\/#primaryimage\",\"url\":\"https:\/\/radioportoseguro.com.br\/site\/wp-content\/uploads\/2026\/03\/213146238-dialogo.png\",\"contentUrl\":\"https:\/\/radioportoseguro.com.br\/site\/wp-content\/uploads\/2026\/03\/213146238-dialogo.png\",\"width\":1200,\"height\":600},{\"@type\":\"BreadcrumbList\",\"@id\":\"https:\/\/radioportoseguro.com.br\/site\/2026\/03\/26\/a-diferenca-entre-ouvir-e-escutar-na-familia\/#breadcrumb\",\"itemListElement\":[{\"@type\":\"ListItem\",\"position\":1,\"name\":\"In\u00edcio\",\"item\":\"https:\/\/radioportoseguro.com.br\/site\/\"},{\"@type\":\"ListItem\",\"position\":2,\"name\":\"A diferen\u00e7a entre ouvir e escutar na fam\u00edlia\"}]},{\"@type\":\"WebSite\",\"@id\":\"https:\/\/radioportoseguro.com.br\/site\/#website\",\"url\":\"https:\/\/radioportoseguro.com.br\/site\/\",\"name\":\"R\u00e1dio Porto Seguro\",\"description\":\"\",\"potentialAction\":[{\"@type\":\"SearchAction\",\"target\":{\"@type\":\"EntryPoint\",\"urlTemplate\":\"https:\/\/radioportoseguro.com.br\/site\/?s={search_term_string}\"},\"query-input\":{\"@type\":\"PropertyValueSpecification\",\"valueRequired\":true,\"valueName\":\"search_term_string\"}}],\"inLanguage\":\"pt-BR\"},{\"@type\":\"Person\",\"@id\":\"https:\/\/radioportoseguro.com.br\/site\/#\/schema\/person\/7630acdc320186f13639d3c067ec089b\",\"name\":\"admin\",\"image\":{\"@type\":\"ImageObject\",\"inLanguage\":\"pt-BR\",\"@id\":\"https:\/\/radioportoseguro.com.br\/site\/#\/schema\/person\/image\/\",\"url\":\"https:\/\/secure.gravatar.com\/avatar\/caacf4dc1eedb68fab0df8e1ed46c448e578b2466351bbcb61e47d2ac0caaef0?s=96&d=mm&r=g\",\"contentUrl\":\"https:\/\/secure.gravatar.com\/avatar\/caacf4dc1eedb68fab0df8e1ed46c448e578b2466351bbcb61e47d2ac0caaef0?s=96&d=mm&r=g\",\"caption\":\"admin\"},\"sameAs\":[\"https:\/\/radioportoseguro.com.br\/site\"],\"url\":\"https:\/\/radioportoseguro.com.br\/site\/author\/hezio\/\"}]}<\/script>\n<!-- \/ Yoast SEO plugin. -->","yoast_head_json":{"title":"A diferen\u00e7a entre ouvir e escutar na fam\u00edlia - R\u00e1dio Porto Seguro","robots":{"index":"index","follow":"follow","max-snippet":"max-snippet:-1","max-image-preview":"max-image-preview:large","max-video-preview":"max-video-preview:-1"},"canonical":"https:\/\/radioportoseguro.com.br\/site\/2026\/03\/26\/a-diferenca-entre-ouvir-e-escutar-na-familia\/","og_locale":"pt_BR","og_type":"article","og_title":"A diferen\u00e7a entre ouvir e escutar na fam\u00edlia - R\u00e1dio Porto Seguro","og_description":"O problema n\u00e3o \u00e9 falta de amor, \u00e9 falha de tradu\u00e7\u00e3o. A maioria das crises familiares n\u00e3o nasce da aus\u00eancia de amor. Nasce da incapacidade de traduzir emo\u00e7\u00f5es. O que chega como cr\u00edtica, muitas vezes saiu como dor.O que \u00e9 ouvido como ataque, muitas vezes foi um pedido de ajuda. Na pr\u00e1tica cl\u00ednica, isso \u00e9 [&hellip;]","og_url":"https:\/\/radioportoseguro.com.br\/site\/2026\/03\/26\/a-diferenca-entre-ouvir-e-escutar-na-familia\/","og_site_name":"R\u00e1dio Porto Seguro","article_published_time":"2026-03-26T05:00:50+00:00","og_image":[{"url":"https:\/\/thumbor.guiame.com.br\/unsafe\/smart\/https:\/\/media.guiame.com.br\/archives\/2026\/03\/24\/136067459-dialogo.jpg","type":"","width":"","height":""}],"author":"admin","twitter_card":"summary_large_image","twitter_misc":{"Escrito por":"admin","Est. tempo de leitura":"4 minutos"},"schema":{"@context":"https:\/\/schema.org","@graph":[{"@type":"Article","@id":"https:\/\/radioportoseguro.com.br\/site\/2026\/03\/26\/a-diferenca-entre-ouvir-e-escutar-na-familia\/#article","isPartOf":{"@id":"https:\/\/radioportoseguro.com.br\/site\/2026\/03\/26\/a-diferenca-entre-ouvir-e-escutar-na-familia\/"},"author":{"name":"admin","@id":"https:\/\/radioportoseguro.com.br\/site\/#\/schema\/person\/7630acdc320186f13639d3c067ec089b"},"headline":"A diferen\u00e7a entre ouvir e escutar na fam\u00edlia","datePublished":"2026-03-26T05:00:50+00:00","mainEntityOfPage":{"@id":"https:\/\/radioportoseguro.com.br\/site\/2026\/03\/26\/a-diferenca-entre-ouvir-e-escutar-na-familia\/"},"wordCount":815,"image":{"@id":"https:\/\/radioportoseguro.com.br\/site\/2026\/03\/26\/a-diferenca-entre-ouvir-e-escutar-na-familia\/#primaryimage"},"thumbnailUrl":"https:\/\/radioportoseguro.com.br\/site\/wp-content\/uploads\/2026\/03\/213146238-dialogo.png","articleSection":["Destaques"],"inLanguage":"pt-BR"},{"@type":"WebPage","@id":"https:\/\/radioportoseguro.com.br\/site\/2026\/03\/26\/a-diferenca-entre-ouvir-e-escutar-na-familia\/","url":"https:\/\/radioportoseguro.com.br\/site\/2026\/03\/26\/a-diferenca-entre-ouvir-e-escutar-na-familia\/","name":"A diferen\u00e7a entre ouvir e escutar na fam\u00edlia - R\u00e1dio Porto Seguro","isPartOf":{"@id":"https:\/\/radioportoseguro.com.br\/site\/#website"},"primaryImageOfPage":{"@id":"https:\/\/radioportoseguro.com.br\/site\/2026\/03\/26\/a-diferenca-entre-ouvir-e-escutar-na-familia\/#primaryimage"},"image":{"@id":"https:\/\/radioportoseguro.com.br\/site\/2026\/03\/26\/a-diferenca-entre-ouvir-e-escutar-na-familia\/#primaryimage"},"thumbnailUrl":"https:\/\/radioportoseguro.com.br\/site\/wp-content\/uploads\/2026\/03\/213146238-dialogo.png","datePublished":"2026-03-26T05:00:50+00:00","author":{"@id":"https:\/\/radioportoseguro.com.br\/site\/#\/schema\/person\/7630acdc320186f13639d3c067ec089b"},"breadcrumb":{"@id":"https:\/\/radioportoseguro.com.br\/site\/2026\/03\/26\/a-diferenca-entre-ouvir-e-escutar-na-familia\/#breadcrumb"},"inLanguage":"pt-BR","potentialAction":[{"@type":"ReadAction","target":["https:\/\/radioportoseguro.com.br\/site\/2026\/03\/26\/a-diferenca-entre-ouvir-e-escutar-na-familia\/"]}]},{"@type":"ImageObject","inLanguage":"pt-BR","@id":"https:\/\/radioportoseguro.com.br\/site\/2026\/03\/26\/a-diferenca-entre-ouvir-e-escutar-na-familia\/#primaryimage","url":"https:\/\/radioportoseguro.com.br\/site\/wp-content\/uploads\/2026\/03\/213146238-dialogo.png","contentUrl":"https:\/\/radioportoseguro.com.br\/site\/wp-content\/uploads\/2026\/03\/213146238-dialogo.png","width":1200,"height":600},{"@type":"BreadcrumbList","@id":"https:\/\/radioportoseguro.com.br\/site\/2026\/03\/26\/a-diferenca-entre-ouvir-e-escutar-na-familia\/#breadcrumb","itemListElement":[{"@type":"ListItem","position":1,"name":"In\u00edcio","item":"https:\/\/radioportoseguro.com.br\/site\/"},{"@type":"ListItem","position":2,"name":"A diferen\u00e7a entre ouvir e escutar na fam\u00edlia"}]},{"@type":"WebSite","@id":"https:\/\/radioportoseguro.com.br\/site\/#website","url":"https:\/\/radioportoseguro.com.br\/site\/","name":"R\u00e1dio Porto Seguro","description":"","potentialAction":[{"@type":"SearchAction","target":{"@type":"EntryPoint","urlTemplate":"https:\/\/radioportoseguro.com.br\/site\/?s={search_term_string}"},"query-input":{"@type":"PropertyValueSpecification","valueRequired":true,"valueName":"search_term_string"}}],"inLanguage":"pt-BR"},{"@type":"Person","@id":"https:\/\/radioportoseguro.com.br\/site\/#\/schema\/person\/7630acdc320186f13639d3c067ec089b","name":"admin","image":{"@type":"ImageObject","inLanguage":"pt-BR","@id":"https:\/\/radioportoseguro.com.br\/site\/#\/schema\/person\/image\/","url":"https:\/\/secure.gravatar.com\/avatar\/caacf4dc1eedb68fab0df8e1ed46c448e578b2466351bbcb61e47d2ac0caaef0?s=96&d=mm&r=g","contentUrl":"https:\/\/secure.gravatar.com\/avatar\/caacf4dc1eedb68fab0df8e1ed46c448e578b2466351bbcb61e47d2ac0caaef0?s=96&d=mm&r=g","caption":"admin"},"sameAs":["https:\/\/radioportoseguro.com.br\/site"],"url":"https:\/\/radioportoseguro.com.br\/site\/author\/hezio\/"}]}},"_links":{"self":[{"href":"https:\/\/radioportoseguro.com.br\/site\/wp-json\/wp\/v2\/posts\/5386","targetHints":{"allow":["GET"]}}],"collection":[{"href":"https:\/\/radioportoseguro.com.br\/site\/wp-json\/wp\/v2\/posts"}],"about":[{"href":"https:\/\/radioportoseguro.com.br\/site\/wp-json\/wp\/v2\/types\/post"}],"author":[{"embeddable":true,"href":"https:\/\/radioportoseguro.com.br\/site\/wp-json\/wp\/v2\/users\/1"}],"replies":[{"embeddable":true,"href":"https:\/\/radioportoseguro.com.br\/site\/wp-json\/wp\/v2\/comments?post=5386"}],"version-history":[{"count":0,"href":"https:\/\/radioportoseguro.com.br\/site\/wp-json\/wp\/v2\/posts\/5386\/revisions"}],"wp:featuredmedia":[{"embeddable":true,"href":"https:\/\/radioportoseguro.com.br\/site\/wp-json\/wp\/v2\/media\/5387"}],"wp:attachment":[{"href":"https:\/\/radioportoseguro.com.br\/site\/wp-json\/wp\/v2\/media?parent=5386"}],"wp:term":[{"taxonomy":"category","embeddable":true,"href":"https:\/\/radioportoseguro.com.br\/site\/wp-json\/wp\/v2\/categories?post=5386"},{"taxonomy":"post_tag","embeddable":true,"href":"https:\/\/radioportoseguro.com.br\/site\/wp-json\/wp\/v2\/tags?post=5386"}],"curies":[{"name":"wp","href":"https:\/\/api.w.org\/{rel}","templated":true}]}}