{"id":5390,"date":"2026-03-26T06:03:14","date_gmt":"2026-03-26T09:03:14","guid":{"rendered":"https:\/\/radioportoseguro.com.br\/site\/2026\/03\/26\/entre-o-medo-e-a-esperanca-o-poder-do-espirito-santo-na-escatologia\/"},"modified":"2026-03-26T06:03:14","modified_gmt":"2026-03-26T09:03:14","slug":"entre-o-medo-e-a-esperanca-o-poder-do-espirito-santo-na-escatologia","status":"publish","type":"post","link":"https:\/\/radioportoseguro.com.br\/site\/2026\/03\/26\/entre-o-medo-e-a-esperanca-o-poder-do-espirito-santo-na-escatologia\/","title":{"rendered":"Entre o medo e a esperan\u00e7a: O poder do Esp\u00edrito Santo na escatologia"},"content":{"rendered":"<p><br \/>\n<\/p>\n<div>\n<p>A escatologia crist\u00e3, ao longo da hist\u00f3ria, tem oscilado entre dois polos: o medo e a esperan\u00e7a. Em muitos contextos, o discurso sobre o fim dos tempos tem sido marcado por ansiedade, especula\u00e7\u00e3o e at\u00e9 certo sensacionalismo. Em outros, h\u00e1 uma tentativa de resgatar a confian\u00e7a na soberania de Deus e na consuma\u00e7\u00e3o de seu plano redentor.<\/p>\n<p>No contexto pentecostal, essa discuss\u00e3o se apresenta de forma ainda mais rica e plural. H\u00e1 diferentes leituras escatol\u00f3gicas convivendo no interior do pr\u00f3prio movimento, incluindo perspectivas como o preterismo, o amilenismo e o p\u00f3s-milenismo, cada uma com suas \u00eanfases e contribui\u00e7\u00f5es. Essa pluralidade demonstra que a escatologia pentecostal n\u00e3o pode ser reduzida a um \u00fanico modelo interpretativo, mas deve ser compreendida dentro de um campo teol\u00f3gico din\u00e2mico e em di\u00e1logo.<\/p>\n<p>Entretanto, embora reconhe\u00e7amos essa diversidade, este texto se prop\u00f5e a refletir a escatologia a partir da perspectiva do pr\u00e9-tribulacionismo em di\u00e1logo com o dispensacionalismo revisado (ou progressivo), buscando uma abordagem que preserve tanto a esperan\u00e7a futura quanto a responsabilidade presente.<\/p>\n<p>Nesse cen\u00e1rio, torna-se essencial recuperar o papel do Esp\u00edrito Santo na escatologia. Afinal, n\u00e3o estamos apenas lidando com eventos futuros, mas com a a\u00e7\u00e3o cont\u00ednua de Deus na hist\u00f3ria.<\/p>\n<p>Entre o medo que paralisa e a esperan\u00e7a que sustenta, \u00e9 o Esp\u00edrito Santo quem conduz a Igreja a viver o futuro de Deus j\u00e1 no presente.O Esp\u00edrito Santo \u00e9 o agente da atual era da Igreja. Ele regenera, habita, capacita e distribui dons. No entanto, sua atua\u00e7\u00e3o n\u00e3o \u00e9 apenas funcional, mas profundamente escatol\u00f3gica. A Igreja vive entre o \u201cj\u00e1\u201d e o \u201cainda n\u00e3o\u201d, e o Esp\u00edrito \u00e9 a antecipa\u00e7\u00e3o viva do futuro de Deus.<\/p>\n<p>Paulo afirma que o Esp\u00edrito \u00e9 \u201cas prim\u00edcias\u201d (Rm 8,23) e \u201co penhor da nossa heran\u00e7a\u201d (Ef 1,14). Isso significa que o futuro prometido por Deus j\u00e1 come\u00e7ou a se manifestar no presente por meio do Esp\u00edrito.<\/p>\n<p>No pr\u00e9-tribulacionismo, entende-se que a Igreja ser\u00e1 arrebatada antes da Grande Tribula\u00e7\u00e3o (1Ts 4,16\u201317). Muitos int\u00e9rpretes identificam o Esp\u00edrito Santo como aquele que atualmente restringe o mal (2Ts 2,6\u20137), atuando por meio da Igreja.<\/p>\n<p>Entretanto, \u00e9 fundamental afirmar: o arrebatamento n\u00e3o significa a retirada do Esp\u00edrito Santo do mundo. O Esp\u00edrito \u00e9 Deus, portanto onipresente. O que ocorre \u00e9 uma mudan\u00e7a em sua forma de atua\u00e7\u00e3o, especialmente no que diz respeito \u00e0 sua a\u00e7\u00e3o restritiva atrav\u00e9s da Igreja.<\/p>\n<p style=\"text-align: left;\">Nesse ponto, \u00e9 necess\u00e1rio fazer uma cr\u00edtica ao dispensacionalismo cl\u00e1ssico. Em algumas de suas formula\u00e7\u00f5es, acabou-se sugerindo uma redu\u00e7\u00e3o significativa da atua\u00e7\u00e3o do Esp\u00edrito Santo na Grande Tribula\u00e7\u00e3o, bem como a ideia de que os dons espirituais cessariam nesse per\u00edodo. Al\u00e9m disso, desenvolveu-se, em certos contextos, uma espiritualidade menos sens\u00edvel ao sobrenatural e pouco comprometida com a realidade social.<\/p>\n<p style=\"text-align: center;\"><span style=\"color: #808080;\"><sup>(Imagem ilustrativa gerada por IA)<\/sup><\/span><\/p>\n<p>Essas leituras n\u00e3o se sustentam biblicamente.<\/p>\n<p>A Escritura aponta para a continuidade da a\u00e7\u00e3o divina durante a Tribula\u00e7\u00e3o. Em Ap 7, vemos uma grande multid\u00e3o sendo salva \u2014 o que implica a atua\u00e7\u00e3o do Esp\u00edrito Santo. N\u00e3o h\u00e1 regenera\u00e7\u00e3o sem o Esp\u00edrito, n\u00e3o h\u00e1 perseveran\u00e7a sem o Esp\u00edrito e n\u00e3o h\u00e1 testemunho fiel sem a a\u00e7\u00e3o do Esp\u00edrito.<\/p>\n<p>Portanto, \u00e9 necess\u00e1rio afirmar com clareza que o Esp\u00edrito Santo estar\u00e1 presente na Grande Tribula\u00e7\u00e3o, que a gra\u00e7a de Deus continuar\u00e1 sendo oferecida e que a dimens\u00e3o sobrenatural da f\u00e9 n\u00e3o ser\u00e1 interrompida. Isso inclui a possibilidade da manifesta\u00e7\u00e3o do poder do Esp\u00edrito, inclusive em sua dimens\u00e3o carism\u00e1tica.<\/p>\n<p>O dispensacionalismo revisado, ou progressivo, contribui para corrigir essas distor\u00e7\u00f5es ao propor uma leitura mais integrada da hist\u00f3ria da salva\u00e7\u00e3o. Ele reconhece a continuidade da atua\u00e7\u00e3o do Esp\u00edrito, a presen\u00e7a da gra\u00e7a em toda a hist\u00f3ria e o Reino de Deus como uma realidade j\u00e1 inaugurada, embora ainda n\u00e3o plenamente consumada.<\/p>\n<p>Al\u00e9m disso, essa perspectiva recupera a dimens\u00e3o social da escatologia. Se o Esp\u00edrito j\u00e1 est\u00e1 atuando no presente, ent\u00e3o a Igreja n\u00e3o vive apenas esperando o futuro, mas participa ativamente da miss\u00e3o de Deus no mundo.<\/p>\n<p>Isso implica enfrentar, com responsabilidade crist\u00e3, realidades como a fome, a desigualdade e o sofrimento humano. A escatologia, nesse sentido, n\u00e3o aliena \u2014 ela mobiliza.<\/p>\n<p>Outro ponto importante \u00e9 que uma escatologia saud\u00e1vel n\u00e3o pode ser constru\u00edda a partir de leituras apressadas da realidade contempor\u00e2nea. Em muitos casos, eventos tecnol\u00f3gicos, crises globais e mudan\u00e7as culturais s\u00e3o interpretados como cumprimento direto de profecias b\u00edblicas, sem o devido cuidado exeg\u00e9tico.<\/p>\n<p>O problema dessa abordagem \u00e9 que ela desloca o centro da escatologia da Escritura para o cen\u00e1rio atual. Em vez de a B\u00edblia interpretar o mundo, passa-se a usar o mundo para interpretar a B\u00edblia.<\/p>\n<p>O resultado \u00e9 uma espiritualidade marcada mais pelo medo do que pela esperan\u00e7a.<\/p>\n<p>O dispensacionalismo revisado e progressivo, nesse sentido, prop\u00f5e um retorno \u00e0 centralidade da Palavra. A escatologia deve ser constru\u00edda a partir da revela\u00e7\u00e3o b\u00edblica, e n\u00e3o de interpreta\u00e7\u00f5es imediatistas dos acontecimentos.<\/p>\n<p>O Pentecostalismo, por sua vez, \u00e9 chamado a reafirmar sua voca\u00e7\u00e3o integral. Se cremos em um Esp\u00edrito que transforma vidas, ent\u00e3o devemos reconhecer que Ele tamb\u00e9m nos envia ao mundo.<\/p>\n<p>Uma espiritualidade pentecostal madura vive no poder do Esp\u00edrito, manifesta dons, mas tamb\u00e9m serve, socorre e se envolve com a realidade. O poder do Esp\u00edrito n\u00e3o \u00e9 apenas para o culto, mas para a vida.<\/p>\n<p>No Reino Milenar, essa realidade alcan\u00e7ar\u00e1 sua express\u00e3o m\u00e1xima. O Esp\u00edrito n\u00e3o ser\u00e1 ausente, mas plenamente manifesto. As promessas prof\u00e9ticas apontam para um tempo de restaura\u00e7\u00e3o, justi\u00e7a e plenitude espiritual sob o governo de Cristo.<\/p>\n<p>Se hoje experimentamos a atua\u00e7\u00e3o do Esp\u00edrito de forma parcial, no Mil\u00eanio veremos sua manifesta\u00e7\u00e3o ampliada, harmoniosa e intensa.<\/p>\n<p>Entre o medo e a esperan\u00e7a, a Igreja \u00e9 chamada a viver no Esp\u00edrito. N\u00e3o guiada pela ansiedade diante do futuro, mas pela confian\u00e7a na a\u00e7\u00e3o cont\u00ednua de Deus na hist\u00f3ria.<\/p>\n<p>O Esp\u00edrito Santo \u00e9 o agente dessa esperan\u00e7a. Ele atua hoje, atuar\u00e1 na Grande Tribula\u00e7\u00e3o e se manifestar\u00e1 de forma ainda mais plena no Reino Milenar.<\/p>\n<p>Uma escatologia saud\u00e1vel n\u00e3o produz medo, mas esperan\u00e7a. E uma vida cheia do Esp\u00edrito n\u00e3o foge da realidade, mas a transforma \u00e0 luz do Reino de Deus.<\/p>\n<p>\u00a0<\/p>\n<p><strong>Ediudson Fontes<\/strong> (@ediudsonfontes) \u00e9 pastor auxiliar da Assembleia de Deus Cidade Santa (RJ), te\u00f3logo, p\u00f3s-graduado em Ci\u00eancias da Religi\u00e3o e mestrando em Teologia Sistem\u00e1tico-Pastoral pela PUC-Rio. Escritor, professor de Teologia, casado com Caroline Fontes e pai de\u00a0Calebe\u00a0Fontes.<\/p>\n<p><em>* O conte\u00fado do texto acima \u00e9 de colabora\u00e7\u00e3o volunt\u00e1ria, seu teor \u00e9 de total responsabilidade do autor e n\u00e3o reflete necessariamente a opini\u00e3o do Portal Guiame.<\/em><\/p>\n<p>Leia o artigo anterior: <span style=\"color: #800000;\"><strong>Charles Fox Parham: Pioneiro e figura controversa nas origens do pentecostalismo<\/strong><\/span><\/p>\n<\/div>\n<p><br \/>\n<br \/>Fonte: Guiame <\/p>\n","protected":false},"excerpt":{"rendered":"<p>A escatologia crist\u00e3, ao longo da hist\u00f3ria, tem oscilado entre dois polos: o medo e a esperan\u00e7a. Em muitos contextos, o discurso sobre o fim dos tempos tem sido marcado por ansiedade, especula\u00e7\u00e3o e at\u00e9 certo sensacionalismo. Em outros, h\u00e1 uma tentativa de resgatar a confian\u00e7a na soberania de Deus e na consuma\u00e7\u00e3o de seu [&hellip;]<\/p>\n","protected":false},"author":1,"featured_media":5391,"comment_status":"","ping_status":"open","sticky":false,"template":"","format":"standard","meta":{"footnotes":""},"categories":[43],"tags":[],"class_list":["post-5390","post","type-post","status-publish","format-standard","has-post-thumbnail","hentry","category-destaques"],"yoast_head":"<!-- This site is optimized with the Yoast SEO plugin v26.8 - https:\/\/yoast.com\/product\/yoast-seo-wordpress\/ -->\n<title>Entre o medo e a esperan\u00e7a: O poder do Esp\u00edrito Santo na escatologia - R\u00e1dio Porto Seguro<\/title>\n<meta name=\"robots\" content=\"index, follow, max-snippet:-1, max-image-preview:large, max-video-preview:-1\" \/>\n<link rel=\"canonical\" href=\"https:\/\/radioportoseguro.com.br\/site\/2026\/03\/26\/entre-o-medo-e-a-esperanca-o-poder-do-espirito-santo-na-escatologia\/\" \/>\n<meta property=\"og:locale\" content=\"pt_BR\" \/>\n<meta property=\"og:type\" content=\"article\" \/>\n<meta property=\"og:title\" content=\"Entre o medo e a esperan\u00e7a: O poder do Esp\u00edrito Santo na escatologia - R\u00e1dio Porto Seguro\" \/>\n<meta property=\"og:description\" content=\"A escatologia crist\u00e3, ao longo da hist\u00f3ria, tem oscilado entre dois polos: o medo e a esperan\u00e7a. Em muitos contextos, o discurso sobre o fim dos tempos tem sido marcado por ansiedade, especula\u00e7\u00e3o e at\u00e9 certo sensacionalismo. Em outros, h\u00e1 uma tentativa de resgatar a confian\u00e7a na soberania de Deus e na consuma\u00e7\u00e3o de seu [&hellip;]\" \/>\n<meta property=\"og:url\" content=\"https:\/\/radioportoseguro.com.br\/site\/2026\/03\/26\/entre-o-medo-e-a-esperanca-o-poder-do-espirito-santo-na-escatologia\/\" \/>\n<meta property=\"og:site_name\" content=\"R\u00e1dio Porto Seguro\" \/>\n<meta property=\"article:published_time\" content=\"2026-03-26T09:03:14+00:00\" \/>\n<meta property=\"og:image\" content=\"https:\/\/thumbor.guiame.com.br\/unsafe\/smart\/https:\/\/media.guiame.com.br\/archives\/2026\/03\/24\/2689457909-.png\" \/>\n<meta name=\"author\" content=\"admin\" \/>\n<meta name=\"twitter:card\" content=\"summary_large_image\" \/>\n<meta name=\"twitter:label1\" content=\"Escrito por\" \/>\n\t<meta name=\"twitter:data1\" content=\"admin\" \/>\n\t<meta name=\"twitter:label2\" content=\"Est. tempo de leitura\" \/>\n\t<meta name=\"twitter:data2\" content=\"6 minutos\" \/>\n<script type=\"application\/ld+json\" class=\"yoast-schema-graph\">{\"@context\":\"https:\/\/schema.org\",\"@graph\":[{\"@type\":\"Article\",\"@id\":\"https:\/\/radioportoseguro.com.br\/site\/2026\/03\/26\/entre-o-medo-e-a-esperanca-o-poder-do-espirito-santo-na-escatologia\/#article\",\"isPartOf\":{\"@id\":\"https:\/\/radioportoseguro.com.br\/site\/2026\/03\/26\/entre-o-medo-e-a-esperanca-o-poder-do-espirito-santo-na-escatologia\/\"},\"author\":{\"name\":\"admin\",\"@id\":\"https:\/\/radioportoseguro.com.br\/site\/#\/schema\/person\/7630acdc320186f13639d3c067ec089b\"},\"headline\":\"Entre o medo e a esperan\u00e7a: O poder do Esp\u00edrito Santo na escatologia\",\"datePublished\":\"2026-03-26T09:03:14+00:00\",\"mainEntityOfPage\":{\"@id\":\"https:\/\/radioportoseguro.com.br\/site\/2026\/03\/26\/entre-o-medo-e-a-esperanca-o-poder-do-espirito-santo-na-escatologia\/\"},\"wordCount\":1230,\"image\":{\"@id\":\"https:\/\/radioportoseguro.com.br\/site\/2026\/03\/26\/entre-o-medo-e-a-esperanca-o-poder-do-espirito-santo-na-escatologia\/#primaryimage\"},\"thumbnailUrl\":\"https:\/\/radioportoseguro.com.br\/site\/wp-content\/uploads\/2026\/03\/1576245791-espirito-santo.jpg\",\"articleSection\":[\"Destaques\"],\"inLanguage\":\"pt-BR\"},{\"@type\":\"WebPage\",\"@id\":\"https:\/\/radioportoseguro.com.br\/site\/2026\/03\/26\/entre-o-medo-e-a-esperanca-o-poder-do-espirito-santo-na-escatologia\/\",\"url\":\"https:\/\/radioportoseguro.com.br\/site\/2026\/03\/26\/entre-o-medo-e-a-esperanca-o-poder-do-espirito-santo-na-escatologia\/\",\"name\":\"Entre o medo e a esperan\u00e7a: O poder do Esp\u00edrito Santo na escatologia - R\u00e1dio Porto Seguro\",\"isPartOf\":{\"@id\":\"https:\/\/radioportoseguro.com.br\/site\/#website\"},\"primaryImageOfPage\":{\"@id\":\"https:\/\/radioportoseguro.com.br\/site\/2026\/03\/26\/entre-o-medo-e-a-esperanca-o-poder-do-espirito-santo-na-escatologia\/#primaryimage\"},\"image\":{\"@id\":\"https:\/\/radioportoseguro.com.br\/site\/2026\/03\/26\/entre-o-medo-e-a-esperanca-o-poder-do-espirito-santo-na-escatologia\/#primaryimage\"},\"thumbnailUrl\":\"https:\/\/radioportoseguro.com.br\/site\/wp-content\/uploads\/2026\/03\/1576245791-espirito-santo.jpg\",\"datePublished\":\"2026-03-26T09:03:14+00:00\",\"author\":{\"@id\":\"https:\/\/radioportoseguro.com.br\/site\/#\/schema\/person\/7630acdc320186f13639d3c067ec089b\"},\"breadcrumb\":{\"@id\":\"https:\/\/radioportoseguro.com.br\/site\/2026\/03\/26\/entre-o-medo-e-a-esperanca-o-poder-do-espirito-santo-na-escatologia\/#breadcrumb\"},\"inLanguage\":\"pt-BR\",\"potentialAction\":[{\"@type\":\"ReadAction\",\"target\":[\"https:\/\/radioportoseguro.com.br\/site\/2026\/03\/26\/entre-o-medo-e-a-esperanca-o-poder-do-espirito-santo-na-escatologia\/\"]}]},{\"@type\":\"ImageObject\",\"inLanguage\":\"pt-BR\",\"@id\":\"https:\/\/radioportoseguro.com.br\/site\/2026\/03\/26\/entre-o-medo-e-a-esperanca-o-poder-do-espirito-santo-na-escatologia\/#primaryimage\",\"url\":\"https:\/\/radioportoseguro.com.br\/site\/wp-content\/uploads\/2026\/03\/1576245791-espirito-santo.jpg\",\"contentUrl\":\"https:\/\/radioportoseguro.com.br\/site\/wp-content\/uploads\/2026\/03\/1576245791-espirito-santo.jpg\",\"width\":1200,\"height\":600},{\"@type\":\"BreadcrumbList\",\"@id\":\"https:\/\/radioportoseguro.com.br\/site\/2026\/03\/26\/entre-o-medo-e-a-esperanca-o-poder-do-espirito-santo-na-escatologia\/#breadcrumb\",\"itemListElement\":[{\"@type\":\"ListItem\",\"position\":1,\"name\":\"In\u00edcio\",\"item\":\"https:\/\/radioportoseguro.com.br\/site\/\"},{\"@type\":\"ListItem\",\"position\":2,\"name\":\"Entre o medo e a esperan\u00e7a: O poder do Esp\u00edrito Santo na escatologia\"}]},{\"@type\":\"WebSite\",\"@id\":\"https:\/\/radioportoseguro.com.br\/site\/#website\",\"url\":\"https:\/\/radioportoseguro.com.br\/site\/\",\"name\":\"R\u00e1dio Porto Seguro\",\"description\":\"\",\"potentialAction\":[{\"@type\":\"SearchAction\",\"target\":{\"@type\":\"EntryPoint\",\"urlTemplate\":\"https:\/\/radioportoseguro.com.br\/site\/?s={search_term_string}\"},\"query-input\":{\"@type\":\"PropertyValueSpecification\",\"valueRequired\":true,\"valueName\":\"search_term_string\"}}],\"inLanguage\":\"pt-BR\"},{\"@type\":\"Person\",\"@id\":\"https:\/\/radioportoseguro.com.br\/site\/#\/schema\/person\/7630acdc320186f13639d3c067ec089b\",\"name\":\"admin\",\"image\":{\"@type\":\"ImageObject\",\"inLanguage\":\"pt-BR\",\"@id\":\"https:\/\/radioportoseguro.com.br\/site\/#\/schema\/person\/image\/\",\"url\":\"https:\/\/secure.gravatar.com\/avatar\/caacf4dc1eedb68fab0df8e1ed46c448e578b2466351bbcb61e47d2ac0caaef0?s=96&d=mm&r=g\",\"contentUrl\":\"https:\/\/secure.gravatar.com\/avatar\/caacf4dc1eedb68fab0df8e1ed46c448e578b2466351bbcb61e47d2ac0caaef0?s=96&d=mm&r=g\",\"caption\":\"admin\"},\"sameAs\":[\"https:\/\/radioportoseguro.com.br\/site\"],\"url\":\"https:\/\/radioportoseguro.com.br\/site\/author\/hezio\/\"}]}<\/script>\n<!-- \/ Yoast SEO plugin. -->","yoast_head_json":{"title":"Entre o medo e a esperan\u00e7a: O poder do Esp\u00edrito Santo na escatologia - R\u00e1dio Porto Seguro","robots":{"index":"index","follow":"follow","max-snippet":"max-snippet:-1","max-image-preview":"max-image-preview:large","max-video-preview":"max-video-preview:-1"},"canonical":"https:\/\/radioportoseguro.com.br\/site\/2026\/03\/26\/entre-o-medo-e-a-esperanca-o-poder-do-espirito-santo-na-escatologia\/","og_locale":"pt_BR","og_type":"article","og_title":"Entre o medo e a esperan\u00e7a: O poder do Esp\u00edrito Santo na escatologia - R\u00e1dio Porto Seguro","og_description":"A escatologia crist\u00e3, ao longo da hist\u00f3ria, tem oscilado entre dois polos: o medo e a esperan\u00e7a. Em muitos contextos, o discurso sobre o fim dos tempos tem sido marcado por ansiedade, especula\u00e7\u00e3o e at\u00e9 certo sensacionalismo. Em outros, h\u00e1 uma tentativa de resgatar a confian\u00e7a na soberania de Deus e na consuma\u00e7\u00e3o de seu [&hellip;]","og_url":"https:\/\/radioportoseguro.com.br\/site\/2026\/03\/26\/entre-o-medo-e-a-esperanca-o-poder-do-espirito-santo-na-escatologia\/","og_site_name":"R\u00e1dio Porto Seguro","article_published_time":"2026-03-26T09:03:14+00:00","og_image":[{"url":"https:\/\/thumbor.guiame.com.br\/unsafe\/smart\/https:\/\/media.guiame.com.br\/archives\/2026\/03\/24\/2689457909-.png","type":"","width":"","height":""}],"author":"admin","twitter_card":"summary_large_image","twitter_misc":{"Escrito por":"admin","Est. tempo de leitura":"6 minutos"},"schema":{"@context":"https:\/\/schema.org","@graph":[{"@type":"Article","@id":"https:\/\/radioportoseguro.com.br\/site\/2026\/03\/26\/entre-o-medo-e-a-esperanca-o-poder-do-espirito-santo-na-escatologia\/#article","isPartOf":{"@id":"https:\/\/radioportoseguro.com.br\/site\/2026\/03\/26\/entre-o-medo-e-a-esperanca-o-poder-do-espirito-santo-na-escatologia\/"},"author":{"name":"admin","@id":"https:\/\/radioportoseguro.com.br\/site\/#\/schema\/person\/7630acdc320186f13639d3c067ec089b"},"headline":"Entre o medo e a esperan\u00e7a: O poder do Esp\u00edrito Santo na escatologia","datePublished":"2026-03-26T09:03:14+00:00","mainEntityOfPage":{"@id":"https:\/\/radioportoseguro.com.br\/site\/2026\/03\/26\/entre-o-medo-e-a-esperanca-o-poder-do-espirito-santo-na-escatologia\/"},"wordCount":1230,"image":{"@id":"https:\/\/radioportoseguro.com.br\/site\/2026\/03\/26\/entre-o-medo-e-a-esperanca-o-poder-do-espirito-santo-na-escatologia\/#primaryimage"},"thumbnailUrl":"https:\/\/radioportoseguro.com.br\/site\/wp-content\/uploads\/2026\/03\/1576245791-espirito-santo.jpg","articleSection":["Destaques"],"inLanguage":"pt-BR"},{"@type":"WebPage","@id":"https:\/\/radioportoseguro.com.br\/site\/2026\/03\/26\/entre-o-medo-e-a-esperanca-o-poder-do-espirito-santo-na-escatologia\/","url":"https:\/\/radioportoseguro.com.br\/site\/2026\/03\/26\/entre-o-medo-e-a-esperanca-o-poder-do-espirito-santo-na-escatologia\/","name":"Entre o medo e a esperan\u00e7a: O poder do Esp\u00edrito Santo na escatologia - R\u00e1dio Porto Seguro","isPartOf":{"@id":"https:\/\/radioportoseguro.com.br\/site\/#website"},"primaryImageOfPage":{"@id":"https:\/\/radioportoseguro.com.br\/site\/2026\/03\/26\/entre-o-medo-e-a-esperanca-o-poder-do-espirito-santo-na-escatologia\/#primaryimage"},"image":{"@id":"https:\/\/radioportoseguro.com.br\/site\/2026\/03\/26\/entre-o-medo-e-a-esperanca-o-poder-do-espirito-santo-na-escatologia\/#primaryimage"},"thumbnailUrl":"https:\/\/radioportoseguro.com.br\/site\/wp-content\/uploads\/2026\/03\/1576245791-espirito-santo.jpg","datePublished":"2026-03-26T09:03:14+00:00","author":{"@id":"https:\/\/radioportoseguro.com.br\/site\/#\/schema\/person\/7630acdc320186f13639d3c067ec089b"},"breadcrumb":{"@id":"https:\/\/radioportoseguro.com.br\/site\/2026\/03\/26\/entre-o-medo-e-a-esperanca-o-poder-do-espirito-santo-na-escatologia\/#breadcrumb"},"inLanguage":"pt-BR","potentialAction":[{"@type":"ReadAction","target":["https:\/\/radioportoseguro.com.br\/site\/2026\/03\/26\/entre-o-medo-e-a-esperanca-o-poder-do-espirito-santo-na-escatologia\/"]}]},{"@type":"ImageObject","inLanguage":"pt-BR","@id":"https:\/\/radioportoseguro.com.br\/site\/2026\/03\/26\/entre-o-medo-e-a-esperanca-o-poder-do-espirito-santo-na-escatologia\/#primaryimage","url":"https:\/\/radioportoseguro.com.br\/site\/wp-content\/uploads\/2026\/03\/1576245791-espirito-santo.jpg","contentUrl":"https:\/\/radioportoseguro.com.br\/site\/wp-content\/uploads\/2026\/03\/1576245791-espirito-santo.jpg","width":1200,"height":600},{"@type":"BreadcrumbList","@id":"https:\/\/radioportoseguro.com.br\/site\/2026\/03\/26\/entre-o-medo-e-a-esperanca-o-poder-do-espirito-santo-na-escatologia\/#breadcrumb","itemListElement":[{"@type":"ListItem","position":1,"name":"In\u00edcio","item":"https:\/\/radioportoseguro.com.br\/site\/"},{"@type":"ListItem","position":2,"name":"Entre o medo e a esperan\u00e7a: O poder do Esp\u00edrito Santo na escatologia"}]},{"@type":"WebSite","@id":"https:\/\/radioportoseguro.com.br\/site\/#website","url":"https:\/\/radioportoseguro.com.br\/site\/","name":"R\u00e1dio Porto Seguro","description":"","potentialAction":[{"@type":"SearchAction","target":{"@type":"EntryPoint","urlTemplate":"https:\/\/radioportoseguro.com.br\/site\/?s={search_term_string}"},"query-input":{"@type":"PropertyValueSpecification","valueRequired":true,"valueName":"search_term_string"}}],"inLanguage":"pt-BR"},{"@type":"Person","@id":"https:\/\/radioportoseguro.com.br\/site\/#\/schema\/person\/7630acdc320186f13639d3c067ec089b","name":"admin","image":{"@type":"ImageObject","inLanguage":"pt-BR","@id":"https:\/\/radioportoseguro.com.br\/site\/#\/schema\/person\/image\/","url":"https:\/\/secure.gravatar.com\/avatar\/caacf4dc1eedb68fab0df8e1ed46c448e578b2466351bbcb61e47d2ac0caaef0?s=96&d=mm&r=g","contentUrl":"https:\/\/secure.gravatar.com\/avatar\/caacf4dc1eedb68fab0df8e1ed46c448e578b2466351bbcb61e47d2ac0caaef0?s=96&d=mm&r=g","caption":"admin"},"sameAs":["https:\/\/radioportoseguro.com.br\/site"],"url":"https:\/\/radioportoseguro.com.br\/site\/author\/hezio\/"}]}},"_links":{"self":[{"href":"https:\/\/radioportoseguro.com.br\/site\/wp-json\/wp\/v2\/posts\/5390","targetHints":{"allow":["GET"]}}],"collection":[{"href":"https:\/\/radioportoseguro.com.br\/site\/wp-json\/wp\/v2\/posts"}],"about":[{"href":"https:\/\/radioportoseguro.com.br\/site\/wp-json\/wp\/v2\/types\/post"}],"author":[{"embeddable":true,"href":"https:\/\/radioportoseguro.com.br\/site\/wp-json\/wp\/v2\/users\/1"}],"replies":[{"embeddable":true,"href":"https:\/\/radioportoseguro.com.br\/site\/wp-json\/wp\/v2\/comments?post=5390"}],"version-history":[{"count":0,"href":"https:\/\/radioportoseguro.com.br\/site\/wp-json\/wp\/v2\/posts\/5390\/revisions"}],"wp:featuredmedia":[{"embeddable":true,"href":"https:\/\/radioportoseguro.com.br\/site\/wp-json\/wp\/v2\/media\/5391"}],"wp:attachment":[{"href":"https:\/\/radioportoseguro.com.br\/site\/wp-json\/wp\/v2\/media?parent=5390"}],"wp:term":[{"taxonomy":"category","embeddable":true,"href":"https:\/\/radioportoseguro.com.br\/site\/wp-json\/wp\/v2\/categories?post=5390"},{"taxonomy":"post_tag","embeddable":true,"href":"https:\/\/radioportoseguro.com.br\/site\/wp-json\/wp\/v2\/tags?post=5390"}],"curies":[{"name":"wp","href":"https:\/\/api.w.org\/{rel}","templated":true}]}}