{"id":5398,"date":"2026-03-26T12:25:52","date_gmt":"2026-03-26T15:25:52","guid":{"rendered":"https:\/\/radioportoseguro.com.br\/site\/2026\/03\/26\/menino-de-6-anos-inspira-ao-levar-pastor-a-abrir-igreja-fora-de-horario-para-adorar-a-deus\/"},"modified":"2026-03-26T12:25:52","modified_gmt":"2026-03-26T15:25:52","slug":"menino-de-6-anos-inspira-ao-levar-pastor-a-abrir-igreja-fora-de-horario-para-adorar-a-deus","status":"publish","type":"post","link":"https:\/\/radioportoseguro.com.br\/site\/2026\/03\/26\/menino-de-6-anos-inspira-ao-levar-pastor-a-abrir-igreja-fora-de-horario-para-adorar-a-deus\/","title":{"rendered":"Menino de 6 anos inspira ao levar pastor a abrir igreja fora de hor\u00e1rio para adorar a Deus"},"content":{"rendered":"<p><br \/>\n<br \/><\/p>\n<div>\n<p><span style=\"font-weight: 400;\">Um menino de 6 anos com <\/span><span style=\"color: #993300;\"><strong>s\u00edndrome de Down<\/strong><\/span><span style=\"font-weight: 400;\"> emocionou milhares ao insistir para ir \u00e0 igreja durante a noite. Mesmo com o templo fechado, o pastor decidiu abrir as portas para que ele pudesse adorar a Deus.<\/span><\/p>\n<p><span style=\"font-weight: 400;\">O caso aconteceu em Nova Guataporanga, munic\u00edpio de S\u00e3o Paulo, e foi compartilhado pelo pai de Lucas, o empres\u00e1rio e escritor Juarez Amorim. Segundo ele, o filho come\u00e7ou a chorar e se recusou a vestir o pijama, pedindo para ir \u00e0 igreja.<\/span><\/p>\n<p><span style=\"font-weight: 400;\">\u201cEstou aqui com o Lucas. Fomos ao culto ontem, mas agora ele quer ir para a igreja, e eu tenho que lev\u00e1-lo l\u00e1 para ver que a igreja est\u00e1 fechada. Eu costumo dizer que, l\u00e1 em casa, o mais crente \u00e9 o Lucas, o \u00fanico que chora para ir para a igreja. Estou indo l\u00e1 agora mostrar para ele que a igreja est\u00e1 fechada\u201d, disse Juarez enquanto dirigia a caminho do templo.<\/span><\/p>\n<p><span style=\"font-weight: 400;\">Ao chegar no local, eles entraram em contato com o pastor Jos\u00e9 Cilvaney da Silva, que se sensibilizou com a situa\u00e7\u00e3o e abriu a igreja especialmente para o menino: \u201cPedimos para o pastor abrir a igreja para a gente cantar um louvor\u201d.<\/span><\/p>\n<blockquote class=\"instagram-media\" style=\"background: #FFF; border: 0; border-radius: 3px; box-shadow: 0 0 1px 0 rgba(0,0,0,0.5),0 1px 10px 0 rgba(0,0,0,0.15); margin: 1px; max-width: 540px; min-width: 326px; padding: 0; width: calc(100% - 2px);\" data-instgrm-permalink=\"https:\/\/www.instagram.com\/reel\/DWNTlOdDAQd\/?utm_source=ig_embed&amp;utm_campaign=loading\" data-instgrm-version=\"14\"><p>&#13;<br \/>\n&#13;\n<\/p><\/blockquote>\n<p><strong>Adora\u00e7\u00e3o espont\u00e2nea<\/strong><\/p>\n<p><span style=\"font-weight: 400;\">Ansioso, Lucas aguardou a abertura do templo e continuou insistindo em ir \u00e0 igreja. Ap\u00f3s o pastor abrir a congrega\u00e7\u00e3o, pai e filho participaram de um momento de louvor e ora\u00e7\u00e3o.\u00a0<\/span><\/p>\n<p><span style=\"font-weight: 400;\">O pastor tamb\u00e9m compartilhou uma breve palavra, transformando a visita inesperada em um <\/span><span style=\"color: #993300;\"><strong>culto espont\u00e2neo<\/strong><\/span><span style=\"font-weight: 400;\">.<\/span><\/p>\n<p><span style=\"font-weight: 400;\">No v\u00eddeo, Lucas aparece louvando a Deus e adorando. Sem hesitar, ele se levanta da cadeira, estende as m\u00e3os e adora ao Senhor no meio da igreja.<\/span><\/p>\n<p><span style=\"font-weight: 400;\">Mesmo ap\u00f3s participar do culto e ter a igreja aberta s\u00f3 para ele, Lucas foi para casa chorando, pois n\u00e3o queria sair.<\/span><\/p>\n<blockquote class=\"instagram-media\" style=\"background: #FFF; border: 0; border-radius: 3px; box-shadow: 0 0 1px 0 rgba(0,0,0,0.5),0 1px 10px 0 rgba(0,0,0,0.15); margin: 1px; max-width: 540px; min-width: 326px; padding: 0; width: calc(100% - 2px);\" data-instgrm-permalink=\"https:\/\/www.instagram.com\/reel\/DWP77jFjGv4\/?utm_source=ig_embed&amp;utm_campaign=loading\" data-instgrm-version=\"14\"><p>&#13;<br \/>\n&#13;\n<\/p><\/blockquote>\n<p><span style=\"font-weight: 400;\">No Instagram, Juarez compartilha momentos em que Lucas costuma inspirar muitas pessoas: \u201cLucas \u00e9 muito sens\u00edvel \u00e0 presen\u00e7a do Esp\u00edrito Santo\u201d, afirmou o pai.<\/span><\/p>\n<p><span style=\"font-weight: 400;\">Nas igrejas, ele pede para participar do momento de louvor, ora pelas pessoas e, do seu jeito, deixa uma mensagem. Al\u00e9m disso, acompanha o pai em visitas e intercede pelos enfermos.<\/span><\/p>\n<blockquote class=\"instagram-media\" style=\"background: #FFF; border: 0; border-radius: 3px; box-shadow: 0 0 1px 0 rgba(0,0,0,0.5),0 1px 10px 0 rgba(0,0,0,0.15); margin: 1px; max-width: 540px; min-width: 326px; padding: 0; width: calc(100% - 2px);\" data-instgrm-permalink=\"https:\/\/www.instagram.com\/reel\/DWMkJOAEaaD\/?utm_source=ig_embed&amp;utm_campaign=loading\" data-instgrm-version=\"14\"><p>&#13;<br \/>\n&#13;\n<\/p><\/blockquote>\n<p><strong>Testemunho da paternidade<\/strong><\/p>\n<p><span style=\"font-weight: 400;\">Para Juarez, pai de Lucas e Samuel, de 8 anos, ser pai \u00e9 um milagre de Deus. Em 2025, durante a celebra\u00e7\u00e3o do Dia dos Pais, ele testemunhou que o poder de Jesus superou o progn\u00f3stico m\u00e9dico de infertilidade.<\/span><\/p>\n<p><span style=\"font-weight: 400;\">\u201cEu amanheci determinado a conversar com Deus e explicar a minha situa\u00e7\u00e3o. E, nesse dia, eu coloquei louvores enquanto trabalhava e fiquei orando o dia todo, chorando na presen\u00e7a de Deus, e eu falava duas coisas: \u2018Senhor, como que eu n\u00e3o vou escutar: \u2018Papai, eu te amo?\u2019. E como eu vou chegar em casa sem ouvir: \u2018Papai\u2019\u201d, disse Juarez \u00e0 TV Fronteira, afiliada da rede Globo.<\/span><\/p>\n<p><span style=\"font-weight: 400;\">Naquela noite, ao final de um culto, o pastor fez uma ora\u00e7\u00e3o e Juarez relatou: \u201cEle olhou nos meus olhos e disse: \u2018A ora\u00e7\u00e3o que voc\u00ea fez hoje, Deus ouviu e aquilo que voc\u00ea pediu em ora\u00e7\u00e3o, Deus est\u00e1 enviando\u2019\u201d.<\/span><\/p>\n<blockquote class=\"instagram-media\" style=\"background: #FFF; border: 0; border-radius: 3px; box-shadow: 0 0 1px 0 rgba(0,0,0,0.5),0 1px 10px 0 rgba(0,0,0,0.15); margin: 1px; max-width: 540px; min-width: 326px; padding: 0; width: calc(100% - 2px);\" data-instgrm-permalink=\"https:\/\/www.instagram.com\/reel\/DNJS-6XxBWA\/?utm_source=ig_embed&amp;utm_campaign=loading\" data-instgrm-version=\"14\"><p>&#13;<br \/>\n&#13;\n<\/p><\/blockquote>\n<p><span style=\"font-weight: 400;\">Hoje, Juarez vive a resposta de suas ora\u00e7\u00f5es e \u00e9 grato a Deus pela forma como os filhos demonstram seu amor por ele.<\/span><\/p>\n<p><span style=\"font-weight: 400;\">\u201cFoi a minha ora\u00e7\u00e3o. Todos os dias dentro da minha casa, eu tenho Deus e eu ou\u00e7o o Senhor atrav\u00e9s dos meus filhos\u201d, concluiu.<\/span><\/p>\n<\/div>\n<p><script async src=\"\/\/www.instagram.com\/embed.js\"><\/script><br \/>\n<br \/><br \/>\n<br \/>Fonte: Guiame <\/p>\n","protected":false},"excerpt":{"rendered":"<p>Um menino de 6 anos com s\u00edndrome de Down emocionou milhares ao insistir para ir \u00e0 igreja durante a noite. Mesmo com o templo fechado, o pastor decidiu abrir as portas para que ele pudesse adorar a Deus. O caso aconteceu em Nova Guataporanga, munic\u00edpio de S\u00e3o Paulo, e foi compartilhado pelo pai de Lucas, [&hellip;]<\/p>\n","protected":false},"author":1,"featured_media":5399,"comment_status":"","ping_status":"open","sticky":false,"template":"","format":"standard","meta":{"footnotes":""},"categories":[43],"tags":[],"class_list":["post-5398","post","type-post","status-publish","format-standard","has-post-thumbnail","hentry","category-destaques"],"yoast_head":"<!-- This site is optimized with the Yoast SEO plugin v26.8 - https:\/\/yoast.com\/product\/yoast-seo-wordpress\/ -->\n<title>Menino de 6 anos inspira ao levar pastor a abrir igreja fora de hor\u00e1rio para adorar a Deus - R\u00e1dio Porto Seguro<\/title>\n<meta name=\"robots\" content=\"index, follow, max-snippet:-1, max-image-preview:large, max-video-preview:-1\" \/>\n<link rel=\"canonical\" href=\"https:\/\/radioportoseguro.com.br\/site\/2026\/03\/26\/menino-de-6-anos-inspira-ao-levar-pastor-a-abrir-igreja-fora-de-horario-para-adorar-a-deus\/\" \/>\n<meta property=\"og:locale\" content=\"pt_BR\" \/>\n<meta property=\"og:type\" content=\"article\" \/>\n<meta property=\"og:title\" content=\"Menino de 6 anos inspira ao levar pastor a abrir igreja fora de hor\u00e1rio para adorar a Deus - R\u00e1dio Porto Seguro\" \/>\n<meta property=\"og:description\" content=\"Um menino de 6 anos com s\u00edndrome de Down emocionou milhares ao insistir para ir \u00e0 igreja durante a noite. Mesmo com o templo fechado, o pastor decidiu abrir as portas para que ele pudesse adorar a Deus. O caso aconteceu em Nova Guataporanga, munic\u00edpio de S\u00e3o Paulo, e foi compartilhado pelo pai de Lucas, [&hellip;]\" \/>\n<meta property=\"og:url\" content=\"https:\/\/radioportoseguro.com.br\/site\/2026\/03\/26\/menino-de-6-anos-inspira-ao-levar-pastor-a-abrir-igreja-fora-de-horario-para-adorar-a-deus\/\" \/>\n<meta property=\"og:site_name\" content=\"R\u00e1dio Porto Seguro\" \/>\n<meta property=\"article:published_time\" content=\"2026-03-26T15:25:52+00:00\" \/>\n<meta property=\"og:image\" content=\"https:\/\/media.guiame.com.br\/archives\/2026\/03\/24\/3310452360-lucas-aguardou-igreja-abrir-para-adorar-deus.jpeg\" \/>\n<meta name=\"author\" content=\"admin\" \/>\n<meta name=\"twitter:card\" content=\"summary_large_image\" \/>\n<meta name=\"twitter:label1\" content=\"Escrito por\" \/>\n\t<meta name=\"twitter:data1\" content=\"admin\" \/>\n\t<meta name=\"twitter:label2\" content=\"Est. tempo de leitura\" \/>\n\t<meta name=\"twitter:data2\" content=\"3 minutos\" \/>\n<script type=\"application\/ld+json\" class=\"yoast-schema-graph\">{\"@context\":\"https:\/\/schema.org\",\"@graph\":[{\"@type\":\"Article\",\"@id\":\"https:\/\/radioportoseguro.com.br\/site\/2026\/03\/26\/menino-de-6-anos-inspira-ao-levar-pastor-a-abrir-igreja-fora-de-horario-para-adorar-a-deus\/#article\",\"isPartOf\":{\"@id\":\"https:\/\/radioportoseguro.com.br\/site\/2026\/03\/26\/menino-de-6-anos-inspira-ao-levar-pastor-a-abrir-igreja-fora-de-horario-para-adorar-a-deus\/\"},\"author\":{\"name\":\"admin\",\"@id\":\"https:\/\/radioportoseguro.com.br\/site\/#\/schema\/person\/7630acdc320186f13639d3c067ec089b\"},\"headline\":\"Menino de 6 anos inspira ao levar pastor a abrir igreja fora de hor\u00e1rio para adorar a Deus\",\"datePublished\":\"2026-03-26T15:25:52+00:00\",\"mainEntityOfPage\":{\"@id\":\"https:\/\/radioportoseguro.com.br\/site\/2026\/03\/26\/menino-de-6-anos-inspira-ao-levar-pastor-a-abrir-igreja-fora-de-horario-para-adorar-a-deus\/\"},\"wordCount\":586,\"image\":{\"@id\":\"https:\/\/radioportoseguro.com.br\/site\/2026\/03\/26\/menino-de-6-anos-inspira-ao-levar-pastor-a-abrir-igreja-fora-de-horario-para-adorar-a-deus\/#primaryimage\"},\"thumbnailUrl\":\"https:\/\/radioportoseguro.com.br\/site\/wp-content\/uploads\/2026\/03\/3310452360-lucas-aguardou-igreja-abrir-para-adorar-deus.jpeg\",\"articleSection\":[\"Destaques\"],\"inLanguage\":\"pt-BR\"},{\"@type\":\"WebPage\",\"@id\":\"https:\/\/radioportoseguro.com.br\/site\/2026\/03\/26\/menino-de-6-anos-inspira-ao-levar-pastor-a-abrir-igreja-fora-de-horario-para-adorar-a-deus\/\",\"url\":\"https:\/\/radioportoseguro.com.br\/site\/2026\/03\/26\/menino-de-6-anos-inspira-ao-levar-pastor-a-abrir-igreja-fora-de-horario-para-adorar-a-deus\/\",\"name\":\"Menino de 6 anos inspira ao levar pastor a abrir igreja fora de hor\u00e1rio para adorar a Deus - R\u00e1dio Porto Seguro\",\"isPartOf\":{\"@id\":\"https:\/\/radioportoseguro.com.br\/site\/#website\"},\"primaryImageOfPage\":{\"@id\":\"https:\/\/radioportoseguro.com.br\/site\/2026\/03\/26\/menino-de-6-anos-inspira-ao-levar-pastor-a-abrir-igreja-fora-de-horario-para-adorar-a-deus\/#primaryimage\"},\"image\":{\"@id\":\"https:\/\/radioportoseguro.com.br\/site\/2026\/03\/26\/menino-de-6-anos-inspira-ao-levar-pastor-a-abrir-igreja-fora-de-horario-para-adorar-a-deus\/#primaryimage\"},\"thumbnailUrl\":\"https:\/\/radioportoseguro.com.br\/site\/wp-content\/uploads\/2026\/03\/3310452360-lucas-aguardou-igreja-abrir-para-adorar-deus.jpeg\",\"datePublished\":\"2026-03-26T15:25:52+00:00\",\"author\":{\"@id\":\"https:\/\/radioportoseguro.com.br\/site\/#\/schema\/person\/7630acdc320186f13639d3c067ec089b\"},\"breadcrumb\":{\"@id\":\"https:\/\/radioportoseguro.com.br\/site\/2026\/03\/26\/menino-de-6-anos-inspira-ao-levar-pastor-a-abrir-igreja-fora-de-horario-para-adorar-a-deus\/#breadcrumb\"},\"inLanguage\":\"pt-BR\",\"potentialAction\":[{\"@type\":\"ReadAction\",\"target\":[\"https:\/\/radioportoseguro.com.br\/site\/2026\/03\/26\/menino-de-6-anos-inspira-ao-levar-pastor-a-abrir-igreja-fora-de-horario-para-adorar-a-deus\/\"]}]},{\"@type\":\"ImageObject\",\"inLanguage\":\"pt-BR\",\"@id\":\"https:\/\/radioportoseguro.com.br\/site\/2026\/03\/26\/menino-de-6-anos-inspira-ao-levar-pastor-a-abrir-igreja-fora-de-horario-para-adorar-a-deus\/#primaryimage\",\"url\":\"https:\/\/radioportoseguro.com.br\/site\/wp-content\/uploads\/2026\/03\/3310452360-lucas-aguardou-igreja-abrir-para-adorar-deus.jpeg\",\"contentUrl\":\"https:\/\/radioportoseguro.com.br\/site\/wp-content\/uploads\/2026\/03\/3310452360-lucas-aguardou-igreja-abrir-para-adorar-deus.jpeg\",\"width\":1200,\"height\":600},{\"@type\":\"BreadcrumbList\",\"@id\":\"https:\/\/radioportoseguro.com.br\/site\/2026\/03\/26\/menino-de-6-anos-inspira-ao-levar-pastor-a-abrir-igreja-fora-de-horario-para-adorar-a-deus\/#breadcrumb\",\"itemListElement\":[{\"@type\":\"ListItem\",\"position\":1,\"name\":\"In\u00edcio\",\"item\":\"https:\/\/radioportoseguro.com.br\/site\/\"},{\"@type\":\"ListItem\",\"position\":2,\"name\":\"Menino de 6 anos inspira ao levar pastor a abrir igreja fora de hor\u00e1rio para adorar a Deus\"}]},{\"@type\":\"WebSite\",\"@id\":\"https:\/\/radioportoseguro.com.br\/site\/#website\",\"url\":\"https:\/\/radioportoseguro.com.br\/site\/\",\"name\":\"R\u00e1dio Porto Seguro\",\"description\":\"\",\"potentialAction\":[{\"@type\":\"SearchAction\",\"target\":{\"@type\":\"EntryPoint\",\"urlTemplate\":\"https:\/\/radioportoseguro.com.br\/site\/?s={search_term_string}\"},\"query-input\":{\"@type\":\"PropertyValueSpecification\",\"valueRequired\":true,\"valueName\":\"search_term_string\"}}],\"inLanguage\":\"pt-BR\"},{\"@type\":\"Person\",\"@id\":\"https:\/\/radioportoseguro.com.br\/site\/#\/schema\/person\/7630acdc320186f13639d3c067ec089b\",\"name\":\"admin\",\"image\":{\"@type\":\"ImageObject\",\"inLanguage\":\"pt-BR\",\"@id\":\"https:\/\/radioportoseguro.com.br\/site\/#\/schema\/person\/image\/\",\"url\":\"https:\/\/secure.gravatar.com\/avatar\/caacf4dc1eedb68fab0df8e1ed46c448e578b2466351bbcb61e47d2ac0caaef0?s=96&d=mm&r=g\",\"contentUrl\":\"https:\/\/secure.gravatar.com\/avatar\/caacf4dc1eedb68fab0df8e1ed46c448e578b2466351bbcb61e47d2ac0caaef0?s=96&d=mm&r=g\",\"caption\":\"admin\"},\"sameAs\":[\"https:\/\/radioportoseguro.com.br\/site\"],\"url\":\"https:\/\/radioportoseguro.com.br\/site\/author\/hezio\/\"}]}<\/script>\n<!-- \/ Yoast SEO plugin. -->","yoast_head_json":{"title":"Menino de 6 anos inspira ao levar pastor a abrir igreja fora de hor\u00e1rio para adorar a Deus - R\u00e1dio Porto Seguro","robots":{"index":"index","follow":"follow","max-snippet":"max-snippet:-1","max-image-preview":"max-image-preview:large","max-video-preview":"max-video-preview:-1"},"canonical":"https:\/\/radioportoseguro.com.br\/site\/2026\/03\/26\/menino-de-6-anos-inspira-ao-levar-pastor-a-abrir-igreja-fora-de-horario-para-adorar-a-deus\/","og_locale":"pt_BR","og_type":"article","og_title":"Menino de 6 anos inspira ao levar pastor a abrir igreja fora de hor\u00e1rio para adorar a Deus - R\u00e1dio Porto Seguro","og_description":"Um menino de 6 anos com s\u00edndrome de Down emocionou milhares ao insistir para ir \u00e0 igreja durante a noite. Mesmo com o templo fechado, o pastor decidiu abrir as portas para que ele pudesse adorar a Deus. O caso aconteceu em Nova Guataporanga, munic\u00edpio de S\u00e3o Paulo, e foi compartilhado pelo pai de Lucas, [&hellip;]","og_url":"https:\/\/radioportoseguro.com.br\/site\/2026\/03\/26\/menino-de-6-anos-inspira-ao-levar-pastor-a-abrir-igreja-fora-de-horario-para-adorar-a-deus\/","og_site_name":"R\u00e1dio Porto Seguro","article_published_time":"2026-03-26T15:25:52+00:00","og_image":[{"url":"https:\/\/media.guiame.com.br\/archives\/2026\/03\/24\/3310452360-lucas-aguardou-igreja-abrir-para-adorar-deus.jpeg","type":"","width":"","height":""}],"author":"admin","twitter_card":"summary_large_image","twitter_misc":{"Escrito por":"admin","Est. tempo de leitura":"3 minutos"},"schema":{"@context":"https:\/\/schema.org","@graph":[{"@type":"Article","@id":"https:\/\/radioportoseguro.com.br\/site\/2026\/03\/26\/menino-de-6-anos-inspira-ao-levar-pastor-a-abrir-igreja-fora-de-horario-para-adorar-a-deus\/#article","isPartOf":{"@id":"https:\/\/radioportoseguro.com.br\/site\/2026\/03\/26\/menino-de-6-anos-inspira-ao-levar-pastor-a-abrir-igreja-fora-de-horario-para-adorar-a-deus\/"},"author":{"name":"admin","@id":"https:\/\/radioportoseguro.com.br\/site\/#\/schema\/person\/7630acdc320186f13639d3c067ec089b"},"headline":"Menino de 6 anos inspira ao levar pastor a abrir igreja fora de hor\u00e1rio para adorar a Deus","datePublished":"2026-03-26T15:25:52+00:00","mainEntityOfPage":{"@id":"https:\/\/radioportoseguro.com.br\/site\/2026\/03\/26\/menino-de-6-anos-inspira-ao-levar-pastor-a-abrir-igreja-fora-de-horario-para-adorar-a-deus\/"},"wordCount":586,"image":{"@id":"https:\/\/radioportoseguro.com.br\/site\/2026\/03\/26\/menino-de-6-anos-inspira-ao-levar-pastor-a-abrir-igreja-fora-de-horario-para-adorar-a-deus\/#primaryimage"},"thumbnailUrl":"https:\/\/radioportoseguro.com.br\/site\/wp-content\/uploads\/2026\/03\/3310452360-lucas-aguardou-igreja-abrir-para-adorar-deus.jpeg","articleSection":["Destaques"],"inLanguage":"pt-BR"},{"@type":"WebPage","@id":"https:\/\/radioportoseguro.com.br\/site\/2026\/03\/26\/menino-de-6-anos-inspira-ao-levar-pastor-a-abrir-igreja-fora-de-horario-para-adorar-a-deus\/","url":"https:\/\/radioportoseguro.com.br\/site\/2026\/03\/26\/menino-de-6-anos-inspira-ao-levar-pastor-a-abrir-igreja-fora-de-horario-para-adorar-a-deus\/","name":"Menino de 6 anos inspira ao levar pastor a abrir igreja fora de hor\u00e1rio para adorar a Deus - R\u00e1dio Porto Seguro","isPartOf":{"@id":"https:\/\/radioportoseguro.com.br\/site\/#website"},"primaryImageOfPage":{"@id":"https:\/\/radioportoseguro.com.br\/site\/2026\/03\/26\/menino-de-6-anos-inspira-ao-levar-pastor-a-abrir-igreja-fora-de-horario-para-adorar-a-deus\/#primaryimage"},"image":{"@id":"https:\/\/radioportoseguro.com.br\/site\/2026\/03\/26\/menino-de-6-anos-inspira-ao-levar-pastor-a-abrir-igreja-fora-de-horario-para-adorar-a-deus\/#primaryimage"},"thumbnailUrl":"https:\/\/radioportoseguro.com.br\/site\/wp-content\/uploads\/2026\/03\/3310452360-lucas-aguardou-igreja-abrir-para-adorar-deus.jpeg","datePublished":"2026-03-26T15:25:52+00:00","author":{"@id":"https:\/\/radioportoseguro.com.br\/site\/#\/schema\/person\/7630acdc320186f13639d3c067ec089b"},"breadcrumb":{"@id":"https:\/\/radioportoseguro.com.br\/site\/2026\/03\/26\/menino-de-6-anos-inspira-ao-levar-pastor-a-abrir-igreja-fora-de-horario-para-adorar-a-deus\/#breadcrumb"},"inLanguage":"pt-BR","potentialAction":[{"@type":"ReadAction","target":["https:\/\/radioportoseguro.com.br\/site\/2026\/03\/26\/menino-de-6-anos-inspira-ao-levar-pastor-a-abrir-igreja-fora-de-horario-para-adorar-a-deus\/"]}]},{"@type":"ImageObject","inLanguage":"pt-BR","@id":"https:\/\/radioportoseguro.com.br\/site\/2026\/03\/26\/menino-de-6-anos-inspira-ao-levar-pastor-a-abrir-igreja-fora-de-horario-para-adorar-a-deus\/#primaryimage","url":"https:\/\/radioportoseguro.com.br\/site\/wp-content\/uploads\/2026\/03\/3310452360-lucas-aguardou-igreja-abrir-para-adorar-deus.jpeg","contentUrl":"https:\/\/radioportoseguro.com.br\/site\/wp-content\/uploads\/2026\/03\/3310452360-lucas-aguardou-igreja-abrir-para-adorar-deus.jpeg","width":1200,"height":600},{"@type":"BreadcrumbList","@id":"https:\/\/radioportoseguro.com.br\/site\/2026\/03\/26\/menino-de-6-anos-inspira-ao-levar-pastor-a-abrir-igreja-fora-de-horario-para-adorar-a-deus\/#breadcrumb","itemListElement":[{"@type":"ListItem","position":1,"name":"In\u00edcio","item":"https:\/\/radioportoseguro.com.br\/site\/"},{"@type":"ListItem","position":2,"name":"Menino de 6 anos inspira ao levar pastor a abrir igreja fora de hor\u00e1rio para adorar a Deus"}]},{"@type":"WebSite","@id":"https:\/\/radioportoseguro.com.br\/site\/#website","url":"https:\/\/radioportoseguro.com.br\/site\/","name":"R\u00e1dio Porto Seguro","description":"","potentialAction":[{"@type":"SearchAction","target":{"@type":"EntryPoint","urlTemplate":"https:\/\/radioportoseguro.com.br\/site\/?s={search_term_string}"},"query-input":{"@type":"PropertyValueSpecification","valueRequired":true,"valueName":"search_term_string"}}],"inLanguage":"pt-BR"},{"@type":"Person","@id":"https:\/\/radioportoseguro.com.br\/site\/#\/schema\/person\/7630acdc320186f13639d3c067ec089b","name":"admin","image":{"@type":"ImageObject","inLanguage":"pt-BR","@id":"https:\/\/radioportoseguro.com.br\/site\/#\/schema\/person\/image\/","url":"https:\/\/secure.gravatar.com\/avatar\/caacf4dc1eedb68fab0df8e1ed46c448e578b2466351bbcb61e47d2ac0caaef0?s=96&d=mm&r=g","contentUrl":"https:\/\/secure.gravatar.com\/avatar\/caacf4dc1eedb68fab0df8e1ed46c448e578b2466351bbcb61e47d2ac0caaef0?s=96&d=mm&r=g","caption":"admin"},"sameAs":["https:\/\/radioportoseguro.com.br\/site"],"url":"https:\/\/radioportoseguro.com.br\/site\/author\/hezio\/"}]}},"_links":{"self":[{"href":"https:\/\/radioportoseguro.com.br\/site\/wp-json\/wp\/v2\/posts\/5398","targetHints":{"allow":["GET"]}}],"collection":[{"href":"https:\/\/radioportoseguro.com.br\/site\/wp-json\/wp\/v2\/posts"}],"about":[{"href":"https:\/\/radioportoseguro.com.br\/site\/wp-json\/wp\/v2\/types\/post"}],"author":[{"embeddable":true,"href":"https:\/\/radioportoseguro.com.br\/site\/wp-json\/wp\/v2\/users\/1"}],"replies":[{"embeddable":true,"href":"https:\/\/radioportoseguro.com.br\/site\/wp-json\/wp\/v2\/comments?post=5398"}],"version-history":[{"count":0,"href":"https:\/\/radioportoseguro.com.br\/site\/wp-json\/wp\/v2\/posts\/5398\/revisions"}],"wp:featuredmedia":[{"embeddable":true,"href":"https:\/\/radioportoseguro.com.br\/site\/wp-json\/wp\/v2\/media\/5399"}],"wp:attachment":[{"href":"https:\/\/radioportoseguro.com.br\/site\/wp-json\/wp\/v2\/media?parent=5398"}],"wp:term":[{"taxonomy":"category","embeddable":true,"href":"https:\/\/radioportoseguro.com.br\/site\/wp-json\/wp\/v2\/categories?post=5398"},{"taxonomy":"post_tag","embeddable":true,"href":"https:\/\/radioportoseguro.com.br\/site\/wp-json\/wp\/v2\/tags?post=5398"}],"curies":[{"name":"wp","href":"https:\/\/api.w.org\/{rel}","templated":true}]}}