{"id":5434,"date":"2026-03-27T11:21:00","date_gmt":"2026-03-27T14:21:00","guid":{"rendered":"https:\/\/radioportoseguro.com.br\/site\/2026\/03\/27\/quando-o-regime-cair-precisamos-de-cristaos-prontos-para-ir-pregar-no-ira-diz-iraniana\/"},"modified":"2026-03-27T11:21:00","modified_gmt":"2026-03-27T14:21:00","slug":"quando-o-regime-cair-precisamos-de-cristaos-prontos-para-ir-pregar-no-ira-diz-iraniana","status":"publish","type":"post","link":"https:\/\/radioportoseguro.com.br\/site\/2026\/03\/27\/quando-o-regime-cair-precisamos-de-cristaos-prontos-para-ir-pregar-no-ira-diz-iraniana\/","title":{"rendered":"\u201cQuando o regime cair, precisamos de crist\u00e3os prontos para ir pregar no Ir\u00e3&#8221;, diz iraniana"},"content":{"rendered":"<p><br \/>\n<br \/><\/p>\n<div>\n<p><span style=\"font-weight: 400;\">Como uma ex-l\u00edder de igrejas dom\u00e9sticas no <\/span><span style=\"color: #800000;\"><strong>Ir\u00e3<\/strong><\/span><span style=\"font-weight: 400;\">, Rostampour Keller sabe bem como o regime isl\u00e2mico tem <\/span><span style=\"color: #800000;\"><strong>reprimido a f\u00e9 crist\u00e3<\/strong><\/span><span style=\"font-weight: 400;\"> no pa\u00eds.<\/span><\/p>\n<p><span style=\"font-weight: 400;\">A iraniana conheceu o Evangelho aos 17 anos, atrav\u00e9s de um livro evangel\u00edstico entregue por uma igreja pentecostal pr\u00f3ximo a sua casa. A jovem foi poderosamente tocada por Deus.<\/span><\/p>\n<p><span style=\"font-weight: 400;\">&#8220;Foi a primeira vez na minha vida que ouvi que Jesus \u00e9 o Filho de Deus. Ouvi que Ele foi \u00e0 cruz pelos meus pecados. Mas nenhuma das palavras soou estranha para mim. Por isso, quando cheguei \u00e0 \u00faltima p\u00e1gina do livreto, eu estava chorando. Fiquei no meu quarto por tr\u00eas horas. Fiquei impressionada com a presen\u00e7a de Deus e seu amor&#8221;, lembrou Rostampour, em v\u00eddeo da World Prayer Network no YouTube.<\/span><\/p>\n<p><span style=\"font-weight: 400;\">Ap\u00f3s sua convers\u00e3o, a iraniana se preparou para o minist\u00e9rio, aprendendo sobre teologia e lideran\u00e7a em uma institui\u00e7\u00e3o crist\u00e3 na Turquia.<\/span><\/p>\n<p><span style=\"font-weight: 400;\">Depois disso, ela e sua amiga Marziyeh Amirizadeh se tornaram evangelistas no Ir\u00e3 e lideraram duas igrejas dom\u00e9sticas.\u00a0<\/span><\/p>\n<p><span style=\"font-weight: 400;\">Em 2009, Rostampour e Marziyeh foram presas por agentes do regime isl\u00e2mico, acusadas de apostasia, blasf\u00eamia, promo\u00e7\u00e3o do cristianismo e evangeliza\u00e7\u00e3o. As duas foram condenadas \u00e0 morte.<\/span><\/p>\n<p><span style=\"font-weight: 400;\">Mas, as evangelistas conseguiram escapar e receberam asilo nos Estados Unidos.\u00a0<\/span><\/p>\n<p><strong>Despertar<\/strong><\/p>\n<p><span style=\"font-weight: 400;\">Hoje, ap\u00f3s Israel e os EUA atacarem o regime isl\u00e2mico, Rostampour Keller cr\u00ea que seu pa\u00eds ser\u00e1 libertado do extremismo e que haver\u00e1 um despertar espiritual entre os iranianos, que se espalhar\u00e1 por todo o Oriente M\u00e9dio.<\/span><\/p>\n<p><span style=\"font-weight: 400;\">&#8220;Depois que o regime cair, precisamos de muitos crist\u00e3os prontos e preparados para ir ao Ir\u00e3 e compartilhar Jesus com as pessoas&#8221;, ressaltou ela.<\/span><\/p>\n<p><span style=\"font-weight: 400;\">&#8220;Por isso acho que nossa responsabilidade, como Corpo de Cristo, de estar com eles em <\/span><span style=\"color: #800000;\"><strong>ora\u00e7\u00e3o<\/strong><\/span><span style=\"font-weight: 400;\"> \u00e9 fundamental atualmente&#8221;, acrescentou.<\/span><\/p>\n<p><strong>Batalha espiritual<\/strong><\/p>\n<p><span style=\"font-weight: 400;\">Para Rostampour, al\u00e9m da guerra em curso, h\u00e1 uma batalha espiritual pelo futuro do Ir\u00e3.\u00a0<\/span><\/p>\n<p><span style=\"font-weight: 400;\">&#8220;Tenho contato com alguns crist\u00e3os no Ir\u00e3 que sabem que os crentes est\u00e3o frustrados, deprimidos, isolados e abandonados pela Igreja Global \u2013 ou pelo menos \u00e9 o que eles sentem&#8221;, comentou.<\/span><\/p>\n<p><span style=\"font-weight: 400;\">Ela destacou a import\u00e2ncia dos crist\u00e3os se unirem em ora\u00e7\u00e3o pelo pa\u00eds nesse momento.<\/span><\/p>\n<p><span style=\"font-weight: 400;\">&#8220;Sinto um peso no meu cora\u00e7\u00e3o ao incentivar as pessoas a se unirem ao Ir\u00e3, n\u00e3o apenas aos crist\u00e3os, mas a todas as pessoas que est\u00e3o lutando essa batalha espiritual. Os crist\u00e3os precisam elevar esta na\u00e7\u00e3o a Deus para a interven\u00e7\u00e3o&#8221;, afirmou Keller.<\/span><\/p>\n<\/div>\n<p><br \/>\n<br \/>Fonte: Guiame <\/p>\n","protected":false},"excerpt":{"rendered":"<p>Como uma ex-l\u00edder de igrejas dom\u00e9sticas no Ir\u00e3, Rostampour Keller sabe bem como o regime isl\u00e2mico tem reprimido a f\u00e9 crist\u00e3 no pa\u00eds. A iraniana conheceu o Evangelho aos 17 anos, atrav\u00e9s de um livro evangel\u00edstico entregue por uma igreja pentecostal pr\u00f3ximo a sua casa. A jovem foi poderosamente tocada por Deus. &#8220;Foi a primeira [&hellip;]<\/p>\n","protected":false},"author":1,"featured_media":5435,"comment_status":"","ping_status":"open","sticky":false,"template":"","format":"standard","meta":{"footnotes":""},"categories":[43],"tags":[],"class_list":["post-5434","post","type-post","status-publish","format-standard","has-post-thumbnail","hentry","category-destaques"],"yoast_head":"<!-- This site is optimized with the Yoast SEO plugin v26.8 - https:\/\/yoast.com\/product\/yoast-seo-wordpress\/ -->\n<title>\u201cQuando o regime cair, precisamos de crist\u00e3os prontos para ir pregar no Ir\u00e3&quot;, diz iraniana - R\u00e1dio Porto Seguro<\/title>\n<meta name=\"robots\" content=\"index, follow, max-snippet:-1, max-image-preview:large, max-video-preview:-1\" \/>\n<link rel=\"canonical\" href=\"https:\/\/radioportoseguro.com.br\/site\/2026\/03\/27\/quando-o-regime-cair-precisamos-de-cristaos-prontos-para-ir-pregar-no-ira-diz-iraniana\/\" \/>\n<meta property=\"og:locale\" content=\"pt_BR\" \/>\n<meta property=\"og:type\" content=\"article\" \/>\n<meta property=\"og:title\" content=\"\u201cQuando o regime cair, precisamos de crist\u00e3os prontos para ir pregar no Ir\u00e3&quot;, diz iraniana - R\u00e1dio Porto Seguro\" \/>\n<meta property=\"og:description\" content=\"Como uma ex-l\u00edder de igrejas dom\u00e9sticas no Ir\u00e3, Rostampour Keller sabe bem como o regime isl\u00e2mico tem reprimido a f\u00e9 crist\u00e3 no pa\u00eds. A iraniana conheceu o Evangelho aos 17 anos, atrav\u00e9s de um livro evangel\u00edstico entregue por uma igreja pentecostal pr\u00f3ximo a sua casa. A jovem foi poderosamente tocada por Deus. &#8220;Foi a primeira [&hellip;]\" \/>\n<meta property=\"og:url\" content=\"https:\/\/radioportoseguro.com.br\/site\/2026\/03\/27\/quando-o-regime-cair-precisamos-de-cristaos-prontos-para-ir-pregar-no-ira-diz-iraniana\/\" \/>\n<meta property=\"og:site_name\" content=\"R\u00e1dio Porto Seguro\" \/>\n<meta property=\"article:published_time\" content=\"2026-03-27T14:21:00+00:00\" \/>\n<meta property=\"og:image\" content=\"https:\/\/media.guiame.com.br\/archives\/2026\/03\/25\/72749857-rostampour-keller.jpeg\" \/>\n<meta name=\"author\" content=\"admin\" \/>\n<meta name=\"twitter:card\" content=\"summary_large_image\" \/>\n<meta name=\"twitter:label1\" content=\"Escrito por\" \/>\n\t<meta name=\"twitter:data1\" content=\"admin\" \/>\n\t<meta name=\"twitter:label2\" content=\"Est. tempo de leitura\" \/>\n\t<meta name=\"twitter:data2\" content=\"2 minutos\" \/>\n<script type=\"application\/ld+json\" class=\"yoast-schema-graph\">{\"@context\":\"https:\/\/schema.org\",\"@graph\":[{\"@type\":\"Article\",\"@id\":\"https:\/\/radioportoseguro.com.br\/site\/2026\/03\/27\/quando-o-regime-cair-precisamos-de-cristaos-prontos-para-ir-pregar-no-ira-diz-iraniana\/#article\",\"isPartOf\":{\"@id\":\"https:\/\/radioportoseguro.com.br\/site\/2026\/03\/27\/quando-o-regime-cair-precisamos-de-cristaos-prontos-para-ir-pregar-no-ira-diz-iraniana\/\"},\"author\":{\"name\":\"admin\",\"@id\":\"https:\/\/radioportoseguro.com.br\/site\/#\/schema\/person\/7630acdc320186f13639d3c067ec089b\"},\"headline\":\"\u201cQuando o regime cair, precisamos de crist\u00e3os prontos para ir pregar no Ir\u00e3&#8221;, diz iraniana\",\"datePublished\":\"2026-03-27T14:21:00+00:00\",\"mainEntityOfPage\":{\"@id\":\"https:\/\/radioportoseguro.com.br\/site\/2026\/03\/27\/quando-o-regime-cair-precisamos-de-cristaos-prontos-para-ir-pregar-no-ira-diz-iraniana\/\"},\"wordCount\":440,\"image\":{\"@id\":\"https:\/\/radioportoseguro.com.br\/site\/2026\/03\/27\/quando-o-regime-cair-precisamos-de-cristaos-prontos-para-ir-pregar-no-ira-diz-iraniana\/#primaryimage\"},\"thumbnailUrl\":\"https:\/\/radioportoseguro.com.br\/site\/wp-content\/uploads\/2026\/03\/72749857-rostampour-keller.jpeg\",\"articleSection\":[\"Destaques\"],\"inLanguage\":\"pt-BR\"},{\"@type\":\"WebPage\",\"@id\":\"https:\/\/radioportoseguro.com.br\/site\/2026\/03\/27\/quando-o-regime-cair-precisamos-de-cristaos-prontos-para-ir-pregar-no-ira-diz-iraniana\/\",\"url\":\"https:\/\/radioportoseguro.com.br\/site\/2026\/03\/27\/quando-o-regime-cair-precisamos-de-cristaos-prontos-para-ir-pregar-no-ira-diz-iraniana\/\",\"name\":\"\u201cQuando o regime cair, precisamos de crist\u00e3os prontos para ir pregar no Ir\u00e3\\\", diz iraniana - R\u00e1dio Porto Seguro\",\"isPartOf\":{\"@id\":\"https:\/\/radioportoseguro.com.br\/site\/#website\"},\"primaryImageOfPage\":{\"@id\":\"https:\/\/radioportoseguro.com.br\/site\/2026\/03\/27\/quando-o-regime-cair-precisamos-de-cristaos-prontos-para-ir-pregar-no-ira-diz-iraniana\/#primaryimage\"},\"image\":{\"@id\":\"https:\/\/radioportoseguro.com.br\/site\/2026\/03\/27\/quando-o-regime-cair-precisamos-de-cristaos-prontos-para-ir-pregar-no-ira-diz-iraniana\/#primaryimage\"},\"thumbnailUrl\":\"https:\/\/radioportoseguro.com.br\/site\/wp-content\/uploads\/2026\/03\/72749857-rostampour-keller.jpeg\",\"datePublished\":\"2026-03-27T14:21:00+00:00\",\"author\":{\"@id\":\"https:\/\/radioportoseguro.com.br\/site\/#\/schema\/person\/7630acdc320186f13639d3c067ec089b\"},\"breadcrumb\":{\"@id\":\"https:\/\/radioportoseguro.com.br\/site\/2026\/03\/27\/quando-o-regime-cair-precisamos-de-cristaos-prontos-para-ir-pregar-no-ira-diz-iraniana\/#breadcrumb\"},\"inLanguage\":\"pt-BR\",\"potentialAction\":[{\"@type\":\"ReadAction\",\"target\":[\"https:\/\/radioportoseguro.com.br\/site\/2026\/03\/27\/quando-o-regime-cair-precisamos-de-cristaos-prontos-para-ir-pregar-no-ira-diz-iraniana\/\"]}]},{\"@type\":\"ImageObject\",\"inLanguage\":\"pt-BR\",\"@id\":\"https:\/\/radioportoseguro.com.br\/site\/2026\/03\/27\/quando-o-regime-cair-precisamos-de-cristaos-prontos-para-ir-pregar-no-ira-diz-iraniana\/#primaryimage\",\"url\":\"https:\/\/radioportoseguro.com.br\/site\/wp-content\/uploads\/2026\/03\/72749857-rostampour-keller.jpeg\",\"contentUrl\":\"https:\/\/radioportoseguro.com.br\/site\/wp-content\/uploads\/2026\/03\/72749857-rostampour-keller.jpeg\",\"width\":1200,\"height\":600},{\"@type\":\"BreadcrumbList\",\"@id\":\"https:\/\/radioportoseguro.com.br\/site\/2026\/03\/27\/quando-o-regime-cair-precisamos-de-cristaos-prontos-para-ir-pregar-no-ira-diz-iraniana\/#breadcrumb\",\"itemListElement\":[{\"@type\":\"ListItem\",\"position\":1,\"name\":\"In\u00edcio\",\"item\":\"https:\/\/radioportoseguro.com.br\/site\/\"},{\"@type\":\"ListItem\",\"position\":2,\"name\":\"\u201cQuando o regime cair, precisamos de crist\u00e3os prontos para ir pregar no Ir\u00e3&#8221;, diz iraniana\"}]},{\"@type\":\"WebSite\",\"@id\":\"https:\/\/radioportoseguro.com.br\/site\/#website\",\"url\":\"https:\/\/radioportoseguro.com.br\/site\/\",\"name\":\"R\u00e1dio Porto Seguro\",\"description\":\"\",\"potentialAction\":[{\"@type\":\"SearchAction\",\"target\":{\"@type\":\"EntryPoint\",\"urlTemplate\":\"https:\/\/radioportoseguro.com.br\/site\/?s={search_term_string}\"},\"query-input\":{\"@type\":\"PropertyValueSpecification\",\"valueRequired\":true,\"valueName\":\"search_term_string\"}}],\"inLanguage\":\"pt-BR\"},{\"@type\":\"Person\",\"@id\":\"https:\/\/radioportoseguro.com.br\/site\/#\/schema\/person\/7630acdc320186f13639d3c067ec089b\",\"name\":\"admin\",\"image\":{\"@type\":\"ImageObject\",\"inLanguage\":\"pt-BR\",\"@id\":\"https:\/\/radioportoseguro.com.br\/site\/#\/schema\/person\/image\/\",\"url\":\"https:\/\/secure.gravatar.com\/avatar\/caacf4dc1eedb68fab0df8e1ed46c448e578b2466351bbcb61e47d2ac0caaef0?s=96&d=mm&r=g\",\"contentUrl\":\"https:\/\/secure.gravatar.com\/avatar\/caacf4dc1eedb68fab0df8e1ed46c448e578b2466351bbcb61e47d2ac0caaef0?s=96&d=mm&r=g\",\"caption\":\"admin\"},\"sameAs\":[\"https:\/\/radioportoseguro.com.br\/site\"],\"url\":\"https:\/\/radioportoseguro.com.br\/site\/author\/hezio\/\"}]}<\/script>\n<!-- \/ Yoast SEO plugin. -->","yoast_head_json":{"title":"\u201cQuando o regime cair, precisamos de crist\u00e3os prontos para ir pregar no Ir\u00e3\", diz iraniana - R\u00e1dio Porto Seguro","robots":{"index":"index","follow":"follow","max-snippet":"max-snippet:-1","max-image-preview":"max-image-preview:large","max-video-preview":"max-video-preview:-1"},"canonical":"https:\/\/radioportoseguro.com.br\/site\/2026\/03\/27\/quando-o-regime-cair-precisamos-de-cristaos-prontos-para-ir-pregar-no-ira-diz-iraniana\/","og_locale":"pt_BR","og_type":"article","og_title":"\u201cQuando o regime cair, precisamos de crist\u00e3os prontos para ir pregar no Ir\u00e3\", diz iraniana - R\u00e1dio Porto Seguro","og_description":"Como uma ex-l\u00edder de igrejas dom\u00e9sticas no Ir\u00e3, Rostampour Keller sabe bem como o regime isl\u00e2mico tem reprimido a f\u00e9 crist\u00e3 no pa\u00eds. A iraniana conheceu o Evangelho aos 17 anos, atrav\u00e9s de um livro evangel\u00edstico entregue por uma igreja pentecostal pr\u00f3ximo a sua casa. A jovem foi poderosamente tocada por Deus. &#8220;Foi a primeira [&hellip;]","og_url":"https:\/\/radioportoseguro.com.br\/site\/2026\/03\/27\/quando-o-regime-cair-precisamos-de-cristaos-prontos-para-ir-pregar-no-ira-diz-iraniana\/","og_site_name":"R\u00e1dio Porto Seguro","article_published_time":"2026-03-27T14:21:00+00:00","og_image":[{"url":"https:\/\/media.guiame.com.br\/archives\/2026\/03\/25\/72749857-rostampour-keller.jpeg","type":"","width":"","height":""}],"author":"admin","twitter_card":"summary_large_image","twitter_misc":{"Escrito por":"admin","Est. tempo de leitura":"2 minutos"},"schema":{"@context":"https:\/\/schema.org","@graph":[{"@type":"Article","@id":"https:\/\/radioportoseguro.com.br\/site\/2026\/03\/27\/quando-o-regime-cair-precisamos-de-cristaos-prontos-para-ir-pregar-no-ira-diz-iraniana\/#article","isPartOf":{"@id":"https:\/\/radioportoseguro.com.br\/site\/2026\/03\/27\/quando-o-regime-cair-precisamos-de-cristaos-prontos-para-ir-pregar-no-ira-diz-iraniana\/"},"author":{"name":"admin","@id":"https:\/\/radioportoseguro.com.br\/site\/#\/schema\/person\/7630acdc320186f13639d3c067ec089b"},"headline":"\u201cQuando o regime cair, precisamos de crist\u00e3os prontos para ir pregar no Ir\u00e3&#8221;, diz iraniana","datePublished":"2026-03-27T14:21:00+00:00","mainEntityOfPage":{"@id":"https:\/\/radioportoseguro.com.br\/site\/2026\/03\/27\/quando-o-regime-cair-precisamos-de-cristaos-prontos-para-ir-pregar-no-ira-diz-iraniana\/"},"wordCount":440,"image":{"@id":"https:\/\/radioportoseguro.com.br\/site\/2026\/03\/27\/quando-o-regime-cair-precisamos-de-cristaos-prontos-para-ir-pregar-no-ira-diz-iraniana\/#primaryimage"},"thumbnailUrl":"https:\/\/radioportoseguro.com.br\/site\/wp-content\/uploads\/2026\/03\/72749857-rostampour-keller.jpeg","articleSection":["Destaques"],"inLanguage":"pt-BR"},{"@type":"WebPage","@id":"https:\/\/radioportoseguro.com.br\/site\/2026\/03\/27\/quando-o-regime-cair-precisamos-de-cristaos-prontos-para-ir-pregar-no-ira-diz-iraniana\/","url":"https:\/\/radioportoseguro.com.br\/site\/2026\/03\/27\/quando-o-regime-cair-precisamos-de-cristaos-prontos-para-ir-pregar-no-ira-diz-iraniana\/","name":"\u201cQuando o regime cair, precisamos de crist\u00e3os prontos para ir pregar no Ir\u00e3\", diz iraniana - R\u00e1dio Porto Seguro","isPartOf":{"@id":"https:\/\/radioportoseguro.com.br\/site\/#website"},"primaryImageOfPage":{"@id":"https:\/\/radioportoseguro.com.br\/site\/2026\/03\/27\/quando-o-regime-cair-precisamos-de-cristaos-prontos-para-ir-pregar-no-ira-diz-iraniana\/#primaryimage"},"image":{"@id":"https:\/\/radioportoseguro.com.br\/site\/2026\/03\/27\/quando-o-regime-cair-precisamos-de-cristaos-prontos-para-ir-pregar-no-ira-diz-iraniana\/#primaryimage"},"thumbnailUrl":"https:\/\/radioportoseguro.com.br\/site\/wp-content\/uploads\/2026\/03\/72749857-rostampour-keller.jpeg","datePublished":"2026-03-27T14:21:00+00:00","author":{"@id":"https:\/\/radioportoseguro.com.br\/site\/#\/schema\/person\/7630acdc320186f13639d3c067ec089b"},"breadcrumb":{"@id":"https:\/\/radioportoseguro.com.br\/site\/2026\/03\/27\/quando-o-regime-cair-precisamos-de-cristaos-prontos-para-ir-pregar-no-ira-diz-iraniana\/#breadcrumb"},"inLanguage":"pt-BR","potentialAction":[{"@type":"ReadAction","target":["https:\/\/radioportoseguro.com.br\/site\/2026\/03\/27\/quando-o-regime-cair-precisamos-de-cristaos-prontos-para-ir-pregar-no-ira-diz-iraniana\/"]}]},{"@type":"ImageObject","inLanguage":"pt-BR","@id":"https:\/\/radioportoseguro.com.br\/site\/2026\/03\/27\/quando-o-regime-cair-precisamos-de-cristaos-prontos-para-ir-pregar-no-ira-diz-iraniana\/#primaryimage","url":"https:\/\/radioportoseguro.com.br\/site\/wp-content\/uploads\/2026\/03\/72749857-rostampour-keller.jpeg","contentUrl":"https:\/\/radioportoseguro.com.br\/site\/wp-content\/uploads\/2026\/03\/72749857-rostampour-keller.jpeg","width":1200,"height":600},{"@type":"BreadcrumbList","@id":"https:\/\/radioportoseguro.com.br\/site\/2026\/03\/27\/quando-o-regime-cair-precisamos-de-cristaos-prontos-para-ir-pregar-no-ira-diz-iraniana\/#breadcrumb","itemListElement":[{"@type":"ListItem","position":1,"name":"In\u00edcio","item":"https:\/\/radioportoseguro.com.br\/site\/"},{"@type":"ListItem","position":2,"name":"\u201cQuando o regime cair, precisamos de crist\u00e3os prontos para ir pregar no Ir\u00e3&#8221;, diz iraniana"}]},{"@type":"WebSite","@id":"https:\/\/radioportoseguro.com.br\/site\/#website","url":"https:\/\/radioportoseguro.com.br\/site\/","name":"R\u00e1dio Porto Seguro","description":"","potentialAction":[{"@type":"SearchAction","target":{"@type":"EntryPoint","urlTemplate":"https:\/\/radioportoseguro.com.br\/site\/?s={search_term_string}"},"query-input":{"@type":"PropertyValueSpecification","valueRequired":true,"valueName":"search_term_string"}}],"inLanguage":"pt-BR"},{"@type":"Person","@id":"https:\/\/radioportoseguro.com.br\/site\/#\/schema\/person\/7630acdc320186f13639d3c067ec089b","name":"admin","image":{"@type":"ImageObject","inLanguage":"pt-BR","@id":"https:\/\/radioportoseguro.com.br\/site\/#\/schema\/person\/image\/","url":"https:\/\/secure.gravatar.com\/avatar\/caacf4dc1eedb68fab0df8e1ed46c448e578b2466351bbcb61e47d2ac0caaef0?s=96&d=mm&r=g","contentUrl":"https:\/\/secure.gravatar.com\/avatar\/caacf4dc1eedb68fab0df8e1ed46c448e578b2466351bbcb61e47d2ac0caaef0?s=96&d=mm&r=g","caption":"admin"},"sameAs":["https:\/\/radioportoseguro.com.br\/site"],"url":"https:\/\/radioportoseguro.com.br\/site\/author\/hezio\/"}]}},"_links":{"self":[{"href":"https:\/\/radioportoseguro.com.br\/site\/wp-json\/wp\/v2\/posts\/5434","targetHints":{"allow":["GET"]}}],"collection":[{"href":"https:\/\/radioportoseguro.com.br\/site\/wp-json\/wp\/v2\/posts"}],"about":[{"href":"https:\/\/radioportoseguro.com.br\/site\/wp-json\/wp\/v2\/types\/post"}],"author":[{"embeddable":true,"href":"https:\/\/radioportoseguro.com.br\/site\/wp-json\/wp\/v2\/users\/1"}],"replies":[{"embeddable":true,"href":"https:\/\/radioportoseguro.com.br\/site\/wp-json\/wp\/v2\/comments?post=5434"}],"version-history":[{"count":0,"href":"https:\/\/radioportoseguro.com.br\/site\/wp-json\/wp\/v2\/posts\/5434\/revisions"}],"wp:featuredmedia":[{"embeddable":true,"href":"https:\/\/radioportoseguro.com.br\/site\/wp-json\/wp\/v2\/media\/5435"}],"wp:attachment":[{"href":"https:\/\/radioportoseguro.com.br\/site\/wp-json\/wp\/v2\/media?parent=5434"}],"wp:term":[{"taxonomy":"category","embeddable":true,"href":"https:\/\/radioportoseguro.com.br\/site\/wp-json\/wp\/v2\/categories?post=5434"},{"taxonomy":"post_tag","embeddable":true,"href":"https:\/\/radioportoseguro.com.br\/site\/wp-json\/wp\/v2\/tags?post=5434"}],"curies":[{"name":"wp","href":"https:\/\/api.w.org\/{rel}","templated":true}]}}